{"id":22775,"date":"2024-08-21T11:35:12","date_gmt":"2024-08-21T14:35:12","guid":{"rendered":"http:\/\/diarioprincipios.com\/?p=22775"},"modified":"2024-08-21T11:35:14","modified_gmt":"2024-08-21T14:35:14","slug":"la-union-industrial-felicito-a-nurko-el-flamante-mejor-alfajor-glaseado-del-mundo","status":"publish","type":"post","link":"https:\/\/diarioprincipios.com\/index.php\/2024\/08\/21\/la-union-industrial-felicito-a-nurko-el-flamante-mejor-alfajor-glaseado-del-mundo\/","title":{"rendered":"La Uni\u00f3n Industrial felicit\u00f3 a Nurko, el flamante \u00abMejor Alfajor Glaseado del Mundo\u00bb"},"content":{"rendered":"\n<p>El presidente de la Uni\u00f3n Industrial de Berazategui (UIB), Daniel Rosato, se reuni\u00f3 con Eleazar Rizzo, representante de NURKO, para reconocer el enorme logro de la firma, que se llev\u00f3 el Oro al Mejor Alfajor Glaseado del Mundo y el Bronce al Mejor Alfajor de Maicena del Mundo.<\/p>\n\n\n\n<p>\u00abEste reconocimiento no solo enaltece el esfuerzo y la calidad de NURKO, sino que tambi\u00e9n reafirma el compromiso de nuestra industria en la producci\u00f3n de los mejores alfajores del mundo. \u00a1Un aplauso para todo el equipo de NURKO por este merecido reconocimiento!\u00bb, destac\u00f3 Daniel Rosato.<\/p>\n\n\n\n<p><\/p>\n","protected":false},"excerpt":{"rendered":"<p>El presidente de la Uni\u00f3n Industrial de Berazategui (UIB), Daniel Rosato, se reuni\u00f3 con Eleazar Rizzo, representante de NURKO, para reconocer el enorme logro de la firma, que se llev\u00f3 el Oro al Mejor Alfajor Glaseado del Mundo y el Bronce al Mejor Alfajor de Maicena del Mundo. \u00abEste reconocimiento no solo enaltece el esfuerzo&#8230;<\/p>\n","protected":false},"author":2,"featured_media":22776,"comment_status":"open","ping_status":"open","sticky":false,"template":"","format":"standard","meta":{"footnotes":""},"categories":[3,18],"tags":[],"class_list":["post-22775","post","type-post","status-publish","format-standard","has-post-thumbnail","hentry","category-berazategui","category-comercio-industria"],"featured_image_src":"https:\/\/diarioprincipios.com\/wp-content\/uploads\/2024\/08\/Screenshot_20240821_112836_WhatsApp-1024x858.jpg","blog_images":{"medium":"https:\/\/diarioprincipios.com\/wp-content\/uploads\/2024\/08\/Screenshot_20240821_112836_WhatsApp-300x251.jpg","large":"https:\/\/diarioprincipios.com\/wp-content\/uploads\/2024\/08\/Screenshot_20240821_112836_WhatsApp-1024x858.jpg"},"ams_acf":[],"yoast_head":"<!-- This site is optimized with the Yoast SEO plugin v27.3 - https:\/\/yoast.com\/product\/yoast-seo-wordpress\/ -->\n<title>La Uni\u00f3n Industrial felicit\u00f3 a Nurko, el flamante &quot;Mejor Alfajor Glaseado del Mundo&quot; - Principios<\/title>\n<meta name=\"robots\" content=\"index, follow, max-snippet:-1, max-image-preview:large, max-video-preview:-1\" \/>\n<link rel=\"canonical\" href=\"https:\/\/diarioprincipios.com\/index.php\/2024\/08\/21\/la-union-industrial-felicito-a-nurko-el-flamante-mejor-alfajor-glaseado-del-mundo\/\" \/>\n<meta property=\"og:locale\" content=\"es_ES\" \/>\n<meta property=\"og:type\" content=\"article\" \/>\n<meta property=\"og:title\" content=\"La Uni\u00f3n Industrial felicit\u00f3 a Nurko, el flamante &quot;Mejor Alfajor Glaseado del Mundo&quot; - Principios\" \/>\n<meta property=\"og:description\" content=\"El presidente de la Uni\u00f3n Industrial de Berazategui (UIB), Daniel Rosato, se reuni\u00f3 con Eleazar Rizzo, representante de NURKO, para reconocer el enorme logro de la firma, que se llev\u00f3 el Oro al Mejor Alfajor Glaseado del Mundo y el Bronce al Mejor Alfajor de Maicena del Mundo. \u00abEste reconocimiento no solo enaltece el esfuerzo...\" \/>\n<meta property=\"og:url\" content=\"https:\/\/diarioprincipios.com\/index.php\/2024\/08\/21\/la-union-industrial-felicito-a-nurko-el-flamante-mejor-alfajor-glaseado-del-mundo\/\" \/>\n<meta property=\"og:site_name\" content=\"Principios\" \/>\n<meta property=\"article:published_time\" content=\"2024-08-21T14:35:12+00:00\" \/>\n<meta property=\"article:modified_time\" content=\"2024-08-21T14:35:14+00:00\" \/>\n<meta property=\"og:image\" content=\"https:\/\/diarioprincipios.com\/wp-content\/uploads\/2024\/08\/Screenshot_20240821_112836_WhatsApp.jpg\" \/>\n\t<meta property=\"og:image:width\" content=\"1079\" \/>\n\t<meta property=\"og:image:height\" content=\"904\" \/>\n\t<meta property=\"og:image:type\" content=\"image\/jpeg\" \/>\n<meta name=\"author\" content=\"Hern\u00e1n L\u00f3pez\" \/>\n<meta name=\"twitter:card\" content=\"summary_large_image\" \/>\n<meta name=\"twitter:label1\" content=\"Escrito por\" \/>\n\t<meta name=\"twitter:data1\" content=\"Hern\u00e1n L\u00f3pez\" \/>\n\t<meta name=\"twitter:label2\" content=\"Tiempo de lectura\" \/>\n\t<meta name=\"twitter:data2\" content=\"1 minuto\" \/>\n<script type=\"application\/ld+json\" class=\"yoast-schema-graph\">{\"@context\":\"https:\\\/\\\/schema.org\",\"@graph\":[{\"@type\":\"Article\",\"@id\":\"https:\\\/\\\/diarioprincipios.com\\\/index.php\\\/2024\\\/08\\\/21\\\/la-union-industrial-felicito-a-nurko-el-flamante-mejor-alfajor-glaseado-del-mundo\\\/#article\",\"isPartOf\":{\"@id\":\"https:\\\/\\\/diarioprincipios.com\\\/index.php\\\/2024\\\/08\\\/21\\\/la-union-industrial-felicito-a-nurko-el-flamante-mejor-alfajor-glaseado-del-mundo\\\/\"},\"author\":{\"name\":\"Hern\u00e1n L\u00f3pez\",\"@id\":\"https:\\\/\\\/diarioprincipios.com\\\/#\\\/schema\\\/person\\\/436d5a1fd41a5e250e23ff5a6a7cb080\"},\"headline\":\"La Uni\u00f3n Industrial felicit\u00f3 a Nurko, el flamante \u00abMejor Alfajor Glaseado del Mundo\u00bb\",\"datePublished\":\"2024-08-21T14:35:12+00:00\",\"dateModified\":\"2024-08-21T14:35:14+00:00\",\"mainEntityOfPage\":{\"@id\":\"https:\\\/\\\/diarioprincipios.com\\\/index.php\\\/2024\\\/08\\\/21\\\/la-union-industrial-felicito-a-nurko-el-flamante-mejor-alfajor-glaseado-del-mundo\\\/\"},\"wordCount\":110,\"commentCount\":0,\"publisher\":{\"@id\":\"https:\\\/\\\/diarioprincipios.com\\\/#organization\"},\"image\":{\"@id\":\"https:\\\/\\\/diarioprincipios.com\\\/index.php\\\/2024\\\/08\\\/21\\\/la-union-industrial-felicito-a-nurko-el-flamante-mejor-alfajor-glaseado-del-mundo\\\/#primaryimage\"},\"thumbnailUrl\":\"https:\\\/\\\/diarioprincipios.com\\\/wp-content\\\/uploads\\\/2024\\\/08\\\/Screenshot_20240821_112836_WhatsApp.jpg\",\"articleSection\":[\"Berazategui\",\"Comercio e Industria\"],\"inLanguage\":\"es\",\"potentialAction\":[{\"@type\":\"CommentAction\",\"name\":\"Comment\",\"target\":[\"https:\\\/\\\/diarioprincipios.com\\\/index.php\\\/2024\\\/08\\\/21\\\/la-union-industrial-felicito-a-nurko-el-flamante-mejor-alfajor-glaseado-del-mundo\\\/#respond\"]}]},{\"@type\":\"WebPage\",\"@id\":\"https:\\\/\\\/diarioprincipios.com\\\/index.php\\\/2024\\\/08\\\/21\\\/la-union-industrial-felicito-a-nurko-el-flamante-mejor-alfajor-glaseado-del-mundo\\\/\",\"url\":\"https:\\\/\\\/diarioprincipios.com\\\/index.php\\\/2024\\\/08\\\/21\\\/la-union-industrial-felicito-a-nurko-el-flamante-mejor-alfajor-glaseado-del-mundo\\\/\",\"name\":\"La Uni\u00f3n Industrial felicit\u00f3 a Nurko, el flamante \\\"Mejor Alfajor Glaseado del Mundo\\\" - Principios\",\"isPartOf\":{\"@id\":\"https:\\\/\\\/diarioprincipios.com\\\/#website\"},\"primaryImageOfPage\":{\"@id\":\"https:\\\/\\\/diarioprincipios.com\\\/index.php\\\/2024\\\/08\\\/21\\\/la-union-industrial-felicito-a-nurko-el-flamante-mejor-alfajor-glaseado-del-mundo\\\/#primaryimage\"},\"image\":{\"@id\":\"https:\\\/\\\/diarioprincipios.com\\\/index.php\\\/2024\\\/08\\\/21\\\/la-union-industrial-felicito-a-nurko-el-flamante-mejor-alfajor-glaseado-del-mundo\\\/#primaryimage\"},\"thumbnailUrl\":\"https:\\\/\\\/diarioprincipios.com\\\/wp-content\\\/uploads\\\/2024\\\/08\\\/Screenshot_20240821_112836_WhatsApp.jpg\",\"datePublished\":\"2024-08-21T14:35:12+00:00\",\"dateModified\":\"2024-08-21T14:35:14+00:00\",\"breadcrumb\":{\"@id\":\"https:\\\/\\\/diarioprincipios.com\\\/index.php\\\/2024\\\/08\\\/21\\\/la-union-industrial-felicito-a-nurko-el-flamante-mejor-alfajor-glaseado-del-mundo\\\/#breadcrumb\"},\"inLanguage\":\"es\",\"potentialAction\":[{\"@type\":\"ReadAction\",\"target\":[\"https:\\\/\\\/diarioprincipios.com\\\/index.php\\\/2024\\\/08\\\/21\\\/la-union-industrial-felicito-a-nurko-el-flamante-mejor-alfajor-glaseado-del-mundo\\\/\"]}]},{\"@type\":\"ImageObject\",\"inLanguage\":\"es\",\"@id\":\"https:\\\/\\\/diarioprincipios.com\\\/index.php\\\/2024\\\/08\\\/21\\\/la-union-industrial-felicito-a-nurko-el-flamante-mejor-alfajor-glaseado-del-mundo\\\/#primaryimage\",\"url\":\"https:\\\/\\\/diarioprincipios.com\\\/wp-content\\\/uploads\\\/2024\\\/08\\\/Screenshot_20240821_112836_WhatsApp.jpg\",\"contentUrl\":\"https:\\\/\\\/diarioprincipios.com\\\/wp-content\\\/uploads\\\/2024\\\/08\\\/Screenshot_20240821_112836_WhatsApp.jpg\",\"width\":1079,\"height\":904},{\"@type\":\"BreadcrumbList\",\"@id\":\"https:\\\/\\\/diarioprincipios.com\\\/index.php\\\/2024\\\/08\\\/21\\\/la-union-industrial-felicito-a-nurko-el-flamante-mejor-alfajor-glaseado-del-mundo\\\/#breadcrumb\",\"itemListElement\":[{\"@type\":\"ListItem\",\"position\":1,\"name\":\"Portada\",\"item\":\"https:\\\/\\\/diarioprincipios.com\\\/\"},{\"@type\":\"ListItem\",\"position\":2,\"name\":\"La Uni\u00f3n Industrial felicit\u00f3 a Nurko, el flamante \u00abMejor Alfajor Glaseado del Mundo\u00bb\"}]},{\"@type\":\"WebSite\",\"@id\":\"https:\\\/\\\/diarioprincipios.com\\\/#website\",\"url\":\"https:\\\/\\\/diarioprincipios.com\\\/\",\"name\":\"Principios\",\"description\":\"Principios Diario\",\"publisher\":{\"@id\":\"https:\\\/\\\/diarioprincipios.com\\\/#organization\"},\"potentialAction\":[{\"@type\":\"SearchAction\",\"target\":{\"@type\":\"EntryPoint\",\"urlTemplate\":\"https:\\\/\\\/diarioprincipios.com\\\/?s={search_term_string}\"},\"query-input\":{\"@type\":\"PropertyValueSpecification\",\"valueRequired\":true,\"valueName\":\"search_term_string\"}}],\"inLanguage\":\"es\"},{\"@type\":\"Organization\",\"@id\":\"https:\\\/\\\/diarioprincipios.com\\\/#organization\",\"name\":\"Principios\",\"url\":\"https:\\\/\\\/diarioprincipios.com\\\/\",\"logo\":{\"@type\":\"ImageObject\",\"inLanguage\":\"es\",\"@id\":\"https:\\\/\\\/diarioprincipios.com\\\/#\\\/schema\\\/logo\\\/image\\\/\",\"url\":\"https:\\\/\\\/diarioprincipios.com\\\/wp-content\\\/uploads\\\/2024\\\/04\\\/cropped-www.diarioprincipios.com_-1.png\",\"contentUrl\":\"https:\\\/\\\/diarioprincipios.com\\\/wp-content\\\/uploads\\\/2024\\\/04\\\/cropped-www.diarioprincipios.com_-1.png\",\"width\":5325,\"height\":1454,\"caption\":\"Principios\"},\"image\":{\"@id\":\"https:\\\/\\\/diarioprincipios.com\\\/#\\\/schema\\\/logo\\\/image\\\/\"}},{\"@type\":\"Person\",\"@id\":\"https:\\\/\\\/diarioprincipios.com\\\/#\\\/schema\\\/person\\\/436d5a1fd41a5e250e23ff5a6a7cb080\",\"name\":\"Hern\u00e1n L\u00f3pez\",\"image\":{\"@type\":\"ImageObject\",\"inLanguage\":\"es\",\"@id\":\"https:\\\/\\\/diarioprincipios.com\\\/wp-content\\\/litespeed\\\/avatar\\\/11ddfe5610ff3bd100522525b2571f48.jpg?ver=1777048341\",\"url\":\"https:\\\/\\\/diarioprincipios.com\\\/wp-content\\\/litespeed\\\/avatar\\\/11ddfe5610ff3bd100522525b2571f48.jpg?ver=1777048341\",\"contentUrl\":\"https:\\\/\\\/diarioprincipios.com\\\/wp-content\\\/litespeed\\\/avatar\\\/11ddfe5610ff3bd100522525b2571f48.jpg?ver=1777048341\",\"caption\":\"Hern\u00e1n L\u00f3pez\"},\"url\":\"https:\\\/\\\/diarioprincipios.com\\\/index.php\\\/author\\\/hernan\\\/\"}]}<\/script>\n<!-- \/ Yoast SEO plugin. -->","yoast_head_json":{"title":"La Uni\u00f3n Industrial felicit\u00f3 a Nurko, el flamante \"Mejor Alfajor Glaseado del Mundo\" - Principios","robots":{"index":"index","follow":"follow","max-snippet":"max-snippet:-1","max-image-preview":"max-image-preview:large","max-video-preview":"max-video-preview:-1"},"canonical":"https:\/\/diarioprincipios.com\/index.php\/2024\/08\/21\/la-union-industrial-felicito-a-nurko-el-flamante-mejor-alfajor-glaseado-del-mundo\/","og_locale":"es_ES","og_type":"article","og_title":"La Uni\u00f3n Industrial felicit\u00f3 a Nurko, el flamante \"Mejor Alfajor Glaseado del Mundo\" - Principios","og_description":"El presidente de la Uni\u00f3n Industrial de Berazategui (UIB), Daniel Rosato, se reuni\u00f3 con Eleazar Rizzo, representante de NURKO, para reconocer el enorme logro de la firma, que se llev\u00f3 el Oro al Mejor Alfajor Glaseado del Mundo y el Bronce al Mejor Alfajor de Maicena del Mundo. \u00abEste reconocimiento no solo enaltece el esfuerzo...","og_url":"https:\/\/diarioprincipios.com\/index.php\/2024\/08\/21\/la-union-industrial-felicito-a-nurko-el-flamante-mejor-alfajor-glaseado-del-mundo\/","og_site_name":"Principios","article_published_time":"2024-08-21T14:35:12+00:00","article_modified_time":"2024-08-21T14:35:14+00:00","og_image":[{"width":1079,"height":904,"url":"https:\/\/diarioprincipios.com\/wp-content\/uploads\/2024\/08\/Screenshot_20240821_112836_WhatsApp.jpg","type":"image\/jpeg"}],"author":"Hern\u00e1n L\u00f3pez","twitter_card":"summary_large_image","twitter_misc":{"Escrito por":"Hern\u00e1n L\u00f3pez","Tiempo de lectura":"1 minuto"},"schema":{"@context":"https:\/\/schema.org","@graph":[{"@type":"Article","@id":"https:\/\/diarioprincipios.com\/index.php\/2024\/08\/21\/la-union-industrial-felicito-a-nurko-el-flamante-mejor-alfajor-glaseado-del-mundo\/#article","isPartOf":{"@id":"https:\/\/diarioprincipios.com\/index.php\/2024\/08\/21\/la-union-industrial-felicito-a-nurko-el-flamante-mejor-alfajor-glaseado-del-mundo\/"},"author":{"name":"Hern\u00e1n L\u00f3pez","@id":"https:\/\/diarioprincipios.com\/#\/schema\/person\/436d5a1fd41a5e250e23ff5a6a7cb080"},"headline":"La Uni\u00f3n Industrial felicit\u00f3 a Nurko, el flamante \u00abMejor Alfajor Glaseado del Mundo\u00bb","datePublished":"2024-08-21T14:35:12+00:00","dateModified":"2024-08-21T14:35:14+00:00","mainEntityOfPage":{"@id":"https:\/\/diarioprincipios.com\/index.php\/2024\/08\/21\/la-union-industrial-felicito-a-nurko-el-flamante-mejor-alfajor-glaseado-del-mundo\/"},"wordCount":110,"commentCount":0,"publisher":{"@id":"https:\/\/diarioprincipios.com\/#organization"},"image":{"@id":"https:\/\/diarioprincipios.com\/index.php\/2024\/08\/21\/la-union-industrial-felicito-a-nurko-el-flamante-mejor-alfajor-glaseado-del-mundo\/#primaryimage"},"thumbnailUrl":"https:\/\/diarioprincipios.com\/wp-content\/uploads\/2024\/08\/Screenshot_20240821_112836_WhatsApp.jpg","articleSection":["Berazategui","Comercio e Industria"],"inLanguage":"es","potentialAction":[{"@type":"CommentAction","name":"Comment","target":["https:\/\/diarioprincipios.com\/index.php\/2024\/08\/21\/la-union-industrial-felicito-a-nurko-el-flamante-mejor-alfajor-glaseado-del-mundo\/#respond"]}]},{"@type":"WebPage","@id":"https:\/\/diarioprincipios.com\/index.php\/2024\/08\/21\/la-union-industrial-felicito-a-nurko-el-flamante-mejor-alfajor-glaseado-del-mundo\/","url":"https:\/\/diarioprincipios.com\/index.php\/2024\/08\/21\/la-union-industrial-felicito-a-nurko-el-flamante-mejor-alfajor-glaseado-del-mundo\/","name":"La Uni\u00f3n Industrial felicit\u00f3 a Nurko, el flamante \"Mejor Alfajor Glaseado del Mundo\" - Principios","isPartOf":{"@id":"https:\/\/diarioprincipios.com\/#website"},"primaryImageOfPage":{"@id":"https:\/\/diarioprincipios.com\/index.php\/2024\/08\/21\/la-union-industrial-felicito-a-nurko-el-flamante-mejor-alfajor-glaseado-del-mundo\/#primaryimage"},"image":{"@id":"https:\/\/diarioprincipios.com\/index.php\/2024\/08\/21\/la-union-industrial-felicito-a-nurko-el-flamante-mejor-alfajor-glaseado-del-mundo\/#primaryimage"},"thumbnailUrl":"https:\/\/diarioprincipios.com\/wp-content\/uploads\/2024\/08\/Screenshot_20240821_112836_WhatsApp.jpg","datePublished":"2024-08-21T14:35:12+00:00","dateModified":"2024-08-21T14:35:14+00:00","breadcrumb":{"@id":"https:\/\/diarioprincipios.com\/index.php\/2024\/08\/21\/la-union-industrial-felicito-a-nurko-el-flamante-mejor-alfajor-glaseado-del-mundo\/#breadcrumb"},"inLanguage":"es","potentialAction":[{"@type":"ReadAction","target":["https:\/\/diarioprincipios.com\/index.php\/2024\/08\/21\/la-union-industrial-felicito-a-nurko-el-flamante-mejor-alfajor-glaseado-del-mundo\/"]}]},{"@type":"ImageObject","inLanguage":"es","@id":"https:\/\/diarioprincipios.com\/index.php\/2024\/08\/21\/la-union-industrial-felicito-a-nurko-el-flamante-mejor-alfajor-glaseado-del-mundo\/#primaryimage","url":"https:\/\/diarioprincipios.com\/wp-content\/uploads\/2024\/08\/Screenshot_20240821_112836_WhatsApp.jpg","contentUrl":"https:\/\/diarioprincipios.com\/wp-content\/uploads\/2024\/08\/Screenshot_20240821_112836_WhatsApp.jpg","width":1079,"height":904},{"@type":"BreadcrumbList","@id":"https:\/\/diarioprincipios.com\/index.php\/2024\/08\/21\/la-union-industrial-felicito-a-nurko-el-flamante-mejor-alfajor-glaseado-del-mundo\/#breadcrumb","itemListElement":[{"@type":"ListItem","position":1,"name":"Portada","item":"https:\/\/diarioprincipios.com\/"},{"@type":"ListItem","position":2,"name":"La Uni\u00f3n Industrial felicit\u00f3 a Nurko, el flamante \u00abMejor Alfajor Glaseado del Mundo\u00bb"}]},{"@type":"WebSite","@id":"https:\/\/diarioprincipios.com\/#website","url":"https:\/\/diarioprincipios.com\/","name":"Principios","description":"Principios Diario","publisher":{"@id":"https:\/\/diarioprincipios.com\/#organization"},"potentialAction":[{"@type":"SearchAction","target":{"@type":"EntryPoint","urlTemplate":"https:\/\/diarioprincipios.com\/?s={search_term_string}"},"query-input":{"@type":"PropertyValueSpecification","valueRequired":true,"valueName":"search_term_string"}}],"inLanguage":"es"},{"@type":"Organization","@id":"https:\/\/diarioprincipios.com\/#organization","name":"Principios","url":"https:\/\/diarioprincipios.com\/","logo":{"@type":"ImageObject","inLanguage":"es","@id":"https:\/\/diarioprincipios.com\/#\/schema\/logo\/image\/","url":"https:\/\/diarioprincipios.com\/wp-content\/uploads\/2024\/04\/cropped-www.diarioprincipios.com_-1.png","contentUrl":"https:\/\/diarioprincipios.com\/wp-content\/uploads\/2024\/04\/cropped-www.diarioprincipios.com_-1.png","width":5325,"height":1454,"caption":"Principios"},"image":{"@id":"https:\/\/diarioprincipios.com\/#\/schema\/logo\/image\/"}},{"@type":"Person","@id":"https:\/\/diarioprincipios.com\/#\/schema\/person\/436d5a1fd41a5e250e23ff5a6a7cb080","name":"Hern\u00e1n L\u00f3pez","image":{"@type":"ImageObject","inLanguage":"es","@id":"https:\/\/diarioprincipios.com\/wp-content\/litespeed\/avatar\/11ddfe5610ff3bd100522525b2571f48.jpg?ver=1777048341","url":"https:\/\/diarioprincipios.com\/wp-content\/litespeed\/avatar\/11ddfe5610ff3bd100522525b2571f48.jpg?ver=1777048341","contentUrl":"https:\/\/diarioprincipios.com\/wp-content\/litespeed\/avatar\/11ddfe5610ff3bd100522525b2571f48.jpg?ver=1777048341","caption":"Hern\u00e1n L\u00f3pez"},"url":"https:\/\/diarioprincipios.com\/index.php\/author\/hernan\/"}]}},"jetpack_featured_media_url":"https:\/\/diarioprincipios.com\/wp-content\/uploads\/2024\/08\/Screenshot_20240821_112836_WhatsApp.jpg","_links":{"self":[{"href":"https:\/\/diarioprincipios.com\/index.php\/wp-json\/wp\/v2\/posts\/22775","targetHints":{"allow":["GET"]}}],"collection":[{"href":"https:\/\/diarioprincipios.com\/index.php\/wp-json\/wp\/v2\/posts"}],"about":[{"href":"https:\/\/diarioprincipios.com\/index.php\/wp-json\/wp\/v2\/types\/post"}],"author":[{"embeddable":true,"href":"https:\/\/diarioprincipios.com\/index.php\/wp-json\/wp\/v2\/users\/2"}],"replies":[{"embeddable":true,"href":"https:\/\/diarioprincipios.com\/index.php\/wp-json\/wp\/v2\/comments?post=22775"}],"version-history":[{"count":1,"href":"https:\/\/diarioprincipios.com\/index.php\/wp-json\/wp\/v2\/posts\/22775\/revisions"}],"predecessor-version":[{"id":22777,"href":"https:\/\/diarioprincipios.com\/index.php\/wp-json\/wp\/v2\/posts\/22775\/revisions\/22777"}],"wp:featuredmedia":[{"embeddable":true,"href":"https:\/\/diarioprincipios.com\/index.php\/wp-json\/wp\/v2\/media\/22776"}],"wp:attachment":[{"href":"https:\/\/diarioprincipios.com\/index.php\/wp-json\/wp\/v2\/media?parent=22775"}],"wp:term":[{"taxonomy":"category","embeddable":true,"href":"https:\/\/diarioprincipios.com\/index.php\/wp-json\/wp\/v2\/categories?post=22775"},{"taxonomy":"post_tag","embeddable":true,"href":"https:\/\/diarioprincipios.com\/index.php\/wp-json\/wp\/v2\/tags?post=22775"}],"curies":[{"name":"wp","href":"https:\/\/api.w.org\/{rel}","templated":true}]}}