{"id":22769,"date":"2024-08-20T21:08:47","date_gmt":"2024-08-21T00:08:47","guid":{"rendered":"http:\/\/diarioprincipios.com\/?p=22769"},"modified":"2024-08-20T21:08:59","modified_gmt":"2024-08-21T00:08:59","slug":"mas-de-40-mil-personas-disfrutaron-de-la-feria-nacional-berazategui-artesanias","status":"publish","type":"post","link":"https:\/\/diarioprincipios.com\/index.php\/2024\/08\/20\/mas-de-40-mil-personas-disfrutaron-de-la-feria-nacional-berazategui-artesanias\/","title":{"rendered":"M\u00e1s de 40 mil personas disfrutaron de la Feria Nacional Berazategui Artesan\u00edas"},"content":{"rendered":"\n<p><strong>M\u00e1s de 40 mil personas visitaron la 17ma edici\u00f3n de la Feria Nacional Berazategui Artesan\u00edas, un emblem\u00e1tico evento que cada a\u00f1o organiza la Municipalidad con entrada libre y gratuita. El intendente Juan Jos\u00e9 Mussi recorri\u00f3 la muestra para disfrutar de las creaciones y dialogar con las y los artesanos.<\/strong><\/p>\n\n\n\n<figure class=\"wp-block-image size-large\"><img loading=\"lazy\" decoding=\"async\" width=\"1024\" height=\"682\" src=\"https:\/\/diarioprincipios.com\/wp-content\/uploads\/2024\/08\/MAS-DE-40-MIL-PERSONAS-DISFRUTARON-DE-LA-FERIA-NACIONAL-BERAZATEGUI-ARTESANIAS-3-1024x682.jpg\" alt=\"\" class=\"wp-image-22770\" srcset=\"https:\/\/diarioprincipios.com\/wp-content\/uploads\/2024\/08\/MAS-DE-40-MIL-PERSONAS-DISFRUTARON-DE-LA-FERIA-NACIONAL-BERAZATEGUI-ARTESANIAS-3-1024x682.jpg 1024w, https:\/\/diarioprincipios.com\/wp-content\/uploads\/2024\/08\/MAS-DE-40-MIL-PERSONAS-DISFRUTARON-DE-LA-FERIA-NACIONAL-BERAZATEGUI-ARTESANIAS-3-300x200.jpg 300w, https:\/\/diarioprincipios.com\/wp-content\/uploads\/2024\/08\/MAS-DE-40-MIL-PERSONAS-DISFRUTARON-DE-LA-FERIA-NACIONAL-BERAZATEGUI-ARTESANIAS-3-768x512.jpg 768w, https:\/\/diarioprincipios.com\/wp-content\/uploads\/2024\/08\/MAS-DE-40-MIL-PERSONAS-DISFRUTARON-DE-LA-FERIA-NACIONAL-BERAZATEGUI-ARTESANIAS-3-1536x1023.jpg 1536w, https:\/\/diarioprincipios.com\/wp-content\/uploads\/2024\/08\/MAS-DE-40-MIL-PERSONAS-DISFRUTARON-DE-LA-FERIA-NACIONAL-BERAZATEGUI-ARTESANIAS-3-820x545.jpg 820w, https:\/\/diarioprincipios.com\/wp-content\/uploads\/2024\/08\/MAS-DE-40-MIL-PERSONAS-DISFRUTARON-DE-LA-FERIA-NACIONAL-BERAZATEGUI-ARTESANIAS-3-600x400.jpg 600w, https:\/\/diarioprincipios.com\/wp-content\/uploads\/2024\/08\/MAS-DE-40-MIL-PERSONAS-DISFRUTARON-DE-LA-FERIA-NACIONAL-BERAZATEGUI-ARTESANIAS-3.jpg 1600w\" sizes=\"auto, (max-width: 1024px) 100vw, 1024px\" \/><\/figure>\n\n\n\n<p><br>En esta edici\u00f3n, se presentaron artesanos y artesanas tradicionales, urbanos, pueblos originarios, argentinos y extranjeros, acompa\u00f1ados por instituciones dedicadas al quehacer artesanal. De esta manera, joyeros, marroquineros, alfareros, cesteros, sogueros, artesanos en vidrio, especialistas en ponchos y cuchilleros, entre otros, expusieron y pusieron en venta sus trabajos en cer\u00e1mica, metales, cuero, papel, fibras vegetales y animales, trabajados con distintas t\u00e9cnicas.<\/p>\n\n\n\n<figure class=\"wp-block-image size-large\"><img loading=\"lazy\" decoding=\"async\" width=\"1024\" height=\"682\" src=\"https:\/\/diarioprincipios.com\/wp-content\/uploads\/2024\/08\/MAS-DE-40-MIL-PERSONAS-DISFRUTARON-DE-LA-FERIA-NACIONAL-BERAZATEGUI-ARTESANIAS-1024x682.jpg\" alt=\"\" class=\"wp-image-22771\" srcset=\"https:\/\/diarioprincipios.com\/wp-content\/uploads\/2024\/08\/MAS-DE-40-MIL-PERSONAS-DISFRUTARON-DE-LA-FERIA-NACIONAL-BERAZATEGUI-ARTESANIAS-1024x682.jpg 1024w, https:\/\/diarioprincipios.com\/wp-content\/uploads\/2024\/08\/MAS-DE-40-MIL-PERSONAS-DISFRUTARON-DE-LA-FERIA-NACIONAL-BERAZATEGUI-ARTESANIAS-300x200.jpg 300w, https:\/\/diarioprincipios.com\/wp-content\/uploads\/2024\/08\/MAS-DE-40-MIL-PERSONAS-DISFRUTARON-DE-LA-FERIA-NACIONAL-BERAZATEGUI-ARTESANIAS-768x512.jpg 768w, https:\/\/diarioprincipios.com\/wp-content\/uploads\/2024\/08\/MAS-DE-40-MIL-PERSONAS-DISFRUTARON-DE-LA-FERIA-NACIONAL-BERAZATEGUI-ARTESANIAS-1536x1023.jpg 1536w, https:\/\/diarioprincipios.com\/wp-content\/uploads\/2024\/08\/MAS-DE-40-MIL-PERSONAS-DISFRUTARON-DE-LA-FERIA-NACIONAL-BERAZATEGUI-ARTESANIAS-820x545.jpg 820w, https:\/\/diarioprincipios.com\/wp-content\/uploads\/2024\/08\/MAS-DE-40-MIL-PERSONAS-DISFRUTARON-DE-LA-FERIA-NACIONAL-BERAZATEGUI-ARTESANIAS-600x400.jpg 600w, https:\/\/diarioprincipios.com\/wp-content\/uploads\/2024\/08\/MAS-DE-40-MIL-PERSONAS-DISFRUTARON-DE-LA-FERIA-NACIONAL-BERAZATEGUI-ARTESANIAS.jpg 1600w\" sizes=\"auto, (max-width: 1024px) 100vw, 1024px\" \/><\/figure>\n\n\n\n<p><br>El secretario de Cultura y Educaci\u00f3n berazateguense, Federico L\u00f3pez, subray\u00f3: \u201cLa feria fue organizada \u00edntegramente por el Municipio de Berazategui. Esta edici\u00f3n reuni\u00f3 a m\u00e1s de 200 artesanos de todo el pa\u00eds. Adem\u00e1s, exhibieron los estudiantes y docentes de la Escuela Municipal de Artesan\u00edas. Fue un gran evento, que es posible todos los a\u00f1os gracias a la decisi\u00f3n pol\u00edtica del intendente Juan Jos\u00e9 Mussi\u201d.<br>Una de las expositoras, Pamela Leguizam\u00f3n, cont\u00f3: \u201cSoy artesana textil de Bel\u00e9n -Catamarca- y trabajo en hilo fino de alpaca. Confecciono ponchos, bufandas, chalinas y ruanas, todo tejido en telar criollo. Es una alegr\u00eda compartir este encuentro con artesanos y artesanas de todo el pa\u00eds\u201d.<\/p>\n\n\n\n<figure class=\"wp-block-image size-large\"><img loading=\"lazy\" decoding=\"async\" width=\"1024\" height=\"682\" src=\"https:\/\/diarioprincipios.com\/wp-content\/uploads\/2024\/08\/MAS-DE-40-MIL-PERSONAS-DISFRUTARON-DE-LA-FERIA-NACIONAL-BERAZATEGUI-ARTESANIAS-1-1024x682.jpg\" alt=\"\" class=\"wp-image-22772\" srcset=\"https:\/\/diarioprincipios.com\/wp-content\/uploads\/2024\/08\/MAS-DE-40-MIL-PERSONAS-DISFRUTARON-DE-LA-FERIA-NACIONAL-BERAZATEGUI-ARTESANIAS-1-1024x682.jpg 1024w, https:\/\/diarioprincipios.com\/wp-content\/uploads\/2024\/08\/MAS-DE-40-MIL-PERSONAS-DISFRUTARON-DE-LA-FERIA-NACIONAL-BERAZATEGUI-ARTESANIAS-1-300x200.jpg 300w, https:\/\/diarioprincipios.com\/wp-content\/uploads\/2024\/08\/MAS-DE-40-MIL-PERSONAS-DISFRUTARON-DE-LA-FERIA-NACIONAL-BERAZATEGUI-ARTESANIAS-1-768x512.jpg 768w, https:\/\/diarioprincipios.com\/wp-content\/uploads\/2024\/08\/MAS-DE-40-MIL-PERSONAS-DISFRUTARON-DE-LA-FERIA-NACIONAL-BERAZATEGUI-ARTESANIAS-1-1536x1023.jpg 1536w, https:\/\/diarioprincipios.com\/wp-content\/uploads\/2024\/08\/MAS-DE-40-MIL-PERSONAS-DISFRUTARON-DE-LA-FERIA-NACIONAL-BERAZATEGUI-ARTESANIAS-1-820x545.jpg 820w, https:\/\/diarioprincipios.com\/wp-content\/uploads\/2024\/08\/MAS-DE-40-MIL-PERSONAS-DISFRUTARON-DE-LA-FERIA-NACIONAL-BERAZATEGUI-ARTESANIAS-1-600x400.jpg 600w, https:\/\/diarioprincipios.com\/wp-content\/uploads\/2024\/08\/MAS-DE-40-MIL-PERSONAS-DISFRUTARON-DE-LA-FERIA-NACIONAL-BERAZATEGUI-ARTESANIAS-1.jpg 1600w\" sizes=\"auto, (max-width: 1024px) 100vw, 1024px\" \/><\/figure>\n\n\n\n<p><br>En tanto, una de las visitantes, Clara Rodr\u00edguez, asegur\u00f3: \u201cCompramos vasijas de Jujuy y cuencos de La Pampa. Nos acercamos todos los a\u00f1os porque es una muestra hermosa y siempre invitamos a nuestros amigos y familiares de otras ciudades a que vengan\u201d.<br>Adem\u00e1s, este evento cl\u00e1sico de Berazategui comprendi\u00f3 el XVII Encuentro Nacional de Artesanos -provenientes del resto del pa\u00eds- y la XXXII Feria de Maestros y Aprendices.<\/p>\n","protected":false},"excerpt":{"rendered":"<p>M\u00e1s de 40 mil personas visitaron la 17ma edici\u00f3n de la Feria Nacional Berazategui Artesan\u00edas, un emblem\u00e1tico evento que cada a\u00f1o organiza la Municipalidad con entrada libre y gratuita. El intendente Juan Jos\u00e9 Mussi recorri\u00f3 la muestra para disfrutar de las creaciones y dialogar con las y los artesanos. En esta edici\u00f3n, se presentaron artesanos&#8230;<\/p>\n","protected":false},"author":2,"featured_media":22773,"comment_status":"open","ping_status":"open","sticky":false,"template":"","format":"standard","meta":{"footnotes":""},"categories":[3,19],"tags":[],"class_list":["post-22769","post","type-post","status-publish","format-standard","has-post-thumbnail","hentry","category-berazategui","category-cultura-educacion"],"featured_image_src":"https:\/\/diarioprincipios.com\/wp-content\/uploads\/2024\/08\/MAS-DE-40-MIL-PERSONAS-DISFRUTARON-DE-LA-FERIA-NACIONAL-BERAZATEGUI-ARTESANIAS-2-1024x682.jpg","blog_images":{"medium":"https:\/\/diarioprincipios.com\/wp-content\/uploads\/2024\/08\/MAS-DE-40-MIL-PERSONAS-DISFRUTARON-DE-LA-FERIA-NACIONAL-BERAZATEGUI-ARTESANIAS-2-300x200.jpg","large":"https:\/\/diarioprincipios.com\/wp-content\/uploads\/2024\/08\/MAS-DE-40-MIL-PERSONAS-DISFRUTARON-DE-LA-FERIA-NACIONAL-BERAZATEGUI-ARTESANIAS-2-1024x682.jpg"},"ams_acf":[],"yoast_head":"<!-- This site is optimized with the Yoast SEO plugin v27.3 - https:\/\/yoast.com\/product\/yoast-seo-wordpress\/ -->\n<title>M\u00e1s de 40 mil personas disfrutaron de la Feria Nacional Berazategui Artesan\u00edas - Principios<\/title>\n<meta name=\"robots\" content=\"index, follow, max-snippet:-1, max-image-preview:large, max-video-preview:-1\" \/>\n<link rel=\"canonical\" href=\"https:\/\/diarioprincipios.com\/index.php\/2024\/08\/20\/mas-de-40-mil-personas-disfrutaron-de-la-feria-nacional-berazategui-artesanias\/\" \/>\n<meta property=\"og:locale\" content=\"es_ES\" \/>\n<meta property=\"og:type\" content=\"article\" \/>\n<meta property=\"og:title\" content=\"M\u00e1s de 40 mil personas disfrutaron de la Feria Nacional Berazategui Artesan\u00edas - Principios\" \/>\n<meta property=\"og:description\" content=\"M\u00e1s de 40 mil personas visitaron la 17ma edici\u00f3n de la Feria Nacional Berazategui Artesan\u00edas, un emblem\u00e1tico evento que cada a\u00f1o organiza la Municipalidad con entrada libre y gratuita. El intendente Juan Jos\u00e9 Mussi recorri\u00f3 la muestra para disfrutar de las creaciones y dialogar con las y los artesanos. En esta edici\u00f3n, se presentaron artesanos...\" \/>\n<meta property=\"og:url\" content=\"https:\/\/diarioprincipios.com\/index.php\/2024\/08\/20\/mas-de-40-mil-personas-disfrutaron-de-la-feria-nacional-berazategui-artesanias\/\" \/>\n<meta property=\"og:site_name\" content=\"Principios\" \/>\n<meta property=\"article:published_time\" content=\"2024-08-21T00:08:47+00:00\" \/>\n<meta property=\"article:modified_time\" content=\"2024-08-21T00:08:59+00:00\" \/>\n<meta property=\"og:image\" content=\"https:\/\/diarioprincipios.com\/wp-content\/uploads\/2024\/08\/MAS-DE-40-MIL-PERSONAS-DISFRUTARON-DE-LA-FERIA-NACIONAL-BERAZATEGUI-ARTESANIAS-2.jpg\" \/>\n\t<meta property=\"og:image:width\" content=\"1600\" \/>\n\t<meta property=\"og:image:height\" content=\"1066\" \/>\n\t<meta property=\"og:image:type\" content=\"image\/jpeg\" \/>\n<meta name=\"author\" content=\"Hern\u00e1n L\u00f3pez\" \/>\n<meta name=\"twitter:card\" content=\"summary_large_image\" \/>\n<meta name=\"twitter:label1\" content=\"Escrito por\" \/>\n\t<meta name=\"twitter:data1\" content=\"Hern\u00e1n L\u00f3pez\" \/>\n\t<meta name=\"twitter:label2\" content=\"Tiempo de lectura\" \/>\n\t<meta name=\"twitter:data2\" content=\"3 minutos\" \/>\n<script type=\"application\/ld+json\" class=\"yoast-schema-graph\">{\"@context\":\"https:\\\/\\\/schema.org\",\"@graph\":[{\"@type\":\"Article\",\"@id\":\"https:\\\/\\\/diarioprincipios.com\\\/index.php\\\/2024\\\/08\\\/20\\\/mas-de-40-mil-personas-disfrutaron-de-la-feria-nacional-berazategui-artesanias\\\/#article\",\"isPartOf\":{\"@id\":\"https:\\\/\\\/diarioprincipios.com\\\/index.php\\\/2024\\\/08\\\/20\\\/mas-de-40-mil-personas-disfrutaron-de-la-feria-nacional-berazategui-artesanias\\\/\"},\"author\":{\"name\":\"Hern\u00e1n L\u00f3pez\",\"@id\":\"https:\\\/\\\/diarioprincipios.com\\\/#\\\/schema\\\/person\\\/436d5a1fd41a5e250e23ff5a6a7cb080\"},\"headline\":\"M\u00e1s de 40 mil personas disfrutaron de la Feria Nacional Berazategui Artesan\u00edas\",\"datePublished\":\"2024-08-21T00:08:47+00:00\",\"dateModified\":\"2024-08-21T00:08:59+00:00\",\"mainEntityOfPage\":{\"@id\":\"https:\\\/\\\/diarioprincipios.com\\\/index.php\\\/2024\\\/08\\\/20\\\/mas-de-40-mil-personas-disfrutaron-de-la-feria-nacional-berazategui-artesanias\\\/\"},\"wordCount\":325,\"commentCount\":0,\"publisher\":{\"@id\":\"https:\\\/\\\/diarioprincipios.com\\\/#organization\"},\"image\":{\"@id\":\"https:\\\/\\\/diarioprincipios.com\\\/index.php\\\/2024\\\/08\\\/20\\\/mas-de-40-mil-personas-disfrutaron-de-la-feria-nacional-berazategui-artesanias\\\/#primaryimage\"},\"thumbnailUrl\":\"https:\\\/\\\/diarioprincipios.com\\\/wp-content\\\/uploads\\\/2024\\\/08\\\/MAS-DE-40-MIL-PERSONAS-DISFRUTARON-DE-LA-FERIA-NACIONAL-BERAZATEGUI-ARTESANIAS-2.jpg\",\"articleSection\":[\"Berazategui\",\"Cultura y Educaci\u00f3n\"],\"inLanguage\":\"es\",\"potentialAction\":[{\"@type\":\"CommentAction\",\"name\":\"Comment\",\"target\":[\"https:\\\/\\\/diarioprincipios.com\\\/index.php\\\/2024\\\/08\\\/20\\\/mas-de-40-mil-personas-disfrutaron-de-la-feria-nacional-berazategui-artesanias\\\/#respond\"]}]},{\"@type\":\"WebPage\",\"@id\":\"https:\\\/\\\/diarioprincipios.com\\\/index.php\\\/2024\\\/08\\\/20\\\/mas-de-40-mil-personas-disfrutaron-de-la-feria-nacional-berazategui-artesanias\\\/\",\"url\":\"https:\\\/\\\/diarioprincipios.com\\\/index.php\\\/2024\\\/08\\\/20\\\/mas-de-40-mil-personas-disfrutaron-de-la-feria-nacional-berazategui-artesanias\\\/\",\"name\":\"M\u00e1s de 40 mil personas disfrutaron de la Feria Nacional Berazategui Artesan\u00edas - Principios\",\"isPartOf\":{\"@id\":\"https:\\\/\\\/diarioprincipios.com\\\/#website\"},\"primaryImageOfPage\":{\"@id\":\"https:\\\/\\\/diarioprincipios.com\\\/index.php\\\/2024\\\/08\\\/20\\\/mas-de-40-mil-personas-disfrutaron-de-la-feria-nacional-berazategui-artesanias\\\/#primaryimage\"},\"image\":{\"@id\":\"https:\\\/\\\/diarioprincipios.com\\\/index.php\\\/2024\\\/08\\\/20\\\/mas-de-40-mil-personas-disfrutaron-de-la-feria-nacional-berazategui-artesanias\\\/#primaryimage\"},\"thumbnailUrl\":\"https:\\\/\\\/diarioprincipios.com\\\/wp-content\\\/uploads\\\/2024\\\/08\\\/MAS-DE-40-MIL-PERSONAS-DISFRUTARON-DE-LA-FERIA-NACIONAL-BERAZATEGUI-ARTESANIAS-2.jpg\",\"datePublished\":\"2024-08-21T00:08:47+00:00\",\"dateModified\":\"2024-08-21T00:08:59+00:00\",\"breadcrumb\":{\"@id\":\"https:\\\/\\\/diarioprincipios.com\\\/index.php\\\/2024\\\/08\\\/20\\\/mas-de-40-mil-personas-disfrutaron-de-la-feria-nacional-berazategui-artesanias\\\/#breadcrumb\"},\"inLanguage\":\"es\",\"potentialAction\":[{\"@type\":\"ReadAction\",\"target\":[\"https:\\\/\\\/diarioprincipios.com\\\/index.php\\\/2024\\\/08\\\/20\\\/mas-de-40-mil-personas-disfrutaron-de-la-feria-nacional-berazategui-artesanias\\\/\"]}]},{\"@type\":\"ImageObject\",\"inLanguage\":\"es\",\"@id\":\"https:\\\/\\\/diarioprincipios.com\\\/index.php\\\/2024\\\/08\\\/20\\\/mas-de-40-mil-personas-disfrutaron-de-la-feria-nacional-berazategui-artesanias\\\/#primaryimage\",\"url\":\"https:\\\/\\\/diarioprincipios.com\\\/wp-content\\\/uploads\\\/2024\\\/08\\\/MAS-DE-40-MIL-PERSONAS-DISFRUTARON-DE-LA-FERIA-NACIONAL-BERAZATEGUI-ARTESANIAS-2.jpg\",\"contentUrl\":\"https:\\\/\\\/diarioprincipios.com\\\/wp-content\\\/uploads\\\/2024\\\/08\\\/MAS-DE-40-MIL-PERSONAS-DISFRUTARON-DE-LA-FERIA-NACIONAL-BERAZATEGUI-ARTESANIAS-2.jpg\",\"width\":1600,\"height\":1066},{\"@type\":\"BreadcrumbList\",\"@id\":\"https:\\\/\\\/diarioprincipios.com\\\/index.php\\\/2024\\\/08\\\/20\\\/mas-de-40-mil-personas-disfrutaron-de-la-feria-nacional-berazategui-artesanias\\\/#breadcrumb\",\"itemListElement\":[{\"@type\":\"ListItem\",\"position\":1,\"name\":\"Portada\",\"item\":\"https:\\\/\\\/diarioprincipios.com\\\/\"},{\"@type\":\"ListItem\",\"position\":2,\"name\":\"M\u00e1s de 40 mil personas disfrutaron de la Feria Nacional Berazategui Artesan\u00edas\"}]},{\"@type\":\"WebSite\",\"@id\":\"https:\\\/\\\/diarioprincipios.com\\\/#website\",\"url\":\"https:\\\/\\\/diarioprincipios.com\\\/\",\"name\":\"Principios\",\"description\":\"Principios Diario\",\"publisher\":{\"@id\":\"https:\\\/\\\/diarioprincipios.com\\\/#organization\"},\"potentialAction\":[{\"@type\":\"SearchAction\",\"target\":{\"@type\":\"EntryPoint\",\"urlTemplate\":\"https:\\\/\\\/diarioprincipios.com\\\/?s={search_term_string}\"},\"query-input\":{\"@type\":\"PropertyValueSpecification\",\"valueRequired\":true,\"valueName\":\"search_term_string\"}}],\"inLanguage\":\"es\"},{\"@type\":\"Organization\",\"@id\":\"https:\\\/\\\/diarioprincipios.com\\\/#organization\",\"name\":\"Principios\",\"url\":\"https:\\\/\\\/diarioprincipios.com\\\/\",\"logo\":{\"@type\":\"ImageObject\",\"inLanguage\":\"es\",\"@id\":\"https:\\\/\\\/diarioprincipios.com\\\/#\\\/schema\\\/logo\\\/image\\\/\",\"url\":\"https:\\\/\\\/diarioprincipios.com\\\/wp-content\\\/uploads\\\/2024\\\/04\\\/cropped-www.diarioprincipios.com_-1.png\",\"contentUrl\":\"https:\\\/\\\/diarioprincipios.com\\\/wp-content\\\/uploads\\\/2024\\\/04\\\/cropped-www.diarioprincipios.com_-1.png\",\"width\":5325,\"height\":1454,\"caption\":\"Principios\"},\"image\":{\"@id\":\"https:\\\/\\\/diarioprincipios.com\\\/#\\\/schema\\\/logo\\\/image\\\/\"}},{\"@type\":\"Person\",\"@id\":\"https:\\\/\\\/diarioprincipios.com\\\/#\\\/schema\\\/person\\\/436d5a1fd41a5e250e23ff5a6a7cb080\",\"name\":\"Hern\u00e1n L\u00f3pez\",\"image\":{\"@type\":\"ImageObject\",\"inLanguage\":\"es\",\"@id\":\"https:\\\/\\\/diarioprincipios.com\\\/wp-content\\\/litespeed\\\/avatar\\\/11ddfe5610ff3bd100522525b2571f48.jpg?ver=1777048341\",\"url\":\"https:\\\/\\\/diarioprincipios.com\\\/wp-content\\\/litespeed\\\/avatar\\\/11ddfe5610ff3bd100522525b2571f48.jpg?ver=1777048341\",\"contentUrl\":\"https:\\\/\\\/diarioprincipios.com\\\/wp-content\\\/litespeed\\\/avatar\\\/11ddfe5610ff3bd100522525b2571f48.jpg?ver=1777048341\",\"caption\":\"Hern\u00e1n L\u00f3pez\"},\"url\":\"https:\\\/\\\/diarioprincipios.com\\\/index.php\\\/author\\\/hernan\\\/\"}]}<\/script>\n<!-- \/ Yoast SEO plugin. -->","yoast_head_json":{"title":"M\u00e1s de 40 mil personas disfrutaron de la Feria Nacional Berazategui Artesan\u00edas - Principios","robots":{"index":"index","follow":"follow","max-snippet":"max-snippet:-1","max-image-preview":"max-image-preview:large","max-video-preview":"max-video-preview:-1"},"canonical":"https:\/\/diarioprincipios.com\/index.php\/2024\/08\/20\/mas-de-40-mil-personas-disfrutaron-de-la-feria-nacional-berazategui-artesanias\/","og_locale":"es_ES","og_type":"article","og_title":"M\u00e1s de 40 mil personas disfrutaron de la Feria Nacional Berazategui Artesan\u00edas - Principios","og_description":"M\u00e1s de 40 mil personas visitaron la 17ma edici\u00f3n de la Feria Nacional Berazategui Artesan\u00edas, un emblem\u00e1tico evento que cada a\u00f1o organiza la Municipalidad con entrada libre y gratuita. El intendente Juan Jos\u00e9 Mussi recorri\u00f3 la muestra para disfrutar de las creaciones y dialogar con las y los artesanos. En esta edici\u00f3n, se presentaron artesanos...","og_url":"https:\/\/diarioprincipios.com\/index.php\/2024\/08\/20\/mas-de-40-mil-personas-disfrutaron-de-la-feria-nacional-berazategui-artesanias\/","og_site_name":"Principios","article_published_time":"2024-08-21T00:08:47+00:00","article_modified_time":"2024-08-21T00:08:59+00:00","og_image":[{"width":1600,"height":1066,"url":"https:\/\/diarioprincipios.com\/wp-content\/uploads\/2024\/08\/MAS-DE-40-MIL-PERSONAS-DISFRUTARON-DE-LA-FERIA-NACIONAL-BERAZATEGUI-ARTESANIAS-2.jpg","type":"image\/jpeg"}],"author":"Hern\u00e1n L\u00f3pez","twitter_card":"summary_large_image","twitter_misc":{"Escrito por":"Hern\u00e1n L\u00f3pez","Tiempo de lectura":"3 minutos"},"schema":{"@context":"https:\/\/schema.org","@graph":[{"@type":"Article","@id":"https:\/\/diarioprincipios.com\/index.php\/2024\/08\/20\/mas-de-40-mil-personas-disfrutaron-de-la-feria-nacional-berazategui-artesanias\/#article","isPartOf":{"@id":"https:\/\/diarioprincipios.com\/index.php\/2024\/08\/20\/mas-de-40-mil-personas-disfrutaron-de-la-feria-nacional-berazategui-artesanias\/"},"author":{"name":"Hern\u00e1n L\u00f3pez","@id":"https:\/\/diarioprincipios.com\/#\/schema\/person\/436d5a1fd41a5e250e23ff5a6a7cb080"},"headline":"M\u00e1s de 40 mil personas disfrutaron de la Feria Nacional Berazategui Artesan\u00edas","datePublished":"2024-08-21T00:08:47+00:00","dateModified":"2024-08-21T00:08:59+00:00","mainEntityOfPage":{"@id":"https:\/\/diarioprincipios.com\/index.php\/2024\/08\/20\/mas-de-40-mil-personas-disfrutaron-de-la-feria-nacional-berazategui-artesanias\/"},"wordCount":325,"commentCount":0,"publisher":{"@id":"https:\/\/diarioprincipios.com\/#organization"},"image":{"@id":"https:\/\/diarioprincipios.com\/index.php\/2024\/08\/20\/mas-de-40-mil-personas-disfrutaron-de-la-feria-nacional-berazategui-artesanias\/#primaryimage"},"thumbnailUrl":"https:\/\/diarioprincipios.com\/wp-content\/uploads\/2024\/08\/MAS-DE-40-MIL-PERSONAS-DISFRUTARON-DE-LA-FERIA-NACIONAL-BERAZATEGUI-ARTESANIAS-2.jpg","articleSection":["Berazategui","Cultura y Educaci\u00f3n"],"inLanguage":"es","potentialAction":[{"@type":"CommentAction","name":"Comment","target":["https:\/\/diarioprincipios.com\/index.php\/2024\/08\/20\/mas-de-40-mil-personas-disfrutaron-de-la-feria-nacional-berazategui-artesanias\/#respond"]}]},{"@type":"WebPage","@id":"https:\/\/diarioprincipios.com\/index.php\/2024\/08\/20\/mas-de-40-mil-personas-disfrutaron-de-la-feria-nacional-berazategui-artesanias\/","url":"https:\/\/diarioprincipios.com\/index.php\/2024\/08\/20\/mas-de-40-mil-personas-disfrutaron-de-la-feria-nacional-berazategui-artesanias\/","name":"M\u00e1s de 40 mil personas disfrutaron de la Feria Nacional Berazategui Artesan\u00edas - Principios","isPartOf":{"@id":"https:\/\/diarioprincipios.com\/#website"},"primaryImageOfPage":{"@id":"https:\/\/diarioprincipios.com\/index.php\/2024\/08\/20\/mas-de-40-mil-personas-disfrutaron-de-la-feria-nacional-berazategui-artesanias\/#primaryimage"},"image":{"@id":"https:\/\/diarioprincipios.com\/index.php\/2024\/08\/20\/mas-de-40-mil-personas-disfrutaron-de-la-feria-nacional-berazategui-artesanias\/#primaryimage"},"thumbnailUrl":"https:\/\/diarioprincipios.com\/wp-content\/uploads\/2024\/08\/MAS-DE-40-MIL-PERSONAS-DISFRUTARON-DE-LA-FERIA-NACIONAL-BERAZATEGUI-ARTESANIAS-2.jpg","datePublished":"2024-08-21T00:08:47+00:00","dateModified":"2024-08-21T00:08:59+00:00","breadcrumb":{"@id":"https:\/\/diarioprincipios.com\/index.php\/2024\/08\/20\/mas-de-40-mil-personas-disfrutaron-de-la-feria-nacional-berazategui-artesanias\/#breadcrumb"},"inLanguage":"es","potentialAction":[{"@type":"ReadAction","target":["https:\/\/diarioprincipios.com\/index.php\/2024\/08\/20\/mas-de-40-mil-personas-disfrutaron-de-la-feria-nacional-berazategui-artesanias\/"]}]},{"@type":"ImageObject","inLanguage":"es","@id":"https:\/\/diarioprincipios.com\/index.php\/2024\/08\/20\/mas-de-40-mil-personas-disfrutaron-de-la-feria-nacional-berazategui-artesanias\/#primaryimage","url":"https:\/\/diarioprincipios.com\/wp-content\/uploads\/2024\/08\/MAS-DE-40-MIL-PERSONAS-DISFRUTARON-DE-LA-FERIA-NACIONAL-BERAZATEGUI-ARTESANIAS-2.jpg","contentUrl":"https:\/\/diarioprincipios.com\/wp-content\/uploads\/2024\/08\/MAS-DE-40-MIL-PERSONAS-DISFRUTARON-DE-LA-FERIA-NACIONAL-BERAZATEGUI-ARTESANIAS-2.jpg","width":1600,"height":1066},{"@type":"BreadcrumbList","@id":"https:\/\/diarioprincipios.com\/index.php\/2024\/08\/20\/mas-de-40-mil-personas-disfrutaron-de-la-feria-nacional-berazategui-artesanias\/#breadcrumb","itemListElement":[{"@type":"ListItem","position":1,"name":"Portada","item":"https:\/\/diarioprincipios.com\/"},{"@type":"ListItem","position":2,"name":"M\u00e1s de 40 mil personas disfrutaron de la Feria Nacional Berazategui Artesan\u00edas"}]},{"@type":"WebSite","@id":"https:\/\/diarioprincipios.com\/#website","url":"https:\/\/diarioprincipios.com\/","name":"Principios","description":"Principios Diario","publisher":{"@id":"https:\/\/diarioprincipios.com\/#organization"},"potentialAction":[{"@type":"SearchAction","target":{"@type":"EntryPoint","urlTemplate":"https:\/\/diarioprincipios.com\/?s={search_term_string}"},"query-input":{"@type":"PropertyValueSpecification","valueRequired":true,"valueName":"search_term_string"}}],"inLanguage":"es"},{"@type":"Organization","@id":"https:\/\/diarioprincipios.com\/#organization","name":"Principios","url":"https:\/\/diarioprincipios.com\/","logo":{"@type":"ImageObject","inLanguage":"es","@id":"https:\/\/diarioprincipios.com\/#\/schema\/logo\/image\/","url":"https:\/\/diarioprincipios.com\/wp-content\/uploads\/2024\/04\/cropped-www.diarioprincipios.com_-1.png","contentUrl":"https:\/\/diarioprincipios.com\/wp-content\/uploads\/2024\/04\/cropped-www.diarioprincipios.com_-1.png","width":5325,"height":1454,"caption":"Principios"},"image":{"@id":"https:\/\/diarioprincipios.com\/#\/schema\/logo\/image\/"}},{"@type":"Person","@id":"https:\/\/diarioprincipios.com\/#\/schema\/person\/436d5a1fd41a5e250e23ff5a6a7cb080","name":"Hern\u00e1n L\u00f3pez","image":{"@type":"ImageObject","inLanguage":"es","@id":"https:\/\/diarioprincipios.com\/wp-content\/litespeed\/avatar\/11ddfe5610ff3bd100522525b2571f48.jpg?ver=1777048341","url":"https:\/\/diarioprincipios.com\/wp-content\/litespeed\/avatar\/11ddfe5610ff3bd100522525b2571f48.jpg?ver=1777048341","contentUrl":"https:\/\/diarioprincipios.com\/wp-content\/litespeed\/avatar\/11ddfe5610ff3bd100522525b2571f48.jpg?ver=1777048341","caption":"Hern\u00e1n L\u00f3pez"},"url":"https:\/\/diarioprincipios.com\/index.php\/author\/hernan\/"}]}},"jetpack_featured_media_url":"https:\/\/diarioprincipios.com\/wp-content\/uploads\/2024\/08\/MAS-DE-40-MIL-PERSONAS-DISFRUTARON-DE-LA-FERIA-NACIONAL-BERAZATEGUI-ARTESANIAS-2.jpg","_links":{"self":[{"href":"https:\/\/diarioprincipios.com\/index.php\/wp-json\/wp\/v2\/posts\/22769","targetHints":{"allow":["GET"]}}],"collection":[{"href":"https:\/\/diarioprincipios.com\/index.php\/wp-json\/wp\/v2\/posts"}],"about":[{"href":"https:\/\/diarioprincipios.com\/index.php\/wp-json\/wp\/v2\/types\/post"}],"author":[{"embeddable":true,"href":"https:\/\/diarioprincipios.com\/index.php\/wp-json\/wp\/v2\/users\/2"}],"replies":[{"embeddable":true,"href":"https:\/\/diarioprincipios.com\/index.php\/wp-json\/wp\/v2\/comments?post=22769"}],"version-history":[{"count":1,"href":"https:\/\/diarioprincipios.com\/index.php\/wp-json\/wp\/v2\/posts\/22769\/revisions"}],"predecessor-version":[{"id":22774,"href":"https:\/\/diarioprincipios.com\/index.php\/wp-json\/wp\/v2\/posts\/22769\/revisions\/22774"}],"wp:featuredmedia":[{"embeddable":true,"href":"https:\/\/diarioprincipios.com\/index.php\/wp-json\/wp\/v2\/media\/22773"}],"wp:attachment":[{"href":"https:\/\/diarioprincipios.com\/index.php\/wp-json\/wp\/v2\/media?parent=22769"}],"wp:term":[{"taxonomy":"category","embeddable":true,"href":"https:\/\/diarioprincipios.com\/index.php\/wp-json\/wp\/v2\/categories?post=22769"},{"taxonomy":"post_tag","embeddable":true,"href":"https:\/\/diarioprincipios.com\/index.php\/wp-json\/wp\/v2\/tags?post=22769"}],"curies":[{"name":"wp","href":"https:\/\/api.w.org\/{rel}","templated":true}]}}