{"id":2273,"date":"2020-05-30T19:29:35","date_gmt":"2020-05-30T22:29:35","guid":{"rendered":"http:\/\/diarioprincipios.com\/?p=2273"},"modified":"2020-05-30T19:37:19","modified_gmt":"2020-05-30T22:37:19","slug":"a-12-anos-de-una-ordenanza-historica-berazategui-ciudad-pionera-en-decirle-no-al-humo-de-tabaco","status":"publish","type":"post","link":"https:\/\/diarioprincipios.com\/index.php\/2020\/05\/30\/a-12-anos-de-una-ordenanza-historica-berazategui-ciudad-pionera-en-decirle-no-al-humo-de-tabaco\/","title":{"rendered":"A 12 a\u00f1os de una Ordenanza Hist\u00f3rica: Berazategui Ciudad pionera en decirle No al Humo de Tabaco"},"content":{"rendered":"\n<p><strong>Con el fin de concientizar sobre los efectos nocivos y letales del humo del cigarrillo, tanto para los que fuman como para los \u201cfumadores pasivos\u201d, desde 1988 todos los 31 de mayo se conmemora el \u201cD\u00eda Mundial sin Tabaco\u201d. Desde entonces, esta iniciativa de la Organizaci\u00f3n Mundial de la Salud (OMS) se vio reflejada a trav\u00e9s de algunas medidas restrictivas en unos pocos pa\u00edses, como Irlanda, Inglaterra, Noruega, Suecia y Nueva Zelanda. El 30 de mayo de 2008 la Ciudad de Berazategui fue declarada \u201c100 por ciento libre de humo de tabaco\u201d. A trav\u00e9s de esta innovadora medida, que se concret\u00f3 mediante una Ordenanza municipal, qued\u00f3 terminantemente prohibido en Berazategui poder fumar en lugares cerrados de acceso p\u00fablico, ya sean privados o p\u00fablicos, convirtiendo a esta ciudad en el primer municipio del Conurbano bonaerense con espacios 100 %libres de Humo de Tabaco.&nbsp;<\/strong><\/p>\n\n\n\n<p>La iniciativa berazateguense naci\u00f3 en 2007, cuando un grupo de alumnos de la Secundaria N\u00ba 17 le llev\u00f3 el proyecto implementado en ese mismo establecimiento educativo al entonces secretario de Gobierno municipal, Dr. Juan Patricio Mussi, quien celebr\u00f3 el compromiso de los estudiantes y decidi\u00f3 impulsar la medida hacia el resto de la ciudad de Berazategui.&nbsp;<\/p>\n\n\n\n<p>Desde ese momento, el funcionario (que luego ser\u00eda Intendente municipal) se encarg\u00f3 de organizar diferentes mesas de trabajo conformadas por educadores, instituciones y representantes, y aunar ideas y proyectos provenientes de diversos sectores de la sociedad en defensa de los no fumadores.&nbsp;<\/p>\n\n\n\n<p>Hasta que finalmente, el 30 de mayo de 2008, en una sesi\u00f3n extraordinaria realizada en el Centro de Actividades \u201cRoberto De Vicenzo\u201d (calle 18 y 148), con la presencia de m\u00e1s de mil alumnos del distrito, el Honorable Concejo Deliberante de Berazategui aprob\u00f3 por unanimidad el proyecto de Ordenanza, que a diferencia de la que rige en otras partes del pa\u00eds, no permite \u00e1reas diferenciales para fumadores en espacios cerrados p\u00fablicos ni privados: sino que deben ser 100% libres de humo, reduciendo al m\u00e1ximo los riesgos del consumo de tabaco en cualquiera de sus formas.<\/p>\n","protected":false},"excerpt":{"rendered":"<p>Con el fin de concientizar sobre los efectos nocivos y letales del humo del cigarrillo, tanto para los que fuman como para los \u201cfumadores pasivos\u201d, desde 1988 todos los 31 de mayo se conmemora el \u201cD\u00eda Mundial sin Tabaco\u201d. Desde entonces, esta iniciativa de la Organizaci\u00f3n Mundial de la Salud (OMS) se vio reflejada a&#8230;<\/p>\n","protected":false},"author":2,"featured_media":2274,"comment_status":"open","ping_status":"open","sticky":false,"template":"","format":"standard","meta":{"footnotes":""},"categories":[3],"tags":[],"class_list":["post-2273","post","type-post","status-publish","format-standard","has-post-thumbnail","hentry","category-berazategui"],"featured_image_src":"https:\/\/diarioprincipios.com\/wp-content\/uploads\/2020\/05\/BERAZATEGUI_PIONERA_NO_TABACO_2-1024x741.jpeg","blog_images":{"medium":"https:\/\/diarioprincipios.com\/wp-content\/uploads\/2020\/05\/BERAZATEGUI_PIONERA_NO_TABACO_2-300x217.jpeg","large":"https:\/\/diarioprincipios.com\/wp-content\/uploads\/2020\/05\/BERAZATEGUI_PIONERA_NO_TABACO_2-1024x741.jpeg"},"ams_acf":[],"yoast_head":"<!-- This site is optimized with the Yoast SEO plugin v27.3 - https:\/\/yoast.com\/product\/yoast-seo-wordpress\/ -->\n<title>A 12 a\u00f1os de una Ordenanza Hist\u00f3rica: Berazategui Ciudad pionera en decirle No al Humo de Tabaco - Principios<\/title>\n<meta name=\"robots\" content=\"index, follow, max-snippet:-1, max-image-preview:large, max-video-preview:-1\" \/>\n<link rel=\"canonical\" href=\"https:\/\/diarioprincipios.com\/index.php\/2020\/05\/30\/a-12-anos-de-una-ordenanza-historica-berazategui-ciudad-pionera-en-decirle-no-al-humo-de-tabaco\/\" \/>\n<meta property=\"og:locale\" content=\"es_ES\" \/>\n<meta property=\"og:type\" content=\"article\" \/>\n<meta property=\"og:title\" content=\"A 12 a\u00f1os de una Ordenanza Hist\u00f3rica: Berazategui Ciudad pionera en decirle No al Humo de Tabaco - Principios\" \/>\n<meta property=\"og:description\" content=\"Con el fin de concientizar sobre los efectos nocivos y letales del humo del cigarrillo, tanto para los que fuman como para los \u201cfumadores pasivos\u201d, desde 1988 todos los 31 de mayo se conmemora el \u201cD\u00eda Mundial sin Tabaco\u201d. Desde entonces, esta iniciativa de la Organizaci\u00f3n Mundial de la Salud (OMS) se vio reflejada a...\" \/>\n<meta property=\"og:url\" content=\"https:\/\/diarioprincipios.com\/index.php\/2020\/05\/30\/a-12-anos-de-una-ordenanza-historica-berazategui-ciudad-pionera-en-decirle-no-al-humo-de-tabaco\/\" \/>\n<meta property=\"og:site_name\" content=\"Principios\" \/>\n<meta property=\"article:published_time\" content=\"2020-05-30T22:29:35+00:00\" \/>\n<meta property=\"article:modified_time\" content=\"2020-05-30T22:37:19+00:00\" \/>\n<meta property=\"og:image\" content=\"https:\/\/diarioprincipios.com\/wp-content\/uploads\/2020\/05\/BERAZATEGUI_PIONERA_NO_TABACO_2.jpeg\" \/>\n\t<meta property=\"og:image:width\" content=\"1280\" \/>\n\t<meta property=\"og:image:height\" content=\"926\" \/>\n\t<meta property=\"og:image:type\" content=\"image\/jpeg\" \/>\n<meta name=\"author\" content=\"Hern\u00e1n L\u00f3pez\" \/>\n<meta name=\"twitter:card\" content=\"summary_large_image\" \/>\n<meta name=\"twitter:label1\" content=\"Escrito por\" \/>\n\t<meta name=\"twitter:data1\" content=\"Hern\u00e1n L\u00f3pez\" \/>\n\t<meta name=\"twitter:label2\" content=\"Tiempo de lectura\" \/>\n\t<meta name=\"twitter:data2\" content=\"2 minutos\" \/>\n<script type=\"application\/ld+json\" class=\"yoast-schema-graph\">{\"@context\":\"https:\\\/\\\/schema.org\",\"@graph\":[{\"@type\":\"Article\",\"@id\":\"https:\\\/\\\/diarioprincipios.com\\\/index.php\\\/2020\\\/05\\\/30\\\/a-12-anos-de-una-ordenanza-historica-berazategui-ciudad-pionera-en-decirle-no-al-humo-de-tabaco\\\/#article\",\"isPartOf\":{\"@id\":\"https:\\\/\\\/diarioprincipios.com\\\/index.php\\\/2020\\\/05\\\/30\\\/a-12-anos-de-una-ordenanza-historica-berazategui-ciudad-pionera-en-decirle-no-al-humo-de-tabaco\\\/\"},\"author\":{\"name\":\"Hern\u00e1n L\u00f3pez\",\"@id\":\"https:\\\/\\\/diarioprincipios.com\\\/#\\\/schema\\\/person\\\/436d5a1fd41a5e250e23ff5a6a7cb080\"},\"headline\":\"A 12 a\u00f1os de una Ordenanza Hist\u00f3rica: Berazategui Ciudad pionera en decirle No al Humo de Tabaco\",\"datePublished\":\"2020-05-30T22:29:35+00:00\",\"dateModified\":\"2020-05-30T22:37:19+00:00\",\"mainEntityOfPage\":{\"@id\":\"https:\\\/\\\/diarioprincipios.com\\\/index.php\\\/2020\\\/05\\\/30\\\/a-12-anos-de-una-ordenanza-historica-berazategui-ciudad-pionera-en-decirle-no-al-humo-de-tabaco\\\/\"},\"wordCount\":356,\"commentCount\":0,\"publisher\":{\"@id\":\"https:\\\/\\\/diarioprincipios.com\\\/#organization\"},\"image\":{\"@id\":\"https:\\\/\\\/diarioprincipios.com\\\/index.php\\\/2020\\\/05\\\/30\\\/a-12-anos-de-una-ordenanza-historica-berazategui-ciudad-pionera-en-decirle-no-al-humo-de-tabaco\\\/#primaryimage\"},\"thumbnailUrl\":\"https:\\\/\\\/diarioprincipios.com\\\/wp-content\\\/uploads\\\/2020\\\/05\\\/BERAZATEGUI_PIONERA_NO_TABACO_2.jpeg\",\"articleSection\":[\"Berazategui\"],\"inLanguage\":\"es\",\"potentialAction\":[{\"@type\":\"CommentAction\",\"name\":\"Comment\",\"target\":[\"https:\\\/\\\/diarioprincipios.com\\\/index.php\\\/2020\\\/05\\\/30\\\/a-12-anos-de-una-ordenanza-historica-berazategui-ciudad-pionera-en-decirle-no-al-humo-de-tabaco\\\/#respond\"]}]},{\"@type\":\"WebPage\",\"@id\":\"https:\\\/\\\/diarioprincipios.com\\\/index.php\\\/2020\\\/05\\\/30\\\/a-12-anos-de-una-ordenanza-historica-berazategui-ciudad-pionera-en-decirle-no-al-humo-de-tabaco\\\/\",\"url\":\"https:\\\/\\\/diarioprincipios.com\\\/index.php\\\/2020\\\/05\\\/30\\\/a-12-anos-de-una-ordenanza-historica-berazategui-ciudad-pionera-en-decirle-no-al-humo-de-tabaco\\\/\",\"name\":\"A 12 a\u00f1os de una Ordenanza Hist\u00f3rica: Berazategui Ciudad pionera en decirle No al Humo de Tabaco - Principios\",\"isPartOf\":{\"@id\":\"https:\\\/\\\/diarioprincipios.com\\\/#website\"},\"primaryImageOfPage\":{\"@id\":\"https:\\\/\\\/diarioprincipios.com\\\/index.php\\\/2020\\\/05\\\/30\\\/a-12-anos-de-una-ordenanza-historica-berazategui-ciudad-pionera-en-decirle-no-al-humo-de-tabaco\\\/#primaryimage\"},\"image\":{\"@id\":\"https:\\\/\\\/diarioprincipios.com\\\/index.php\\\/2020\\\/05\\\/30\\\/a-12-anos-de-una-ordenanza-historica-berazategui-ciudad-pionera-en-decirle-no-al-humo-de-tabaco\\\/#primaryimage\"},\"thumbnailUrl\":\"https:\\\/\\\/diarioprincipios.com\\\/wp-content\\\/uploads\\\/2020\\\/05\\\/BERAZATEGUI_PIONERA_NO_TABACO_2.jpeg\",\"datePublished\":\"2020-05-30T22:29:35+00:00\",\"dateModified\":\"2020-05-30T22:37:19+00:00\",\"breadcrumb\":{\"@id\":\"https:\\\/\\\/diarioprincipios.com\\\/index.php\\\/2020\\\/05\\\/30\\\/a-12-anos-de-una-ordenanza-historica-berazategui-ciudad-pionera-en-decirle-no-al-humo-de-tabaco\\\/#breadcrumb\"},\"inLanguage\":\"es\",\"potentialAction\":[{\"@type\":\"ReadAction\",\"target\":[\"https:\\\/\\\/diarioprincipios.com\\\/index.php\\\/2020\\\/05\\\/30\\\/a-12-anos-de-una-ordenanza-historica-berazategui-ciudad-pionera-en-decirle-no-al-humo-de-tabaco\\\/\"]}]},{\"@type\":\"ImageObject\",\"inLanguage\":\"es\",\"@id\":\"https:\\\/\\\/diarioprincipios.com\\\/index.php\\\/2020\\\/05\\\/30\\\/a-12-anos-de-una-ordenanza-historica-berazategui-ciudad-pionera-en-decirle-no-al-humo-de-tabaco\\\/#primaryimage\",\"url\":\"https:\\\/\\\/diarioprincipios.com\\\/wp-content\\\/uploads\\\/2020\\\/05\\\/BERAZATEGUI_PIONERA_NO_TABACO_2.jpeg\",\"contentUrl\":\"https:\\\/\\\/diarioprincipios.com\\\/wp-content\\\/uploads\\\/2020\\\/05\\\/BERAZATEGUI_PIONERA_NO_TABACO_2.jpeg\",\"width\":1280,\"height\":926},{\"@type\":\"BreadcrumbList\",\"@id\":\"https:\\\/\\\/diarioprincipios.com\\\/index.php\\\/2020\\\/05\\\/30\\\/a-12-anos-de-una-ordenanza-historica-berazategui-ciudad-pionera-en-decirle-no-al-humo-de-tabaco\\\/#breadcrumb\",\"itemListElement\":[{\"@type\":\"ListItem\",\"position\":1,\"name\":\"Portada\",\"item\":\"https:\\\/\\\/diarioprincipios.com\\\/\"},{\"@type\":\"ListItem\",\"position\":2,\"name\":\"A 12 a\u00f1os de una Ordenanza Hist\u00f3rica: Berazategui Ciudad pionera en decirle No al Humo de Tabaco\"}]},{\"@type\":\"WebSite\",\"@id\":\"https:\\\/\\\/diarioprincipios.com\\\/#website\",\"url\":\"https:\\\/\\\/diarioprincipios.com\\\/\",\"name\":\"Principios\",\"description\":\"Principios Diario\",\"publisher\":{\"@id\":\"https:\\\/\\\/diarioprincipios.com\\\/#organization\"},\"potentialAction\":[{\"@type\":\"SearchAction\",\"target\":{\"@type\":\"EntryPoint\",\"urlTemplate\":\"https:\\\/\\\/diarioprincipios.com\\\/?s={search_term_string}\"},\"query-input\":{\"@type\":\"PropertyValueSpecification\",\"valueRequired\":true,\"valueName\":\"search_term_string\"}}],\"inLanguage\":\"es\"},{\"@type\":\"Organization\",\"@id\":\"https:\\\/\\\/diarioprincipios.com\\\/#organization\",\"name\":\"Principios\",\"url\":\"https:\\\/\\\/diarioprincipios.com\\\/\",\"logo\":{\"@type\":\"ImageObject\",\"inLanguage\":\"es\",\"@id\":\"https:\\\/\\\/diarioprincipios.com\\\/#\\\/schema\\\/logo\\\/image\\\/\",\"url\":\"https:\\\/\\\/diarioprincipios.com\\\/wp-content\\\/uploads\\\/2024\\\/04\\\/cropped-www.diarioprincipios.com_-1.png\",\"contentUrl\":\"https:\\\/\\\/diarioprincipios.com\\\/wp-content\\\/uploads\\\/2024\\\/04\\\/cropped-www.diarioprincipios.com_-1.png\",\"width\":5325,\"height\":1454,\"caption\":\"Principios\"},\"image\":{\"@id\":\"https:\\\/\\\/diarioprincipios.com\\\/#\\\/schema\\\/logo\\\/image\\\/\"}},{\"@type\":\"Person\",\"@id\":\"https:\\\/\\\/diarioprincipios.com\\\/#\\\/schema\\\/person\\\/436d5a1fd41a5e250e23ff5a6a7cb080\",\"name\":\"Hern\u00e1n L\u00f3pez\",\"image\":{\"@type\":\"ImageObject\",\"inLanguage\":\"es\",\"@id\":\"https:\\\/\\\/diarioprincipios.com\\\/wp-content\\\/litespeed\\\/avatar\\\/11ddfe5610ff3bd100522525b2571f48.jpg?ver=1777048341\",\"url\":\"https:\\\/\\\/diarioprincipios.com\\\/wp-content\\\/litespeed\\\/avatar\\\/11ddfe5610ff3bd100522525b2571f48.jpg?ver=1777048341\",\"contentUrl\":\"https:\\\/\\\/diarioprincipios.com\\\/wp-content\\\/litespeed\\\/avatar\\\/11ddfe5610ff3bd100522525b2571f48.jpg?ver=1777048341\",\"caption\":\"Hern\u00e1n L\u00f3pez\"},\"url\":\"https:\\\/\\\/diarioprincipios.com\\\/index.php\\\/author\\\/hernan\\\/\"}]}<\/script>\n<!-- \/ Yoast SEO plugin. -->","yoast_head_json":{"title":"A 12 a\u00f1os de una Ordenanza Hist\u00f3rica: Berazategui Ciudad pionera en decirle No al Humo de Tabaco - Principios","robots":{"index":"index","follow":"follow","max-snippet":"max-snippet:-1","max-image-preview":"max-image-preview:large","max-video-preview":"max-video-preview:-1"},"canonical":"https:\/\/diarioprincipios.com\/index.php\/2020\/05\/30\/a-12-anos-de-una-ordenanza-historica-berazategui-ciudad-pionera-en-decirle-no-al-humo-de-tabaco\/","og_locale":"es_ES","og_type":"article","og_title":"A 12 a\u00f1os de una Ordenanza Hist\u00f3rica: Berazategui Ciudad pionera en decirle No al Humo de Tabaco - Principios","og_description":"Con el fin de concientizar sobre los efectos nocivos y letales del humo del cigarrillo, tanto para los que fuman como para los \u201cfumadores pasivos\u201d, desde 1988 todos los 31 de mayo se conmemora el \u201cD\u00eda Mundial sin Tabaco\u201d. Desde entonces, esta iniciativa de la Organizaci\u00f3n Mundial de la Salud (OMS) se vio reflejada a...","og_url":"https:\/\/diarioprincipios.com\/index.php\/2020\/05\/30\/a-12-anos-de-una-ordenanza-historica-berazategui-ciudad-pionera-en-decirle-no-al-humo-de-tabaco\/","og_site_name":"Principios","article_published_time":"2020-05-30T22:29:35+00:00","article_modified_time":"2020-05-30T22:37:19+00:00","og_image":[{"width":1280,"height":926,"url":"https:\/\/diarioprincipios.com\/wp-content\/uploads\/2020\/05\/BERAZATEGUI_PIONERA_NO_TABACO_2.jpeg","type":"image\/jpeg"}],"author":"Hern\u00e1n L\u00f3pez","twitter_card":"summary_large_image","twitter_misc":{"Escrito por":"Hern\u00e1n L\u00f3pez","Tiempo de lectura":"2 minutos"},"schema":{"@context":"https:\/\/schema.org","@graph":[{"@type":"Article","@id":"https:\/\/diarioprincipios.com\/index.php\/2020\/05\/30\/a-12-anos-de-una-ordenanza-historica-berazategui-ciudad-pionera-en-decirle-no-al-humo-de-tabaco\/#article","isPartOf":{"@id":"https:\/\/diarioprincipios.com\/index.php\/2020\/05\/30\/a-12-anos-de-una-ordenanza-historica-berazategui-ciudad-pionera-en-decirle-no-al-humo-de-tabaco\/"},"author":{"name":"Hern\u00e1n L\u00f3pez","@id":"https:\/\/diarioprincipios.com\/#\/schema\/person\/436d5a1fd41a5e250e23ff5a6a7cb080"},"headline":"A 12 a\u00f1os de una Ordenanza Hist\u00f3rica: Berazategui Ciudad pionera en decirle No al Humo de Tabaco","datePublished":"2020-05-30T22:29:35+00:00","dateModified":"2020-05-30T22:37:19+00:00","mainEntityOfPage":{"@id":"https:\/\/diarioprincipios.com\/index.php\/2020\/05\/30\/a-12-anos-de-una-ordenanza-historica-berazategui-ciudad-pionera-en-decirle-no-al-humo-de-tabaco\/"},"wordCount":356,"commentCount":0,"publisher":{"@id":"https:\/\/diarioprincipios.com\/#organization"},"image":{"@id":"https:\/\/diarioprincipios.com\/index.php\/2020\/05\/30\/a-12-anos-de-una-ordenanza-historica-berazategui-ciudad-pionera-en-decirle-no-al-humo-de-tabaco\/#primaryimage"},"thumbnailUrl":"https:\/\/diarioprincipios.com\/wp-content\/uploads\/2020\/05\/BERAZATEGUI_PIONERA_NO_TABACO_2.jpeg","articleSection":["Berazategui"],"inLanguage":"es","potentialAction":[{"@type":"CommentAction","name":"Comment","target":["https:\/\/diarioprincipios.com\/index.php\/2020\/05\/30\/a-12-anos-de-una-ordenanza-historica-berazategui-ciudad-pionera-en-decirle-no-al-humo-de-tabaco\/#respond"]}]},{"@type":"WebPage","@id":"https:\/\/diarioprincipios.com\/index.php\/2020\/05\/30\/a-12-anos-de-una-ordenanza-historica-berazategui-ciudad-pionera-en-decirle-no-al-humo-de-tabaco\/","url":"https:\/\/diarioprincipios.com\/index.php\/2020\/05\/30\/a-12-anos-de-una-ordenanza-historica-berazategui-ciudad-pionera-en-decirle-no-al-humo-de-tabaco\/","name":"A 12 a\u00f1os de una Ordenanza Hist\u00f3rica: Berazategui Ciudad pionera en decirle No al Humo de Tabaco - Principios","isPartOf":{"@id":"https:\/\/diarioprincipios.com\/#website"},"primaryImageOfPage":{"@id":"https:\/\/diarioprincipios.com\/index.php\/2020\/05\/30\/a-12-anos-de-una-ordenanza-historica-berazategui-ciudad-pionera-en-decirle-no-al-humo-de-tabaco\/#primaryimage"},"image":{"@id":"https:\/\/diarioprincipios.com\/index.php\/2020\/05\/30\/a-12-anos-de-una-ordenanza-historica-berazategui-ciudad-pionera-en-decirle-no-al-humo-de-tabaco\/#primaryimage"},"thumbnailUrl":"https:\/\/diarioprincipios.com\/wp-content\/uploads\/2020\/05\/BERAZATEGUI_PIONERA_NO_TABACO_2.jpeg","datePublished":"2020-05-30T22:29:35+00:00","dateModified":"2020-05-30T22:37:19+00:00","breadcrumb":{"@id":"https:\/\/diarioprincipios.com\/index.php\/2020\/05\/30\/a-12-anos-de-una-ordenanza-historica-berazategui-ciudad-pionera-en-decirle-no-al-humo-de-tabaco\/#breadcrumb"},"inLanguage":"es","potentialAction":[{"@type":"ReadAction","target":["https:\/\/diarioprincipios.com\/index.php\/2020\/05\/30\/a-12-anos-de-una-ordenanza-historica-berazategui-ciudad-pionera-en-decirle-no-al-humo-de-tabaco\/"]}]},{"@type":"ImageObject","inLanguage":"es","@id":"https:\/\/diarioprincipios.com\/index.php\/2020\/05\/30\/a-12-anos-de-una-ordenanza-historica-berazategui-ciudad-pionera-en-decirle-no-al-humo-de-tabaco\/#primaryimage","url":"https:\/\/diarioprincipios.com\/wp-content\/uploads\/2020\/05\/BERAZATEGUI_PIONERA_NO_TABACO_2.jpeg","contentUrl":"https:\/\/diarioprincipios.com\/wp-content\/uploads\/2020\/05\/BERAZATEGUI_PIONERA_NO_TABACO_2.jpeg","width":1280,"height":926},{"@type":"BreadcrumbList","@id":"https:\/\/diarioprincipios.com\/index.php\/2020\/05\/30\/a-12-anos-de-una-ordenanza-historica-berazategui-ciudad-pionera-en-decirle-no-al-humo-de-tabaco\/#breadcrumb","itemListElement":[{"@type":"ListItem","position":1,"name":"Portada","item":"https:\/\/diarioprincipios.com\/"},{"@type":"ListItem","position":2,"name":"A 12 a\u00f1os de una Ordenanza Hist\u00f3rica: Berazategui Ciudad pionera en decirle No al Humo de Tabaco"}]},{"@type":"WebSite","@id":"https:\/\/diarioprincipios.com\/#website","url":"https:\/\/diarioprincipios.com\/","name":"Principios","description":"Principios Diario","publisher":{"@id":"https:\/\/diarioprincipios.com\/#organization"},"potentialAction":[{"@type":"SearchAction","target":{"@type":"EntryPoint","urlTemplate":"https:\/\/diarioprincipios.com\/?s={search_term_string}"},"query-input":{"@type":"PropertyValueSpecification","valueRequired":true,"valueName":"search_term_string"}}],"inLanguage":"es"},{"@type":"Organization","@id":"https:\/\/diarioprincipios.com\/#organization","name":"Principios","url":"https:\/\/diarioprincipios.com\/","logo":{"@type":"ImageObject","inLanguage":"es","@id":"https:\/\/diarioprincipios.com\/#\/schema\/logo\/image\/","url":"https:\/\/diarioprincipios.com\/wp-content\/uploads\/2024\/04\/cropped-www.diarioprincipios.com_-1.png","contentUrl":"https:\/\/diarioprincipios.com\/wp-content\/uploads\/2024\/04\/cropped-www.diarioprincipios.com_-1.png","width":5325,"height":1454,"caption":"Principios"},"image":{"@id":"https:\/\/diarioprincipios.com\/#\/schema\/logo\/image\/"}},{"@type":"Person","@id":"https:\/\/diarioprincipios.com\/#\/schema\/person\/436d5a1fd41a5e250e23ff5a6a7cb080","name":"Hern\u00e1n L\u00f3pez","image":{"@type":"ImageObject","inLanguage":"es","@id":"https:\/\/diarioprincipios.com\/wp-content\/litespeed\/avatar\/11ddfe5610ff3bd100522525b2571f48.jpg?ver=1777048341","url":"https:\/\/diarioprincipios.com\/wp-content\/litespeed\/avatar\/11ddfe5610ff3bd100522525b2571f48.jpg?ver=1777048341","contentUrl":"https:\/\/diarioprincipios.com\/wp-content\/litespeed\/avatar\/11ddfe5610ff3bd100522525b2571f48.jpg?ver=1777048341","caption":"Hern\u00e1n L\u00f3pez"},"url":"https:\/\/diarioprincipios.com\/index.php\/author\/hernan\/"}]}},"jetpack_featured_media_url":"https:\/\/diarioprincipios.com\/wp-content\/uploads\/2020\/05\/BERAZATEGUI_PIONERA_NO_TABACO_2.jpeg","_links":{"self":[{"href":"https:\/\/diarioprincipios.com\/index.php\/wp-json\/wp\/v2\/posts\/2273","targetHints":{"allow":["GET"]}}],"collection":[{"href":"https:\/\/diarioprincipios.com\/index.php\/wp-json\/wp\/v2\/posts"}],"about":[{"href":"https:\/\/diarioprincipios.com\/index.php\/wp-json\/wp\/v2\/types\/post"}],"author":[{"embeddable":true,"href":"https:\/\/diarioprincipios.com\/index.php\/wp-json\/wp\/v2\/users\/2"}],"replies":[{"embeddable":true,"href":"https:\/\/diarioprincipios.com\/index.php\/wp-json\/wp\/v2\/comments?post=2273"}],"version-history":[{"count":2,"href":"https:\/\/diarioprincipios.com\/index.php\/wp-json\/wp\/v2\/posts\/2273\/revisions"}],"predecessor-version":[{"id":2276,"href":"https:\/\/diarioprincipios.com\/index.php\/wp-json\/wp\/v2\/posts\/2273\/revisions\/2276"}],"wp:featuredmedia":[{"embeddable":true,"href":"https:\/\/diarioprincipios.com\/index.php\/wp-json\/wp\/v2\/media\/2274"}],"wp:attachment":[{"href":"https:\/\/diarioprincipios.com\/index.php\/wp-json\/wp\/v2\/media?parent=2273"}],"wp:term":[{"taxonomy":"category","embeddable":true,"href":"https:\/\/diarioprincipios.com\/index.php\/wp-json\/wp\/v2\/categories?post=2273"},{"taxonomy":"post_tag","embeddable":true,"href":"https:\/\/diarioprincipios.com\/index.php\/wp-json\/wp\/v2\/tags?post=2273"}],"curies":[{"name":"wp","href":"https:\/\/api.w.org\/{rel}","templated":true}]}}