{"id":2270,"date":"2020-05-30T19:24:30","date_gmt":"2020-05-30T22:24:30","guid":{"rendered":"http:\/\/diarioprincipios.com\/?p=2270"},"modified":"2020-05-30T19:24:31","modified_gmt":"2020-05-30T22:24:31","slug":"operativo-de-control-vehicular-y-peatonal-en-san-francisco-solano","status":"publish","type":"post","link":"https:\/\/diarioprincipios.com\/index.php\/2020\/05\/30\/operativo-de-control-vehicular-y-peatonal-en-san-francisco-solano\/","title":{"rendered":"Operativo de Control Vehicular y Peatonal en San Francisco Solano"},"content":{"rendered":"\n<p>El Municipio de Quilmes informa que, por orden de la intendenta Mayra Mendoza, se realiz\u00f3 un operativo de control vehicular y peatonal en la intersecci\u00f3n de las calles 844 y 893 y hasta la 896, en San Francisco Solano, el cual se enmarca en las acciones que la Comuna realiza en funci\u00f3n de velar por el cumplimiento del DNU 297-2020, que establece el Aislamiento Social, Preventivo y Obligatorio, en materia de prevenci\u00f3n del virus COVID-19.<\/p>\n\n\n\n<p>El operativo consisti\u00f3 en controlar la temperatura de los peatones de la zona y verificar si tanto ellos como quienes transitaban con veh\u00edculos por la zona, contaban con el Certificado \u00danico Habilitante de Circulaci\u00f3n (CUHC), que es obligatorio para circular en la provincia de Buenos Aires, junto con la aplicaci\u00f3n \u201cCuidar\u201d.&nbsp;Esta acci\u00f3n fue parte de un trabajo articulado entre la Secretar\u00eda de Seguridad y Ordenamiento Urbano de Quilmes, a cargo de Gaspar De St\u00e9fano; la Agencia de Fiscalizaci\u00f3n y Control Comunal, encabezada por Alejandra Cordeiro, y el Centro de Gesti\u00f3n y Participaci\u00f3n Ciudadana de San Francisco Solano.<\/p>\n","protected":false},"excerpt":{"rendered":"<p>El Municipio de Quilmes informa que, por orden de la intendenta Mayra Mendoza, se realiz\u00f3 un operativo de control vehicular y peatonal en la intersecci\u00f3n de las calles 844 y 893 y hasta la 896, en San Francisco Solano, el cual se enmarca en las acciones que la Comuna realiza en funci\u00f3n de velar por&#8230;<\/p>\n","protected":false},"author":2,"featured_media":2271,"comment_status":"open","ping_status":"open","sticky":false,"template":"","format":"standard","meta":{"footnotes":""},"categories":[4],"tags":[],"class_list":["post-2270","post","type-post","status-publish","format-standard","has-post-thumbnail","hentry","category-quilmes"],"featured_image_src":"https:\/\/diarioprincipios.com\/wp-content\/uploads\/2020\/05\/CORONAVIRUS-OPERATIVO-DE-CONTROL-VEHICULAR-Y-PEATONAL-3-1024x767.jpeg","blog_images":{"medium":"https:\/\/diarioprincipios.com\/wp-content\/uploads\/2020\/05\/CORONAVIRUS-OPERATIVO-DE-CONTROL-VEHICULAR-Y-PEATONAL-3-300x225.jpeg","large":"https:\/\/diarioprincipios.com\/wp-content\/uploads\/2020\/05\/CORONAVIRUS-OPERATIVO-DE-CONTROL-VEHICULAR-Y-PEATONAL-3-1024x767.jpeg"},"ams_acf":[],"yoast_head":"<!-- This site is optimized with the Yoast SEO plugin v27.3 - https:\/\/yoast.com\/product\/yoast-seo-wordpress\/ -->\n<title>Operativo de Control Vehicular y Peatonal en San Francisco Solano - Principios<\/title>\n<meta name=\"robots\" content=\"index, follow, max-snippet:-1, max-image-preview:large, max-video-preview:-1\" \/>\n<link rel=\"canonical\" href=\"https:\/\/diarioprincipios.com\/index.php\/2020\/05\/30\/operativo-de-control-vehicular-y-peatonal-en-san-francisco-solano\/\" \/>\n<meta property=\"og:locale\" content=\"es_ES\" \/>\n<meta property=\"og:type\" content=\"article\" \/>\n<meta property=\"og:title\" content=\"Operativo de Control Vehicular y Peatonal en San Francisco Solano - Principios\" \/>\n<meta property=\"og:description\" content=\"El Municipio de Quilmes informa que, por orden de la intendenta Mayra Mendoza, se realiz\u00f3 un operativo de control vehicular y peatonal en la intersecci\u00f3n de las calles 844 y 893 y hasta la 896, en San Francisco Solano, el cual se enmarca en las acciones que la Comuna realiza en funci\u00f3n de velar por...\" \/>\n<meta property=\"og:url\" content=\"https:\/\/diarioprincipios.com\/index.php\/2020\/05\/30\/operativo-de-control-vehicular-y-peatonal-en-san-francisco-solano\/\" \/>\n<meta property=\"og:site_name\" content=\"Principios\" \/>\n<meta property=\"article:published_time\" content=\"2020-05-30T22:24:30+00:00\" \/>\n<meta property=\"article:modified_time\" content=\"2020-05-30T22:24:31+00:00\" \/>\n<meta property=\"og:image\" content=\"https:\/\/diarioprincipios.com\/wp-content\/uploads\/2020\/05\/CORONAVIRUS-OPERATIVO-DE-CONTROL-VEHICULAR-Y-PEATONAL-3.jpeg\" \/>\n\t<meta property=\"og:image:width\" content=\"1280\" \/>\n\t<meta property=\"og:image:height\" content=\"959\" \/>\n\t<meta property=\"og:image:type\" content=\"image\/jpeg\" \/>\n<meta name=\"author\" content=\"Hern\u00e1n L\u00f3pez\" \/>\n<meta name=\"twitter:card\" content=\"summary_large_image\" \/>\n<meta name=\"twitter:label1\" content=\"Escrito por\" \/>\n\t<meta name=\"twitter:data1\" content=\"Hern\u00e1n L\u00f3pez\" \/>\n\t<meta name=\"twitter:label2\" content=\"Tiempo de lectura\" \/>\n\t<meta name=\"twitter:data2\" content=\"1 minuto\" \/>\n<script type=\"application\/ld+json\" class=\"yoast-schema-graph\">{\"@context\":\"https:\\\/\\\/schema.org\",\"@graph\":[{\"@type\":\"Article\",\"@id\":\"https:\\\/\\\/diarioprincipios.com\\\/index.php\\\/2020\\\/05\\\/30\\\/operativo-de-control-vehicular-y-peatonal-en-san-francisco-solano\\\/#article\",\"isPartOf\":{\"@id\":\"https:\\\/\\\/diarioprincipios.com\\\/index.php\\\/2020\\\/05\\\/30\\\/operativo-de-control-vehicular-y-peatonal-en-san-francisco-solano\\\/\"},\"author\":{\"name\":\"Hern\u00e1n L\u00f3pez\",\"@id\":\"https:\\\/\\\/diarioprincipios.com\\\/#\\\/schema\\\/person\\\/436d5a1fd41a5e250e23ff5a6a7cb080\"},\"headline\":\"Operativo de Control Vehicular y Peatonal en San Francisco Solano\",\"datePublished\":\"2020-05-30T22:24:30+00:00\",\"dateModified\":\"2020-05-30T22:24:31+00:00\",\"mainEntityOfPage\":{\"@id\":\"https:\\\/\\\/diarioprincipios.com\\\/index.php\\\/2020\\\/05\\\/30\\\/operativo-de-control-vehicular-y-peatonal-en-san-francisco-solano\\\/\"},\"wordCount\":193,\"commentCount\":0,\"publisher\":{\"@id\":\"https:\\\/\\\/diarioprincipios.com\\\/#organization\"},\"image\":{\"@id\":\"https:\\\/\\\/diarioprincipios.com\\\/index.php\\\/2020\\\/05\\\/30\\\/operativo-de-control-vehicular-y-peatonal-en-san-francisco-solano\\\/#primaryimage\"},\"thumbnailUrl\":\"https:\\\/\\\/diarioprincipios.com\\\/wp-content\\\/uploads\\\/2020\\\/05\\\/CORONAVIRUS-OPERATIVO-DE-CONTROL-VEHICULAR-Y-PEATONAL-3.jpeg\",\"articleSection\":[\"Quilmes\"],\"inLanguage\":\"es\",\"potentialAction\":[{\"@type\":\"CommentAction\",\"name\":\"Comment\",\"target\":[\"https:\\\/\\\/diarioprincipios.com\\\/index.php\\\/2020\\\/05\\\/30\\\/operativo-de-control-vehicular-y-peatonal-en-san-francisco-solano\\\/#respond\"]}]},{\"@type\":\"WebPage\",\"@id\":\"https:\\\/\\\/diarioprincipios.com\\\/index.php\\\/2020\\\/05\\\/30\\\/operativo-de-control-vehicular-y-peatonal-en-san-francisco-solano\\\/\",\"url\":\"https:\\\/\\\/diarioprincipios.com\\\/index.php\\\/2020\\\/05\\\/30\\\/operativo-de-control-vehicular-y-peatonal-en-san-francisco-solano\\\/\",\"name\":\"Operativo de Control Vehicular y Peatonal en San Francisco Solano - Principios\",\"isPartOf\":{\"@id\":\"https:\\\/\\\/diarioprincipios.com\\\/#website\"},\"primaryImageOfPage\":{\"@id\":\"https:\\\/\\\/diarioprincipios.com\\\/index.php\\\/2020\\\/05\\\/30\\\/operativo-de-control-vehicular-y-peatonal-en-san-francisco-solano\\\/#primaryimage\"},\"image\":{\"@id\":\"https:\\\/\\\/diarioprincipios.com\\\/index.php\\\/2020\\\/05\\\/30\\\/operativo-de-control-vehicular-y-peatonal-en-san-francisco-solano\\\/#primaryimage\"},\"thumbnailUrl\":\"https:\\\/\\\/diarioprincipios.com\\\/wp-content\\\/uploads\\\/2020\\\/05\\\/CORONAVIRUS-OPERATIVO-DE-CONTROL-VEHICULAR-Y-PEATONAL-3.jpeg\",\"datePublished\":\"2020-05-30T22:24:30+00:00\",\"dateModified\":\"2020-05-30T22:24:31+00:00\",\"breadcrumb\":{\"@id\":\"https:\\\/\\\/diarioprincipios.com\\\/index.php\\\/2020\\\/05\\\/30\\\/operativo-de-control-vehicular-y-peatonal-en-san-francisco-solano\\\/#breadcrumb\"},\"inLanguage\":\"es\",\"potentialAction\":[{\"@type\":\"ReadAction\",\"target\":[\"https:\\\/\\\/diarioprincipios.com\\\/index.php\\\/2020\\\/05\\\/30\\\/operativo-de-control-vehicular-y-peatonal-en-san-francisco-solano\\\/\"]}]},{\"@type\":\"ImageObject\",\"inLanguage\":\"es\",\"@id\":\"https:\\\/\\\/diarioprincipios.com\\\/index.php\\\/2020\\\/05\\\/30\\\/operativo-de-control-vehicular-y-peatonal-en-san-francisco-solano\\\/#primaryimage\",\"url\":\"https:\\\/\\\/diarioprincipios.com\\\/wp-content\\\/uploads\\\/2020\\\/05\\\/CORONAVIRUS-OPERATIVO-DE-CONTROL-VEHICULAR-Y-PEATONAL-3.jpeg\",\"contentUrl\":\"https:\\\/\\\/diarioprincipios.com\\\/wp-content\\\/uploads\\\/2020\\\/05\\\/CORONAVIRUS-OPERATIVO-DE-CONTROL-VEHICULAR-Y-PEATONAL-3.jpeg\",\"width\":1280,\"height\":959},{\"@type\":\"BreadcrumbList\",\"@id\":\"https:\\\/\\\/diarioprincipios.com\\\/index.php\\\/2020\\\/05\\\/30\\\/operativo-de-control-vehicular-y-peatonal-en-san-francisco-solano\\\/#breadcrumb\",\"itemListElement\":[{\"@type\":\"ListItem\",\"position\":1,\"name\":\"Portada\",\"item\":\"https:\\\/\\\/diarioprincipios.com\\\/\"},{\"@type\":\"ListItem\",\"position\":2,\"name\":\"Operativo de Control Vehicular y Peatonal en San Francisco Solano\"}]},{\"@type\":\"WebSite\",\"@id\":\"https:\\\/\\\/diarioprincipios.com\\\/#website\",\"url\":\"https:\\\/\\\/diarioprincipios.com\\\/\",\"name\":\"Principios\",\"description\":\"Principios Diario\",\"publisher\":{\"@id\":\"https:\\\/\\\/diarioprincipios.com\\\/#organization\"},\"potentialAction\":[{\"@type\":\"SearchAction\",\"target\":{\"@type\":\"EntryPoint\",\"urlTemplate\":\"https:\\\/\\\/diarioprincipios.com\\\/?s={search_term_string}\"},\"query-input\":{\"@type\":\"PropertyValueSpecification\",\"valueRequired\":true,\"valueName\":\"search_term_string\"}}],\"inLanguage\":\"es\"},{\"@type\":\"Organization\",\"@id\":\"https:\\\/\\\/diarioprincipios.com\\\/#organization\",\"name\":\"Principios\",\"url\":\"https:\\\/\\\/diarioprincipios.com\\\/\",\"logo\":{\"@type\":\"ImageObject\",\"inLanguage\":\"es\",\"@id\":\"https:\\\/\\\/diarioprincipios.com\\\/#\\\/schema\\\/logo\\\/image\\\/\",\"url\":\"https:\\\/\\\/diarioprincipios.com\\\/wp-content\\\/uploads\\\/2024\\\/04\\\/cropped-www.diarioprincipios.com_-1.png\",\"contentUrl\":\"https:\\\/\\\/diarioprincipios.com\\\/wp-content\\\/uploads\\\/2024\\\/04\\\/cropped-www.diarioprincipios.com_-1.png\",\"width\":5325,\"height\":1454,\"caption\":\"Principios\"},\"image\":{\"@id\":\"https:\\\/\\\/diarioprincipios.com\\\/#\\\/schema\\\/logo\\\/image\\\/\"}},{\"@type\":\"Person\",\"@id\":\"https:\\\/\\\/diarioprincipios.com\\\/#\\\/schema\\\/person\\\/436d5a1fd41a5e250e23ff5a6a7cb080\",\"name\":\"Hern\u00e1n L\u00f3pez\",\"image\":{\"@type\":\"ImageObject\",\"inLanguage\":\"es\",\"@id\":\"https:\\\/\\\/diarioprincipios.com\\\/wp-content\\\/litespeed\\\/avatar\\\/11ddfe5610ff3bd100522525b2571f48.jpg?ver=1777048341\",\"url\":\"https:\\\/\\\/diarioprincipios.com\\\/wp-content\\\/litespeed\\\/avatar\\\/11ddfe5610ff3bd100522525b2571f48.jpg?ver=1777048341\",\"contentUrl\":\"https:\\\/\\\/diarioprincipios.com\\\/wp-content\\\/litespeed\\\/avatar\\\/11ddfe5610ff3bd100522525b2571f48.jpg?ver=1777048341\",\"caption\":\"Hern\u00e1n L\u00f3pez\"},\"url\":\"https:\\\/\\\/diarioprincipios.com\\\/index.php\\\/author\\\/hernan\\\/\"}]}<\/script>\n<!-- \/ Yoast SEO plugin. -->","yoast_head_json":{"title":"Operativo de Control Vehicular y Peatonal en San Francisco Solano - Principios","robots":{"index":"index","follow":"follow","max-snippet":"max-snippet:-1","max-image-preview":"max-image-preview:large","max-video-preview":"max-video-preview:-1"},"canonical":"https:\/\/diarioprincipios.com\/index.php\/2020\/05\/30\/operativo-de-control-vehicular-y-peatonal-en-san-francisco-solano\/","og_locale":"es_ES","og_type":"article","og_title":"Operativo de Control Vehicular y Peatonal en San Francisco Solano - Principios","og_description":"El Municipio de Quilmes informa que, por orden de la intendenta Mayra Mendoza, se realiz\u00f3 un operativo de control vehicular y peatonal en la intersecci\u00f3n de las calles 844 y 893 y hasta la 896, en San Francisco Solano, el cual se enmarca en las acciones que la Comuna realiza en funci\u00f3n de velar por...","og_url":"https:\/\/diarioprincipios.com\/index.php\/2020\/05\/30\/operativo-de-control-vehicular-y-peatonal-en-san-francisco-solano\/","og_site_name":"Principios","article_published_time":"2020-05-30T22:24:30+00:00","article_modified_time":"2020-05-30T22:24:31+00:00","og_image":[{"width":1280,"height":959,"url":"https:\/\/diarioprincipios.com\/wp-content\/uploads\/2020\/05\/CORONAVIRUS-OPERATIVO-DE-CONTROL-VEHICULAR-Y-PEATONAL-3.jpeg","type":"image\/jpeg"}],"author":"Hern\u00e1n L\u00f3pez","twitter_card":"summary_large_image","twitter_misc":{"Escrito por":"Hern\u00e1n L\u00f3pez","Tiempo de lectura":"1 minuto"},"schema":{"@context":"https:\/\/schema.org","@graph":[{"@type":"Article","@id":"https:\/\/diarioprincipios.com\/index.php\/2020\/05\/30\/operativo-de-control-vehicular-y-peatonal-en-san-francisco-solano\/#article","isPartOf":{"@id":"https:\/\/diarioprincipios.com\/index.php\/2020\/05\/30\/operativo-de-control-vehicular-y-peatonal-en-san-francisco-solano\/"},"author":{"name":"Hern\u00e1n L\u00f3pez","@id":"https:\/\/diarioprincipios.com\/#\/schema\/person\/436d5a1fd41a5e250e23ff5a6a7cb080"},"headline":"Operativo de Control Vehicular y Peatonal en San Francisco Solano","datePublished":"2020-05-30T22:24:30+00:00","dateModified":"2020-05-30T22:24:31+00:00","mainEntityOfPage":{"@id":"https:\/\/diarioprincipios.com\/index.php\/2020\/05\/30\/operativo-de-control-vehicular-y-peatonal-en-san-francisco-solano\/"},"wordCount":193,"commentCount":0,"publisher":{"@id":"https:\/\/diarioprincipios.com\/#organization"},"image":{"@id":"https:\/\/diarioprincipios.com\/index.php\/2020\/05\/30\/operativo-de-control-vehicular-y-peatonal-en-san-francisco-solano\/#primaryimage"},"thumbnailUrl":"https:\/\/diarioprincipios.com\/wp-content\/uploads\/2020\/05\/CORONAVIRUS-OPERATIVO-DE-CONTROL-VEHICULAR-Y-PEATONAL-3.jpeg","articleSection":["Quilmes"],"inLanguage":"es","potentialAction":[{"@type":"CommentAction","name":"Comment","target":["https:\/\/diarioprincipios.com\/index.php\/2020\/05\/30\/operativo-de-control-vehicular-y-peatonal-en-san-francisco-solano\/#respond"]}]},{"@type":"WebPage","@id":"https:\/\/diarioprincipios.com\/index.php\/2020\/05\/30\/operativo-de-control-vehicular-y-peatonal-en-san-francisco-solano\/","url":"https:\/\/diarioprincipios.com\/index.php\/2020\/05\/30\/operativo-de-control-vehicular-y-peatonal-en-san-francisco-solano\/","name":"Operativo de Control Vehicular y Peatonal en San Francisco Solano - Principios","isPartOf":{"@id":"https:\/\/diarioprincipios.com\/#website"},"primaryImageOfPage":{"@id":"https:\/\/diarioprincipios.com\/index.php\/2020\/05\/30\/operativo-de-control-vehicular-y-peatonal-en-san-francisco-solano\/#primaryimage"},"image":{"@id":"https:\/\/diarioprincipios.com\/index.php\/2020\/05\/30\/operativo-de-control-vehicular-y-peatonal-en-san-francisco-solano\/#primaryimage"},"thumbnailUrl":"https:\/\/diarioprincipios.com\/wp-content\/uploads\/2020\/05\/CORONAVIRUS-OPERATIVO-DE-CONTROL-VEHICULAR-Y-PEATONAL-3.jpeg","datePublished":"2020-05-30T22:24:30+00:00","dateModified":"2020-05-30T22:24:31+00:00","breadcrumb":{"@id":"https:\/\/diarioprincipios.com\/index.php\/2020\/05\/30\/operativo-de-control-vehicular-y-peatonal-en-san-francisco-solano\/#breadcrumb"},"inLanguage":"es","potentialAction":[{"@type":"ReadAction","target":["https:\/\/diarioprincipios.com\/index.php\/2020\/05\/30\/operativo-de-control-vehicular-y-peatonal-en-san-francisco-solano\/"]}]},{"@type":"ImageObject","inLanguage":"es","@id":"https:\/\/diarioprincipios.com\/index.php\/2020\/05\/30\/operativo-de-control-vehicular-y-peatonal-en-san-francisco-solano\/#primaryimage","url":"https:\/\/diarioprincipios.com\/wp-content\/uploads\/2020\/05\/CORONAVIRUS-OPERATIVO-DE-CONTROL-VEHICULAR-Y-PEATONAL-3.jpeg","contentUrl":"https:\/\/diarioprincipios.com\/wp-content\/uploads\/2020\/05\/CORONAVIRUS-OPERATIVO-DE-CONTROL-VEHICULAR-Y-PEATONAL-3.jpeg","width":1280,"height":959},{"@type":"BreadcrumbList","@id":"https:\/\/diarioprincipios.com\/index.php\/2020\/05\/30\/operativo-de-control-vehicular-y-peatonal-en-san-francisco-solano\/#breadcrumb","itemListElement":[{"@type":"ListItem","position":1,"name":"Portada","item":"https:\/\/diarioprincipios.com\/"},{"@type":"ListItem","position":2,"name":"Operativo de Control Vehicular y Peatonal en San Francisco Solano"}]},{"@type":"WebSite","@id":"https:\/\/diarioprincipios.com\/#website","url":"https:\/\/diarioprincipios.com\/","name":"Principios","description":"Principios Diario","publisher":{"@id":"https:\/\/diarioprincipios.com\/#organization"},"potentialAction":[{"@type":"SearchAction","target":{"@type":"EntryPoint","urlTemplate":"https:\/\/diarioprincipios.com\/?s={search_term_string}"},"query-input":{"@type":"PropertyValueSpecification","valueRequired":true,"valueName":"search_term_string"}}],"inLanguage":"es"},{"@type":"Organization","@id":"https:\/\/diarioprincipios.com\/#organization","name":"Principios","url":"https:\/\/diarioprincipios.com\/","logo":{"@type":"ImageObject","inLanguage":"es","@id":"https:\/\/diarioprincipios.com\/#\/schema\/logo\/image\/","url":"https:\/\/diarioprincipios.com\/wp-content\/uploads\/2024\/04\/cropped-www.diarioprincipios.com_-1.png","contentUrl":"https:\/\/diarioprincipios.com\/wp-content\/uploads\/2024\/04\/cropped-www.diarioprincipios.com_-1.png","width":5325,"height":1454,"caption":"Principios"},"image":{"@id":"https:\/\/diarioprincipios.com\/#\/schema\/logo\/image\/"}},{"@type":"Person","@id":"https:\/\/diarioprincipios.com\/#\/schema\/person\/436d5a1fd41a5e250e23ff5a6a7cb080","name":"Hern\u00e1n L\u00f3pez","image":{"@type":"ImageObject","inLanguage":"es","@id":"https:\/\/diarioprincipios.com\/wp-content\/litespeed\/avatar\/11ddfe5610ff3bd100522525b2571f48.jpg?ver=1777048341","url":"https:\/\/diarioprincipios.com\/wp-content\/litespeed\/avatar\/11ddfe5610ff3bd100522525b2571f48.jpg?ver=1777048341","contentUrl":"https:\/\/diarioprincipios.com\/wp-content\/litespeed\/avatar\/11ddfe5610ff3bd100522525b2571f48.jpg?ver=1777048341","caption":"Hern\u00e1n L\u00f3pez"},"url":"https:\/\/diarioprincipios.com\/index.php\/author\/hernan\/"}]}},"jetpack_featured_media_url":"https:\/\/diarioprincipios.com\/wp-content\/uploads\/2020\/05\/CORONAVIRUS-OPERATIVO-DE-CONTROL-VEHICULAR-Y-PEATONAL-3.jpeg","_links":{"self":[{"href":"https:\/\/diarioprincipios.com\/index.php\/wp-json\/wp\/v2\/posts\/2270","targetHints":{"allow":["GET"]}}],"collection":[{"href":"https:\/\/diarioprincipios.com\/index.php\/wp-json\/wp\/v2\/posts"}],"about":[{"href":"https:\/\/diarioprincipios.com\/index.php\/wp-json\/wp\/v2\/types\/post"}],"author":[{"embeddable":true,"href":"https:\/\/diarioprincipios.com\/index.php\/wp-json\/wp\/v2\/users\/2"}],"replies":[{"embeddable":true,"href":"https:\/\/diarioprincipios.com\/index.php\/wp-json\/wp\/v2\/comments?post=2270"}],"version-history":[{"count":1,"href":"https:\/\/diarioprincipios.com\/index.php\/wp-json\/wp\/v2\/posts\/2270\/revisions"}],"predecessor-version":[{"id":2272,"href":"https:\/\/diarioprincipios.com\/index.php\/wp-json\/wp\/v2\/posts\/2270\/revisions\/2272"}],"wp:featuredmedia":[{"embeddable":true,"href":"https:\/\/diarioprincipios.com\/index.php\/wp-json\/wp\/v2\/media\/2271"}],"wp:attachment":[{"href":"https:\/\/diarioprincipios.com\/index.php\/wp-json\/wp\/v2\/media?parent=2270"}],"wp:term":[{"taxonomy":"category","embeddable":true,"href":"https:\/\/diarioprincipios.com\/index.php\/wp-json\/wp\/v2\/categories?post=2270"},{"taxonomy":"post_tag","embeddable":true,"href":"https:\/\/diarioprincipios.com\/index.php\/wp-json\/wp\/v2\/tags?post=2270"}],"curies":[{"name":"wp","href":"https:\/\/api.w.org\/{rel}","templated":true}]}}