{"id":22688,"date":"2024-08-15T09:36:12","date_gmt":"2024-08-15T12:36:12","guid":{"rendered":"http:\/\/diarioprincipios.com\/?p=22688"},"modified":"2024-08-15T09:36:15","modified_gmt":"2024-08-15T12:36:15","slug":"comienza-la-feria-nacional-berazategui-artesanias","status":"publish","type":"post","link":"https:\/\/diarioprincipios.com\/index.php\/2024\/08\/15\/comienza-la-feria-nacional-berazategui-artesanias\/","title":{"rendered":"Comienza la Feria Nacional Berazategui Artesan\u00edas"},"content":{"rendered":"\n<p><strong>Este jueves 15 comenzar\u00e1 un evento emblem\u00e1tico en Berazategui: la Feria Nacional Berazategui Artesan\u00edas, en su 17ma edici\u00f3n. Contar\u00e1 con m\u00e1s de 200 artesanos y artesanas de todo el pa\u00eds. Permanecer\u00e1 abierta hasta el lunes 19 de agosto inclusive, de 15.00 a 21.00, en el Centro Municipal de Actividades Roberto De Vicenzo (calle 18 y 148). Como cada a\u00f1o, la entrada ser\u00e1 libre y gratuita.<\/strong><\/p>\n\n\n\n<figure class=\"wp-block-image size-large\"><img loading=\"lazy\" decoding=\"async\" width=\"1024\" height=\"682\" src=\"https:\/\/diarioprincipios.com\/wp-content\/uploads\/2024\/08\/COMIENZA-LA-FERIA-NACIONAL-BERAZATEGUI-ARTESANIAS-1-1024x682.jpg\" alt=\"\" class=\"wp-image-22689\" srcset=\"https:\/\/diarioprincipios.com\/wp-content\/uploads\/2024\/08\/COMIENZA-LA-FERIA-NACIONAL-BERAZATEGUI-ARTESANIAS-1-1024x682.jpg 1024w, https:\/\/diarioprincipios.com\/wp-content\/uploads\/2024\/08\/COMIENZA-LA-FERIA-NACIONAL-BERAZATEGUI-ARTESANIAS-1-300x200.jpg 300w, https:\/\/diarioprincipios.com\/wp-content\/uploads\/2024\/08\/COMIENZA-LA-FERIA-NACIONAL-BERAZATEGUI-ARTESANIAS-1-768x512.jpg 768w, https:\/\/diarioprincipios.com\/wp-content\/uploads\/2024\/08\/COMIENZA-LA-FERIA-NACIONAL-BERAZATEGUI-ARTESANIAS-1-1536x1023.jpg 1536w, https:\/\/diarioprincipios.com\/wp-content\/uploads\/2024\/08\/COMIENZA-LA-FERIA-NACIONAL-BERAZATEGUI-ARTESANIAS-1-820x545.jpg 820w, https:\/\/diarioprincipios.com\/wp-content\/uploads\/2024\/08\/COMIENZA-LA-FERIA-NACIONAL-BERAZATEGUI-ARTESANIAS-1-600x400.jpg 600w, https:\/\/diarioprincipios.com\/wp-content\/uploads\/2024\/08\/COMIENZA-LA-FERIA-NACIONAL-BERAZATEGUI-ARTESANIAS-1.jpg 1600w\" sizes=\"auto, (max-width: 1024px) 100vw, 1024px\" \/><\/figure>\n\n\n\n<p><br>La muestra es impulsada a\u00f1o tras a\u00f1o por el intendente Juan Jos\u00e9 Mussi y organizada a trav\u00e9s de la Secretar\u00eda de Cultura y Educaci\u00f3n. Esta propuesta se destaca por el dise\u00f1o, la calidad y la originalidad de sus artesan\u00edas, piezas \u00fanicas trabajadas con distintas t\u00e9cnicas.<br>\u201cEste evento es un lujo\u201d, asegur\u00f3 Federico L\u00f3pez, secretario de Cultura y Educaci\u00f3n de la Municipalidad de Berazategui. Y continu\u00f3: \u201cRe\u00fane a los mejores artesanos de todo el pa\u00eds. Son 200 en total, m\u00e1s los estudiantes de la Escuela Municipal de Artesan\u00edas, la primera del pa\u00eds, fundada hace m\u00e1s de 30 a\u00f1os por una fuerte decisi\u00f3n pol\u00edtica del intendente Juan Jos\u00e9 Mussi\u201d. Asimismo, L\u00f3pez destac\u00f3: \u201cEsta iniciativa se desarrolla bajo el concepto de muestra, porque busca la difusi\u00f3n de las artesan\u00edas. Creemos que son muy importantes estas propuestas, a la hora de construir comunidad e identidad, y darle la posibilidad a los vecinos y vecinas de participar y disfrutar de eventos de alt\u00edsima calidad\u201d.<\/p>\n\n\n\n<figure class=\"wp-block-image size-large\"><img loading=\"lazy\" decoding=\"async\" width=\"1024\" height=\"683\" src=\"https:\/\/diarioprincipios.com\/wp-content\/uploads\/2024\/08\/COMIENZA-LA-FERIA-NACIONAL-BERAZATEGUI-ARTESANIAS-2-1024x683.jpg\" alt=\"\" class=\"wp-image-22690\" srcset=\"https:\/\/diarioprincipios.com\/wp-content\/uploads\/2024\/08\/COMIENZA-LA-FERIA-NACIONAL-BERAZATEGUI-ARTESANIAS-2-1024x683.jpg 1024w, https:\/\/diarioprincipios.com\/wp-content\/uploads\/2024\/08\/COMIENZA-LA-FERIA-NACIONAL-BERAZATEGUI-ARTESANIAS-2-300x200.jpg 300w, https:\/\/diarioprincipios.com\/wp-content\/uploads\/2024\/08\/COMIENZA-LA-FERIA-NACIONAL-BERAZATEGUI-ARTESANIAS-2-768x512.jpg 768w, https:\/\/diarioprincipios.com\/wp-content\/uploads\/2024\/08\/COMIENZA-LA-FERIA-NACIONAL-BERAZATEGUI-ARTESANIAS-2-1536x1024.jpg 1536w, https:\/\/diarioprincipios.com\/wp-content\/uploads\/2024\/08\/COMIENZA-LA-FERIA-NACIONAL-BERAZATEGUI-ARTESANIAS-2-600x400.jpg 600w, https:\/\/diarioprincipios.com\/wp-content\/uploads\/2024\/08\/COMIENZA-LA-FERIA-NACIONAL-BERAZATEGUI-ARTESANIAS-2.jpg 1920w\" sizes=\"auto, (max-width: 1024px) 100vw, 1024px\" \/><\/figure>\n\n\n\n<p><br>\u201cQuienes asistan podr\u00e1n encontrarse con artesanos y artesanas, talleres abiertos y una infinidad de disciplinas, como plater\u00eda, joyer\u00eda, talabarter\u00eda, vidrio, cer\u00e1mica y fieltro, entre otras\u201d, agreg\u00f3 el Secretario.<br>El evento comprender\u00e1 el XVII Encuentro Nacional de Artesanos y la XXXII Feria de Maestros y Aprendices.\u00a0<br>Para conocer m\u00e1s sobre esta propuesta cultural de la Municipalidad de Berazategui y muchas m\u00e1s, se puede ingresar en\u00a0<a href=\"http:\/\/berazategui.gob.ar\/cultura\" target=\"_blank\" rel=\"noreferrer noopener\">berazategui.gob.ar\/cultura<\/a>.<\/p>\n","protected":false},"excerpt":{"rendered":"<p>Este jueves 15 comenzar\u00e1 un evento emblem\u00e1tico en Berazategui: la Feria Nacional Berazategui Artesan\u00edas, en su 17ma edici\u00f3n. Contar\u00e1 con m\u00e1s de 200 artesanos y artesanas de todo el pa\u00eds. Permanecer\u00e1 abierta hasta el lunes 19 de agosto inclusive, de 15.00 a 21.00, en el Centro Municipal de Actividades Roberto De Vicenzo (calle 18 y&#8230;<\/p>\n","protected":false},"author":2,"featured_media":22691,"comment_status":"open","ping_status":"open","sticky":false,"template":"","format":"standard","meta":{"footnotes":""},"categories":[3,19],"tags":[],"class_list":["post-22688","post","type-post","status-publish","format-standard","has-post-thumbnail","hentry","category-berazategui","category-cultura-educacion"],"featured_image_src":"https:\/\/diarioprincipios.com\/wp-content\/uploads\/2024\/08\/COMIENZA-LA-FERIA-NACIONAL-BERAZATEGUI-ARTESANIAS-4-1024x683.jpg","blog_images":{"medium":"https:\/\/diarioprincipios.com\/wp-content\/uploads\/2024\/08\/COMIENZA-LA-FERIA-NACIONAL-BERAZATEGUI-ARTESANIAS-4-300x200.jpg","large":"https:\/\/diarioprincipios.com\/wp-content\/uploads\/2024\/08\/COMIENZA-LA-FERIA-NACIONAL-BERAZATEGUI-ARTESANIAS-4-1024x683.jpg"},"ams_acf":[],"yoast_head":"<!-- This site is optimized with the Yoast SEO plugin v27.3 - https:\/\/yoast.com\/product\/yoast-seo-wordpress\/ -->\n<title>Comienza la Feria Nacional Berazategui Artesan\u00edas - Principios<\/title>\n<meta name=\"robots\" content=\"index, follow, max-snippet:-1, max-image-preview:large, max-video-preview:-1\" \/>\n<link rel=\"canonical\" href=\"https:\/\/diarioprincipios.com\/index.php\/2024\/08\/15\/comienza-la-feria-nacional-berazategui-artesanias\/\" \/>\n<meta property=\"og:locale\" content=\"es_ES\" \/>\n<meta property=\"og:type\" content=\"article\" \/>\n<meta property=\"og:title\" content=\"Comienza la Feria Nacional Berazategui Artesan\u00edas - Principios\" \/>\n<meta property=\"og:description\" content=\"Este jueves 15 comenzar\u00e1 un evento emblem\u00e1tico en Berazategui: la Feria Nacional Berazategui Artesan\u00edas, en su 17ma edici\u00f3n. Contar\u00e1 con m\u00e1s de 200 artesanos y artesanas de todo el pa\u00eds. Permanecer\u00e1 abierta hasta el lunes 19 de agosto inclusive, de 15.00 a 21.00, en el Centro Municipal de Actividades Roberto De Vicenzo (calle 18 y...\" \/>\n<meta property=\"og:url\" content=\"https:\/\/diarioprincipios.com\/index.php\/2024\/08\/15\/comienza-la-feria-nacional-berazategui-artesanias\/\" \/>\n<meta property=\"og:site_name\" content=\"Principios\" \/>\n<meta property=\"article:published_time\" content=\"2024-08-15T12:36:12+00:00\" \/>\n<meta property=\"article:modified_time\" content=\"2024-08-15T12:36:15+00:00\" \/>\n<meta property=\"og:image\" content=\"https:\/\/diarioprincipios.com\/wp-content\/uploads\/2024\/08\/COMIENZA-LA-FERIA-NACIONAL-BERAZATEGUI-ARTESANIAS-4.jpg\" \/>\n\t<meta property=\"og:image:width\" content=\"1920\" \/>\n\t<meta property=\"og:image:height\" content=\"1280\" \/>\n\t<meta property=\"og:image:type\" content=\"image\/jpeg\" \/>\n<meta name=\"author\" content=\"Hern\u00e1n L\u00f3pez\" \/>\n<meta name=\"twitter:card\" content=\"summary_large_image\" \/>\n<meta name=\"twitter:label1\" content=\"Escrito por\" \/>\n\t<meta name=\"twitter:data1\" content=\"Hern\u00e1n L\u00f3pez\" \/>\n\t<meta name=\"twitter:label2\" content=\"Tiempo de lectura\" \/>\n\t<meta name=\"twitter:data2\" content=\"2 minutos\" \/>\n<script type=\"application\/ld+json\" class=\"yoast-schema-graph\">{\"@context\":\"https:\\\/\\\/schema.org\",\"@graph\":[{\"@type\":\"Article\",\"@id\":\"https:\\\/\\\/diarioprincipios.com\\\/index.php\\\/2024\\\/08\\\/15\\\/comienza-la-feria-nacional-berazategui-artesanias\\\/#article\",\"isPartOf\":{\"@id\":\"https:\\\/\\\/diarioprincipios.com\\\/index.php\\\/2024\\\/08\\\/15\\\/comienza-la-feria-nacional-berazategui-artesanias\\\/\"},\"author\":{\"name\":\"Hern\u00e1n L\u00f3pez\",\"@id\":\"https:\\\/\\\/diarioprincipios.com\\\/#\\\/schema\\\/person\\\/436d5a1fd41a5e250e23ff5a6a7cb080\"},\"headline\":\"Comienza la Feria Nacional Berazategui Artesan\u00edas\",\"datePublished\":\"2024-08-15T12:36:12+00:00\",\"dateModified\":\"2024-08-15T12:36:15+00:00\",\"mainEntityOfPage\":{\"@id\":\"https:\\\/\\\/diarioprincipios.com\\\/index.php\\\/2024\\\/08\\\/15\\\/comienza-la-feria-nacional-berazategui-artesanias\\\/\"},\"wordCount\":326,\"commentCount\":0,\"publisher\":{\"@id\":\"https:\\\/\\\/diarioprincipios.com\\\/#organization\"},\"image\":{\"@id\":\"https:\\\/\\\/diarioprincipios.com\\\/index.php\\\/2024\\\/08\\\/15\\\/comienza-la-feria-nacional-berazategui-artesanias\\\/#primaryimage\"},\"thumbnailUrl\":\"https:\\\/\\\/diarioprincipios.com\\\/wp-content\\\/uploads\\\/2024\\\/08\\\/COMIENZA-LA-FERIA-NACIONAL-BERAZATEGUI-ARTESANIAS-4.jpg\",\"articleSection\":[\"Berazategui\",\"Cultura y Educaci\u00f3n\"],\"inLanguage\":\"es\",\"potentialAction\":[{\"@type\":\"CommentAction\",\"name\":\"Comment\",\"target\":[\"https:\\\/\\\/diarioprincipios.com\\\/index.php\\\/2024\\\/08\\\/15\\\/comienza-la-feria-nacional-berazategui-artesanias\\\/#respond\"]}]},{\"@type\":\"WebPage\",\"@id\":\"https:\\\/\\\/diarioprincipios.com\\\/index.php\\\/2024\\\/08\\\/15\\\/comienza-la-feria-nacional-berazategui-artesanias\\\/\",\"url\":\"https:\\\/\\\/diarioprincipios.com\\\/index.php\\\/2024\\\/08\\\/15\\\/comienza-la-feria-nacional-berazategui-artesanias\\\/\",\"name\":\"Comienza la Feria Nacional Berazategui Artesan\u00edas - Principios\",\"isPartOf\":{\"@id\":\"https:\\\/\\\/diarioprincipios.com\\\/#website\"},\"primaryImageOfPage\":{\"@id\":\"https:\\\/\\\/diarioprincipios.com\\\/index.php\\\/2024\\\/08\\\/15\\\/comienza-la-feria-nacional-berazategui-artesanias\\\/#primaryimage\"},\"image\":{\"@id\":\"https:\\\/\\\/diarioprincipios.com\\\/index.php\\\/2024\\\/08\\\/15\\\/comienza-la-feria-nacional-berazategui-artesanias\\\/#primaryimage\"},\"thumbnailUrl\":\"https:\\\/\\\/diarioprincipios.com\\\/wp-content\\\/uploads\\\/2024\\\/08\\\/COMIENZA-LA-FERIA-NACIONAL-BERAZATEGUI-ARTESANIAS-4.jpg\",\"datePublished\":\"2024-08-15T12:36:12+00:00\",\"dateModified\":\"2024-08-15T12:36:15+00:00\",\"breadcrumb\":{\"@id\":\"https:\\\/\\\/diarioprincipios.com\\\/index.php\\\/2024\\\/08\\\/15\\\/comienza-la-feria-nacional-berazategui-artesanias\\\/#breadcrumb\"},\"inLanguage\":\"es\",\"potentialAction\":[{\"@type\":\"ReadAction\",\"target\":[\"https:\\\/\\\/diarioprincipios.com\\\/index.php\\\/2024\\\/08\\\/15\\\/comienza-la-feria-nacional-berazategui-artesanias\\\/\"]}]},{\"@type\":\"ImageObject\",\"inLanguage\":\"es\",\"@id\":\"https:\\\/\\\/diarioprincipios.com\\\/index.php\\\/2024\\\/08\\\/15\\\/comienza-la-feria-nacional-berazategui-artesanias\\\/#primaryimage\",\"url\":\"https:\\\/\\\/diarioprincipios.com\\\/wp-content\\\/uploads\\\/2024\\\/08\\\/COMIENZA-LA-FERIA-NACIONAL-BERAZATEGUI-ARTESANIAS-4.jpg\",\"contentUrl\":\"https:\\\/\\\/diarioprincipios.com\\\/wp-content\\\/uploads\\\/2024\\\/08\\\/COMIENZA-LA-FERIA-NACIONAL-BERAZATEGUI-ARTESANIAS-4.jpg\",\"width\":1920,\"height\":1280},{\"@type\":\"BreadcrumbList\",\"@id\":\"https:\\\/\\\/diarioprincipios.com\\\/index.php\\\/2024\\\/08\\\/15\\\/comienza-la-feria-nacional-berazategui-artesanias\\\/#breadcrumb\",\"itemListElement\":[{\"@type\":\"ListItem\",\"position\":1,\"name\":\"Portada\",\"item\":\"https:\\\/\\\/diarioprincipios.com\\\/\"},{\"@type\":\"ListItem\",\"position\":2,\"name\":\"Comienza la Feria Nacional Berazategui Artesan\u00edas\"}]},{\"@type\":\"WebSite\",\"@id\":\"https:\\\/\\\/diarioprincipios.com\\\/#website\",\"url\":\"https:\\\/\\\/diarioprincipios.com\\\/\",\"name\":\"Principios\",\"description\":\"Principios Diario\",\"publisher\":{\"@id\":\"https:\\\/\\\/diarioprincipios.com\\\/#organization\"},\"potentialAction\":[{\"@type\":\"SearchAction\",\"target\":{\"@type\":\"EntryPoint\",\"urlTemplate\":\"https:\\\/\\\/diarioprincipios.com\\\/?s={search_term_string}\"},\"query-input\":{\"@type\":\"PropertyValueSpecification\",\"valueRequired\":true,\"valueName\":\"search_term_string\"}}],\"inLanguage\":\"es\"},{\"@type\":\"Organization\",\"@id\":\"https:\\\/\\\/diarioprincipios.com\\\/#organization\",\"name\":\"Principios\",\"url\":\"https:\\\/\\\/diarioprincipios.com\\\/\",\"logo\":{\"@type\":\"ImageObject\",\"inLanguage\":\"es\",\"@id\":\"https:\\\/\\\/diarioprincipios.com\\\/#\\\/schema\\\/logo\\\/image\\\/\",\"url\":\"https:\\\/\\\/diarioprincipios.com\\\/wp-content\\\/uploads\\\/2024\\\/04\\\/cropped-www.diarioprincipios.com_-1.png\",\"contentUrl\":\"https:\\\/\\\/diarioprincipios.com\\\/wp-content\\\/uploads\\\/2024\\\/04\\\/cropped-www.diarioprincipios.com_-1.png\",\"width\":5325,\"height\":1454,\"caption\":\"Principios\"},\"image\":{\"@id\":\"https:\\\/\\\/diarioprincipios.com\\\/#\\\/schema\\\/logo\\\/image\\\/\"}},{\"@type\":\"Person\",\"@id\":\"https:\\\/\\\/diarioprincipios.com\\\/#\\\/schema\\\/person\\\/436d5a1fd41a5e250e23ff5a6a7cb080\",\"name\":\"Hern\u00e1n L\u00f3pez\",\"image\":{\"@type\":\"ImageObject\",\"inLanguage\":\"es\",\"@id\":\"https:\\\/\\\/diarioprincipios.com\\\/wp-content\\\/litespeed\\\/avatar\\\/11ddfe5610ff3bd100522525b2571f48.jpg?ver=1777048341\",\"url\":\"https:\\\/\\\/diarioprincipios.com\\\/wp-content\\\/litespeed\\\/avatar\\\/11ddfe5610ff3bd100522525b2571f48.jpg?ver=1777048341\",\"contentUrl\":\"https:\\\/\\\/diarioprincipios.com\\\/wp-content\\\/litespeed\\\/avatar\\\/11ddfe5610ff3bd100522525b2571f48.jpg?ver=1777048341\",\"caption\":\"Hern\u00e1n L\u00f3pez\"},\"url\":\"https:\\\/\\\/diarioprincipios.com\\\/index.php\\\/author\\\/hernan\\\/\"}]}<\/script>\n<!-- \/ Yoast SEO plugin. -->","yoast_head_json":{"title":"Comienza la Feria Nacional Berazategui Artesan\u00edas - Principios","robots":{"index":"index","follow":"follow","max-snippet":"max-snippet:-1","max-image-preview":"max-image-preview:large","max-video-preview":"max-video-preview:-1"},"canonical":"https:\/\/diarioprincipios.com\/index.php\/2024\/08\/15\/comienza-la-feria-nacional-berazategui-artesanias\/","og_locale":"es_ES","og_type":"article","og_title":"Comienza la Feria Nacional Berazategui Artesan\u00edas - Principios","og_description":"Este jueves 15 comenzar\u00e1 un evento emblem\u00e1tico en Berazategui: la Feria Nacional Berazategui Artesan\u00edas, en su 17ma edici\u00f3n. Contar\u00e1 con m\u00e1s de 200 artesanos y artesanas de todo el pa\u00eds. Permanecer\u00e1 abierta hasta el lunes 19 de agosto inclusive, de 15.00 a 21.00, en el Centro Municipal de Actividades Roberto De Vicenzo (calle 18 y...","og_url":"https:\/\/diarioprincipios.com\/index.php\/2024\/08\/15\/comienza-la-feria-nacional-berazategui-artesanias\/","og_site_name":"Principios","article_published_time":"2024-08-15T12:36:12+00:00","article_modified_time":"2024-08-15T12:36:15+00:00","og_image":[{"width":1920,"height":1280,"url":"https:\/\/diarioprincipios.com\/wp-content\/uploads\/2024\/08\/COMIENZA-LA-FERIA-NACIONAL-BERAZATEGUI-ARTESANIAS-4.jpg","type":"image\/jpeg"}],"author":"Hern\u00e1n L\u00f3pez","twitter_card":"summary_large_image","twitter_misc":{"Escrito por":"Hern\u00e1n L\u00f3pez","Tiempo de lectura":"2 minutos"},"schema":{"@context":"https:\/\/schema.org","@graph":[{"@type":"Article","@id":"https:\/\/diarioprincipios.com\/index.php\/2024\/08\/15\/comienza-la-feria-nacional-berazategui-artesanias\/#article","isPartOf":{"@id":"https:\/\/diarioprincipios.com\/index.php\/2024\/08\/15\/comienza-la-feria-nacional-berazategui-artesanias\/"},"author":{"name":"Hern\u00e1n L\u00f3pez","@id":"https:\/\/diarioprincipios.com\/#\/schema\/person\/436d5a1fd41a5e250e23ff5a6a7cb080"},"headline":"Comienza la Feria Nacional Berazategui Artesan\u00edas","datePublished":"2024-08-15T12:36:12+00:00","dateModified":"2024-08-15T12:36:15+00:00","mainEntityOfPage":{"@id":"https:\/\/diarioprincipios.com\/index.php\/2024\/08\/15\/comienza-la-feria-nacional-berazategui-artesanias\/"},"wordCount":326,"commentCount":0,"publisher":{"@id":"https:\/\/diarioprincipios.com\/#organization"},"image":{"@id":"https:\/\/diarioprincipios.com\/index.php\/2024\/08\/15\/comienza-la-feria-nacional-berazategui-artesanias\/#primaryimage"},"thumbnailUrl":"https:\/\/diarioprincipios.com\/wp-content\/uploads\/2024\/08\/COMIENZA-LA-FERIA-NACIONAL-BERAZATEGUI-ARTESANIAS-4.jpg","articleSection":["Berazategui","Cultura y Educaci\u00f3n"],"inLanguage":"es","potentialAction":[{"@type":"CommentAction","name":"Comment","target":["https:\/\/diarioprincipios.com\/index.php\/2024\/08\/15\/comienza-la-feria-nacional-berazategui-artesanias\/#respond"]}]},{"@type":"WebPage","@id":"https:\/\/diarioprincipios.com\/index.php\/2024\/08\/15\/comienza-la-feria-nacional-berazategui-artesanias\/","url":"https:\/\/diarioprincipios.com\/index.php\/2024\/08\/15\/comienza-la-feria-nacional-berazategui-artesanias\/","name":"Comienza la Feria Nacional Berazategui Artesan\u00edas - Principios","isPartOf":{"@id":"https:\/\/diarioprincipios.com\/#website"},"primaryImageOfPage":{"@id":"https:\/\/diarioprincipios.com\/index.php\/2024\/08\/15\/comienza-la-feria-nacional-berazategui-artesanias\/#primaryimage"},"image":{"@id":"https:\/\/diarioprincipios.com\/index.php\/2024\/08\/15\/comienza-la-feria-nacional-berazategui-artesanias\/#primaryimage"},"thumbnailUrl":"https:\/\/diarioprincipios.com\/wp-content\/uploads\/2024\/08\/COMIENZA-LA-FERIA-NACIONAL-BERAZATEGUI-ARTESANIAS-4.jpg","datePublished":"2024-08-15T12:36:12+00:00","dateModified":"2024-08-15T12:36:15+00:00","breadcrumb":{"@id":"https:\/\/diarioprincipios.com\/index.php\/2024\/08\/15\/comienza-la-feria-nacional-berazategui-artesanias\/#breadcrumb"},"inLanguage":"es","potentialAction":[{"@type":"ReadAction","target":["https:\/\/diarioprincipios.com\/index.php\/2024\/08\/15\/comienza-la-feria-nacional-berazategui-artesanias\/"]}]},{"@type":"ImageObject","inLanguage":"es","@id":"https:\/\/diarioprincipios.com\/index.php\/2024\/08\/15\/comienza-la-feria-nacional-berazategui-artesanias\/#primaryimage","url":"https:\/\/diarioprincipios.com\/wp-content\/uploads\/2024\/08\/COMIENZA-LA-FERIA-NACIONAL-BERAZATEGUI-ARTESANIAS-4.jpg","contentUrl":"https:\/\/diarioprincipios.com\/wp-content\/uploads\/2024\/08\/COMIENZA-LA-FERIA-NACIONAL-BERAZATEGUI-ARTESANIAS-4.jpg","width":1920,"height":1280},{"@type":"BreadcrumbList","@id":"https:\/\/diarioprincipios.com\/index.php\/2024\/08\/15\/comienza-la-feria-nacional-berazategui-artesanias\/#breadcrumb","itemListElement":[{"@type":"ListItem","position":1,"name":"Portada","item":"https:\/\/diarioprincipios.com\/"},{"@type":"ListItem","position":2,"name":"Comienza la Feria Nacional Berazategui Artesan\u00edas"}]},{"@type":"WebSite","@id":"https:\/\/diarioprincipios.com\/#website","url":"https:\/\/diarioprincipios.com\/","name":"Principios","description":"Principios Diario","publisher":{"@id":"https:\/\/diarioprincipios.com\/#organization"},"potentialAction":[{"@type":"SearchAction","target":{"@type":"EntryPoint","urlTemplate":"https:\/\/diarioprincipios.com\/?s={search_term_string}"},"query-input":{"@type":"PropertyValueSpecification","valueRequired":true,"valueName":"search_term_string"}}],"inLanguage":"es"},{"@type":"Organization","@id":"https:\/\/diarioprincipios.com\/#organization","name":"Principios","url":"https:\/\/diarioprincipios.com\/","logo":{"@type":"ImageObject","inLanguage":"es","@id":"https:\/\/diarioprincipios.com\/#\/schema\/logo\/image\/","url":"https:\/\/diarioprincipios.com\/wp-content\/uploads\/2024\/04\/cropped-www.diarioprincipios.com_-1.png","contentUrl":"https:\/\/diarioprincipios.com\/wp-content\/uploads\/2024\/04\/cropped-www.diarioprincipios.com_-1.png","width":5325,"height":1454,"caption":"Principios"},"image":{"@id":"https:\/\/diarioprincipios.com\/#\/schema\/logo\/image\/"}},{"@type":"Person","@id":"https:\/\/diarioprincipios.com\/#\/schema\/person\/436d5a1fd41a5e250e23ff5a6a7cb080","name":"Hern\u00e1n L\u00f3pez","image":{"@type":"ImageObject","inLanguage":"es","@id":"https:\/\/diarioprincipios.com\/wp-content\/litespeed\/avatar\/11ddfe5610ff3bd100522525b2571f48.jpg?ver=1777048341","url":"https:\/\/diarioprincipios.com\/wp-content\/litespeed\/avatar\/11ddfe5610ff3bd100522525b2571f48.jpg?ver=1777048341","contentUrl":"https:\/\/diarioprincipios.com\/wp-content\/litespeed\/avatar\/11ddfe5610ff3bd100522525b2571f48.jpg?ver=1777048341","caption":"Hern\u00e1n L\u00f3pez"},"url":"https:\/\/diarioprincipios.com\/index.php\/author\/hernan\/"}]}},"jetpack_featured_media_url":"https:\/\/diarioprincipios.com\/wp-content\/uploads\/2024\/08\/COMIENZA-LA-FERIA-NACIONAL-BERAZATEGUI-ARTESANIAS-4.jpg","_links":{"self":[{"href":"https:\/\/diarioprincipios.com\/index.php\/wp-json\/wp\/v2\/posts\/22688","targetHints":{"allow":["GET"]}}],"collection":[{"href":"https:\/\/diarioprincipios.com\/index.php\/wp-json\/wp\/v2\/posts"}],"about":[{"href":"https:\/\/diarioprincipios.com\/index.php\/wp-json\/wp\/v2\/types\/post"}],"author":[{"embeddable":true,"href":"https:\/\/diarioprincipios.com\/index.php\/wp-json\/wp\/v2\/users\/2"}],"replies":[{"embeddable":true,"href":"https:\/\/diarioprincipios.com\/index.php\/wp-json\/wp\/v2\/comments?post=22688"}],"version-history":[{"count":1,"href":"https:\/\/diarioprincipios.com\/index.php\/wp-json\/wp\/v2\/posts\/22688\/revisions"}],"predecessor-version":[{"id":22692,"href":"https:\/\/diarioprincipios.com\/index.php\/wp-json\/wp\/v2\/posts\/22688\/revisions\/22692"}],"wp:featuredmedia":[{"embeddable":true,"href":"https:\/\/diarioprincipios.com\/index.php\/wp-json\/wp\/v2\/media\/22691"}],"wp:attachment":[{"href":"https:\/\/diarioprincipios.com\/index.php\/wp-json\/wp\/v2\/media?parent=22688"}],"wp:term":[{"taxonomy":"category","embeddable":true,"href":"https:\/\/diarioprincipios.com\/index.php\/wp-json\/wp\/v2\/categories?post=22688"},{"taxonomy":"post_tag","embeddable":true,"href":"https:\/\/diarioprincipios.com\/index.php\/wp-json\/wp\/v2\/tags?post=22688"}],"curies":[{"name":"wp","href":"https:\/\/api.w.org\/{rel}","templated":true}]}}