{"id":22685,"date":"2024-08-14T10:55:36","date_gmt":"2024-08-14T13:55:36","guid":{"rendered":"http:\/\/diarioprincipios.com\/?p=22685"},"modified":"2024-08-14T10:55:39","modified_gmt":"2024-08-14T13:55:39","slug":"total-acatamiento-al-paro-de-docentes-universitarios-en-la-jauretche","status":"publish","type":"post","link":"https:\/\/diarioprincipios.com\/index.php\/2024\/08\/14\/total-acatamiento-al-paro-de-docentes-universitarios-en-la-jauretche\/","title":{"rendered":"Total acatamiento al Paro de Docentes Universitarios en la Jauretche"},"content":{"rendered":"\n<p>La segunda jornada de lucha, coincidi\u00f3 con el abrazo a la UNAJ que en 2018 evit\u00f3 su inminente cierre, estuvo inevitablemente influenciada por el recuerdo de aquella jornada y el homenaje realizado en conjunto con nodocentes y estudiantes.<br>Luego de la radio abierta llevada a cabo en la radio de la universidad, Clara Chevalier secretaria general de ADEIUNAJ, se\u00f1al\u00f3 que \u201ctanto en aquel abrazo como hoy estamos defendiendo puestos de trabajo pero tambi\u00e9n el entramado de inversiones que hacen a la calidad educativa: salarios, becas, aulas, laboratorios, fondos para investigaci\u00f3n. No se puede educar para el futuro a j\u00f3venes que no tienen la tranquilidad de saber si les alcanza la plata para viajar a la universidad, comprar un apunte y rendir materias\u201d.<br>Esta segunda jornada \u201ccont\u00f3 con una adhesi\u00f3n plena registr\u00e1ndose en la universidad la presencia de estudiantes que ven\u00edan a consultar por alguna materia, efectuar un tr\u00e1mite o adquirir apuntes mientras que la actividad acad\u00e9mica fue nula\u201d.<br>El d\u00eda de hoy el sindicato continuar\u00e1 difundiendo entre docentes y estudiantes datos sobre la situaci\u00f3n salarial y presupuestaria: sueldos con p\u00e9rdidas de m\u00e1s de 50% en 6 meses, becas congeladas en $20.000 desde hace dos a\u00f1os, aumento del pasaje de colectivos entre otras situaciones que afectan a la educaci\u00f3n y a la calidad educativa. La situaci\u00f3n de asfixia salarial es de suma gravedad, por primera vez en la universidad se escuchan relatos de docentes que dejan de lado una de las comidas, que piden licencias cuando no les alcanza para viajar o eval\u00faan la renuncia porque trabajar ha perdido sentido econ\u00f3mico.<\/p>\n\n\n\n<p>Mas informaci\u00f3n:&nbsp;<a rel=\"noreferrer noopener\" target=\"_blank\" href=\"https:\/\/adeiunaj.com.ar\/adeiunaj-en-consulta-no-inicio-del-2do-cuatrimestre-con-72hs-de-paro\/\">https:\/\/adeiunaj.com.ar\/adeiunaj-en-consulta-no-inicio-del-2do-cuatrimestre-con-72hs-de-paro\/<\/a><\/p>\n","protected":false},"excerpt":{"rendered":"<p>La segunda jornada de lucha, coincidi\u00f3 con el abrazo a la UNAJ que en 2018 evit\u00f3 su inminente cierre, estuvo inevitablemente influenciada por el recuerdo de aquella jornada y el homenaje realizado en conjunto con nodocentes y estudiantes.Luego de la radio abierta llevada a cabo en la radio de la universidad, Clara Chevalier secretaria general&#8230;<\/p>\n","protected":false},"author":2,"featured_media":22686,"comment_status":"open","ping_status":"open","sticky":false,"template":"","format":"standard","meta":{"footnotes":""},"categories":[21,17],"tags":[],"class_list":["post-22685","post","type-post","status-publish","format-standard","has-post-thumbnail","hentry","category-gremiales","category-zona-sur"],"featured_image_src":"https:\/\/diarioprincipios.com\/wp-content\/uploads\/2024\/08\/WhatsApp-Image-2024-08-13-at-13.15.04-1024x576.jpeg","blog_images":{"medium":"https:\/\/diarioprincipios.com\/wp-content\/uploads\/2024\/08\/WhatsApp-Image-2024-08-13-at-13.15.04-300x169.jpeg","large":"https:\/\/diarioprincipios.com\/wp-content\/uploads\/2024\/08\/WhatsApp-Image-2024-08-13-at-13.15.04-1024x576.jpeg"},"ams_acf":[],"yoast_head":"<!-- This site is optimized with the Yoast SEO plugin v27.3 - https:\/\/yoast.com\/product\/yoast-seo-wordpress\/ -->\n<title>Total acatamiento al Paro de Docentes Universitarios en la Jauretche - Principios<\/title>\n<meta name=\"robots\" content=\"index, follow, max-snippet:-1, max-image-preview:large, max-video-preview:-1\" \/>\n<link rel=\"canonical\" href=\"https:\/\/diarioprincipios.com\/index.php\/2024\/08\/14\/total-acatamiento-al-paro-de-docentes-universitarios-en-la-jauretche\/\" \/>\n<meta property=\"og:locale\" content=\"es_ES\" \/>\n<meta property=\"og:type\" content=\"article\" \/>\n<meta property=\"og:title\" content=\"Total acatamiento al Paro de Docentes Universitarios en la Jauretche - Principios\" \/>\n<meta property=\"og:description\" content=\"La segunda jornada de lucha, coincidi\u00f3 con el abrazo a la UNAJ que en 2018 evit\u00f3 su inminente cierre, estuvo inevitablemente influenciada por el recuerdo de aquella jornada y el homenaje realizado en conjunto con nodocentes y estudiantes.Luego de la radio abierta llevada a cabo en la radio de la universidad, Clara Chevalier secretaria general...\" \/>\n<meta property=\"og:url\" content=\"https:\/\/diarioprincipios.com\/index.php\/2024\/08\/14\/total-acatamiento-al-paro-de-docentes-universitarios-en-la-jauretche\/\" \/>\n<meta property=\"og:site_name\" content=\"Principios\" \/>\n<meta property=\"article:published_time\" content=\"2024-08-14T13:55:36+00:00\" \/>\n<meta property=\"article:modified_time\" content=\"2024-08-14T13:55:39+00:00\" \/>\n<meta property=\"og:image\" content=\"https:\/\/diarioprincipios.com\/wp-content\/uploads\/2024\/08\/WhatsApp-Image-2024-08-13-at-13.15.04.jpeg\" \/>\n\t<meta property=\"og:image:width\" content=\"1599\" \/>\n\t<meta property=\"og:image:height\" content=\"899\" \/>\n\t<meta property=\"og:image:type\" content=\"image\/jpeg\" \/>\n<meta name=\"author\" content=\"Hern\u00e1n L\u00f3pez\" \/>\n<meta name=\"twitter:card\" content=\"summary_large_image\" \/>\n<meta name=\"twitter:label1\" content=\"Escrito por\" \/>\n\t<meta name=\"twitter:data1\" content=\"Hern\u00e1n L\u00f3pez\" \/>\n\t<meta name=\"twitter:label2\" content=\"Tiempo de lectura\" \/>\n\t<meta name=\"twitter:data2\" content=\"2 minutos\" \/>\n<script type=\"application\/ld+json\" class=\"yoast-schema-graph\">{\"@context\":\"https:\\\/\\\/schema.org\",\"@graph\":[{\"@type\":\"Article\",\"@id\":\"https:\\\/\\\/diarioprincipios.com\\\/index.php\\\/2024\\\/08\\\/14\\\/total-acatamiento-al-paro-de-docentes-universitarios-en-la-jauretche\\\/#article\",\"isPartOf\":{\"@id\":\"https:\\\/\\\/diarioprincipios.com\\\/index.php\\\/2024\\\/08\\\/14\\\/total-acatamiento-al-paro-de-docentes-universitarios-en-la-jauretche\\\/\"},\"author\":{\"name\":\"Hern\u00e1n L\u00f3pez\",\"@id\":\"https:\\\/\\\/diarioprincipios.com\\\/#\\\/schema\\\/person\\\/436d5a1fd41a5e250e23ff5a6a7cb080\"},\"headline\":\"Total acatamiento al Paro de Docentes Universitarios en la Jauretche\",\"datePublished\":\"2024-08-14T13:55:36+00:00\",\"dateModified\":\"2024-08-14T13:55:39+00:00\",\"mainEntityOfPage\":{\"@id\":\"https:\\\/\\\/diarioprincipios.com\\\/index.php\\\/2024\\\/08\\\/14\\\/total-acatamiento-al-paro-de-docentes-universitarios-en-la-jauretche\\\/\"},\"wordCount\":295,\"commentCount\":0,\"publisher\":{\"@id\":\"https:\\\/\\\/diarioprincipios.com\\\/#organization\"},\"image\":{\"@id\":\"https:\\\/\\\/diarioprincipios.com\\\/index.php\\\/2024\\\/08\\\/14\\\/total-acatamiento-al-paro-de-docentes-universitarios-en-la-jauretche\\\/#primaryimage\"},\"thumbnailUrl\":\"https:\\\/\\\/diarioprincipios.com\\\/wp-content\\\/uploads\\\/2024\\\/08\\\/WhatsApp-Image-2024-08-13-at-13.15.04.jpeg\",\"articleSection\":[\"Gremiales\",\"Zonar Sur\"],\"inLanguage\":\"es\",\"potentialAction\":[{\"@type\":\"CommentAction\",\"name\":\"Comment\",\"target\":[\"https:\\\/\\\/diarioprincipios.com\\\/index.php\\\/2024\\\/08\\\/14\\\/total-acatamiento-al-paro-de-docentes-universitarios-en-la-jauretche\\\/#respond\"]}]},{\"@type\":\"WebPage\",\"@id\":\"https:\\\/\\\/diarioprincipios.com\\\/index.php\\\/2024\\\/08\\\/14\\\/total-acatamiento-al-paro-de-docentes-universitarios-en-la-jauretche\\\/\",\"url\":\"https:\\\/\\\/diarioprincipios.com\\\/index.php\\\/2024\\\/08\\\/14\\\/total-acatamiento-al-paro-de-docentes-universitarios-en-la-jauretche\\\/\",\"name\":\"Total acatamiento al Paro de Docentes Universitarios en la Jauretche - Principios\",\"isPartOf\":{\"@id\":\"https:\\\/\\\/diarioprincipios.com\\\/#website\"},\"primaryImageOfPage\":{\"@id\":\"https:\\\/\\\/diarioprincipios.com\\\/index.php\\\/2024\\\/08\\\/14\\\/total-acatamiento-al-paro-de-docentes-universitarios-en-la-jauretche\\\/#primaryimage\"},\"image\":{\"@id\":\"https:\\\/\\\/diarioprincipios.com\\\/index.php\\\/2024\\\/08\\\/14\\\/total-acatamiento-al-paro-de-docentes-universitarios-en-la-jauretche\\\/#primaryimage\"},\"thumbnailUrl\":\"https:\\\/\\\/diarioprincipios.com\\\/wp-content\\\/uploads\\\/2024\\\/08\\\/WhatsApp-Image-2024-08-13-at-13.15.04.jpeg\",\"datePublished\":\"2024-08-14T13:55:36+00:00\",\"dateModified\":\"2024-08-14T13:55:39+00:00\",\"breadcrumb\":{\"@id\":\"https:\\\/\\\/diarioprincipios.com\\\/index.php\\\/2024\\\/08\\\/14\\\/total-acatamiento-al-paro-de-docentes-universitarios-en-la-jauretche\\\/#breadcrumb\"},\"inLanguage\":\"es\",\"potentialAction\":[{\"@type\":\"ReadAction\",\"target\":[\"https:\\\/\\\/diarioprincipios.com\\\/index.php\\\/2024\\\/08\\\/14\\\/total-acatamiento-al-paro-de-docentes-universitarios-en-la-jauretche\\\/\"]}]},{\"@type\":\"ImageObject\",\"inLanguage\":\"es\",\"@id\":\"https:\\\/\\\/diarioprincipios.com\\\/index.php\\\/2024\\\/08\\\/14\\\/total-acatamiento-al-paro-de-docentes-universitarios-en-la-jauretche\\\/#primaryimage\",\"url\":\"https:\\\/\\\/diarioprincipios.com\\\/wp-content\\\/uploads\\\/2024\\\/08\\\/WhatsApp-Image-2024-08-13-at-13.15.04.jpeg\",\"contentUrl\":\"https:\\\/\\\/diarioprincipios.com\\\/wp-content\\\/uploads\\\/2024\\\/08\\\/WhatsApp-Image-2024-08-13-at-13.15.04.jpeg\",\"width\":1599,\"height\":899},{\"@type\":\"BreadcrumbList\",\"@id\":\"https:\\\/\\\/diarioprincipios.com\\\/index.php\\\/2024\\\/08\\\/14\\\/total-acatamiento-al-paro-de-docentes-universitarios-en-la-jauretche\\\/#breadcrumb\",\"itemListElement\":[{\"@type\":\"ListItem\",\"position\":1,\"name\":\"Portada\",\"item\":\"https:\\\/\\\/diarioprincipios.com\\\/\"},{\"@type\":\"ListItem\",\"position\":2,\"name\":\"Total acatamiento al Paro de Docentes Universitarios en la Jauretche\"}]},{\"@type\":\"WebSite\",\"@id\":\"https:\\\/\\\/diarioprincipios.com\\\/#website\",\"url\":\"https:\\\/\\\/diarioprincipios.com\\\/\",\"name\":\"Principios\",\"description\":\"Principios Diario\",\"publisher\":{\"@id\":\"https:\\\/\\\/diarioprincipios.com\\\/#organization\"},\"potentialAction\":[{\"@type\":\"SearchAction\",\"target\":{\"@type\":\"EntryPoint\",\"urlTemplate\":\"https:\\\/\\\/diarioprincipios.com\\\/?s={search_term_string}\"},\"query-input\":{\"@type\":\"PropertyValueSpecification\",\"valueRequired\":true,\"valueName\":\"search_term_string\"}}],\"inLanguage\":\"es\"},{\"@type\":\"Organization\",\"@id\":\"https:\\\/\\\/diarioprincipios.com\\\/#organization\",\"name\":\"Principios\",\"url\":\"https:\\\/\\\/diarioprincipios.com\\\/\",\"logo\":{\"@type\":\"ImageObject\",\"inLanguage\":\"es\",\"@id\":\"https:\\\/\\\/diarioprincipios.com\\\/#\\\/schema\\\/logo\\\/image\\\/\",\"url\":\"https:\\\/\\\/diarioprincipios.com\\\/wp-content\\\/uploads\\\/2024\\\/04\\\/cropped-www.diarioprincipios.com_-1.png\",\"contentUrl\":\"https:\\\/\\\/diarioprincipios.com\\\/wp-content\\\/uploads\\\/2024\\\/04\\\/cropped-www.diarioprincipios.com_-1.png\",\"width\":5325,\"height\":1454,\"caption\":\"Principios\"},\"image\":{\"@id\":\"https:\\\/\\\/diarioprincipios.com\\\/#\\\/schema\\\/logo\\\/image\\\/\"}},{\"@type\":\"Person\",\"@id\":\"https:\\\/\\\/diarioprincipios.com\\\/#\\\/schema\\\/person\\\/436d5a1fd41a5e250e23ff5a6a7cb080\",\"name\":\"Hern\u00e1n L\u00f3pez\",\"image\":{\"@type\":\"ImageObject\",\"inLanguage\":\"es\",\"@id\":\"https:\\\/\\\/diarioprincipios.com\\\/wp-content\\\/litespeed\\\/avatar\\\/11ddfe5610ff3bd100522525b2571f48.jpg?ver=1777048341\",\"url\":\"https:\\\/\\\/diarioprincipios.com\\\/wp-content\\\/litespeed\\\/avatar\\\/11ddfe5610ff3bd100522525b2571f48.jpg?ver=1777048341\",\"contentUrl\":\"https:\\\/\\\/diarioprincipios.com\\\/wp-content\\\/litespeed\\\/avatar\\\/11ddfe5610ff3bd100522525b2571f48.jpg?ver=1777048341\",\"caption\":\"Hern\u00e1n L\u00f3pez\"},\"url\":\"https:\\\/\\\/diarioprincipios.com\\\/index.php\\\/author\\\/hernan\\\/\"}]}<\/script>\n<!-- \/ Yoast SEO plugin. -->","yoast_head_json":{"title":"Total acatamiento al Paro de Docentes Universitarios en la Jauretche - Principios","robots":{"index":"index","follow":"follow","max-snippet":"max-snippet:-1","max-image-preview":"max-image-preview:large","max-video-preview":"max-video-preview:-1"},"canonical":"https:\/\/diarioprincipios.com\/index.php\/2024\/08\/14\/total-acatamiento-al-paro-de-docentes-universitarios-en-la-jauretche\/","og_locale":"es_ES","og_type":"article","og_title":"Total acatamiento al Paro de Docentes Universitarios en la Jauretche - Principios","og_description":"La segunda jornada de lucha, coincidi\u00f3 con el abrazo a la UNAJ que en 2018 evit\u00f3 su inminente cierre, estuvo inevitablemente influenciada por el recuerdo de aquella jornada y el homenaje realizado en conjunto con nodocentes y estudiantes.Luego de la radio abierta llevada a cabo en la radio de la universidad, Clara Chevalier secretaria general...","og_url":"https:\/\/diarioprincipios.com\/index.php\/2024\/08\/14\/total-acatamiento-al-paro-de-docentes-universitarios-en-la-jauretche\/","og_site_name":"Principios","article_published_time":"2024-08-14T13:55:36+00:00","article_modified_time":"2024-08-14T13:55:39+00:00","og_image":[{"width":1599,"height":899,"url":"https:\/\/diarioprincipios.com\/wp-content\/uploads\/2024\/08\/WhatsApp-Image-2024-08-13-at-13.15.04.jpeg","type":"image\/jpeg"}],"author":"Hern\u00e1n L\u00f3pez","twitter_card":"summary_large_image","twitter_misc":{"Escrito por":"Hern\u00e1n L\u00f3pez","Tiempo de lectura":"2 minutos"},"schema":{"@context":"https:\/\/schema.org","@graph":[{"@type":"Article","@id":"https:\/\/diarioprincipios.com\/index.php\/2024\/08\/14\/total-acatamiento-al-paro-de-docentes-universitarios-en-la-jauretche\/#article","isPartOf":{"@id":"https:\/\/diarioprincipios.com\/index.php\/2024\/08\/14\/total-acatamiento-al-paro-de-docentes-universitarios-en-la-jauretche\/"},"author":{"name":"Hern\u00e1n L\u00f3pez","@id":"https:\/\/diarioprincipios.com\/#\/schema\/person\/436d5a1fd41a5e250e23ff5a6a7cb080"},"headline":"Total acatamiento al Paro de Docentes Universitarios en la Jauretche","datePublished":"2024-08-14T13:55:36+00:00","dateModified":"2024-08-14T13:55:39+00:00","mainEntityOfPage":{"@id":"https:\/\/diarioprincipios.com\/index.php\/2024\/08\/14\/total-acatamiento-al-paro-de-docentes-universitarios-en-la-jauretche\/"},"wordCount":295,"commentCount":0,"publisher":{"@id":"https:\/\/diarioprincipios.com\/#organization"},"image":{"@id":"https:\/\/diarioprincipios.com\/index.php\/2024\/08\/14\/total-acatamiento-al-paro-de-docentes-universitarios-en-la-jauretche\/#primaryimage"},"thumbnailUrl":"https:\/\/diarioprincipios.com\/wp-content\/uploads\/2024\/08\/WhatsApp-Image-2024-08-13-at-13.15.04.jpeg","articleSection":["Gremiales","Zonar Sur"],"inLanguage":"es","potentialAction":[{"@type":"CommentAction","name":"Comment","target":["https:\/\/diarioprincipios.com\/index.php\/2024\/08\/14\/total-acatamiento-al-paro-de-docentes-universitarios-en-la-jauretche\/#respond"]}]},{"@type":"WebPage","@id":"https:\/\/diarioprincipios.com\/index.php\/2024\/08\/14\/total-acatamiento-al-paro-de-docentes-universitarios-en-la-jauretche\/","url":"https:\/\/diarioprincipios.com\/index.php\/2024\/08\/14\/total-acatamiento-al-paro-de-docentes-universitarios-en-la-jauretche\/","name":"Total acatamiento al Paro de Docentes Universitarios en la Jauretche - Principios","isPartOf":{"@id":"https:\/\/diarioprincipios.com\/#website"},"primaryImageOfPage":{"@id":"https:\/\/diarioprincipios.com\/index.php\/2024\/08\/14\/total-acatamiento-al-paro-de-docentes-universitarios-en-la-jauretche\/#primaryimage"},"image":{"@id":"https:\/\/diarioprincipios.com\/index.php\/2024\/08\/14\/total-acatamiento-al-paro-de-docentes-universitarios-en-la-jauretche\/#primaryimage"},"thumbnailUrl":"https:\/\/diarioprincipios.com\/wp-content\/uploads\/2024\/08\/WhatsApp-Image-2024-08-13-at-13.15.04.jpeg","datePublished":"2024-08-14T13:55:36+00:00","dateModified":"2024-08-14T13:55:39+00:00","breadcrumb":{"@id":"https:\/\/diarioprincipios.com\/index.php\/2024\/08\/14\/total-acatamiento-al-paro-de-docentes-universitarios-en-la-jauretche\/#breadcrumb"},"inLanguage":"es","potentialAction":[{"@type":"ReadAction","target":["https:\/\/diarioprincipios.com\/index.php\/2024\/08\/14\/total-acatamiento-al-paro-de-docentes-universitarios-en-la-jauretche\/"]}]},{"@type":"ImageObject","inLanguage":"es","@id":"https:\/\/diarioprincipios.com\/index.php\/2024\/08\/14\/total-acatamiento-al-paro-de-docentes-universitarios-en-la-jauretche\/#primaryimage","url":"https:\/\/diarioprincipios.com\/wp-content\/uploads\/2024\/08\/WhatsApp-Image-2024-08-13-at-13.15.04.jpeg","contentUrl":"https:\/\/diarioprincipios.com\/wp-content\/uploads\/2024\/08\/WhatsApp-Image-2024-08-13-at-13.15.04.jpeg","width":1599,"height":899},{"@type":"BreadcrumbList","@id":"https:\/\/diarioprincipios.com\/index.php\/2024\/08\/14\/total-acatamiento-al-paro-de-docentes-universitarios-en-la-jauretche\/#breadcrumb","itemListElement":[{"@type":"ListItem","position":1,"name":"Portada","item":"https:\/\/diarioprincipios.com\/"},{"@type":"ListItem","position":2,"name":"Total acatamiento al Paro de Docentes Universitarios en la Jauretche"}]},{"@type":"WebSite","@id":"https:\/\/diarioprincipios.com\/#website","url":"https:\/\/diarioprincipios.com\/","name":"Principios","description":"Principios Diario","publisher":{"@id":"https:\/\/diarioprincipios.com\/#organization"},"potentialAction":[{"@type":"SearchAction","target":{"@type":"EntryPoint","urlTemplate":"https:\/\/diarioprincipios.com\/?s={search_term_string}"},"query-input":{"@type":"PropertyValueSpecification","valueRequired":true,"valueName":"search_term_string"}}],"inLanguage":"es"},{"@type":"Organization","@id":"https:\/\/diarioprincipios.com\/#organization","name":"Principios","url":"https:\/\/diarioprincipios.com\/","logo":{"@type":"ImageObject","inLanguage":"es","@id":"https:\/\/diarioprincipios.com\/#\/schema\/logo\/image\/","url":"https:\/\/diarioprincipios.com\/wp-content\/uploads\/2024\/04\/cropped-www.diarioprincipios.com_-1.png","contentUrl":"https:\/\/diarioprincipios.com\/wp-content\/uploads\/2024\/04\/cropped-www.diarioprincipios.com_-1.png","width":5325,"height":1454,"caption":"Principios"},"image":{"@id":"https:\/\/diarioprincipios.com\/#\/schema\/logo\/image\/"}},{"@type":"Person","@id":"https:\/\/diarioprincipios.com\/#\/schema\/person\/436d5a1fd41a5e250e23ff5a6a7cb080","name":"Hern\u00e1n L\u00f3pez","image":{"@type":"ImageObject","inLanguage":"es","@id":"https:\/\/diarioprincipios.com\/wp-content\/litespeed\/avatar\/11ddfe5610ff3bd100522525b2571f48.jpg?ver=1777048341","url":"https:\/\/diarioprincipios.com\/wp-content\/litespeed\/avatar\/11ddfe5610ff3bd100522525b2571f48.jpg?ver=1777048341","contentUrl":"https:\/\/diarioprincipios.com\/wp-content\/litespeed\/avatar\/11ddfe5610ff3bd100522525b2571f48.jpg?ver=1777048341","caption":"Hern\u00e1n L\u00f3pez"},"url":"https:\/\/diarioprincipios.com\/index.php\/author\/hernan\/"}]}},"jetpack_featured_media_url":"https:\/\/diarioprincipios.com\/wp-content\/uploads\/2024\/08\/WhatsApp-Image-2024-08-13-at-13.15.04.jpeg","_links":{"self":[{"href":"https:\/\/diarioprincipios.com\/index.php\/wp-json\/wp\/v2\/posts\/22685","targetHints":{"allow":["GET"]}}],"collection":[{"href":"https:\/\/diarioprincipios.com\/index.php\/wp-json\/wp\/v2\/posts"}],"about":[{"href":"https:\/\/diarioprincipios.com\/index.php\/wp-json\/wp\/v2\/types\/post"}],"author":[{"embeddable":true,"href":"https:\/\/diarioprincipios.com\/index.php\/wp-json\/wp\/v2\/users\/2"}],"replies":[{"embeddable":true,"href":"https:\/\/diarioprincipios.com\/index.php\/wp-json\/wp\/v2\/comments?post=22685"}],"version-history":[{"count":1,"href":"https:\/\/diarioprincipios.com\/index.php\/wp-json\/wp\/v2\/posts\/22685\/revisions"}],"predecessor-version":[{"id":22687,"href":"https:\/\/diarioprincipios.com\/index.php\/wp-json\/wp\/v2\/posts\/22685\/revisions\/22687"}],"wp:featuredmedia":[{"embeddable":true,"href":"https:\/\/diarioprincipios.com\/index.php\/wp-json\/wp\/v2\/media\/22686"}],"wp:attachment":[{"href":"https:\/\/diarioprincipios.com\/index.php\/wp-json\/wp\/v2\/media?parent=22685"}],"wp:term":[{"taxonomy":"category","embeddable":true,"href":"https:\/\/diarioprincipios.com\/index.php\/wp-json\/wp\/v2\/categories?post=22685"},{"taxonomy":"post_tag","embeddable":true,"href":"https:\/\/diarioprincipios.com\/index.php\/wp-json\/wp\/v2\/tags?post=22685"}],"curies":[{"name":"wp","href":"https:\/\/api.w.org\/{rel}","templated":true}]}}