{"id":22680,"date":"2024-08-14T10:40:35","date_gmt":"2024-08-14T13:40:35","guid":{"rendered":"http:\/\/diarioprincipios.com\/?p=22680"},"modified":"2024-08-14T10:40:37","modified_gmt":"2024-08-14T13:40:37","slug":"ya-llega-la-feria-nacional-berazategui-artesanias","status":"publish","type":"post","link":"https:\/\/diarioprincipios.com\/index.php\/2024\/08\/14\/ya-llega-la-feria-nacional-berazategui-artesanias\/","title":{"rendered":"Ya llega la Feria Nacional Berazategui Artesan\u00edas"},"content":{"rendered":"\n<p><strong>Con m\u00e1s de 200 artesanos y artesanas de todo el pa\u00eds, este jueves 15 de agosto comienza la 17ma edici\u00f3n de la Feria Nacional Berazategui Artesan\u00edas. Se realizar\u00e1 hasta el lunes 19 de agosto inclusive, de 15.00 a 21.00, en el Centro Municipal de Actividades Roberto De Vicenzo (calle 18 y 148), con entrada libre y gratuita.<\/strong><br>Este evento emblem\u00e1tico en Berazategui -impulsado por el intendente Juan Jos\u00e9 Mussi- comprender\u00e1 el XVII Encuentro Nacional de Artesanos y la XXXII Feria de Maestros y Aprendices. Como cada a\u00f1o, esta propuesta es organizada a trav\u00e9s de la Secretar\u00eda de Cultura y Educaci\u00f3n y se destaca por el dise\u00f1o, la calidad y la originalidad de sus artesan\u00edas.\u00a0\u00a0<\/p>\n\n\n\n<figure class=\"wp-block-image size-large\"><img loading=\"lazy\" decoding=\"async\" width=\"1024\" height=\"682\" src=\"https:\/\/diarioprincipios.com\/wp-content\/uploads\/2024\/08\/YA-LLEGA-LA-FERIA-NACIONAL-BERAZATEGUI-ARTESANIAS-6-1024x682.jpg\" alt=\"\" class=\"wp-image-22681\" srcset=\"https:\/\/diarioprincipios.com\/wp-content\/uploads\/2024\/08\/YA-LLEGA-LA-FERIA-NACIONAL-BERAZATEGUI-ARTESANIAS-6-1024x682.jpg 1024w, https:\/\/diarioprincipios.com\/wp-content\/uploads\/2024\/08\/YA-LLEGA-LA-FERIA-NACIONAL-BERAZATEGUI-ARTESANIAS-6-300x200.jpg 300w, https:\/\/diarioprincipios.com\/wp-content\/uploads\/2024\/08\/YA-LLEGA-LA-FERIA-NACIONAL-BERAZATEGUI-ARTESANIAS-6-768x512.jpg 768w, https:\/\/diarioprincipios.com\/wp-content\/uploads\/2024\/08\/YA-LLEGA-LA-FERIA-NACIONAL-BERAZATEGUI-ARTESANIAS-6-1536x1023.jpg 1536w, https:\/\/diarioprincipios.com\/wp-content\/uploads\/2024\/08\/YA-LLEGA-LA-FERIA-NACIONAL-BERAZATEGUI-ARTESANIAS-6-820x545.jpg 820w, https:\/\/diarioprincipios.com\/wp-content\/uploads\/2024\/08\/YA-LLEGA-LA-FERIA-NACIONAL-BERAZATEGUI-ARTESANIAS-6-600x400.jpg 600w, https:\/\/diarioprincipios.com\/wp-content\/uploads\/2024\/08\/YA-LLEGA-LA-FERIA-NACIONAL-BERAZATEGUI-ARTESANIAS-6.jpg 1600w\" sizes=\"auto, (max-width: 1024px) 100vw, 1024px\" \/><\/figure>\n\n\n\n<p><br>En esta edici\u00f3n se presentar\u00e1n m\u00e1s de 200 artesanos y artesanas, entre ellos tradicionales, urbanos, pueblos originarios, argentinos y extranjeros, acompa\u00f1ados por instituciones dedicadas al quehacer artesanal. De esta manera, joyeros, marroquineros, alfareros, cesteros, sogueros, artesanos en vidrio, especialistas en ponchos y cuchilleros, entre otros, lucir\u00e1n y pondr\u00e1n a la venta sus creaciones en cer\u00e1mica, metales, cuero, papel, fibras vegetales y animales, trabajados con distintas t\u00e9cnicas.<br>Gustavo Mart\u00edn Consiglio, artesano de Berazategui, coment\u00f3: \u201cLos invito a este encuentro que se realizar\u00e1 en nuestra ciudad, como cada a\u00f1o. Me dedico al tallado y utilitarios en madera. Soy exalumno de la Escuela Municipal de Artesan\u00edas de Berazategui. Junto a mi esposa, estudiamos all\u00ed hace 25 a\u00f1os y realmente estamos orgullosos de pertenecer a este distrito. No se pueden perder este encuentro; habr\u00e1 piezas \u00fanicas y maravillosas de distintos lugares de nuestro pa\u00eds\u201d.<\/p>\n\n\n\n<figure class=\"wp-block-image size-large\"><img loading=\"lazy\" decoding=\"async\" width=\"1024\" height=\"683\" src=\"https:\/\/diarioprincipios.com\/wp-content\/uploads\/2024\/08\/YA-LLEGA-LA-FERIA-NACIONAL-BERAZATEGUI-ARTESANIAS-2-1024x683.jpg\" alt=\"\" class=\"wp-image-22682\" srcset=\"https:\/\/diarioprincipios.com\/wp-content\/uploads\/2024\/08\/YA-LLEGA-LA-FERIA-NACIONAL-BERAZATEGUI-ARTESANIAS-2-1024x683.jpg 1024w, https:\/\/diarioprincipios.com\/wp-content\/uploads\/2024\/08\/YA-LLEGA-LA-FERIA-NACIONAL-BERAZATEGUI-ARTESANIAS-2-300x200.jpg 300w, https:\/\/diarioprincipios.com\/wp-content\/uploads\/2024\/08\/YA-LLEGA-LA-FERIA-NACIONAL-BERAZATEGUI-ARTESANIAS-2-768x512.jpg 768w, https:\/\/diarioprincipios.com\/wp-content\/uploads\/2024\/08\/YA-LLEGA-LA-FERIA-NACIONAL-BERAZATEGUI-ARTESANIAS-2-1536x1024.jpg 1536w, https:\/\/diarioprincipios.com\/wp-content\/uploads\/2024\/08\/YA-LLEGA-LA-FERIA-NACIONAL-BERAZATEGUI-ARTESANIAS-2-600x400.jpg 600w, https:\/\/diarioprincipios.com\/wp-content\/uploads\/2024\/08\/YA-LLEGA-LA-FERIA-NACIONAL-BERAZATEGUI-ARTESANIAS-2.jpg 1920w\" sizes=\"auto, (max-width: 1024px) 100vw, 1024px\" \/><\/figure>\n\n\n\n<p><br>Asimismo, Marl\u00e9n, artesana en cuero, madera y fusi\u00f3n, expres\u00f3: \u201cHago marroquiner\u00eda y decoraci\u00f3n. Me recib\u00ed de la Escuela Municipal de Artesan\u00edas. Los invito a esta hermosa Feria. Trabajamos con el concepto de pieza \u00fanica; vengan a conocerla, recorrerla y disfrutarla\u201d.<br>Para m\u00e1s informaci\u00f3n sobre la propuesta cultural de la Municipalidad de Berazategui, se puede ingresar en\u00a0<a href=\"http:\/\/berazategui.gob.ar\/cultura\" target=\"_blank\" rel=\"noreferrer noopener\">berazategui.gob.ar\/cultura<\/a>.<\/p>\n","protected":false},"excerpt":{"rendered":"<p>Con m\u00e1s de 200 artesanos y artesanas de todo el pa\u00eds, este jueves 15 de agosto comienza la 17ma edici\u00f3n de la Feria Nacional Berazategui Artesan\u00edas. Se realizar\u00e1 hasta el lunes 19 de agosto inclusive, de 15.00 a 21.00, en el Centro Municipal de Actividades Roberto De Vicenzo (calle 18 y 148), con entrada libre&#8230;<\/p>\n","protected":false},"author":2,"featured_media":22683,"comment_status":"open","ping_status":"open","sticky":false,"template":"","format":"standard","meta":{"footnotes":""},"categories":[3,19],"tags":[],"class_list":["post-22680","post","type-post","status-publish","format-standard","has-post-thumbnail","hentry","category-berazategui","category-cultura-educacion"],"featured_image_src":"https:\/\/diarioprincipios.com\/wp-content\/uploads\/2024\/08\/YA-LLEGA-LA-FERIA-NACIONAL-BERAZATEGUI-ARTESANIAS-4-1024x683.jpg","blog_images":{"medium":"https:\/\/diarioprincipios.com\/wp-content\/uploads\/2024\/08\/YA-LLEGA-LA-FERIA-NACIONAL-BERAZATEGUI-ARTESANIAS-4-300x200.jpg","large":"https:\/\/diarioprincipios.com\/wp-content\/uploads\/2024\/08\/YA-LLEGA-LA-FERIA-NACIONAL-BERAZATEGUI-ARTESANIAS-4-1024x683.jpg"},"ams_acf":[],"yoast_head":"<!-- This site is optimized with the Yoast SEO plugin v27.3 - https:\/\/yoast.com\/product\/yoast-seo-wordpress\/ -->\n<title>Ya llega la Feria Nacional Berazategui Artesan\u00edas - Principios<\/title>\n<meta name=\"robots\" content=\"index, follow, max-snippet:-1, max-image-preview:large, max-video-preview:-1\" \/>\n<link rel=\"canonical\" href=\"https:\/\/diarioprincipios.com\/index.php\/2024\/08\/14\/ya-llega-la-feria-nacional-berazategui-artesanias\/\" \/>\n<meta property=\"og:locale\" content=\"es_ES\" \/>\n<meta property=\"og:type\" content=\"article\" \/>\n<meta property=\"og:title\" content=\"Ya llega la Feria Nacional Berazategui Artesan\u00edas - Principios\" \/>\n<meta property=\"og:description\" content=\"Con m\u00e1s de 200 artesanos y artesanas de todo el pa\u00eds, este jueves 15 de agosto comienza la 17ma edici\u00f3n de la Feria Nacional Berazategui Artesan\u00edas. Se realizar\u00e1 hasta el lunes 19 de agosto inclusive, de 15.00 a 21.00, en el Centro Municipal de Actividades Roberto De Vicenzo (calle 18 y 148), con entrada libre...\" \/>\n<meta property=\"og:url\" content=\"https:\/\/diarioprincipios.com\/index.php\/2024\/08\/14\/ya-llega-la-feria-nacional-berazategui-artesanias\/\" \/>\n<meta property=\"og:site_name\" content=\"Principios\" \/>\n<meta property=\"article:published_time\" content=\"2024-08-14T13:40:35+00:00\" \/>\n<meta property=\"article:modified_time\" content=\"2024-08-14T13:40:37+00:00\" \/>\n<meta property=\"og:image\" content=\"https:\/\/diarioprincipios.com\/wp-content\/uploads\/2024\/08\/YA-LLEGA-LA-FERIA-NACIONAL-BERAZATEGUI-ARTESANIAS-4.jpg\" \/>\n\t<meta property=\"og:image:width\" content=\"1920\" \/>\n\t<meta property=\"og:image:height\" content=\"1280\" \/>\n\t<meta property=\"og:image:type\" content=\"image\/jpeg\" \/>\n<meta name=\"author\" content=\"Hern\u00e1n L\u00f3pez\" \/>\n<meta name=\"twitter:card\" content=\"summary_large_image\" \/>\n<meta name=\"twitter:label1\" content=\"Escrito por\" \/>\n\t<meta name=\"twitter:data1\" content=\"Hern\u00e1n L\u00f3pez\" \/>\n\t<meta name=\"twitter:label2\" content=\"Tiempo de lectura\" \/>\n\t<meta name=\"twitter:data2\" content=\"3 minutos\" \/>\n<script type=\"application\/ld+json\" class=\"yoast-schema-graph\">{\"@context\":\"https:\\\/\\\/schema.org\",\"@graph\":[{\"@type\":\"Article\",\"@id\":\"https:\\\/\\\/diarioprincipios.com\\\/index.php\\\/2024\\\/08\\\/14\\\/ya-llega-la-feria-nacional-berazategui-artesanias\\\/#article\",\"isPartOf\":{\"@id\":\"https:\\\/\\\/diarioprincipios.com\\\/index.php\\\/2024\\\/08\\\/14\\\/ya-llega-la-feria-nacional-berazategui-artesanias\\\/\"},\"author\":{\"name\":\"Hern\u00e1n L\u00f3pez\",\"@id\":\"https:\\\/\\\/diarioprincipios.com\\\/#\\\/schema\\\/person\\\/436d5a1fd41a5e250e23ff5a6a7cb080\"},\"headline\":\"Ya llega la Feria Nacional Berazategui Artesan\u00edas\",\"datePublished\":\"2024-08-14T13:40:35+00:00\",\"dateModified\":\"2024-08-14T13:40:37+00:00\",\"mainEntityOfPage\":{\"@id\":\"https:\\\/\\\/diarioprincipios.com\\\/index.php\\\/2024\\\/08\\\/14\\\/ya-llega-la-feria-nacional-berazategui-artesanias\\\/\"},\"wordCount\":344,\"commentCount\":0,\"publisher\":{\"@id\":\"https:\\\/\\\/diarioprincipios.com\\\/#organization\"},\"image\":{\"@id\":\"https:\\\/\\\/diarioprincipios.com\\\/index.php\\\/2024\\\/08\\\/14\\\/ya-llega-la-feria-nacional-berazategui-artesanias\\\/#primaryimage\"},\"thumbnailUrl\":\"https:\\\/\\\/diarioprincipios.com\\\/wp-content\\\/uploads\\\/2024\\\/08\\\/YA-LLEGA-LA-FERIA-NACIONAL-BERAZATEGUI-ARTESANIAS-4.jpg\",\"articleSection\":[\"Berazategui\",\"Cultura y Educaci\u00f3n\"],\"inLanguage\":\"es\",\"potentialAction\":[{\"@type\":\"CommentAction\",\"name\":\"Comment\",\"target\":[\"https:\\\/\\\/diarioprincipios.com\\\/index.php\\\/2024\\\/08\\\/14\\\/ya-llega-la-feria-nacional-berazategui-artesanias\\\/#respond\"]}]},{\"@type\":\"WebPage\",\"@id\":\"https:\\\/\\\/diarioprincipios.com\\\/index.php\\\/2024\\\/08\\\/14\\\/ya-llega-la-feria-nacional-berazategui-artesanias\\\/\",\"url\":\"https:\\\/\\\/diarioprincipios.com\\\/index.php\\\/2024\\\/08\\\/14\\\/ya-llega-la-feria-nacional-berazategui-artesanias\\\/\",\"name\":\"Ya llega la Feria Nacional Berazategui Artesan\u00edas - Principios\",\"isPartOf\":{\"@id\":\"https:\\\/\\\/diarioprincipios.com\\\/#website\"},\"primaryImageOfPage\":{\"@id\":\"https:\\\/\\\/diarioprincipios.com\\\/index.php\\\/2024\\\/08\\\/14\\\/ya-llega-la-feria-nacional-berazategui-artesanias\\\/#primaryimage\"},\"image\":{\"@id\":\"https:\\\/\\\/diarioprincipios.com\\\/index.php\\\/2024\\\/08\\\/14\\\/ya-llega-la-feria-nacional-berazategui-artesanias\\\/#primaryimage\"},\"thumbnailUrl\":\"https:\\\/\\\/diarioprincipios.com\\\/wp-content\\\/uploads\\\/2024\\\/08\\\/YA-LLEGA-LA-FERIA-NACIONAL-BERAZATEGUI-ARTESANIAS-4.jpg\",\"datePublished\":\"2024-08-14T13:40:35+00:00\",\"dateModified\":\"2024-08-14T13:40:37+00:00\",\"breadcrumb\":{\"@id\":\"https:\\\/\\\/diarioprincipios.com\\\/index.php\\\/2024\\\/08\\\/14\\\/ya-llega-la-feria-nacional-berazategui-artesanias\\\/#breadcrumb\"},\"inLanguage\":\"es\",\"potentialAction\":[{\"@type\":\"ReadAction\",\"target\":[\"https:\\\/\\\/diarioprincipios.com\\\/index.php\\\/2024\\\/08\\\/14\\\/ya-llega-la-feria-nacional-berazategui-artesanias\\\/\"]}]},{\"@type\":\"ImageObject\",\"inLanguage\":\"es\",\"@id\":\"https:\\\/\\\/diarioprincipios.com\\\/index.php\\\/2024\\\/08\\\/14\\\/ya-llega-la-feria-nacional-berazategui-artesanias\\\/#primaryimage\",\"url\":\"https:\\\/\\\/diarioprincipios.com\\\/wp-content\\\/uploads\\\/2024\\\/08\\\/YA-LLEGA-LA-FERIA-NACIONAL-BERAZATEGUI-ARTESANIAS-4.jpg\",\"contentUrl\":\"https:\\\/\\\/diarioprincipios.com\\\/wp-content\\\/uploads\\\/2024\\\/08\\\/YA-LLEGA-LA-FERIA-NACIONAL-BERAZATEGUI-ARTESANIAS-4.jpg\",\"width\":1920,\"height\":1280},{\"@type\":\"BreadcrumbList\",\"@id\":\"https:\\\/\\\/diarioprincipios.com\\\/index.php\\\/2024\\\/08\\\/14\\\/ya-llega-la-feria-nacional-berazategui-artesanias\\\/#breadcrumb\",\"itemListElement\":[{\"@type\":\"ListItem\",\"position\":1,\"name\":\"Portada\",\"item\":\"https:\\\/\\\/diarioprincipios.com\\\/\"},{\"@type\":\"ListItem\",\"position\":2,\"name\":\"Ya llega la Feria Nacional Berazategui Artesan\u00edas\"}]},{\"@type\":\"WebSite\",\"@id\":\"https:\\\/\\\/diarioprincipios.com\\\/#website\",\"url\":\"https:\\\/\\\/diarioprincipios.com\\\/\",\"name\":\"Principios\",\"description\":\"Principios Diario\",\"publisher\":{\"@id\":\"https:\\\/\\\/diarioprincipios.com\\\/#organization\"},\"potentialAction\":[{\"@type\":\"SearchAction\",\"target\":{\"@type\":\"EntryPoint\",\"urlTemplate\":\"https:\\\/\\\/diarioprincipios.com\\\/?s={search_term_string}\"},\"query-input\":{\"@type\":\"PropertyValueSpecification\",\"valueRequired\":true,\"valueName\":\"search_term_string\"}}],\"inLanguage\":\"es\"},{\"@type\":\"Organization\",\"@id\":\"https:\\\/\\\/diarioprincipios.com\\\/#organization\",\"name\":\"Principios\",\"url\":\"https:\\\/\\\/diarioprincipios.com\\\/\",\"logo\":{\"@type\":\"ImageObject\",\"inLanguage\":\"es\",\"@id\":\"https:\\\/\\\/diarioprincipios.com\\\/#\\\/schema\\\/logo\\\/image\\\/\",\"url\":\"https:\\\/\\\/diarioprincipios.com\\\/wp-content\\\/uploads\\\/2024\\\/04\\\/cropped-www.diarioprincipios.com_-1.png\",\"contentUrl\":\"https:\\\/\\\/diarioprincipios.com\\\/wp-content\\\/uploads\\\/2024\\\/04\\\/cropped-www.diarioprincipios.com_-1.png\",\"width\":5325,\"height\":1454,\"caption\":\"Principios\"},\"image\":{\"@id\":\"https:\\\/\\\/diarioprincipios.com\\\/#\\\/schema\\\/logo\\\/image\\\/\"}},{\"@type\":\"Person\",\"@id\":\"https:\\\/\\\/diarioprincipios.com\\\/#\\\/schema\\\/person\\\/436d5a1fd41a5e250e23ff5a6a7cb080\",\"name\":\"Hern\u00e1n L\u00f3pez\",\"image\":{\"@type\":\"ImageObject\",\"inLanguage\":\"es\",\"@id\":\"https:\\\/\\\/diarioprincipios.com\\\/wp-content\\\/litespeed\\\/avatar\\\/11ddfe5610ff3bd100522525b2571f48.jpg?ver=1777048341\",\"url\":\"https:\\\/\\\/diarioprincipios.com\\\/wp-content\\\/litespeed\\\/avatar\\\/11ddfe5610ff3bd100522525b2571f48.jpg?ver=1777048341\",\"contentUrl\":\"https:\\\/\\\/diarioprincipios.com\\\/wp-content\\\/litespeed\\\/avatar\\\/11ddfe5610ff3bd100522525b2571f48.jpg?ver=1777048341\",\"caption\":\"Hern\u00e1n L\u00f3pez\"},\"url\":\"https:\\\/\\\/diarioprincipios.com\\\/index.php\\\/author\\\/hernan\\\/\"}]}<\/script>\n<!-- \/ Yoast SEO plugin. -->","yoast_head_json":{"title":"Ya llega la Feria Nacional Berazategui Artesan\u00edas - Principios","robots":{"index":"index","follow":"follow","max-snippet":"max-snippet:-1","max-image-preview":"max-image-preview:large","max-video-preview":"max-video-preview:-1"},"canonical":"https:\/\/diarioprincipios.com\/index.php\/2024\/08\/14\/ya-llega-la-feria-nacional-berazategui-artesanias\/","og_locale":"es_ES","og_type":"article","og_title":"Ya llega la Feria Nacional Berazategui Artesan\u00edas - Principios","og_description":"Con m\u00e1s de 200 artesanos y artesanas de todo el pa\u00eds, este jueves 15 de agosto comienza la 17ma edici\u00f3n de la Feria Nacional Berazategui Artesan\u00edas. Se realizar\u00e1 hasta el lunes 19 de agosto inclusive, de 15.00 a 21.00, en el Centro Municipal de Actividades Roberto De Vicenzo (calle 18 y 148), con entrada libre...","og_url":"https:\/\/diarioprincipios.com\/index.php\/2024\/08\/14\/ya-llega-la-feria-nacional-berazategui-artesanias\/","og_site_name":"Principios","article_published_time":"2024-08-14T13:40:35+00:00","article_modified_time":"2024-08-14T13:40:37+00:00","og_image":[{"width":1920,"height":1280,"url":"https:\/\/diarioprincipios.com\/wp-content\/uploads\/2024\/08\/YA-LLEGA-LA-FERIA-NACIONAL-BERAZATEGUI-ARTESANIAS-4.jpg","type":"image\/jpeg"}],"author":"Hern\u00e1n L\u00f3pez","twitter_card":"summary_large_image","twitter_misc":{"Escrito por":"Hern\u00e1n L\u00f3pez","Tiempo de lectura":"3 minutos"},"schema":{"@context":"https:\/\/schema.org","@graph":[{"@type":"Article","@id":"https:\/\/diarioprincipios.com\/index.php\/2024\/08\/14\/ya-llega-la-feria-nacional-berazategui-artesanias\/#article","isPartOf":{"@id":"https:\/\/diarioprincipios.com\/index.php\/2024\/08\/14\/ya-llega-la-feria-nacional-berazategui-artesanias\/"},"author":{"name":"Hern\u00e1n L\u00f3pez","@id":"https:\/\/diarioprincipios.com\/#\/schema\/person\/436d5a1fd41a5e250e23ff5a6a7cb080"},"headline":"Ya llega la Feria Nacional Berazategui Artesan\u00edas","datePublished":"2024-08-14T13:40:35+00:00","dateModified":"2024-08-14T13:40:37+00:00","mainEntityOfPage":{"@id":"https:\/\/diarioprincipios.com\/index.php\/2024\/08\/14\/ya-llega-la-feria-nacional-berazategui-artesanias\/"},"wordCount":344,"commentCount":0,"publisher":{"@id":"https:\/\/diarioprincipios.com\/#organization"},"image":{"@id":"https:\/\/diarioprincipios.com\/index.php\/2024\/08\/14\/ya-llega-la-feria-nacional-berazategui-artesanias\/#primaryimage"},"thumbnailUrl":"https:\/\/diarioprincipios.com\/wp-content\/uploads\/2024\/08\/YA-LLEGA-LA-FERIA-NACIONAL-BERAZATEGUI-ARTESANIAS-4.jpg","articleSection":["Berazategui","Cultura y Educaci\u00f3n"],"inLanguage":"es","potentialAction":[{"@type":"CommentAction","name":"Comment","target":["https:\/\/diarioprincipios.com\/index.php\/2024\/08\/14\/ya-llega-la-feria-nacional-berazategui-artesanias\/#respond"]}]},{"@type":"WebPage","@id":"https:\/\/diarioprincipios.com\/index.php\/2024\/08\/14\/ya-llega-la-feria-nacional-berazategui-artesanias\/","url":"https:\/\/diarioprincipios.com\/index.php\/2024\/08\/14\/ya-llega-la-feria-nacional-berazategui-artesanias\/","name":"Ya llega la Feria Nacional Berazategui Artesan\u00edas - Principios","isPartOf":{"@id":"https:\/\/diarioprincipios.com\/#website"},"primaryImageOfPage":{"@id":"https:\/\/diarioprincipios.com\/index.php\/2024\/08\/14\/ya-llega-la-feria-nacional-berazategui-artesanias\/#primaryimage"},"image":{"@id":"https:\/\/diarioprincipios.com\/index.php\/2024\/08\/14\/ya-llega-la-feria-nacional-berazategui-artesanias\/#primaryimage"},"thumbnailUrl":"https:\/\/diarioprincipios.com\/wp-content\/uploads\/2024\/08\/YA-LLEGA-LA-FERIA-NACIONAL-BERAZATEGUI-ARTESANIAS-4.jpg","datePublished":"2024-08-14T13:40:35+00:00","dateModified":"2024-08-14T13:40:37+00:00","breadcrumb":{"@id":"https:\/\/diarioprincipios.com\/index.php\/2024\/08\/14\/ya-llega-la-feria-nacional-berazategui-artesanias\/#breadcrumb"},"inLanguage":"es","potentialAction":[{"@type":"ReadAction","target":["https:\/\/diarioprincipios.com\/index.php\/2024\/08\/14\/ya-llega-la-feria-nacional-berazategui-artesanias\/"]}]},{"@type":"ImageObject","inLanguage":"es","@id":"https:\/\/diarioprincipios.com\/index.php\/2024\/08\/14\/ya-llega-la-feria-nacional-berazategui-artesanias\/#primaryimage","url":"https:\/\/diarioprincipios.com\/wp-content\/uploads\/2024\/08\/YA-LLEGA-LA-FERIA-NACIONAL-BERAZATEGUI-ARTESANIAS-4.jpg","contentUrl":"https:\/\/diarioprincipios.com\/wp-content\/uploads\/2024\/08\/YA-LLEGA-LA-FERIA-NACIONAL-BERAZATEGUI-ARTESANIAS-4.jpg","width":1920,"height":1280},{"@type":"BreadcrumbList","@id":"https:\/\/diarioprincipios.com\/index.php\/2024\/08\/14\/ya-llega-la-feria-nacional-berazategui-artesanias\/#breadcrumb","itemListElement":[{"@type":"ListItem","position":1,"name":"Portada","item":"https:\/\/diarioprincipios.com\/"},{"@type":"ListItem","position":2,"name":"Ya llega la Feria Nacional Berazategui Artesan\u00edas"}]},{"@type":"WebSite","@id":"https:\/\/diarioprincipios.com\/#website","url":"https:\/\/diarioprincipios.com\/","name":"Principios","description":"Principios Diario","publisher":{"@id":"https:\/\/diarioprincipios.com\/#organization"},"potentialAction":[{"@type":"SearchAction","target":{"@type":"EntryPoint","urlTemplate":"https:\/\/diarioprincipios.com\/?s={search_term_string}"},"query-input":{"@type":"PropertyValueSpecification","valueRequired":true,"valueName":"search_term_string"}}],"inLanguage":"es"},{"@type":"Organization","@id":"https:\/\/diarioprincipios.com\/#organization","name":"Principios","url":"https:\/\/diarioprincipios.com\/","logo":{"@type":"ImageObject","inLanguage":"es","@id":"https:\/\/diarioprincipios.com\/#\/schema\/logo\/image\/","url":"https:\/\/diarioprincipios.com\/wp-content\/uploads\/2024\/04\/cropped-www.diarioprincipios.com_-1.png","contentUrl":"https:\/\/diarioprincipios.com\/wp-content\/uploads\/2024\/04\/cropped-www.diarioprincipios.com_-1.png","width":5325,"height":1454,"caption":"Principios"},"image":{"@id":"https:\/\/diarioprincipios.com\/#\/schema\/logo\/image\/"}},{"@type":"Person","@id":"https:\/\/diarioprincipios.com\/#\/schema\/person\/436d5a1fd41a5e250e23ff5a6a7cb080","name":"Hern\u00e1n L\u00f3pez","image":{"@type":"ImageObject","inLanguage":"es","@id":"https:\/\/diarioprincipios.com\/wp-content\/litespeed\/avatar\/11ddfe5610ff3bd100522525b2571f48.jpg?ver=1777048341","url":"https:\/\/diarioprincipios.com\/wp-content\/litespeed\/avatar\/11ddfe5610ff3bd100522525b2571f48.jpg?ver=1777048341","contentUrl":"https:\/\/diarioprincipios.com\/wp-content\/litespeed\/avatar\/11ddfe5610ff3bd100522525b2571f48.jpg?ver=1777048341","caption":"Hern\u00e1n L\u00f3pez"},"url":"https:\/\/diarioprincipios.com\/index.php\/author\/hernan\/"}]}},"jetpack_featured_media_url":"https:\/\/diarioprincipios.com\/wp-content\/uploads\/2024\/08\/YA-LLEGA-LA-FERIA-NACIONAL-BERAZATEGUI-ARTESANIAS-4.jpg","_links":{"self":[{"href":"https:\/\/diarioprincipios.com\/index.php\/wp-json\/wp\/v2\/posts\/22680","targetHints":{"allow":["GET"]}}],"collection":[{"href":"https:\/\/diarioprincipios.com\/index.php\/wp-json\/wp\/v2\/posts"}],"about":[{"href":"https:\/\/diarioprincipios.com\/index.php\/wp-json\/wp\/v2\/types\/post"}],"author":[{"embeddable":true,"href":"https:\/\/diarioprincipios.com\/index.php\/wp-json\/wp\/v2\/users\/2"}],"replies":[{"embeddable":true,"href":"https:\/\/diarioprincipios.com\/index.php\/wp-json\/wp\/v2\/comments?post=22680"}],"version-history":[{"count":1,"href":"https:\/\/diarioprincipios.com\/index.php\/wp-json\/wp\/v2\/posts\/22680\/revisions"}],"predecessor-version":[{"id":22684,"href":"https:\/\/diarioprincipios.com\/index.php\/wp-json\/wp\/v2\/posts\/22680\/revisions\/22684"}],"wp:featuredmedia":[{"embeddable":true,"href":"https:\/\/diarioprincipios.com\/index.php\/wp-json\/wp\/v2\/media\/22683"}],"wp:attachment":[{"href":"https:\/\/diarioprincipios.com\/index.php\/wp-json\/wp\/v2\/media?parent=22680"}],"wp:term":[{"taxonomy":"category","embeddable":true,"href":"https:\/\/diarioprincipios.com\/index.php\/wp-json\/wp\/v2\/categories?post=22680"},{"taxonomy":"post_tag","embeddable":true,"href":"https:\/\/diarioprincipios.com\/index.php\/wp-json\/wp\/v2\/tags?post=22680"}],"curies":[{"name":"wp","href":"https:\/\/api.w.org\/{rel}","templated":true}]}}