{"id":22670,"date":"2024-08-13T20:20:27","date_gmt":"2024-08-13T23:20:27","guid":{"rendered":"http:\/\/diarioprincipios.com\/?p=22670"},"modified":"2024-08-13T20:20:29","modified_gmt":"2024-08-13T23:20:29","slug":"embellecieron-la-escuela-primaria-n-18","status":"publish","type":"post","link":"https:\/\/diarioprincipios.com\/index.php\/2024\/08\/13\/embellecieron-la-escuela-primaria-n-18\/","title":{"rendered":"Embellecieron la Escuela Primaria N\u00b0 18"},"content":{"rendered":"\n<p><strong>El s\u00e1bado 10 de agosto se llev\u00f3 a cabo una jornada de trabajo en la Escuela Primaria N\u00b0 18, ubicada en el barrio San Juan, donde la comunidad educativa realiz\u00f3 distintas tareas de mantenimiento. El intendente de Berazategui, Juan Jos\u00e9 Mussi, particip\u00f3 de la actividad.<\/strong><\/p>\n\n\n\n<figure class=\"wp-block-image size-large\"><img loading=\"lazy\" decoding=\"async\" width=\"1024\" height=\"683\" src=\"https:\/\/diarioprincipios.com\/wp-content\/uploads\/2024\/08\/EMBELLECIERON-LA-ESCUELA-PRIMARIA-N\u00b0-18-4-1-1024x683.jpg\" alt=\"\" class=\"wp-image-22671\" srcset=\"https:\/\/diarioprincipios.com\/wp-content\/uploads\/2024\/08\/EMBELLECIERON-LA-ESCUELA-PRIMARIA-N\u00b0-18-4-1-1024x683.jpg 1024w, https:\/\/diarioprincipios.com\/wp-content\/uploads\/2024\/08\/EMBELLECIERON-LA-ESCUELA-PRIMARIA-N\u00b0-18-4-1-300x200.jpg 300w, https:\/\/diarioprincipios.com\/wp-content\/uploads\/2024\/08\/EMBELLECIERON-LA-ESCUELA-PRIMARIA-N\u00b0-18-4-1-768x512.jpg 768w, https:\/\/diarioprincipios.com\/wp-content\/uploads\/2024\/08\/EMBELLECIERON-LA-ESCUELA-PRIMARIA-N\u00b0-18-4-1-1536x1024.jpg 1536w, https:\/\/diarioprincipios.com\/wp-content\/uploads\/2024\/08\/EMBELLECIERON-LA-ESCUELA-PRIMARIA-N\u00b0-18-4-1-600x400.jpg 600w, https:\/\/diarioprincipios.com\/wp-content\/uploads\/2024\/08\/EMBELLECIERON-LA-ESCUELA-PRIMARIA-N\u00b0-18-4-1.jpg 1920w\" sizes=\"auto, (max-width: 1024px) 100vw, 1024px\" \/><\/figure>\n\n\n\n<p><br>Durante su visita, Mussi recorri\u00f3 la instituci\u00f3n junto a las autoridades. Consejeros escolares, docentes y padres llevaron a cabo trabajos de pintura, limpieza y reparaciones. Adem\u00e1s, la instituci\u00f3n recibi\u00f3 mobiliario nuevo para mejorar sus instalaciones, de parte del Gobierno provincial.<\/p>\n\n\n\n<figure class=\"wp-block-image size-large\"><img loading=\"lazy\" decoding=\"async\" width=\"1024\" height=\"683\" src=\"https:\/\/diarioprincipios.com\/wp-content\/uploads\/2024\/08\/EMBELLECIERON-LA-ESCUELA-PRIMARIA-N\u00b0-18-1-1024x683.jpg\" alt=\"\" class=\"wp-image-22672\" srcset=\"https:\/\/diarioprincipios.com\/wp-content\/uploads\/2024\/08\/EMBELLECIERON-LA-ESCUELA-PRIMARIA-N\u00b0-18-1-1024x683.jpg 1024w, https:\/\/diarioprincipios.com\/wp-content\/uploads\/2024\/08\/EMBELLECIERON-LA-ESCUELA-PRIMARIA-N\u00b0-18-1-300x200.jpg 300w, https:\/\/diarioprincipios.com\/wp-content\/uploads\/2024\/08\/EMBELLECIERON-LA-ESCUELA-PRIMARIA-N\u00b0-18-1-768x512.jpg 768w, https:\/\/diarioprincipios.com\/wp-content\/uploads\/2024\/08\/EMBELLECIERON-LA-ESCUELA-PRIMARIA-N\u00b0-18-1-1536x1024.jpg 1536w, https:\/\/diarioprincipios.com\/wp-content\/uploads\/2024\/08\/EMBELLECIERON-LA-ESCUELA-PRIMARIA-N\u00b0-18-1-600x400.jpg 600w, https:\/\/diarioprincipios.com\/wp-content\/uploads\/2024\/08\/EMBELLECIERON-LA-ESCUELA-PRIMARIA-N\u00b0-18-1.jpg 1920w\" sizes=\"auto, (max-width: 1024px) 100vw, 1024px\" \/><\/figure>\n\n\n\n<p><br>Sobre la jornada, Claudia Ramounat, directora de la Primaria a la que asisten 308 estudiantes, expres\u00f3: \u201cGracias al Municipio y al Consejo Escolar por esta iniciativa que es de suma importancia para nosotros\u201d.<\/p>\n","protected":false},"excerpt":{"rendered":"<p>El s\u00e1bado 10 de agosto se llev\u00f3 a cabo una jornada de trabajo en la Escuela Primaria N\u00b0 18, ubicada en el barrio San Juan, donde la comunidad educativa realiz\u00f3 distintas tareas de mantenimiento. El intendente de Berazategui, Juan Jos\u00e9 Mussi, particip\u00f3 de la actividad. Durante su visita, Mussi recorri\u00f3 la instituci\u00f3n junto a las&#8230;<\/p>\n","protected":false},"author":2,"featured_media":22673,"comment_status":"open","ping_status":"open","sticky":false,"template":"","format":"standard","meta":{"footnotes":""},"categories":[3,19],"tags":[],"class_list":["post-22670","post","type-post","status-publish","format-standard","has-post-thumbnail","hentry","category-berazategui","category-cultura-educacion"],"featured_image_src":"https:\/\/diarioprincipios.com\/wp-content\/uploads\/2024\/08\/EMBELLECIERON-LA-ESCUELA-PRIMARIA-N\u00b0-18-3-1-1024x683.jpg","blog_images":{"medium":"https:\/\/diarioprincipios.com\/wp-content\/uploads\/2024\/08\/EMBELLECIERON-LA-ESCUELA-PRIMARIA-N\u00b0-18-3-1-300x200.jpg","large":"https:\/\/diarioprincipios.com\/wp-content\/uploads\/2024\/08\/EMBELLECIERON-LA-ESCUELA-PRIMARIA-N\u00b0-18-3-1-1024x683.jpg"},"ams_acf":[],"yoast_head":"<!-- This site is optimized with the Yoast SEO plugin v27.3 - https:\/\/yoast.com\/product\/yoast-seo-wordpress\/ -->\n<title>Embellecieron la Escuela Primaria N\u00b0 18 - Principios<\/title>\n<meta name=\"robots\" content=\"index, follow, max-snippet:-1, max-image-preview:large, max-video-preview:-1\" \/>\n<link rel=\"canonical\" href=\"https:\/\/diarioprincipios.com\/index.php\/2024\/08\/13\/embellecieron-la-escuela-primaria-n-18\/\" \/>\n<meta property=\"og:locale\" content=\"es_ES\" \/>\n<meta property=\"og:type\" content=\"article\" \/>\n<meta property=\"og:title\" content=\"Embellecieron la Escuela Primaria N\u00b0 18 - Principios\" \/>\n<meta property=\"og:description\" content=\"El s\u00e1bado 10 de agosto se llev\u00f3 a cabo una jornada de trabajo en la Escuela Primaria N\u00b0 18, ubicada en el barrio San Juan, donde la comunidad educativa realiz\u00f3 distintas tareas de mantenimiento. El intendente de Berazategui, Juan Jos\u00e9 Mussi, particip\u00f3 de la actividad. Durante su visita, Mussi recorri\u00f3 la instituci\u00f3n junto a las...\" \/>\n<meta property=\"og:url\" content=\"https:\/\/diarioprincipios.com\/index.php\/2024\/08\/13\/embellecieron-la-escuela-primaria-n-18\/\" \/>\n<meta property=\"og:site_name\" content=\"Principios\" \/>\n<meta property=\"article:published_time\" content=\"2024-08-13T23:20:27+00:00\" \/>\n<meta property=\"article:modified_time\" content=\"2024-08-13T23:20:29+00:00\" \/>\n<meta property=\"og:image\" content=\"https:\/\/diarioprincipios.com\/wp-content\/uploads\/2024\/08\/EMBELLECIERON-LA-ESCUELA-PRIMARIA-N\u00b0-18-3-1.jpg\" \/>\n\t<meta property=\"og:image:width\" content=\"1920\" \/>\n\t<meta property=\"og:image:height\" content=\"1280\" \/>\n\t<meta property=\"og:image:type\" content=\"image\/jpeg\" \/>\n<meta name=\"author\" content=\"Hern\u00e1n L\u00f3pez\" \/>\n<meta name=\"twitter:card\" content=\"summary_large_image\" \/>\n<meta name=\"twitter:label1\" content=\"Escrito por\" \/>\n\t<meta name=\"twitter:data1\" content=\"Hern\u00e1n L\u00f3pez\" \/>\n\t<meta name=\"twitter:label2\" content=\"Tiempo de lectura\" \/>\n\t<meta name=\"twitter:data2\" content=\"2 minutos\" \/>\n<script type=\"application\/ld+json\" class=\"yoast-schema-graph\">{\"@context\":\"https:\\\/\\\/schema.org\",\"@graph\":[{\"@type\":\"Article\",\"@id\":\"https:\\\/\\\/diarioprincipios.com\\\/index.php\\\/2024\\\/08\\\/13\\\/embellecieron-la-escuela-primaria-n-18\\\/#article\",\"isPartOf\":{\"@id\":\"https:\\\/\\\/diarioprincipios.com\\\/index.php\\\/2024\\\/08\\\/13\\\/embellecieron-la-escuela-primaria-n-18\\\/\"},\"author\":{\"name\":\"Hern\u00e1n L\u00f3pez\",\"@id\":\"https:\\\/\\\/diarioprincipios.com\\\/#\\\/schema\\\/person\\\/436d5a1fd41a5e250e23ff5a6a7cb080\"},\"headline\":\"Embellecieron la Escuela Primaria N\u00b0 18\",\"datePublished\":\"2024-08-13T23:20:27+00:00\",\"dateModified\":\"2024-08-13T23:20:29+00:00\",\"mainEntityOfPage\":{\"@id\":\"https:\\\/\\\/diarioprincipios.com\\\/index.php\\\/2024\\\/08\\\/13\\\/embellecieron-la-escuela-primaria-n-18\\\/\"},\"wordCount\":124,\"commentCount\":0,\"publisher\":{\"@id\":\"https:\\\/\\\/diarioprincipios.com\\\/#organization\"},\"image\":{\"@id\":\"https:\\\/\\\/diarioprincipios.com\\\/index.php\\\/2024\\\/08\\\/13\\\/embellecieron-la-escuela-primaria-n-18\\\/#primaryimage\"},\"thumbnailUrl\":\"https:\\\/\\\/diarioprincipios.com\\\/wp-content\\\/uploads\\\/2024\\\/08\\\/EMBELLECIERON-LA-ESCUELA-PRIMARIA-N\u00b0-18-3-1.jpg\",\"articleSection\":[\"Berazategui\",\"Cultura y Educaci\u00f3n\"],\"inLanguage\":\"es\",\"potentialAction\":[{\"@type\":\"CommentAction\",\"name\":\"Comment\",\"target\":[\"https:\\\/\\\/diarioprincipios.com\\\/index.php\\\/2024\\\/08\\\/13\\\/embellecieron-la-escuela-primaria-n-18\\\/#respond\"]}]},{\"@type\":\"WebPage\",\"@id\":\"https:\\\/\\\/diarioprincipios.com\\\/index.php\\\/2024\\\/08\\\/13\\\/embellecieron-la-escuela-primaria-n-18\\\/\",\"url\":\"https:\\\/\\\/diarioprincipios.com\\\/index.php\\\/2024\\\/08\\\/13\\\/embellecieron-la-escuela-primaria-n-18\\\/\",\"name\":\"Embellecieron la Escuela Primaria N\u00b0 18 - Principios\",\"isPartOf\":{\"@id\":\"https:\\\/\\\/diarioprincipios.com\\\/#website\"},\"primaryImageOfPage\":{\"@id\":\"https:\\\/\\\/diarioprincipios.com\\\/index.php\\\/2024\\\/08\\\/13\\\/embellecieron-la-escuela-primaria-n-18\\\/#primaryimage\"},\"image\":{\"@id\":\"https:\\\/\\\/diarioprincipios.com\\\/index.php\\\/2024\\\/08\\\/13\\\/embellecieron-la-escuela-primaria-n-18\\\/#primaryimage\"},\"thumbnailUrl\":\"https:\\\/\\\/diarioprincipios.com\\\/wp-content\\\/uploads\\\/2024\\\/08\\\/EMBELLECIERON-LA-ESCUELA-PRIMARIA-N\u00b0-18-3-1.jpg\",\"datePublished\":\"2024-08-13T23:20:27+00:00\",\"dateModified\":\"2024-08-13T23:20:29+00:00\",\"breadcrumb\":{\"@id\":\"https:\\\/\\\/diarioprincipios.com\\\/index.php\\\/2024\\\/08\\\/13\\\/embellecieron-la-escuela-primaria-n-18\\\/#breadcrumb\"},\"inLanguage\":\"es\",\"potentialAction\":[{\"@type\":\"ReadAction\",\"target\":[\"https:\\\/\\\/diarioprincipios.com\\\/index.php\\\/2024\\\/08\\\/13\\\/embellecieron-la-escuela-primaria-n-18\\\/\"]}]},{\"@type\":\"ImageObject\",\"inLanguage\":\"es\",\"@id\":\"https:\\\/\\\/diarioprincipios.com\\\/index.php\\\/2024\\\/08\\\/13\\\/embellecieron-la-escuela-primaria-n-18\\\/#primaryimage\",\"url\":\"https:\\\/\\\/diarioprincipios.com\\\/wp-content\\\/uploads\\\/2024\\\/08\\\/EMBELLECIERON-LA-ESCUELA-PRIMARIA-N\u00b0-18-3-1.jpg\",\"contentUrl\":\"https:\\\/\\\/diarioprincipios.com\\\/wp-content\\\/uploads\\\/2024\\\/08\\\/EMBELLECIERON-LA-ESCUELA-PRIMARIA-N\u00b0-18-3-1.jpg\",\"width\":1920,\"height\":1280},{\"@type\":\"BreadcrumbList\",\"@id\":\"https:\\\/\\\/diarioprincipios.com\\\/index.php\\\/2024\\\/08\\\/13\\\/embellecieron-la-escuela-primaria-n-18\\\/#breadcrumb\",\"itemListElement\":[{\"@type\":\"ListItem\",\"position\":1,\"name\":\"Portada\",\"item\":\"https:\\\/\\\/diarioprincipios.com\\\/\"},{\"@type\":\"ListItem\",\"position\":2,\"name\":\"Embellecieron la Escuela Primaria N\u00b0 18\"}]},{\"@type\":\"WebSite\",\"@id\":\"https:\\\/\\\/diarioprincipios.com\\\/#website\",\"url\":\"https:\\\/\\\/diarioprincipios.com\\\/\",\"name\":\"Principios\",\"description\":\"Principios Diario\",\"publisher\":{\"@id\":\"https:\\\/\\\/diarioprincipios.com\\\/#organization\"},\"potentialAction\":[{\"@type\":\"SearchAction\",\"target\":{\"@type\":\"EntryPoint\",\"urlTemplate\":\"https:\\\/\\\/diarioprincipios.com\\\/?s={search_term_string}\"},\"query-input\":{\"@type\":\"PropertyValueSpecification\",\"valueRequired\":true,\"valueName\":\"search_term_string\"}}],\"inLanguage\":\"es\"},{\"@type\":\"Organization\",\"@id\":\"https:\\\/\\\/diarioprincipios.com\\\/#organization\",\"name\":\"Principios\",\"url\":\"https:\\\/\\\/diarioprincipios.com\\\/\",\"logo\":{\"@type\":\"ImageObject\",\"inLanguage\":\"es\",\"@id\":\"https:\\\/\\\/diarioprincipios.com\\\/#\\\/schema\\\/logo\\\/image\\\/\",\"url\":\"https:\\\/\\\/diarioprincipios.com\\\/wp-content\\\/uploads\\\/2024\\\/04\\\/cropped-www.diarioprincipios.com_-1.png\",\"contentUrl\":\"https:\\\/\\\/diarioprincipios.com\\\/wp-content\\\/uploads\\\/2024\\\/04\\\/cropped-www.diarioprincipios.com_-1.png\",\"width\":5325,\"height\":1454,\"caption\":\"Principios\"},\"image\":{\"@id\":\"https:\\\/\\\/diarioprincipios.com\\\/#\\\/schema\\\/logo\\\/image\\\/\"}},{\"@type\":\"Person\",\"@id\":\"https:\\\/\\\/diarioprincipios.com\\\/#\\\/schema\\\/person\\\/436d5a1fd41a5e250e23ff5a6a7cb080\",\"name\":\"Hern\u00e1n L\u00f3pez\",\"image\":{\"@type\":\"ImageObject\",\"inLanguage\":\"es\",\"@id\":\"https:\\\/\\\/diarioprincipios.com\\\/wp-content\\\/litespeed\\\/avatar\\\/11ddfe5610ff3bd100522525b2571f48.jpg?ver=1777048341\",\"url\":\"https:\\\/\\\/diarioprincipios.com\\\/wp-content\\\/litespeed\\\/avatar\\\/11ddfe5610ff3bd100522525b2571f48.jpg?ver=1777048341\",\"contentUrl\":\"https:\\\/\\\/diarioprincipios.com\\\/wp-content\\\/litespeed\\\/avatar\\\/11ddfe5610ff3bd100522525b2571f48.jpg?ver=1777048341\",\"caption\":\"Hern\u00e1n L\u00f3pez\"},\"url\":\"https:\\\/\\\/diarioprincipios.com\\\/index.php\\\/author\\\/hernan\\\/\"}]}<\/script>\n<!-- \/ Yoast SEO plugin. -->","yoast_head_json":{"title":"Embellecieron la Escuela Primaria N\u00b0 18 - Principios","robots":{"index":"index","follow":"follow","max-snippet":"max-snippet:-1","max-image-preview":"max-image-preview:large","max-video-preview":"max-video-preview:-1"},"canonical":"https:\/\/diarioprincipios.com\/index.php\/2024\/08\/13\/embellecieron-la-escuela-primaria-n-18\/","og_locale":"es_ES","og_type":"article","og_title":"Embellecieron la Escuela Primaria N\u00b0 18 - Principios","og_description":"El s\u00e1bado 10 de agosto se llev\u00f3 a cabo una jornada de trabajo en la Escuela Primaria N\u00b0 18, ubicada en el barrio San Juan, donde la comunidad educativa realiz\u00f3 distintas tareas de mantenimiento. El intendente de Berazategui, Juan Jos\u00e9 Mussi, particip\u00f3 de la actividad. Durante su visita, Mussi recorri\u00f3 la instituci\u00f3n junto a las...","og_url":"https:\/\/diarioprincipios.com\/index.php\/2024\/08\/13\/embellecieron-la-escuela-primaria-n-18\/","og_site_name":"Principios","article_published_time":"2024-08-13T23:20:27+00:00","article_modified_time":"2024-08-13T23:20:29+00:00","og_image":[{"width":1920,"height":1280,"url":"https:\/\/diarioprincipios.com\/wp-content\/uploads\/2024\/08\/EMBELLECIERON-LA-ESCUELA-PRIMARIA-N\u00b0-18-3-1.jpg","type":"image\/jpeg"}],"author":"Hern\u00e1n L\u00f3pez","twitter_card":"summary_large_image","twitter_misc":{"Escrito por":"Hern\u00e1n L\u00f3pez","Tiempo de lectura":"2 minutos"},"schema":{"@context":"https:\/\/schema.org","@graph":[{"@type":"Article","@id":"https:\/\/diarioprincipios.com\/index.php\/2024\/08\/13\/embellecieron-la-escuela-primaria-n-18\/#article","isPartOf":{"@id":"https:\/\/diarioprincipios.com\/index.php\/2024\/08\/13\/embellecieron-la-escuela-primaria-n-18\/"},"author":{"name":"Hern\u00e1n L\u00f3pez","@id":"https:\/\/diarioprincipios.com\/#\/schema\/person\/436d5a1fd41a5e250e23ff5a6a7cb080"},"headline":"Embellecieron la Escuela Primaria N\u00b0 18","datePublished":"2024-08-13T23:20:27+00:00","dateModified":"2024-08-13T23:20:29+00:00","mainEntityOfPage":{"@id":"https:\/\/diarioprincipios.com\/index.php\/2024\/08\/13\/embellecieron-la-escuela-primaria-n-18\/"},"wordCount":124,"commentCount":0,"publisher":{"@id":"https:\/\/diarioprincipios.com\/#organization"},"image":{"@id":"https:\/\/diarioprincipios.com\/index.php\/2024\/08\/13\/embellecieron-la-escuela-primaria-n-18\/#primaryimage"},"thumbnailUrl":"https:\/\/diarioprincipios.com\/wp-content\/uploads\/2024\/08\/EMBELLECIERON-LA-ESCUELA-PRIMARIA-N\u00b0-18-3-1.jpg","articleSection":["Berazategui","Cultura y Educaci\u00f3n"],"inLanguage":"es","potentialAction":[{"@type":"CommentAction","name":"Comment","target":["https:\/\/diarioprincipios.com\/index.php\/2024\/08\/13\/embellecieron-la-escuela-primaria-n-18\/#respond"]}]},{"@type":"WebPage","@id":"https:\/\/diarioprincipios.com\/index.php\/2024\/08\/13\/embellecieron-la-escuela-primaria-n-18\/","url":"https:\/\/diarioprincipios.com\/index.php\/2024\/08\/13\/embellecieron-la-escuela-primaria-n-18\/","name":"Embellecieron la Escuela Primaria N\u00b0 18 - Principios","isPartOf":{"@id":"https:\/\/diarioprincipios.com\/#website"},"primaryImageOfPage":{"@id":"https:\/\/diarioprincipios.com\/index.php\/2024\/08\/13\/embellecieron-la-escuela-primaria-n-18\/#primaryimage"},"image":{"@id":"https:\/\/diarioprincipios.com\/index.php\/2024\/08\/13\/embellecieron-la-escuela-primaria-n-18\/#primaryimage"},"thumbnailUrl":"https:\/\/diarioprincipios.com\/wp-content\/uploads\/2024\/08\/EMBELLECIERON-LA-ESCUELA-PRIMARIA-N\u00b0-18-3-1.jpg","datePublished":"2024-08-13T23:20:27+00:00","dateModified":"2024-08-13T23:20:29+00:00","breadcrumb":{"@id":"https:\/\/diarioprincipios.com\/index.php\/2024\/08\/13\/embellecieron-la-escuela-primaria-n-18\/#breadcrumb"},"inLanguage":"es","potentialAction":[{"@type":"ReadAction","target":["https:\/\/diarioprincipios.com\/index.php\/2024\/08\/13\/embellecieron-la-escuela-primaria-n-18\/"]}]},{"@type":"ImageObject","inLanguage":"es","@id":"https:\/\/diarioprincipios.com\/index.php\/2024\/08\/13\/embellecieron-la-escuela-primaria-n-18\/#primaryimage","url":"https:\/\/diarioprincipios.com\/wp-content\/uploads\/2024\/08\/EMBELLECIERON-LA-ESCUELA-PRIMARIA-N\u00b0-18-3-1.jpg","contentUrl":"https:\/\/diarioprincipios.com\/wp-content\/uploads\/2024\/08\/EMBELLECIERON-LA-ESCUELA-PRIMARIA-N\u00b0-18-3-1.jpg","width":1920,"height":1280},{"@type":"BreadcrumbList","@id":"https:\/\/diarioprincipios.com\/index.php\/2024\/08\/13\/embellecieron-la-escuela-primaria-n-18\/#breadcrumb","itemListElement":[{"@type":"ListItem","position":1,"name":"Portada","item":"https:\/\/diarioprincipios.com\/"},{"@type":"ListItem","position":2,"name":"Embellecieron la Escuela Primaria N\u00b0 18"}]},{"@type":"WebSite","@id":"https:\/\/diarioprincipios.com\/#website","url":"https:\/\/diarioprincipios.com\/","name":"Principios","description":"Principios Diario","publisher":{"@id":"https:\/\/diarioprincipios.com\/#organization"},"potentialAction":[{"@type":"SearchAction","target":{"@type":"EntryPoint","urlTemplate":"https:\/\/diarioprincipios.com\/?s={search_term_string}"},"query-input":{"@type":"PropertyValueSpecification","valueRequired":true,"valueName":"search_term_string"}}],"inLanguage":"es"},{"@type":"Organization","@id":"https:\/\/diarioprincipios.com\/#organization","name":"Principios","url":"https:\/\/diarioprincipios.com\/","logo":{"@type":"ImageObject","inLanguage":"es","@id":"https:\/\/diarioprincipios.com\/#\/schema\/logo\/image\/","url":"https:\/\/diarioprincipios.com\/wp-content\/uploads\/2024\/04\/cropped-www.diarioprincipios.com_-1.png","contentUrl":"https:\/\/diarioprincipios.com\/wp-content\/uploads\/2024\/04\/cropped-www.diarioprincipios.com_-1.png","width":5325,"height":1454,"caption":"Principios"},"image":{"@id":"https:\/\/diarioprincipios.com\/#\/schema\/logo\/image\/"}},{"@type":"Person","@id":"https:\/\/diarioprincipios.com\/#\/schema\/person\/436d5a1fd41a5e250e23ff5a6a7cb080","name":"Hern\u00e1n L\u00f3pez","image":{"@type":"ImageObject","inLanguage":"es","@id":"https:\/\/diarioprincipios.com\/wp-content\/litespeed\/avatar\/11ddfe5610ff3bd100522525b2571f48.jpg?ver=1777048341","url":"https:\/\/diarioprincipios.com\/wp-content\/litespeed\/avatar\/11ddfe5610ff3bd100522525b2571f48.jpg?ver=1777048341","contentUrl":"https:\/\/diarioprincipios.com\/wp-content\/litespeed\/avatar\/11ddfe5610ff3bd100522525b2571f48.jpg?ver=1777048341","caption":"Hern\u00e1n L\u00f3pez"},"url":"https:\/\/diarioprincipios.com\/index.php\/author\/hernan\/"}]}},"jetpack_featured_media_url":"https:\/\/diarioprincipios.com\/wp-content\/uploads\/2024\/08\/EMBELLECIERON-LA-ESCUELA-PRIMARIA-N\u00b0-18-3-1.jpg","_links":{"self":[{"href":"https:\/\/diarioprincipios.com\/index.php\/wp-json\/wp\/v2\/posts\/22670","targetHints":{"allow":["GET"]}}],"collection":[{"href":"https:\/\/diarioprincipios.com\/index.php\/wp-json\/wp\/v2\/posts"}],"about":[{"href":"https:\/\/diarioprincipios.com\/index.php\/wp-json\/wp\/v2\/types\/post"}],"author":[{"embeddable":true,"href":"https:\/\/diarioprincipios.com\/index.php\/wp-json\/wp\/v2\/users\/2"}],"replies":[{"embeddable":true,"href":"https:\/\/diarioprincipios.com\/index.php\/wp-json\/wp\/v2\/comments?post=22670"}],"version-history":[{"count":1,"href":"https:\/\/diarioprincipios.com\/index.php\/wp-json\/wp\/v2\/posts\/22670\/revisions"}],"predecessor-version":[{"id":22674,"href":"https:\/\/diarioprincipios.com\/index.php\/wp-json\/wp\/v2\/posts\/22670\/revisions\/22674"}],"wp:featuredmedia":[{"embeddable":true,"href":"https:\/\/diarioprincipios.com\/index.php\/wp-json\/wp\/v2\/media\/22673"}],"wp:attachment":[{"href":"https:\/\/diarioprincipios.com\/index.php\/wp-json\/wp\/v2\/media?parent=22670"}],"wp:term":[{"taxonomy":"category","embeddable":true,"href":"https:\/\/diarioprincipios.com\/index.php\/wp-json\/wp\/v2\/categories?post=22670"},{"taxonomy":"post_tag","embeddable":true,"href":"https:\/\/diarioprincipios.com\/index.php\/wp-json\/wp\/v2\/tags?post=22670"}],"curies":[{"name":"wp","href":"https:\/\/api.w.org\/{rel}","templated":true}]}}