{"id":2267,"date":"2020-05-30T19:20:31","date_gmt":"2020-05-30T22:20:31","guid":{"rendered":"http:\/\/diarioprincipios.com\/?p=2267"},"modified":"2020-05-30T19:20:33","modified_gmt":"2020-05-30T22:20:33","slug":"los-vecinos-de-villa-azul-recibiran-tarjetas-telefonicas-para-mejorar-sus-comunicaciones-durante-el-aislamiento","status":"publish","type":"post","link":"https:\/\/diarioprincipios.com\/index.php\/2020\/05\/30\/los-vecinos-de-villa-azul-recibiran-tarjetas-telefonicas-para-mejorar-sus-comunicaciones-durante-el-aislamiento\/","title":{"rendered":"Los vecinos de Villa Azul recibir\u00e1n tarjetas telef\u00f3nicas para mejorar sus comunicaciones durante el aislamiento"},"content":{"rendered":"\n<p>Gracias a un convenio firmado entre los municipios de Avellaneda y Quilmes con el Ente Nacional de Comunicaciones se entregar\u00e1n gratuitamente 3000 tarjetas para las l\u00edneas m\u00f3viles relevadas en el barrio.<\/p>\n\n\n\n<p>El intendente de Avellaneda, Jorge Ferraresi y su par de Quilmes, Mayra Mendoza, recibieron en Villa Azul al titular del ENACOM, Claudio Ambrosoni, para suscribir el convenio mediante el cual se entregar\u00e1n en el barrio 3000 tarjetas telef\u00f3nicas para mejorar la conectividad de sus vecinos y vecinas durante el aislamiento estricto dispuesto.<\/p>\n\n\n\n<p>El intendente Ferraresi, expres\u00f3: \u00abEstamos muy agradecidos al ENACOM por la sensibilidad que muestran y por esta r\u00e1pida inversi\u00f3n con la que dan respuesta a una necesidad de los vecinos del barrio, que van a recibir estas tarjetas de forma gratuita\u00bb.<\/p>\n\n\n\n<p>\u201cEsto permite realizar la cuarentena focalizada con mejores herramientas. Desde ya estamos muy agradecidos, esto es muy \u00fatil para poder seguir cumpliendo con esta medida\u201d, dijo por su parte, Mayra Mendoza.<\/p>\n\n\n\n<p>Ambrosini manifest\u00f3 estar \u201cfeliz de poder ayudar a la gente y tener el Estado presente en donde m\u00e1s lo necesita que son los sectores de menores ingresos. Estamos muy contentos de haber alcanzado este logro\u201d.<\/p>\n\n\n\n<p>El ENACOM, con el aval del presidente&nbsp;Alberto Fern\u00e1ndez,&nbsp;cre\u00f3 el Fondo Global de Emergencia, que consta de 100 millones pesos que se destinar\u00e1n para ofrecer acceso a la red de Internet en el caso de que haya m\u00e1s barrios populares aislados por el COVID-19.<\/p>\n\n\n\n<p>En el caso de Villa Azul, se destinaron 3 millones de pesos para darles conectividad a m\u00e1s de 3.000 habitantes del barrio.<\/p>\n\n\n\n<p>Tambi\u00e9n estuvieron presentes la titular del Observatorio Social de Avellaneda, Magdalena Sierra, el jefe de Gabinete Alejo Chornobroff; junto al vicepresidente y al director del Ente Nacional de Comunicaciones, Gustavo L\u00f3pez&nbsp;y&nbsp;Ra\u00fal Quilodr\u00e1n, respectivamente.<\/p>\n","protected":false},"excerpt":{"rendered":"<p>Gracias a un convenio firmado entre los municipios de Avellaneda y Quilmes con el Ente Nacional de Comunicaciones se entregar\u00e1n gratuitamente 3000 tarjetas para las l\u00edneas m\u00f3viles relevadas en el barrio. El intendente de Avellaneda, Jorge Ferraresi y su par de Quilmes, Mayra Mendoza, recibieron en Villa Azul al titular del ENACOM, Claudio Ambrosoni, para&#8230;<\/p>\n","protected":false},"author":2,"featured_media":2268,"comment_status":"open","ping_status":"open","sticky":false,"template":"","format":"standard","meta":{"footnotes":""},"categories":[5],"tags":[],"class_list":["post-2267","post","type-post","status-publish","format-standard","has-post-thumbnail","hentry","category-avellaneda"],"featured_image_src":"https:\/\/diarioprincipios.com\/wp-content\/uploads\/2020\/05\/d0179cfa-fea7-43c0-8582-6ee958e4d844-1024x642.jpg","blog_images":{"medium":"https:\/\/diarioprincipios.com\/wp-content\/uploads\/2020\/05\/d0179cfa-fea7-43c0-8582-6ee958e4d844-300x188.jpg","large":"https:\/\/diarioprincipios.com\/wp-content\/uploads\/2020\/05\/d0179cfa-fea7-43c0-8582-6ee958e4d844-1024x642.jpg"},"ams_acf":[],"yoast_head":"<!-- This site is optimized with the Yoast SEO plugin v27.3 - https:\/\/yoast.com\/product\/yoast-seo-wordpress\/ -->\n<title>Los vecinos de Villa Azul recibir\u00e1n tarjetas telef\u00f3nicas para mejorar sus comunicaciones durante el aislamiento - Principios<\/title>\n<meta name=\"robots\" content=\"index, follow, max-snippet:-1, max-image-preview:large, max-video-preview:-1\" \/>\n<link rel=\"canonical\" href=\"https:\/\/diarioprincipios.com\/index.php\/2020\/05\/30\/los-vecinos-de-villa-azul-recibiran-tarjetas-telefonicas-para-mejorar-sus-comunicaciones-durante-el-aislamiento\/\" \/>\n<meta property=\"og:locale\" content=\"es_ES\" \/>\n<meta property=\"og:type\" content=\"article\" \/>\n<meta property=\"og:title\" content=\"Los vecinos de Villa Azul recibir\u00e1n tarjetas telef\u00f3nicas para mejorar sus comunicaciones durante el aislamiento - Principios\" \/>\n<meta property=\"og:description\" content=\"Gracias a un convenio firmado entre los municipios de Avellaneda y Quilmes con el Ente Nacional de Comunicaciones se entregar\u00e1n gratuitamente 3000 tarjetas para las l\u00edneas m\u00f3viles relevadas en el barrio. El intendente de Avellaneda, Jorge Ferraresi y su par de Quilmes, Mayra Mendoza, recibieron en Villa Azul al titular del ENACOM, Claudio Ambrosoni, para...\" \/>\n<meta property=\"og:url\" content=\"https:\/\/diarioprincipios.com\/index.php\/2020\/05\/30\/los-vecinos-de-villa-azul-recibiran-tarjetas-telefonicas-para-mejorar-sus-comunicaciones-durante-el-aislamiento\/\" \/>\n<meta property=\"og:site_name\" content=\"Principios\" \/>\n<meta property=\"article:published_time\" content=\"2020-05-30T22:20:31+00:00\" \/>\n<meta property=\"article:modified_time\" content=\"2020-05-30T22:20:33+00:00\" \/>\n<meta property=\"og:image\" content=\"https:\/\/diarioprincipios.com\/wp-content\/uploads\/2020\/05\/d0179cfa-fea7-43c0-8582-6ee958e4d844.jpg\" \/>\n\t<meta property=\"og:image:width\" content=\"1044\" \/>\n\t<meta property=\"og:image:height\" content=\"655\" \/>\n\t<meta property=\"og:image:type\" content=\"image\/jpeg\" \/>\n<meta name=\"author\" content=\"Hern\u00e1n L\u00f3pez\" \/>\n<meta name=\"twitter:card\" content=\"summary_large_image\" \/>\n<meta name=\"twitter:label1\" content=\"Escrito por\" \/>\n\t<meta name=\"twitter:data1\" content=\"Hern\u00e1n L\u00f3pez\" \/>\n\t<meta name=\"twitter:label2\" content=\"Tiempo de lectura\" \/>\n\t<meta name=\"twitter:data2\" content=\"2 minutos\" \/>\n<script type=\"application\/ld+json\" class=\"yoast-schema-graph\">{\"@context\":\"https:\\\/\\\/schema.org\",\"@graph\":[{\"@type\":\"Article\",\"@id\":\"https:\\\/\\\/diarioprincipios.com\\\/index.php\\\/2020\\\/05\\\/30\\\/los-vecinos-de-villa-azul-recibiran-tarjetas-telefonicas-para-mejorar-sus-comunicaciones-durante-el-aislamiento\\\/#article\",\"isPartOf\":{\"@id\":\"https:\\\/\\\/diarioprincipios.com\\\/index.php\\\/2020\\\/05\\\/30\\\/los-vecinos-de-villa-azul-recibiran-tarjetas-telefonicas-para-mejorar-sus-comunicaciones-durante-el-aislamiento\\\/\"},\"author\":{\"name\":\"Hern\u00e1n L\u00f3pez\",\"@id\":\"https:\\\/\\\/diarioprincipios.com\\\/#\\\/schema\\\/person\\\/436d5a1fd41a5e250e23ff5a6a7cb080\"},\"headline\":\"Los vecinos de Villa Azul recibir\u00e1n tarjetas telef\u00f3nicas para mejorar sus comunicaciones durante el aislamiento\",\"datePublished\":\"2020-05-30T22:20:31+00:00\",\"dateModified\":\"2020-05-30T22:20:33+00:00\",\"mainEntityOfPage\":{\"@id\":\"https:\\\/\\\/diarioprincipios.com\\\/index.php\\\/2020\\\/05\\\/30\\\/los-vecinos-de-villa-azul-recibiran-tarjetas-telefonicas-para-mejorar-sus-comunicaciones-durante-el-aislamiento\\\/\"},\"wordCount\":324,\"commentCount\":0,\"publisher\":{\"@id\":\"https:\\\/\\\/diarioprincipios.com\\\/#organization\"},\"image\":{\"@id\":\"https:\\\/\\\/diarioprincipios.com\\\/index.php\\\/2020\\\/05\\\/30\\\/los-vecinos-de-villa-azul-recibiran-tarjetas-telefonicas-para-mejorar-sus-comunicaciones-durante-el-aislamiento\\\/#primaryimage\"},\"thumbnailUrl\":\"https:\\\/\\\/diarioprincipios.com\\\/wp-content\\\/uploads\\\/2020\\\/05\\\/d0179cfa-fea7-43c0-8582-6ee958e4d844.jpg\",\"articleSection\":[\"Avellaneda\"],\"inLanguage\":\"es\",\"potentialAction\":[{\"@type\":\"CommentAction\",\"name\":\"Comment\",\"target\":[\"https:\\\/\\\/diarioprincipios.com\\\/index.php\\\/2020\\\/05\\\/30\\\/los-vecinos-de-villa-azul-recibiran-tarjetas-telefonicas-para-mejorar-sus-comunicaciones-durante-el-aislamiento\\\/#respond\"]}]},{\"@type\":\"WebPage\",\"@id\":\"https:\\\/\\\/diarioprincipios.com\\\/index.php\\\/2020\\\/05\\\/30\\\/los-vecinos-de-villa-azul-recibiran-tarjetas-telefonicas-para-mejorar-sus-comunicaciones-durante-el-aislamiento\\\/\",\"url\":\"https:\\\/\\\/diarioprincipios.com\\\/index.php\\\/2020\\\/05\\\/30\\\/los-vecinos-de-villa-azul-recibiran-tarjetas-telefonicas-para-mejorar-sus-comunicaciones-durante-el-aislamiento\\\/\",\"name\":\"Los vecinos de Villa Azul recibir\u00e1n tarjetas telef\u00f3nicas para mejorar sus comunicaciones durante el aislamiento - Principios\",\"isPartOf\":{\"@id\":\"https:\\\/\\\/diarioprincipios.com\\\/#website\"},\"primaryImageOfPage\":{\"@id\":\"https:\\\/\\\/diarioprincipios.com\\\/index.php\\\/2020\\\/05\\\/30\\\/los-vecinos-de-villa-azul-recibiran-tarjetas-telefonicas-para-mejorar-sus-comunicaciones-durante-el-aislamiento\\\/#primaryimage\"},\"image\":{\"@id\":\"https:\\\/\\\/diarioprincipios.com\\\/index.php\\\/2020\\\/05\\\/30\\\/los-vecinos-de-villa-azul-recibiran-tarjetas-telefonicas-para-mejorar-sus-comunicaciones-durante-el-aislamiento\\\/#primaryimage\"},\"thumbnailUrl\":\"https:\\\/\\\/diarioprincipios.com\\\/wp-content\\\/uploads\\\/2020\\\/05\\\/d0179cfa-fea7-43c0-8582-6ee958e4d844.jpg\",\"datePublished\":\"2020-05-30T22:20:31+00:00\",\"dateModified\":\"2020-05-30T22:20:33+00:00\",\"breadcrumb\":{\"@id\":\"https:\\\/\\\/diarioprincipios.com\\\/index.php\\\/2020\\\/05\\\/30\\\/los-vecinos-de-villa-azul-recibiran-tarjetas-telefonicas-para-mejorar-sus-comunicaciones-durante-el-aislamiento\\\/#breadcrumb\"},\"inLanguage\":\"es\",\"potentialAction\":[{\"@type\":\"ReadAction\",\"target\":[\"https:\\\/\\\/diarioprincipios.com\\\/index.php\\\/2020\\\/05\\\/30\\\/los-vecinos-de-villa-azul-recibiran-tarjetas-telefonicas-para-mejorar-sus-comunicaciones-durante-el-aislamiento\\\/\"]}]},{\"@type\":\"ImageObject\",\"inLanguage\":\"es\",\"@id\":\"https:\\\/\\\/diarioprincipios.com\\\/index.php\\\/2020\\\/05\\\/30\\\/los-vecinos-de-villa-azul-recibiran-tarjetas-telefonicas-para-mejorar-sus-comunicaciones-durante-el-aislamiento\\\/#primaryimage\",\"url\":\"https:\\\/\\\/diarioprincipios.com\\\/wp-content\\\/uploads\\\/2020\\\/05\\\/d0179cfa-fea7-43c0-8582-6ee958e4d844.jpg\",\"contentUrl\":\"https:\\\/\\\/diarioprincipios.com\\\/wp-content\\\/uploads\\\/2020\\\/05\\\/d0179cfa-fea7-43c0-8582-6ee958e4d844.jpg\",\"width\":1044,\"height\":655},{\"@type\":\"BreadcrumbList\",\"@id\":\"https:\\\/\\\/diarioprincipios.com\\\/index.php\\\/2020\\\/05\\\/30\\\/los-vecinos-de-villa-azul-recibiran-tarjetas-telefonicas-para-mejorar-sus-comunicaciones-durante-el-aislamiento\\\/#breadcrumb\",\"itemListElement\":[{\"@type\":\"ListItem\",\"position\":1,\"name\":\"Portada\",\"item\":\"https:\\\/\\\/diarioprincipios.com\\\/\"},{\"@type\":\"ListItem\",\"position\":2,\"name\":\"Los vecinos de Villa Azul recibir\u00e1n tarjetas telef\u00f3nicas para mejorar sus comunicaciones durante el aislamiento\"}]},{\"@type\":\"WebSite\",\"@id\":\"https:\\\/\\\/diarioprincipios.com\\\/#website\",\"url\":\"https:\\\/\\\/diarioprincipios.com\\\/\",\"name\":\"Principios\",\"description\":\"Principios Diario\",\"publisher\":{\"@id\":\"https:\\\/\\\/diarioprincipios.com\\\/#organization\"},\"potentialAction\":[{\"@type\":\"SearchAction\",\"target\":{\"@type\":\"EntryPoint\",\"urlTemplate\":\"https:\\\/\\\/diarioprincipios.com\\\/?s={search_term_string}\"},\"query-input\":{\"@type\":\"PropertyValueSpecification\",\"valueRequired\":true,\"valueName\":\"search_term_string\"}}],\"inLanguage\":\"es\"},{\"@type\":\"Organization\",\"@id\":\"https:\\\/\\\/diarioprincipios.com\\\/#organization\",\"name\":\"Principios\",\"url\":\"https:\\\/\\\/diarioprincipios.com\\\/\",\"logo\":{\"@type\":\"ImageObject\",\"inLanguage\":\"es\",\"@id\":\"https:\\\/\\\/diarioprincipios.com\\\/#\\\/schema\\\/logo\\\/image\\\/\",\"url\":\"https:\\\/\\\/diarioprincipios.com\\\/wp-content\\\/uploads\\\/2024\\\/04\\\/cropped-www.diarioprincipios.com_-1.png\",\"contentUrl\":\"https:\\\/\\\/diarioprincipios.com\\\/wp-content\\\/uploads\\\/2024\\\/04\\\/cropped-www.diarioprincipios.com_-1.png\",\"width\":5325,\"height\":1454,\"caption\":\"Principios\"},\"image\":{\"@id\":\"https:\\\/\\\/diarioprincipios.com\\\/#\\\/schema\\\/logo\\\/image\\\/\"}},{\"@type\":\"Person\",\"@id\":\"https:\\\/\\\/diarioprincipios.com\\\/#\\\/schema\\\/person\\\/436d5a1fd41a5e250e23ff5a6a7cb080\",\"name\":\"Hern\u00e1n L\u00f3pez\",\"image\":{\"@type\":\"ImageObject\",\"inLanguage\":\"es\",\"@id\":\"https:\\\/\\\/diarioprincipios.com\\\/wp-content\\\/litespeed\\\/avatar\\\/11ddfe5610ff3bd100522525b2571f48.jpg?ver=1777653193\",\"url\":\"https:\\\/\\\/diarioprincipios.com\\\/wp-content\\\/litespeed\\\/avatar\\\/11ddfe5610ff3bd100522525b2571f48.jpg?ver=1777653193\",\"contentUrl\":\"https:\\\/\\\/diarioprincipios.com\\\/wp-content\\\/litespeed\\\/avatar\\\/11ddfe5610ff3bd100522525b2571f48.jpg?ver=1777653193\",\"caption\":\"Hern\u00e1n L\u00f3pez\"},\"url\":\"https:\\\/\\\/diarioprincipios.com\\\/index.php\\\/author\\\/hernan\\\/\"}]}<\/script>\n<!-- \/ Yoast SEO plugin. -->","yoast_head_json":{"title":"Los vecinos de Villa Azul recibir\u00e1n tarjetas telef\u00f3nicas para mejorar sus comunicaciones durante el aislamiento - Principios","robots":{"index":"index","follow":"follow","max-snippet":"max-snippet:-1","max-image-preview":"max-image-preview:large","max-video-preview":"max-video-preview:-1"},"canonical":"https:\/\/diarioprincipios.com\/index.php\/2020\/05\/30\/los-vecinos-de-villa-azul-recibiran-tarjetas-telefonicas-para-mejorar-sus-comunicaciones-durante-el-aislamiento\/","og_locale":"es_ES","og_type":"article","og_title":"Los vecinos de Villa Azul recibir\u00e1n tarjetas telef\u00f3nicas para mejorar sus comunicaciones durante el aislamiento - Principios","og_description":"Gracias a un convenio firmado entre los municipios de Avellaneda y Quilmes con el Ente Nacional de Comunicaciones se entregar\u00e1n gratuitamente 3000 tarjetas para las l\u00edneas m\u00f3viles relevadas en el barrio. El intendente de Avellaneda, Jorge Ferraresi y su par de Quilmes, Mayra Mendoza, recibieron en Villa Azul al titular del ENACOM, Claudio Ambrosoni, para...","og_url":"https:\/\/diarioprincipios.com\/index.php\/2020\/05\/30\/los-vecinos-de-villa-azul-recibiran-tarjetas-telefonicas-para-mejorar-sus-comunicaciones-durante-el-aislamiento\/","og_site_name":"Principios","article_published_time":"2020-05-30T22:20:31+00:00","article_modified_time":"2020-05-30T22:20:33+00:00","og_image":[{"width":1044,"height":655,"url":"https:\/\/diarioprincipios.com\/wp-content\/uploads\/2020\/05\/d0179cfa-fea7-43c0-8582-6ee958e4d844.jpg","type":"image\/jpeg"}],"author":"Hern\u00e1n L\u00f3pez","twitter_card":"summary_large_image","twitter_misc":{"Escrito por":"Hern\u00e1n L\u00f3pez","Tiempo de lectura":"2 minutos"},"schema":{"@context":"https:\/\/schema.org","@graph":[{"@type":"Article","@id":"https:\/\/diarioprincipios.com\/index.php\/2020\/05\/30\/los-vecinos-de-villa-azul-recibiran-tarjetas-telefonicas-para-mejorar-sus-comunicaciones-durante-el-aislamiento\/#article","isPartOf":{"@id":"https:\/\/diarioprincipios.com\/index.php\/2020\/05\/30\/los-vecinos-de-villa-azul-recibiran-tarjetas-telefonicas-para-mejorar-sus-comunicaciones-durante-el-aislamiento\/"},"author":{"name":"Hern\u00e1n L\u00f3pez","@id":"https:\/\/diarioprincipios.com\/#\/schema\/person\/436d5a1fd41a5e250e23ff5a6a7cb080"},"headline":"Los vecinos de Villa Azul recibir\u00e1n tarjetas telef\u00f3nicas para mejorar sus comunicaciones durante el aislamiento","datePublished":"2020-05-30T22:20:31+00:00","dateModified":"2020-05-30T22:20:33+00:00","mainEntityOfPage":{"@id":"https:\/\/diarioprincipios.com\/index.php\/2020\/05\/30\/los-vecinos-de-villa-azul-recibiran-tarjetas-telefonicas-para-mejorar-sus-comunicaciones-durante-el-aislamiento\/"},"wordCount":324,"commentCount":0,"publisher":{"@id":"https:\/\/diarioprincipios.com\/#organization"},"image":{"@id":"https:\/\/diarioprincipios.com\/index.php\/2020\/05\/30\/los-vecinos-de-villa-azul-recibiran-tarjetas-telefonicas-para-mejorar-sus-comunicaciones-durante-el-aislamiento\/#primaryimage"},"thumbnailUrl":"https:\/\/diarioprincipios.com\/wp-content\/uploads\/2020\/05\/d0179cfa-fea7-43c0-8582-6ee958e4d844.jpg","articleSection":["Avellaneda"],"inLanguage":"es","potentialAction":[{"@type":"CommentAction","name":"Comment","target":["https:\/\/diarioprincipios.com\/index.php\/2020\/05\/30\/los-vecinos-de-villa-azul-recibiran-tarjetas-telefonicas-para-mejorar-sus-comunicaciones-durante-el-aislamiento\/#respond"]}]},{"@type":"WebPage","@id":"https:\/\/diarioprincipios.com\/index.php\/2020\/05\/30\/los-vecinos-de-villa-azul-recibiran-tarjetas-telefonicas-para-mejorar-sus-comunicaciones-durante-el-aislamiento\/","url":"https:\/\/diarioprincipios.com\/index.php\/2020\/05\/30\/los-vecinos-de-villa-azul-recibiran-tarjetas-telefonicas-para-mejorar-sus-comunicaciones-durante-el-aislamiento\/","name":"Los vecinos de Villa Azul recibir\u00e1n tarjetas telef\u00f3nicas para mejorar sus comunicaciones durante el aislamiento - Principios","isPartOf":{"@id":"https:\/\/diarioprincipios.com\/#website"},"primaryImageOfPage":{"@id":"https:\/\/diarioprincipios.com\/index.php\/2020\/05\/30\/los-vecinos-de-villa-azul-recibiran-tarjetas-telefonicas-para-mejorar-sus-comunicaciones-durante-el-aislamiento\/#primaryimage"},"image":{"@id":"https:\/\/diarioprincipios.com\/index.php\/2020\/05\/30\/los-vecinos-de-villa-azul-recibiran-tarjetas-telefonicas-para-mejorar-sus-comunicaciones-durante-el-aislamiento\/#primaryimage"},"thumbnailUrl":"https:\/\/diarioprincipios.com\/wp-content\/uploads\/2020\/05\/d0179cfa-fea7-43c0-8582-6ee958e4d844.jpg","datePublished":"2020-05-30T22:20:31+00:00","dateModified":"2020-05-30T22:20:33+00:00","breadcrumb":{"@id":"https:\/\/diarioprincipios.com\/index.php\/2020\/05\/30\/los-vecinos-de-villa-azul-recibiran-tarjetas-telefonicas-para-mejorar-sus-comunicaciones-durante-el-aislamiento\/#breadcrumb"},"inLanguage":"es","potentialAction":[{"@type":"ReadAction","target":["https:\/\/diarioprincipios.com\/index.php\/2020\/05\/30\/los-vecinos-de-villa-azul-recibiran-tarjetas-telefonicas-para-mejorar-sus-comunicaciones-durante-el-aislamiento\/"]}]},{"@type":"ImageObject","inLanguage":"es","@id":"https:\/\/diarioprincipios.com\/index.php\/2020\/05\/30\/los-vecinos-de-villa-azul-recibiran-tarjetas-telefonicas-para-mejorar-sus-comunicaciones-durante-el-aislamiento\/#primaryimage","url":"https:\/\/diarioprincipios.com\/wp-content\/uploads\/2020\/05\/d0179cfa-fea7-43c0-8582-6ee958e4d844.jpg","contentUrl":"https:\/\/diarioprincipios.com\/wp-content\/uploads\/2020\/05\/d0179cfa-fea7-43c0-8582-6ee958e4d844.jpg","width":1044,"height":655},{"@type":"BreadcrumbList","@id":"https:\/\/diarioprincipios.com\/index.php\/2020\/05\/30\/los-vecinos-de-villa-azul-recibiran-tarjetas-telefonicas-para-mejorar-sus-comunicaciones-durante-el-aislamiento\/#breadcrumb","itemListElement":[{"@type":"ListItem","position":1,"name":"Portada","item":"https:\/\/diarioprincipios.com\/"},{"@type":"ListItem","position":2,"name":"Los vecinos de Villa Azul recibir\u00e1n tarjetas telef\u00f3nicas para mejorar sus comunicaciones durante el aislamiento"}]},{"@type":"WebSite","@id":"https:\/\/diarioprincipios.com\/#website","url":"https:\/\/diarioprincipios.com\/","name":"Principios","description":"Principios Diario","publisher":{"@id":"https:\/\/diarioprincipios.com\/#organization"},"potentialAction":[{"@type":"SearchAction","target":{"@type":"EntryPoint","urlTemplate":"https:\/\/diarioprincipios.com\/?s={search_term_string}"},"query-input":{"@type":"PropertyValueSpecification","valueRequired":true,"valueName":"search_term_string"}}],"inLanguage":"es"},{"@type":"Organization","@id":"https:\/\/diarioprincipios.com\/#organization","name":"Principios","url":"https:\/\/diarioprincipios.com\/","logo":{"@type":"ImageObject","inLanguage":"es","@id":"https:\/\/diarioprincipios.com\/#\/schema\/logo\/image\/","url":"https:\/\/diarioprincipios.com\/wp-content\/uploads\/2024\/04\/cropped-www.diarioprincipios.com_-1.png","contentUrl":"https:\/\/diarioprincipios.com\/wp-content\/uploads\/2024\/04\/cropped-www.diarioprincipios.com_-1.png","width":5325,"height":1454,"caption":"Principios"},"image":{"@id":"https:\/\/diarioprincipios.com\/#\/schema\/logo\/image\/"}},{"@type":"Person","@id":"https:\/\/diarioprincipios.com\/#\/schema\/person\/436d5a1fd41a5e250e23ff5a6a7cb080","name":"Hern\u00e1n L\u00f3pez","image":{"@type":"ImageObject","inLanguage":"es","@id":"https:\/\/diarioprincipios.com\/wp-content\/litespeed\/avatar\/11ddfe5610ff3bd100522525b2571f48.jpg?ver=1777653193","url":"https:\/\/diarioprincipios.com\/wp-content\/litespeed\/avatar\/11ddfe5610ff3bd100522525b2571f48.jpg?ver=1777653193","contentUrl":"https:\/\/diarioprincipios.com\/wp-content\/litespeed\/avatar\/11ddfe5610ff3bd100522525b2571f48.jpg?ver=1777653193","caption":"Hern\u00e1n L\u00f3pez"},"url":"https:\/\/diarioprincipios.com\/index.php\/author\/hernan\/"}]}},"jetpack_featured_media_url":"https:\/\/diarioprincipios.com\/wp-content\/uploads\/2020\/05\/d0179cfa-fea7-43c0-8582-6ee958e4d844.jpg","_links":{"self":[{"href":"https:\/\/diarioprincipios.com\/index.php\/wp-json\/wp\/v2\/posts\/2267","targetHints":{"allow":["GET"]}}],"collection":[{"href":"https:\/\/diarioprincipios.com\/index.php\/wp-json\/wp\/v2\/posts"}],"about":[{"href":"https:\/\/diarioprincipios.com\/index.php\/wp-json\/wp\/v2\/types\/post"}],"author":[{"embeddable":true,"href":"https:\/\/diarioprincipios.com\/index.php\/wp-json\/wp\/v2\/users\/2"}],"replies":[{"embeddable":true,"href":"https:\/\/diarioprincipios.com\/index.php\/wp-json\/wp\/v2\/comments?post=2267"}],"version-history":[{"count":1,"href":"https:\/\/diarioprincipios.com\/index.php\/wp-json\/wp\/v2\/posts\/2267\/revisions"}],"predecessor-version":[{"id":2269,"href":"https:\/\/diarioprincipios.com\/index.php\/wp-json\/wp\/v2\/posts\/2267\/revisions\/2269"}],"wp:featuredmedia":[{"embeddable":true,"href":"https:\/\/diarioprincipios.com\/index.php\/wp-json\/wp\/v2\/media\/2268"}],"wp:attachment":[{"href":"https:\/\/diarioprincipios.com\/index.php\/wp-json\/wp\/v2\/media?parent=2267"}],"wp:term":[{"taxonomy":"category","embeddable":true,"href":"https:\/\/diarioprincipios.com\/index.php\/wp-json\/wp\/v2\/categories?post=2267"},{"taxonomy":"post_tag","embeddable":true,"href":"https:\/\/diarioprincipios.com\/index.php\/wp-json\/wp\/v2\/tags?post=2267"}],"curies":[{"name":"wp","href":"https:\/\/api.w.org\/{rel}","templated":true}]}}