{"id":22662,"date":"2024-08-13T15:50:29","date_gmt":"2024-08-13T18:50:29","guid":{"rendered":"http:\/\/diarioprincipios.com\/?p=22662"},"modified":"2024-08-13T15:51:28","modified_gmt":"2024-08-13T18:51:28","slug":"a-traves-de-berazategui-recicla-residuos-se-convierten-en-materia-prima-para-empresas-locales","status":"publish","type":"post","link":"https:\/\/diarioprincipios.com\/index.php\/2024\/08\/13\/a-traves-de-berazategui-recicla-residuos-se-convierten-en-materia-prima-para-empresas-locales\/","title":{"rendered":"A trav\u00e9s de Berazategui Recicla residuos se convierten en materia prima para empresas locales"},"content":{"rendered":"\n<p>A trav\u00e9s del Programa Municipal Berazategui Recicla, los residuos reutilizables ingresan a los Ecopuntos y Centros de Acopio y Selecci\u00f3n del distrito y se convierten en materia prima para uso de empresas locales. Estas industrias compran el material reciclado para fabricar distintos productos y el dinero va directamente a los recicladores urbanos que forman parte del Programa, generando una econom\u00eda circular.<\/p>\n\n\n\n<p>Al respecto, la coordinadora de \u00abBerazategui Recicla\u00bb, Ana G\u00f3mez, indic\u00f3: \u201cNosotros articulamos con Cristaler\u00edas Rigolleau, quienes reciben el vidrio para utilizarlo en la fabricaci\u00f3n de botellas nuevas. Tambi\u00e9n con Ciudad de Messina -una f\u00e1brica ecol\u00f3gica de art\u00edculos de limpieza-, a donde llevamos botellas PET, que se convierten en escobillones, palas de pl\u00e1stico, fuentones. Y, adem\u00e1s, con Papelera Rosato, que recibe el cart\u00f3n, diario, revistas y planillas para armar las planchas de papel\u201d.<\/p>\n\n\n\n<figure class=\"wp-block-image size-large\"><img loading=\"lazy\" decoding=\"async\" width=\"1024\" height=\"768\" src=\"https:\/\/diarioprincipios.com\/wp-content\/uploads\/2024\/08\/BERAZATEGUI-RECICLA-ECONOMIA-CIRCULAR-Y-CUIDADO-DEL-AMBIENTE-1-1024x768.jpg\" alt=\"\" class=\"wp-image-22663\" srcset=\"https:\/\/diarioprincipios.com\/wp-content\/uploads\/2024\/08\/BERAZATEGUI-RECICLA-ECONOMIA-CIRCULAR-Y-CUIDADO-DEL-AMBIENTE-1-1024x768.jpg 1024w, https:\/\/diarioprincipios.com\/wp-content\/uploads\/2024\/08\/BERAZATEGUI-RECICLA-ECONOMIA-CIRCULAR-Y-CUIDADO-DEL-AMBIENTE-1-300x225.jpg 300w, https:\/\/diarioprincipios.com\/wp-content\/uploads\/2024\/08\/BERAZATEGUI-RECICLA-ECONOMIA-CIRCULAR-Y-CUIDADO-DEL-AMBIENTE-1-768x576.jpg 768w, https:\/\/diarioprincipios.com\/wp-content\/uploads\/2024\/08\/BERAZATEGUI-RECICLA-ECONOMIA-CIRCULAR-Y-CUIDADO-DEL-AMBIENTE-1-1536x1152.jpg 1536w, https:\/\/diarioprincipios.com\/wp-content\/uploads\/2024\/08\/BERAZATEGUI-RECICLA-ECONOMIA-CIRCULAR-Y-CUIDADO-DEL-AMBIENTE-1.jpg 1920w\" sizes=\"auto, (max-width: 1024px) 100vw, 1024px\" \/><\/figure>\n\n\n\n<p>\u201cGracias a todas las instancias de concientizaci\u00f3n y charlas informativas que venimos haciendo desde 2016 para los vecinos, instituciones educativas, entidades y Organismos oficiales, llevamos m\u00e1s de 6.400.000 kilos de material reciclado. Esto es muy favorable porque se reduce la contaminaci\u00f3n y los problemas ambientales; se evitan enfermedades y contribuimos entre todos a que sea m\u00e1s lindo nuestro Berazategui que tanto queremos\u201d, concluy\u00f3 G\u00f3mez.<\/p>\n\n\n\n<p>Por iniciativa del intendente Juan Jos\u00e9 Mussi, el Municipio de Berazategui lleva adelante pol\u00edticas p\u00fablicas de cuidado del ambiente y de desarrollo sustentable. Para m\u00e1s informaci\u00f3n acerca de estas iniciativas, se puede ingresar en berazategui.gob.ar\/sustentable.<\/p>\n","protected":false},"excerpt":{"rendered":"<p>A trav\u00e9s del Programa Municipal Berazategui Recicla, los residuos reutilizables ingresan a los Ecopuntos y Centros de Acopio y Selecci\u00f3n del distrito y se convierten en materia prima para uso de empresas locales. Estas industrias compran el material reciclado para fabricar distintos productos y el dinero va directamente a los recicladores urbanos que forman parte&#8230;<\/p>\n","protected":false},"author":2,"featured_media":22664,"comment_status":"open","ping_status":"open","sticky":false,"template":"","format":"standard","meta":{"footnotes":""},"categories":[3,20],"tags":[],"class_list":["post-22662","post","type-post","status-publish","format-standard","has-post-thumbnail","hentry","category-berazategui","category-salud-ambiente"],"featured_image_src":"https:\/\/diarioprincipios.com\/wp-content\/uploads\/2024\/08\/BERAZATEGUI-RECICLA-ECONOMIA-CIRCULAR-Y-CUIDADO-DEL-AMBIENTE-2-1024x683.jpg","blog_images":{"medium":"https:\/\/diarioprincipios.com\/wp-content\/uploads\/2024\/08\/BERAZATEGUI-RECICLA-ECONOMIA-CIRCULAR-Y-CUIDADO-DEL-AMBIENTE-2-300x200.jpg","large":"https:\/\/diarioprincipios.com\/wp-content\/uploads\/2024\/08\/BERAZATEGUI-RECICLA-ECONOMIA-CIRCULAR-Y-CUIDADO-DEL-AMBIENTE-2-1024x683.jpg"},"ams_acf":[],"yoast_head":"<!-- This site is optimized with the Yoast SEO plugin v27.3 - https:\/\/yoast.com\/product\/yoast-seo-wordpress\/ -->\n<title>A trav\u00e9s de Berazategui Recicla residuos se convierten en materia prima para empresas locales - Principios<\/title>\n<meta name=\"robots\" content=\"index, follow, max-snippet:-1, max-image-preview:large, max-video-preview:-1\" \/>\n<link rel=\"canonical\" href=\"https:\/\/diarioprincipios.com\/index.php\/2024\/08\/13\/a-traves-de-berazategui-recicla-residuos-se-convierten-en-materia-prima-para-empresas-locales\/\" \/>\n<meta property=\"og:locale\" content=\"es_ES\" \/>\n<meta property=\"og:type\" content=\"article\" \/>\n<meta property=\"og:title\" content=\"A trav\u00e9s de Berazategui Recicla residuos se convierten en materia prima para empresas locales - Principios\" \/>\n<meta property=\"og:description\" content=\"A trav\u00e9s del Programa Municipal Berazategui Recicla, los residuos reutilizables ingresan a los Ecopuntos y Centros de Acopio y Selecci\u00f3n del distrito y se convierten en materia prima para uso de empresas locales. Estas industrias compran el material reciclado para fabricar distintos productos y el dinero va directamente a los recicladores urbanos que forman parte...\" \/>\n<meta property=\"og:url\" content=\"https:\/\/diarioprincipios.com\/index.php\/2024\/08\/13\/a-traves-de-berazategui-recicla-residuos-se-convierten-en-materia-prima-para-empresas-locales\/\" \/>\n<meta property=\"og:site_name\" content=\"Principios\" \/>\n<meta property=\"article:published_time\" content=\"2024-08-13T18:50:29+00:00\" \/>\n<meta property=\"article:modified_time\" content=\"2024-08-13T18:51:28+00:00\" \/>\n<meta property=\"og:image\" content=\"https:\/\/diarioprincipios.com\/wp-content\/uploads\/2024\/08\/BERAZATEGUI-RECICLA-ECONOMIA-CIRCULAR-Y-CUIDADO-DEL-AMBIENTE-2.jpg\" \/>\n\t<meta property=\"og:image:width\" content=\"1519\" \/>\n\t<meta property=\"og:image:height\" content=\"1013\" \/>\n\t<meta property=\"og:image:type\" content=\"image\/jpeg\" \/>\n<meta name=\"author\" content=\"Hern\u00e1n L\u00f3pez\" \/>\n<meta name=\"twitter:card\" content=\"summary_large_image\" \/>\n<meta name=\"twitter:label1\" content=\"Escrito por\" \/>\n\t<meta name=\"twitter:data1\" content=\"Hern\u00e1n L\u00f3pez\" \/>\n\t<meta name=\"twitter:label2\" content=\"Tiempo de lectura\" \/>\n\t<meta name=\"twitter:data2\" content=\"2 minutos\" \/>\n<script type=\"application\/ld+json\" class=\"yoast-schema-graph\">{\"@context\":\"https:\\\/\\\/schema.org\",\"@graph\":[{\"@type\":\"Article\",\"@id\":\"https:\\\/\\\/diarioprincipios.com\\\/index.php\\\/2024\\\/08\\\/13\\\/a-traves-de-berazategui-recicla-residuos-se-convierten-en-materia-prima-para-empresas-locales\\\/#article\",\"isPartOf\":{\"@id\":\"https:\\\/\\\/diarioprincipios.com\\\/index.php\\\/2024\\\/08\\\/13\\\/a-traves-de-berazategui-recicla-residuos-se-convierten-en-materia-prima-para-empresas-locales\\\/\"},\"author\":{\"name\":\"Hern\u00e1n L\u00f3pez\",\"@id\":\"https:\\\/\\\/diarioprincipios.com\\\/#\\\/schema\\\/person\\\/436d5a1fd41a5e250e23ff5a6a7cb080\"},\"headline\":\"A trav\u00e9s de Berazategui Recicla residuos se convierten en materia prima para empresas locales\",\"datePublished\":\"2024-08-13T18:50:29+00:00\",\"dateModified\":\"2024-08-13T18:51:28+00:00\",\"mainEntityOfPage\":{\"@id\":\"https:\\\/\\\/diarioprincipios.com\\\/index.php\\\/2024\\\/08\\\/13\\\/a-traves-de-berazategui-recicla-residuos-se-convierten-en-materia-prima-para-empresas-locales\\\/\"},\"wordCount\":270,\"commentCount\":0,\"publisher\":{\"@id\":\"https:\\\/\\\/diarioprincipios.com\\\/#organization\"},\"image\":{\"@id\":\"https:\\\/\\\/diarioprincipios.com\\\/index.php\\\/2024\\\/08\\\/13\\\/a-traves-de-berazategui-recicla-residuos-se-convierten-en-materia-prima-para-empresas-locales\\\/#primaryimage\"},\"thumbnailUrl\":\"https:\\\/\\\/diarioprincipios.com\\\/wp-content\\\/uploads\\\/2024\\\/08\\\/BERAZATEGUI-RECICLA-ECONOMIA-CIRCULAR-Y-CUIDADO-DEL-AMBIENTE-2.jpg\",\"articleSection\":[\"Berazategui\",\"Salud y Ambiente\"],\"inLanguage\":\"es\",\"potentialAction\":[{\"@type\":\"CommentAction\",\"name\":\"Comment\",\"target\":[\"https:\\\/\\\/diarioprincipios.com\\\/index.php\\\/2024\\\/08\\\/13\\\/a-traves-de-berazategui-recicla-residuos-se-convierten-en-materia-prima-para-empresas-locales\\\/#respond\"]}]},{\"@type\":\"WebPage\",\"@id\":\"https:\\\/\\\/diarioprincipios.com\\\/index.php\\\/2024\\\/08\\\/13\\\/a-traves-de-berazategui-recicla-residuos-se-convierten-en-materia-prima-para-empresas-locales\\\/\",\"url\":\"https:\\\/\\\/diarioprincipios.com\\\/index.php\\\/2024\\\/08\\\/13\\\/a-traves-de-berazategui-recicla-residuos-se-convierten-en-materia-prima-para-empresas-locales\\\/\",\"name\":\"A trav\u00e9s de Berazategui Recicla residuos se convierten en materia prima para empresas locales - Principios\",\"isPartOf\":{\"@id\":\"https:\\\/\\\/diarioprincipios.com\\\/#website\"},\"primaryImageOfPage\":{\"@id\":\"https:\\\/\\\/diarioprincipios.com\\\/index.php\\\/2024\\\/08\\\/13\\\/a-traves-de-berazategui-recicla-residuos-se-convierten-en-materia-prima-para-empresas-locales\\\/#primaryimage\"},\"image\":{\"@id\":\"https:\\\/\\\/diarioprincipios.com\\\/index.php\\\/2024\\\/08\\\/13\\\/a-traves-de-berazategui-recicla-residuos-se-convierten-en-materia-prima-para-empresas-locales\\\/#primaryimage\"},\"thumbnailUrl\":\"https:\\\/\\\/diarioprincipios.com\\\/wp-content\\\/uploads\\\/2024\\\/08\\\/BERAZATEGUI-RECICLA-ECONOMIA-CIRCULAR-Y-CUIDADO-DEL-AMBIENTE-2.jpg\",\"datePublished\":\"2024-08-13T18:50:29+00:00\",\"dateModified\":\"2024-08-13T18:51:28+00:00\",\"breadcrumb\":{\"@id\":\"https:\\\/\\\/diarioprincipios.com\\\/index.php\\\/2024\\\/08\\\/13\\\/a-traves-de-berazategui-recicla-residuos-se-convierten-en-materia-prima-para-empresas-locales\\\/#breadcrumb\"},\"inLanguage\":\"es\",\"potentialAction\":[{\"@type\":\"ReadAction\",\"target\":[\"https:\\\/\\\/diarioprincipios.com\\\/index.php\\\/2024\\\/08\\\/13\\\/a-traves-de-berazategui-recicla-residuos-se-convierten-en-materia-prima-para-empresas-locales\\\/\"]}]},{\"@type\":\"ImageObject\",\"inLanguage\":\"es\",\"@id\":\"https:\\\/\\\/diarioprincipios.com\\\/index.php\\\/2024\\\/08\\\/13\\\/a-traves-de-berazategui-recicla-residuos-se-convierten-en-materia-prima-para-empresas-locales\\\/#primaryimage\",\"url\":\"https:\\\/\\\/diarioprincipios.com\\\/wp-content\\\/uploads\\\/2024\\\/08\\\/BERAZATEGUI-RECICLA-ECONOMIA-CIRCULAR-Y-CUIDADO-DEL-AMBIENTE-2.jpg\",\"contentUrl\":\"https:\\\/\\\/diarioprincipios.com\\\/wp-content\\\/uploads\\\/2024\\\/08\\\/BERAZATEGUI-RECICLA-ECONOMIA-CIRCULAR-Y-CUIDADO-DEL-AMBIENTE-2.jpg\",\"width\":1519,\"height\":1013},{\"@type\":\"BreadcrumbList\",\"@id\":\"https:\\\/\\\/diarioprincipios.com\\\/index.php\\\/2024\\\/08\\\/13\\\/a-traves-de-berazategui-recicla-residuos-se-convierten-en-materia-prima-para-empresas-locales\\\/#breadcrumb\",\"itemListElement\":[{\"@type\":\"ListItem\",\"position\":1,\"name\":\"Portada\",\"item\":\"https:\\\/\\\/diarioprincipios.com\\\/\"},{\"@type\":\"ListItem\",\"position\":2,\"name\":\"A trav\u00e9s de Berazategui Recicla residuos se convierten en materia prima para empresas locales\"}]},{\"@type\":\"WebSite\",\"@id\":\"https:\\\/\\\/diarioprincipios.com\\\/#website\",\"url\":\"https:\\\/\\\/diarioprincipios.com\\\/\",\"name\":\"Principios\",\"description\":\"Principios Diario\",\"publisher\":{\"@id\":\"https:\\\/\\\/diarioprincipios.com\\\/#organization\"},\"potentialAction\":[{\"@type\":\"SearchAction\",\"target\":{\"@type\":\"EntryPoint\",\"urlTemplate\":\"https:\\\/\\\/diarioprincipios.com\\\/?s={search_term_string}\"},\"query-input\":{\"@type\":\"PropertyValueSpecification\",\"valueRequired\":true,\"valueName\":\"search_term_string\"}}],\"inLanguage\":\"es\"},{\"@type\":\"Organization\",\"@id\":\"https:\\\/\\\/diarioprincipios.com\\\/#organization\",\"name\":\"Principios\",\"url\":\"https:\\\/\\\/diarioprincipios.com\\\/\",\"logo\":{\"@type\":\"ImageObject\",\"inLanguage\":\"es\",\"@id\":\"https:\\\/\\\/diarioprincipios.com\\\/#\\\/schema\\\/logo\\\/image\\\/\",\"url\":\"https:\\\/\\\/diarioprincipios.com\\\/wp-content\\\/uploads\\\/2024\\\/04\\\/cropped-www.diarioprincipios.com_-1.png\",\"contentUrl\":\"https:\\\/\\\/diarioprincipios.com\\\/wp-content\\\/uploads\\\/2024\\\/04\\\/cropped-www.diarioprincipios.com_-1.png\",\"width\":5325,\"height\":1454,\"caption\":\"Principios\"},\"image\":{\"@id\":\"https:\\\/\\\/diarioprincipios.com\\\/#\\\/schema\\\/logo\\\/image\\\/\"}},{\"@type\":\"Person\",\"@id\":\"https:\\\/\\\/diarioprincipios.com\\\/#\\\/schema\\\/person\\\/436d5a1fd41a5e250e23ff5a6a7cb080\",\"name\":\"Hern\u00e1n L\u00f3pez\",\"image\":{\"@type\":\"ImageObject\",\"inLanguage\":\"es\",\"@id\":\"https:\\\/\\\/diarioprincipios.com\\\/wp-content\\\/litespeed\\\/avatar\\\/11ddfe5610ff3bd100522525b2571f48.jpg?ver=1777048341\",\"url\":\"https:\\\/\\\/diarioprincipios.com\\\/wp-content\\\/litespeed\\\/avatar\\\/11ddfe5610ff3bd100522525b2571f48.jpg?ver=1777048341\",\"contentUrl\":\"https:\\\/\\\/diarioprincipios.com\\\/wp-content\\\/litespeed\\\/avatar\\\/11ddfe5610ff3bd100522525b2571f48.jpg?ver=1777048341\",\"caption\":\"Hern\u00e1n L\u00f3pez\"},\"url\":\"https:\\\/\\\/diarioprincipios.com\\\/index.php\\\/author\\\/hernan\\\/\"}]}<\/script>\n<!-- \/ Yoast SEO plugin. -->","yoast_head_json":{"title":"A trav\u00e9s de Berazategui Recicla residuos se convierten en materia prima para empresas locales - Principios","robots":{"index":"index","follow":"follow","max-snippet":"max-snippet:-1","max-image-preview":"max-image-preview:large","max-video-preview":"max-video-preview:-1"},"canonical":"https:\/\/diarioprincipios.com\/index.php\/2024\/08\/13\/a-traves-de-berazategui-recicla-residuos-se-convierten-en-materia-prima-para-empresas-locales\/","og_locale":"es_ES","og_type":"article","og_title":"A trav\u00e9s de Berazategui Recicla residuos se convierten en materia prima para empresas locales - Principios","og_description":"A trav\u00e9s del Programa Municipal Berazategui Recicla, los residuos reutilizables ingresan a los Ecopuntos y Centros de Acopio y Selecci\u00f3n del distrito y se convierten en materia prima para uso de empresas locales. Estas industrias compran el material reciclado para fabricar distintos productos y el dinero va directamente a los recicladores urbanos que forman parte...","og_url":"https:\/\/diarioprincipios.com\/index.php\/2024\/08\/13\/a-traves-de-berazategui-recicla-residuos-se-convierten-en-materia-prima-para-empresas-locales\/","og_site_name":"Principios","article_published_time":"2024-08-13T18:50:29+00:00","article_modified_time":"2024-08-13T18:51:28+00:00","og_image":[{"width":1519,"height":1013,"url":"https:\/\/diarioprincipios.com\/wp-content\/uploads\/2024\/08\/BERAZATEGUI-RECICLA-ECONOMIA-CIRCULAR-Y-CUIDADO-DEL-AMBIENTE-2.jpg","type":"image\/jpeg"}],"author":"Hern\u00e1n L\u00f3pez","twitter_card":"summary_large_image","twitter_misc":{"Escrito por":"Hern\u00e1n L\u00f3pez","Tiempo de lectura":"2 minutos"},"schema":{"@context":"https:\/\/schema.org","@graph":[{"@type":"Article","@id":"https:\/\/diarioprincipios.com\/index.php\/2024\/08\/13\/a-traves-de-berazategui-recicla-residuos-se-convierten-en-materia-prima-para-empresas-locales\/#article","isPartOf":{"@id":"https:\/\/diarioprincipios.com\/index.php\/2024\/08\/13\/a-traves-de-berazategui-recicla-residuos-se-convierten-en-materia-prima-para-empresas-locales\/"},"author":{"name":"Hern\u00e1n L\u00f3pez","@id":"https:\/\/diarioprincipios.com\/#\/schema\/person\/436d5a1fd41a5e250e23ff5a6a7cb080"},"headline":"A trav\u00e9s de Berazategui Recicla residuos se convierten en materia prima para empresas locales","datePublished":"2024-08-13T18:50:29+00:00","dateModified":"2024-08-13T18:51:28+00:00","mainEntityOfPage":{"@id":"https:\/\/diarioprincipios.com\/index.php\/2024\/08\/13\/a-traves-de-berazategui-recicla-residuos-se-convierten-en-materia-prima-para-empresas-locales\/"},"wordCount":270,"commentCount":0,"publisher":{"@id":"https:\/\/diarioprincipios.com\/#organization"},"image":{"@id":"https:\/\/diarioprincipios.com\/index.php\/2024\/08\/13\/a-traves-de-berazategui-recicla-residuos-se-convierten-en-materia-prima-para-empresas-locales\/#primaryimage"},"thumbnailUrl":"https:\/\/diarioprincipios.com\/wp-content\/uploads\/2024\/08\/BERAZATEGUI-RECICLA-ECONOMIA-CIRCULAR-Y-CUIDADO-DEL-AMBIENTE-2.jpg","articleSection":["Berazategui","Salud y Ambiente"],"inLanguage":"es","potentialAction":[{"@type":"CommentAction","name":"Comment","target":["https:\/\/diarioprincipios.com\/index.php\/2024\/08\/13\/a-traves-de-berazategui-recicla-residuos-se-convierten-en-materia-prima-para-empresas-locales\/#respond"]}]},{"@type":"WebPage","@id":"https:\/\/diarioprincipios.com\/index.php\/2024\/08\/13\/a-traves-de-berazategui-recicla-residuos-se-convierten-en-materia-prima-para-empresas-locales\/","url":"https:\/\/diarioprincipios.com\/index.php\/2024\/08\/13\/a-traves-de-berazategui-recicla-residuos-se-convierten-en-materia-prima-para-empresas-locales\/","name":"A trav\u00e9s de Berazategui Recicla residuos se convierten en materia prima para empresas locales - Principios","isPartOf":{"@id":"https:\/\/diarioprincipios.com\/#website"},"primaryImageOfPage":{"@id":"https:\/\/diarioprincipios.com\/index.php\/2024\/08\/13\/a-traves-de-berazategui-recicla-residuos-se-convierten-en-materia-prima-para-empresas-locales\/#primaryimage"},"image":{"@id":"https:\/\/diarioprincipios.com\/index.php\/2024\/08\/13\/a-traves-de-berazategui-recicla-residuos-se-convierten-en-materia-prima-para-empresas-locales\/#primaryimage"},"thumbnailUrl":"https:\/\/diarioprincipios.com\/wp-content\/uploads\/2024\/08\/BERAZATEGUI-RECICLA-ECONOMIA-CIRCULAR-Y-CUIDADO-DEL-AMBIENTE-2.jpg","datePublished":"2024-08-13T18:50:29+00:00","dateModified":"2024-08-13T18:51:28+00:00","breadcrumb":{"@id":"https:\/\/diarioprincipios.com\/index.php\/2024\/08\/13\/a-traves-de-berazategui-recicla-residuos-se-convierten-en-materia-prima-para-empresas-locales\/#breadcrumb"},"inLanguage":"es","potentialAction":[{"@type":"ReadAction","target":["https:\/\/diarioprincipios.com\/index.php\/2024\/08\/13\/a-traves-de-berazategui-recicla-residuos-se-convierten-en-materia-prima-para-empresas-locales\/"]}]},{"@type":"ImageObject","inLanguage":"es","@id":"https:\/\/diarioprincipios.com\/index.php\/2024\/08\/13\/a-traves-de-berazategui-recicla-residuos-se-convierten-en-materia-prima-para-empresas-locales\/#primaryimage","url":"https:\/\/diarioprincipios.com\/wp-content\/uploads\/2024\/08\/BERAZATEGUI-RECICLA-ECONOMIA-CIRCULAR-Y-CUIDADO-DEL-AMBIENTE-2.jpg","contentUrl":"https:\/\/diarioprincipios.com\/wp-content\/uploads\/2024\/08\/BERAZATEGUI-RECICLA-ECONOMIA-CIRCULAR-Y-CUIDADO-DEL-AMBIENTE-2.jpg","width":1519,"height":1013},{"@type":"BreadcrumbList","@id":"https:\/\/diarioprincipios.com\/index.php\/2024\/08\/13\/a-traves-de-berazategui-recicla-residuos-se-convierten-en-materia-prima-para-empresas-locales\/#breadcrumb","itemListElement":[{"@type":"ListItem","position":1,"name":"Portada","item":"https:\/\/diarioprincipios.com\/"},{"@type":"ListItem","position":2,"name":"A trav\u00e9s de Berazategui Recicla residuos se convierten en materia prima para empresas locales"}]},{"@type":"WebSite","@id":"https:\/\/diarioprincipios.com\/#website","url":"https:\/\/diarioprincipios.com\/","name":"Principios","description":"Principios Diario","publisher":{"@id":"https:\/\/diarioprincipios.com\/#organization"},"potentialAction":[{"@type":"SearchAction","target":{"@type":"EntryPoint","urlTemplate":"https:\/\/diarioprincipios.com\/?s={search_term_string}"},"query-input":{"@type":"PropertyValueSpecification","valueRequired":true,"valueName":"search_term_string"}}],"inLanguage":"es"},{"@type":"Organization","@id":"https:\/\/diarioprincipios.com\/#organization","name":"Principios","url":"https:\/\/diarioprincipios.com\/","logo":{"@type":"ImageObject","inLanguage":"es","@id":"https:\/\/diarioprincipios.com\/#\/schema\/logo\/image\/","url":"https:\/\/diarioprincipios.com\/wp-content\/uploads\/2024\/04\/cropped-www.diarioprincipios.com_-1.png","contentUrl":"https:\/\/diarioprincipios.com\/wp-content\/uploads\/2024\/04\/cropped-www.diarioprincipios.com_-1.png","width":5325,"height":1454,"caption":"Principios"},"image":{"@id":"https:\/\/diarioprincipios.com\/#\/schema\/logo\/image\/"}},{"@type":"Person","@id":"https:\/\/diarioprincipios.com\/#\/schema\/person\/436d5a1fd41a5e250e23ff5a6a7cb080","name":"Hern\u00e1n L\u00f3pez","image":{"@type":"ImageObject","inLanguage":"es","@id":"https:\/\/diarioprincipios.com\/wp-content\/litespeed\/avatar\/11ddfe5610ff3bd100522525b2571f48.jpg?ver=1777048341","url":"https:\/\/diarioprincipios.com\/wp-content\/litespeed\/avatar\/11ddfe5610ff3bd100522525b2571f48.jpg?ver=1777048341","contentUrl":"https:\/\/diarioprincipios.com\/wp-content\/litespeed\/avatar\/11ddfe5610ff3bd100522525b2571f48.jpg?ver=1777048341","caption":"Hern\u00e1n L\u00f3pez"},"url":"https:\/\/diarioprincipios.com\/index.php\/author\/hernan\/"}]}},"jetpack_featured_media_url":"https:\/\/diarioprincipios.com\/wp-content\/uploads\/2024\/08\/BERAZATEGUI-RECICLA-ECONOMIA-CIRCULAR-Y-CUIDADO-DEL-AMBIENTE-2.jpg","_links":{"self":[{"href":"https:\/\/diarioprincipios.com\/index.php\/wp-json\/wp\/v2\/posts\/22662","targetHints":{"allow":["GET"]}}],"collection":[{"href":"https:\/\/diarioprincipios.com\/index.php\/wp-json\/wp\/v2\/posts"}],"about":[{"href":"https:\/\/diarioprincipios.com\/index.php\/wp-json\/wp\/v2\/types\/post"}],"author":[{"embeddable":true,"href":"https:\/\/diarioprincipios.com\/index.php\/wp-json\/wp\/v2\/users\/2"}],"replies":[{"embeddable":true,"href":"https:\/\/diarioprincipios.com\/index.php\/wp-json\/wp\/v2\/comments?post=22662"}],"version-history":[{"count":1,"href":"https:\/\/diarioprincipios.com\/index.php\/wp-json\/wp\/v2\/posts\/22662\/revisions"}],"predecessor-version":[{"id":22665,"href":"https:\/\/diarioprincipios.com\/index.php\/wp-json\/wp\/v2\/posts\/22662\/revisions\/22665"}],"wp:featuredmedia":[{"embeddable":true,"href":"https:\/\/diarioprincipios.com\/index.php\/wp-json\/wp\/v2\/media\/22664"}],"wp:attachment":[{"href":"https:\/\/diarioprincipios.com\/index.php\/wp-json\/wp\/v2\/media?parent=22662"}],"wp:term":[{"taxonomy":"category","embeddable":true,"href":"https:\/\/diarioprincipios.com\/index.php\/wp-json\/wp\/v2\/categories?post=22662"},{"taxonomy":"post_tag","embeddable":true,"href":"https:\/\/diarioprincipios.com\/index.php\/wp-json\/wp\/v2\/tags?post=22662"}],"curies":[{"name":"wp","href":"https:\/\/api.w.org\/{rel}","templated":true}]}}