{"id":22653,"date":"2024-08-13T15:44:23","date_gmt":"2024-08-13T18:44:23","guid":{"rendered":"http:\/\/diarioprincipios.com\/?p=22653"},"modified":"2024-08-13T15:44:25","modified_gmt":"2024-08-13T18:44:25","slug":"la-unaj-y-la-provincia-brindan-asistencia-tecnologica-a-pymes-de-la-region","status":"publish","type":"post","link":"https:\/\/diarioprincipios.com\/index.php\/2024\/08\/13\/la-unaj-y-la-provincia-brindan-asistencia-tecnologica-a-pymes-de-la-region\/","title":{"rendered":"La UNAJ y la Provincia brindan asistencia tecnol\u00f3gica a PyMES de la regi\u00f3n"},"content":{"rendered":"\n<p>Empresarios de PyMES de la regi\u00f3n participaron de un encuentro organizado por la Universidad Nacional Arturo Jauretche (UNAJ) y el gobierno de la provincia de Buenos Aires, en el que se presentaron distintas herramientas de asistencia tecnol\u00f3gica destinadas a la mejora de la competitividad.<\/p>\n\n\n\n<p>Docentes-investigadores de la UNAJ y especialistas del Ministerio de Producci\u00f3n, Ciencia y Tecnolog\u00eda de la Provincia de Buenos Aires, hablaron de los instrumentos a los que pueden acceder las empresas, a trav\u00e9s de los programas Cl\u00ednicas Tecnol\u00f3gicas PBA y Portafolio Tecnol\u00f3gico UNAJ.<\/p>\n\n\n\n<p>Las exposiciones se realizaron en el marco del ciclo Meriendas Tecnol\u00f3gicas que lleva adelante la Direcci\u00f3n de Vinculaci\u00f3n Tecnol\u00f3gica de la UNAJ y estuvieron a cargo de Sebasti\u00e1n Gatti, docente de la Universidad y cl\u00ednico tecnol\u00f3gico del Ministerio de Producci\u00f3n, Ciencia y Tecnolog\u00eda de la Provincia de Buenos Aires, y Mariano Santos, integrante del Portafolio Tecnol\u00f3gico UNAJ. Tambi\u00e9n particip\u00f3 el vicerrector Miguel Binstock.<\/p>\n\n\n\n<figure class=\"wp-block-image size-large\"><img loading=\"lazy\" decoding=\"async\" width=\"1024\" height=\"768\" src=\"https:\/\/diarioprincipios.com\/wp-content\/uploads\/2024\/08\/WhatsApp-Image-2024-08-09-at-17_22_41-1024x768.jpeg\" alt=\"\" class=\"wp-image-22654\" srcset=\"https:\/\/diarioprincipios.com\/wp-content\/uploads\/2024\/08\/WhatsApp-Image-2024-08-09-at-17_22_41-1024x768.jpeg 1024w, https:\/\/diarioprincipios.com\/wp-content\/uploads\/2024\/08\/WhatsApp-Image-2024-08-09-at-17_22_41-300x225.jpeg 300w, https:\/\/diarioprincipios.com\/wp-content\/uploads\/2024\/08\/WhatsApp-Image-2024-08-09-at-17_22_41-768x576.jpeg 768w, https:\/\/diarioprincipios.com\/wp-content\/uploads\/2024\/08\/WhatsApp-Image-2024-08-09-at-17_22_41.jpeg 1280w\" sizes=\"auto, (max-width: 1024px) 100vw, 1024px\" \/><\/figure>\n\n\n\n<p>La propuesta del encuentro fue generar un espacio de intercambio con el objetivo de que circulen las demandas de los empresarios PYMES y las ofertas tecnol\u00f3gicas de las instituciones.<\/p>\n\n\n\n<p>\u201c<em>El Portafolio Tecnol\u00f3gico ofrece asistencia a empresas a trav\u00e9s de consultor\u00edas en temas espec\u00edficos de diversas \u00e1reas, para las que contamos con una n\u00f3mina de m\u00e1s de 60 investigadores docentes<\/em>\u201d, explic\u00f3 Andr\u00e9s Fern\u00e1ndez, responsable de la Unidad de Vinculaci\u00f3n Tecnol\u00f3gica de la UNAJ, quien adem\u00e1s present\u00f3 tres casos de \u00e9xito de vinculaci\u00f3n de la universidad con empresas de la regi\u00f3n a trav\u00e9s de la asistencia de profesionales del Portafolio Tecnol\u00f3gico UNAJ.<\/p>\n\n\n\n<p>Por su parte, Sebasti\u00e1n Gatti sostuvo que \u201c<em>en esta \u00e9poca de crisis hay que ver la oportunidad de mejora que supone trabajar en la competitividad interna, a la espera de que la situaci\u00f3n se recomponga y las empresas puedan producir y vender<\/em>\u201d.<\/p>\n\n\n\n<figure class=\"wp-block-image size-large\"><img loading=\"lazy\" decoding=\"async\" width=\"1024\" height=\"768\" src=\"https:\/\/diarioprincipios.com\/wp-content\/uploads\/2024\/08\/WhatsApp-Image-2024-08-09-at-17_22_41-4-1024x768.jpeg\" alt=\"\" class=\"wp-image-22655\" srcset=\"https:\/\/diarioprincipios.com\/wp-content\/uploads\/2024\/08\/WhatsApp-Image-2024-08-09-at-17_22_41-4-1024x768.jpeg 1024w, https:\/\/diarioprincipios.com\/wp-content\/uploads\/2024\/08\/WhatsApp-Image-2024-08-09-at-17_22_41-4-300x225.jpeg 300w, https:\/\/diarioprincipios.com\/wp-content\/uploads\/2024\/08\/WhatsApp-Image-2024-08-09-at-17_22_41-4-768x576.jpeg 768w, https:\/\/diarioprincipios.com\/wp-content\/uploads\/2024\/08\/WhatsApp-Image-2024-08-09-at-17_22_41-4.jpeg 1280w\" sizes=\"auto, (max-width: 1024px) 100vw, 1024px\" \/><\/figure>\n\n\n\n<p>En este contexto complejo, \u201c<em>las tecnolog\u00edas de gesti\u00f3n son una herramienta muy importante para mejorar la competitividad interna de las organizaciones<\/em>\u201d, se\u00f1al\u00f3.<\/p>\n\n\n\n<p>Mariano Santos destac\u00f3 \u201c<em>la importancia de que el empresario pierda el miedo a vincularse con el Estado<\/em>\u201d y habl\u00f3 de la importancia de profesionalizar e incorporar tecnolog\u00edas de gesti\u00f3n a las peque\u00f1as y medianas empresas para ganar competitividad.<\/p>\n\n\n\n<p>Durante la charla, los especialistas mostraron c\u00f3mo la Universidad, en conjunto con el Ministerio de Producci\u00f3n, Ciencia y Tecnolog\u00eda de la Provincia de Buenos Aires, pueden aportar soluciones innovadoras a las empresas, para mejorar la competitividad interna, a fin de que ante una eventual reactivaci\u00f3n econ\u00f3mica puedan estar a la altura de cualquier empresa par de la regi\u00f3n.<\/p>\n","protected":false},"excerpt":{"rendered":"<p>Empresarios de PyMES de la regi\u00f3n participaron de un encuentro organizado por la Universidad Nacional Arturo Jauretche (UNAJ) y el gobierno de la provincia de Buenos Aires, en el que se presentaron distintas herramientas de asistencia tecnol\u00f3gica destinadas a la mejora de la competitividad. Docentes-investigadores de la UNAJ y especialistas del Ministerio de Producci\u00f3n, Ciencia&#8230;<\/p>\n","protected":false},"author":2,"featured_media":22656,"comment_status":"open","ping_status":"open","sticky":false,"template":"","format":"standard","meta":{"footnotes":""},"categories":[19,7],"tags":[],"class_list":["post-22653","post","type-post","status-publish","format-standard","has-post-thumbnail","hentry","category-cultura-educacion","category-provincia"],"featured_image_src":"https:\/\/diarioprincipios.com\/wp-content\/uploads\/2024\/08\/WhatsApp-Image-2024-08-09-at-17_22_41-2-1024x683.jpeg","blog_images":{"medium":"https:\/\/diarioprincipios.com\/wp-content\/uploads\/2024\/08\/WhatsApp-Image-2024-08-09-at-17_22_41-2-300x200.jpeg","large":"https:\/\/diarioprincipios.com\/wp-content\/uploads\/2024\/08\/WhatsApp-Image-2024-08-09-at-17_22_41-2-1024x683.jpeg"},"ams_acf":[],"yoast_head":"<!-- This site is optimized with the Yoast SEO plugin v27.3 - https:\/\/yoast.com\/product\/yoast-seo-wordpress\/ -->\n<title>La UNAJ y la Provincia brindan asistencia tecnol\u00f3gica a PyMES de la regi\u00f3n - Principios<\/title>\n<meta name=\"robots\" content=\"index, follow, max-snippet:-1, max-image-preview:large, max-video-preview:-1\" \/>\n<link rel=\"canonical\" href=\"https:\/\/diarioprincipios.com\/index.php\/2024\/08\/13\/la-unaj-y-la-provincia-brindan-asistencia-tecnologica-a-pymes-de-la-region\/\" \/>\n<meta property=\"og:locale\" content=\"es_ES\" \/>\n<meta property=\"og:type\" content=\"article\" \/>\n<meta property=\"og:title\" content=\"La UNAJ y la Provincia brindan asistencia tecnol\u00f3gica a PyMES de la regi\u00f3n - Principios\" \/>\n<meta property=\"og:description\" content=\"Empresarios de PyMES de la regi\u00f3n participaron de un encuentro organizado por la Universidad Nacional Arturo Jauretche (UNAJ) y el gobierno de la provincia de Buenos Aires, en el que se presentaron distintas herramientas de asistencia tecnol\u00f3gica destinadas a la mejora de la competitividad. Docentes-investigadores de la UNAJ y especialistas del Ministerio de Producci\u00f3n, Ciencia...\" \/>\n<meta property=\"og:url\" content=\"https:\/\/diarioprincipios.com\/index.php\/2024\/08\/13\/la-unaj-y-la-provincia-brindan-asistencia-tecnologica-a-pymes-de-la-region\/\" \/>\n<meta property=\"og:site_name\" content=\"Principios\" \/>\n<meta property=\"article:published_time\" content=\"2024-08-13T18:44:23+00:00\" \/>\n<meta property=\"article:modified_time\" content=\"2024-08-13T18:44:25+00:00\" \/>\n<meta property=\"og:image\" content=\"https:\/\/diarioprincipios.com\/wp-content\/uploads\/2024\/08\/WhatsApp-Image-2024-08-09-at-17_22_41-2.jpeg\" \/>\n\t<meta property=\"og:image:width\" content=\"1600\" \/>\n\t<meta property=\"og:image:height\" content=\"1067\" \/>\n\t<meta property=\"og:image:type\" content=\"image\/jpeg\" \/>\n<meta name=\"author\" content=\"Hern\u00e1n L\u00f3pez\" \/>\n<meta name=\"twitter:card\" content=\"summary_large_image\" \/>\n<meta name=\"twitter:label1\" content=\"Escrito por\" \/>\n\t<meta name=\"twitter:data1\" content=\"Hern\u00e1n L\u00f3pez\" \/>\n\t<meta name=\"twitter:label2\" content=\"Tiempo de lectura\" \/>\n\t<meta name=\"twitter:data2\" content=\"3 minutos\" \/>\n<script type=\"application\/ld+json\" class=\"yoast-schema-graph\">{\"@context\":\"https:\\\/\\\/schema.org\",\"@graph\":[{\"@type\":\"Article\",\"@id\":\"https:\\\/\\\/diarioprincipios.com\\\/index.php\\\/2024\\\/08\\\/13\\\/la-unaj-y-la-provincia-brindan-asistencia-tecnologica-a-pymes-de-la-region\\\/#article\",\"isPartOf\":{\"@id\":\"https:\\\/\\\/diarioprincipios.com\\\/index.php\\\/2024\\\/08\\\/13\\\/la-unaj-y-la-provincia-brindan-asistencia-tecnologica-a-pymes-de-la-region\\\/\"},\"author\":{\"name\":\"Hern\u00e1n L\u00f3pez\",\"@id\":\"https:\\\/\\\/diarioprincipios.com\\\/#\\\/schema\\\/person\\\/436d5a1fd41a5e250e23ff5a6a7cb080\"},\"headline\":\"La UNAJ y la Provincia brindan asistencia tecnol\u00f3gica a PyMES de la regi\u00f3n\",\"datePublished\":\"2024-08-13T18:44:23+00:00\",\"dateModified\":\"2024-08-13T18:44:25+00:00\",\"mainEntityOfPage\":{\"@id\":\"https:\\\/\\\/diarioprincipios.com\\\/index.php\\\/2024\\\/08\\\/13\\\/la-unaj-y-la-provincia-brindan-asistencia-tecnologica-a-pymes-de-la-region\\\/\"},\"wordCount\":472,\"commentCount\":0,\"publisher\":{\"@id\":\"https:\\\/\\\/diarioprincipios.com\\\/#organization\"},\"image\":{\"@id\":\"https:\\\/\\\/diarioprincipios.com\\\/index.php\\\/2024\\\/08\\\/13\\\/la-unaj-y-la-provincia-brindan-asistencia-tecnologica-a-pymes-de-la-region\\\/#primaryimage\"},\"thumbnailUrl\":\"https:\\\/\\\/diarioprincipios.com\\\/wp-content\\\/uploads\\\/2024\\\/08\\\/WhatsApp-Image-2024-08-09-at-17_22_41-2.jpeg\",\"articleSection\":[\"Cultura y Educaci\u00f3n\",\"Provincia\"],\"inLanguage\":\"es\",\"potentialAction\":[{\"@type\":\"CommentAction\",\"name\":\"Comment\",\"target\":[\"https:\\\/\\\/diarioprincipios.com\\\/index.php\\\/2024\\\/08\\\/13\\\/la-unaj-y-la-provincia-brindan-asistencia-tecnologica-a-pymes-de-la-region\\\/#respond\"]}]},{\"@type\":\"WebPage\",\"@id\":\"https:\\\/\\\/diarioprincipios.com\\\/index.php\\\/2024\\\/08\\\/13\\\/la-unaj-y-la-provincia-brindan-asistencia-tecnologica-a-pymes-de-la-region\\\/\",\"url\":\"https:\\\/\\\/diarioprincipios.com\\\/index.php\\\/2024\\\/08\\\/13\\\/la-unaj-y-la-provincia-brindan-asistencia-tecnologica-a-pymes-de-la-region\\\/\",\"name\":\"La UNAJ y la Provincia brindan asistencia tecnol\u00f3gica a PyMES de la regi\u00f3n - Principios\",\"isPartOf\":{\"@id\":\"https:\\\/\\\/diarioprincipios.com\\\/#website\"},\"primaryImageOfPage\":{\"@id\":\"https:\\\/\\\/diarioprincipios.com\\\/index.php\\\/2024\\\/08\\\/13\\\/la-unaj-y-la-provincia-brindan-asistencia-tecnologica-a-pymes-de-la-region\\\/#primaryimage\"},\"image\":{\"@id\":\"https:\\\/\\\/diarioprincipios.com\\\/index.php\\\/2024\\\/08\\\/13\\\/la-unaj-y-la-provincia-brindan-asistencia-tecnologica-a-pymes-de-la-region\\\/#primaryimage\"},\"thumbnailUrl\":\"https:\\\/\\\/diarioprincipios.com\\\/wp-content\\\/uploads\\\/2024\\\/08\\\/WhatsApp-Image-2024-08-09-at-17_22_41-2.jpeg\",\"datePublished\":\"2024-08-13T18:44:23+00:00\",\"dateModified\":\"2024-08-13T18:44:25+00:00\",\"breadcrumb\":{\"@id\":\"https:\\\/\\\/diarioprincipios.com\\\/index.php\\\/2024\\\/08\\\/13\\\/la-unaj-y-la-provincia-brindan-asistencia-tecnologica-a-pymes-de-la-region\\\/#breadcrumb\"},\"inLanguage\":\"es\",\"potentialAction\":[{\"@type\":\"ReadAction\",\"target\":[\"https:\\\/\\\/diarioprincipios.com\\\/index.php\\\/2024\\\/08\\\/13\\\/la-unaj-y-la-provincia-brindan-asistencia-tecnologica-a-pymes-de-la-region\\\/\"]}]},{\"@type\":\"ImageObject\",\"inLanguage\":\"es\",\"@id\":\"https:\\\/\\\/diarioprincipios.com\\\/index.php\\\/2024\\\/08\\\/13\\\/la-unaj-y-la-provincia-brindan-asistencia-tecnologica-a-pymes-de-la-region\\\/#primaryimage\",\"url\":\"https:\\\/\\\/diarioprincipios.com\\\/wp-content\\\/uploads\\\/2024\\\/08\\\/WhatsApp-Image-2024-08-09-at-17_22_41-2.jpeg\",\"contentUrl\":\"https:\\\/\\\/diarioprincipios.com\\\/wp-content\\\/uploads\\\/2024\\\/08\\\/WhatsApp-Image-2024-08-09-at-17_22_41-2.jpeg\",\"width\":1600,\"height\":1067},{\"@type\":\"BreadcrumbList\",\"@id\":\"https:\\\/\\\/diarioprincipios.com\\\/index.php\\\/2024\\\/08\\\/13\\\/la-unaj-y-la-provincia-brindan-asistencia-tecnologica-a-pymes-de-la-region\\\/#breadcrumb\",\"itemListElement\":[{\"@type\":\"ListItem\",\"position\":1,\"name\":\"Portada\",\"item\":\"https:\\\/\\\/diarioprincipios.com\\\/\"},{\"@type\":\"ListItem\",\"position\":2,\"name\":\"La UNAJ y la Provincia brindan asistencia tecnol\u00f3gica a PyMES de la regi\u00f3n\"}]},{\"@type\":\"WebSite\",\"@id\":\"https:\\\/\\\/diarioprincipios.com\\\/#website\",\"url\":\"https:\\\/\\\/diarioprincipios.com\\\/\",\"name\":\"Principios\",\"description\":\"Principios Diario\",\"publisher\":{\"@id\":\"https:\\\/\\\/diarioprincipios.com\\\/#organization\"},\"potentialAction\":[{\"@type\":\"SearchAction\",\"target\":{\"@type\":\"EntryPoint\",\"urlTemplate\":\"https:\\\/\\\/diarioprincipios.com\\\/?s={search_term_string}\"},\"query-input\":{\"@type\":\"PropertyValueSpecification\",\"valueRequired\":true,\"valueName\":\"search_term_string\"}}],\"inLanguage\":\"es\"},{\"@type\":\"Organization\",\"@id\":\"https:\\\/\\\/diarioprincipios.com\\\/#organization\",\"name\":\"Principios\",\"url\":\"https:\\\/\\\/diarioprincipios.com\\\/\",\"logo\":{\"@type\":\"ImageObject\",\"inLanguage\":\"es\",\"@id\":\"https:\\\/\\\/diarioprincipios.com\\\/#\\\/schema\\\/logo\\\/image\\\/\",\"url\":\"https:\\\/\\\/diarioprincipios.com\\\/wp-content\\\/uploads\\\/2024\\\/04\\\/cropped-www.diarioprincipios.com_-1.png\",\"contentUrl\":\"https:\\\/\\\/diarioprincipios.com\\\/wp-content\\\/uploads\\\/2024\\\/04\\\/cropped-www.diarioprincipios.com_-1.png\",\"width\":5325,\"height\":1454,\"caption\":\"Principios\"},\"image\":{\"@id\":\"https:\\\/\\\/diarioprincipios.com\\\/#\\\/schema\\\/logo\\\/image\\\/\"}},{\"@type\":\"Person\",\"@id\":\"https:\\\/\\\/diarioprincipios.com\\\/#\\\/schema\\\/person\\\/436d5a1fd41a5e250e23ff5a6a7cb080\",\"name\":\"Hern\u00e1n L\u00f3pez\",\"image\":{\"@type\":\"ImageObject\",\"inLanguage\":\"es\",\"@id\":\"https:\\\/\\\/diarioprincipios.com\\\/wp-content\\\/litespeed\\\/avatar\\\/11ddfe5610ff3bd100522525b2571f48.jpg?ver=1777048341\",\"url\":\"https:\\\/\\\/diarioprincipios.com\\\/wp-content\\\/litespeed\\\/avatar\\\/11ddfe5610ff3bd100522525b2571f48.jpg?ver=1777048341\",\"contentUrl\":\"https:\\\/\\\/diarioprincipios.com\\\/wp-content\\\/litespeed\\\/avatar\\\/11ddfe5610ff3bd100522525b2571f48.jpg?ver=1777048341\",\"caption\":\"Hern\u00e1n L\u00f3pez\"},\"url\":\"https:\\\/\\\/diarioprincipios.com\\\/index.php\\\/author\\\/hernan\\\/\"}]}<\/script>\n<!-- \/ Yoast SEO plugin. -->","yoast_head_json":{"title":"La UNAJ y la Provincia brindan asistencia tecnol\u00f3gica a PyMES de la regi\u00f3n - Principios","robots":{"index":"index","follow":"follow","max-snippet":"max-snippet:-1","max-image-preview":"max-image-preview:large","max-video-preview":"max-video-preview:-1"},"canonical":"https:\/\/diarioprincipios.com\/index.php\/2024\/08\/13\/la-unaj-y-la-provincia-brindan-asistencia-tecnologica-a-pymes-de-la-region\/","og_locale":"es_ES","og_type":"article","og_title":"La UNAJ y la Provincia brindan asistencia tecnol\u00f3gica a PyMES de la regi\u00f3n - Principios","og_description":"Empresarios de PyMES de la regi\u00f3n participaron de un encuentro organizado por la Universidad Nacional Arturo Jauretche (UNAJ) y el gobierno de la provincia de Buenos Aires, en el que se presentaron distintas herramientas de asistencia tecnol\u00f3gica destinadas a la mejora de la competitividad. Docentes-investigadores de la UNAJ y especialistas del Ministerio de Producci\u00f3n, Ciencia...","og_url":"https:\/\/diarioprincipios.com\/index.php\/2024\/08\/13\/la-unaj-y-la-provincia-brindan-asistencia-tecnologica-a-pymes-de-la-region\/","og_site_name":"Principios","article_published_time":"2024-08-13T18:44:23+00:00","article_modified_time":"2024-08-13T18:44:25+00:00","og_image":[{"width":1600,"height":1067,"url":"https:\/\/diarioprincipios.com\/wp-content\/uploads\/2024\/08\/WhatsApp-Image-2024-08-09-at-17_22_41-2.jpeg","type":"image\/jpeg"}],"author":"Hern\u00e1n L\u00f3pez","twitter_card":"summary_large_image","twitter_misc":{"Escrito por":"Hern\u00e1n L\u00f3pez","Tiempo de lectura":"3 minutos"},"schema":{"@context":"https:\/\/schema.org","@graph":[{"@type":"Article","@id":"https:\/\/diarioprincipios.com\/index.php\/2024\/08\/13\/la-unaj-y-la-provincia-brindan-asistencia-tecnologica-a-pymes-de-la-region\/#article","isPartOf":{"@id":"https:\/\/diarioprincipios.com\/index.php\/2024\/08\/13\/la-unaj-y-la-provincia-brindan-asistencia-tecnologica-a-pymes-de-la-region\/"},"author":{"name":"Hern\u00e1n L\u00f3pez","@id":"https:\/\/diarioprincipios.com\/#\/schema\/person\/436d5a1fd41a5e250e23ff5a6a7cb080"},"headline":"La UNAJ y la Provincia brindan asistencia tecnol\u00f3gica a PyMES de la regi\u00f3n","datePublished":"2024-08-13T18:44:23+00:00","dateModified":"2024-08-13T18:44:25+00:00","mainEntityOfPage":{"@id":"https:\/\/diarioprincipios.com\/index.php\/2024\/08\/13\/la-unaj-y-la-provincia-brindan-asistencia-tecnologica-a-pymes-de-la-region\/"},"wordCount":472,"commentCount":0,"publisher":{"@id":"https:\/\/diarioprincipios.com\/#organization"},"image":{"@id":"https:\/\/diarioprincipios.com\/index.php\/2024\/08\/13\/la-unaj-y-la-provincia-brindan-asistencia-tecnologica-a-pymes-de-la-region\/#primaryimage"},"thumbnailUrl":"https:\/\/diarioprincipios.com\/wp-content\/uploads\/2024\/08\/WhatsApp-Image-2024-08-09-at-17_22_41-2.jpeg","articleSection":["Cultura y Educaci\u00f3n","Provincia"],"inLanguage":"es","potentialAction":[{"@type":"CommentAction","name":"Comment","target":["https:\/\/diarioprincipios.com\/index.php\/2024\/08\/13\/la-unaj-y-la-provincia-brindan-asistencia-tecnologica-a-pymes-de-la-region\/#respond"]}]},{"@type":"WebPage","@id":"https:\/\/diarioprincipios.com\/index.php\/2024\/08\/13\/la-unaj-y-la-provincia-brindan-asistencia-tecnologica-a-pymes-de-la-region\/","url":"https:\/\/diarioprincipios.com\/index.php\/2024\/08\/13\/la-unaj-y-la-provincia-brindan-asistencia-tecnologica-a-pymes-de-la-region\/","name":"La UNAJ y la Provincia brindan asistencia tecnol\u00f3gica a PyMES de la regi\u00f3n - Principios","isPartOf":{"@id":"https:\/\/diarioprincipios.com\/#website"},"primaryImageOfPage":{"@id":"https:\/\/diarioprincipios.com\/index.php\/2024\/08\/13\/la-unaj-y-la-provincia-brindan-asistencia-tecnologica-a-pymes-de-la-region\/#primaryimage"},"image":{"@id":"https:\/\/diarioprincipios.com\/index.php\/2024\/08\/13\/la-unaj-y-la-provincia-brindan-asistencia-tecnologica-a-pymes-de-la-region\/#primaryimage"},"thumbnailUrl":"https:\/\/diarioprincipios.com\/wp-content\/uploads\/2024\/08\/WhatsApp-Image-2024-08-09-at-17_22_41-2.jpeg","datePublished":"2024-08-13T18:44:23+00:00","dateModified":"2024-08-13T18:44:25+00:00","breadcrumb":{"@id":"https:\/\/diarioprincipios.com\/index.php\/2024\/08\/13\/la-unaj-y-la-provincia-brindan-asistencia-tecnologica-a-pymes-de-la-region\/#breadcrumb"},"inLanguage":"es","potentialAction":[{"@type":"ReadAction","target":["https:\/\/diarioprincipios.com\/index.php\/2024\/08\/13\/la-unaj-y-la-provincia-brindan-asistencia-tecnologica-a-pymes-de-la-region\/"]}]},{"@type":"ImageObject","inLanguage":"es","@id":"https:\/\/diarioprincipios.com\/index.php\/2024\/08\/13\/la-unaj-y-la-provincia-brindan-asistencia-tecnologica-a-pymes-de-la-region\/#primaryimage","url":"https:\/\/diarioprincipios.com\/wp-content\/uploads\/2024\/08\/WhatsApp-Image-2024-08-09-at-17_22_41-2.jpeg","contentUrl":"https:\/\/diarioprincipios.com\/wp-content\/uploads\/2024\/08\/WhatsApp-Image-2024-08-09-at-17_22_41-2.jpeg","width":1600,"height":1067},{"@type":"BreadcrumbList","@id":"https:\/\/diarioprincipios.com\/index.php\/2024\/08\/13\/la-unaj-y-la-provincia-brindan-asistencia-tecnologica-a-pymes-de-la-region\/#breadcrumb","itemListElement":[{"@type":"ListItem","position":1,"name":"Portada","item":"https:\/\/diarioprincipios.com\/"},{"@type":"ListItem","position":2,"name":"La UNAJ y la Provincia brindan asistencia tecnol\u00f3gica a PyMES de la regi\u00f3n"}]},{"@type":"WebSite","@id":"https:\/\/diarioprincipios.com\/#website","url":"https:\/\/diarioprincipios.com\/","name":"Principios","description":"Principios Diario","publisher":{"@id":"https:\/\/diarioprincipios.com\/#organization"},"potentialAction":[{"@type":"SearchAction","target":{"@type":"EntryPoint","urlTemplate":"https:\/\/diarioprincipios.com\/?s={search_term_string}"},"query-input":{"@type":"PropertyValueSpecification","valueRequired":true,"valueName":"search_term_string"}}],"inLanguage":"es"},{"@type":"Organization","@id":"https:\/\/diarioprincipios.com\/#organization","name":"Principios","url":"https:\/\/diarioprincipios.com\/","logo":{"@type":"ImageObject","inLanguage":"es","@id":"https:\/\/diarioprincipios.com\/#\/schema\/logo\/image\/","url":"https:\/\/diarioprincipios.com\/wp-content\/uploads\/2024\/04\/cropped-www.diarioprincipios.com_-1.png","contentUrl":"https:\/\/diarioprincipios.com\/wp-content\/uploads\/2024\/04\/cropped-www.diarioprincipios.com_-1.png","width":5325,"height":1454,"caption":"Principios"},"image":{"@id":"https:\/\/diarioprincipios.com\/#\/schema\/logo\/image\/"}},{"@type":"Person","@id":"https:\/\/diarioprincipios.com\/#\/schema\/person\/436d5a1fd41a5e250e23ff5a6a7cb080","name":"Hern\u00e1n L\u00f3pez","image":{"@type":"ImageObject","inLanguage":"es","@id":"https:\/\/diarioprincipios.com\/wp-content\/litespeed\/avatar\/11ddfe5610ff3bd100522525b2571f48.jpg?ver=1777048341","url":"https:\/\/diarioprincipios.com\/wp-content\/litespeed\/avatar\/11ddfe5610ff3bd100522525b2571f48.jpg?ver=1777048341","contentUrl":"https:\/\/diarioprincipios.com\/wp-content\/litespeed\/avatar\/11ddfe5610ff3bd100522525b2571f48.jpg?ver=1777048341","caption":"Hern\u00e1n L\u00f3pez"},"url":"https:\/\/diarioprincipios.com\/index.php\/author\/hernan\/"}]}},"jetpack_featured_media_url":"https:\/\/diarioprincipios.com\/wp-content\/uploads\/2024\/08\/WhatsApp-Image-2024-08-09-at-17_22_41-2.jpeg","_links":{"self":[{"href":"https:\/\/diarioprincipios.com\/index.php\/wp-json\/wp\/v2\/posts\/22653","targetHints":{"allow":["GET"]}}],"collection":[{"href":"https:\/\/diarioprincipios.com\/index.php\/wp-json\/wp\/v2\/posts"}],"about":[{"href":"https:\/\/diarioprincipios.com\/index.php\/wp-json\/wp\/v2\/types\/post"}],"author":[{"embeddable":true,"href":"https:\/\/diarioprincipios.com\/index.php\/wp-json\/wp\/v2\/users\/2"}],"replies":[{"embeddable":true,"href":"https:\/\/diarioprincipios.com\/index.php\/wp-json\/wp\/v2\/comments?post=22653"}],"version-history":[{"count":1,"href":"https:\/\/diarioprincipios.com\/index.php\/wp-json\/wp\/v2\/posts\/22653\/revisions"}],"predecessor-version":[{"id":22657,"href":"https:\/\/diarioprincipios.com\/index.php\/wp-json\/wp\/v2\/posts\/22653\/revisions\/22657"}],"wp:featuredmedia":[{"embeddable":true,"href":"https:\/\/diarioprincipios.com\/index.php\/wp-json\/wp\/v2\/media\/22656"}],"wp:attachment":[{"href":"https:\/\/diarioprincipios.com\/index.php\/wp-json\/wp\/v2\/media?parent=22653"}],"wp:term":[{"taxonomy":"category","embeddable":true,"href":"https:\/\/diarioprincipios.com\/index.php\/wp-json\/wp\/v2\/categories?post=22653"},{"taxonomy":"post_tag","embeddable":true,"href":"https:\/\/diarioprincipios.com\/index.php\/wp-json\/wp\/v2\/tags?post=22653"}],"curies":[{"name":"wp","href":"https:\/\/api.w.org\/{rel}","templated":true}]}}