{"id":22645,"date":"2024-08-12T16:07:34","date_gmt":"2024-08-12T19:07:34","guid":{"rendered":"http:\/\/diarioprincipios.com\/?p=22645"},"modified":"2024-08-12T16:10:30","modified_gmt":"2024-08-12T19:10:30","slug":"arranco-jornada-de-paro-de-72-horas-en-la-unaj","status":"publish","type":"post","link":"https:\/\/diarioprincipios.com\/index.php\/2024\/08\/12\/arranco-jornada-de-paro-de-72-horas-en-la-unaj\/","title":{"rendered":"Alto acatamiento a la Jornada de Paro de 72 horas en la UNAJ"},"content":{"rendered":"\n<p>Con acatamiento total se cumple el primer d\u00eda de las 72 de paro docente en la UNAJ.<\/p>\n\n\n\n<p>Con una ca\u00edda salarial cercana al 50% que duplica al del resto de la administraci\u00f3n p\u00fablica nacional los docentes de la UNAJ dieron forma de 3 dias de paro a la definici\u00f3n de NO INICIO DE LAS CLASES en este segundo cuatrimestre definido por los sindicatos universitarios de todo el pa\u00eds. Por esta raz\u00f3n las clases tendr\u00e1n su inicio regular reci\u00e9n este jueves 15<\/p>\n\n\n\n<figure class=\"wp-block-image size-large\"><img loading=\"lazy\" decoding=\"async\" width=\"1024\" height=\"770\" src=\"https:\/\/diarioprincipios.com\/wp-content\/uploads\/2024\/08\/WhatsApp-Image-2024-08-12-at-11_24_34-1-1024x770.jpeg\" alt=\"\" class=\"wp-image-22646\" srcset=\"https:\/\/diarioprincipios.com\/wp-content\/uploads\/2024\/08\/WhatsApp-Image-2024-08-12-at-11_24_34-1-1024x770.jpeg 1024w, https:\/\/diarioprincipios.com\/wp-content\/uploads\/2024\/08\/WhatsApp-Image-2024-08-12-at-11_24_34-1-300x226.jpeg 300w, https:\/\/diarioprincipios.com\/wp-content\/uploads\/2024\/08\/WhatsApp-Image-2024-08-12-at-11_24_34-1-768x578.jpeg 768w, https:\/\/diarioprincipios.com\/wp-content\/uploads\/2024\/08\/WhatsApp-Image-2024-08-12-at-11_24_34-1.jpeg 1280w\" sizes=\"auto, (max-width: 1024px) 100vw, 1024px\" \/><\/figure>\n\n\n\n<p><br>Clara Chevalier, secretaria general de ADEIUNAJ, \u00a0manifest\u00f3 que \u201ccon la mayor\u00eda de los sueldos debajo de la l\u00ednea de pobreza, docentes que est\u00e1n evaluando renunciar porque no pueden ni viajar o reduciendo comidas; la situaci\u00f3n del sector es insostenible\u201d, haciendo referencia a un relevamiento realizado al fin del cuatrimestre anterior. Profundizando en el asunto se\u00f1al\u00f3 \u201cel gobierno no ha dejado de atacar a las universidades y lo que representan: un futuro mejor\u201d enumerando luego \u201cataca a docentes y nodocentes reduciendo sueldos, a los estudiantes que para cumplir su sue\u00f1o de ser profesionales de la ingenier\u00eda, la enfermer\u00eda, medicina y \u00a0necesitan el acompa\u00f1amiento de la sociedad a trav\u00e9s de la ayuda del estado en becas les ponen trabas, congelan montos y les complican su permanencia en la universidad\u201d.<\/p>\n\n\n\n<figure class=\"wp-block-image size-large\"><img loading=\"lazy\" decoding=\"async\" width=\"1024\" height=\"770\" src=\"https:\/\/diarioprincipios.com\/wp-content\/uploads\/2024\/08\/WhatsApp-Image-2024-08-12-at-11_24_34-1024x770.jpeg\" alt=\"\" class=\"wp-image-22647\" srcset=\"https:\/\/diarioprincipios.com\/wp-content\/uploads\/2024\/08\/WhatsApp-Image-2024-08-12-at-11_24_34-1024x770.jpeg 1024w, https:\/\/diarioprincipios.com\/wp-content\/uploads\/2024\/08\/WhatsApp-Image-2024-08-12-at-11_24_34-300x226.jpeg 300w, https:\/\/diarioprincipios.com\/wp-content\/uploads\/2024\/08\/WhatsApp-Image-2024-08-12-at-11_24_34-768x578.jpeg 768w, https:\/\/diarioprincipios.com\/wp-content\/uploads\/2024\/08\/WhatsApp-Image-2024-08-12-at-11_24_34.jpeg 1280w\" sizes=\"auto, (max-width: 1024px) 100vw, 1024px\" \/><\/figure>\n\n\n\n<p><br>La medida de fuerza se extender\u00e1 hasta este jueves donde tendr\u00e1 inicio formal el cuatrimestre pero las perspectivas de nuevas medidas de fuerza no se despejan en especial luego de la oferta salarial del 3% hecha por el gobierno el jueves, que no alcanza ni a empatar la inflaci\u00f3n del mes, mucho menos a recuperar algo del salario \u00a0perdido desde el mes de noviembre del a\u00f1o pasado.<\/p>\n","protected":false},"excerpt":{"rendered":"<p>Con acatamiento total se cumple el primer d\u00eda de las 72 de paro docente en la UNAJ. Con una ca\u00edda salarial cercana al 50% que duplica al del resto de la administraci\u00f3n p\u00fablica nacional los docentes de la UNAJ dieron forma de 3 dias de paro a la definici\u00f3n de NO INICIO DE LAS CLASES&#8230;<\/p>\n","protected":false},"author":2,"featured_media":22648,"comment_status":"open","ping_status":"open","sticky":false,"template":"","format":"standard","meta":{"footnotes":""},"categories":[19,17],"tags":[],"class_list":["post-22645","post","type-post","status-publish","format-standard","has-post-thumbnail","hentry","category-cultura-educacion","category-zona-sur"],"featured_image_src":"https:\/\/diarioprincipios.com\/wp-content\/uploads\/2024\/08\/WhatsApp-Image-2024-08-12-at-11_24_32-1024x770.jpeg","blog_images":{"medium":"https:\/\/diarioprincipios.com\/wp-content\/uploads\/2024\/08\/WhatsApp-Image-2024-08-12-at-11_24_32-300x226.jpeg","large":"https:\/\/diarioprincipios.com\/wp-content\/uploads\/2024\/08\/WhatsApp-Image-2024-08-12-at-11_24_32-1024x770.jpeg"},"ams_acf":[],"yoast_head":"<!-- This site is optimized with the Yoast SEO plugin v27.3 - https:\/\/yoast.com\/product\/yoast-seo-wordpress\/ -->\n<title>Alto acatamiento a la Jornada de Paro de 72 horas en la UNAJ - Principios<\/title>\n<meta name=\"robots\" content=\"index, follow, max-snippet:-1, max-image-preview:large, max-video-preview:-1\" \/>\n<link rel=\"canonical\" href=\"https:\/\/diarioprincipios.com\/index.php\/2024\/08\/12\/arranco-jornada-de-paro-de-72-horas-en-la-unaj\/\" \/>\n<meta property=\"og:locale\" content=\"es_ES\" \/>\n<meta property=\"og:type\" content=\"article\" \/>\n<meta property=\"og:title\" content=\"Alto acatamiento a la Jornada de Paro de 72 horas en la UNAJ - Principios\" \/>\n<meta property=\"og:description\" content=\"Con acatamiento total se cumple el primer d\u00eda de las 72 de paro docente en la UNAJ. Con una ca\u00edda salarial cercana al 50% que duplica al del resto de la administraci\u00f3n p\u00fablica nacional los docentes de la UNAJ dieron forma de 3 dias de paro a la definici\u00f3n de NO INICIO DE LAS CLASES...\" \/>\n<meta property=\"og:url\" content=\"https:\/\/diarioprincipios.com\/index.php\/2024\/08\/12\/arranco-jornada-de-paro-de-72-horas-en-la-unaj\/\" \/>\n<meta property=\"og:site_name\" content=\"Principios\" \/>\n<meta property=\"article:published_time\" content=\"2024-08-12T19:07:34+00:00\" \/>\n<meta property=\"article:modified_time\" content=\"2024-08-12T19:10:30+00:00\" \/>\n<meta property=\"og:image\" content=\"https:\/\/diarioprincipios.com\/wp-content\/uploads\/2024\/08\/WhatsApp-Image-2024-08-12-at-11_24_32.jpeg\" \/>\n\t<meta property=\"og:image:width\" content=\"1280\" \/>\n\t<meta property=\"og:image:height\" content=\"963\" \/>\n\t<meta property=\"og:image:type\" content=\"image\/jpeg\" \/>\n<meta name=\"author\" content=\"Hern\u00e1n L\u00f3pez\" \/>\n<meta name=\"twitter:card\" content=\"summary_large_image\" \/>\n<meta name=\"twitter:label1\" content=\"Escrito por\" \/>\n\t<meta name=\"twitter:data1\" content=\"Hern\u00e1n L\u00f3pez\" \/>\n\t<meta name=\"twitter:label2\" content=\"Tiempo de lectura\" \/>\n\t<meta name=\"twitter:data2\" content=\"2 minutos\" \/>\n<script type=\"application\/ld+json\" class=\"yoast-schema-graph\">{\"@context\":\"https:\\\/\\\/schema.org\",\"@graph\":[{\"@type\":\"Article\",\"@id\":\"https:\\\/\\\/diarioprincipios.com\\\/index.php\\\/2024\\\/08\\\/12\\\/arranco-jornada-de-paro-de-72-horas-en-la-unaj\\\/#article\",\"isPartOf\":{\"@id\":\"https:\\\/\\\/diarioprincipios.com\\\/index.php\\\/2024\\\/08\\\/12\\\/arranco-jornada-de-paro-de-72-horas-en-la-unaj\\\/\"},\"author\":{\"name\":\"Hern\u00e1n L\u00f3pez\",\"@id\":\"https:\\\/\\\/diarioprincipios.com\\\/#\\\/schema\\\/person\\\/436d5a1fd41a5e250e23ff5a6a7cb080\"},\"headline\":\"Alto acatamiento a la Jornada de Paro de 72 horas en la UNAJ\",\"datePublished\":\"2024-08-12T19:07:34+00:00\",\"dateModified\":\"2024-08-12T19:10:30+00:00\",\"mainEntityOfPage\":{\"@id\":\"https:\\\/\\\/diarioprincipios.com\\\/index.php\\\/2024\\\/08\\\/12\\\/arranco-jornada-de-paro-de-72-horas-en-la-unaj\\\/\"},\"wordCount\":303,\"commentCount\":0,\"publisher\":{\"@id\":\"https:\\\/\\\/diarioprincipios.com\\\/#organization\"},\"image\":{\"@id\":\"https:\\\/\\\/diarioprincipios.com\\\/index.php\\\/2024\\\/08\\\/12\\\/arranco-jornada-de-paro-de-72-horas-en-la-unaj\\\/#primaryimage\"},\"thumbnailUrl\":\"https:\\\/\\\/diarioprincipios.com\\\/wp-content\\\/uploads\\\/2024\\\/08\\\/WhatsApp-Image-2024-08-12-at-11_24_32.jpeg\",\"articleSection\":[\"Cultura y Educaci\u00f3n\",\"Zonar Sur\"],\"inLanguage\":\"es\",\"potentialAction\":[{\"@type\":\"CommentAction\",\"name\":\"Comment\",\"target\":[\"https:\\\/\\\/diarioprincipios.com\\\/index.php\\\/2024\\\/08\\\/12\\\/arranco-jornada-de-paro-de-72-horas-en-la-unaj\\\/#respond\"]}]},{\"@type\":\"WebPage\",\"@id\":\"https:\\\/\\\/diarioprincipios.com\\\/index.php\\\/2024\\\/08\\\/12\\\/arranco-jornada-de-paro-de-72-horas-en-la-unaj\\\/\",\"url\":\"https:\\\/\\\/diarioprincipios.com\\\/index.php\\\/2024\\\/08\\\/12\\\/arranco-jornada-de-paro-de-72-horas-en-la-unaj\\\/\",\"name\":\"Alto acatamiento a la Jornada de Paro de 72 horas en la UNAJ - Principios\",\"isPartOf\":{\"@id\":\"https:\\\/\\\/diarioprincipios.com\\\/#website\"},\"primaryImageOfPage\":{\"@id\":\"https:\\\/\\\/diarioprincipios.com\\\/index.php\\\/2024\\\/08\\\/12\\\/arranco-jornada-de-paro-de-72-horas-en-la-unaj\\\/#primaryimage\"},\"image\":{\"@id\":\"https:\\\/\\\/diarioprincipios.com\\\/index.php\\\/2024\\\/08\\\/12\\\/arranco-jornada-de-paro-de-72-horas-en-la-unaj\\\/#primaryimage\"},\"thumbnailUrl\":\"https:\\\/\\\/diarioprincipios.com\\\/wp-content\\\/uploads\\\/2024\\\/08\\\/WhatsApp-Image-2024-08-12-at-11_24_32.jpeg\",\"datePublished\":\"2024-08-12T19:07:34+00:00\",\"dateModified\":\"2024-08-12T19:10:30+00:00\",\"breadcrumb\":{\"@id\":\"https:\\\/\\\/diarioprincipios.com\\\/index.php\\\/2024\\\/08\\\/12\\\/arranco-jornada-de-paro-de-72-horas-en-la-unaj\\\/#breadcrumb\"},\"inLanguage\":\"es\",\"potentialAction\":[{\"@type\":\"ReadAction\",\"target\":[\"https:\\\/\\\/diarioprincipios.com\\\/index.php\\\/2024\\\/08\\\/12\\\/arranco-jornada-de-paro-de-72-horas-en-la-unaj\\\/\"]}]},{\"@type\":\"ImageObject\",\"inLanguage\":\"es\",\"@id\":\"https:\\\/\\\/diarioprincipios.com\\\/index.php\\\/2024\\\/08\\\/12\\\/arranco-jornada-de-paro-de-72-horas-en-la-unaj\\\/#primaryimage\",\"url\":\"https:\\\/\\\/diarioprincipios.com\\\/wp-content\\\/uploads\\\/2024\\\/08\\\/WhatsApp-Image-2024-08-12-at-11_24_32.jpeg\",\"contentUrl\":\"https:\\\/\\\/diarioprincipios.com\\\/wp-content\\\/uploads\\\/2024\\\/08\\\/WhatsApp-Image-2024-08-12-at-11_24_32.jpeg\",\"width\":1280,\"height\":963},{\"@type\":\"BreadcrumbList\",\"@id\":\"https:\\\/\\\/diarioprincipios.com\\\/index.php\\\/2024\\\/08\\\/12\\\/arranco-jornada-de-paro-de-72-horas-en-la-unaj\\\/#breadcrumb\",\"itemListElement\":[{\"@type\":\"ListItem\",\"position\":1,\"name\":\"Portada\",\"item\":\"https:\\\/\\\/diarioprincipios.com\\\/\"},{\"@type\":\"ListItem\",\"position\":2,\"name\":\"Alto acatamiento a la Jornada de Paro de 72 horas en la UNAJ\"}]},{\"@type\":\"WebSite\",\"@id\":\"https:\\\/\\\/diarioprincipios.com\\\/#website\",\"url\":\"https:\\\/\\\/diarioprincipios.com\\\/\",\"name\":\"Principios\",\"description\":\"Principios Diario\",\"publisher\":{\"@id\":\"https:\\\/\\\/diarioprincipios.com\\\/#organization\"},\"potentialAction\":[{\"@type\":\"SearchAction\",\"target\":{\"@type\":\"EntryPoint\",\"urlTemplate\":\"https:\\\/\\\/diarioprincipios.com\\\/?s={search_term_string}\"},\"query-input\":{\"@type\":\"PropertyValueSpecification\",\"valueRequired\":true,\"valueName\":\"search_term_string\"}}],\"inLanguage\":\"es\"},{\"@type\":\"Organization\",\"@id\":\"https:\\\/\\\/diarioprincipios.com\\\/#organization\",\"name\":\"Principios\",\"url\":\"https:\\\/\\\/diarioprincipios.com\\\/\",\"logo\":{\"@type\":\"ImageObject\",\"inLanguage\":\"es\",\"@id\":\"https:\\\/\\\/diarioprincipios.com\\\/#\\\/schema\\\/logo\\\/image\\\/\",\"url\":\"https:\\\/\\\/diarioprincipios.com\\\/wp-content\\\/uploads\\\/2024\\\/04\\\/cropped-www.diarioprincipios.com_-1.png\",\"contentUrl\":\"https:\\\/\\\/diarioprincipios.com\\\/wp-content\\\/uploads\\\/2024\\\/04\\\/cropped-www.diarioprincipios.com_-1.png\",\"width\":5325,\"height\":1454,\"caption\":\"Principios\"},\"image\":{\"@id\":\"https:\\\/\\\/diarioprincipios.com\\\/#\\\/schema\\\/logo\\\/image\\\/\"}},{\"@type\":\"Person\",\"@id\":\"https:\\\/\\\/diarioprincipios.com\\\/#\\\/schema\\\/person\\\/436d5a1fd41a5e250e23ff5a6a7cb080\",\"name\":\"Hern\u00e1n L\u00f3pez\",\"image\":{\"@type\":\"ImageObject\",\"inLanguage\":\"es\",\"@id\":\"https:\\\/\\\/diarioprincipios.com\\\/wp-content\\\/litespeed\\\/avatar\\\/11ddfe5610ff3bd100522525b2571f48.jpg?ver=1777048341\",\"url\":\"https:\\\/\\\/diarioprincipios.com\\\/wp-content\\\/litespeed\\\/avatar\\\/11ddfe5610ff3bd100522525b2571f48.jpg?ver=1777048341\",\"contentUrl\":\"https:\\\/\\\/diarioprincipios.com\\\/wp-content\\\/litespeed\\\/avatar\\\/11ddfe5610ff3bd100522525b2571f48.jpg?ver=1777048341\",\"caption\":\"Hern\u00e1n L\u00f3pez\"},\"url\":\"https:\\\/\\\/diarioprincipios.com\\\/index.php\\\/author\\\/hernan\\\/\"}]}<\/script>\n<!-- \/ Yoast SEO plugin. -->","yoast_head_json":{"title":"Alto acatamiento a la Jornada de Paro de 72 horas en la UNAJ - Principios","robots":{"index":"index","follow":"follow","max-snippet":"max-snippet:-1","max-image-preview":"max-image-preview:large","max-video-preview":"max-video-preview:-1"},"canonical":"https:\/\/diarioprincipios.com\/index.php\/2024\/08\/12\/arranco-jornada-de-paro-de-72-horas-en-la-unaj\/","og_locale":"es_ES","og_type":"article","og_title":"Alto acatamiento a la Jornada de Paro de 72 horas en la UNAJ - Principios","og_description":"Con acatamiento total se cumple el primer d\u00eda de las 72 de paro docente en la UNAJ. Con una ca\u00edda salarial cercana al 50% que duplica al del resto de la administraci\u00f3n p\u00fablica nacional los docentes de la UNAJ dieron forma de 3 dias de paro a la definici\u00f3n de NO INICIO DE LAS CLASES...","og_url":"https:\/\/diarioprincipios.com\/index.php\/2024\/08\/12\/arranco-jornada-de-paro-de-72-horas-en-la-unaj\/","og_site_name":"Principios","article_published_time":"2024-08-12T19:07:34+00:00","article_modified_time":"2024-08-12T19:10:30+00:00","og_image":[{"width":1280,"height":963,"url":"https:\/\/diarioprincipios.com\/wp-content\/uploads\/2024\/08\/WhatsApp-Image-2024-08-12-at-11_24_32.jpeg","type":"image\/jpeg"}],"author":"Hern\u00e1n L\u00f3pez","twitter_card":"summary_large_image","twitter_misc":{"Escrito por":"Hern\u00e1n L\u00f3pez","Tiempo de lectura":"2 minutos"},"schema":{"@context":"https:\/\/schema.org","@graph":[{"@type":"Article","@id":"https:\/\/diarioprincipios.com\/index.php\/2024\/08\/12\/arranco-jornada-de-paro-de-72-horas-en-la-unaj\/#article","isPartOf":{"@id":"https:\/\/diarioprincipios.com\/index.php\/2024\/08\/12\/arranco-jornada-de-paro-de-72-horas-en-la-unaj\/"},"author":{"name":"Hern\u00e1n L\u00f3pez","@id":"https:\/\/diarioprincipios.com\/#\/schema\/person\/436d5a1fd41a5e250e23ff5a6a7cb080"},"headline":"Alto acatamiento a la Jornada de Paro de 72 horas en la UNAJ","datePublished":"2024-08-12T19:07:34+00:00","dateModified":"2024-08-12T19:10:30+00:00","mainEntityOfPage":{"@id":"https:\/\/diarioprincipios.com\/index.php\/2024\/08\/12\/arranco-jornada-de-paro-de-72-horas-en-la-unaj\/"},"wordCount":303,"commentCount":0,"publisher":{"@id":"https:\/\/diarioprincipios.com\/#organization"},"image":{"@id":"https:\/\/diarioprincipios.com\/index.php\/2024\/08\/12\/arranco-jornada-de-paro-de-72-horas-en-la-unaj\/#primaryimage"},"thumbnailUrl":"https:\/\/diarioprincipios.com\/wp-content\/uploads\/2024\/08\/WhatsApp-Image-2024-08-12-at-11_24_32.jpeg","articleSection":["Cultura y Educaci\u00f3n","Zonar Sur"],"inLanguage":"es","potentialAction":[{"@type":"CommentAction","name":"Comment","target":["https:\/\/diarioprincipios.com\/index.php\/2024\/08\/12\/arranco-jornada-de-paro-de-72-horas-en-la-unaj\/#respond"]}]},{"@type":"WebPage","@id":"https:\/\/diarioprincipios.com\/index.php\/2024\/08\/12\/arranco-jornada-de-paro-de-72-horas-en-la-unaj\/","url":"https:\/\/diarioprincipios.com\/index.php\/2024\/08\/12\/arranco-jornada-de-paro-de-72-horas-en-la-unaj\/","name":"Alto acatamiento a la Jornada de Paro de 72 horas en la UNAJ - Principios","isPartOf":{"@id":"https:\/\/diarioprincipios.com\/#website"},"primaryImageOfPage":{"@id":"https:\/\/diarioprincipios.com\/index.php\/2024\/08\/12\/arranco-jornada-de-paro-de-72-horas-en-la-unaj\/#primaryimage"},"image":{"@id":"https:\/\/diarioprincipios.com\/index.php\/2024\/08\/12\/arranco-jornada-de-paro-de-72-horas-en-la-unaj\/#primaryimage"},"thumbnailUrl":"https:\/\/diarioprincipios.com\/wp-content\/uploads\/2024\/08\/WhatsApp-Image-2024-08-12-at-11_24_32.jpeg","datePublished":"2024-08-12T19:07:34+00:00","dateModified":"2024-08-12T19:10:30+00:00","breadcrumb":{"@id":"https:\/\/diarioprincipios.com\/index.php\/2024\/08\/12\/arranco-jornada-de-paro-de-72-horas-en-la-unaj\/#breadcrumb"},"inLanguage":"es","potentialAction":[{"@type":"ReadAction","target":["https:\/\/diarioprincipios.com\/index.php\/2024\/08\/12\/arranco-jornada-de-paro-de-72-horas-en-la-unaj\/"]}]},{"@type":"ImageObject","inLanguage":"es","@id":"https:\/\/diarioprincipios.com\/index.php\/2024\/08\/12\/arranco-jornada-de-paro-de-72-horas-en-la-unaj\/#primaryimage","url":"https:\/\/diarioprincipios.com\/wp-content\/uploads\/2024\/08\/WhatsApp-Image-2024-08-12-at-11_24_32.jpeg","contentUrl":"https:\/\/diarioprincipios.com\/wp-content\/uploads\/2024\/08\/WhatsApp-Image-2024-08-12-at-11_24_32.jpeg","width":1280,"height":963},{"@type":"BreadcrumbList","@id":"https:\/\/diarioprincipios.com\/index.php\/2024\/08\/12\/arranco-jornada-de-paro-de-72-horas-en-la-unaj\/#breadcrumb","itemListElement":[{"@type":"ListItem","position":1,"name":"Portada","item":"https:\/\/diarioprincipios.com\/"},{"@type":"ListItem","position":2,"name":"Alto acatamiento a la Jornada de Paro de 72 horas en la UNAJ"}]},{"@type":"WebSite","@id":"https:\/\/diarioprincipios.com\/#website","url":"https:\/\/diarioprincipios.com\/","name":"Principios","description":"Principios Diario","publisher":{"@id":"https:\/\/diarioprincipios.com\/#organization"},"potentialAction":[{"@type":"SearchAction","target":{"@type":"EntryPoint","urlTemplate":"https:\/\/diarioprincipios.com\/?s={search_term_string}"},"query-input":{"@type":"PropertyValueSpecification","valueRequired":true,"valueName":"search_term_string"}}],"inLanguage":"es"},{"@type":"Organization","@id":"https:\/\/diarioprincipios.com\/#organization","name":"Principios","url":"https:\/\/diarioprincipios.com\/","logo":{"@type":"ImageObject","inLanguage":"es","@id":"https:\/\/diarioprincipios.com\/#\/schema\/logo\/image\/","url":"https:\/\/diarioprincipios.com\/wp-content\/uploads\/2024\/04\/cropped-www.diarioprincipios.com_-1.png","contentUrl":"https:\/\/diarioprincipios.com\/wp-content\/uploads\/2024\/04\/cropped-www.diarioprincipios.com_-1.png","width":5325,"height":1454,"caption":"Principios"},"image":{"@id":"https:\/\/diarioprincipios.com\/#\/schema\/logo\/image\/"}},{"@type":"Person","@id":"https:\/\/diarioprincipios.com\/#\/schema\/person\/436d5a1fd41a5e250e23ff5a6a7cb080","name":"Hern\u00e1n L\u00f3pez","image":{"@type":"ImageObject","inLanguage":"es","@id":"https:\/\/diarioprincipios.com\/wp-content\/litespeed\/avatar\/11ddfe5610ff3bd100522525b2571f48.jpg?ver=1777048341","url":"https:\/\/diarioprincipios.com\/wp-content\/litespeed\/avatar\/11ddfe5610ff3bd100522525b2571f48.jpg?ver=1777048341","contentUrl":"https:\/\/diarioprincipios.com\/wp-content\/litespeed\/avatar\/11ddfe5610ff3bd100522525b2571f48.jpg?ver=1777048341","caption":"Hern\u00e1n L\u00f3pez"},"url":"https:\/\/diarioprincipios.com\/index.php\/author\/hernan\/"}]}},"jetpack_featured_media_url":"https:\/\/diarioprincipios.com\/wp-content\/uploads\/2024\/08\/WhatsApp-Image-2024-08-12-at-11_24_32.jpeg","_links":{"self":[{"href":"https:\/\/diarioprincipios.com\/index.php\/wp-json\/wp\/v2\/posts\/22645","targetHints":{"allow":["GET"]}}],"collection":[{"href":"https:\/\/diarioprincipios.com\/index.php\/wp-json\/wp\/v2\/posts"}],"about":[{"href":"https:\/\/diarioprincipios.com\/index.php\/wp-json\/wp\/v2\/types\/post"}],"author":[{"embeddable":true,"href":"https:\/\/diarioprincipios.com\/index.php\/wp-json\/wp\/v2\/users\/2"}],"replies":[{"embeddable":true,"href":"https:\/\/diarioprincipios.com\/index.php\/wp-json\/wp\/v2\/comments?post=22645"}],"version-history":[{"count":3,"href":"https:\/\/diarioprincipios.com\/index.php\/wp-json\/wp\/v2\/posts\/22645\/revisions"}],"predecessor-version":[{"id":22651,"href":"https:\/\/diarioprincipios.com\/index.php\/wp-json\/wp\/v2\/posts\/22645\/revisions\/22651"}],"wp:featuredmedia":[{"embeddable":true,"href":"https:\/\/diarioprincipios.com\/index.php\/wp-json\/wp\/v2\/media\/22648"}],"wp:attachment":[{"href":"https:\/\/diarioprincipios.com\/index.php\/wp-json\/wp\/v2\/media?parent=22645"}],"wp:term":[{"taxonomy":"category","embeddable":true,"href":"https:\/\/diarioprincipios.com\/index.php\/wp-json\/wp\/v2\/categories?post=22645"},{"taxonomy":"post_tag","embeddable":true,"href":"https:\/\/diarioprincipios.com\/index.php\/wp-json\/wp\/v2\/tags?post=22645"}],"curies":[{"name":"wp","href":"https:\/\/api.w.org\/{rel}","templated":true}]}}