{"id":22642,"date":"2024-08-12T11:32:13","date_gmt":"2024-08-12T14:32:13","guid":{"rendered":"http:\/\/diarioprincipios.com\/?p=22642"},"modified":"2024-08-12T11:32:16","modified_gmt":"2024-08-12T14:32:16","slug":"dia-del-nino-en-el-cirque-xxi-para-los-hijos-de-los-afiliados-al-stmb","status":"publish","type":"post","link":"https:\/\/diarioprincipios.com\/index.php\/2024\/08\/12\/dia-del-nino-en-el-cirque-xxi-para-los-hijos-de-los-afiliados-al-stmb\/","title":{"rendered":"D\u00eda del Ni\u00f1o en el Cirque XXI para los hijos de los afiliados al STMB"},"content":{"rendered":"\n<p>Los \u00abmunicipalitos\u00bb ( hijos de los afiliados al Sindicato de Trabajadores Municipales de Berazategui) podr\u00e1n disfrutar en el Cirque XXI &#8211; El Circo del Bicho G\u00f3mez, de dos funciones exclusivas programadas para el domingo 1 de Setiembre.<\/p>\n\n\n\n<p>\u00abDesde el pr\u00f3ximo jueves 15 y hasta el viernes 30 de Agosto los esperamos en nuestra sede gremial de 9 a 15 horas para que retiren sus pulseras de acceso\u00bb, anunciaron desde el gremio.<\/p>\n\n\n\n<p>Todos aquellos afiliados podr\u00e1n obtenerlas con el \u00faltimo recibo de haberes y el DNI de los ni\u00f1os (hasta 14 a\u00f1os)<\/p>\n\n\n\n<p>\ud83d\udcc5 Domingo 1\u00b0 de septiembre de 2024.<br>\ud83d\udd51 Primera Funci\u00f3n (pulsera color amarillo) inicia a las 14 hs.<br>\ud83d\udd53 Segunda Funci\u00f3n (pulsera color fucsia) inicia a las 17 hs.<br>Los cupos son limitados. La entrega es por orden de llegada, una vez completado el aforo de la primera funci\u00f3n comienza la entrega de la segunda.<br>\ud83c\udfaa Lugar: Parque Avellaneda Shopping (ex Auchan).<br>\ud83d\udccdAutopista Bs. As. &#8211; La Plata Km. 9, Avellaneda.<br>\u26c8 No se suspende por lluvia.<br>Gabriel Carril Campusano, secretario general del STMB destac\u00f3 que \u00abpese a las crisis y las dificultades los compromisos hay que honrrarlos y nosotros hemos asumido hace ya muchos a\u00f1os el de agasajar a nuestros municipalitos en el D\u00eda del Ni\u00f1o, este a\u00f1o no ser\u00e1 la excepci\u00f3n\u00bb.<br>Por \u00faltimo indic\u00f3 que \u00abhacemos un esfuerzo enorme pero estamos convencidos de que con una buena gesti\u00f3n siempre se pueden obtener mejores resultados, tambi\u00e9n debemos agradecer al municipio por su cumplimiento en todo lo acordado para los Municipales eso es vital para luego con una gesti\u00f3n ordenada nosotros desde el gremio seguir sumando beneficios para el trabajador municipal y su familia\u00bb.<\/p>\n\n\n\n<p>El STMB una vez m\u00e1s celebrar\u00e1 junto a sus afiliados en un d\u00eda especial dedicado a la alegr\u00eda y la magia de la infancia.<\/p>\n","protected":false},"excerpt":{"rendered":"<p>Los \u00abmunicipalitos\u00bb ( hijos de los afiliados al Sindicato de Trabajadores Municipales de Berazategui) podr\u00e1n disfrutar en el Cirque XXI &#8211; El Circo del Bicho G\u00f3mez, de dos funciones exclusivas programadas para el domingo 1 de Setiembre. \u00abDesde el pr\u00f3ximo jueves 15 y hasta el viernes 30 de Agosto los esperamos en nuestra sede gremial&#8230;<\/p>\n","protected":false},"author":2,"featured_media":22643,"comment_status":"open","ping_status":"open","sticky":false,"template":"","format":"standard","meta":{"footnotes":""},"categories":[3],"tags":[],"class_list":["post-22642","post","type-post","status-publish","format-standard","has-post-thumbnail","hentry","category-berazategui"],"featured_image_src":"https:\/\/diarioprincipios.com\/wp-content\/uploads\/2024\/08\/Screenshot_20240812_101903_WhatsApp-1024x1024.jpg","blog_images":{"medium":"https:\/\/diarioprincipios.com\/wp-content\/uploads\/2024\/08\/Screenshot_20240812_101903_WhatsApp-300x300.jpg","large":"https:\/\/diarioprincipios.com\/wp-content\/uploads\/2024\/08\/Screenshot_20240812_101903_WhatsApp-1024x1024.jpg"},"ams_acf":[],"yoast_head":"<!-- This site is optimized with the Yoast SEO plugin v27.3 - https:\/\/yoast.com\/product\/yoast-seo-wordpress\/ -->\n<title>D\u00eda del Ni\u00f1o en el Cirque XXI para los hijos de los afiliados al STMB - Principios<\/title>\n<meta name=\"robots\" content=\"index, follow, max-snippet:-1, max-image-preview:large, max-video-preview:-1\" \/>\n<link rel=\"canonical\" href=\"https:\/\/diarioprincipios.com\/index.php\/2024\/08\/12\/dia-del-nino-en-el-cirque-xxi-para-los-hijos-de-los-afiliados-al-stmb\/\" \/>\n<meta property=\"og:locale\" content=\"es_ES\" \/>\n<meta property=\"og:type\" content=\"article\" \/>\n<meta property=\"og:title\" content=\"D\u00eda del Ni\u00f1o en el Cirque XXI para los hijos de los afiliados al STMB - Principios\" \/>\n<meta property=\"og:description\" content=\"Los \u00abmunicipalitos\u00bb ( hijos de los afiliados al Sindicato de Trabajadores Municipales de Berazategui) podr\u00e1n disfrutar en el Cirque XXI &#8211; El Circo del Bicho G\u00f3mez, de dos funciones exclusivas programadas para el domingo 1 de Setiembre. \u00abDesde el pr\u00f3ximo jueves 15 y hasta el viernes 30 de Agosto los esperamos en nuestra sede gremial...\" \/>\n<meta property=\"og:url\" content=\"https:\/\/diarioprincipios.com\/index.php\/2024\/08\/12\/dia-del-nino-en-el-cirque-xxi-para-los-hijos-de-los-afiliados-al-stmb\/\" \/>\n<meta property=\"og:site_name\" content=\"Principios\" \/>\n<meta property=\"article:published_time\" content=\"2024-08-12T14:32:13+00:00\" \/>\n<meta property=\"article:modified_time\" content=\"2024-08-12T14:32:16+00:00\" \/>\n<meta property=\"og:image\" content=\"https:\/\/diarioprincipios.com\/wp-content\/uploads\/2024\/08\/Screenshot_20240812_101903_WhatsApp.jpg\" \/>\n\t<meta property=\"og:image:width\" content=\"1078\" \/>\n\t<meta property=\"og:image:height\" content=\"1078\" \/>\n\t<meta property=\"og:image:type\" content=\"image\/jpeg\" \/>\n<meta name=\"author\" content=\"Hern\u00e1n L\u00f3pez\" \/>\n<meta name=\"twitter:card\" content=\"summary_large_image\" \/>\n<meta name=\"twitter:label1\" content=\"Escrito por\" \/>\n\t<meta name=\"twitter:data1\" content=\"Hern\u00e1n L\u00f3pez\" \/>\n\t<meta name=\"twitter:label2\" content=\"Tiempo de lectura\" \/>\n\t<meta name=\"twitter:data2\" content=\"2 minutos\" \/>\n<script type=\"application\/ld+json\" class=\"yoast-schema-graph\">{\"@context\":\"https:\\\/\\\/schema.org\",\"@graph\":[{\"@type\":\"Article\",\"@id\":\"https:\\\/\\\/diarioprincipios.com\\\/index.php\\\/2024\\\/08\\\/12\\\/dia-del-nino-en-el-cirque-xxi-para-los-hijos-de-los-afiliados-al-stmb\\\/#article\",\"isPartOf\":{\"@id\":\"https:\\\/\\\/diarioprincipios.com\\\/index.php\\\/2024\\\/08\\\/12\\\/dia-del-nino-en-el-cirque-xxi-para-los-hijos-de-los-afiliados-al-stmb\\\/\"},\"author\":{\"name\":\"Hern\u00e1n L\u00f3pez\",\"@id\":\"https:\\\/\\\/diarioprincipios.com\\\/#\\\/schema\\\/person\\\/436d5a1fd41a5e250e23ff5a6a7cb080\"},\"headline\":\"D\u00eda del Ni\u00f1o en el Cirque XXI para los hijos de los afiliados al STMB\",\"datePublished\":\"2024-08-12T14:32:13+00:00\",\"dateModified\":\"2024-08-12T14:32:16+00:00\",\"mainEntityOfPage\":{\"@id\":\"https:\\\/\\\/diarioprincipios.com\\\/index.php\\\/2024\\\/08\\\/12\\\/dia-del-nino-en-el-cirque-xxi-para-los-hijos-de-los-afiliados-al-stmb\\\/\"},\"wordCount\":319,\"commentCount\":0,\"publisher\":{\"@id\":\"https:\\\/\\\/diarioprincipios.com\\\/#organization\"},\"image\":{\"@id\":\"https:\\\/\\\/diarioprincipios.com\\\/index.php\\\/2024\\\/08\\\/12\\\/dia-del-nino-en-el-cirque-xxi-para-los-hijos-de-los-afiliados-al-stmb\\\/#primaryimage\"},\"thumbnailUrl\":\"https:\\\/\\\/diarioprincipios.com\\\/wp-content\\\/uploads\\\/2024\\\/08\\\/Screenshot_20240812_101903_WhatsApp.jpg\",\"articleSection\":[\"Berazategui\"],\"inLanguage\":\"es\",\"potentialAction\":[{\"@type\":\"CommentAction\",\"name\":\"Comment\",\"target\":[\"https:\\\/\\\/diarioprincipios.com\\\/index.php\\\/2024\\\/08\\\/12\\\/dia-del-nino-en-el-cirque-xxi-para-los-hijos-de-los-afiliados-al-stmb\\\/#respond\"]}]},{\"@type\":\"WebPage\",\"@id\":\"https:\\\/\\\/diarioprincipios.com\\\/index.php\\\/2024\\\/08\\\/12\\\/dia-del-nino-en-el-cirque-xxi-para-los-hijos-de-los-afiliados-al-stmb\\\/\",\"url\":\"https:\\\/\\\/diarioprincipios.com\\\/index.php\\\/2024\\\/08\\\/12\\\/dia-del-nino-en-el-cirque-xxi-para-los-hijos-de-los-afiliados-al-stmb\\\/\",\"name\":\"D\u00eda del Ni\u00f1o en el Cirque XXI para los hijos de los afiliados al STMB - Principios\",\"isPartOf\":{\"@id\":\"https:\\\/\\\/diarioprincipios.com\\\/#website\"},\"primaryImageOfPage\":{\"@id\":\"https:\\\/\\\/diarioprincipios.com\\\/index.php\\\/2024\\\/08\\\/12\\\/dia-del-nino-en-el-cirque-xxi-para-los-hijos-de-los-afiliados-al-stmb\\\/#primaryimage\"},\"image\":{\"@id\":\"https:\\\/\\\/diarioprincipios.com\\\/index.php\\\/2024\\\/08\\\/12\\\/dia-del-nino-en-el-cirque-xxi-para-los-hijos-de-los-afiliados-al-stmb\\\/#primaryimage\"},\"thumbnailUrl\":\"https:\\\/\\\/diarioprincipios.com\\\/wp-content\\\/uploads\\\/2024\\\/08\\\/Screenshot_20240812_101903_WhatsApp.jpg\",\"datePublished\":\"2024-08-12T14:32:13+00:00\",\"dateModified\":\"2024-08-12T14:32:16+00:00\",\"breadcrumb\":{\"@id\":\"https:\\\/\\\/diarioprincipios.com\\\/index.php\\\/2024\\\/08\\\/12\\\/dia-del-nino-en-el-cirque-xxi-para-los-hijos-de-los-afiliados-al-stmb\\\/#breadcrumb\"},\"inLanguage\":\"es\",\"potentialAction\":[{\"@type\":\"ReadAction\",\"target\":[\"https:\\\/\\\/diarioprincipios.com\\\/index.php\\\/2024\\\/08\\\/12\\\/dia-del-nino-en-el-cirque-xxi-para-los-hijos-de-los-afiliados-al-stmb\\\/\"]}]},{\"@type\":\"ImageObject\",\"inLanguage\":\"es\",\"@id\":\"https:\\\/\\\/diarioprincipios.com\\\/index.php\\\/2024\\\/08\\\/12\\\/dia-del-nino-en-el-cirque-xxi-para-los-hijos-de-los-afiliados-al-stmb\\\/#primaryimage\",\"url\":\"https:\\\/\\\/diarioprincipios.com\\\/wp-content\\\/uploads\\\/2024\\\/08\\\/Screenshot_20240812_101903_WhatsApp.jpg\",\"contentUrl\":\"https:\\\/\\\/diarioprincipios.com\\\/wp-content\\\/uploads\\\/2024\\\/08\\\/Screenshot_20240812_101903_WhatsApp.jpg\",\"width\":1078,\"height\":1078},{\"@type\":\"BreadcrumbList\",\"@id\":\"https:\\\/\\\/diarioprincipios.com\\\/index.php\\\/2024\\\/08\\\/12\\\/dia-del-nino-en-el-cirque-xxi-para-los-hijos-de-los-afiliados-al-stmb\\\/#breadcrumb\",\"itemListElement\":[{\"@type\":\"ListItem\",\"position\":1,\"name\":\"Portada\",\"item\":\"https:\\\/\\\/diarioprincipios.com\\\/\"},{\"@type\":\"ListItem\",\"position\":2,\"name\":\"D\u00eda del Ni\u00f1o en el Cirque XXI para los hijos de los afiliados al STMB\"}]},{\"@type\":\"WebSite\",\"@id\":\"https:\\\/\\\/diarioprincipios.com\\\/#website\",\"url\":\"https:\\\/\\\/diarioprincipios.com\\\/\",\"name\":\"Principios\",\"description\":\"Principios Diario\",\"publisher\":{\"@id\":\"https:\\\/\\\/diarioprincipios.com\\\/#organization\"},\"potentialAction\":[{\"@type\":\"SearchAction\",\"target\":{\"@type\":\"EntryPoint\",\"urlTemplate\":\"https:\\\/\\\/diarioprincipios.com\\\/?s={search_term_string}\"},\"query-input\":{\"@type\":\"PropertyValueSpecification\",\"valueRequired\":true,\"valueName\":\"search_term_string\"}}],\"inLanguage\":\"es\"},{\"@type\":\"Organization\",\"@id\":\"https:\\\/\\\/diarioprincipios.com\\\/#organization\",\"name\":\"Principios\",\"url\":\"https:\\\/\\\/diarioprincipios.com\\\/\",\"logo\":{\"@type\":\"ImageObject\",\"inLanguage\":\"es\",\"@id\":\"https:\\\/\\\/diarioprincipios.com\\\/#\\\/schema\\\/logo\\\/image\\\/\",\"url\":\"https:\\\/\\\/diarioprincipios.com\\\/wp-content\\\/uploads\\\/2024\\\/04\\\/cropped-www.diarioprincipios.com_-1.png\",\"contentUrl\":\"https:\\\/\\\/diarioprincipios.com\\\/wp-content\\\/uploads\\\/2024\\\/04\\\/cropped-www.diarioprincipios.com_-1.png\",\"width\":5325,\"height\":1454,\"caption\":\"Principios\"},\"image\":{\"@id\":\"https:\\\/\\\/diarioprincipios.com\\\/#\\\/schema\\\/logo\\\/image\\\/\"}},{\"@type\":\"Person\",\"@id\":\"https:\\\/\\\/diarioprincipios.com\\\/#\\\/schema\\\/person\\\/436d5a1fd41a5e250e23ff5a6a7cb080\",\"name\":\"Hern\u00e1n L\u00f3pez\",\"image\":{\"@type\":\"ImageObject\",\"inLanguage\":\"es\",\"@id\":\"https:\\\/\\\/diarioprincipios.com\\\/wp-content\\\/litespeed\\\/avatar\\\/11ddfe5610ff3bd100522525b2571f48.jpg?ver=1777048341\",\"url\":\"https:\\\/\\\/diarioprincipios.com\\\/wp-content\\\/litespeed\\\/avatar\\\/11ddfe5610ff3bd100522525b2571f48.jpg?ver=1777048341\",\"contentUrl\":\"https:\\\/\\\/diarioprincipios.com\\\/wp-content\\\/litespeed\\\/avatar\\\/11ddfe5610ff3bd100522525b2571f48.jpg?ver=1777048341\",\"caption\":\"Hern\u00e1n L\u00f3pez\"},\"url\":\"https:\\\/\\\/diarioprincipios.com\\\/index.php\\\/author\\\/hernan\\\/\"}]}<\/script>\n<!-- \/ Yoast SEO plugin. -->","yoast_head_json":{"title":"D\u00eda del Ni\u00f1o en el Cirque XXI para los hijos de los afiliados al STMB - Principios","robots":{"index":"index","follow":"follow","max-snippet":"max-snippet:-1","max-image-preview":"max-image-preview:large","max-video-preview":"max-video-preview:-1"},"canonical":"https:\/\/diarioprincipios.com\/index.php\/2024\/08\/12\/dia-del-nino-en-el-cirque-xxi-para-los-hijos-de-los-afiliados-al-stmb\/","og_locale":"es_ES","og_type":"article","og_title":"D\u00eda del Ni\u00f1o en el Cirque XXI para los hijos de los afiliados al STMB - Principios","og_description":"Los \u00abmunicipalitos\u00bb ( hijos de los afiliados al Sindicato de Trabajadores Municipales de Berazategui) podr\u00e1n disfrutar en el Cirque XXI &#8211; El Circo del Bicho G\u00f3mez, de dos funciones exclusivas programadas para el domingo 1 de Setiembre. \u00abDesde el pr\u00f3ximo jueves 15 y hasta el viernes 30 de Agosto los esperamos en nuestra sede gremial...","og_url":"https:\/\/diarioprincipios.com\/index.php\/2024\/08\/12\/dia-del-nino-en-el-cirque-xxi-para-los-hijos-de-los-afiliados-al-stmb\/","og_site_name":"Principios","article_published_time":"2024-08-12T14:32:13+00:00","article_modified_time":"2024-08-12T14:32:16+00:00","og_image":[{"width":1078,"height":1078,"url":"https:\/\/diarioprincipios.com\/wp-content\/uploads\/2024\/08\/Screenshot_20240812_101903_WhatsApp.jpg","type":"image\/jpeg"}],"author":"Hern\u00e1n L\u00f3pez","twitter_card":"summary_large_image","twitter_misc":{"Escrito por":"Hern\u00e1n L\u00f3pez","Tiempo de lectura":"2 minutos"},"schema":{"@context":"https:\/\/schema.org","@graph":[{"@type":"Article","@id":"https:\/\/diarioprincipios.com\/index.php\/2024\/08\/12\/dia-del-nino-en-el-cirque-xxi-para-los-hijos-de-los-afiliados-al-stmb\/#article","isPartOf":{"@id":"https:\/\/diarioprincipios.com\/index.php\/2024\/08\/12\/dia-del-nino-en-el-cirque-xxi-para-los-hijos-de-los-afiliados-al-stmb\/"},"author":{"name":"Hern\u00e1n L\u00f3pez","@id":"https:\/\/diarioprincipios.com\/#\/schema\/person\/436d5a1fd41a5e250e23ff5a6a7cb080"},"headline":"D\u00eda del Ni\u00f1o en el Cirque XXI para los hijos de los afiliados al STMB","datePublished":"2024-08-12T14:32:13+00:00","dateModified":"2024-08-12T14:32:16+00:00","mainEntityOfPage":{"@id":"https:\/\/diarioprincipios.com\/index.php\/2024\/08\/12\/dia-del-nino-en-el-cirque-xxi-para-los-hijos-de-los-afiliados-al-stmb\/"},"wordCount":319,"commentCount":0,"publisher":{"@id":"https:\/\/diarioprincipios.com\/#organization"},"image":{"@id":"https:\/\/diarioprincipios.com\/index.php\/2024\/08\/12\/dia-del-nino-en-el-cirque-xxi-para-los-hijos-de-los-afiliados-al-stmb\/#primaryimage"},"thumbnailUrl":"https:\/\/diarioprincipios.com\/wp-content\/uploads\/2024\/08\/Screenshot_20240812_101903_WhatsApp.jpg","articleSection":["Berazategui"],"inLanguage":"es","potentialAction":[{"@type":"CommentAction","name":"Comment","target":["https:\/\/diarioprincipios.com\/index.php\/2024\/08\/12\/dia-del-nino-en-el-cirque-xxi-para-los-hijos-de-los-afiliados-al-stmb\/#respond"]}]},{"@type":"WebPage","@id":"https:\/\/diarioprincipios.com\/index.php\/2024\/08\/12\/dia-del-nino-en-el-cirque-xxi-para-los-hijos-de-los-afiliados-al-stmb\/","url":"https:\/\/diarioprincipios.com\/index.php\/2024\/08\/12\/dia-del-nino-en-el-cirque-xxi-para-los-hijos-de-los-afiliados-al-stmb\/","name":"D\u00eda del Ni\u00f1o en el Cirque XXI para los hijos de los afiliados al STMB - Principios","isPartOf":{"@id":"https:\/\/diarioprincipios.com\/#website"},"primaryImageOfPage":{"@id":"https:\/\/diarioprincipios.com\/index.php\/2024\/08\/12\/dia-del-nino-en-el-cirque-xxi-para-los-hijos-de-los-afiliados-al-stmb\/#primaryimage"},"image":{"@id":"https:\/\/diarioprincipios.com\/index.php\/2024\/08\/12\/dia-del-nino-en-el-cirque-xxi-para-los-hijos-de-los-afiliados-al-stmb\/#primaryimage"},"thumbnailUrl":"https:\/\/diarioprincipios.com\/wp-content\/uploads\/2024\/08\/Screenshot_20240812_101903_WhatsApp.jpg","datePublished":"2024-08-12T14:32:13+00:00","dateModified":"2024-08-12T14:32:16+00:00","breadcrumb":{"@id":"https:\/\/diarioprincipios.com\/index.php\/2024\/08\/12\/dia-del-nino-en-el-cirque-xxi-para-los-hijos-de-los-afiliados-al-stmb\/#breadcrumb"},"inLanguage":"es","potentialAction":[{"@type":"ReadAction","target":["https:\/\/diarioprincipios.com\/index.php\/2024\/08\/12\/dia-del-nino-en-el-cirque-xxi-para-los-hijos-de-los-afiliados-al-stmb\/"]}]},{"@type":"ImageObject","inLanguage":"es","@id":"https:\/\/diarioprincipios.com\/index.php\/2024\/08\/12\/dia-del-nino-en-el-cirque-xxi-para-los-hijos-de-los-afiliados-al-stmb\/#primaryimage","url":"https:\/\/diarioprincipios.com\/wp-content\/uploads\/2024\/08\/Screenshot_20240812_101903_WhatsApp.jpg","contentUrl":"https:\/\/diarioprincipios.com\/wp-content\/uploads\/2024\/08\/Screenshot_20240812_101903_WhatsApp.jpg","width":1078,"height":1078},{"@type":"BreadcrumbList","@id":"https:\/\/diarioprincipios.com\/index.php\/2024\/08\/12\/dia-del-nino-en-el-cirque-xxi-para-los-hijos-de-los-afiliados-al-stmb\/#breadcrumb","itemListElement":[{"@type":"ListItem","position":1,"name":"Portada","item":"https:\/\/diarioprincipios.com\/"},{"@type":"ListItem","position":2,"name":"D\u00eda del Ni\u00f1o en el Cirque XXI para los hijos de los afiliados al STMB"}]},{"@type":"WebSite","@id":"https:\/\/diarioprincipios.com\/#website","url":"https:\/\/diarioprincipios.com\/","name":"Principios","description":"Principios Diario","publisher":{"@id":"https:\/\/diarioprincipios.com\/#organization"},"potentialAction":[{"@type":"SearchAction","target":{"@type":"EntryPoint","urlTemplate":"https:\/\/diarioprincipios.com\/?s={search_term_string}"},"query-input":{"@type":"PropertyValueSpecification","valueRequired":true,"valueName":"search_term_string"}}],"inLanguage":"es"},{"@type":"Organization","@id":"https:\/\/diarioprincipios.com\/#organization","name":"Principios","url":"https:\/\/diarioprincipios.com\/","logo":{"@type":"ImageObject","inLanguage":"es","@id":"https:\/\/diarioprincipios.com\/#\/schema\/logo\/image\/","url":"https:\/\/diarioprincipios.com\/wp-content\/uploads\/2024\/04\/cropped-www.diarioprincipios.com_-1.png","contentUrl":"https:\/\/diarioprincipios.com\/wp-content\/uploads\/2024\/04\/cropped-www.diarioprincipios.com_-1.png","width":5325,"height":1454,"caption":"Principios"},"image":{"@id":"https:\/\/diarioprincipios.com\/#\/schema\/logo\/image\/"}},{"@type":"Person","@id":"https:\/\/diarioprincipios.com\/#\/schema\/person\/436d5a1fd41a5e250e23ff5a6a7cb080","name":"Hern\u00e1n L\u00f3pez","image":{"@type":"ImageObject","inLanguage":"es","@id":"https:\/\/diarioprincipios.com\/wp-content\/litespeed\/avatar\/11ddfe5610ff3bd100522525b2571f48.jpg?ver=1777048341","url":"https:\/\/diarioprincipios.com\/wp-content\/litespeed\/avatar\/11ddfe5610ff3bd100522525b2571f48.jpg?ver=1777048341","contentUrl":"https:\/\/diarioprincipios.com\/wp-content\/litespeed\/avatar\/11ddfe5610ff3bd100522525b2571f48.jpg?ver=1777048341","caption":"Hern\u00e1n L\u00f3pez"},"url":"https:\/\/diarioprincipios.com\/index.php\/author\/hernan\/"}]}},"jetpack_featured_media_url":"https:\/\/diarioprincipios.com\/wp-content\/uploads\/2024\/08\/Screenshot_20240812_101903_WhatsApp.jpg","_links":{"self":[{"href":"https:\/\/diarioprincipios.com\/index.php\/wp-json\/wp\/v2\/posts\/22642","targetHints":{"allow":["GET"]}}],"collection":[{"href":"https:\/\/diarioprincipios.com\/index.php\/wp-json\/wp\/v2\/posts"}],"about":[{"href":"https:\/\/diarioprincipios.com\/index.php\/wp-json\/wp\/v2\/types\/post"}],"author":[{"embeddable":true,"href":"https:\/\/diarioprincipios.com\/index.php\/wp-json\/wp\/v2\/users\/2"}],"replies":[{"embeddable":true,"href":"https:\/\/diarioprincipios.com\/index.php\/wp-json\/wp\/v2\/comments?post=22642"}],"version-history":[{"count":1,"href":"https:\/\/diarioprincipios.com\/index.php\/wp-json\/wp\/v2\/posts\/22642\/revisions"}],"predecessor-version":[{"id":22644,"href":"https:\/\/diarioprincipios.com\/index.php\/wp-json\/wp\/v2\/posts\/22642\/revisions\/22644"}],"wp:featuredmedia":[{"embeddable":true,"href":"https:\/\/diarioprincipios.com\/index.php\/wp-json\/wp\/v2\/media\/22643"}],"wp:attachment":[{"href":"https:\/\/diarioprincipios.com\/index.php\/wp-json\/wp\/v2\/media?parent=22642"}],"wp:term":[{"taxonomy":"category","embeddable":true,"href":"https:\/\/diarioprincipios.com\/index.php\/wp-json\/wp\/v2\/categories?post=22642"},{"taxonomy":"post_tag","embeddable":true,"href":"https:\/\/diarioprincipios.com\/index.php\/wp-json\/wp\/v2\/tags?post=22642"}],"curies":[{"name":"wp","href":"https:\/\/api.w.org\/{rel}","templated":true}]}}