{"id":22628,"date":"2024-08-09T12:42:29","date_gmt":"2024-08-09T15:42:29","guid":{"rendered":"http:\/\/diarioprincipios.com\/?p=22628"},"modified":"2024-08-09T12:42:31","modified_gmt":"2024-08-09T15:42:31","slug":"jornada-consular-integral-de-bolivia-en-ezpeleta","status":"publish","type":"post","link":"https:\/\/diarioprincipios.com\/index.php\/2024\/08\/09\/jornada-consular-integral-de-bolivia-en-ezpeleta\/","title":{"rendered":"Jornada Consular Integral de Bolivia en Ezpeleta"},"content":{"rendered":"\n<p>La actividad es impulsada desde la Direcci\u00f3n General de Relaciones Institucionales comunal, a partir de un trabajo en conjunto con el Viceconsulado de Bolivia en La Plata, el Servicio General de Identificaci\u00f3n Personal (SEGIP) y las organizaciones bolivianas del distrito.<\/p>\n\n\n\n<p>La jornada es organizada en el marco de la celebraci\u00f3n del D\u00eda de la Independencia de Bolivia. Durante la misma la Direcci\u00f3n de Migrantes ofrecer\u00e1 la atenci\u00f3n personalizada en tr\u00e1mites de radicaci\u00f3n, asesoramiento jubilatorio, consultas, entre otros. Por su parte el Viceconsulado de Bolivia en La Plata y SEGIP llevar\u00e1n a cabo la tramitaci\u00f3n de la renovaci\u00f3n de c\u00e9dula de identidad, antecedentes penales, certificados de nacimiento, matrimonio y defunci\u00f3n, y doble nacionalidad a menores de 12 a\u00f1os.<\/p>\n\n\n\n<p>El evento contar\u00e1 con shows art\u00edsticos y gazebos gastron\u00f3micos de comida t\u00edpica por parte de la Asociaci\u00f3n Plurinacional y emprendedoras de la comunidad boliviana del programa local Ra\u00edces.<br><br>A la actualidad, se realizaron 14 jornadas de este tipo, cuyo objetivo es acercar las distintas representaciones consulares al distrito y garantizar el acceso a derechos a las colectividades migrantes de Quilmes.<br><br>Quienes est\u00e9n interesados en solicitar informaci\u00f3n sobre el consulado o sacar un turno, deber\u00e1n inscribirse mediante el WhatsApp 11-6273-4744 de la Direcci\u00f3n de Migrantes municipal.<\/p>\n","protected":false},"excerpt":{"rendered":"<p>La actividad es impulsada desde la Direcci\u00f3n General de Relaciones Institucionales comunal, a partir de un trabajo en conjunto con el Viceconsulado de Bolivia en La Plata, el Servicio General de Identificaci\u00f3n Personal (SEGIP) y las organizaciones bolivianas del distrito. La jornada es organizada en el marco de la celebraci\u00f3n del D\u00eda de la Independencia&#8230;<\/p>\n","protected":false},"author":2,"featured_media":22629,"comment_status":"open","ping_status":"open","sticky":false,"template":"","format":"standard","meta":{"footnotes":""},"categories":[4,17],"tags":[],"class_list":["post-22628","post","type-post","status-publish","format-standard","has-post-thumbnail","hentry","category-quilmes","category-zona-sur"],"featured_image_src":"https:\/\/diarioprincipios.com\/wp-content\/uploads\/2024\/08\/JORNADA-CONSULAR-INTEGRAL-DE-BOLIVIA-EN-QUILMES-1-1024x582.jpeg","blog_images":{"medium":"https:\/\/diarioprincipios.com\/wp-content\/uploads\/2024\/08\/JORNADA-CONSULAR-INTEGRAL-DE-BOLIVIA-EN-QUILMES-1-300x171.jpeg","large":"https:\/\/diarioprincipios.com\/wp-content\/uploads\/2024\/08\/JORNADA-CONSULAR-INTEGRAL-DE-BOLIVIA-EN-QUILMES-1-1024x582.jpeg"},"ams_acf":[],"yoast_head":"<!-- This site is optimized with the Yoast SEO plugin v27.3 - https:\/\/yoast.com\/product\/yoast-seo-wordpress\/ -->\n<title>Jornada Consular Integral de Bolivia en Ezpeleta - Principios<\/title>\n<meta name=\"robots\" content=\"index, follow, max-snippet:-1, max-image-preview:large, max-video-preview:-1\" \/>\n<link rel=\"canonical\" href=\"https:\/\/diarioprincipios.com\/index.php\/2024\/08\/09\/jornada-consular-integral-de-bolivia-en-ezpeleta\/\" \/>\n<meta property=\"og:locale\" content=\"es_ES\" \/>\n<meta property=\"og:type\" content=\"article\" \/>\n<meta property=\"og:title\" content=\"Jornada Consular Integral de Bolivia en Ezpeleta - Principios\" \/>\n<meta property=\"og:description\" content=\"La actividad es impulsada desde la Direcci\u00f3n General de Relaciones Institucionales comunal, a partir de un trabajo en conjunto con el Viceconsulado de Bolivia en La Plata, el Servicio General de Identificaci\u00f3n Personal (SEGIP) y las organizaciones bolivianas del distrito. La jornada es organizada en el marco de la celebraci\u00f3n del D\u00eda de la Independencia...\" \/>\n<meta property=\"og:url\" content=\"https:\/\/diarioprincipios.com\/index.php\/2024\/08\/09\/jornada-consular-integral-de-bolivia-en-ezpeleta\/\" \/>\n<meta property=\"og:site_name\" content=\"Principios\" \/>\n<meta property=\"article:published_time\" content=\"2024-08-09T15:42:29+00:00\" \/>\n<meta property=\"article:modified_time\" content=\"2024-08-09T15:42:31+00:00\" \/>\n<meta property=\"og:image\" content=\"https:\/\/diarioprincipios.com\/wp-content\/uploads\/2024\/08\/JORNADA-CONSULAR-INTEGRAL-DE-BOLIVIA-EN-QUILMES-1.jpeg\" \/>\n\t<meta property=\"og:image:width\" content=\"1062\" \/>\n\t<meta property=\"og:image:height\" content=\"604\" \/>\n\t<meta property=\"og:image:type\" content=\"image\/jpeg\" \/>\n<meta name=\"author\" content=\"Hern\u00e1n L\u00f3pez\" \/>\n<meta name=\"twitter:card\" content=\"summary_large_image\" \/>\n<meta name=\"twitter:label1\" content=\"Escrito por\" \/>\n\t<meta name=\"twitter:data1\" content=\"Hern\u00e1n L\u00f3pez\" \/>\n\t<meta name=\"twitter:label2\" content=\"Tiempo de lectura\" \/>\n\t<meta name=\"twitter:data2\" content=\"2 minutos\" \/>\n<script type=\"application\/ld+json\" class=\"yoast-schema-graph\">{\"@context\":\"https:\\\/\\\/schema.org\",\"@graph\":[{\"@type\":\"Article\",\"@id\":\"https:\\\/\\\/diarioprincipios.com\\\/index.php\\\/2024\\\/08\\\/09\\\/jornada-consular-integral-de-bolivia-en-ezpeleta\\\/#article\",\"isPartOf\":{\"@id\":\"https:\\\/\\\/diarioprincipios.com\\\/index.php\\\/2024\\\/08\\\/09\\\/jornada-consular-integral-de-bolivia-en-ezpeleta\\\/\"},\"author\":{\"name\":\"Hern\u00e1n L\u00f3pez\",\"@id\":\"https:\\\/\\\/diarioprincipios.com\\\/#\\\/schema\\\/person\\\/436d5a1fd41a5e250e23ff5a6a7cb080\"},\"headline\":\"Jornada Consular Integral de Bolivia en Ezpeleta\",\"datePublished\":\"2024-08-09T15:42:29+00:00\",\"dateModified\":\"2024-08-09T15:42:31+00:00\",\"mainEntityOfPage\":{\"@id\":\"https:\\\/\\\/diarioprincipios.com\\\/index.php\\\/2024\\\/08\\\/09\\\/jornada-consular-integral-de-bolivia-en-ezpeleta\\\/\"},\"wordCount\":231,\"commentCount\":0,\"publisher\":{\"@id\":\"https:\\\/\\\/diarioprincipios.com\\\/#organization\"},\"image\":{\"@id\":\"https:\\\/\\\/diarioprincipios.com\\\/index.php\\\/2024\\\/08\\\/09\\\/jornada-consular-integral-de-bolivia-en-ezpeleta\\\/#primaryimage\"},\"thumbnailUrl\":\"https:\\\/\\\/diarioprincipios.com\\\/wp-content\\\/uploads\\\/2024\\\/08\\\/JORNADA-CONSULAR-INTEGRAL-DE-BOLIVIA-EN-QUILMES-1.jpeg\",\"articleSection\":[\"Quilmes\",\"Zonar Sur\"],\"inLanguage\":\"es\",\"potentialAction\":[{\"@type\":\"CommentAction\",\"name\":\"Comment\",\"target\":[\"https:\\\/\\\/diarioprincipios.com\\\/index.php\\\/2024\\\/08\\\/09\\\/jornada-consular-integral-de-bolivia-en-ezpeleta\\\/#respond\"]}]},{\"@type\":\"WebPage\",\"@id\":\"https:\\\/\\\/diarioprincipios.com\\\/index.php\\\/2024\\\/08\\\/09\\\/jornada-consular-integral-de-bolivia-en-ezpeleta\\\/\",\"url\":\"https:\\\/\\\/diarioprincipios.com\\\/index.php\\\/2024\\\/08\\\/09\\\/jornada-consular-integral-de-bolivia-en-ezpeleta\\\/\",\"name\":\"Jornada Consular Integral de Bolivia en Ezpeleta - Principios\",\"isPartOf\":{\"@id\":\"https:\\\/\\\/diarioprincipios.com\\\/#website\"},\"primaryImageOfPage\":{\"@id\":\"https:\\\/\\\/diarioprincipios.com\\\/index.php\\\/2024\\\/08\\\/09\\\/jornada-consular-integral-de-bolivia-en-ezpeleta\\\/#primaryimage\"},\"image\":{\"@id\":\"https:\\\/\\\/diarioprincipios.com\\\/index.php\\\/2024\\\/08\\\/09\\\/jornada-consular-integral-de-bolivia-en-ezpeleta\\\/#primaryimage\"},\"thumbnailUrl\":\"https:\\\/\\\/diarioprincipios.com\\\/wp-content\\\/uploads\\\/2024\\\/08\\\/JORNADA-CONSULAR-INTEGRAL-DE-BOLIVIA-EN-QUILMES-1.jpeg\",\"datePublished\":\"2024-08-09T15:42:29+00:00\",\"dateModified\":\"2024-08-09T15:42:31+00:00\",\"breadcrumb\":{\"@id\":\"https:\\\/\\\/diarioprincipios.com\\\/index.php\\\/2024\\\/08\\\/09\\\/jornada-consular-integral-de-bolivia-en-ezpeleta\\\/#breadcrumb\"},\"inLanguage\":\"es\",\"potentialAction\":[{\"@type\":\"ReadAction\",\"target\":[\"https:\\\/\\\/diarioprincipios.com\\\/index.php\\\/2024\\\/08\\\/09\\\/jornada-consular-integral-de-bolivia-en-ezpeleta\\\/\"]}]},{\"@type\":\"ImageObject\",\"inLanguage\":\"es\",\"@id\":\"https:\\\/\\\/diarioprincipios.com\\\/index.php\\\/2024\\\/08\\\/09\\\/jornada-consular-integral-de-bolivia-en-ezpeleta\\\/#primaryimage\",\"url\":\"https:\\\/\\\/diarioprincipios.com\\\/wp-content\\\/uploads\\\/2024\\\/08\\\/JORNADA-CONSULAR-INTEGRAL-DE-BOLIVIA-EN-QUILMES-1.jpeg\",\"contentUrl\":\"https:\\\/\\\/diarioprincipios.com\\\/wp-content\\\/uploads\\\/2024\\\/08\\\/JORNADA-CONSULAR-INTEGRAL-DE-BOLIVIA-EN-QUILMES-1.jpeg\",\"width\":1062,\"height\":604},{\"@type\":\"BreadcrumbList\",\"@id\":\"https:\\\/\\\/diarioprincipios.com\\\/index.php\\\/2024\\\/08\\\/09\\\/jornada-consular-integral-de-bolivia-en-ezpeleta\\\/#breadcrumb\",\"itemListElement\":[{\"@type\":\"ListItem\",\"position\":1,\"name\":\"Portada\",\"item\":\"https:\\\/\\\/diarioprincipios.com\\\/\"},{\"@type\":\"ListItem\",\"position\":2,\"name\":\"Jornada Consular Integral de Bolivia en Ezpeleta\"}]},{\"@type\":\"WebSite\",\"@id\":\"https:\\\/\\\/diarioprincipios.com\\\/#website\",\"url\":\"https:\\\/\\\/diarioprincipios.com\\\/\",\"name\":\"Principios\",\"description\":\"Principios Diario\",\"publisher\":{\"@id\":\"https:\\\/\\\/diarioprincipios.com\\\/#organization\"},\"potentialAction\":[{\"@type\":\"SearchAction\",\"target\":{\"@type\":\"EntryPoint\",\"urlTemplate\":\"https:\\\/\\\/diarioprincipios.com\\\/?s={search_term_string}\"},\"query-input\":{\"@type\":\"PropertyValueSpecification\",\"valueRequired\":true,\"valueName\":\"search_term_string\"}}],\"inLanguage\":\"es\"},{\"@type\":\"Organization\",\"@id\":\"https:\\\/\\\/diarioprincipios.com\\\/#organization\",\"name\":\"Principios\",\"url\":\"https:\\\/\\\/diarioprincipios.com\\\/\",\"logo\":{\"@type\":\"ImageObject\",\"inLanguage\":\"es\",\"@id\":\"https:\\\/\\\/diarioprincipios.com\\\/#\\\/schema\\\/logo\\\/image\\\/\",\"url\":\"https:\\\/\\\/diarioprincipios.com\\\/wp-content\\\/uploads\\\/2024\\\/04\\\/cropped-www.diarioprincipios.com_-1.png\",\"contentUrl\":\"https:\\\/\\\/diarioprincipios.com\\\/wp-content\\\/uploads\\\/2024\\\/04\\\/cropped-www.diarioprincipios.com_-1.png\",\"width\":5325,\"height\":1454,\"caption\":\"Principios\"},\"image\":{\"@id\":\"https:\\\/\\\/diarioprincipios.com\\\/#\\\/schema\\\/logo\\\/image\\\/\"}},{\"@type\":\"Person\",\"@id\":\"https:\\\/\\\/diarioprincipios.com\\\/#\\\/schema\\\/person\\\/436d5a1fd41a5e250e23ff5a6a7cb080\",\"name\":\"Hern\u00e1n L\u00f3pez\",\"image\":{\"@type\":\"ImageObject\",\"inLanguage\":\"es\",\"@id\":\"https:\\\/\\\/diarioprincipios.com\\\/wp-content\\\/litespeed\\\/avatar\\\/11ddfe5610ff3bd100522525b2571f48.jpg?ver=1777048341\",\"url\":\"https:\\\/\\\/diarioprincipios.com\\\/wp-content\\\/litespeed\\\/avatar\\\/11ddfe5610ff3bd100522525b2571f48.jpg?ver=1777048341\",\"contentUrl\":\"https:\\\/\\\/diarioprincipios.com\\\/wp-content\\\/litespeed\\\/avatar\\\/11ddfe5610ff3bd100522525b2571f48.jpg?ver=1777048341\",\"caption\":\"Hern\u00e1n L\u00f3pez\"},\"url\":\"https:\\\/\\\/diarioprincipios.com\\\/index.php\\\/author\\\/hernan\\\/\"}]}<\/script>\n<!-- \/ Yoast SEO plugin. -->","yoast_head_json":{"title":"Jornada Consular Integral de Bolivia en Ezpeleta - Principios","robots":{"index":"index","follow":"follow","max-snippet":"max-snippet:-1","max-image-preview":"max-image-preview:large","max-video-preview":"max-video-preview:-1"},"canonical":"https:\/\/diarioprincipios.com\/index.php\/2024\/08\/09\/jornada-consular-integral-de-bolivia-en-ezpeleta\/","og_locale":"es_ES","og_type":"article","og_title":"Jornada Consular Integral de Bolivia en Ezpeleta - Principios","og_description":"La actividad es impulsada desde la Direcci\u00f3n General de Relaciones Institucionales comunal, a partir de un trabajo en conjunto con el Viceconsulado de Bolivia en La Plata, el Servicio General de Identificaci\u00f3n Personal (SEGIP) y las organizaciones bolivianas del distrito. La jornada es organizada en el marco de la celebraci\u00f3n del D\u00eda de la Independencia...","og_url":"https:\/\/diarioprincipios.com\/index.php\/2024\/08\/09\/jornada-consular-integral-de-bolivia-en-ezpeleta\/","og_site_name":"Principios","article_published_time":"2024-08-09T15:42:29+00:00","article_modified_time":"2024-08-09T15:42:31+00:00","og_image":[{"width":1062,"height":604,"url":"https:\/\/diarioprincipios.com\/wp-content\/uploads\/2024\/08\/JORNADA-CONSULAR-INTEGRAL-DE-BOLIVIA-EN-QUILMES-1.jpeg","type":"image\/jpeg"}],"author":"Hern\u00e1n L\u00f3pez","twitter_card":"summary_large_image","twitter_misc":{"Escrito por":"Hern\u00e1n L\u00f3pez","Tiempo de lectura":"2 minutos"},"schema":{"@context":"https:\/\/schema.org","@graph":[{"@type":"Article","@id":"https:\/\/diarioprincipios.com\/index.php\/2024\/08\/09\/jornada-consular-integral-de-bolivia-en-ezpeleta\/#article","isPartOf":{"@id":"https:\/\/diarioprincipios.com\/index.php\/2024\/08\/09\/jornada-consular-integral-de-bolivia-en-ezpeleta\/"},"author":{"name":"Hern\u00e1n L\u00f3pez","@id":"https:\/\/diarioprincipios.com\/#\/schema\/person\/436d5a1fd41a5e250e23ff5a6a7cb080"},"headline":"Jornada Consular Integral de Bolivia en Ezpeleta","datePublished":"2024-08-09T15:42:29+00:00","dateModified":"2024-08-09T15:42:31+00:00","mainEntityOfPage":{"@id":"https:\/\/diarioprincipios.com\/index.php\/2024\/08\/09\/jornada-consular-integral-de-bolivia-en-ezpeleta\/"},"wordCount":231,"commentCount":0,"publisher":{"@id":"https:\/\/diarioprincipios.com\/#organization"},"image":{"@id":"https:\/\/diarioprincipios.com\/index.php\/2024\/08\/09\/jornada-consular-integral-de-bolivia-en-ezpeleta\/#primaryimage"},"thumbnailUrl":"https:\/\/diarioprincipios.com\/wp-content\/uploads\/2024\/08\/JORNADA-CONSULAR-INTEGRAL-DE-BOLIVIA-EN-QUILMES-1.jpeg","articleSection":["Quilmes","Zonar Sur"],"inLanguage":"es","potentialAction":[{"@type":"CommentAction","name":"Comment","target":["https:\/\/diarioprincipios.com\/index.php\/2024\/08\/09\/jornada-consular-integral-de-bolivia-en-ezpeleta\/#respond"]}]},{"@type":"WebPage","@id":"https:\/\/diarioprincipios.com\/index.php\/2024\/08\/09\/jornada-consular-integral-de-bolivia-en-ezpeleta\/","url":"https:\/\/diarioprincipios.com\/index.php\/2024\/08\/09\/jornada-consular-integral-de-bolivia-en-ezpeleta\/","name":"Jornada Consular Integral de Bolivia en Ezpeleta - Principios","isPartOf":{"@id":"https:\/\/diarioprincipios.com\/#website"},"primaryImageOfPage":{"@id":"https:\/\/diarioprincipios.com\/index.php\/2024\/08\/09\/jornada-consular-integral-de-bolivia-en-ezpeleta\/#primaryimage"},"image":{"@id":"https:\/\/diarioprincipios.com\/index.php\/2024\/08\/09\/jornada-consular-integral-de-bolivia-en-ezpeleta\/#primaryimage"},"thumbnailUrl":"https:\/\/diarioprincipios.com\/wp-content\/uploads\/2024\/08\/JORNADA-CONSULAR-INTEGRAL-DE-BOLIVIA-EN-QUILMES-1.jpeg","datePublished":"2024-08-09T15:42:29+00:00","dateModified":"2024-08-09T15:42:31+00:00","breadcrumb":{"@id":"https:\/\/diarioprincipios.com\/index.php\/2024\/08\/09\/jornada-consular-integral-de-bolivia-en-ezpeleta\/#breadcrumb"},"inLanguage":"es","potentialAction":[{"@type":"ReadAction","target":["https:\/\/diarioprincipios.com\/index.php\/2024\/08\/09\/jornada-consular-integral-de-bolivia-en-ezpeleta\/"]}]},{"@type":"ImageObject","inLanguage":"es","@id":"https:\/\/diarioprincipios.com\/index.php\/2024\/08\/09\/jornada-consular-integral-de-bolivia-en-ezpeleta\/#primaryimage","url":"https:\/\/diarioprincipios.com\/wp-content\/uploads\/2024\/08\/JORNADA-CONSULAR-INTEGRAL-DE-BOLIVIA-EN-QUILMES-1.jpeg","contentUrl":"https:\/\/diarioprincipios.com\/wp-content\/uploads\/2024\/08\/JORNADA-CONSULAR-INTEGRAL-DE-BOLIVIA-EN-QUILMES-1.jpeg","width":1062,"height":604},{"@type":"BreadcrumbList","@id":"https:\/\/diarioprincipios.com\/index.php\/2024\/08\/09\/jornada-consular-integral-de-bolivia-en-ezpeleta\/#breadcrumb","itemListElement":[{"@type":"ListItem","position":1,"name":"Portada","item":"https:\/\/diarioprincipios.com\/"},{"@type":"ListItem","position":2,"name":"Jornada Consular Integral de Bolivia en Ezpeleta"}]},{"@type":"WebSite","@id":"https:\/\/diarioprincipios.com\/#website","url":"https:\/\/diarioprincipios.com\/","name":"Principios","description":"Principios Diario","publisher":{"@id":"https:\/\/diarioprincipios.com\/#organization"},"potentialAction":[{"@type":"SearchAction","target":{"@type":"EntryPoint","urlTemplate":"https:\/\/diarioprincipios.com\/?s={search_term_string}"},"query-input":{"@type":"PropertyValueSpecification","valueRequired":true,"valueName":"search_term_string"}}],"inLanguage":"es"},{"@type":"Organization","@id":"https:\/\/diarioprincipios.com\/#organization","name":"Principios","url":"https:\/\/diarioprincipios.com\/","logo":{"@type":"ImageObject","inLanguage":"es","@id":"https:\/\/diarioprincipios.com\/#\/schema\/logo\/image\/","url":"https:\/\/diarioprincipios.com\/wp-content\/uploads\/2024\/04\/cropped-www.diarioprincipios.com_-1.png","contentUrl":"https:\/\/diarioprincipios.com\/wp-content\/uploads\/2024\/04\/cropped-www.diarioprincipios.com_-1.png","width":5325,"height":1454,"caption":"Principios"},"image":{"@id":"https:\/\/diarioprincipios.com\/#\/schema\/logo\/image\/"}},{"@type":"Person","@id":"https:\/\/diarioprincipios.com\/#\/schema\/person\/436d5a1fd41a5e250e23ff5a6a7cb080","name":"Hern\u00e1n L\u00f3pez","image":{"@type":"ImageObject","inLanguage":"es","@id":"https:\/\/diarioprincipios.com\/wp-content\/litespeed\/avatar\/11ddfe5610ff3bd100522525b2571f48.jpg?ver=1777048341","url":"https:\/\/diarioprincipios.com\/wp-content\/litespeed\/avatar\/11ddfe5610ff3bd100522525b2571f48.jpg?ver=1777048341","contentUrl":"https:\/\/diarioprincipios.com\/wp-content\/litespeed\/avatar\/11ddfe5610ff3bd100522525b2571f48.jpg?ver=1777048341","caption":"Hern\u00e1n L\u00f3pez"},"url":"https:\/\/diarioprincipios.com\/index.php\/author\/hernan\/"}]}},"jetpack_featured_media_url":"https:\/\/diarioprincipios.com\/wp-content\/uploads\/2024\/08\/JORNADA-CONSULAR-INTEGRAL-DE-BOLIVIA-EN-QUILMES-1.jpeg","_links":{"self":[{"href":"https:\/\/diarioprincipios.com\/index.php\/wp-json\/wp\/v2\/posts\/22628","targetHints":{"allow":["GET"]}}],"collection":[{"href":"https:\/\/diarioprincipios.com\/index.php\/wp-json\/wp\/v2\/posts"}],"about":[{"href":"https:\/\/diarioprincipios.com\/index.php\/wp-json\/wp\/v2\/types\/post"}],"author":[{"embeddable":true,"href":"https:\/\/diarioprincipios.com\/index.php\/wp-json\/wp\/v2\/users\/2"}],"replies":[{"embeddable":true,"href":"https:\/\/diarioprincipios.com\/index.php\/wp-json\/wp\/v2\/comments?post=22628"}],"version-history":[{"count":1,"href":"https:\/\/diarioprincipios.com\/index.php\/wp-json\/wp\/v2\/posts\/22628\/revisions"}],"predecessor-version":[{"id":22630,"href":"https:\/\/diarioprincipios.com\/index.php\/wp-json\/wp\/v2\/posts\/22628\/revisions\/22630"}],"wp:featuredmedia":[{"embeddable":true,"href":"https:\/\/diarioprincipios.com\/index.php\/wp-json\/wp\/v2\/media\/22629"}],"wp:attachment":[{"href":"https:\/\/diarioprincipios.com\/index.php\/wp-json\/wp\/v2\/media?parent=22628"}],"wp:term":[{"taxonomy":"category","embeddable":true,"href":"https:\/\/diarioprincipios.com\/index.php\/wp-json\/wp\/v2\/categories?post=22628"},{"taxonomy":"post_tag","embeddable":true,"href":"https:\/\/diarioprincipios.com\/index.php\/wp-json\/wp\/v2\/tags?post=22628"}],"curies":[{"name":"wp","href":"https:\/\/api.w.org\/{rel}","templated":true}]}}