{"id":22610,"date":"2024-08-07T10:58:56","date_gmt":"2024-08-07T13:58:56","guid":{"rendered":"http:\/\/diarioprincipios.com\/?p=22610"},"modified":"2024-08-07T10:58:58","modified_gmt":"2024-08-07T13:58:58","slug":"se-incorporara-un-registro-civil-al-complejo-cultural-municipal-la-humanitaria","status":"publish","type":"post","link":"https:\/\/diarioprincipios.com\/index.php\/2024\/08\/07\/se-incorporara-un-registro-civil-al-complejo-cultural-municipal-la-humanitaria\/","title":{"rendered":"Se incorporar\u00e1 un Registro Civil al Complejo Cultural Municipal La Humanitaria"},"content":{"rendered":"\n<p>Contin\u00faan las obras en el Complejo Cultural Municipal La Humanitaria, que consisten en la incorporaci\u00f3n de un Registro Civil, un dep\u00f3sito para el \u00c1rea de Arte P\u00fablico municipal y refacciones en el sector exterior. Estos trabajos son impulsados por el intendente de Berazategui, Juan Jos\u00e9 Mussi, y su financiamiento proviene del Gobierno municipal.<\/p>\n\n\n\n<figure class=\"wp-block-image size-large\"><img loading=\"lazy\" decoding=\"async\" width=\"1024\" height=\"768\" src=\"https:\/\/diarioprincipios.com\/wp-content\/uploads\/2024\/08\/MAS-SERVICIOS-PARA-LAS-Y-LOS-VECINOS-DE-HUDSON-Y-PLATANOS-2-1024x768.jpg\" alt=\"\" class=\"wp-image-22611\" srcset=\"https:\/\/diarioprincipios.com\/wp-content\/uploads\/2024\/08\/MAS-SERVICIOS-PARA-LAS-Y-LOS-VECINOS-DE-HUDSON-Y-PLATANOS-2-1024x768.jpg 1024w, https:\/\/diarioprincipios.com\/wp-content\/uploads\/2024\/08\/MAS-SERVICIOS-PARA-LAS-Y-LOS-VECINOS-DE-HUDSON-Y-PLATANOS-2-300x225.jpg 300w, https:\/\/diarioprincipios.com\/wp-content\/uploads\/2024\/08\/MAS-SERVICIOS-PARA-LAS-Y-LOS-VECINOS-DE-HUDSON-Y-PLATANOS-2-768x576.jpg 768w, https:\/\/diarioprincipios.com\/wp-content\/uploads\/2024\/08\/MAS-SERVICIOS-PARA-LAS-Y-LOS-VECINOS-DE-HUDSON-Y-PLATANOS-2-1536x1152.jpg 1536w, https:\/\/diarioprincipios.com\/wp-content\/uploads\/2024\/08\/MAS-SERVICIOS-PARA-LAS-Y-LOS-VECINOS-DE-HUDSON-Y-PLATANOS-2.jpg 1920w\" sizes=\"auto, (max-width: 1024px) 100vw, 1024px\" \/><\/figure>\n\n\n\n<p>Las oficinas del Registro Civil de las Personas se encontrar\u00e1n frente al patio externo hist\u00f3rico, al lado de los talleres de Arte P\u00fablico. All\u00ed ya funciona el Centro C\u00edvico Hudson &#8211; Pl\u00e1tanos, la Delegaci\u00f3n Municipal y una sede de la Direcci\u00f3n General de Licencias de Conducir. Asimismo, el Complejo Cultural Municipal La Humanitaria ofrece, todo el a\u00f1o, propuestas culturales y recreativas, como ciclos de teatro, cine y recitales en vivo.<\/p>\n\n\n\n<p>En este sentido, el secretario municipal de Cultura y Educaci\u00f3n, Federico L\u00f3pez, indic\u00f3: \u201cLas obras son para agrandar esta instituci\u00f3n centenaria, que el Municipio ha sabido resguardar y recuperar. La Humanitaria volvi\u00f3 a tener la esencia y vida social que hacen al encuentro, la cercan\u00eda y la construcci\u00f3n de comunidad. A su vez, sumamos servicios para los vecinos y vecinas de la zona\u201d.<\/p>\n\n\n\n<figure class=\"wp-block-image size-large\"><img loading=\"lazy\" decoding=\"async\" width=\"1024\" height=\"683\" src=\"https:\/\/diarioprincipios.com\/wp-content\/uploads\/2024\/08\/MAS-SERVICIOS-PARA-LAS-Y-LOS-VECINOS-DE-HUDSON-Y-PLATANOS-1-1024x683.jpg\" alt=\"\" class=\"wp-image-22612\" srcset=\"https:\/\/diarioprincipios.com\/wp-content\/uploads\/2024\/08\/MAS-SERVICIOS-PARA-LAS-Y-LOS-VECINOS-DE-HUDSON-Y-PLATANOS-1-1024x683.jpg 1024w, https:\/\/diarioprincipios.com\/wp-content\/uploads\/2024\/08\/MAS-SERVICIOS-PARA-LAS-Y-LOS-VECINOS-DE-HUDSON-Y-PLATANOS-1-300x200.jpg 300w, https:\/\/diarioprincipios.com\/wp-content\/uploads\/2024\/08\/MAS-SERVICIOS-PARA-LAS-Y-LOS-VECINOS-DE-HUDSON-Y-PLATANOS-1-768x512.jpg 768w, https:\/\/diarioprincipios.com\/wp-content\/uploads\/2024\/08\/MAS-SERVICIOS-PARA-LAS-Y-LOS-VECINOS-DE-HUDSON-Y-PLATANOS-1-1536x1024.jpg 1536w, https:\/\/diarioprincipios.com\/wp-content\/uploads\/2024\/08\/MAS-SERVICIOS-PARA-LAS-Y-LOS-VECINOS-DE-HUDSON-Y-PLATANOS-1-600x400.jpg 600w, https:\/\/diarioprincipios.com\/wp-content\/uploads\/2024\/08\/MAS-SERVICIOS-PARA-LAS-Y-LOS-VECINOS-DE-HUDSON-Y-PLATANOS-1.jpg 1920w\" sizes=\"auto, (max-width: 1024px) 100vw, 1024px\" \/><\/figure>\n\n\n\n<p>Por su parte, la arquitecta Ana Insiarte, inform\u00f3: \u201cLas obras en el Registro Civil constan de un sal\u00f3n de ceremonias para casamientos, una oficina para tr\u00e1mites generales -como el DNI- y un despacho para el Director. Adem\u00e1s, se construir\u00e1 un dep\u00f3sito general para el \u00e1rea de Arte P\u00fablico del Municipio y se completar\u00e1n las refacciones en el exterior: los solados, el patio y las veredas\u201d.<\/p>\n\n\n\n<p>Anteriormente, en abril de este a\u00f1o, se inaugur\u00f3 la obra de recuperaci\u00f3n y renovaci\u00f3n de la pista de baile y el escenario, que respetan la est\u00e9tica original de 1899. Estas obras tambi\u00e9n fueron financiadas con fondos municipales.<\/p>\n","protected":false},"excerpt":{"rendered":"<p>Contin\u00faan las obras en el Complejo Cultural Municipal La Humanitaria, que consisten en la incorporaci\u00f3n de un Registro Civil, un dep\u00f3sito para el \u00c1rea de Arte P\u00fablico municipal y refacciones en el sector exterior. Estos trabajos son impulsados por el intendente de Berazategui, Juan Jos\u00e9 Mussi, y su financiamiento proviene del Gobierno municipal. Las oficinas&#8230;<\/p>\n","protected":false},"author":2,"featured_media":22613,"comment_status":"open","ping_status":"open","sticky":false,"template":"","format":"standard","meta":{"footnotes":""},"categories":[3],"tags":[],"class_list":["post-22610","post","type-post","status-publish","format-standard","has-post-thumbnail","hentry","category-berazategui"],"featured_image_src":"https:\/\/diarioprincipios.com\/wp-content\/uploads\/2024\/08\/MAS-SERVICIOS-PARA-LAS-Y-LOS-VECINOS-DE-HUDSON-Y-PLATANOS-1024x689.jpg","blog_images":{"medium":"https:\/\/diarioprincipios.com\/wp-content\/uploads\/2024\/08\/MAS-SERVICIOS-PARA-LAS-Y-LOS-VECINOS-DE-HUDSON-Y-PLATANOS-300x202.jpg","large":"https:\/\/diarioprincipios.com\/wp-content\/uploads\/2024\/08\/MAS-SERVICIOS-PARA-LAS-Y-LOS-VECINOS-DE-HUDSON-Y-PLATANOS-1024x689.jpg"},"ams_acf":[],"yoast_head":"<!-- This site is optimized with the Yoast SEO plugin v27.3 - https:\/\/yoast.com\/product\/yoast-seo-wordpress\/ -->\n<title>Se incorporar\u00e1 un Registro Civil al Complejo Cultural Municipal La Humanitaria - Principios<\/title>\n<meta name=\"robots\" content=\"index, follow, max-snippet:-1, max-image-preview:large, max-video-preview:-1\" \/>\n<link rel=\"canonical\" href=\"https:\/\/diarioprincipios.com\/index.php\/2024\/08\/07\/se-incorporara-un-registro-civil-al-complejo-cultural-municipal-la-humanitaria\/\" \/>\n<meta property=\"og:locale\" content=\"es_ES\" \/>\n<meta property=\"og:type\" content=\"article\" \/>\n<meta property=\"og:title\" content=\"Se incorporar\u00e1 un Registro Civil al Complejo Cultural Municipal La Humanitaria - Principios\" \/>\n<meta property=\"og:description\" content=\"Contin\u00faan las obras en el Complejo Cultural Municipal La Humanitaria, que consisten en la incorporaci\u00f3n de un Registro Civil, un dep\u00f3sito para el \u00c1rea de Arte P\u00fablico municipal y refacciones en el sector exterior. Estos trabajos son impulsados por el intendente de Berazategui, Juan Jos\u00e9 Mussi, y su financiamiento proviene del Gobierno municipal. Las oficinas...\" \/>\n<meta property=\"og:url\" content=\"https:\/\/diarioprincipios.com\/index.php\/2024\/08\/07\/se-incorporara-un-registro-civil-al-complejo-cultural-municipal-la-humanitaria\/\" \/>\n<meta property=\"og:site_name\" content=\"Principios\" \/>\n<meta property=\"article:published_time\" content=\"2024-08-07T13:58:56+00:00\" \/>\n<meta property=\"article:modified_time\" content=\"2024-08-07T13:58:58+00:00\" \/>\n<meta property=\"og:image\" content=\"https:\/\/diarioprincipios.com\/wp-content\/uploads\/2024\/08\/MAS-SERVICIOS-PARA-LAS-Y-LOS-VECINOS-DE-HUDSON-Y-PLATANOS.jpg\" \/>\n\t<meta property=\"og:image:width\" content=\"1920\" \/>\n\t<meta property=\"og:image:height\" content=\"1292\" \/>\n\t<meta property=\"og:image:type\" content=\"image\/jpeg\" \/>\n<meta name=\"author\" content=\"Hern\u00e1n L\u00f3pez\" \/>\n<meta name=\"twitter:card\" content=\"summary_large_image\" \/>\n<meta name=\"twitter:label1\" content=\"Escrito por\" \/>\n\t<meta name=\"twitter:data1\" content=\"Hern\u00e1n L\u00f3pez\" \/>\n\t<meta name=\"twitter:label2\" content=\"Tiempo de lectura\" \/>\n\t<meta name=\"twitter:data2\" content=\"2 minutos\" \/>\n<script type=\"application\/ld+json\" class=\"yoast-schema-graph\">{\"@context\":\"https:\\\/\\\/schema.org\",\"@graph\":[{\"@type\":\"Article\",\"@id\":\"https:\\\/\\\/diarioprincipios.com\\\/index.php\\\/2024\\\/08\\\/07\\\/se-incorporara-un-registro-civil-al-complejo-cultural-municipal-la-humanitaria\\\/#article\",\"isPartOf\":{\"@id\":\"https:\\\/\\\/diarioprincipios.com\\\/index.php\\\/2024\\\/08\\\/07\\\/se-incorporara-un-registro-civil-al-complejo-cultural-municipal-la-humanitaria\\\/\"},\"author\":{\"name\":\"Hern\u00e1n L\u00f3pez\",\"@id\":\"https:\\\/\\\/diarioprincipios.com\\\/#\\\/schema\\\/person\\\/436d5a1fd41a5e250e23ff5a6a7cb080\"},\"headline\":\"Se incorporar\u00e1 un Registro Civil al Complejo Cultural Municipal La Humanitaria\",\"datePublished\":\"2024-08-07T13:58:56+00:00\",\"dateModified\":\"2024-08-07T13:58:58+00:00\",\"mainEntityOfPage\":{\"@id\":\"https:\\\/\\\/diarioprincipios.com\\\/index.php\\\/2024\\\/08\\\/07\\\/se-incorporara-un-registro-civil-al-complejo-cultural-municipal-la-humanitaria\\\/\"},\"wordCount\":326,\"commentCount\":0,\"publisher\":{\"@id\":\"https:\\\/\\\/diarioprincipios.com\\\/#organization\"},\"image\":{\"@id\":\"https:\\\/\\\/diarioprincipios.com\\\/index.php\\\/2024\\\/08\\\/07\\\/se-incorporara-un-registro-civil-al-complejo-cultural-municipal-la-humanitaria\\\/#primaryimage\"},\"thumbnailUrl\":\"https:\\\/\\\/diarioprincipios.com\\\/wp-content\\\/uploads\\\/2024\\\/08\\\/MAS-SERVICIOS-PARA-LAS-Y-LOS-VECINOS-DE-HUDSON-Y-PLATANOS.jpg\",\"articleSection\":[\"Berazategui\"],\"inLanguage\":\"es\",\"potentialAction\":[{\"@type\":\"CommentAction\",\"name\":\"Comment\",\"target\":[\"https:\\\/\\\/diarioprincipios.com\\\/index.php\\\/2024\\\/08\\\/07\\\/se-incorporara-un-registro-civil-al-complejo-cultural-municipal-la-humanitaria\\\/#respond\"]}]},{\"@type\":\"WebPage\",\"@id\":\"https:\\\/\\\/diarioprincipios.com\\\/index.php\\\/2024\\\/08\\\/07\\\/se-incorporara-un-registro-civil-al-complejo-cultural-municipal-la-humanitaria\\\/\",\"url\":\"https:\\\/\\\/diarioprincipios.com\\\/index.php\\\/2024\\\/08\\\/07\\\/se-incorporara-un-registro-civil-al-complejo-cultural-municipal-la-humanitaria\\\/\",\"name\":\"Se incorporar\u00e1 un Registro Civil al Complejo Cultural Municipal La Humanitaria - Principios\",\"isPartOf\":{\"@id\":\"https:\\\/\\\/diarioprincipios.com\\\/#website\"},\"primaryImageOfPage\":{\"@id\":\"https:\\\/\\\/diarioprincipios.com\\\/index.php\\\/2024\\\/08\\\/07\\\/se-incorporara-un-registro-civil-al-complejo-cultural-municipal-la-humanitaria\\\/#primaryimage\"},\"image\":{\"@id\":\"https:\\\/\\\/diarioprincipios.com\\\/index.php\\\/2024\\\/08\\\/07\\\/se-incorporara-un-registro-civil-al-complejo-cultural-municipal-la-humanitaria\\\/#primaryimage\"},\"thumbnailUrl\":\"https:\\\/\\\/diarioprincipios.com\\\/wp-content\\\/uploads\\\/2024\\\/08\\\/MAS-SERVICIOS-PARA-LAS-Y-LOS-VECINOS-DE-HUDSON-Y-PLATANOS.jpg\",\"datePublished\":\"2024-08-07T13:58:56+00:00\",\"dateModified\":\"2024-08-07T13:58:58+00:00\",\"breadcrumb\":{\"@id\":\"https:\\\/\\\/diarioprincipios.com\\\/index.php\\\/2024\\\/08\\\/07\\\/se-incorporara-un-registro-civil-al-complejo-cultural-municipal-la-humanitaria\\\/#breadcrumb\"},\"inLanguage\":\"es\",\"potentialAction\":[{\"@type\":\"ReadAction\",\"target\":[\"https:\\\/\\\/diarioprincipios.com\\\/index.php\\\/2024\\\/08\\\/07\\\/se-incorporara-un-registro-civil-al-complejo-cultural-municipal-la-humanitaria\\\/\"]}]},{\"@type\":\"ImageObject\",\"inLanguage\":\"es\",\"@id\":\"https:\\\/\\\/diarioprincipios.com\\\/index.php\\\/2024\\\/08\\\/07\\\/se-incorporara-un-registro-civil-al-complejo-cultural-municipal-la-humanitaria\\\/#primaryimage\",\"url\":\"https:\\\/\\\/diarioprincipios.com\\\/wp-content\\\/uploads\\\/2024\\\/08\\\/MAS-SERVICIOS-PARA-LAS-Y-LOS-VECINOS-DE-HUDSON-Y-PLATANOS.jpg\",\"contentUrl\":\"https:\\\/\\\/diarioprincipios.com\\\/wp-content\\\/uploads\\\/2024\\\/08\\\/MAS-SERVICIOS-PARA-LAS-Y-LOS-VECINOS-DE-HUDSON-Y-PLATANOS.jpg\",\"width\":1920,\"height\":1292},{\"@type\":\"BreadcrumbList\",\"@id\":\"https:\\\/\\\/diarioprincipios.com\\\/index.php\\\/2024\\\/08\\\/07\\\/se-incorporara-un-registro-civil-al-complejo-cultural-municipal-la-humanitaria\\\/#breadcrumb\",\"itemListElement\":[{\"@type\":\"ListItem\",\"position\":1,\"name\":\"Portada\",\"item\":\"https:\\\/\\\/diarioprincipios.com\\\/\"},{\"@type\":\"ListItem\",\"position\":2,\"name\":\"Se incorporar\u00e1 un Registro Civil al Complejo Cultural Municipal La Humanitaria\"}]},{\"@type\":\"WebSite\",\"@id\":\"https:\\\/\\\/diarioprincipios.com\\\/#website\",\"url\":\"https:\\\/\\\/diarioprincipios.com\\\/\",\"name\":\"Principios\",\"description\":\"Principios Diario\",\"publisher\":{\"@id\":\"https:\\\/\\\/diarioprincipios.com\\\/#organization\"},\"potentialAction\":[{\"@type\":\"SearchAction\",\"target\":{\"@type\":\"EntryPoint\",\"urlTemplate\":\"https:\\\/\\\/diarioprincipios.com\\\/?s={search_term_string}\"},\"query-input\":{\"@type\":\"PropertyValueSpecification\",\"valueRequired\":true,\"valueName\":\"search_term_string\"}}],\"inLanguage\":\"es\"},{\"@type\":\"Organization\",\"@id\":\"https:\\\/\\\/diarioprincipios.com\\\/#organization\",\"name\":\"Principios\",\"url\":\"https:\\\/\\\/diarioprincipios.com\\\/\",\"logo\":{\"@type\":\"ImageObject\",\"inLanguage\":\"es\",\"@id\":\"https:\\\/\\\/diarioprincipios.com\\\/#\\\/schema\\\/logo\\\/image\\\/\",\"url\":\"https:\\\/\\\/diarioprincipios.com\\\/wp-content\\\/uploads\\\/2024\\\/04\\\/cropped-www.diarioprincipios.com_-1.png\",\"contentUrl\":\"https:\\\/\\\/diarioprincipios.com\\\/wp-content\\\/uploads\\\/2024\\\/04\\\/cropped-www.diarioprincipios.com_-1.png\",\"width\":5325,\"height\":1454,\"caption\":\"Principios\"},\"image\":{\"@id\":\"https:\\\/\\\/diarioprincipios.com\\\/#\\\/schema\\\/logo\\\/image\\\/\"}},{\"@type\":\"Person\",\"@id\":\"https:\\\/\\\/diarioprincipios.com\\\/#\\\/schema\\\/person\\\/436d5a1fd41a5e250e23ff5a6a7cb080\",\"name\":\"Hern\u00e1n L\u00f3pez\",\"image\":{\"@type\":\"ImageObject\",\"inLanguage\":\"es\",\"@id\":\"https:\\\/\\\/diarioprincipios.com\\\/wp-content\\\/litespeed\\\/avatar\\\/11ddfe5610ff3bd100522525b2571f48.jpg?ver=1777048341\",\"url\":\"https:\\\/\\\/diarioprincipios.com\\\/wp-content\\\/litespeed\\\/avatar\\\/11ddfe5610ff3bd100522525b2571f48.jpg?ver=1777048341\",\"contentUrl\":\"https:\\\/\\\/diarioprincipios.com\\\/wp-content\\\/litespeed\\\/avatar\\\/11ddfe5610ff3bd100522525b2571f48.jpg?ver=1777048341\",\"caption\":\"Hern\u00e1n L\u00f3pez\"},\"url\":\"https:\\\/\\\/diarioprincipios.com\\\/index.php\\\/author\\\/hernan\\\/\"}]}<\/script>\n<!-- \/ Yoast SEO plugin. -->","yoast_head_json":{"title":"Se incorporar\u00e1 un Registro Civil al Complejo Cultural Municipal La Humanitaria - Principios","robots":{"index":"index","follow":"follow","max-snippet":"max-snippet:-1","max-image-preview":"max-image-preview:large","max-video-preview":"max-video-preview:-1"},"canonical":"https:\/\/diarioprincipios.com\/index.php\/2024\/08\/07\/se-incorporara-un-registro-civil-al-complejo-cultural-municipal-la-humanitaria\/","og_locale":"es_ES","og_type":"article","og_title":"Se incorporar\u00e1 un Registro Civil al Complejo Cultural Municipal La Humanitaria - Principios","og_description":"Contin\u00faan las obras en el Complejo Cultural Municipal La Humanitaria, que consisten en la incorporaci\u00f3n de un Registro Civil, un dep\u00f3sito para el \u00c1rea de Arte P\u00fablico municipal y refacciones en el sector exterior. Estos trabajos son impulsados por el intendente de Berazategui, Juan Jos\u00e9 Mussi, y su financiamiento proviene del Gobierno municipal. Las oficinas...","og_url":"https:\/\/diarioprincipios.com\/index.php\/2024\/08\/07\/se-incorporara-un-registro-civil-al-complejo-cultural-municipal-la-humanitaria\/","og_site_name":"Principios","article_published_time":"2024-08-07T13:58:56+00:00","article_modified_time":"2024-08-07T13:58:58+00:00","og_image":[{"width":1920,"height":1292,"url":"https:\/\/diarioprincipios.com\/wp-content\/uploads\/2024\/08\/MAS-SERVICIOS-PARA-LAS-Y-LOS-VECINOS-DE-HUDSON-Y-PLATANOS.jpg","type":"image\/jpeg"}],"author":"Hern\u00e1n L\u00f3pez","twitter_card":"summary_large_image","twitter_misc":{"Escrito por":"Hern\u00e1n L\u00f3pez","Tiempo de lectura":"2 minutos"},"schema":{"@context":"https:\/\/schema.org","@graph":[{"@type":"Article","@id":"https:\/\/diarioprincipios.com\/index.php\/2024\/08\/07\/se-incorporara-un-registro-civil-al-complejo-cultural-municipal-la-humanitaria\/#article","isPartOf":{"@id":"https:\/\/diarioprincipios.com\/index.php\/2024\/08\/07\/se-incorporara-un-registro-civil-al-complejo-cultural-municipal-la-humanitaria\/"},"author":{"name":"Hern\u00e1n L\u00f3pez","@id":"https:\/\/diarioprincipios.com\/#\/schema\/person\/436d5a1fd41a5e250e23ff5a6a7cb080"},"headline":"Se incorporar\u00e1 un Registro Civil al Complejo Cultural Municipal La Humanitaria","datePublished":"2024-08-07T13:58:56+00:00","dateModified":"2024-08-07T13:58:58+00:00","mainEntityOfPage":{"@id":"https:\/\/diarioprincipios.com\/index.php\/2024\/08\/07\/se-incorporara-un-registro-civil-al-complejo-cultural-municipal-la-humanitaria\/"},"wordCount":326,"commentCount":0,"publisher":{"@id":"https:\/\/diarioprincipios.com\/#organization"},"image":{"@id":"https:\/\/diarioprincipios.com\/index.php\/2024\/08\/07\/se-incorporara-un-registro-civil-al-complejo-cultural-municipal-la-humanitaria\/#primaryimage"},"thumbnailUrl":"https:\/\/diarioprincipios.com\/wp-content\/uploads\/2024\/08\/MAS-SERVICIOS-PARA-LAS-Y-LOS-VECINOS-DE-HUDSON-Y-PLATANOS.jpg","articleSection":["Berazategui"],"inLanguage":"es","potentialAction":[{"@type":"CommentAction","name":"Comment","target":["https:\/\/diarioprincipios.com\/index.php\/2024\/08\/07\/se-incorporara-un-registro-civil-al-complejo-cultural-municipal-la-humanitaria\/#respond"]}]},{"@type":"WebPage","@id":"https:\/\/diarioprincipios.com\/index.php\/2024\/08\/07\/se-incorporara-un-registro-civil-al-complejo-cultural-municipal-la-humanitaria\/","url":"https:\/\/diarioprincipios.com\/index.php\/2024\/08\/07\/se-incorporara-un-registro-civil-al-complejo-cultural-municipal-la-humanitaria\/","name":"Se incorporar\u00e1 un Registro Civil al Complejo Cultural Municipal La Humanitaria - Principios","isPartOf":{"@id":"https:\/\/diarioprincipios.com\/#website"},"primaryImageOfPage":{"@id":"https:\/\/diarioprincipios.com\/index.php\/2024\/08\/07\/se-incorporara-un-registro-civil-al-complejo-cultural-municipal-la-humanitaria\/#primaryimage"},"image":{"@id":"https:\/\/diarioprincipios.com\/index.php\/2024\/08\/07\/se-incorporara-un-registro-civil-al-complejo-cultural-municipal-la-humanitaria\/#primaryimage"},"thumbnailUrl":"https:\/\/diarioprincipios.com\/wp-content\/uploads\/2024\/08\/MAS-SERVICIOS-PARA-LAS-Y-LOS-VECINOS-DE-HUDSON-Y-PLATANOS.jpg","datePublished":"2024-08-07T13:58:56+00:00","dateModified":"2024-08-07T13:58:58+00:00","breadcrumb":{"@id":"https:\/\/diarioprincipios.com\/index.php\/2024\/08\/07\/se-incorporara-un-registro-civil-al-complejo-cultural-municipal-la-humanitaria\/#breadcrumb"},"inLanguage":"es","potentialAction":[{"@type":"ReadAction","target":["https:\/\/diarioprincipios.com\/index.php\/2024\/08\/07\/se-incorporara-un-registro-civil-al-complejo-cultural-municipal-la-humanitaria\/"]}]},{"@type":"ImageObject","inLanguage":"es","@id":"https:\/\/diarioprincipios.com\/index.php\/2024\/08\/07\/se-incorporara-un-registro-civil-al-complejo-cultural-municipal-la-humanitaria\/#primaryimage","url":"https:\/\/diarioprincipios.com\/wp-content\/uploads\/2024\/08\/MAS-SERVICIOS-PARA-LAS-Y-LOS-VECINOS-DE-HUDSON-Y-PLATANOS.jpg","contentUrl":"https:\/\/diarioprincipios.com\/wp-content\/uploads\/2024\/08\/MAS-SERVICIOS-PARA-LAS-Y-LOS-VECINOS-DE-HUDSON-Y-PLATANOS.jpg","width":1920,"height":1292},{"@type":"BreadcrumbList","@id":"https:\/\/diarioprincipios.com\/index.php\/2024\/08\/07\/se-incorporara-un-registro-civil-al-complejo-cultural-municipal-la-humanitaria\/#breadcrumb","itemListElement":[{"@type":"ListItem","position":1,"name":"Portada","item":"https:\/\/diarioprincipios.com\/"},{"@type":"ListItem","position":2,"name":"Se incorporar\u00e1 un Registro Civil al Complejo Cultural Municipal La Humanitaria"}]},{"@type":"WebSite","@id":"https:\/\/diarioprincipios.com\/#website","url":"https:\/\/diarioprincipios.com\/","name":"Principios","description":"Principios Diario","publisher":{"@id":"https:\/\/diarioprincipios.com\/#organization"},"potentialAction":[{"@type":"SearchAction","target":{"@type":"EntryPoint","urlTemplate":"https:\/\/diarioprincipios.com\/?s={search_term_string}"},"query-input":{"@type":"PropertyValueSpecification","valueRequired":true,"valueName":"search_term_string"}}],"inLanguage":"es"},{"@type":"Organization","@id":"https:\/\/diarioprincipios.com\/#organization","name":"Principios","url":"https:\/\/diarioprincipios.com\/","logo":{"@type":"ImageObject","inLanguage":"es","@id":"https:\/\/diarioprincipios.com\/#\/schema\/logo\/image\/","url":"https:\/\/diarioprincipios.com\/wp-content\/uploads\/2024\/04\/cropped-www.diarioprincipios.com_-1.png","contentUrl":"https:\/\/diarioprincipios.com\/wp-content\/uploads\/2024\/04\/cropped-www.diarioprincipios.com_-1.png","width":5325,"height":1454,"caption":"Principios"},"image":{"@id":"https:\/\/diarioprincipios.com\/#\/schema\/logo\/image\/"}},{"@type":"Person","@id":"https:\/\/diarioprincipios.com\/#\/schema\/person\/436d5a1fd41a5e250e23ff5a6a7cb080","name":"Hern\u00e1n L\u00f3pez","image":{"@type":"ImageObject","inLanguage":"es","@id":"https:\/\/diarioprincipios.com\/wp-content\/litespeed\/avatar\/11ddfe5610ff3bd100522525b2571f48.jpg?ver=1777048341","url":"https:\/\/diarioprincipios.com\/wp-content\/litespeed\/avatar\/11ddfe5610ff3bd100522525b2571f48.jpg?ver=1777048341","contentUrl":"https:\/\/diarioprincipios.com\/wp-content\/litespeed\/avatar\/11ddfe5610ff3bd100522525b2571f48.jpg?ver=1777048341","caption":"Hern\u00e1n L\u00f3pez"},"url":"https:\/\/diarioprincipios.com\/index.php\/author\/hernan\/"}]}},"jetpack_featured_media_url":"https:\/\/diarioprincipios.com\/wp-content\/uploads\/2024\/08\/MAS-SERVICIOS-PARA-LAS-Y-LOS-VECINOS-DE-HUDSON-Y-PLATANOS.jpg","_links":{"self":[{"href":"https:\/\/diarioprincipios.com\/index.php\/wp-json\/wp\/v2\/posts\/22610","targetHints":{"allow":["GET"]}}],"collection":[{"href":"https:\/\/diarioprincipios.com\/index.php\/wp-json\/wp\/v2\/posts"}],"about":[{"href":"https:\/\/diarioprincipios.com\/index.php\/wp-json\/wp\/v2\/types\/post"}],"author":[{"embeddable":true,"href":"https:\/\/diarioprincipios.com\/index.php\/wp-json\/wp\/v2\/users\/2"}],"replies":[{"embeddable":true,"href":"https:\/\/diarioprincipios.com\/index.php\/wp-json\/wp\/v2\/comments?post=22610"}],"version-history":[{"count":1,"href":"https:\/\/diarioprincipios.com\/index.php\/wp-json\/wp\/v2\/posts\/22610\/revisions"}],"predecessor-version":[{"id":22614,"href":"https:\/\/diarioprincipios.com\/index.php\/wp-json\/wp\/v2\/posts\/22610\/revisions\/22614"}],"wp:featuredmedia":[{"embeddable":true,"href":"https:\/\/diarioprincipios.com\/index.php\/wp-json\/wp\/v2\/media\/22613"}],"wp:attachment":[{"href":"https:\/\/diarioprincipios.com\/index.php\/wp-json\/wp\/v2\/media?parent=22610"}],"wp:term":[{"taxonomy":"category","embeddable":true,"href":"https:\/\/diarioprincipios.com\/index.php\/wp-json\/wp\/v2\/categories?post=22610"},{"taxonomy":"post_tag","embeddable":true,"href":"https:\/\/diarioprincipios.com\/index.php\/wp-json\/wp\/v2\/tags?post=22610"}],"curies":[{"name":"wp","href":"https:\/\/api.w.org\/{rel}","templated":true}]}}