{"id":22596,"date":"2024-08-06T17:07:59","date_gmt":"2024-08-06T20:07:59","guid":{"rendered":"http:\/\/diarioprincipios.com\/?p=22596"},"modified":"2024-08-06T17:08:01","modified_gmt":"2024-08-06T20:08:01","slug":"las-pibas-campeonas-del-interligas-provincial-de-voley","status":"publish","type":"post","link":"https:\/\/diarioprincipios.com\/index.php\/2024\/08\/06\/las-pibas-campeonas-del-interligas-provincial-de-voley\/","title":{"rendered":"Las Pibas Campeonas del Interligas Provincial de V\u00f3ley"},"content":{"rendered":"\n<p>Los equipos de Damas categor\u00eda Mayores, Las Pibas y Planeta Voley, ambos Campe\u00f3n y Subcampe\u00f3n del Torneo de la Asociaci\u00f3n de V\u00f3ley Capital Nacional del Vidrio representaron de la mejor manera a Berazategui en el Interligas de la Provincia de Buenos Aires que se realiz\u00f3 el \u00faltimo fin de semana en el Club Temperley.<\/p>\n\n\n\n<figure class=\"wp-block-image size-large\"><img loading=\"lazy\" decoding=\"async\" width=\"1024\" height=\"922\" src=\"https:\/\/diarioprincipios.com\/wp-content\/uploads\/2024\/08\/Screenshot_20240806_130608_WhatsApp-1024x922.jpg\" alt=\"\" class=\"wp-image-22597\" srcset=\"https:\/\/diarioprincipios.com\/wp-content\/uploads\/2024\/08\/Screenshot_20240806_130608_WhatsApp-1024x922.jpg 1024w, https:\/\/diarioprincipios.com\/wp-content\/uploads\/2024\/08\/Screenshot_20240806_130608_WhatsApp-300x270.jpg 300w, https:\/\/diarioprincipios.com\/wp-content\/uploads\/2024\/08\/Screenshot_20240806_130608_WhatsApp-768x692.jpg 768w, https:\/\/diarioprincipios.com\/wp-content\/uploads\/2024\/08\/Screenshot_20240806_130608_WhatsApp.jpg 1079w\" sizes=\"auto, (max-width: 1024px) 100vw, 1024px\" \/><\/figure>\n\n\n\n<p><br>Las Pibas se consagraron campeonas tras vencer en la final a Social V\u00f3ley de la Liga UNILIVO, mientras que Planeta Voley tambi\u00e9n hizo una gran performance llegando a Semifinales.<\/p>\n\n\n\n<figure class=\"wp-block-image size-large\"><img loading=\"lazy\" decoding=\"async\" width=\"1024\" height=\"481\" src=\"https:\/\/diarioprincipios.com\/wp-content\/uploads\/2024\/08\/TORNEO-KAGIVA-2-1024x481.jpg\" alt=\"\" class=\"wp-image-22599\" srcset=\"https:\/\/diarioprincipios.com\/wp-content\/uploads\/2024\/08\/TORNEO-KAGIVA-2-1024x481.jpg 1024w, https:\/\/diarioprincipios.com\/wp-content\/uploads\/2024\/08\/TORNEO-KAGIVA-2-300x141.jpg 300w, https:\/\/diarioprincipios.com\/wp-content\/uploads\/2024\/08\/TORNEO-KAGIVA-2-768x361.jpg 768w, https:\/\/diarioprincipios.com\/wp-content\/uploads\/2024\/08\/TORNEO-KAGIVA-2-1536x722.jpg 1536w, https:\/\/diarioprincipios.com\/wp-content\/uploads\/2024\/08\/TORNEO-KAGIVA-2-2048x962.jpg 2048w\" sizes=\"auto, (max-width: 1024px) 100vw, 1024px\" \/><\/figure>\n\n\n\n<p><br>Con este meritorio titulo Las Pibas accedieron a competir en el Torneo Nacional de Formosa.<br>\u00abEstamos muy orgullosos de nuestros equipos y de ver como nos representan en diferentes torneos\u00bb, se\u00f1al\u00f3 la presidenta de la Asociaci\u00f3n de V\u00f3ley quien destac\u00f3 adem\u00e1s que \u00bb nuestras chicas dejaron el V\u00f3ley de nuestra Asociaci\u00f3n y de Berazategui en lo m\u00e1s alto, felicitamos a las chicas de Las Pibas por el t\u00edtulo y tambi\u00e9n a las de Planeta V\u00f3ley que hicieron un gran torneo\u00bb.<\/p>\n\n\n\n<figure class=\"wp-block-image size-large\"><img loading=\"lazy\" decoding=\"async\" width=\"732\" height=\"1024\" src=\"https:\/\/diarioprincipios.com\/wp-content\/uploads\/2024\/08\/Screenshot_20240806_130305_WhatsApp-732x1024.jpg\" alt=\"\" class=\"wp-image-22598\" srcset=\"https:\/\/diarioprincipios.com\/wp-content\/uploads\/2024\/08\/Screenshot_20240806_130305_WhatsApp-732x1024.jpg 732w, https:\/\/diarioprincipios.com\/wp-content\/uploads\/2024\/08\/Screenshot_20240806_130305_WhatsApp-214x300.jpg 214w, https:\/\/diarioprincipios.com\/wp-content\/uploads\/2024\/08\/Screenshot_20240806_130305_WhatsApp-768x1074.jpg 768w, https:\/\/diarioprincipios.com\/wp-content\/uploads\/2024\/08\/Screenshot_20240806_130305_WhatsApp.jpg 1075w\" sizes=\"auto, (max-width: 732px) 100vw, 732px\" \/><\/figure>\n\n\n\n<p><br>Las Pibas y Planeta V\u00f3ley compitieron en el Interligas con los equipos de CAFA, IMEI, 12 de Octubre, Social, Sudam\u00e9rica, Uni\u00f3n Cristiana, Gimnasia y Esgrima La Plata, Ensenada V\u00f3ley, Defensores de Cat\u00e1n y S.F. Villa Dorrego.<\/p>\n\n\n\n<figure class=\"wp-block-image size-large\"><img loading=\"lazy\" decoding=\"async\" width=\"1024\" height=\"952\" src=\"https:\/\/diarioprincipios.com\/wp-content\/uploads\/2024\/08\/Screenshot_20240806_130315_WhatsApp-1024x952.jpg\" alt=\"\" class=\"wp-image-22601\" srcset=\"https:\/\/diarioprincipios.com\/wp-content\/uploads\/2024\/08\/Screenshot_20240806_130315_WhatsApp-1024x952.jpg 1024w, https:\/\/diarioprincipios.com\/wp-content\/uploads\/2024\/08\/Screenshot_20240806_130315_WhatsApp-300x279.jpg 300w, https:\/\/diarioprincipios.com\/wp-content\/uploads\/2024\/08\/Screenshot_20240806_130315_WhatsApp-768x714.jpg 768w, https:\/\/diarioprincipios.com\/wp-content\/uploads\/2024\/08\/Screenshot_20240806_130315_WhatsApp.jpg 1080w\" sizes=\"auto, (max-width: 1024px) 100vw, 1024px\" \/><\/figure>\n\n\n\n<p><br>Finalmente, Celia Cabrera destac\u00f3 que \u00abm\u00e1s all\u00e1 del titulo la participaci\u00f3n de nuestros equipos en diferentes torneos ayuda al crecimiento de estos conjuntos pero tambi\u00e9n prestigia nuestros Torneos que hoy tienen m\u00e1s de 76 equipos y categor\u00edas desde inferiores hasta adultos mayores\u00bb, acotando su agradecimiento \u00abal apoyo que siempre nos dan el Dr. Juan Jos\u00e9 Mussi y el dirigente Vidriero Horacio Valdez, dos grandes impulsores del deporte\u00bb.<\/p>\n","protected":false},"excerpt":{"rendered":"<p>Los equipos de Damas categor\u00eda Mayores, Las Pibas y Planeta Voley, ambos Campe\u00f3n y Subcampe\u00f3n del Torneo de la Asociaci\u00f3n de V\u00f3ley Capital Nacional del Vidrio representaron de la mejor manera a Berazategui en el Interligas de la Provincia de Buenos Aires que se realiz\u00f3 el \u00faltimo fin de semana en el Club Temperley. Las&#8230;<\/p>\n","protected":false},"author":2,"featured_media":22600,"comment_status":"open","ping_status":"open","sticky":false,"template":"","format":"standard","meta":{"footnotes":""},"categories":[6],"tags":[],"class_list":["post-22596","post","type-post","status-publish","format-standard","has-post-thumbnail","hentry","category-deportes"],"featured_image_src":"https:\/\/diarioprincipios.com\/wp-content\/uploads\/2024\/08\/Screenshot_20240806_130258_WhatsApp-1015x1024.jpg","blog_images":{"medium":"https:\/\/diarioprincipios.com\/wp-content\/uploads\/2024\/08\/Screenshot_20240806_130258_WhatsApp-297x300.jpg","large":"https:\/\/diarioprincipios.com\/wp-content\/uploads\/2024\/08\/Screenshot_20240806_130258_WhatsApp-1015x1024.jpg"},"ams_acf":[],"yoast_head":"<!-- This site is optimized with the Yoast SEO plugin v27.3 - https:\/\/yoast.com\/product\/yoast-seo-wordpress\/ -->\n<title>Las Pibas Campeonas del Interligas Provincial de V\u00f3ley - Principios<\/title>\n<meta name=\"robots\" content=\"index, follow, max-snippet:-1, max-image-preview:large, max-video-preview:-1\" \/>\n<link rel=\"canonical\" href=\"https:\/\/diarioprincipios.com\/index.php\/2024\/08\/06\/las-pibas-campeonas-del-interligas-provincial-de-voley\/\" \/>\n<meta property=\"og:locale\" content=\"es_ES\" \/>\n<meta property=\"og:type\" content=\"article\" \/>\n<meta property=\"og:title\" content=\"Las Pibas Campeonas del Interligas Provincial de V\u00f3ley - Principios\" \/>\n<meta property=\"og:description\" content=\"Los equipos de Damas categor\u00eda Mayores, Las Pibas y Planeta Voley, ambos Campe\u00f3n y Subcampe\u00f3n del Torneo de la Asociaci\u00f3n de V\u00f3ley Capital Nacional del Vidrio representaron de la mejor manera a Berazategui en el Interligas de la Provincia de Buenos Aires que se realiz\u00f3 el \u00faltimo fin de semana en el Club Temperley. Las...\" \/>\n<meta property=\"og:url\" content=\"https:\/\/diarioprincipios.com\/index.php\/2024\/08\/06\/las-pibas-campeonas-del-interligas-provincial-de-voley\/\" \/>\n<meta property=\"og:site_name\" content=\"Principios\" \/>\n<meta property=\"article:published_time\" content=\"2024-08-06T20:07:59+00:00\" \/>\n<meta property=\"article:modified_time\" content=\"2024-08-06T20:08:01+00:00\" \/>\n<meta property=\"og:image\" content=\"https:\/\/diarioprincipios.com\/wp-content\/uploads\/2024\/08\/Screenshot_20240806_130258_WhatsApp.jpg\" \/>\n\t<meta property=\"og:image:width\" content=\"1080\" \/>\n\t<meta property=\"og:image:height\" content=\"1090\" \/>\n\t<meta property=\"og:image:type\" content=\"image\/jpeg\" \/>\n<meta name=\"author\" content=\"Hern\u00e1n L\u00f3pez\" \/>\n<meta name=\"twitter:card\" content=\"summary_large_image\" \/>\n<meta name=\"twitter:label1\" content=\"Escrito por\" \/>\n\t<meta name=\"twitter:data1\" content=\"Hern\u00e1n L\u00f3pez\" \/>\n\t<meta name=\"twitter:label2\" content=\"Tiempo de lectura\" \/>\n\t<meta name=\"twitter:data2\" content=\"3 minutos\" \/>\n<script type=\"application\/ld+json\" class=\"yoast-schema-graph\">{\"@context\":\"https:\\\/\\\/schema.org\",\"@graph\":[{\"@type\":\"Article\",\"@id\":\"https:\\\/\\\/diarioprincipios.com\\\/index.php\\\/2024\\\/08\\\/06\\\/las-pibas-campeonas-del-interligas-provincial-de-voley\\\/#article\",\"isPartOf\":{\"@id\":\"https:\\\/\\\/diarioprincipios.com\\\/index.php\\\/2024\\\/08\\\/06\\\/las-pibas-campeonas-del-interligas-provincial-de-voley\\\/\"},\"author\":{\"name\":\"Hern\u00e1n L\u00f3pez\",\"@id\":\"https:\\\/\\\/diarioprincipios.com\\\/#\\\/schema\\\/person\\\/436d5a1fd41a5e250e23ff5a6a7cb080\"},\"headline\":\"Las Pibas Campeonas del Interligas Provincial de V\u00f3ley\",\"datePublished\":\"2024-08-06T20:07:59+00:00\",\"dateModified\":\"2024-08-06T20:08:01+00:00\",\"mainEntityOfPage\":{\"@id\":\"https:\\\/\\\/diarioprincipios.com\\\/index.php\\\/2024\\\/08\\\/06\\\/las-pibas-campeonas-del-interligas-provincial-de-voley\\\/\"},\"wordCount\":300,\"commentCount\":0,\"publisher\":{\"@id\":\"https:\\\/\\\/diarioprincipios.com\\\/#organization\"},\"image\":{\"@id\":\"https:\\\/\\\/diarioprincipios.com\\\/index.php\\\/2024\\\/08\\\/06\\\/las-pibas-campeonas-del-interligas-provincial-de-voley\\\/#primaryimage\"},\"thumbnailUrl\":\"https:\\\/\\\/diarioprincipios.com\\\/wp-content\\\/uploads\\\/2024\\\/08\\\/Screenshot_20240806_130258_WhatsApp.jpg\",\"articleSection\":[\"Deportes\"],\"inLanguage\":\"es\",\"potentialAction\":[{\"@type\":\"CommentAction\",\"name\":\"Comment\",\"target\":[\"https:\\\/\\\/diarioprincipios.com\\\/index.php\\\/2024\\\/08\\\/06\\\/las-pibas-campeonas-del-interligas-provincial-de-voley\\\/#respond\"]}]},{\"@type\":\"WebPage\",\"@id\":\"https:\\\/\\\/diarioprincipios.com\\\/index.php\\\/2024\\\/08\\\/06\\\/las-pibas-campeonas-del-interligas-provincial-de-voley\\\/\",\"url\":\"https:\\\/\\\/diarioprincipios.com\\\/index.php\\\/2024\\\/08\\\/06\\\/las-pibas-campeonas-del-interligas-provincial-de-voley\\\/\",\"name\":\"Las Pibas Campeonas del Interligas Provincial de V\u00f3ley - Principios\",\"isPartOf\":{\"@id\":\"https:\\\/\\\/diarioprincipios.com\\\/#website\"},\"primaryImageOfPage\":{\"@id\":\"https:\\\/\\\/diarioprincipios.com\\\/index.php\\\/2024\\\/08\\\/06\\\/las-pibas-campeonas-del-interligas-provincial-de-voley\\\/#primaryimage\"},\"image\":{\"@id\":\"https:\\\/\\\/diarioprincipios.com\\\/index.php\\\/2024\\\/08\\\/06\\\/las-pibas-campeonas-del-interligas-provincial-de-voley\\\/#primaryimage\"},\"thumbnailUrl\":\"https:\\\/\\\/diarioprincipios.com\\\/wp-content\\\/uploads\\\/2024\\\/08\\\/Screenshot_20240806_130258_WhatsApp.jpg\",\"datePublished\":\"2024-08-06T20:07:59+00:00\",\"dateModified\":\"2024-08-06T20:08:01+00:00\",\"breadcrumb\":{\"@id\":\"https:\\\/\\\/diarioprincipios.com\\\/index.php\\\/2024\\\/08\\\/06\\\/las-pibas-campeonas-del-interligas-provincial-de-voley\\\/#breadcrumb\"},\"inLanguage\":\"es\",\"potentialAction\":[{\"@type\":\"ReadAction\",\"target\":[\"https:\\\/\\\/diarioprincipios.com\\\/index.php\\\/2024\\\/08\\\/06\\\/las-pibas-campeonas-del-interligas-provincial-de-voley\\\/\"]}]},{\"@type\":\"ImageObject\",\"inLanguage\":\"es\",\"@id\":\"https:\\\/\\\/diarioprincipios.com\\\/index.php\\\/2024\\\/08\\\/06\\\/las-pibas-campeonas-del-interligas-provincial-de-voley\\\/#primaryimage\",\"url\":\"https:\\\/\\\/diarioprincipios.com\\\/wp-content\\\/uploads\\\/2024\\\/08\\\/Screenshot_20240806_130258_WhatsApp.jpg\",\"contentUrl\":\"https:\\\/\\\/diarioprincipios.com\\\/wp-content\\\/uploads\\\/2024\\\/08\\\/Screenshot_20240806_130258_WhatsApp.jpg\",\"width\":1080,\"height\":1090},{\"@type\":\"BreadcrumbList\",\"@id\":\"https:\\\/\\\/diarioprincipios.com\\\/index.php\\\/2024\\\/08\\\/06\\\/las-pibas-campeonas-del-interligas-provincial-de-voley\\\/#breadcrumb\",\"itemListElement\":[{\"@type\":\"ListItem\",\"position\":1,\"name\":\"Portada\",\"item\":\"https:\\\/\\\/diarioprincipios.com\\\/\"},{\"@type\":\"ListItem\",\"position\":2,\"name\":\"Las Pibas Campeonas del Interligas Provincial de V\u00f3ley\"}]},{\"@type\":\"WebSite\",\"@id\":\"https:\\\/\\\/diarioprincipios.com\\\/#website\",\"url\":\"https:\\\/\\\/diarioprincipios.com\\\/\",\"name\":\"Principios\",\"description\":\"Principios Diario\",\"publisher\":{\"@id\":\"https:\\\/\\\/diarioprincipios.com\\\/#organization\"},\"potentialAction\":[{\"@type\":\"SearchAction\",\"target\":{\"@type\":\"EntryPoint\",\"urlTemplate\":\"https:\\\/\\\/diarioprincipios.com\\\/?s={search_term_string}\"},\"query-input\":{\"@type\":\"PropertyValueSpecification\",\"valueRequired\":true,\"valueName\":\"search_term_string\"}}],\"inLanguage\":\"es\"},{\"@type\":\"Organization\",\"@id\":\"https:\\\/\\\/diarioprincipios.com\\\/#organization\",\"name\":\"Principios\",\"url\":\"https:\\\/\\\/diarioprincipios.com\\\/\",\"logo\":{\"@type\":\"ImageObject\",\"inLanguage\":\"es\",\"@id\":\"https:\\\/\\\/diarioprincipios.com\\\/#\\\/schema\\\/logo\\\/image\\\/\",\"url\":\"https:\\\/\\\/diarioprincipios.com\\\/wp-content\\\/uploads\\\/2024\\\/04\\\/cropped-www.diarioprincipios.com_-1.png\",\"contentUrl\":\"https:\\\/\\\/diarioprincipios.com\\\/wp-content\\\/uploads\\\/2024\\\/04\\\/cropped-www.diarioprincipios.com_-1.png\",\"width\":5325,\"height\":1454,\"caption\":\"Principios\"},\"image\":{\"@id\":\"https:\\\/\\\/diarioprincipios.com\\\/#\\\/schema\\\/logo\\\/image\\\/\"}},{\"@type\":\"Person\",\"@id\":\"https:\\\/\\\/diarioprincipios.com\\\/#\\\/schema\\\/person\\\/436d5a1fd41a5e250e23ff5a6a7cb080\",\"name\":\"Hern\u00e1n L\u00f3pez\",\"image\":{\"@type\":\"ImageObject\",\"inLanguage\":\"es\",\"@id\":\"https:\\\/\\\/diarioprincipios.com\\\/wp-content\\\/litespeed\\\/avatar\\\/11ddfe5610ff3bd100522525b2571f48.jpg?ver=1777048341\",\"url\":\"https:\\\/\\\/diarioprincipios.com\\\/wp-content\\\/litespeed\\\/avatar\\\/11ddfe5610ff3bd100522525b2571f48.jpg?ver=1777048341\",\"contentUrl\":\"https:\\\/\\\/diarioprincipios.com\\\/wp-content\\\/litespeed\\\/avatar\\\/11ddfe5610ff3bd100522525b2571f48.jpg?ver=1777048341\",\"caption\":\"Hern\u00e1n L\u00f3pez\"},\"url\":\"https:\\\/\\\/diarioprincipios.com\\\/index.php\\\/author\\\/hernan\\\/\"}]}<\/script>\n<!-- \/ Yoast SEO plugin. -->","yoast_head_json":{"title":"Las Pibas Campeonas del Interligas Provincial de V\u00f3ley - Principios","robots":{"index":"index","follow":"follow","max-snippet":"max-snippet:-1","max-image-preview":"max-image-preview:large","max-video-preview":"max-video-preview:-1"},"canonical":"https:\/\/diarioprincipios.com\/index.php\/2024\/08\/06\/las-pibas-campeonas-del-interligas-provincial-de-voley\/","og_locale":"es_ES","og_type":"article","og_title":"Las Pibas Campeonas del Interligas Provincial de V\u00f3ley - Principios","og_description":"Los equipos de Damas categor\u00eda Mayores, Las Pibas y Planeta Voley, ambos Campe\u00f3n y Subcampe\u00f3n del Torneo de la Asociaci\u00f3n de V\u00f3ley Capital Nacional del Vidrio representaron de la mejor manera a Berazategui en el Interligas de la Provincia de Buenos Aires que se realiz\u00f3 el \u00faltimo fin de semana en el Club Temperley. Las...","og_url":"https:\/\/diarioprincipios.com\/index.php\/2024\/08\/06\/las-pibas-campeonas-del-interligas-provincial-de-voley\/","og_site_name":"Principios","article_published_time":"2024-08-06T20:07:59+00:00","article_modified_time":"2024-08-06T20:08:01+00:00","og_image":[{"width":1080,"height":1090,"url":"https:\/\/diarioprincipios.com\/wp-content\/uploads\/2024\/08\/Screenshot_20240806_130258_WhatsApp.jpg","type":"image\/jpeg"}],"author":"Hern\u00e1n L\u00f3pez","twitter_card":"summary_large_image","twitter_misc":{"Escrito por":"Hern\u00e1n L\u00f3pez","Tiempo de lectura":"3 minutos"},"schema":{"@context":"https:\/\/schema.org","@graph":[{"@type":"Article","@id":"https:\/\/diarioprincipios.com\/index.php\/2024\/08\/06\/las-pibas-campeonas-del-interligas-provincial-de-voley\/#article","isPartOf":{"@id":"https:\/\/diarioprincipios.com\/index.php\/2024\/08\/06\/las-pibas-campeonas-del-interligas-provincial-de-voley\/"},"author":{"name":"Hern\u00e1n L\u00f3pez","@id":"https:\/\/diarioprincipios.com\/#\/schema\/person\/436d5a1fd41a5e250e23ff5a6a7cb080"},"headline":"Las Pibas Campeonas del Interligas Provincial de V\u00f3ley","datePublished":"2024-08-06T20:07:59+00:00","dateModified":"2024-08-06T20:08:01+00:00","mainEntityOfPage":{"@id":"https:\/\/diarioprincipios.com\/index.php\/2024\/08\/06\/las-pibas-campeonas-del-interligas-provincial-de-voley\/"},"wordCount":300,"commentCount":0,"publisher":{"@id":"https:\/\/diarioprincipios.com\/#organization"},"image":{"@id":"https:\/\/diarioprincipios.com\/index.php\/2024\/08\/06\/las-pibas-campeonas-del-interligas-provincial-de-voley\/#primaryimage"},"thumbnailUrl":"https:\/\/diarioprincipios.com\/wp-content\/uploads\/2024\/08\/Screenshot_20240806_130258_WhatsApp.jpg","articleSection":["Deportes"],"inLanguage":"es","potentialAction":[{"@type":"CommentAction","name":"Comment","target":["https:\/\/diarioprincipios.com\/index.php\/2024\/08\/06\/las-pibas-campeonas-del-interligas-provincial-de-voley\/#respond"]}]},{"@type":"WebPage","@id":"https:\/\/diarioprincipios.com\/index.php\/2024\/08\/06\/las-pibas-campeonas-del-interligas-provincial-de-voley\/","url":"https:\/\/diarioprincipios.com\/index.php\/2024\/08\/06\/las-pibas-campeonas-del-interligas-provincial-de-voley\/","name":"Las Pibas Campeonas del Interligas Provincial de V\u00f3ley - Principios","isPartOf":{"@id":"https:\/\/diarioprincipios.com\/#website"},"primaryImageOfPage":{"@id":"https:\/\/diarioprincipios.com\/index.php\/2024\/08\/06\/las-pibas-campeonas-del-interligas-provincial-de-voley\/#primaryimage"},"image":{"@id":"https:\/\/diarioprincipios.com\/index.php\/2024\/08\/06\/las-pibas-campeonas-del-interligas-provincial-de-voley\/#primaryimage"},"thumbnailUrl":"https:\/\/diarioprincipios.com\/wp-content\/uploads\/2024\/08\/Screenshot_20240806_130258_WhatsApp.jpg","datePublished":"2024-08-06T20:07:59+00:00","dateModified":"2024-08-06T20:08:01+00:00","breadcrumb":{"@id":"https:\/\/diarioprincipios.com\/index.php\/2024\/08\/06\/las-pibas-campeonas-del-interligas-provincial-de-voley\/#breadcrumb"},"inLanguage":"es","potentialAction":[{"@type":"ReadAction","target":["https:\/\/diarioprincipios.com\/index.php\/2024\/08\/06\/las-pibas-campeonas-del-interligas-provincial-de-voley\/"]}]},{"@type":"ImageObject","inLanguage":"es","@id":"https:\/\/diarioprincipios.com\/index.php\/2024\/08\/06\/las-pibas-campeonas-del-interligas-provincial-de-voley\/#primaryimage","url":"https:\/\/diarioprincipios.com\/wp-content\/uploads\/2024\/08\/Screenshot_20240806_130258_WhatsApp.jpg","contentUrl":"https:\/\/diarioprincipios.com\/wp-content\/uploads\/2024\/08\/Screenshot_20240806_130258_WhatsApp.jpg","width":1080,"height":1090},{"@type":"BreadcrumbList","@id":"https:\/\/diarioprincipios.com\/index.php\/2024\/08\/06\/las-pibas-campeonas-del-interligas-provincial-de-voley\/#breadcrumb","itemListElement":[{"@type":"ListItem","position":1,"name":"Portada","item":"https:\/\/diarioprincipios.com\/"},{"@type":"ListItem","position":2,"name":"Las Pibas Campeonas del Interligas Provincial de V\u00f3ley"}]},{"@type":"WebSite","@id":"https:\/\/diarioprincipios.com\/#website","url":"https:\/\/diarioprincipios.com\/","name":"Principios","description":"Principios Diario","publisher":{"@id":"https:\/\/diarioprincipios.com\/#organization"},"potentialAction":[{"@type":"SearchAction","target":{"@type":"EntryPoint","urlTemplate":"https:\/\/diarioprincipios.com\/?s={search_term_string}"},"query-input":{"@type":"PropertyValueSpecification","valueRequired":true,"valueName":"search_term_string"}}],"inLanguage":"es"},{"@type":"Organization","@id":"https:\/\/diarioprincipios.com\/#organization","name":"Principios","url":"https:\/\/diarioprincipios.com\/","logo":{"@type":"ImageObject","inLanguage":"es","@id":"https:\/\/diarioprincipios.com\/#\/schema\/logo\/image\/","url":"https:\/\/diarioprincipios.com\/wp-content\/uploads\/2024\/04\/cropped-www.diarioprincipios.com_-1.png","contentUrl":"https:\/\/diarioprincipios.com\/wp-content\/uploads\/2024\/04\/cropped-www.diarioprincipios.com_-1.png","width":5325,"height":1454,"caption":"Principios"},"image":{"@id":"https:\/\/diarioprincipios.com\/#\/schema\/logo\/image\/"}},{"@type":"Person","@id":"https:\/\/diarioprincipios.com\/#\/schema\/person\/436d5a1fd41a5e250e23ff5a6a7cb080","name":"Hern\u00e1n L\u00f3pez","image":{"@type":"ImageObject","inLanguage":"es","@id":"https:\/\/diarioprincipios.com\/wp-content\/litespeed\/avatar\/11ddfe5610ff3bd100522525b2571f48.jpg?ver=1777048341","url":"https:\/\/diarioprincipios.com\/wp-content\/litespeed\/avatar\/11ddfe5610ff3bd100522525b2571f48.jpg?ver=1777048341","contentUrl":"https:\/\/diarioprincipios.com\/wp-content\/litespeed\/avatar\/11ddfe5610ff3bd100522525b2571f48.jpg?ver=1777048341","caption":"Hern\u00e1n L\u00f3pez"},"url":"https:\/\/diarioprincipios.com\/index.php\/author\/hernan\/"}]}},"jetpack_featured_media_url":"https:\/\/diarioprincipios.com\/wp-content\/uploads\/2024\/08\/Screenshot_20240806_130258_WhatsApp.jpg","_links":{"self":[{"href":"https:\/\/diarioprincipios.com\/index.php\/wp-json\/wp\/v2\/posts\/22596","targetHints":{"allow":["GET"]}}],"collection":[{"href":"https:\/\/diarioprincipios.com\/index.php\/wp-json\/wp\/v2\/posts"}],"about":[{"href":"https:\/\/diarioprincipios.com\/index.php\/wp-json\/wp\/v2\/types\/post"}],"author":[{"embeddable":true,"href":"https:\/\/diarioprincipios.com\/index.php\/wp-json\/wp\/v2\/users\/2"}],"replies":[{"embeddable":true,"href":"https:\/\/diarioprincipios.com\/index.php\/wp-json\/wp\/v2\/comments?post=22596"}],"version-history":[{"count":1,"href":"https:\/\/diarioprincipios.com\/index.php\/wp-json\/wp\/v2\/posts\/22596\/revisions"}],"predecessor-version":[{"id":22603,"href":"https:\/\/diarioprincipios.com\/index.php\/wp-json\/wp\/v2\/posts\/22596\/revisions\/22603"}],"wp:featuredmedia":[{"embeddable":true,"href":"https:\/\/diarioprincipios.com\/index.php\/wp-json\/wp\/v2\/media\/22600"}],"wp:attachment":[{"href":"https:\/\/diarioprincipios.com\/index.php\/wp-json\/wp\/v2\/media?parent=22596"}],"wp:term":[{"taxonomy":"category","embeddable":true,"href":"https:\/\/diarioprincipios.com\/index.php\/wp-json\/wp\/v2\/categories?post=22596"},{"taxonomy":"post_tag","embeddable":true,"href":"https:\/\/diarioprincipios.com\/index.php\/wp-json\/wp\/v2\/tags?post=22596"}],"curies":[{"name":"wp","href":"https:\/\/api.w.org\/{rel}","templated":true}]}}