{"id":22563,"date":"2024-08-05T10:34:44","date_gmt":"2024-08-05T13:34:44","guid":{"rendered":"http:\/\/diarioprincipios.com\/?p=22563"},"modified":"2024-08-05T10:34:46","modified_gmt":"2024-08-05T13:34:46","slug":"el-municipio-promociona-la-adopcion-y-tenencia-responsable-de-animales","status":"publish","type":"post","link":"https:\/\/diarioprincipios.com\/index.php\/2024\/08\/05\/el-municipio-promociona-la-adopcion-y-tenencia-responsable-de-animales\/","title":{"rendered":"El Municipio promociona la adopci\u00f3n y tenencia responsable de animales"},"content":{"rendered":"\n<p><strong>La Municipalidad de Berazategui promociona permanentemente el cuidado y la defensa de los derechos de los animalitos de compa\u00f1\u00eda. En este sentido, fomenta la adopci\u00f3n y tenencia responsable, y subraya la importancia de tomar conciencia acerca del compromiso y amor que esto implica.<\/strong><br>Adriana Olivera, m\u00e9dica de la Cl\u00ednica Veterinaria Municipal, inst\u00f3: \u201cLos invitamos a adoptar animalitos de compa\u00f1\u00eda para hacerlos integrantes de su familia. Nuestra propuesta es que a la hora de adoptar, siempre la opci\u00f3n sea un animalito mestizo que no tenga hogar o est\u00e9 en alg\u00fan refugio esperando una familia. Estos animalitos son muy agradecidos y se adaptan bien a las familias porque est\u00e1n socializados. De esta manera, ayudamos a disminuir la cantidad de animales sin hogar\u201d.<\/p>\n\n\n\n<figure class=\"wp-block-image size-large\"><img loading=\"lazy\" decoding=\"async\" width=\"1024\" height=\"683\" src=\"https:\/\/diarioprincipios.com\/wp-content\/uploads\/2024\/08\/BERAZATEGUI-LE-DICE-SI-A-LA-ADOPCION-Y-TENENCIA-RESPONSABLE-DE-ANIMALES-1-1024x683.jpg\" alt=\"\" class=\"wp-image-22564\" srcset=\"https:\/\/diarioprincipios.com\/wp-content\/uploads\/2024\/08\/BERAZATEGUI-LE-DICE-SI-A-LA-ADOPCION-Y-TENENCIA-RESPONSABLE-DE-ANIMALES-1-1024x683.jpg 1024w, https:\/\/diarioprincipios.com\/wp-content\/uploads\/2024\/08\/BERAZATEGUI-LE-DICE-SI-A-LA-ADOPCION-Y-TENENCIA-RESPONSABLE-DE-ANIMALES-1-300x200.jpg 300w, https:\/\/diarioprincipios.com\/wp-content\/uploads\/2024\/08\/BERAZATEGUI-LE-DICE-SI-A-LA-ADOPCION-Y-TENENCIA-RESPONSABLE-DE-ANIMALES-1-768x512.jpg 768w, https:\/\/diarioprincipios.com\/wp-content\/uploads\/2024\/08\/BERAZATEGUI-LE-DICE-SI-A-LA-ADOPCION-Y-TENENCIA-RESPONSABLE-DE-ANIMALES-1-1536x1024.jpg 1536w, https:\/\/diarioprincipios.com\/wp-content\/uploads\/2024\/08\/BERAZATEGUI-LE-DICE-SI-A-LA-ADOPCION-Y-TENENCIA-RESPONSABLE-DE-ANIMALES-1-600x400.jpg 600w, https:\/\/diarioprincipios.com\/wp-content\/uploads\/2024\/08\/BERAZATEGUI-LE-DICE-SI-A-LA-ADOPCION-Y-TENENCIA-RESPONSABLE-DE-ANIMALES-1.jpg 1920w\" sizes=\"auto, (max-width: 1024px) 100vw, 1024px\" \/><\/figure>\n\n\n\n<p><br>\u201cEs important\u00edsimo poder brindar esa oportunidad a un animalito y as\u00ed darle calidad de vida; vacunarlo, castrarlo y contar con su compa\u00f1\u00eda como parte de nuestra familia\u201d, asegur\u00f3 Olivera. Y agreg\u00f3: \u201cTambi\u00e9n proponemos que les demos lugar a los animales viejitos, ya que son los m\u00e1s rechazados -lamentablemente- por tutores irresponsables y muchas veces sufren porque necesitan un cuidado particular. Se adaptan bien a las familias porque est\u00e1n acostumbrados a la gente y a otros animales. De esta manera, les damos la posibilidad de vivir, aunque sea sus \u00faltimos a\u00f1os de vida, en un entorno familiar\u201d.<\/p>\n\n\n\n<figure class=\"wp-block-image size-large\"><img loading=\"lazy\" decoding=\"async\" width=\"1024\" height=\"641\" src=\"https:\/\/diarioprincipios.com\/wp-content\/uploads\/2024\/08\/BERAZATEGUI-LE-DICE-SI-A-LA-ADOPCION-Y-TENENCIA-RESPONSABLE-DE-ANIMALES-3-1024x641.jpg\" alt=\"\" class=\"wp-image-22565\" srcset=\"https:\/\/diarioprincipios.com\/wp-content\/uploads\/2024\/08\/BERAZATEGUI-LE-DICE-SI-A-LA-ADOPCION-Y-TENENCIA-RESPONSABLE-DE-ANIMALES-3-1024x641.jpg 1024w, https:\/\/diarioprincipios.com\/wp-content\/uploads\/2024\/08\/BERAZATEGUI-LE-DICE-SI-A-LA-ADOPCION-Y-TENENCIA-RESPONSABLE-DE-ANIMALES-3-300x188.jpg 300w, https:\/\/diarioprincipios.com\/wp-content\/uploads\/2024\/08\/BERAZATEGUI-LE-DICE-SI-A-LA-ADOPCION-Y-TENENCIA-RESPONSABLE-DE-ANIMALES-3-768x480.jpg 768w, https:\/\/diarioprincipios.com\/wp-content\/uploads\/2024\/08\/BERAZATEGUI-LE-DICE-SI-A-LA-ADOPCION-Y-TENENCIA-RESPONSABLE-DE-ANIMALES-3-1536x961.jpg 1536w, https:\/\/diarioprincipios.com\/wp-content\/uploads\/2024\/08\/BERAZATEGUI-LE-DICE-SI-A-LA-ADOPCION-Y-TENENCIA-RESPONSABLE-DE-ANIMALES-3-150x95.jpg 150w, https:\/\/diarioprincipios.com\/wp-content\/uploads\/2024\/08\/BERAZATEGUI-LE-DICE-SI-A-LA-ADOPCION-Y-TENENCIA-RESPONSABLE-DE-ANIMALES-3-400x250.jpg 400w, https:\/\/diarioprincipios.com\/wp-content\/uploads\/2024\/08\/BERAZATEGUI-LE-DICE-SI-A-LA-ADOPCION-Y-TENENCIA-RESPONSABLE-DE-ANIMALES-3.jpg 1920w\" sizes=\"auto, (max-width: 1024px) 100vw, 1024px\" \/><\/figure>\n\n\n\n<p><br>Para conocer m\u00e1s acerca de la adopci\u00f3n de animalitos, los interesados pueden acercarse y asesorarse con los y las profesionales de la Cl\u00ednica Veterinaria Municipal (Av. Ranelagh e\/ Milazzo y 45). Asimismo, pueden conocer y adoptar a los perritos que se encuentran en el Complejo Municipal Los Privilegiados, ubicado en la calle 156 y 50, Pl\u00e1tanos, de lunes a viernes de 8.00 a 17.00, donde ser\u00e1n recibidos y asesorados por personal municipal; as\u00ed como ingresar en\u00a0<a href=\"http:\/\/corazondezonasur.com.ar\/\" target=\"_blank\" rel=\"noreferrer noopener\">corazondezonasur.com.ar<\/a>.\u00a0<br><strong>Cl\u00ednica Veterinaria Municipal: m\u00e1s de una d\u00e9cada velando por el bienestar de los animales<\/strong><br>Este espacio fomenta la tenencia responsable y brinda el servicio gratuito de atenci\u00f3n a animales de compa\u00f1\u00eda. Es el primero en su tipo en el pa\u00eds y con el tiempo se convirti\u00f3 en un ejemplo a seguir para otros municipios. A trav\u00e9s de la gesti\u00f3n del intendente Juan Jos\u00e9 Mussi, presta servicios como castraci\u00f3n, vacunaci\u00f3n antirr\u00e1bica, desparasitaci\u00f3n, atenci\u00f3n cl\u00ednica primaria y formaci\u00f3n de profesionales, as\u00ed como recuperaci\u00f3n y rehabilitaci\u00f3n de animales; y red de adopci\u00f3n responsable. Esto se suma a las jornadas de castraci\u00f3n, vacunaci\u00f3n antirr\u00e1bica y desparasitaci\u00f3n que recorren los barrios.<br>Para m\u00e1s informaci\u00f3n sobre los servicios municipales disponibles para el cuidado de los animalitos de compa\u00f1\u00eda, se puede ingresar en\u00a0<a href=\"http:\/\/corazondezonasur.com.ar\/servicios\" target=\"_blank\" rel=\"noreferrer noopener\">corazondezonasur.com.ar\/servicios<\/a>.<\/p>\n","protected":false},"excerpt":{"rendered":"<p>La Municipalidad de Berazategui promociona permanentemente el cuidado y la defensa de los derechos de los animalitos de compa\u00f1\u00eda. En este sentido, fomenta la adopci\u00f3n y tenencia responsable, y subraya la importancia de tomar conciencia acerca del compromiso y amor que esto implica.Adriana Olivera, m\u00e9dica de la Cl\u00ednica Veterinaria Municipal, inst\u00f3: \u201cLos invitamos a adoptar&#8230;<\/p>\n","protected":false},"author":2,"featured_media":22566,"comment_status":"open","ping_status":"open","sticky":false,"template":"","format":"standard","meta":{"footnotes":""},"categories":[3],"tags":[],"class_list":["post-22563","post","type-post","status-publish","format-standard","has-post-thumbnail","hentry","category-berazategui"],"featured_image_src":"https:\/\/diarioprincipios.com\/wp-content\/uploads\/2024\/08\/BERAZATEGUI-LE-DICE-SI-A-LA-ADOPCION-Y-TENENCIA-RESPONSABLE-DE-ANIMALES-1024x683.jpg","blog_images":{"medium":"https:\/\/diarioprincipios.com\/wp-content\/uploads\/2024\/08\/BERAZATEGUI-LE-DICE-SI-A-LA-ADOPCION-Y-TENENCIA-RESPONSABLE-DE-ANIMALES-300x200.jpg","large":"https:\/\/diarioprincipios.com\/wp-content\/uploads\/2024\/08\/BERAZATEGUI-LE-DICE-SI-A-LA-ADOPCION-Y-TENENCIA-RESPONSABLE-DE-ANIMALES-1024x683.jpg"},"ams_acf":[],"yoast_head":"<!-- This site is optimized with the Yoast SEO plugin v27.3 - https:\/\/yoast.com\/product\/yoast-seo-wordpress\/ -->\n<title>El Municipio promociona la adopci\u00f3n y tenencia responsable de animales - Principios<\/title>\n<meta name=\"robots\" content=\"index, follow, max-snippet:-1, max-image-preview:large, max-video-preview:-1\" \/>\n<link rel=\"canonical\" href=\"https:\/\/diarioprincipios.com\/index.php\/2024\/08\/05\/el-municipio-promociona-la-adopcion-y-tenencia-responsable-de-animales\/\" \/>\n<meta property=\"og:locale\" content=\"es_ES\" \/>\n<meta property=\"og:type\" content=\"article\" \/>\n<meta property=\"og:title\" content=\"El Municipio promociona la adopci\u00f3n y tenencia responsable de animales - Principios\" \/>\n<meta property=\"og:description\" content=\"La Municipalidad de Berazategui promociona permanentemente el cuidado y la defensa de los derechos de los animalitos de compa\u00f1\u00eda. En este sentido, fomenta la adopci\u00f3n y tenencia responsable, y subraya la importancia de tomar conciencia acerca del compromiso y amor que esto implica.Adriana Olivera, m\u00e9dica de la Cl\u00ednica Veterinaria Municipal, inst\u00f3: \u201cLos invitamos a adoptar...\" \/>\n<meta property=\"og:url\" content=\"https:\/\/diarioprincipios.com\/index.php\/2024\/08\/05\/el-municipio-promociona-la-adopcion-y-tenencia-responsable-de-animales\/\" \/>\n<meta property=\"og:site_name\" content=\"Principios\" \/>\n<meta property=\"article:published_time\" content=\"2024-08-05T13:34:44+00:00\" \/>\n<meta property=\"article:modified_time\" content=\"2024-08-05T13:34:46+00:00\" \/>\n<meta property=\"og:image\" content=\"https:\/\/diarioprincipios.com\/wp-content\/uploads\/2024\/08\/BERAZATEGUI-LE-DICE-SI-A-LA-ADOPCION-Y-TENENCIA-RESPONSABLE-DE-ANIMALES.jpg\" \/>\n\t<meta property=\"og:image:width\" content=\"1920\" \/>\n\t<meta property=\"og:image:height\" content=\"1280\" \/>\n\t<meta property=\"og:image:type\" content=\"image\/jpeg\" \/>\n<meta name=\"author\" content=\"Hern\u00e1n L\u00f3pez\" \/>\n<meta name=\"twitter:card\" content=\"summary_large_image\" \/>\n<meta name=\"twitter:label1\" content=\"Escrito por\" \/>\n\t<meta name=\"twitter:data1\" content=\"Hern\u00e1n L\u00f3pez\" \/>\n\t<meta name=\"twitter:label2\" content=\"Tiempo de lectura\" \/>\n\t<meta name=\"twitter:data2\" content=\"3 minutos\" \/>\n<script type=\"application\/ld+json\" class=\"yoast-schema-graph\">{\"@context\":\"https:\\\/\\\/schema.org\",\"@graph\":[{\"@type\":\"Article\",\"@id\":\"https:\\\/\\\/diarioprincipios.com\\\/index.php\\\/2024\\\/08\\\/05\\\/el-municipio-promociona-la-adopcion-y-tenencia-responsable-de-animales\\\/#article\",\"isPartOf\":{\"@id\":\"https:\\\/\\\/diarioprincipios.com\\\/index.php\\\/2024\\\/08\\\/05\\\/el-municipio-promociona-la-adopcion-y-tenencia-responsable-de-animales\\\/\"},\"author\":{\"name\":\"Hern\u00e1n L\u00f3pez\",\"@id\":\"https:\\\/\\\/diarioprincipios.com\\\/#\\\/schema\\\/person\\\/436d5a1fd41a5e250e23ff5a6a7cb080\"},\"headline\":\"El Municipio promociona la adopci\u00f3n y tenencia responsable de animales\",\"datePublished\":\"2024-08-05T13:34:44+00:00\",\"dateModified\":\"2024-08-05T13:34:46+00:00\",\"mainEntityOfPage\":{\"@id\":\"https:\\\/\\\/diarioprincipios.com\\\/index.php\\\/2024\\\/08\\\/05\\\/el-municipio-promociona-la-adopcion-y-tenencia-responsable-de-animales\\\/\"},\"wordCount\":475,\"commentCount\":0,\"publisher\":{\"@id\":\"https:\\\/\\\/diarioprincipios.com\\\/#organization\"},\"image\":{\"@id\":\"https:\\\/\\\/diarioprincipios.com\\\/index.php\\\/2024\\\/08\\\/05\\\/el-municipio-promociona-la-adopcion-y-tenencia-responsable-de-animales\\\/#primaryimage\"},\"thumbnailUrl\":\"https:\\\/\\\/diarioprincipios.com\\\/wp-content\\\/uploads\\\/2024\\\/08\\\/BERAZATEGUI-LE-DICE-SI-A-LA-ADOPCION-Y-TENENCIA-RESPONSABLE-DE-ANIMALES.jpg\",\"articleSection\":[\"Berazategui\"],\"inLanguage\":\"es\",\"potentialAction\":[{\"@type\":\"CommentAction\",\"name\":\"Comment\",\"target\":[\"https:\\\/\\\/diarioprincipios.com\\\/index.php\\\/2024\\\/08\\\/05\\\/el-municipio-promociona-la-adopcion-y-tenencia-responsable-de-animales\\\/#respond\"]}]},{\"@type\":\"WebPage\",\"@id\":\"https:\\\/\\\/diarioprincipios.com\\\/index.php\\\/2024\\\/08\\\/05\\\/el-municipio-promociona-la-adopcion-y-tenencia-responsable-de-animales\\\/\",\"url\":\"https:\\\/\\\/diarioprincipios.com\\\/index.php\\\/2024\\\/08\\\/05\\\/el-municipio-promociona-la-adopcion-y-tenencia-responsable-de-animales\\\/\",\"name\":\"El Municipio promociona la adopci\u00f3n y tenencia responsable de animales - Principios\",\"isPartOf\":{\"@id\":\"https:\\\/\\\/diarioprincipios.com\\\/#website\"},\"primaryImageOfPage\":{\"@id\":\"https:\\\/\\\/diarioprincipios.com\\\/index.php\\\/2024\\\/08\\\/05\\\/el-municipio-promociona-la-adopcion-y-tenencia-responsable-de-animales\\\/#primaryimage\"},\"image\":{\"@id\":\"https:\\\/\\\/diarioprincipios.com\\\/index.php\\\/2024\\\/08\\\/05\\\/el-municipio-promociona-la-adopcion-y-tenencia-responsable-de-animales\\\/#primaryimage\"},\"thumbnailUrl\":\"https:\\\/\\\/diarioprincipios.com\\\/wp-content\\\/uploads\\\/2024\\\/08\\\/BERAZATEGUI-LE-DICE-SI-A-LA-ADOPCION-Y-TENENCIA-RESPONSABLE-DE-ANIMALES.jpg\",\"datePublished\":\"2024-08-05T13:34:44+00:00\",\"dateModified\":\"2024-08-05T13:34:46+00:00\",\"breadcrumb\":{\"@id\":\"https:\\\/\\\/diarioprincipios.com\\\/index.php\\\/2024\\\/08\\\/05\\\/el-municipio-promociona-la-adopcion-y-tenencia-responsable-de-animales\\\/#breadcrumb\"},\"inLanguage\":\"es\",\"potentialAction\":[{\"@type\":\"ReadAction\",\"target\":[\"https:\\\/\\\/diarioprincipios.com\\\/index.php\\\/2024\\\/08\\\/05\\\/el-municipio-promociona-la-adopcion-y-tenencia-responsable-de-animales\\\/\"]}]},{\"@type\":\"ImageObject\",\"inLanguage\":\"es\",\"@id\":\"https:\\\/\\\/diarioprincipios.com\\\/index.php\\\/2024\\\/08\\\/05\\\/el-municipio-promociona-la-adopcion-y-tenencia-responsable-de-animales\\\/#primaryimage\",\"url\":\"https:\\\/\\\/diarioprincipios.com\\\/wp-content\\\/uploads\\\/2024\\\/08\\\/BERAZATEGUI-LE-DICE-SI-A-LA-ADOPCION-Y-TENENCIA-RESPONSABLE-DE-ANIMALES.jpg\",\"contentUrl\":\"https:\\\/\\\/diarioprincipios.com\\\/wp-content\\\/uploads\\\/2024\\\/08\\\/BERAZATEGUI-LE-DICE-SI-A-LA-ADOPCION-Y-TENENCIA-RESPONSABLE-DE-ANIMALES.jpg\",\"width\":1920,\"height\":1280},{\"@type\":\"BreadcrumbList\",\"@id\":\"https:\\\/\\\/diarioprincipios.com\\\/index.php\\\/2024\\\/08\\\/05\\\/el-municipio-promociona-la-adopcion-y-tenencia-responsable-de-animales\\\/#breadcrumb\",\"itemListElement\":[{\"@type\":\"ListItem\",\"position\":1,\"name\":\"Portada\",\"item\":\"https:\\\/\\\/diarioprincipios.com\\\/\"},{\"@type\":\"ListItem\",\"position\":2,\"name\":\"El Municipio promociona la adopci\u00f3n y tenencia responsable de animales\"}]},{\"@type\":\"WebSite\",\"@id\":\"https:\\\/\\\/diarioprincipios.com\\\/#website\",\"url\":\"https:\\\/\\\/diarioprincipios.com\\\/\",\"name\":\"Principios\",\"description\":\"Principios Diario\",\"publisher\":{\"@id\":\"https:\\\/\\\/diarioprincipios.com\\\/#organization\"},\"potentialAction\":[{\"@type\":\"SearchAction\",\"target\":{\"@type\":\"EntryPoint\",\"urlTemplate\":\"https:\\\/\\\/diarioprincipios.com\\\/?s={search_term_string}\"},\"query-input\":{\"@type\":\"PropertyValueSpecification\",\"valueRequired\":true,\"valueName\":\"search_term_string\"}}],\"inLanguage\":\"es\"},{\"@type\":\"Organization\",\"@id\":\"https:\\\/\\\/diarioprincipios.com\\\/#organization\",\"name\":\"Principios\",\"url\":\"https:\\\/\\\/diarioprincipios.com\\\/\",\"logo\":{\"@type\":\"ImageObject\",\"inLanguage\":\"es\",\"@id\":\"https:\\\/\\\/diarioprincipios.com\\\/#\\\/schema\\\/logo\\\/image\\\/\",\"url\":\"https:\\\/\\\/diarioprincipios.com\\\/wp-content\\\/uploads\\\/2024\\\/04\\\/cropped-www.diarioprincipios.com_-1.png\",\"contentUrl\":\"https:\\\/\\\/diarioprincipios.com\\\/wp-content\\\/uploads\\\/2024\\\/04\\\/cropped-www.diarioprincipios.com_-1.png\",\"width\":5325,\"height\":1454,\"caption\":\"Principios\"},\"image\":{\"@id\":\"https:\\\/\\\/diarioprincipios.com\\\/#\\\/schema\\\/logo\\\/image\\\/\"}},{\"@type\":\"Person\",\"@id\":\"https:\\\/\\\/diarioprincipios.com\\\/#\\\/schema\\\/person\\\/436d5a1fd41a5e250e23ff5a6a7cb080\",\"name\":\"Hern\u00e1n L\u00f3pez\",\"image\":{\"@type\":\"ImageObject\",\"inLanguage\":\"es\",\"@id\":\"https:\\\/\\\/diarioprincipios.com\\\/wp-content\\\/litespeed\\\/avatar\\\/11ddfe5610ff3bd100522525b2571f48.jpg?ver=1777653193\",\"url\":\"https:\\\/\\\/diarioprincipios.com\\\/wp-content\\\/litespeed\\\/avatar\\\/11ddfe5610ff3bd100522525b2571f48.jpg?ver=1777653193\",\"contentUrl\":\"https:\\\/\\\/diarioprincipios.com\\\/wp-content\\\/litespeed\\\/avatar\\\/11ddfe5610ff3bd100522525b2571f48.jpg?ver=1777653193\",\"caption\":\"Hern\u00e1n L\u00f3pez\"},\"url\":\"https:\\\/\\\/diarioprincipios.com\\\/index.php\\\/author\\\/hernan\\\/\"}]}<\/script>\n<!-- \/ Yoast SEO plugin. -->","yoast_head_json":{"title":"El Municipio promociona la adopci\u00f3n y tenencia responsable de animales - Principios","robots":{"index":"index","follow":"follow","max-snippet":"max-snippet:-1","max-image-preview":"max-image-preview:large","max-video-preview":"max-video-preview:-1"},"canonical":"https:\/\/diarioprincipios.com\/index.php\/2024\/08\/05\/el-municipio-promociona-la-adopcion-y-tenencia-responsable-de-animales\/","og_locale":"es_ES","og_type":"article","og_title":"El Municipio promociona la adopci\u00f3n y tenencia responsable de animales - Principios","og_description":"La Municipalidad de Berazategui promociona permanentemente el cuidado y la defensa de los derechos de los animalitos de compa\u00f1\u00eda. En este sentido, fomenta la adopci\u00f3n y tenencia responsable, y subraya la importancia de tomar conciencia acerca del compromiso y amor que esto implica.Adriana Olivera, m\u00e9dica de la Cl\u00ednica Veterinaria Municipal, inst\u00f3: \u201cLos invitamos a adoptar...","og_url":"https:\/\/diarioprincipios.com\/index.php\/2024\/08\/05\/el-municipio-promociona-la-adopcion-y-tenencia-responsable-de-animales\/","og_site_name":"Principios","article_published_time":"2024-08-05T13:34:44+00:00","article_modified_time":"2024-08-05T13:34:46+00:00","og_image":[{"width":1920,"height":1280,"url":"https:\/\/diarioprincipios.com\/wp-content\/uploads\/2024\/08\/BERAZATEGUI-LE-DICE-SI-A-LA-ADOPCION-Y-TENENCIA-RESPONSABLE-DE-ANIMALES.jpg","type":"image\/jpeg"}],"author":"Hern\u00e1n L\u00f3pez","twitter_card":"summary_large_image","twitter_misc":{"Escrito por":"Hern\u00e1n L\u00f3pez","Tiempo de lectura":"3 minutos"},"schema":{"@context":"https:\/\/schema.org","@graph":[{"@type":"Article","@id":"https:\/\/diarioprincipios.com\/index.php\/2024\/08\/05\/el-municipio-promociona-la-adopcion-y-tenencia-responsable-de-animales\/#article","isPartOf":{"@id":"https:\/\/diarioprincipios.com\/index.php\/2024\/08\/05\/el-municipio-promociona-la-adopcion-y-tenencia-responsable-de-animales\/"},"author":{"name":"Hern\u00e1n L\u00f3pez","@id":"https:\/\/diarioprincipios.com\/#\/schema\/person\/436d5a1fd41a5e250e23ff5a6a7cb080"},"headline":"El Municipio promociona la adopci\u00f3n y tenencia responsable de animales","datePublished":"2024-08-05T13:34:44+00:00","dateModified":"2024-08-05T13:34:46+00:00","mainEntityOfPage":{"@id":"https:\/\/diarioprincipios.com\/index.php\/2024\/08\/05\/el-municipio-promociona-la-adopcion-y-tenencia-responsable-de-animales\/"},"wordCount":475,"commentCount":0,"publisher":{"@id":"https:\/\/diarioprincipios.com\/#organization"},"image":{"@id":"https:\/\/diarioprincipios.com\/index.php\/2024\/08\/05\/el-municipio-promociona-la-adopcion-y-tenencia-responsable-de-animales\/#primaryimage"},"thumbnailUrl":"https:\/\/diarioprincipios.com\/wp-content\/uploads\/2024\/08\/BERAZATEGUI-LE-DICE-SI-A-LA-ADOPCION-Y-TENENCIA-RESPONSABLE-DE-ANIMALES.jpg","articleSection":["Berazategui"],"inLanguage":"es","potentialAction":[{"@type":"CommentAction","name":"Comment","target":["https:\/\/diarioprincipios.com\/index.php\/2024\/08\/05\/el-municipio-promociona-la-adopcion-y-tenencia-responsable-de-animales\/#respond"]}]},{"@type":"WebPage","@id":"https:\/\/diarioprincipios.com\/index.php\/2024\/08\/05\/el-municipio-promociona-la-adopcion-y-tenencia-responsable-de-animales\/","url":"https:\/\/diarioprincipios.com\/index.php\/2024\/08\/05\/el-municipio-promociona-la-adopcion-y-tenencia-responsable-de-animales\/","name":"El Municipio promociona la adopci\u00f3n y tenencia responsable de animales - Principios","isPartOf":{"@id":"https:\/\/diarioprincipios.com\/#website"},"primaryImageOfPage":{"@id":"https:\/\/diarioprincipios.com\/index.php\/2024\/08\/05\/el-municipio-promociona-la-adopcion-y-tenencia-responsable-de-animales\/#primaryimage"},"image":{"@id":"https:\/\/diarioprincipios.com\/index.php\/2024\/08\/05\/el-municipio-promociona-la-adopcion-y-tenencia-responsable-de-animales\/#primaryimage"},"thumbnailUrl":"https:\/\/diarioprincipios.com\/wp-content\/uploads\/2024\/08\/BERAZATEGUI-LE-DICE-SI-A-LA-ADOPCION-Y-TENENCIA-RESPONSABLE-DE-ANIMALES.jpg","datePublished":"2024-08-05T13:34:44+00:00","dateModified":"2024-08-05T13:34:46+00:00","breadcrumb":{"@id":"https:\/\/diarioprincipios.com\/index.php\/2024\/08\/05\/el-municipio-promociona-la-adopcion-y-tenencia-responsable-de-animales\/#breadcrumb"},"inLanguage":"es","potentialAction":[{"@type":"ReadAction","target":["https:\/\/diarioprincipios.com\/index.php\/2024\/08\/05\/el-municipio-promociona-la-adopcion-y-tenencia-responsable-de-animales\/"]}]},{"@type":"ImageObject","inLanguage":"es","@id":"https:\/\/diarioprincipios.com\/index.php\/2024\/08\/05\/el-municipio-promociona-la-adopcion-y-tenencia-responsable-de-animales\/#primaryimage","url":"https:\/\/diarioprincipios.com\/wp-content\/uploads\/2024\/08\/BERAZATEGUI-LE-DICE-SI-A-LA-ADOPCION-Y-TENENCIA-RESPONSABLE-DE-ANIMALES.jpg","contentUrl":"https:\/\/diarioprincipios.com\/wp-content\/uploads\/2024\/08\/BERAZATEGUI-LE-DICE-SI-A-LA-ADOPCION-Y-TENENCIA-RESPONSABLE-DE-ANIMALES.jpg","width":1920,"height":1280},{"@type":"BreadcrumbList","@id":"https:\/\/diarioprincipios.com\/index.php\/2024\/08\/05\/el-municipio-promociona-la-adopcion-y-tenencia-responsable-de-animales\/#breadcrumb","itemListElement":[{"@type":"ListItem","position":1,"name":"Portada","item":"https:\/\/diarioprincipios.com\/"},{"@type":"ListItem","position":2,"name":"El Municipio promociona la adopci\u00f3n y tenencia responsable de animales"}]},{"@type":"WebSite","@id":"https:\/\/diarioprincipios.com\/#website","url":"https:\/\/diarioprincipios.com\/","name":"Principios","description":"Principios Diario","publisher":{"@id":"https:\/\/diarioprincipios.com\/#organization"},"potentialAction":[{"@type":"SearchAction","target":{"@type":"EntryPoint","urlTemplate":"https:\/\/diarioprincipios.com\/?s={search_term_string}"},"query-input":{"@type":"PropertyValueSpecification","valueRequired":true,"valueName":"search_term_string"}}],"inLanguage":"es"},{"@type":"Organization","@id":"https:\/\/diarioprincipios.com\/#organization","name":"Principios","url":"https:\/\/diarioprincipios.com\/","logo":{"@type":"ImageObject","inLanguage":"es","@id":"https:\/\/diarioprincipios.com\/#\/schema\/logo\/image\/","url":"https:\/\/diarioprincipios.com\/wp-content\/uploads\/2024\/04\/cropped-www.diarioprincipios.com_-1.png","contentUrl":"https:\/\/diarioprincipios.com\/wp-content\/uploads\/2024\/04\/cropped-www.diarioprincipios.com_-1.png","width":5325,"height":1454,"caption":"Principios"},"image":{"@id":"https:\/\/diarioprincipios.com\/#\/schema\/logo\/image\/"}},{"@type":"Person","@id":"https:\/\/diarioprincipios.com\/#\/schema\/person\/436d5a1fd41a5e250e23ff5a6a7cb080","name":"Hern\u00e1n L\u00f3pez","image":{"@type":"ImageObject","inLanguage":"es","@id":"https:\/\/diarioprincipios.com\/wp-content\/litespeed\/avatar\/11ddfe5610ff3bd100522525b2571f48.jpg?ver=1777653193","url":"https:\/\/diarioprincipios.com\/wp-content\/litespeed\/avatar\/11ddfe5610ff3bd100522525b2571f48.jpg?ver=1777653193","contentUrl":"https:\/\/diarioprincipios.com\/wp-content\/litespeed\/avatar\/11ddfe5610ff3bd100522525b2571f48.jpg?ver=1777653193","caption":"Hern\u00e1n L\u00f3pez"},"url":"https:\/\/diarioprincipios.com\/index.php\/author\/hernan\/"}]}},"jetpack_featured_media_url":"https:\/\/diarioprincipios.com\/wp-content\/uploads\/2024\/08\/BERAZATEGUI-LE-DICE-SI-A-LA-ADOPCION-Y-TENENCIA-RESPONSABLE-DE-ANIMALES.jpg","_links":{"self":[{"href":"https:\/\/diarioprincipios.com\/index.php\/wp-json\/wp\/v2\/posts\/22563","targetHints":{"allow":["GET"]}}],"collection":[{"href":"https:\/\/diarioprincipios.com\/index.php\/wp-json\/wp\/v2\/posts"}],"about":[{"href":"https:\/\/diarioprincipios.com\/index.php\/wp-json\/wp\/v2\/types\/post"}],"author":[{"embeddable":true,"href":"https:\/\/diarioprincipios.com\/index.php\/wp-json\/wp\/v2\/users\/2"}],"replies":[{"embeddable":true,"href":"https:\/\/diarioprincipios.com\/index.php\/wp-json\/wp\/v2\/comments?post=22563"}],"version-history":[{"count":1,"href":"https:\/\/diarioprincipios.com\/index.php\/wp-json\/wp\/v2\/posts\/22563\/revisions"}],"predecessor-version":[{"id":22567,"href":"https:\/\/diarioprincipios.com\/index.php\/wp-json\/wp\/v2\/posts\/22563\/revisions\/22567"}],"wp:featuredmedia":[{"embeddable":true,"href":"https:\/\/diarioprincipios.com\/index.php\/wp-json\/wp\/v2\/media\/22566"}],"wp:attachment":[{"href":"https:\/\/diarioprincipios.com\/index.php\/wp-json\/wp\/v2\/media?parent=22563"}],"wp:term":[{"taxonomy":"category","embeddable":true,"href":"https:\/\/diarioprincipios.com\/index.php\/wp-json\/wp\/v2\/categories?post=22563"},{"taxonomy":"post_tag","embeddable":true,"href":"https:\/\/diarioprincipios.com\/index.php\/wp-json\/wp\/v2\/tags?post=22563"}],"curies":[{"name":"wp","href":"https:\/\/api.w.org\/{rel}","templated":true}]}}