{"id":2256,"date":"2020-05-29T15:24:43","date_gmt":"2020-05-29T18:24:43","guid":{"rendered":"http:\/\/diarioprincipios.com\/?p=2256"},"modified":"2020-05-29T15:24:45","modified_gmt":"2020-05-29T18:24:45","slug":"el-presidente-y-el-gobernador-encabezaron-acto-en-la-planta-de-aysa","status":"publish","type":"post","link":"https:\/\/diarioprincipios.com\/index.php\/2020\/05\/29\/el-presidente-y-el-gobernador-encabezaron-acto-en-la-planta-de-aysa\/","title":{"rendered":"El Presidente y el Gobernador encabezaron acto en la Planta de Aysa"},"content":{"rendered":"\n<p>La intendenta de Quilmes, Mayra Mendoza, recibi\u00f3 al presidente de la Naci\u00f3n, Alberto Fern\u00e1ndez, y al gobernador de la provincia de Buenos Aires, Axel Kicillof, en el acto que se desarroll\u00f3 en la Planta Potabilizadora General Belgrano, que la empresa Agua y Saneamientos Argentinos (AySA) tiene en Bernal, donde se realiz\u00f3 la Bajada de la Rueda de Corte de la \u201cTunelera Eva\u201d, que ejecutar\u00e1 el t\u00fanel para construir un r\u00edo subterr\u00e1neo hasta Lomas de Zamora, que forma parte de las obras del Sistema Agua Sur, que beneficiar\u00e1 a 2.500.000 vecinos y vecinas de los partidos de Quilmes, Almirante Brown, Esteban Echeverr\u00eda, Ezeiza y&nbsp; Lomas de Zamora.<\/p>\n\n\n\n<p>\u201cHoy estamos ac\u00e1 inaugurando esta obra en Quilmes, un lugar que est\u00e1 sufriendo. Y quiero que todos los argentinos sepan que todos los que estamos ac\u00e1 gobernando, somos un habitante m\u00e1s de Villa Azul, del barrio Padre Mugica, de la Villa 1-11-14 y de cada barrio popular m\u00e1s que hay en la Argentina. All\u00ed hay una necesidad y all\u00ed hay derechos que reponer\u201d, expres\u00f3 Alberto Fern\u00e1ndez. Y a\u00f1adi\u00f3: \u201cTanto demoramos para entender que hay 2 millones y medio de bonaerenses que necesitan estas obras tan solo para abrir una canilla de donde salga agua\u201d.<\/p>\n\n\n\n<p>El Presidente de la Naci\u00f3n afirm\u00f3: \u201cNo podemos vivir en paz con nuestra conciencia sabiendo de semejantes injusticias. Justicia es tener acceso a la salud, a la educaci\u00f3n y al agua. No podemos hacernos los distra\u00eddos y tenemos que hacernos cargo de nuestros compatriotas. Son argentinos que todos los d\u00edas luchan en condiciones muy adversas y que la meritocracia los dej\u00f3 de lado. Les hicieron creer que ellos no ten\u00edan m\u00e9ritos y no tuvieron oportunidades. Nosotros vamos a darles oportunidades a todos los argentinos y van a ver qu\u00e9 distinto va a ser el pa\u00eds cuando todo sea m\u00e1s justo. Y Mayra, cont\u00e1 conmigo para lo que Quilmes necesite\u201d.<\/p>\n\n\n\n<figure class=\"wp-block-image size-large\"><img loading=\"lazy\" decoding=\"async\" width=\"1024\" height=\"683\" src=\"https:\/\/diarioprincipios.com\/wp-content\/uploads\/2020\/05\/IMG-20200529-WA0034-1024x683.jpg\" alt=\"\" class=\"wp-image-2257\" srcset=\"https:\/\/diarioprincipios.com\/wp-content\/uploads\/2020\/05\/IMG-20200529-WA0034-1024x683.jpg 1024w, https:\/\/diarioprincipios.com\/wp-content\/uploads\/2020\/05\/IMG-20200529-WA0034-300x200.jpg 300w, https:\/\/diarioprincipios.com\/wp-content\/uploads\/2020\/05\/IMG-20200529-WA0034-768x512.jpg 768w, https:\/\/diarioprincipios.com\/wp-content\/uploads\/2020\/05\/IMG-20200529-WA0034.jpg 1280w\" sizes=\"auto, (max-width: 1024px) 100vw, 1024px\" \/><\/figure>\n\n\n\n<p>Por su parte, la intendenta Mayra Mendoza, afirm\u00f3: \u201cEsta obra de acceso y mejora a la red de agua potable representa mucho m\u00e1s de lo que dicen las palabras, ya que representa mucho la desigualdad que vivimos, que es la del conurbano bonaerense. Representa que lleg\u00f3 el Estado para garantizar derechos y tambi\u00e9n representa un acto de soberan\u00eda, y en este 2020 a\u00f1o Belgraniano, no hay mejor homenaje que poder seguir construyendo soberan\u00eda. Como tambi\u00e9n los hizo N\u00e9stor Kirchner en el a\u00f1o 2006, cuando recuper\u00f3 y puso en manos del Estado argentino esta empresa\u201d. Y agreg\u00f3: \u201cEsto que estamos haciendo es cumplir con las deudas hist\u00f3ricas de los m\u00e1s postergados\u201d<\/p>\n\n\n\n<p>A su vez, la Jefa comunal se refiri\u00f3 a las obras de urbanizaci\u00f3n que se esperan realizar en el barrio Villa Azul y al compromiso asumido por el Primer Mandatario para esta cuesti\u00f3n: \u201cHoy est\u00e1 sufriendo mucho esa parte tan injusta de este distrito que es Villa Azul. Como les dije a los vecinos y vecinas de ese barrio estamos haciendo el aislamiento juntos. Est\u00e1 el Estado presente, estamos los militantes, estamos quienes creemos que el camino de nuestra vida es buscar justicia social. Y s\u00e9 Alberto que no es f\u00e1cil plantearse la urbanizaci\u00f3n de un barrio, pero que esta es una oportunidad, es la oportunidad para la transformaci\u00f3n. Y s\u00e9 del compromiso para enfrentar esta emergencia sanitaria y s\u00e9 de tu compromiso tambi\u00e9n para poder comenzar ese proceso de urbanizaci\u00f3n\u201d.<\/p>\n\n\n\n<figure class=\"wp-block-image size-large\"><img loading=\"lazy\" decoding=\"async\" width=\"1024\" height=\"683\" src=\"https:\/\/diarioprincipios.com\/wp-content\/uploads\/2020\/05\/IMG-20200529-WA0032.jpg\" alt=\"\" class=\"wp-image-2258\" srcset=\"https:\/\/diarioprincipios.com\/wp-content\/uploads\/2020\/05\/IMG-20200529-WA0032.jpg 1024w, https:\/\/diarioprincipios.com\/wp-content\/uploads\/2020\/05\/IMG-20200529-WA0032-300x200.jpg 300w, https:\/\/diarioprincipios.com\/wp-content\/uploads\/2020\/05\/IMG-20200529-WA0032-768x512.jpg 768w\" sizes=\"auto, (max-width: 1024px) 100vw, 1024px\" \/><\/figure>\n\n\n\n<p>Mendoza concluy\u00f3: \u201cPodes contar con esta intendenta, con estos intendentes, y principalmente, con nuestros vecinos y vecinas para poder llevar adelante eso que no queremos que quede en un sue\u00f1o, queremos que sea una realidad. Queremos cumplir con ese objetivo que nos plante\u00f3 Cristina (Kirchner) de llegar a los barrios para organizar y para organizar para transformar. Esa es nuestra tarea y en eso vamos a encontrar todos juntos y todas juntas trabajando\u201d.<\/p>\n\n\n\n<p>En tanto, el gobernador Kicillof sostuvo: \u201cLo que hace AySA muchas veces no se ve, porque est\u00e1 debajo de la tierra; pero al mismo tiempo representa algo tan b\u00e1sico como que se abra una canilla y tener acceso al agua. Esta obra es fara\u00f3nica: 13 kil\u00f3metros de t\u00fanel, miles de piezas de hormig\u00f3n armado y la m\u00e1xima tecnolog\u00eda para algo tan simple como que salga agua de las canillas en la provincia de Bueno Aires. Y es algo que muchos bonaerenses hoy no tienen\u201d,&nbsp;<\/p>\n\n\n\n<p>Y agreg\u00f3: \u201cPor eso muy contento y orgulloso de estar hoy en este acto pudiendo agradecerle a Alberto la decisi\u00f3n de poner en marcha esta obra que le va a mejorar la vida a much\u00edsimos y much\u00edsimas bonaerenses\u201d.&nbsp;<\/p>\n\n\n\n<p>En el acto tambi\u00e9n estuvieron presentes la titular de AySA Malena Galmarini; el presidente de la C\u00e1mara de Diputados de la Naci\u00f3n, Sergio Massa; el presidente del bloque de Diputados Nacionales por el Frente de Todos, M\u00e1ximo Kirchner; el ministro del Interior, Eduardo Wado de Pedro; el ministro de Obras P\u00fablicas Gabriel Katopodis; su par bonaerense, Agust\u00edn Simone; y el embajador de Italia, Giuseppe Manzo.<\/p>\n\n\n\n<p>Adem\u00e1s participaron del encuentro los intendentes de Florencio Varela, Andr\u00e9s Watson; de Lan\u00fas, N\u00e9stor Grindetti; de Malvinas Argentinas, Leonardo Nardini; de Almirante Brown, Mariano Cascallares, de Ezeiza, Alejandro Granados; y trabajadores y trabajadoras que forman parte de las obras.<\/p>\n","protected":false},"excerpt":{"rendered":"<p>La intendenta de Quilmes, Mayra Mendoza, recibi\u00f3 al presidente de la Naci\u00f3n, Alberto Fern\u00e1ndez, y al gobernador de la provincia de Buenos Aires, Axel Kicillof, en el acto que se desarroll\u00f3 en la Planta Potabilizadora General Belgrano, que la empresa Agua y Saneamientos Argentinos (AySA) tiene en Bernal, donde se realiz\u00f3 la Bajada de la&#8230;<\/p>\n","protected":false},"author":2,"featured_media":2259,"comment_status":"open","ping_status":"open","sticky":false,"template":"","format":"standard","meta":{"footnotes":""},"categories":[4],"tags":[],"class_list":["post-2256","post","type-post","status-publish","format-standard","has-post-thumbnail","hentry","category-quilmes"],"featured_image_src":"https:\/\/diarioprincipios.com\/wp-content\/uploads\/2020\/05\/IMG-20200529-WA0033.jpg","blog_images":{"medium":"https:\/\/diarioprincipios.com\/wp-content\/uploads\/2020\/05\/IMG-20200529-WA0033-300x200.jpg","large":"https:\/\/diarioprincipios.com\/wp-content\/uploads\/2020\/05\/IMG-20200529-WA0033.jpg"},"ams_acf":[],"yoast_head":"<!-- This site is optimized with the Yoast SEO plugin v27.3 - https:\/\/yoast.com\/product\/yoast-seo-wordpress\/ -->\n<title>El Presidente y el Gobernador encabezaron acto en la Planta de Aysa - Principios<\/title>\n<meta name=\"robots\" content=\"index, follow, max-snippet:-1, max-image-preview:large, max-video-preview:-1\" \/>\n<link rel=\"canonical\" href=\"https:\/\/diarioprincipios.com\/index.php\/2020\/05\/29\/el-presidente-y-el-gobernador-encabezaron-acto-en-la-planta-de-aysa\/\" \/>\n<meta property=\"og:locale\" content=\"es_ES\" \/>\n<meta property=\"og:type\" content=\"article\" \/>\n<meta property=\"og:title\" content=\"El Presidente y el Gobernador encabezaron acto en la Planta de Aysa - Principios\" \/>\n<meta property=\"og:description\" content=\"La intendenta de Quilmes, Mayra Mendoza, recibi\u00f3 al presidente de la Naci\u00f3n, Alberto Fern\u00e1ndez, y al gobernador de la provincia de Buenos Aires, Axel Kicillof, en el acto que se desarroll\u00f3 en la Planta Potabilizadora General Belgrano, que la empresa Agua y Saneamientos Argentinos (AySA) tiene en Bernal, donde se realiz\u00f3 la Bajada de la...\" \/>\n<meta property=\"og:url\" content=\"https:\/\/diarioprincipios.com\/index.php\/2020\/05\/29\/el-presidente-y-el-gobernador-encabezaron-acto-en-la-planta-de-aysa\/\" \/>\n<meta property=\"og:site_name\" content=\"Principios\" \/>\n<meta property=\"article:published_time\" content=\"2020-05-29T18:24:43+00:00\" \/>\n<meta property=\"article:modified_time\" content=\"2020-05-29T18:24:45+00:00\" \/>\n<meta property=\"og:image\" content=\"https:\/\/diarioprincipios.com\/wp-content\/uploads\/2020\/05\/IMG-20200529-WA0033.jpg\" \/>\n\t<meta property=\"og:image:width\" content=\"1024\" \/>\n\t<meta property=\"og:image:height\" content=\"683\" \/>\n\t<meta property=\"og:image:type\" content=\"image\/jpeg\" \/>\n<meta name=\"author\" content=\"Hern\u00e1n L\u00f3pez\" \/>\n<meta name=\"twitter:card\" content=\"summary_large_image\" \/>\n<meta name=\"twitter:label1\" content=\"Escrito por\" \/>\n\t<meta name=\"twitter:data1\" content=\"Hern\u00e1n L\u00f3pez\" \/>\n\t<meta name=\"twitter:label2\" content=\"Tiempo de lectura\" \/>\n\t<meta name=\"twitter:data2\" content=\"5 minutos\" \/>\n<script type=\"application\/ld+json\" class=\"yoast-schema-graph\">{\"@context\":\"https:\\\/\\\/schema.org\",\"@graph\":[{\"@type\":\"Article\",\"@id\":\"https:\\\/\\\/diarioprincipios.com\\\/index.php\\\/2020\\\/05\\\/29\\\/el-presidente-y-el-gobernador-encabezaron-acto-en-la-planta-de-aysa\\\/#article\",\"isPartOf\":{\"@id\":\"https:\\\/\\\/diarioprincipios.com\\\/index.php\\\/2020\\\/05\\\/29\\\/el-presidente-y-el-gobernador-encabezaron-acto-en-la-planta-de-aysa\\\/\"},\"author\":{\"name\":\"Hern\u00e1n L\u00f3pez\",\"@id\":\"https:\\\/\\\/diarioprincipios.com\\\/#\\\/schema\\\/person\\\/436d5a1fd41a5e250e23ff5a6a7cb080\"},\"headline\":\"El Presidente y el Gobernador encabezaron acto en la Planta de Aysa\",\"datePublished\":\"2020-05-29T18:24:43+00:00\",\"dateModified\":\"2020-05-29T18:24:45+00:00\",\"mainEntityOfPage\":{\"@id\":\"https:\\\/\\\/diarioprincipios.com\\\/index.php\\\/2020\\\/05\\\/29\\\/el-presidente-y-el-gobernador-encabezaron-acto-en-la-planta-de-aysa\\\/\"},\"wordCount\":916,\"commentCount\":0,\"publisher\":{\"@id\":\"https:\\\/\\\/diarioprincipios.com\\\/#organization\"},\"image\":{\"@id\":\"https:\\\/\\\/diarioprincipios.com\\\/index.php\\\/2020\\\/05\\\/29\\\/el-presidente-y-el-gobernador-encabezaron-acto-en-la-planta-de-aysa\\\/#primaryimage\"},\"thumbnailUrl\":\"https:\\\/\\\/diarioprincipios.com\\\/wp-content\\\/uploads\\\/2020\\\/05\\\/IMG-20200529-WA0033.jpg\",\"articleSection\":[\"Quilmes\"],\"inLanguage\":\"es\",\"potentialAction\":[{\"@type\":\"CommentAction\",\"name\":\"Comment\",\"target\":[\"https:\\\/\\\/diarioprincipios.com\\\/index.php\\\/2020\\\/05\\\/29\\\/el-presidente-y-el-gobernador-encabezaron-acto-en-la-planta-de-aysa\\\/#respond\"]}]},{\"@type\":\"WebPage\",\"@id\":\"https:\\\/\\\/diarioprincipios.com\\\/index.php\\\/2020\\\/05\\\/29\\\/el-presidente-y-el-gobernador-encabezaron-acto-en-la-planta-de-aysa\\\/\",\"url\":\"https:\\\/\\\/diarioprincipios.com\\\/index.php\\\/2020\\\/05\\\/29\\\/el-presidente-y-el-gobernador-encabezaron-acto-en-la-planta-de-aysa\\\/\",\"name\":\"El Presidente y el Gobernador encabezaron acto en la Planta de Aysa - Principios\",\"isPartOf\":{\"@id\":\"https:\\\/\\\/diarioprincipios.com\\\/#website\"},\"primaryImageOfPage\":{\"@id\":\"https:\\\/\\\/diarioprincipios.com\\\/index.php\\\/2020\\\/05\\\/29\\\/el-presidente-y-el-gobernador-encabezaron-acto-en-la-planta-de-aysa\\\/#primaryimage\"},\"image\":{\"@id\":\"https:\\\/\\\/diarioprincipios.com\\\/index.php\\\/2020\\\/05\\\/29\\\/el-presidente-y-el-gobernador-encabezaron-acto-en-la-planta-de-aysa\\\/#primaryimage\"},\"thumbnailUrl\":\"https:\\\/\\\/diarioprincipios.com\\\/wp-content\\\/uploads\\\/2020\\\/05\\\/IMG-20200529-WA0033.jpg\",\"datePublished\":\"2020-05-29T18:24:43+00:00\",\"dateModified\":\"2020-05-29T18:24:45+00:00\",\"breadcrumb\":{\"@id\":\"https:\\\/\\\/diarioprincipios.com\\\/index.php\\\/2020\\\/05\\\/29\\\/el-presidente-y-el-gobernador-encabezaron-acto-en-la-planta-de-aysa\\\/#breadcrumb\"},\"inLanguage\":\"es\",\"potentialAction\":[{\"@type\":\"ReadAction\",\"target\":[\"https:\\\/\\\/diarioprincipios.com\\\/index.php\\\/2020\\\/05\\\/29\\\/el-presidente-y-el-gobernador-encabezaron-acto-en-la-planta-de-aysa\\\/\"]}]},{\"@type\":\"ImageObject\",\"inLanguage\":\"es\",\"@id\":\"https:\\\/\\\/diarioprincipios.com\\\/index.php\\\/2020\\\/05\\\/29\\\/el-presidente-y-el-gobernador-encabezaron-acto-en-la-planta-de-aysa\\\/#primaryimage\",\"url\":\"https:\\\/\\\/diarioprincipios.com\\\/wp-content\\\/uploads\\\/2020\\\/05\\\/IMG-20200529-WA0033.jpg\",\"contentUrl\":\"https:\\\/\\\/diarioprincipios.com\\\/wp-content\\\/uploads\\\/2020\\\/05\\\/IMG-20200529-WA0033.jpg\",\"width\":1024,\"height\":683},{\"@type\":\"BreadcrumbList\",\"@id\":\"https:\\\/\\\/diarioprincipios.com\\\/index.php\\\/2020\\\/05\\\/29\\\/el-presidente-y-el-gobernador-encabezaron-acto-en-la-planta-de-aysa\\\/#breadcrumb\",\"itemListElement\":[{\"@type\":\"ListItem\",\"position\":1,\"name\":\"Portada\",\"item\":\"https:\\\/\\\/diarioprincipios.com\\\/\"},{\"@type\":\"ListItem\",\"position\":2,\"name\":\"El Presidente y el Gobernador encabezaron acto en la Planta de Aysa\"}]},{\"@type\":\"WebSite\",\"@id\":\"https:\\\/\\\/diarioprincipios.com\\\/#website\",\"url\":\"https:\\\/\\\/diarioprincipios.com\\\/\",\"name\":\"Principios\",\"description\":\"Principios Diario\",\"publisher\":{\"@id\":\"https:\\\/\\\/diarioprincipios.com\\\/#organization\"},\"potentialAction\":[{\"@type\":\"SearchAction\",\"target\":{\"@type\":\"EntryPoint\",\"urlTemplate\":\"https:\\\/\\\/diarioprincipios.com\\\/?s={search_term_string}\"},\"query-input\":{\"@type\":\"PropertyValueSpecification\",\"valueRequired\":true,\"valueName\":\"search_term_string\"}}],\"inLanguage\":\"es\"},{\"@type\":\"Organization\",\"@id\":\"https:\\\/\\\/diarioprincipios.com\\\/#organization\",\"name\":\"Principios\",\"url\":\"https:\\\/\\\/diarioprincipios.com\\\/\",\"logo\":{\"@type\":\"ImageObject\",\"inLanguage\":\"es\",\"@id\":\"https:\\\/\\\/diarioprincipios.com\\\/#\\\/schema\\\/logo\\\/image\\\/\",\"url\":\"https:\\\/\\\/diarioprincipios.com\\\/wp-content\\\/uploads\\\/2024\\\/04\\\/cropped-www.diarioprincipios.com_-1.png\",\"contentUrl\":\"https:\\\/\\\/diarioprincipios.com\\\/wp-content\\\/uploads\\\/2024\\\/04\\\/cropped-www.diarioprincipios.com_-1.png\",\"width\":5325,\"height\":1454,\"caption\":\"Principios\"},\"image\":{\"@id\":\"https:\\\/\\\/diarioprincipios.com\\\/#\\\/schema\\\/logo\\\/image\\\/\"}},{\"@type\":\"Person\",\"@id\":\"https:\\\/\\\/diarioprincipios.com\\\/#\\\/schema\\\/person\\\/436d5a1fd41a5e250e23ff5a6a7cb080\",\"name\":\"Hern\u00e1n L\u00f3pez\",\"image\":{\"@type\":\"ImageObject\",\"inLanguage\":\"es\",\"@id\":\"https:\\\/\\\/diarioprincipios.com\\\/wp-content\\\/litespeed\\\/avatar\\\/11ddfe5610ff3bd100522525b2571f48.jpg?ver=1777048341\",\"url\":\"https:\\\/\\\/diarioprincipios.com\\\/wp-content\\\/litespeed\\\/avatar\\\/11ddfe5610ff3bd100522525b2571f48.jpg?ver=1777048341\",\"contentUrl\":\"https:\\\/\\\/diarioprincipios.com\\\/wp-content\\\/litespeed\\\/avatar\\\/11ddfe5610ff3bd100522525b2571f48.jpg?ver=1777048341\",\"caption\":\"Hern\u00e1n L\u00f3pez\"},\"url\":\"https:\\\/\\\/diarioprincipios.com\\\/index.php\\\/author\\\/hernan\\\/\"}]}<\/script>\n<!-- \/ Yoast SEO plugin. -->","yoast_head_json":{"title":"El Presidente y el Gobernador encabezaron acto en la Planta de Aysa - Principios","robots":{"index":"index","follow":"follow","max-snippet":"max-snippet:-1","max-image-preview":"max-image-preview:large","max-video-preview":"max-video-preview:-1"},"canonical":"https:\/\/diarioprincipios.com\/index.php\/2020\/05\/29\/el-presidente-y-el-gobernador-encabezaron-acto-en-la-planta-de-aysa\/","og_locale":"es_ES","og_type":"article","og_title":"El Presidente y el Gobernador encabezaron acto en la Planta de Aysa - Principios","og_description":"La intendenta de Quilmes, Mayra Mendoza, recibi\u00f3 al presidente de la Naci\u00f3n, Alberto Fern\u00e1ndez, y al gobernador de la provincia de Buenos Aires, Axel Kicillof, en el acto que se desarroll\u00f3 en la Planta Potabilizadora General Belgrano, que la empresa Agua y Saneamientos Argentinos (AySA) tiene en Bernal, donde se realiz\u00f3 la Bajada de la...","og_url":"https:\/\/diarioprincipios.com\/index.php\/2020\/05\/29\/el-presidente-y-el-gobernador-encabezaron-acto-en-la-planta-de-aysa\/","og_site_name":"Principios","article_published_time":"2020-05-29T18:24:43+00:00","article_modified_time":"2020-05-29T18:24:45+00:00","og_image":[{"width":1024,"height":683,"url":"https:\/\/diarioprincipios.com\/wp-content\/uploads\/2020\/05\/IMG-20200529-WA0033.jpg","type":"image\/jpeg"}],"author":"Hern\u00e1n L\u00f3pez","twitter_card":"summary_large_image","twitter_misc":{"Escrito por":"Hern\u00e1n L\u00f3pez","Tiempo de lectura":"5 minutos"},"schema":{"@context":"https:\/\/schema.org","@graph":[{"@type":"Article","@id":"https:\/\/diarioprincipios.com\/index.php\/2020\/05\/29\/el-presidente-y-el-gobernador-encabezaron-acto-en-la-planta-de-aysa\/#article","isPartOf":{"@id":"https:\/\/diarioprincipios.com\/index.php\/2020\/05\/29\/el-presidente-y-el-gobernador-encabezaron-acto-en-la-planta-de-aysa\/"},"author":{"name":"Hern\u00e1n L\u00f3pez","@id":"https:\/\/diarioprincipios.com\/#\/schema\/person\/436d5a1fd41a5e250e23ff5a6a7cb080"},"headline":"El Presidente y el Gobernador encabezaron acto en la Planta de Aysa","datePublished":"2020-05-29T18:24:43+00:00","dateModified":"2020-05-29T18:24:45+00:00","mainEntityOfPage":{"@id":"https:\/\/diarioprincipios.com\/index.php\/2020\/05\/29\/el-presidente-y-el-gobernador-encabezaron-acto-en-la-planta-de-aysa\/"},"wordCount":916,"commentCount":0,"publisher":{"@id":"https:\/\/diarioprincipios.com\/#organization"},"image":{"@id":"https:\/\/diarioprincipios.com\/index.php\/2020\/05\/29\/el-presidente-y-el-gobernador-encabezaron-acto-en-la-planta-de-aysa\/#primaryimage"},"thumbnailUrl":"https:\/\/diarioprincipios.com\/wp-content\/uploads\/2020\/05\/IMG-20200529-WA0033.jpg","articleSection":["Quilmes"],"inLanguage":"es","potentialAction":[{"@type":"CommentAction","name":"Comment","target":["https:\/\/diarioprincipios.com\/index.php\/2020\/05\/29\/el-presidente-y-el-gobernador-encabezaron-acto-en-la-planta-de-aysa\/#respond"]}]},{"@type":"WebPage","@id":"https:\/\/diarioprincipios.com\/index.php\/2020\/05\/29\/el-presidente-y-el-gobernador-encabezaron-acto-en-la-planta-de-aysa\/","url":"https:\/\/diarioprincipios.com\/index.php\/2020\/05\/29\/el-presidente-y-el-gobernador-encabezaron-acto-en-la-planta-de-aysa\/","name":"El Presidente y el Gobernador encabezaron acto en la Planta de Aysa - Principios","isPartOf":{"@id":"https:\/\/diarioprincipios.com\/#website"},"primaryImageOfPage":{"@id":"https:\/\/diarioprincipios.com\/index.php\/2020\/05\/29\/el-presidente-y-el-gobernador-encabezaron-acto-en-la-planta-de-aysa\/#primaryimage"},"image":{"@id":"https:\/\/diarioprincipios.com\/index.php\/2020\/05\/29\/el-presidente-y-el-gobernador-encabezaron-acto-en-la-planta-de-aysa\/#primaryimage"},"thumbnailUrl":"https:\/\/diarioprincipios.com\/wp-content\/uploads\/2020\/05\/IMG-20200529-WA0033.jpg","datePublished":"2020-05-29T18:24:43+00:00","dateModified":"2020-05-29T18:24:45+00:00","breadcrumb":{"@id":"https:\/\/diarioprincipios.com\/index.php\/2020\/05\/29\/el-presidente-y-el-gobernador-encabezaron-acto-en-la-planta-de-aysa\/#breadcrumb"},"inLanguage":"es","potentialAction":[{"@type":"ReadAction","target":["https:\/\/diarioprincipios.com\/index.php\/2020\/05\/29\/el-presidente-y-el-gobernador-encabezaron-acto-en-la-planta-de-aysa\/"]}]},{"@type":"ImageObject","inLanguage":"es","@id":"https:\/\/diarioprincipios.com\/index.php\/2020\/05\/29\/el-presidente-y-el-gobernador-encabezaron-acto-en-la-planta-de-aysa\/#primaryimage","url":"https:\/\/diarioprincipios.com\/wp-content\/uploads\/2020\/05\/IMG-20200529-WA0033.jpg","contentUrl":"https:\/\/diarioprincipios.com\/wp-content\/uploads\/2020\/05\/IMG-20200529-WA0033.jpg","width":1024,"height":683},{"@type":"BreadcrumbList","@id":"https:\/\/diarioprincipios.com\/index.php\/2020\/05\/29\/el-presidente-y-el-gobernador-encabezaron-acto-en-la-planta-de-aysa\/#breadcrumb","itemListElement":[{"@type":"ListItem","position":1,"name":"Portada","item":"https:\/\/diarioprincipios.com\/"},{"@type":"ListItem","position":2,"name":"El Presidente y el Gobernador encabezaron acto en la Planta de Aysa"}]},{"@type":"WebSite","@id":"https:\/\/diarioprincipios.com\/#website","url":"https:\/\/diarioprincipios.com\/","name":"Principios","description":"Principios Diario","publisher":{"@id":"https:\/\/diarioprincipios.com\/#organization"},"potentialAction":[{"@type":"SearchAction","target":{"@type":"EntryPoint","urlTemplate":"https:\/\/diarioprincipios.com\/?s={search_term_string}"},"query-input":{"@type":"PropertyValueSpecification","valueRequired":true,"valueName":"search_term_string"}}],"inLanguage":"es"},{"@type":"Organization","@id":"https:\/\/diarioprincipios.com\/#organization","name":"Principios","url":"https:\/\/diarioprincipios.com\/","logo":{"@type":"ImageObject","inLanguage":"es","@id":"https:\/\/diarioprincipios.com\/#\/schema\/logo\/image\/","url":"https:\/\/diarioprincipios.com\/wp-content\/uploads\/2024\/04\/cropped-www.diarioprincipios.com_-1.png","contentUrl":"https:\/\/diarioprincipios.com\/wp-content\/uploads\/2024\/04\/cropped-www.diarioprincipios.com_-1.png","width":5325,"height":1454,"caption":"Principios"},"image":{"@id":"https:\/\/diarioprincipios.com\/#\/schema\/logo\/image\/"}},{"@type":"Person","@id":"https:\/\/diarioprincipios.com\/#\/schema\/person\/436d5a1fd41a5e250e23ff5a6a7cb080","name":"Hern\u00e1n L\u00f3pez","image":{"@type":"ImageObject","inLanguage":"es","@id":"https:\/\/diarioprincipios.com\/wp-content\/litespeed\/avatar\/11ddfe5610ff3bd100522525b2571f48.jpg?ver=1777048341","url":"https:\/\/diarioprincipios.com\/wp-content\/litespeed\/avatar\/11ddfe5610ff3bd100522525b2571f48.jpg?ver=1777048341","contentUrl":"https:\/\/diarioprincipios.com\/wp-content\/litespeed\/avatar\/11ddfe5610ff3bd100522525b2571f48.jpg?ver=1777048341","caption":"Hern\u00e1n L\u00f3pez"},"url":"https:\/\/diarioprincipios.com\/index.php\/author\/hernan\/"}]}},"jetpack_featured_media_url":"https:\/\/diarioprincipios.com\/wp-content\/uploads\/2020\/05\/IMG-20200529-WA0033.jpg","_links":{"self":[{"href":"https:\/\/diarioprincipios.com\/index.php\/wp-json\/wp\/v2\/posts\/2256","targetHints":{"allow":["GET"]}}],"collection":[{"href":"https:\/\/diarioprincipios.com\/index.php\/wp-json\/wp\/v2\/posts"}],"about":[{"href":"https:\/\/diarioprincipios.com\/index.php\/wp-json\/wp\/v2\/types\/post"}],"author":[{"embeddable":true,"href":"https:\/\/diarioprincipios.com\/index.php\/wp-json\/wp\/v2\/users\/2"}],"replies":[{"embeddable":true,"href":"https:\/\/diarioprincipios.com\/index.php\/wp-json\/wp\/v2\/comments?post=2256"}],"version-history":[{"count":1,"href":"https:\/\/diarioprincipios.com\/index.php\/wp-json\/wp\/v2\/posts\/2256\/revisions"}],"predecessor-version":[{"id":2260,"href":"https:\/\/diarioprincipios.com\/index.php\/wp-json\/wp\/v2\/posts\/2256\/revisions\/2260"}],"wp:featuredmedia":[{"embeddable":true,"href":"https:\/\/diarioprincipios.com\/index.php\/wp-json\/wp\/v2\/media\/2259"}],"wp:attachment":[{"href":"https:\/\/diarioprincipios.com\/index.php\/wp-json\/wp\/v2\/media?parent=2256"}],"wp:term":[{"taxonomy":"category","embeddable":true,"href":"https:\/\/diarioprincipios.com\/index.php\/wp-json\/wp\/v2\/categories?post=2256"},{"taxonomy":"post_tag","embeddable":true,"href":"https:\/\/diarioprincipios.com\/index.php\/wp-json\/wp\/v2\/tags?post=2256"}],"curies":[{"name":"wp","href":"https:\/\/api.w.org\/{rel}","templated":true}]}}