{"id":22558,"date":"2024-08-02T13:01:52","date_gmt":"2024-08-02T16:01:52","guid":{"rendered":"http:\/\/diarioprincipios.com\/?p=22558"},"modified":"2024-08-02T13:01:54","modified_gmt":"2024-08-02T16:01:54","slug":"mussi-recorrio-las-obras-en-el-complejo-cultural-municipal-la-humanitaria","status":"publish","type":"post","link":"https:\/\/diarioprincipios.com\/index.php\/2024\/08\/02\/mussi-recorrio-las-obras-en-el-complejo-cultural-municipal-la-humanitaria\/","title":{"rendered":"Mussi recorri\u00f3 las Obras en el Complejo Cultural Municipal La Humanitaria"},"content":{"rendered":"\n<p><em>Incluyen la creaci\u00f3n de un nuevo Registro Civil<\/em><\/p>\n\n\n\n<p><strong>Se realiz\u00f3 una recorrida por las obras que se est\u00e1n realizando en el Complejo Cultural Municipal La Humanitaria, ubicado en Lisandro de la Torre y 52 -Hudson-. El intendente de Berazategui, Juan Jos\u00e9 Mussi, supervis\u00f3 el avance de los trabajos -financiados con fondos municipales-, que permitir\u00e1n m\u00e1s y mejores servicios para las y los vecinos del distrito.<\/strong><\/p>\n\n\n\n<p>Las obras consisten en la incorporaci\u00f3n de un Registro Civil, que incluir\u00e1 un sal\u00f3n de actos, una administraci\u00f3n y una oficina para su titular; un dep\u00f3sito para el \u00c1rea de Arte P\u00fablico y reformas en el per\u00edmetro del patio hist\u00f3rico, donde est\u00e1n el anfiteatro exterior y la pista de baile.<\/p>\n\n\n\n<figure class=\"wp-block-image size-large\"><img loading=\"lazy\" decoding=\"async\" width=\"1024\" height=\"768\" src=\"https:\/\/diarioprincipios.com\/wp-content\/uploads\/2024\/08\/MUSSI-RECORRIO-LAS-OBRAS-EN-EL-COMPLEJO-CULTURAL-MUNICIPAL-LA-HUMANITARIA-2-1024x768.jpeg\" alt=\"\" class=\"wp-image-22559\" srcset=\"https:\/\/diarioprincipios.com\/wp-content\/uploads\/2024\/08\/MUSSI-RECORRIO-LAS-OBRAS-EN-EL-COMPLEJO-CULTURAL-MUNICIPAL-LA-HUMANITARIA-2-1024x768.jpeg 1024w, https:\/\/diarioprincipios.com\/wp-content\/uploads\/2024\/08\/MUSSI-RECORRIO-LAS-OBRAS-EN-EL-COMPLEJO-CULTURAL-MUNICIPAL-LA-HUMANITARIA-2-300x225.jpeg 300w, https:\/\/diarioprincipios.com\/wp-content\/uploads\/2024\/08\/MUSSI-RECORRIO-LAS-OBRAS-EN-EL-COMPLEJO-CULTURAL-MUNICIPAL-LA-HUMANITARIA-2-768x576.jpeg 768w, https:\/\/diarioprincipios.com\/wp-content\/uploads\/2024\/08\/MUSSI-RECORRIO-LAS-OBRAS-EN-EL-COMPLEJO-CULTURAL-MUNICIPAL-LA-HUMANITARIA-2-1536x1152.jpeg 1536w, https:\/\/diarioprincipios.com\/wp-content\/uploads\/2024\/08\/MUSSI-RECORRIO-LAS-OBRAS-EN-EL-COMPLEJO-CULTURAL-MUNICIPAL-LA-HUMANITARIA-2.jpeg 1600w\" sizes=\"auto, (max-width: 1024px) 100vw, 1024px\" \/><\/figure>\n\n\n\n<p>Al respecto, Mussi asegur\u00f3: \u201cEstas obras se est\u00e1n haciendo totalmente con recursos municipales, porque sentimos que es un lugar muy nuestro, muy propio de los vecinos y vecinas de Hudson, Pl\u00e1tanos y Berazategui en general\u201d.<\/p>\n\n\n\n<p>A su vez, el Intendente indic\u00f3: \u201cEn la actualidad funcionan un Complejo Cultural, la Delegaci\u00f3n Municipal, el \u00e1rea de Licencias de Conducir y, pr\u00f3ximamente, un Registro Civil. Queremos que siga siendo esa referencia para la comunidad. La Humanitaria siempre fue un faro para la gente de la zona. En una \u00e9poca brindaba atenci\u00f3n m\u00e9dica y medicamentos; incluso yo fui m\u00e9dico de la instituci\u00f3n. Tambi\u00e9n ten\u00eda los mejores bailes y se organizaban conciertos a beneficio\u00bb.<\/p>\n\n\n\n<figure class=\"wp-block-image size-large\"><img loading=\"lazy\" decoding=\"async\" width=\"1024\" height=\"683\" src=\"https:\/\/diarioprincipios.com\/wp-content\/uploads\/2024\/08\/MUSSI-RECORRIO-LAS-OBRAS-EN-EL-COMPLEJO-CULTURAL-MUNICIPAL-LA-HUMANITARIA-5-1024x683.jpg\" alt=\"\" class=\"wp-image-22560\" srcset=\"https:\/\/diarioprincipios.com\/wp-content\/uploads\/2024\/08\/MUSSI-RECORRIO-LAS-OBRAS-EN-EL-COMPLEJO-CULTURAL-MUNICIPAL-LA-HUMANITARIA-5-1024x683.jpg 1024w, https:\/\/diarioprincipios.com\/wp-content\/uploads\/2024\/08\/MUSSI-RECORRIO-LAS-OBRAS-EN-EL-COMPLEJO-CULTURAL-MUNICIPAL-LA-HUMANITARIA-5-300x200.jpg 300w, https:\/\/diarioprincipios.com\/wp-content\/uploads\/2024\/08\/MUSSI-RECORRIO-LAS-OBRAS-EN-EL-COMPLEJO-CULTURAL-MUNICIPAL-LA-HUMANITARIA-5-768x512.jpg 768w, https:\/\/diarioprincipios.com\/wp-content\/uploads\/2024\/08\/MUSSI-RECORRIO-LAS-OBRAS-EN-EL-COMPLEJO-CULTURAL-MUNICIPAL-LA-HUMANITARIA-5-1536x1024.jpg 1536w, https:\/\/diarioprincipios.com\/wp-content\/uploads\/2024\/08\/MUSSI-RECORRIO-LAS-OBRAS-EN-EL-COMPLEJO-CULTURAL-MUNICIPAL-LA-HUMANITARIA-5-600x400.jpg 600w, https:\/\/diarioprincipios.com\/wp-content\/uploads\/2024\/08\/MUSSI-RECORRIO-LAS-OBRAS-EN-EL-COMPLEJO-CULTURAL-MUNICIPAL-LA-HUMANITARIA-5.jpg 1920w\" sizes=\"auto, (max-width: 1024px) 100vw, 1024px\" \/><\/figure>\n\n\n\n<p>En tanto, el secretario municipal de Cultura y Educaci\u00f3n, Federico L\u00f3pez, expres\u00f3: \u201cEstas obras van a contribuir a mejorar los servicios municipales para los vecinos de la zona. Para que todo esto sea posible, hay una decisi\u00f3n pol\u00edtica de nuestro intendente Juan Jos\u00e9 Mussi. En Berazategui tenemos un Estado presente, y sin ese Estado no s\u00e9 qu\u00e9 hubiese pasado con esta instituci\u00f3n\u201d.<\/p>\n\n\n\n<p>Tambi\u00e9n participaron del recorrido: el secretario municipal de Obras P\u00fablicas, Carlos Balor, y la titular de la Secretar\u00eda Privada, Mar\u00eda Del Carmen Flores.<\/p>\n","protected":false},"excerpt":{"rendered":"<p>Incluyen la creaci\u00f3n de un nuevo Registro Civil Se realiz\u00f3 una recorrida por las obras que se est\u00e1n realizando en el Complejo Cultural Municipal La Humanitaria, ubicado en Lisandro de la Torre y 52 -Hudson-. El intendente de Berazategui, Juan Jos\u00e9 Mussi, supervis\u00f3 el avance de los trabajos -financiados con fondos municipales-, que permitir\u00e1n m\u00e1s&#8230;<\/p>\n","protected":false},"author":2,"featured_media":22561,"comment_status":"open","ping_status":"open","sticky":false,"template":"","format":"standard","meta":{"footnotes":""},"categories":[3],"tags":[],"class_list":["post-22558","post","type-post","status-publish","format-standard","has-post-thumbnail","hentry","category-berazategui"],"featured_image_src":"https:\/\/diarioprincipios.com\/wp-content\/uploads\/2024\/08\/MUSSI-RECORRIO-LAS-OBRAS-EN-EL-COMPLEJO-CULTURAL-MUNICIPAL-LA-HUMANITARIA-1-1024x768.jpeg","blog_images":{"medium":"https:\/\/diarioprincipios.com\/wp-content\/uploads\/2024\/08\/MUSSI-RECORRIO-LAS-OBRAS-EN-EL-COMPLEJO-CULTURAL-MUNICIPAL-LA-HUMANITARIA-1-300x225.jpeg","large":"https:\/\/diarioprincipios.com\/wp-content\/uploads\/2024\/08\/MUSSI-RECORRIO-LAS-OBRAS-EN-EL-COMPLEJO-CULTURAL-MUNICIPAL-LA-HUMANITARIA-1-1024x768.jpeg"},"ams_acf":[],"yoast_head":"<!-- This site is optimized with the Yoast SEO plugin v27.3 - https:\/\/yoast.com\/product\/yoast-seo-wordpress\/ -->\n<title>Mussi recorri\u00f3 las Obras en el Complejo Cultural Municipal La Humanitaria - Principios<\/title>\n<meta name=\"robots\" content=\"index, follow, max-snippet:-1, max-image-preview:large, max-video-preview:-1\" \/>\n<link rel=\"canonical\" href=\"https:\/\/diarioprincipios.com\/index.php\/2024\/08\/02\/mussi-recorrio-las-obras-en-el-complejo-cultural-municipal-la-humanitaria\/\" \/>\n<meta property=\"og:locale\" content=\"es_ES\" \/>\n<meta property=\"og:type\" content=\"article\" \/>\n<meta property=\"og:title\" content=\"Mussi recorri\u00f3 las Obras en el Complejo Cultural Municipal La Humanitaria - Principios\" \/>\n<meta property=\"og:description\" content=\"Incluyen la creaci\u00f3n de un nuevo Registro Civil Se realiz\u00f3 una recorrida por las obras que se est\u00e1n realizando en el Complejo Cultural Municipal La Humanitaria, ubicado en Lisandro de la Torre y 52 -Hudson-. El intendente de Berazategui, Juan Jos\u00e9 Mussi, supervis\u00f3 el avance de los trabajos -financiados con fondos municipales-, que permitir\u00e1n m\u00e1s...\" \/>\n<meta property=\"og:url\" content=\"https:\/\/diarioprincipios.com\/index.php\/2024\/08\/02\/mussi-recorrio-las-obras-en-el-complejo-cultural-municipal-la-humanitaria\/\" \/>\n<meta property=\"og:site_name\" content=\"Principios\" \/>\n<meta property=\"article:published_time\" content=\"2024-08-02T16:01:52+00:00\" \/>\n<meta property=\"article:modified_time\" content=\"2024-08-02T16:01:54+00:00\" \/>\n<meta property=\"og:image\" content=\"https:\/\/diarioprincipios.com\/wp-content\/uploads\/2024\/08\/MUSSI-RECORRIO-LAS-OBRAS-EN-EL-COMPLEJO-CULTURAL-MUNICIPAL-LA-HUMANITARIA-1.jpeg\" \/>\n\t<meta property=\"og:image:width\" content=\"1600\" \/>\n\t<meta property=\"og:image:height\" content=\"1200\" \/>\n\t<meta property=\"og:image:type\" content=\"image\/jpeg\" \/>\n<meta name=\"author\" content=\"Hern\u00e1n L\u00f3pez\" \/>\n<meta name=\"twitter:card\" content=\"summary_large_image\" \/>\n<meta name=\"twitter:label1\" content=\"Escrito por\" \/>\n\t<meta name=\"twitter:data1\" content=\"Hern\u00e1n L\u00f3pez\" \/>\n\t<meta name=\"twitter:label2\" content=\"Tiempo de lectura\" \/>\n\t<meta name=\"twitter:data2\" content=\"3 minutos\" \/>\n<script type=\"application\/ld+json\" class=\"yoast-schema-graph\">{\"@context\":\"https:\\\/\\\/schema.org\",\"@graph\":[{\"@type\":\"Article\",\"@id\":\"https:\\\/\\\/diarioprincipios.com\\\/index.php\\\/2024\\\/08\\\/02\\\/mussi-recorrio-las-obras-en-el-complejo-cultural-municipal-la-humanitaria\\\/#article\",\"isPartOf\":{\"@id\":\"https:\\\/\\\/diarioprincipios.com\\\/index.php\\\/2024\\\/08\\\/02\\\/mussi-recorrio-las-obras-en-el-complejo-cultural-municipal-la-humanitaria\\\/\"},\"author\":{\"name\":\"Hern\u00e1n L\u00f3pez\",\"@id\":\"https:\\\/\\\/diarioprincipios.com\\\/#\\\/schema\\\/person\\\/436d5a1fd41a5e250e23ff5a6a7cb080\"},\"headline\":\"Mussi recorri\u00f3 las Obras en el Complejo Cultural Municipal La Humanitaria\",\"datePublished\":\"2024-08-02T16:01:52+00:00\",\"dateModified\":\"2024-08-02T16:01:54+00:00\",\"mainEntityOfPage\":{\"@id\":\"https:\\\/\\\/diarioprincipios.com\\\/index.php\\\/2024\\\/08\\\/02\\\/mussi-recorrio-las-obras-en-el-complejo-cultural-municipal-la-humanitaria\\\/\"},\"wordCount\":350,\"commentCount\":0,\"publisher\":{\"@id\":\"https:\\\/\\\/diarioprincipios.com\\\/#organization\"},\"image\":{\"@id\":\"https:\\\/\\\/diarioprincipios.com\\\/index.php\\\/2024\\\/08\\\/02\\\/mussi-recorrio-las-obras-en-el-complejo-cultural-municipal-la-humanitaria\\\/#primaryimage\"},\"thumbnailUrl\":\"https:\\\/\\\/diarioprincipios.com\\\/wp-content\\\/uploads\\\/2024\\\/08\\\/MUSSI-RECORRIO-LAS-OBRAS-EN-EL-COMPLEJO-CULTURAL-MUNICIPAL-LA-HUMANITARIA-1.jpeg\",\"articleSection\":[\"Berazategui\"],\"inLanguage\":\"es\",\"potentialAction\":[{\"@type\":\"CommentAction\",\"name\":\"Comment\",\"target\":[\"https:\\\/\\\/diarioprincipios.com\\\/index.php\\\/2024\\\/08\\\/02\\\/mussi-recorrio-las-obras-en-el-complejo-cultural-municipal-la-humanitaria\\\/#respond\"]}]},{\"@type\":\"WebPage\",\"@id\":\"https:\\\/\\\/diarioprincipios.com\\\/index.php\\\/2024\\\/08\\\/02\\\/mussi-recorrio-las-obras-en-el-complejo-cultural-municipal-la-humanitaria\\\/\",\"url\":\"https:\\\/\\\/diarioprincipios.com\\\/index.php\\\/2024\\\/08\\\/02\\\/mussi-recorrio-las-obras-en-el-complejo-cultural-municipal-la-humanitaria\\\/\",\"name\":\"Mussi recorri\u00f3 las Obras en el Complejo Cultural Municipal La Humanitaria - Principios\",\"isPartOf\":{\"@id\":\"https:\\\/\\\/diarioprincipios.com\\\/#website\"},\"primaryImageOfPage\":{\"@id\":\"https:\\\/\\\/diarioprincipios.com\\\/index.php\\\/2024\\\/08\\\/02\\\/mussi-recorrio-las-obras-en-el-complejo-cultural-municipal-la-humanitaria\\\/#primaryimage\"},\"image\":{\"@id\":\"https:\\\/\\\/diarioprincipios.com\\\/index.php\\\/2024\\\/08\\\/02\\\/mussi-recorrio-las-obras-en-el-complejo-cultural-municipal-la-humanitaria\\\/#primaryimage\"},\"thumbnailUrl\":\"https:\\\/\\\/diarioprincipios.com\\\/wp-content\\\/uploads\\\/2024\\\/08\\\/MUSSI-RECORRIO-LAS-OBRAS-EN-EL-COMPLEJO-CULTURAL-MUNICIPAL-LA-HUMANITARIA-1.jpeg\",\"datePublished\":\"2024-08-02T16:01:52+00:00\",\"dateModified\":\"2024-08-02T16:01:54+00:00\",\"breadcrumb\":{\"@id\":\"https:\\\/\\\/diarioprincipios.com\\\/index.php\\\/2024\\\/08\\\/02\\\/mussi-recorrio-las-obras-en-el-complejo-cultural-municipal-la-humanitaria\\\/#breadcrumb\"},\"inLanguage\":\"es\",\"potentialAction\":[{\"@type\":\"ReadAction\",\"target\":[\"https:\\\/\\\/diarioprincipios.com\\\/index.php\\\/2024\\\/08\\\/02\\\/mussi-recorrio-las-obras-en-el-complejo-cultural-municipal-la-humanitaria\\\/\"]}]},{\"@type\":\"ImageObject\",\"inLanguage\":\"es\",\"@id\":\"https:\\\/\\\/diarioprincipios.com\\\/index.php\\\/2024\\\/08\\\/02\\\/mussi-recorrio-las-obras-en-el-complejo-cultural-municipal-la-humanitaria\\\/#primaryimage\",\"url\":\"https:\\\/\\\/diarioprincipios.com\\\/wp-content\\\/uploads\\\/2024\\\/08\\\/MUSSI-RECORRIO-LAS-OBRAS-EN-EL-COMPLEJO-CULTURAL-MUNICIPAL-LA-HUMANITARIA-1.jpeg\",\"contentUrl\":\"https:\\\/\\\/diarioprincipios.com\\\/wp-content\\\/uploads\\\/2024\\\/08\\\/MUSSI-RECORRIO-LAS-OBRAS-EN-EL-COMPLEJO-CULTURAL-MUNICIPAL-LA-HUMANITARIA-1.jpeg\",\"width\":1600,\"height\":1200},{\"@type\":\"BreadcrumbList\",\"@id\":\"https:\\\/\\\/diarioprincipios.com\\\/index.php\\\/2024\\\/08\\\/02\\\/mussi-recorrio-las-obras-en-el-complejo-cultural-municipal-la-humanitaria\\\/#breadcrumb\",\"itemListElement\":[{\"@type\":\"ListItem\",\"position\":1,\"name\":\"Portada\",\"item\":\"https:\\\/\\\/diarioprincipios.com\\\/\"},{\"@type\":\"ListItem\",\"position\":2,\"name\":\"Mussi recorri\u00f3 las Obras en el Complejo Cultural Municipal La Humanitaria\"}]},{\"@type\":\"WebSite\",\"@id\":\"https:\\\/\\\/diarioprincipios.com\\\/#website\",\"url\":\"https:\\\/\\\/diarioprincipios.com\\\/\",\"name\":\"Principios\",\"description\":\"Principios Diario\",\"publisher\":{\"@id\":\"https:\\\/\\\/diarioprincipios.com\\\/#organization\"},\"potentialAction\":[{\"@type\":\"SearchAction\",\"target\":{\"@type\":\"EntryPoint\",\"urlTemplate\":\"https:\\\/\\\/diarioprincipios.com\\\/?s={search_term_string}\"},\"query-input\":{\"@type\":\"PropertyValueSpecification\",\"valueRequired\":true,\"valueName\":\"search_term_string\"}}],\"inLanguage\":\"es\"},{\"@type\":\"Organization\",\"@id\":\"https:\\\/\\\/diarioprincipios.com\\\/#organization\",\"name\":\"Principios\",\"url\":\"https:\\\/\\\/diarioprincipios.com\\\/\",\"logo\":{\"@type\":\"ImageObject\",\"inLanguage\":\"es\",\"@id\":\"https:\\\/\\\/diarioprincipios.com\\\/#\\\/schema\\\/logo\\\/image\\\/\",\"url\":\"https:\\\/\\\/diarioprincipios.com\\\/wp-content\\\/uploads\\\/2024\\\/04\\\/cropped-www.diarioprincipios.com_-1.png\",\"contentUrl\":\"https:\\\/\\\/diarioprincipios.com\\\/wp-content\\\/uploads\\\/2024\\\/04\\\/cropped-www.diarioprincipios.com_-1.png\",\"width\":5325,\"height\":1454,\"caption\":\"Principios\"},\"image\":{\"@id\":\"https:\\\/\\\/diarioprincipios.com\\\/#\\\/schema\\\/logo\\\/image\\\/\"}},{\"@type\":\"Person\",\"@id\":\"https:\\\/\\\/diarioprincipios.com\\\/#\\\/schema\\\/person\\\/436d5a1fd41a5e250e23ff5a6a7cb080\",\"name\":\"Hern\u00e1n L\u00f3pez\",\"image\":{\"@type\":\"ImageObject\",\"inLanguage\":\"es\",\"@id\":\"https:\\\/\\\/diarioprincipios.com\\\/wp-content\\\/litespeed\\\/avatar\\\/11ddfe5610ff3bd100522525b2571f48.jpg?ver=1777653193\",\"url\":\"https:\\\/\\\/diarioprincipios.com\\\/wp-content\\\/litespeed\\\/avatar\\\/11ddfe5610ff3bd100522525b2571f48.jpg?ver=1777653193\",\"contentUrl\":\"https:\\\/\\\/diarioprincipios.com\\\/wp-content\\\/litespeed\\\/avatar\\\/11ddfe5610ff3bd100522525b2571f48.jpg?ver=1777653193\",\"caption\":\"Hern\u00e1n L\u00f3pez\"},\"url\":\"https:\\\/\\\/diarioprincipios.com\\\/index.php\\\/author\\\/hernan\\\/\"}]}<\/script>\n<!-- \/ Yoast SEO plugin. -->","yoast_head_json":{"title":"Mussi recorri\u00f3 las Obras en el Complejo Cultural Municipal La Humanitaria - Principios","robots":{"index":"index","follow":"follow","max-snippet":"max-snippet:-1","max-image-preview":"max-image-preview:large","max-video-preview":"max-video-preview:-1"},"canonical":"https:\/\/diarioprincipios.com\/index.php\/2024\/08\/02\/mussi-recorrio-las-obras-en-el-complejo-cultural-municipal-la-humanitaria\/","og_locale":"es_ES","og_type":"article","og_title":"Mussi recorri\u00f3 las Obras en el Complejo Cultural Municipal La Humanitaria - Principios","og_description":"Incluyen la creaci\u00f3n de un nuevo Registro Civil Se realiz\u00f3 una recorrida por las obras que se est\u00e1n realizando en el Complejo Cultural Municipal La Humanitaria, ubicado en Lisandro de la Torre y 52 -Hudson-. El intendente de Berazategui, Juan Jos\u00e9 Mussi, supervis\u00f3 el avance de los trabajos -financiados con fondos municipales-, que permitir\u00e1n m\u00e1s...","og_url":"https:\/\/diarioprincipios.com\/index.php\/2024\/08\/02\/mussi-recorrio-las-obras-en-el-complejo-cultural-municipal-la-humanitaria\/","og_site_name":"Principios","article_published_time":"2024-08-02T16:01:52+00:00","article_modified_time":"2024-08-02T16:01:54+00:00","og_image":[{"width":1600,"height":1200,"url":"https:\/\/diarioprincipios.com\/wp-content\/uploads\/2024\/08\/MUSSI-RECORRIO-LAS-OBRAS-EN-EL-COMPLEJO-CULTURAL-MUNICIPAL-LA-HUMANITARIA-1.jpeg","type":"image\/jpeg"}],"author":"Hern\u00e1n L\u00f3pez","twitter_card":"summary_large_image","twitter_misc":{"Escrito por":"Hern\u00e1n L\u00f3pez","Tiempo de lectura":"3 minutos"},"schema":{"@context":"https:\/\/schema.org","@graph":[{"@type":"Article","@id":"https:\/\/diarioprincipios.com\/index.php\/2024\/08\/02\/mussi-recorrio-las-obras-en-el-complejo-cultural-municipal-la-humanitaria\/#article","isPartOf":{"@id":"https:\/\/diarioprincipios.com\/index.php\/2024\/08\/02\/mussi-recorrio-las-obras-en-el-complejo-cultural-municipal-la-humanitaria\/"},"author":{"name":"Hern\u00e1n L\u00f3pez","@id":"https:\/\/diarioprincipios.com\/#\/schema\/person\/436d5a1fd41a5e250e23ff5a6a7cb080"},"headline":"Mussi recorri\u00f3 las Obras en el Complejo Cultural Municipal La Humanitaria","datePublished":"2024-08-02T16:01:52+00:00","dateModified":"2024-08-02T16:01:54+00:00","mainEntityOfPage":{"@id":"https:\/\/diarioprincipios.com\/index.php\/2024\/08\/02\/mussi-recorrio-las-obras-en-el-complejo-cultural-municipal-la-humanitaria\/"},"wordCount":350,"commentCount":0,"publisher":{"@id":"https:\/\/diarioprincipios.com\/#organization"},"image":{"@id":"https:\/\/diarioprincipios.com\/index.php\/2024\/08\/02\/mussi-recorrio-las-obras-en-el-complejo-cultural-municipal-la-humanitaria\/#primaryimage"},"thumbnailUrl":"https:\/\/diarioprincipios.com\/wp-content\/uploads\/2024\/08\/MUSSI-RECORRIO-LAS-OBRAS-EN-EL-COMPLEJO-CULTURAL-MUNICIPAL-LA-HUMANITARIA-1.jpeg","articleSection":["Berazategui"],"inLanguage":"es","potentialAction":[{"@type":"CommentAction","name":"Comment","target":["https:\/\/diarioprincipios.com\/index.php\/2024\/08\/02\/mussi-recorrio-las-obras-en-el-complejo-cultural-municipal-la-humanitaria\/#respond"]}]},{"@type":"WebPage","@id":"https:\/\/diarioprincipios.com\/index.php\/2024\/08\/02\/mussi-recorrio-las-obras-en-el-complejo-cultural-municipal-la-humanitaria\/","url":"https:\/\/diarioprincipios.com\/index.php\/2024\/08\/02\/mussi-recorrio-las-obras-en-el-complejo-cultural-municipal-la-humanitaria\/","name":"Mussi recorri\u00f3 las Obras en el Complejo Cultural Municipal La Humanitaria - Principios","isPartOf":{"@id":"https:\/\/diarioprincipios.com\/#website"},"primaryImageOfPage":{"@id":"https:\/\/diarioprincipios.com\/index.php\/2024\/08\/02\/mussi-recorrio-las-obras-en-el-complejo-cultural-municipal-la-humanitaria\/#primaryimage"},"image":{"@id":"https:\/\/diarioprincipios.com\/index.php\/2024\/08\/02\/mussi-recorrio-las-obras-en-el-complejo-cultural-municipal-la-humanitaria\/#primaryimage"},"thumbnailUrl":"https:\/\/diarioprincipios.com\/wp-content\/uploads\/2024\/08\/MUSSI-RECORRIO-LAS-OBRAS-EN-EL-COMPLEJO-CULTURAL-MUNICIPAL-LA-HUMANITARIA-1.jpeg","datePublished":"2024-08-02T16:01:52+00:00","dateModified":"2024-08-02T16:01:54+00:00","breadcrumb":{"@id":"https:\/\/diarioprincipios.com\/index.php\/2024\/08\/02\/mussi-recorrio-las-obras-en-el-complejo-cultural-municipal-la-humanitaria\/#breadcrumb"},"inLanguage":"es","potentialAction":[{"@type":"ReadAction","target":["https:\/\/diarioprincipios.com\/index.php\/2024\/08\/02\/mussi-recorrio-las-obras-en-el-complejo-cultural-municipal-la-humanitaria\/"]}]},{"@type":"ImageObject","inLanguage":"es","@id":"https:\/\/diarioprincipios.com\/index.php\/2024\/08\/02\/mussi-recorrio-las-obras-en-el-complejo-cultural-municipal-la-humanitaria\/#primaryimage","url":"https:\/\/diarioprincipios.com\/wp-content\/uploads\/2024\/08\/MUSSI-RECORRIO-LAS-OBRAS-EN-EL-COMPLEJO-CULTURAL-MUNICIPAL-LA-HUMANITARIA-1.jpeg","contentUrl":"https:\/\/diarioprincipios.com\/wp-content\/uploads\/2024\/08\/MUSSI-RECORRIO-LAS-OBRAS-EN-EL-COMPLEJO-CULTURAL-MUNICIPAL-LA-HUMANITARIA-1.jpeg","width":1600,"height":1200},{"@type":"BreadcrumbList","@id":"https:\/\/diarioprincipios.com\/index.php\/2024\/08\/02\/mussi-recorrio-las-obras-en-el-complejo-cultural-municipal-la-humanitaria\/#breadcrumb","itemListElement":[{"@type":"ListItem","position":1,"name":"Portada","item":"https:\/\/diarioprincipios.com\/"},{"@type":"ListItem","position":2,"name":"Mussi recorri\u00f3 las Obras en el Complejo Cultural Municipal La Humanitaria"}]},{"@type":"WebSite","@id":"https:\/\/diarioprincipios.com\/#website","url":"https:\/\/diarioprincipios.com\/","name":"Principios","description":"Principios Diario","publisher":{"@id":"https:\/\/diarioprincipios.com\/#organization"},"potentialAction":[{"@type":"SearchAction","target":{"@type":"EntryPoint","urlTemplate":"https:\/\/diarioprincipios.com\/?s={search_term_string}"},"query-input":{"@type":"PropertyValueSpecification","valueRequired":true,"valueName":"search_term_string"}}],"inLanguage":"es"},{"@type":"Organization","@id":"https:\/\/diarioprincipios.com\/#organization","name":"Principios","url":"https:\/\/diarioprincipios.com\/","logo":{"@type":"ImageObject","inLanguage":"es","@id":"https:\/\/diarioprincipios.com\/#\/schema\/logo\/image\/","url":"https:\/\/diarioprincipios.com\/wp-content\/uploads\/2024\/04\/cropped-www.diarioprincipios.com_-1.png","contentUrl":"https:\/\/diarioprincipios.com\/wp-content\/uploads\/2024\/04\/cropped-www.diarioprincipios.com_-1.png","width":5325,"height":1454,"caption":"Principios"},"image":{"@id":"https:\/\/diarioprincipios.com\/#\/schema\/logo\/image\/"}},{"@type":"Person","@id":"https:\/\/diarioprincipios.com\/#\/schema\/person\/436d5a1fd41a5e250e23ff5a6a7cb080","name":"Hern\u00e1n L\u00f3pez","image":{"@type":"ImageObject","inLanguage":"es","@id":"https:\/\/diarioprincipios.com\/wp-content\/litespeed\/avatar\/11ddfe5610ff3bd100522525b2571f48.jpg?ver=1777653193","url":"https:\/\/diarioprincipios.com\/wp-content\/litespeed\/avatar\/11ddfe5610ff3bd100522525b2571f48.jpg?ver=1777653193","contentUrl":"https:\/\/diarioprincipios.com\/wp-content\/litespeed\/avatar\/11ddfe5610ff3bd100522525b2571f48.jpg?ver=1777653193","caption":"Hern\u00e1n L\u00f3pez"},"url":"https:\/\/diarioprincipios.com\/index.php\/author\/hernan\/"}]}},"jetpack_featured_media_url":"https:\/\/diarioprincipios.com\/wp-content\/uploads\/2024\/08\/MUSSI-RECORRIO-LAS-OBRAS-EN-EL-COMPLEJO-CULTURAL-MUNICIPAL-LA-HUMANITARIA-1.jpeg","_links":{"self":[{"href":"https:\/\/diarioprincipios.com\/index.php\/wp-json\/wp\/v2\/posts\/22558","targetHints":{"allow":["GET"]}}],"collection":[{"href":"https:\/\/diarioprincipios.com\/index.php\/wp-json\/wp\/v2\/posts"}],"about":[{"href":"https:\/\/diarioprincipios.com\/index.php\/wp-json\/wp\/v2\/types\/post"}],"author":[{"embeddable":true,"href":"https:\/\/diarioprincipios.com\/index.php\/wp-json\/wp\/v2\/users\/2"}],"replies":[{"embeddable":true,"href":"https:\/\/diarioprincipios.com\/index.php\/wp-json\/wp\/v2\/comments?post=22558"}],"version-history":[{"count":1,"href":"https:\/\/diarioprincipios.com\/index.php\/wp-json\/wp\/v2\/posts\/22558\/revisions"}],"predecessor-version":[{"id":22562,"href":"https:\/\/diarioprincipios.com\/index.php\/wp-json\/wp\/v2\/posts\/22558\/revisions\/22562"}],"wp:featuredmedia":[{"embeddable":true,"href":"https:\/\/diarioprincipios.com\/index.php\/wp-json\/wp\/v2\/media\/22561"}],"wp:attachment":[{"href":"https:\/\/diarioprincipios.com\/index.php\/wp-json\/wp\/v2\/media?parent=22558"}],"wp:term":[{"taxonomy":"category","embeddable":true,"href":"https:\/\/diarioprincipios.com\/index.php\/wp-json\/wp\/v2\/categories?post=22558"},{"taxonomy":"post_tag","embeddable":true,"href":"https:\/\/diarioprincipios.com\/index.php\/wp-json\/wp\/v2\/tags?post=22558"}],"curies":[{"name":"wp","href":"https:\/\/api.w.org\/{rel}","templated":true}]}}