{"id":22555,"date":"2024-08-02T12:56:53","date_gmt":"2024-08-02T15:56:53","guid":{"rendered":"http:\/\/diarioprincipios.com\/?p=22555"},"modified":"2024-08-02T12:56:55","modified_gmt":"2024-08-02T15:56:55","slug":"transporte-retuvo-38-toneladas-de-carga-ilegal-en-ruta-2","status":"publish","type":"post","link":"https:\/\/diarioprincipios.com\/index.php\/2024\/08\/02\/transporte-retuvo-38-toneladas-de-carga-ilegal-en-ruta-2\/","title":{"rendered":"Transporte retuvo 38 toneladas de carga ilegal en Ruta 2"},"content":{"rendered":"\n<p>El Ministerio de Transporte de la Provincia de Buenos Aires, a cargo de Jorge D\u2019Onofrio, detect\u00f3 38.400 kilogramos de m\u00e1s en camiones de carga en operativos de fiscalizaci\u00f3n desarrollados en Ruta 2, a la altura de La Plata.<\/p>\n\n\n\n<p>En concreto, se trat\u00f3 de tres camiones. El primero, con 11.500 kilogramos de exceso de arena; el segundo, con 17.100 de m\u00e1s en tosca, y el tercero transportaba 9.800 kilos ilegales de cemento. En ese marco, se procedi\u00f3 a labrar las sanciones correspondientes a las empresas.<\/p>\n\n\n\n<p>En total, las y los agentes de Fiscalizaci\u00f3n del Transporte verificaron 19 veh\u00edculos de gran porte y labraron cinco actas de infracci\u00f3n por diversas irregularidades. Adem\u00e1s de excesos de peso, se registraron falencias en otras unidades como carencia de licencia y RTO.&nbsp;<\/p>\n\n\n\n<p>Los controles se llevaron delante de manera conjunta con personal de AUBASA y de la Municipalidad de La Plata. Con este tipo de trabajos se busca evitar el deterioro de la cinta asf\u00e1ltica, mitigar la evasi\u00f3n impositiva y reforzar la seguridad vial de las y los conductores que circulan por los caminos bonaerenses.<\/p>\n\n\n\n<p>En los operativos se utilizan balanzas din\u00e1micas especiales para pesar los camiones de gran porte y entrecruzar la informaci\u00f3n con el remito de carga. A su vez, se constata el estado de las cubiertas, los elementos de seguridad y la documentaci\u00f3n correspondiente para circular y que el conductor cumpla con el alcohol cero al volante.<\/p>\n\n\n\n<p><a rel=\"noreferrer noopener\" target=\"_blank\" href=\"https:\/\/www.gba.gob.ar\/transporte\"><\/a><\/p>\n","protected":false},"excerpt":{"rendered":"<p>El Ministerio de Transporte de la Provincia de Buenos Aires, a cargo de Jorge D\u2019Onofrio, detect\u00f3 38.400 kilogramos de m\u00e1s en camiones de carga en operativos de fiscalizaci\u00f3n desarrollados en Ruta 2, a la altura de La Plata. En concreto, se trat\u00f3 de tres camiones. El primero, con 11.500 kilogramos de exceso de arena; el&#8230;<\/p>\n","protected":false},"author":2,"featured_media":22556,"comment_status":"open","ping_status":"open","sticky":false,"template":"","format":"standard","meta":{"footnotes":""},"categories":[7],"tags":[],"class_list":["post-22555","post","type-post","status-publish","format-standard","has-post-thumbnail","hentry","category-provincia"],"featured_image_src":"https:\/\/diarioprincipios.com\/wp-content\/uploads\/2024\/08\/3dcbd322-1df5-4a78-abe4-e930820850ca-819x1024.jpg","blog_images":{"medium":"https:\/\/diarioprincipios.com\/wp-content\/uploads\/2024\/08\/3dcbd322-1df5-4a78-abe4-e930820850ca-240x300.jpg","large":"https:\/\/diarioprincipios.com\/wp-content\/uploads\/2024\/08\/3dcbd322-1df5-4a78-abe4-e930820850ca-819x1024.jpg"},"ams_acf":[],"yoast_head":"<!-- This site is optimized with the Yoast SEO plugin v27.3 - https:\/\/yoast.com\/product\/yoast-seo-wordpress\/ -->\n<title>Transporte retuvo 38 toneladas de carga ilegal en Ruta 2 - Principios<\/title>\n<meta name=\"robots\" content=\"index, follow, max-snippet:-1, max-image-preview:large, max-video-preview:-1\" \/>\n<link rel=\"canonical\" href=\"https:\/\/diarioprincipios.com\/index.php\/2024\/08\/02\/transporte-retuvo-38-toneladas-de-carga-ilegal-en-ruta-2\/\" \/>\n<meta property=\"og:locale\" content=\"es_ES\" \/>\n<meta property=\"og:type\" content=\"article\" \/>\n<meta property=\"og:title\" content=\"Transporte retuvo 38 toneladas de carga ilegal en Ruta 2 - Principios\" \/>\n<meta property=\"og:description\" content=\"El Ministerio de Transporte de la Provincia de Buenos Aires, a cargo de Jorge D\u2019Onofrio, detect\u00f3 38.400 kilogramos de m\u00e1s en camiones de carga en operativos de fiscalizaci\u00f3n desarrollados en Ruta 2, a la altura de La Plata. En concreto, se trat\u00f3 de tres camiones. El primero, con 11.500 kilogramos de exceso de arena; el...\" \/>\n<meta property=\"og:url\" content=\"https:\/\/diarioprincipios.com\/index.php\/2024\/08\/02\/transporte-retuvo-38-toneladas-de-carga-ilegal-en-ruta-2\/\" \/>\n<meta property=\"og:site_name\" content=\"Principios\" \/>\n<meta property=\"article:published_time\" content=\"2024-08-02T15:56:53+00:00\" \/>\n<meta property=\"article:modified_time\" content=\"2024-08-02T15:56:55+00:00\" \/>\n<meta property=\"og:image\" content=\"https:\/\/diarioprincipios.com\/wp-content\/uploads\/2024\/08\/3dcbd322-1df5-4a78-abe4-e930820850ca.jpg\" \/>\n\t<meta property=\"og:image:width\" content=\"899\" \/>\n\t<meta property=\"og:image:height\" content=\"1124\" \/>\n\t<meta property=\"og:image:type\" content=\"image\/jpeg\" \/>\n<meta name=\"author\" content=\"Hern\u00e1n L\u00f3pez\" \/>\n<meta name=\"twitter:card\" content=\"summary_large_image\" \/>\n<meta name=\"twitter:label1\" content=\"Escrito por\" \/>\n\t<meta name=\"twitter:data1\" content=\"Hern\u00e1n L\u00f3pez\" \/>\n\t<meta name=\"twitter:label2\" content=\"Tiempo de lectura\" \/>\n\t<meta name=\"twitter:data2\" content=\"2 minutos\" \/>\n<script type=\"application\/ld+json\" class=\"yoast-schema-graph\">{\"@context\":\"https:\\\/\\\/schema.org\",\"@graph\":[{\"@type\":\"Article\",\"@id\":\"https:\\\/\\\/diarioprincipios.com\\\/index.php\\\/2024\\\/08\\\/02\\\/transporte-retuvo-38-toneladas-de-carga-ilegal-en-ruta-2\\\/#article\",\"isPartOf\":{\"@id\":\"https:\\\/\\\/diarioprincipios.com\\\/index.php\\\/2024\\\/08\\\/02\\\/transporte-retuvo-38-toneladas-de-carga-ilegal-en-ruta-2\\\/\"},\"author\":{\"name\":\"Hern\u00e1n L\u00f3pez\",\"@id\":\"https:\\\/\\\/diarioprincipios.com\\\/#\\\/schema\\\/person\\\/436d5a1fd41a5e250e23ff5a6a7cb080\"},\"headline\":\"Transporte retuvo 38 toneladas de carga ilegal en Ruta 2\",\"datePublished\":\"2024-08-02T15:56:53+00:00\",\"dateModified\":\"2024-08-02T15:56:55+00:00\",\"mainEntityOfPage\":{\"@id\":\"https:\\\/\\\/diarioprincipios.com\\\/index.php\\\/2024\\\/08\\\/02\\\/transporte-retuvo-38-toneladas-de-carga-ilegal-en-ruta-2\\\/\"},\"wordCount\":250,\"commentCount\":0,\"publisher\":{\"@id\":\"https:\\\/\\\/diarioprincipios.com\\\/#organization\"},\"image\":{\"@id\":\"https:\\\/\\\/diarioprincipios.com\\\/index.php\\\/2024\\\/08\\\/02\\\/transporte-retuvo-38-toneladas-de-carga-ilegal-en-ruta-2\\\/#primaryimage\"},\"thumbnailUrl\":\"https:\\\/\\\/diarioprincipios.com\\\/wp-content\\\/uploads\\\/2024\\\/08\\\/3dcbd322-1df5-4a78-abe4-e930820850ca.jpg\",\"articleSection\":[\"Provincia\"],\"inLanguage\":\"es\",\"potentialAction\":[{\"@type\":\"CommentAction\",\"name\":\"Comment\",\"target\":[\"https:\\\/\\\/diarioprincipios.com\\\/index.php\\\/2024\\\/08\\\/02\\\/transporte-retuvo-38-toneladas-de-carga-ilegal-en-ruta-2\\\/#respond\"]}]},{\"@type\":\"WebPage\",\"@id\":\"https:\\\/\\\/diarioprincipios.com\\\/index.php\\\/2024\\\/08\\\/02\\\/transporte-retuvo-38-toneladas-de-carga-ilegal-en-ruta-2\\\/\",\"url\":\"https:\\\/\\\/diarioprincipios.com\\\/index.php\\\/2024\\\/08\\\/02\\\/transporte-retuvo-38-toneladas-de-carga-ilegal-en-ruta-2\\\/\",\"name\":\"Transporte retuvo 38 toneladas de carga ilegal en Ruta 2 - Principios\",\"isPartOf\":{\"@id\":\"https:\\\/\\\/diarioprincipios.com\\\/#website\"},\"primaryImageOfPage\":{\"@id\":\"https:\\\/\\\/diarioprincipios.com\\\/index.php\\\/2024\\\/08\\\/02\\\/transporte-retuvo-38-toneladas-de-carga-ilegal-en-ruta-2\\\/#primaryimage\"},\"image\":{\"@id\":\"https:\\\/\\\/diarioprincipios.com\\\/index.php\\\/2024\\\/08\\\/02\\\/transporte-retuvo-38-toneladas-de-carga-ilegal-en-ruta-2\\\/#primaryimage\"},\"thumbnailUrl\":\"https:\\\/\\\/diarioprincipios.com\\\/wp-content\\\/uploads\\\/2024\\\/08\\\/3dcbd322-1df5-4a78-abe4-e930820850ca.jpg\",\"datePublished\":\"2024-08-02T15:56:53+00:00\",\"dateModified\":\"2024-08-02T15:56:55+00:00\",\"breadcrumb\":{\"@id\":\"https:\\\/\\\/diarioprincipios.com\\\/index.php\\\/2024\\\/08\\\/02\\\/transporte-retuvo-38-toneladas-de-carga-ilegal-en-ruta-2\\\/#breadcrumb\"},\"inLanguage\":\"es\",\"potentialAction\":[{\"@type\":\"ReadAction\",\"target\":[\"https:\\\/\\\/diarioprincipios.com\\\/index.php\\\/2024\\\/08\\\/02\\\/transporte-retuvo-38-toneladas-de-carga-ilegal-en-ruta-2\\\/\"]}]},{\"@type\":\"ImageObject\",\"inLanguage\":\"es\",\"@id\":\"https:\\\/\\\/diarioprincipios.com\\\/index.php\\\/2024\\\/08\\\/02\\\/transporte-retuvo-38-toneladas-de-carga-ilegal-en-ruta-2\\\/#primaryimage\",\"url\":\"https:\\\/\\\/diarioprincipios.com\\\/wp-content\\\/uploads\\\/2024\\\/08\\\/3dcbd322-1df5-4a78-abe4-e930820850ca.jpg\",\"contentUrl\":\"https:\\\/\\\/diarioprincipios.com\\\/wp-content\\\/uploads\\\/2024\\\/08\\\/3dcbd322-1df5-4a78-abe4-e930820850ca.jpg\",\"width\":899,\"height\":1124},{\"@type\":\"BreadcrumbList\",\"@id\":\"https:\\\/\\\/diarioprincipios.com\\\/index.php\\\/2024\\\/08\\\/02\\\/transporte-retuvo-38-toneladas-de-carga-ilegal-en-ruta-2\\\/#breadcrumb\",\"itemListElement\":[{\"@type\":\"ListItem\",\"position\":1,\"name\":\"Portada\",\"item\":\"https:\\\/\\\/diarioprincipios.com\\\/\"},{\"@type\":\"ListItem\",\"position\":2,\"name\":\"Transporte retuvo 38 toneladas de carga ilegal en Ruta 2\"}]},{\"@type\":\"WebSite\",\"@id\":\"https:\\\/\\\/diarioprincipios.com\\\/#website\",\"url\":\"https:\\\/\\\/diarioprincipios.com\\\/\",\"name\":\"Principios\",\"description\":\"Principios Diario\",\"publisher\":{\"@id\":\"https:\\\/\\\/diarioprincipios.com\\\/#organization\"},\"potentialAction\":[{\"@type\":\"SearchAction\",\"target\":{\"@type\":\"EntryPoint\",\"urlTemplate\":\"https:\\\/\\\/diarioprincipios.com\\\/?s={search_term_string}\"},\"query-input\":{\"@type\":\"PropertyValueSpecification\",\"valueRequired\":true,\"valueName\":\"search_term_string\"}}],\"inLanguage\":\"es\"},{\"@type\":\"Organization\",\"@id\":\"https:\\\/\\\/diarioprincipios.com\\\/#organization\",\"name\":\"Principios\",\"url\":\"https:\\\/\\\/diarioprincipios.com\\\/\",\"logo\":{\"@type\":\"ImageObject\",\"inLanguage\":\"es\",\"@id\":\"https:\\\/\\\/diarioprincipios.com\\\/#\\\/schema\\\/logo\\\/image\\\/\",\"url\":\"https:\\\/\\\/diarioprincipios.com\\\/wp-content\\\/uploads\\\/2024\\\/04\\\/cropped-www.diarioprincipios.com_-1.png\",\"contentUrl\":\"https:\\\/\\\/diarioprincipios.com\\\/wp-content\\\/uploads\\\/2024\\\/04\\\/cropped-www.diarioprincipios.com_-1.png\",\"width\":5325,\"height\":1454,\"caption\":\"Principios\"},\"image\":{\"@id\":\"https:\\\/\\\/diarioprincipios.com\\\/#\\\/schema\\\/logo\\\/image\\\/\"}},{\"@type\":\"Person\",\"@id\":\"https:\\\/\\\/diarioprincipios.com\\\/#\\\/schema\\\/person\\\/436d5a1fd41a5e250e23ff5a6a7cb080\",\"name\":\"Hern\u00e1n L\u00f3pez\",\"image\":{\"@type\":\"ImageObject\",\"inLanguage\":\"es\",\"@id\":\"https:\\\/\\\/diarioprincipios.com\\\/wp-content\\\/litespeed\\\/avatar\\\/11ddfe5610ff3bd100522525b2571f48.jpg?ver=1777653193\",\"url\":\"https:\\\/\\\/diarioprincipios.com\\\/wp-content\\\/litespeed\\\/avatar\\\/11ddfe5610ff3bd100522525b2571f48.jpg?ver=1777653193\",\"contentUrl\":\"https:\\\/\\\/diarioprincipios.com\\\/wp-content\\\/litespeed\\\/avatar\\\/11ddfe5610ff3bd100522525b2571f48.jpg?ver=1777653193\",\"caption\":\"Hern\u00e1n L\u00f3pez\"},\"url\":\"https:\\\/\\\/diarioprincipios.com\\\/index.php\\\/author\\\/hernan\\\/\"}]}<\/script>\n<!-- \/ Yoast SEO plugin. -->","yoast_head_json":{"title":"Transporte retuvo 38 toneladas de carga ilegal en Ruta 2 - Principios","robots":{"index":"index","follow":"follow","max-snippet":"max-snippet:-1","max-image-preview":"max-image-preview:large","max-video-preview":"max-video-preview:-1"},"canonical":"https:\/\/diarioprincipios.com\/index.php\/2024\/08\/02\/transporte-retuvo-38-toneladas-de-carga-ilegal-en-ruta-2\/","og_locale":"es_ES","og_type":"article","og_title":"Transporte retuvo 38 toneladas de carga ilegal en Ruta 2 - Principios","og_description":"El Ministerio de Transporte de la Provincia de Buenos Aires, a cargo de Jorge D\u2019Onofrio, detect\u00f3 38.400 kilogramos de m\u00e1s en camiones de carga en operativos de fiscalizaci\u00f3n desarrollados en Ruta 2, a la altura de La Plata. En concreto, se trat\u00f3 de tres camiones. El primero, con 11.500 kilogramos de exceso de arena; el...","og_url":"https:\/\/diarioprincipios.com\/index.php\/2024\/08\/02\/transporte-retuvo-38-toneladas-de-carga-ilegal-en-ruta-2\/","og_site_name":"Principios","article_published_time":"2024-08-02T15:56:53+00:00","article_modified_time":"2024-08-02T15:56:55+00:00","og_image":[{"width":899,"height":1124,"url":"https:\/\/diarioprincipios.com\/wp-content\/uploads\/2024\/08\/3dcbd322-1df5-4a78-abe4-e930820850ca.jpg","type":"image\/jpeg"}],"author":"Hern\u00e1n L\u00f3pez","twitter_card":"summary_large_image","twitter_misc":{"Escrito por":"Hern\u00e1n L\u00f3pez","Tiempo de lectura":"2 minutos"},"schema":{"@context":"https:\/\/schema.org","@graph":[{"@type":"Article","@id":"https:\/\/diarioprincipios.com\/index.php\/2024\/08\/02\/transporte-retuvo-38-toneladas-de-carga-ilegal-en-ruta-2\/#article","isPartOf":{"@id":"https:\/\/diarioprincipios.com\/index.php\/2024\/08\/02\/transporte-retuvo-38-toneladas-de-carga-ilegal-en-ruta-2\/"},"author":{"name":"Hern\u00e1n L\u00f3pez","@id":"https:\/\/diarioprincipios.com\/#\/schema\/person\/436d5a1fd41a5e250e23ff5a6a7cb080"},"headline":"Transporte retuvo 38 toneladas de carga ilegal en Ruta 2","datePublished":"2024-08-02T15:56:53+00:00","dateModified":"2024-08-02T15:56:55+00:00","mainEntityOfPage":{"@id":"https:\/\/diarioprincipios.com\/index.php\/2024\/08\/02\/transporte-retuvo-38-toneladas-de-carga-ilegal-en-ruta-2\/"},"wordCount":250,"commentCount":0,"publisher":{"@id":"https:\/\/diarioprincipios.com\/#organization"},"image":{"@id":"https:\/\/diarioprincipios.com\/index.php\/2024\/08\/02\/transporte-retuvo-38-toneladas-de-carga-ilegal-en-ruta-2\/#primaryimage"},"thumbnailUrl":"https:\/\/diarioprincipios.com\/wp-content\/uploads\/2024\/08\/3dcbd322-1df5-4a78-abe4-e930820850ca.jpg","articleSection":["Provincia"],"inLanguage":"es","potentialAction":[{"@type":"CommentAction","name":"Comment","target":["https:\/\/diarioprincipios.com\/index.php\/2024\/08\/02\/transporte-retuvo-38-toneladas-de-carga-ilegal-en-ruta-2\/#respond"]}]},{"@type":"WebPage","@id":"https:\/\/diarioprincipios.com\/index.php\/2024\/08\/02\/transporte-retuvo-38-toneladas-de-carga-ilegal-en-ruta-2\/","url":"https:\/\/diarioprincipios.com\/index.php\/2024\/08\/02\/transporte-retuvo-38-toneladas-de-carga-ilegal-en-ruta-2\/","name":"Transporte retuvo 38 toneladas de carga ilegal en Ruta 2 - Principios","isPartOf":{"@id":"https:\/\/diarioprincipios.com\/#website"},"primaryImageOfPage":{"@id":"https:\/\/diarioprincipios.com\/index.php\/2024\/08\/02\/transporte-retuvo-38-toneladas-de-carga-ilegal-en-ruta-2\/#primaryimage"},"image":{"@id":"https:\/\/diarioprincipios.com\/index.php\/2024\/08\/02\/transporte-retuvo-38-toneladas-de-carga-ilegal-en-ruta-2\/#primaryimage"},"thumbnailUrl":"https:\/\/diarioprincipios.com\/wp-content\/uploads\/2024\/08\/3dcbd322-1df5-4a78-abe4-e930820850ca.jpg","datePublished":"2024-08-02T15:56:53+00:00","dateModified":"2024-08-02T15:56:55+00:00","breadcrumb":{"@id":"https:\/\/diarioprincipios.com\/index.php\/2024\/08\/02\/transporte-retuvo-38-toneladas-de-carga-ilegal-en-ruta-2\/#breadcrumb"},"inLanguage":"es","potentialAction":[{"@type":"ReadAction","target":["https:\/\/diarioprincipios.com\/index.php\/2024\/08\/02\/transporte-retuvo-38-toneladas-de-carga-ilegal-en-ruta-2\/"]}]},{"@type":"ImageObject","inLanguage":"es","@id":"https:\/\/diarioprincipios.com\/index.php\/2024\/08\/02\/transporte-retuvo-38-toneladas-de-carga-ilegal-en-ruta-2\/#primaryimage","url":"https:\/\/diarioprincipios.com\/wp-content\/uploads\/2024\/08\/3dcbd322-1df5-4a78-abe4-e930820850ca.jpg","contentUrl":"https:\/\/diarioprincipios.com\/wp-content\/uploads\/2024\/08\/3dcbd322-1df5-4a78-abe4-e930820850ca.jpg","width":899,"height":1124},{"@type":"BreadcrumbList","@id":"https:\/\/diarioprincipios.com\/index.php\/2024\/08\/02\/transporte-retuvo-38-toneladas-de-carga-ilegal-en-ruta-2\/#breadcrumb","itemListElement":[{"@type":"ListItem","position":1,"name":"Portada","item":"https:\/\/diarioprincipios.com\/"},{"@type":"ListItem","position":2,"name":"Transporte retuvo 38 toneladas de carga ilegal en Ruta 2"}]},{"@type":"WebSite","@id":"https:\/\/diarioprincipios.com\/#website","url":"https:\/\/diarioprincipios.com\/","name":"Principios","description":"Principios Diario","publisher":{"@id":"https:\/\/diarioprincipios.com\/#organization"},"potentialAction":[{"@type":"SearchAction","target":{"@type":"EntryPoint","urlTemplate":"https:\/\/diarioprincipios.com\/?s={search_term_string}"},"query-input":{"@type":"PropertyValueSpecification","valueRequired":true,"valueName":"search_term_string"}}],"inLanguage":"es"},{"@type":"Organization","@id":"https:\/\/diarioprincipios.com\/#organization","name":"Principios","url":"https:\/\/diarioprincipios.com\/","logo":{"@type":"ImageObject","inLanguage":"es","@id":"https:\/\/diarioprincipios.com\/#\/schema\/logo\/image\/","url":"https:\/\/diarioprincipios.com\/wp-content\/uploads\/2024\/04\/cropped-www.diarioprincipios.com_-1.png","contentUrl":"https:\/\/diarioprincipios.com\/wp-content\/uploads\/2024\/04\/cropped-www.diarioprincipios.com_-1.png","width":5325,"height":1454,"caption":"Principios"},"image":{"@id":"https:\/\/diarioprincipios.com\/#\/schema\/logo\/image\/"}},{"@type":"Person","@id":"https:\/\/diarioprincipios.com\/#\/schema\/person\/436d5a1fd41a5e250e23ff5a6a7cb080","name":"Hern\u00e1n L\u00f3pez","image":{"@type":"ImageObject","inLanguage":"es","@id":"https:\/\/diarioprincipios.com\/wp-content\/litespeed\/avatar\/11ddfe5610ff3bd100522525b2571f48.jpg?ver=1777653193","url":"https:\/\/diarioprincipios.com\/wp-content\/litespeed\/avatar\/11ddfe5610ff3bd100522525b2571f48.jpg?ver=1777653193","contentUrl":"https:\/\/diarioprincipios.com\/wp-content\/litespeed\/avatar\/11ddfe5610ff3bd100522525b2571f48.jpg?ver=1777653193","caption":"Hern\u00e1n L\u00f3pez"},"url":"https:\/\/diarioprincipios.com\/index.php\/author\/hernan\/"}]}},"jetpack_featured_media_url":"https:\/\/diarioprincipios.com\/wp-content\/uploads\/2024\/08\/3dcbd322-1df5-4a78-abe4-e930820850ca.jpg","_links":{"self":[{"href":"https:\/\/diarioprincipios.com\/index.php\/wp-json\/wp\/v2\/posts\/22555","targetHints":{"allow":["GET"]}}],"collection":[{"href":"https:\/\/diarioprincipios.com\/index.php\/wp-json\/wp\/v2\/posts"}],"about":[{"href":"https:\/\/diarioprincipios.com\/index.php\/wp-json\/wp\/v2\/types\/post"}],"author":[{"embeddable":true,"href":"https:\/\/diarioprincipios.com\/index.php\/wp-json\/wp\/v2\/users\/2"}],"replies":[{"embeddable":true,"href":"https:\/\/diarioprincipios.com\/index.php\/wp-json\/wp\/v2\/comments?post=22555"}],"version-history":[{"count":1,"href":"https:\/\/diarioprincipios.com\/index.php\/wp-json\/wp\/v2\/posts\/22555\/revisions"}],"predecessor-version":[{"id":22557,"href":"https:\/\/diarioprincipios.com\/index.php\/wp-json\/wp\/v2\/posts\/22555\/revisions\/22557"}],"wp:featuredmedia":[{"embeddable":true,"href":"https:\/\/diarioprincipios.com\/index.php\/wp-json\/wp\/v2\/media\/22556"}],"wp:attachment":[{"href":"https:\/\/diarioprincipios.com\/index.php\/wp-json\/wp\/v2\/media?parent=22555"}],"wp:term":[{"taxonomy":"category","embeddable":true,"href":"https:\/\/diarioprincipios.com\/index.php\/wp-json\/wp\/v2\/categories?post=22555"},{"taxonomy":"post_tag","embeddable":true,"href":"https:\/\/diarioprincipios.com\/index.php\/wp-json\/wp\/v2\/tags?post=22555"}],"curies":[{"name":"wp","href":"https:\/\/api.w.org\/{rel}","templated":true}]}}