{"id":22542,"date":"2024-08-01T17:30:02","date_gmt":"2024-08-01T20:30:02","guid":{"rendered":"http:\/\/diarioprincipios.com\/?p=22542"},"modified":"2024-08-01T17:30:04","modified_gmt":"2024-08-01T20:30:04","slug":"mussi-superviso-las-obras-del-futuro-centro-civico-municipal-villa-espana-platanos","status":"publish","type":"post","link":"https:\/\/diarioprincipios.com\/index.php\/2024\/08\/01\/mussi-superviso-las-obras-del-futuro-centro-civico-municipal-villa-espana-platanos\/","title":{"rendered":"Mussi supervis\u00f3 las Obras del futuro Centro C\u00edvico Municipal Villa Espa\u00f1a-Pl\u00e1tanos"},"content":{"rendered":"\n<p><strong>El intendente Juan Jos\u00e9 Mussi visit\u00f3 las obras que se est\u00e1n ejecutando en el futuro Centro C\u00edvico Municipal Villa Espa\u00f1a &#8211; Pl\u00e1tanos, que funcionar\u00e1 en parte de las instalaciones del C\u00edrculo Italiano, ubicado en la calle 151 A e\/ Av. Italia y 34. La reforma y ampliaci\u00f3n del lugar se est\u00e1 realizando con financiamiento \u00edntegramente municipal.<\/strong><\/p>\n\n\n\n<figure class=\"wp-block-image size-large\"><img loading=\"lazy\" decoding=\"async\" width=\"1024\" height=\"684\" src=\"https:\/\/diarioprincipios.com\/wp-content\/uploads\/2024\/08\/MUSSI-SUPERVISO-LAS-OBRAS-DEL-FUTURO-CENTRO-CIVICO-MUNICIPAL-VILLA-ESPANA-PLATANOS-2-1024x684.jpeg\" alt=\"\" class=\"wp-image-22543\" srcset=\"https:\/\/diarioprincipios.com\/wp-content\/uploads\/2024\/08\/MUSSI-SUPERVISO-LAS-OBRAS-DEL-FUTURO-CENTRO-CIVICO-MUNICIPAL-VILLA-ESPANA-PLATANOS-2-1024x684.jpeg 1024w, https:\/\/diarioprincipios.com\/wp-content\/uploads\/2024\/08\/MUSSI-SUPERVISO-LAS-OBRAS-DEL-FUTURO-CENTRO-CIVICO-MUNICIPAL-VILLA-ESPANA-PLATANOS-2-300x200.jpeg 300w, https:\/\/diarioprincipios.com\/wp-content\/uploads\/2024\/08\/MUSSI-SUPERVISO-LAS-OBRAS-DEL-FUTURO-CENTRO-CIVICO-MUNICIPAL-VILLA-ESPANA-PLATANOS-2-768x513.jpeg 768w, https:\/\/diarioprincipios.com\/wp-content\/uploads\/2024\/08\/MUSSI-SUPERVISO-LAS-OBRAS-DEL-FUTURO-CENTRO-CIVICO-MUNICIPAL-VILLA-ESPANA-PLATANOS-2-1536x1025.jpeg 1536w, https:\/\/diarioprincipios.com\/wp-content\/uploads\/2024\/08\/MUSSI-SUPERVISO-LAS-OBRAS-DEL-FUTURO-CENTRO-CIVICO-MUNICIPAL-VILLA-ESPANA-PLATANOS-2-600x400.jpeg 600w, https:\/\/diarioprincipios.com\/wp-content\/uploads\/2024\/08\/MUSSI-SUPERVISO-LAS-OBRAS-DEL-FUTURO-CENTRO-CIVICO-MUNICIPAL-VILLA-ESPANA-PLATANOS-2.jpeg 1600w\" sizes=\"auto, (max-width: 1024px) 100vw, 1024px\" \/><\/figure>\n\n\n\n<p>Las obras consisten en reformas y ampliaciones para construir el futuro espacio. All\u00ed funcionar\u00e1 un Centro Cultural Municipal (con cinco aulas y un sal\u00f3n auditorio), la Delegaci\u00f3n Municipal Villa Espa\u00f1a &#8211; Pl\u00e1tanos, el Registro Civil de las Personas, adem\u00e1s de distintas \u00e1reas de atenci\u00f3n de servicios municipales.<\/p>\n\n\n\n<figure class=\"wp-block-image size-large\"><img loading=\"lazy\" decoding=\"async\" width=\"1024\" height=\"682\" src=\"https:\/\/diarioprincipios.com\/wp-content\/uploads\/2024\/08\/MUSSI-SUPERVISO-LAS-OBRAS-DEL-FUTURO-CENTRO-CIVICO-MUNICIPAL-VILLA-ESPANA-PLATANOS-3-1024x682.jpeg\" alt=\"\" class=\"wp-image-22544\" srcset=\"https:\/\/diarioprincipios.com\/wp-content\/uploads\/2024\/08\/MUSSI-SUPERVISO-LAS-OBRAS-DEL-FUTURO-CENTRO-CIVICO-MUNICIPAL-VILLA-ESPANA-PLATANOS-3-1024x682.jpeg 1024w, https:\/\/diarioprincipios.com\/wp-content\/uploads\/2024\/08\/MUSSI-SUPERVISO-LAS-OBRAS-DEL-FUTURO-CENTRO-CIVICO-MUNICIPAL-VILLA-ESPANA-PLATANOS-3-300x200.jpeg 300w, https:\/\/diarioprincipios.com\/wp-content\/uploads\/2024\/08\/MUSSI-SUPERVISO-LAS-OBRAS-DEL-FUTURO-CENTRO-CIVICO-MUNICIPAL-VILLA-ESPANA-PLATANOS-3-768x512.jpeg 768w, https:\/\/diarioprincipios.com\/wp-content\/uploads\/2024\/08\/MUSSI-SUPERVISO-LAS-OBRAS-DEL-FUTURO-CENTRO-CIVICO-MUNICIPAL-VILLA-ESPANA-PLATANOS-3-1536x1023.jpeg 1536w, https:\/\/diarioprincipios.com\/wp-content\/uploads\/2024\/08\/MUSSI-SUPERVISO-LAS-OBRAS-DEL-FUTURO-CENTRO-CIVICO-MUNICIPAL-VILLA-ESPANA-PLATANOS-3-820x545.jpeg 820w, https:\/\/diarioprincipios.com\/wp-content\/uploads\/2024\/08\/MUSSI-SUPERVISO-LAS-OBRAS-DEL-FUTURO-CENTRO-CIVICO-MUNICIPAL-VILLA-ESPANA-PLATANOS-3-600x400.jpeg 600w, https:\/\/diarioprincipios.com\/wp-content\/uploads\/2024\/08\/MUSSI-SUPERVISO-LAS-OBRAS-DEL-FUTURO-CENTRO-CIVICO-MUNICIPAL-VILLA-ESPANA-PLATANOS-3.jpeg 1600w\" sizes=\"auto, (max-width: 1024px) 100vw, 1024px\" \/><\/figure>\n\n\n\n<p>Tras finalizar la recorrida, Mussi resalt\u00f3: \u201cEs una obra de la que nos hicimos cargo, a pesar del contexto nacional. Estamos haciendo un gran esfuerzo econ\u00f3mico\u201d. Adem\u00e1s, el Intendente remarc\u00f3: \u201cLos vecinos y vecinas recibieron la noticia con mucha alegr\u00eda. Por un lado, preservamos la identidad de la instituci\u00f3n e invertimos en algo muy importante como la cultura; pero tambi\u00e9n significa m\u00e1s comodidad, accesibilidad y la descentralizaci\u00f3n de los servicios, un marco favorable para todos los y las berazateguenses\u201d.<\/p>\n\n\n\n<p>Asimismo, el secretario de Cultura y Educaci\u00f3n de la Municipalidad, Federico L\u00f3pez, expres\u00f3: \u201cHace muchos a\u00f1os que funciona un Centro Cultural en este lugar. Estas obras ahora nos van a permitir mejorar las instalaciones y ampliar servicios para las localidades de Villa Espa\u00f1a y Pl\u00e1tanos. Estamos m\u00e1s que contentos. Le agradecemos a la instituci\u00f3n por la confianza de cedernos el espacio\u201d.<\/p>\n\n\n\n<figure class=\"wp-block-image size-large\"><img loading=\"lazy\" decoding=\"async\" width=\"1024\" height=\"682\" src=\"https:\/\/diarioprincipios.com\/wp-content\/uploads\/2024\/08\/MUSSI-SUPERVISO-LAS-OBRAS-DEL-FUTURO-CENTRO-CIVICO-MUNICIPAL-VILLA-ESPANA-PLATANOS-1-1024x682.jpeg\" alt=\"\" class=\"wp-image-22546\" srcset=\"https:\/\/diarioprincipios.com\/wp-content\/uploads\/2024\/08\/MUSSI-SUPERVISO-LAS-OBRAS-DEL-FUTURO-CENTRO-CIVICO-MUNICIPAL-VILLA-ESPANA-PLATANOS-1-1024x682.jpeg 1024w, https:\/\/diarioprincipios.com\/wp-content\/uploads\/2024\/08\/MUSSI-SUPERVISO-LAS-OBRAS-DEL-FUTURO-CENTRO-CIVICO-MUNICIPAL-VILLA-ESPANA-PLATANOS-1-300x200.jpeg 300w, https:\/\/diarioprincipios.com\/wp-content\/uploads\/2024\/08\/MUSSI-SUPERVISO-LAS-OBRAS-DEL-FUTURO-CENTRO-CIVICO-MUNICIPAL-VILLA-ESPANA-PLATANOS-1-768x512.jpeg 768w, https:\/\/diarioprincipios.com\/wp-content\/uploads\/2024\/08\/MUSSI-SUPERVISO-LAS-OBRAS-DEL-FUTURO-CENTRO-CIVICO-MUNICIPAL-VILLA-ESPANA-PLATANOS-1-1536x1023.jpeg 1536w, https:\/\/diarioprincipios.com\/wp-content\/uploads\/2024\/08\/MUSSI-SUPERVISO-LAS-OBRAS-DEL-FUTURO-CENTRO-CIVICO-MUNICIPAL-VILLA-ESPANA-PLATANOS-1-820x545.jpeg 820w, https:\/\/diarioprincipios.com\/wp-content\/uploads\/2024\/08\/MUSSI-SUPERVISO-LAS-OBRAS-DEL-FUTURO-CENTRO-CIVICO-MUNICIPAL-VILLA-ESPANA-PLATANOS-1-600x400.jpeg 600w, https:\/\/diarioprincipios.com\/wp-content\/uploads\/2024\/08\/MUSSI-SUPERVISO-LAS-OBRAS-DEL-FUTURO-CENTRO-CIVICO-MUNICIPAL-VILLA-ESPANA-PLATANOS-1.jpeg 1600w\" sizes=\"auto, (max-width: 1024px) 100vw, 1024px\" \/><\/figure>\n\n\n\n<p>En tanto, Gabriel D\u2019Egidio -arquitecto y vicepresidente del C\u00edrculo Italiano- indic\u00f3: \u201cEstamos agradecidos por la grata visita del intendente Mussi. La obra comenz\u00f3 hace un mes y viene avanzando de manera acelerada. Realizamos un acuerdo para ceder parte de los espacios, con el objetivo de que el Municipio brinde servicios que beneficiar\u00e1n a la ciudadan\u00eda; y al mismo tiempo, nuestra instituci\u00f3n va a seguir funcionando\u201d.<\/p>\n\n\n\n<p>Tambi\u00e9n participaron de la recorrida: el secretario municipal de Obras P\u00fablicas, Carlos Balor; la titular de la Secretar\u00eda Privada, Mar\u00eda Del Carmen Flores; y el asesor de la Direcci\u00f3n de Pol\u00edticas Socio-Educativas, Remo Salve.<\/p>\n","protected":false},"excerpt":{"rendered":"<p>El intendente Juan Jos\u00e9 Mussi visit\u00f3 las obras que se est\u00e1n ejecutando en el futuro Centro C\u00edvico Municipal Villa Espa\u00f1a &#8211; Pl\u00e1tanos, que funcionar\u00e1 en parte de las instalaciones del C\u00edrculo Italiano, ubicado en la calle 151 A e\/ Av. Italia y 34. La reforma y ampliaci\u00f3n del lugar se est\u00e1 realizando con financiamiento \u00edntegramente&#8230;<\/p>\n","protected":false},"author":2,"featured_media":22547,"comment_status":"open","ping_status":"open","sticky":false,"template":"","format":"standard","meta":{"footnotes":""},"categories":[3],"tags":[],"class_list":["post-22542","post","type-post","status-publish","format-standard","has-post-thumbnail","hentry","category-berazategui"],"featured_image_src":"https:\/\/diarioprincipios.com\/wp-content\/uploads\/2024\/08\/MUSSI-SUPERVISO-LAS-OBRAS-DEL-FUTURO-CENTRO-CIVICO-MUNICIPAL-VILLA-ESPANA-PLATANOS-4-1024x683.jpeg","blog_images":{"medium":"https:\/\/diarioprincipios.com\/wp-content\/uploads\/2024\/08\/MUSSI-SUPERVISO-LAS-OBRAS-DEL-FUTURO-CENTRO-CIVICO-MUNICIPAL-VILLA-ESPANA-PLATANOS-4-300x200.jpeg","large":"https:\/\/diarioprincipios.com\/wp-content\/uploads\/2024\/08\/MUSSI-SUPERVISO-LAS-OBRAS-DEL-FUTURO-CENTRO-CIVICO-MUNICIPAL-VILLA-ESPANA-PLATANOS-4-1024x683.jpeg"},"ams_acf":[],"yoast_head":"<!-- This site is optimized with the Yoast SEO plugin v27.3 - https:\/\/yoast.com\/product\/yoast-seo-wordpress\/ -->\n<title>Mussi supervis\u00f3 las Obras del futuro Centro C\u00edvico Municipal Villa Espa\u00f1a-Pl\u00e1tanos - Principios<\/title>\n<meta name=\"robots\" content=\"index, follow, max-snippet:-1, max-image-preview:large, max-video-preview:-1\" \/>\n<link rel=\"canonical\" href=\"https:\/\/diarioprincipios.com\/index.php\/2024\/08\/01\/mussi-superviso-las-obras-del-futuro-centro-civico-municipal-villa-espana-platanos\/\" \/>\n<meta property=\"og:locale\" content=\"es_ES\" \/>\n<meta property=\"og:type\" content=\"article\" \/>\n<meta property=\"og:title\" content=\"Mussi supervis\u00f3 las Obras del futuro Centro C\u00edvico Municipal Villa Espa\u00f1a-Pl\u00e1tanos - Principios\" \/>\n<meta property=\"og:description\" content=\"El intendente Juan Jos\u00e9 Mussi visit\u00f3 las obras que se est\u00e1n ejecutando en el futuro Centro C\u00edvico Municipal Villa Espa\u00f1a &#8211; Pl\u00e1tanos, que funcionar\u00e1 en parte de las instalaciones del C\u00edrculo Italiano, ubicado en la calle 151 A e\/ Av. Italia y 34. La reforma y ampliaci\u00f3n del lugar se est\u00e1 realizando con financiamiento \u00edntegramente...\" \/>\n<meta property=\"og:url\" content=\"https:\/\/diarioprincipios.com\/index.php\/2024\/08\/01\/mussi-superviso-las-obras-del-futuro-centro-civico-municipal-villa-espana-platanos\/\" \/>\n<meta property=\"og:site_name\" content=\"Principios\" \/>\n<meta property=\"article:published_time\" content=\"2024-08-01T20:30:02+00:00\" \/>\n<meta property=\"article:modified_time\" content=\"2024-08-01T20:30:04+00:00\" \/>\n<meta property=\"og:image\" content=\"https:\/\/diarioprincipios.com\/wp-content\/uploads\/2024\/08\/MUSSI-SUPERVISO-LAS-OBRAS-DEL-FUTURO-CENTRO-CIVICO-MUNICIPAL-VILLA-ESPANA-PLATANOS-4.jpeg\" \/>\n\t<meta property=\"og:image:width\" content=\"1600\" \/>\n\t<meta property=\"og:image:height\" content=\"1067\" \/>\n\t<meta property=\"og:image:type\" content=\"image\/jpeg\" \/>\n<meta name=\"author\" content=\"Hern\u00e1n L\u00f3pez\" \/>\n<meta name=\"twitter:card\" content=\"summary_large_image\" \/>\n<meta name=\"twitter:label1\" content=\"Escrito por\" \/>\n\t<meta name=\"twitter:data1\" content=\"Hern\u00e1n L\u00f3pez\" \/>\n\t<meta name=\"twitter:label2\" content=\"Tiempo de lectura\" \/>\n\t<meta name=\"twitter:data2\" content=\"3 minutos\" \/>\n<script type=\"application\/ld+json\" class=\"yoast-schema-graph\">{\"@context\":\"https:\\\/\\\/schema.org\",\"@graph\":[{\"@type\":\"Article\",\"@id\":\"https:\\\/\\\/diarioprincipios.com\\\/index.php\\\/2024\\\/08\\\/01\\\/mussi-superviso-las-obras-del-futuro-centro-civico-municipal-villa-espana-platanos\\\/#article\",\"isPartOf\":{\"@id\":\"https:\\\/\\\/diarioprincipios.com\\\/index.php\\\/2024\\\/08\\\/01\\\/mussi-superviso-las-obras-del-futuro-centro-civico-municipal-villa-espana-platanos\\\/\"},\"author\":{\"name\":\"Hern\u00e1n L\u00f3pez\",\"@id\":\"https:\\\/\\\/diarioprincipios.com\\\/#\\\/schema\\\/person\\\/436d5a1fd41a5e250e23ff5a6a7cb080\"},\"headline\":\"Mussi supervis\u00f3 las Obras del futuro Centro C\u00edvico Municipal Villa Espa\u00f1a-Pl\u00e1tanos\",\"datePublished\":\"2024-08-01T20:30:02+00:00\",\"dateModified\":\"2024-08-01T20:30:04+00:00\",\"mainEntityOfPage\":{\"@id\":\"https:\\\/\\\/diarioprincipios.com\\\/index.php\\\/2024\\\/08\\\/01\\\/mussi-superviso-las-obras-del-futuro-centro-civico-municipal-villa-espana-platanos\\\/\"},\"wordCount\":391,\"commentCount\":0,\"publisher\":{\"@id\":\"https:\\\/\\\/diarioprincipios.com\\\/#organization\"},\"image\":{\"@id\":\"https:\\\/\\\/diarioprincipios.com\\\/index.php\\\/2024\\\/08\\\/01\\\/mussi-superviso-las-obras-del-futuro-centro-civico-municipal-villa-espana-platanos\\\/#primaryimage\"},\"thumbnailUrl\":\"https:\\\/\\\/diarioprincipios.com\\\/wp-content\\\/uploads\\\/2024\\\/08\\\/MUSSI-SUPERVISO-LAS-OBRAS-DEL-FUTURO-CENTRO-CIVICO-MUNICIPAL-VILLA-ESPANA-PLATANOS-4.jpeg\",\"articleSection\":[\"Berazategui\"],\"inLanguage\":\"es\",\"potentialAction\":[{\"@type\":\"CommentAction\",\"name\":\"Comment\",\"target\":[\"https:\\\/\\\/diarioprincipios.com\\\/index.php\\\/2024\\\/08\\\/01\\\/mussi-superviso-las-obras-del-futuro-centro-civico-municipal-villa-espana-platanos\\\/#respond\"]}]},{\"@type\":\"WebPage\",\"@id\":\"https:\\\/\\\/diarioprincipios.com\\\/index.php\\\/2024\\\/08\\\/01\\\/mussi-superviso-las-obras-del-futuro-centro-civico-municipal-villa-espana-platanos\\\/\",\"url\":\"https:\\\/\\\/diarioprincipios.com\\\/index.php\\\/2024\\\/08\\\/01\\\/mussi-superviso-las-obras-del-futuro-centro-civico-municipal-villa-espana-platanos\\\/\",\"name\":\"Mussi supervis\u00f3 las Obras del futuro Centro C\u00edvico Municipal Villa Espa\u00f1a-Pl\u00e1tanos - Principios\",\"isPartOf\":{\"@id\":\"https:\\\/\\\/diarioprincipios.com\\\/#website\"},\"primaryImageOfPage\":{\"@id\":\"https:\\\/\\\/diarioprincipios.com\\\/index.php\\\/2024\\\/08\\\/01\\\/mussi-superviso-las-obras-del-futuro-centro-civico-municipal-villa-espana-platanos\\\/#primaryimage\"},\"image\":{\"@id\":\"https:\\\/\\\/diarioprincipios.com\\\/index.php\\\/2024\\\/08\\\/01\\\/mussi-superviso-las-obras-del-futuro-centro-civico-municipal-villa-espana-platanos\\\/#primaryimage\"},\"thumbnailUrl\":\"https:\\\/\\\/diarioprincipios.com\\\/wp-content\\\/uploads\\\/2024\\\/08\\\/MUSSI-SUPERVISO-LAS-OBRAS-DEL-FUTURO-CENTRO-CIVICO-MUNICIPAL-VILLA-ESPANA-PLATANOS-4.jpeg\",\"datePublished\":\"2024-08-01T20:30:02+00:00\",\"dateModified\":\"2024-08-01T20:30:04+00:00\",\"breadcrumb\":{\"@id\":\"https:\\\/\\\/diarioprincipios.com\\\/index.php\\\/2024\\\/08\\\/01\\\/mussi-superviso-las-obras-del-futuro-centro-civico-municipal-villa-espana-platanos\\\/#breadcrumb\"},\"inLanguage\":\"es\",\"potentialAction\":[{\"@type\":\"ReadAction\",\"target\":[\"https:\\\/\\\/diarioprincipios.com\\\/index.php\\\/2024\\\/08\\\/01\\\/mussi-superviso-las-obras-del-futuro-centro-civico-municipal-villa-espana-platanos\\\/\"]}]},{\"@type\":\"ImageObject\",\"inLanguage\":\"es\",\"@id\":\"https:\\\/\\\/diarioprincipios.com\\\/index.php\\\/2024\\\/08\\\/01\\\/mussi-superviso-las-obras-del-futuro-centro-civico-municipal-villa-espana-platanos\\\/#primaryimage\",\"url\":\"https:\\\/\\\/diarioprincipios.com\\\/wp-content\\\/uploads\\\/2024\\\/08\\\/MUSSI-SUPERVISO-LAS-OBRAS-DEL-FUTURO-CENTRO-CIVICO-MUNICIPAL-VILLA-ESPANA-PLATANOS-4.jpeg\",\"contentUrl\":\"https:\\\/\\\/diarioprincipios.com\\\/wp-content\\\/uploads\\\/2024\\\/08\\\/MUSSI-SUPERVISO-LAS-OBRAS-DEL-FUTURO-CENTRO-CIVICO-MUNICIPAL-VILLA-ESPANA-PLATANOS-4.jpeg\",\"width\":1600,\"height\":1067},{\"@type\":\"BreadcrumbList\",\"@id\":\"https:\\\/\\\/diarioprincipios.com\\\/index.php\\\/2024\\\/08\\\/01\\\/mussi-superviso-las-obras-del-futuro-centro-civico-municipal-villa-espana-platanos\\\/#breadcrumb\",\"itemListElement\":[{\"@type\":\"ListItem\",\"position\":1,\"name\":\"Portada\",\"item\":\"https:\\\/\\\/diarioprincipios.com\\\/\"},{\"@type\":\"ListItem\",\"position\":2,\"name\":\"Mussi supervis\u00f3 las Obras del futuro Centro C\u00edvico Municipal Villa Espa\u00f1a-Pl\u00e1tanos\"}]},{\"@type\":\"WebSite\",\"@id\":\"https:\\\/\\\/diarioprincipios.com\\\/#website\",\"url\":\"https:\\\/\\\/diarioprincipios.com\\\/\",\"name\":\"Principios\",\"description\":\"Principios Diario\",\"publisher\":{\"@id\":\"https:\\\/\\\/diarioprincipios.com\\\/#organization\"},\"potentialAction\":[{\"@type\":\"SearchAction\",\"target\":{\"@type\":\"EntryPoint\",\"urlTemplate\":\"https:\\\/\\\/diarioprincipios.com\\\/?s={search_term_string}\"},\"query-input\":{\"@type\":\"PropertyValueSpecification\",\"valueRequired\":true,\"valueName\":\"search_term_string\"}}],\"inLanguage\":\"es\"},{\"@type\":\"Organization\",\"@id\":\"https:\\\/\\\/diarioprincipios.com\\\/#organization\",\"name\":\"Principios\",\"url\":\"https:\\\/\\\/diarioprincipios.com\\\/\",\"logo\":{\"@type\":\"ImageObject\",\"inLanguage\":\"es\",\"@id\":\"https:\\\/\\\/diarioprincipios.com\\\/#\\\/schema\\\/logo\\\/image\\\/\",\"url\":\"https:\\\/\\\/diarioprincipios.com\\\/wp-content\\\/uploads\\\/2024\\\/04\\\/cropped-www.diarioprincipios.com_-1.png\",\"contentUrl\":\"https:\\\/\\\/diarioprincipios.com\\\/wp-content\\\/uploads\\\/2024\\\/04\\\/cropped-www.diarioprincipios.com_-1.png\",\"width\":5325,\"height\":1454,\"caption\":\"Principios\"},\"image\":{\"@id\":\"https:\\\/\\\/diarioprincipios.com\\\/#\\\/schema\\\/logo\\\/image\\\/\"}},{\"@type\":\"Person\",\"@id\":\"https:\\\/\\\/diarioprincipios.com\\\/#\\\/schema\\\/person\\\/436d5a1fd41a5e250e23ff5a6a7cb080\",\"name\":\"Hern\u00e1n L\u00f3pez\",\"image\":{\"@type\":\"ImageObject\",\"inLanguage\":\"es\",\"@id\":\"https:\\\/\\\/diarioprincipios.com\\\/wp-content\\\/litespeed\\\/avatar\\\/11ddfe5610ff3bd100522525b2571f48.jpg?ver=1777653193\",\"url\":\"https:\\\/\\\/diarioprincipios.com\\\/wp-content\\\/litespeed\\\/avatar\\\/11ddfe5610ff3bd100522525b2571f48.jpg?ver=1777653193\",\"contentUrl\":\"https:\\\/\\\/diarioprincipios.com\\\/wp-content\\\/litespeed\\\/avatar\\\/11ddfe5610ff3bd100522525b2571f48.jpg?ver=1777653193\",\"caption\":\"Hern\u00e1n L\u00f3pez\"},\"url\":\"https:\\\/\\\/diarioprincipios.com\\\/index.php\\\/author\\\/hernan\\\/\"}]}<\/script>\n<!-- \/ Yoast SEO plugin. -->","yoast_head_json":{"title":"Mussi supervis\u00f3 las Obras del futuro Centro C\u00edvico Municipal Villa Espa\u00f1a-Pl\u00e1tanos - Principios","robots":{"index":"index","follow":"follow","max-snippet":"max-snippet:-1","max-image-preview":"max-image-preview:large","max-video-preview":"max-video-preview:-1"},"canonical":"https:\/\/diarioprincipios.com\/index.php\/2024\/08\/01\/mussi-superviso-las-obras-del-futuro-centro-civico-municipal-villa-espana-platanos\/","og_locale":"es_ES","og_type":"article","og_title":"Mussi supervis\u00f3 las Obras del futuro Centro C\u00edvico Municipal Villa Espa\u00f1a-Pl\u00e1tanos - Principios","og_description":"El intendente Juan Jos\u00e9 Mussi visit\u00f3 las obras que se est\u00e1n ejecutando en el futuro Centro C\u00edvico Municipal Villa Espa\u00f1a &#8211; Pl\u00e1tanos, que funcionar\u00e1 en parte de las instalaciones del C\u00edrculo Italiano, ubicado en la calle 151 A e\/ Av. Italia y 34. La reforma y ampliaci\u00f3n del lugar se est\u00e1 realizando con financiamiento \u00edntegramente...","og_url":"https:\/\/diarioprincipios.com\/index.php\/2024\/08\/01\/mussi-superviso-las-obras-del-futuro-centro-civico-municipal-villa-espana-platanos\/","og_site_name":"Principios","article_published_time":"2024-08-01T20:30:02+00:00","article_modified_time":"2024-08-01T20:30:04+00:00","og_image":[{"width":1600,"height":1067,"url":"https:\/\/diarioprincipios.com\/wp-content\/uploads\/2024\/08\/MUSSI-SUPERVISO-LAS-OBRAS-DEL-FUTURO-CENTRO-CIVICO-MUNICIPAL-VILLA-ESPANA-PLATANOS-4.jpeg","type":"image\/jpeg"}],"author":"Hern\u00e1n L\u00f3pez","twitter_card":"summary_large_image","twitter_misc":{"Escrito por":"Hern\u00e1n L\u00f3pez","Tiempo de lectura":"3 minutos"},"schema":{"@context":"https:\/\/schema.org","@graph":[{"@type":"Article","@id":"https:\/\/diarioprincipios.com\/index.php\/2024\/08\/01\/mussi-superviso-las-obras-del-futuro-centro-civico-municipal-villa-espana-platanos\/#article","isPartOf":{"@id":"https:\/\/diarioprincipios.com\/index.php\/2024\/08\/01\/mussi-superviso-las-obras-del-futuro-centro-civico-municipal-villa-espana-platanos\/"},"author":{"name":"Hern\u00e1n L\u00f3pez","@id":"https:\/\/diarioprincipios.com\/#\/schema\/person\/436d5a1fd41a5e250e23ff5a6a7cb080"},"headline":"Mussi supervis\u00f3 las Obras del futuro Centro C\u00edvico Municipal Villa Espa\u00f1a-Pl\u00e1tanos","datePublished":"2024-08-01T20:30:02+00:00","dateModified":"2024-08-01T20:30:04+00:00","mainEntityOfPage":{"@id":"https:\/\/diarioprincipios.com\/index.php\/2024\/08\/01\/mussi-superviso-las-obras-del-futuro-centro-civico-municipal-villa-espana-platanos\/"},"wordCount":391,"commentCount":0,"publisher":{"@id":"https:\/\/diarioprincipios.com\/#organization"},"image":{"@id":"https:\/\/diarioprincipios.com\/index.php\/2024\/08\/01\/mussi-superviso-las-obras-del-futuro-centro-civico-municipal-villa-espana-platanos\/#primaryimage"},"thumbnailUrl":"https:\/\/diarioprincipios.com\/wp-content\/uploads\/2024\/08\/MUSSI-SUPERVISO-LAS-OBRAS-DEL-FUTURO-CENTRO-CIVICO-MUNICIPAL-VILLA-ESPANA-PLATANOS-4.jpeg","articleSection":["Berazategui"],"inLanguage":"es","potentialAction":[{"@type":"CommentAction","name":"Comment","target":["https:\/\/diarioprincipios.com\/index.php\/2024\/08\/01\/mussi-superviso-las-obras-del-futuro-centro-civico-municipal-villa-espana-platanos\/#respond"]}]},{"@type":"WebPage","@id":"https:\/\/diarioprincipios.com\/index.php\/2024\/08\/01\/mussi-superviso-las-obras-del-futuro-centro-civico-municipal-villa-espana-platanos\/","url":"https:\/\/diarioprincipios.com\/index.php\/2024\/08\/01\/mussi-superviso-las-obras-del-futuro-centro-civico-municipal-villa-espana-platanos\/","name":"Mussi supervis\u00f3 las Obras del futuro Centro C\u00edvico Municipal Villa Espa\u00f1a-Pl\u00e1tanos - Principios","isPartOf":{"@id":"https:\/\/diarioprincipios.com\/#website"},"primaryImageOfPage":{"@id":"https:\/\/diarioprincipios.com\/index.php\/2024\/08\/01\/mussi-superviso-las-obras-del-futuro-centro-civico-municipal-villa-espana-platanos\/#primaryimage"},"image":{"@id":"https:\/\/diarioprincipios.com\/index.php\/2024\/08\/01\/mussi-superviso-las-obras-del-futuro-centro-civico-municipal-villa-espana-platanos\/#primaryimage"},"thumbnailUrl":"https:\/\/diarioprincipios.com\/wp-content\/uploads\/2024\/08\/MUSSI-SUPERVISO-LAS-OBRAS-DEL-FUTURO-CENTRO-CIVICO-MUNICIPAL-VILLA-ESPANA-PLATANOS-4.jpeg","datePublished":"2024-08-01T20:30:02+00:00","dateModified":"2024-08-01T20:30:04+00:00","breadcrumb":{"@id":"https:\/\/diarioprincipios.com\/index.php\/2024\/08\/01\/mussi-superviso-las-obras-del-futuro-centro-civico-municipal-villa-espana-platanos\/#breadcrumb"},"inLanguage":"es","potentialAction":[{"@type":"ReadAction","target":["https:\/\/diarioprincipios.com\/index.php\/2024\/08\/01\/mussi-superviso-las-obras-del-futuro-centro-civico-municipal-villa-espana-platanos\/"]}]},{"@type":"ImageObject","inLanguage":"es","@id":"https:\/\/diarioprincipios.com\/index.php\/2024\/08\/01\/mussi-superviso-las-obras-del-futuro-centro-civico-municipal-villa-espana-platanos\/#primaryimage","url":"https:\/\/diarioprincipios.com\/wp-content\/uploads\/2024\/08\/MUSSI-SUPERVISO-LAS-OBRAS-DEL-FUTURO-CENTRO-CIVICO-MUNICIPAL-VILLA-ESPANA-PLATANOS-4.jpeg","contentUrl":"https:\/\/diarioprincipios.com\/wp-content\/uploads\/2024\/08\/MUSSI-SUPERVISO-LAS-OBRAS-DEL-FUTURO-CENTRO-CIVICO-MUNICIPAL-VILLA-ESPANA-PLATANOS-4.jpeg","width":1600,"height":1067},{"@type":"BreadcrumbList","@id":"https:\/\/diarioprincipios.com\/index.php\/2024\/08\/01\/mussi-superviso-las-obras-del-futuro-centro-civico-municipal-villa-espana-platanos\/#breadcrumb","itemListElement":[{"@type":"ListItem","position":1,"name":"Portada","item":"https:\/\/diarioprincipios.com\/"},{"@type":"ListItem","position":2,"name":"Mussi supervis\u00f3 las Obras del futuro Centro C\u00edvico Municipal Villa Espa\u00f1a-Pl\u00e1tanos"}]},{"@type":"WebSite","@id":"https:\/\/diarioprincipios.com\/#website","url":"https:\/\/diarioprincipios.com\/","name":"Principios","description":"Principios Diario","publisher":{"@id":"https:\/\/diarioprincipios.com\/#organization"},"potentialAction":[{"@type":"SearchAction","target":{"@type":"EntryPoint","urlTemplate":"https:\/\/diarioprincipios.com\/?s={search_term_string}"},"query-input":{"@type":"PropertyValueSpecification","valueRequired":true,"valueName":"search_term_string"}}],"inLanguage":"es"},{"@type":"Organization","@id":"https:\/\/diarioprincipios.com\/#organization","name":"Principios","url":"https:\/\/diarioprincipios.com\/","logo":{"@type":"ImageObject","inLanguage":"es","@id":"https:\/\/diarioprincipios.com\/#\/schema\/logo\/image\/","url":"https:\/\/diarioprincipios.com\/wp-content\/uploads\/2024\/04\/cropped-www.diarioprincipios.com_-1.png","contentUrl":"https:\/\/diarioprincipios.com\/wp-content\/uploads\/2024\/04\/cropped-www.diarioprincipios.com_-1.png","width":5325,"height":1454,"caption":"Principios"},"image":{"@id":"https:\/\/diarioprincipios.com\/#\/schema\/logo\/image\/"}},{"@type":"Person","@id":"https:\/\/diarioprincipios.com\/#\/schema\/person\/436d5a1fd41a5e250e23ff5a6a7cb080","name":"Hern\u00e1n L\u00f3pez","image":{"@type":"ImageObject","inLanguage":"es","@id":"https:\/\/diarioprincipios.com\/wp-content\/litespeed\/avatar\/11ddfe5610ff3bd100522525b2571f48.jpg?ver=1777653193","url":"https:\/\/diarioprincipios.com\/wp-content\/litespeed\/avatar\/11ddfe5610ff3bd100522525b2571f48.jpg?ver=1777653193","contentUrl":"https:\/\/diarioprincipios.com\/wp-content\/litespeed\/avatar\/11ddfe5610ff3bd100522525b2571f48.jpg?ver=1777653193","caption":"Hern\u00e1n L\u00f3pez"},"url":"https:\/\/diarioprincipios.com\/index.php\/author\/hernan\/"}]}},"jetpack_featured_media_url":"https:\/\/diarioprincipios.com\/wp-content\/uploads\/2024\/08\/MUSSI-SUPERVISO-LAS-OBRAS-DEL-FUTURO-CENTRO-CIVICO-MUNICIPAL-VILLA-ESPANA-PLATANOS-4.jpeg","_links":{"self":[{"href":"https:\/\/diarioprincipios.com\/index.php\/wp-json\/wp\/v2\/posts\/22542","targetHints":{"allow":["GET"]}}],"collection":[{"href":"https:\/\/diarioprincipios.com\/index.php\/wp-json\/wp\/v2\/posts"}],"about":[{"href":"https:\/\/diarioprincipios.com\/index.php\/wp-json\/wp\/v2\/types\/post"}],"author":[{"embeddable":true,"href":"https:\/\/diarioprincipios.com\/index.php\/wp-json\/wp\/v2\/users\/2"}],"replies":[{"embeddable":true,"href":"https:\/\/diarioprincipios.com\/index.php\/wp-json\/wp\/v2\/comments?post=22542"}],"version-history":[{"count":1,"href":"https:\/\/diarioprincipios.com\/index.php\/wp-json\/wp\/v2\/posts\/22542\/revisions"}],"predecessor-version":[{"id":22548,"href":"https:\/\/diarioprincipios.com\/index.php\/wp-json\/wp\/v2\/posts\/22542\/revisions\/22548"}],"wp:featuredmedia":[{"embeddable":true,"href":"https:\/\/diarioprincipios.com\/index.php\/wp-json\/wp\/v2\/media\/22547"}],"wp:attachment":[{"href":"https:\/\/diarioprincipios.com\/index.php\/wp-json\/wp\/v2\/media?parent=22542"}],"wp:term":[{"taxonomy":"category","embeddable":true,"href":"https:\/\/diarioprincipios.com\/index.php\/wp-json\/wp\/v2\/categories?post=22542"},{"taxonomy":"post_tag","embeddable":true,"href":"https:\/\/diarioprincipios.com\/index.php\/wp-json\/wp\/v2\/tags?post=22542"}],"curies":[{"name":"wp","href":"https:\/\/api.w.org\/{rel}","templated":true}]}}