{"id":22506,"date":"2024-07-28T12:08:20","date_gmt":"2024-07-28T15:08:20","guid":{"rendered":"http:\/\/diarioprincipios.com\/?p=22506"},"modified":"2024-07-29T19:58:44","modified_gmt":"2024-07-29T22:58:44","slug":"berazategui-estara-representado-por-dos-equipos-de-la-asociacion-de-voley-en-el-interligas-provincial-2","status":"publish","type":"post","link":"https:\/\/diarioprincipios.com\/index.php\/2024\/07\/28\/berazategui-estara-representado-por-dos-equipos-de-la-asociacion-de-voley-en-el-interligas-provincial-2\/","title":{"rendered":"Berazategui estar\u00e1 representado por dos equipos de la Asociaci\u00f3n de Voley en el Interligas Provincial"},"content":{"rendered":"\n<p>Los equipos femeninos de Las Pibas y Planeta Voley, ambos Campeones del Torneo de la Asociaci\u00f3n de V\u00f3ley Capital Nacional del Vidrio y representativos de Berazategui, participar\u00e1n el 4 de agosto en el Interligas de la Provincia de Buenos Aires representando a la Asociaci\u00f3n de V\u00f3ley.<\/p>\n\n\n\n<figure class=\"wp-block-image size-large\"><img loading=\"lazy\" decoding=\"async\" width=\"1024\" height=\"900\" src=\"https:\/\/diarioprincipios.com\/wp-content\/uploads\/2024\/07\/Screenshot_20240716_142710_WhatsApp-1-1024x900.jpg\" alt=\"\" class=\"wp-image-22507\" srcset=\"https:\/\/diarioprincipios.com\/wp-content\/uploads\/2024\/07\/Screenshot_20240716_142710_WhatsApp-1-1024x900.jpg 1024w, https:\/\/diarioprincipios.com\/wp-content\/uploads\/2024\/07\/Screenshot_20240716_142710_WhatsApp-1-300x264.jpg 300w, https:\/\/diarioprincipios.com\/wp-content\/uploads\/2024\/07\/Screenshot_20240716_142710_WhatsApp-1-768x675.jpg 768w, https:\/\/diarioprincipios.com\/wp-content\/uploads\/2024\/07\/Screenshot_20240716_142710_WhatsApp-1.jpg 1080w\" sizes=\"auto, (max-width: 1024px) 100vw, 1024px\" \/><\/figure>\n\n\n\n<p><br>\u00abVoy a repetir lo que digo siempre, estamos muy orgullosos de nuestros equipos y de ver como nos representan en diferentes torneos\u00bb, se\u00f1al\u00f3 la presidenta de la Asociaci\u00f3n de V\u00f3ley quien destac\u00f3 adem\u00e1s \u00abestamos seguros de que las chicas de estos dos equipos Campeones dejar\u00e1n bien en alto a nuestra Asociaci\u00f3n\u00bb.<br>La competencia se desarrollar\u00e1 el pr\u00f3ximo domingo en el Club Temperley y el Campe\u00f3n ganar\u00e1 el derecho a participar del Torneo Nacional 2024 en Formosa.<\/p>\n\n\n\n<figure class=\"wp-block-image size-large\"><img loading=\"lazy\" decoding=\"async\" width=\"1024\" height=\"832\" src=\"https:\/\/diarioprincipios.com\/wp-content\/uploads\/2024\/07\/Screenshot_20240716_142700_WhatsApp-1-1024x832.jpg\" alt=\"\" class=\"wp-image-22508\" srcset=\"https:\/\/diarioprincipios.com\/wp-content\/uploads\/2024\/07\/Screenshot_20240716_142700_WhatsApp-1-1024x832.jpg 1024w, https:\/\/diarioprincipios.com\/wp-content\/uploads\/2024\/07\/Screenshot_20240716_142700_WhatsApp-1-300x244.jpg 300w, https:\/\/diarioprincipios.com\/wp-content\/uploads\/2024\/07\/Screenshot_20240716_142700_WhatsApp-1-768x624.jpg 768w, https:\/\/diarioprincipios.com\/wp-content\/uploads\/2024\/07\/Screenshot_20240716_142700_WhatsApp-1.jpg 1079w\" sizes=\"auto, (max-width: 1024px) 100vw, 1024px\" \/><\/figure>\n\n\n\n<p><br>Las Pibas y Planeta V\u00f3ley competiran en el Interligas con los equipos de CAFA, IMEI, 12 de Octubre, Social, Sudam\u00e9rica, Uni\u00f3n Cristiana, Gimnasia y Esgrima La Plata, Ensenada V\u00f3ley, Defensores de Cat\u00e1n y S.F. Villa Dorrego.<br>Finalmente sostuvo que \u00abla participaci\u00f3n de nuestros equipos en diferentes torneos ayuda al crecimiento de estos conjuntos pero tambi\u00e9n prestigia nuestros Torneos que hoy tienen m\u00e1s de 76 equipos y categor\u00edas desde inferiores hasta adultos mayores\u00bb.<\/p>\n","protected":false},"excerpt":{"rendered":"<p>Los equipos femeninos de Las Pibas y Planeta Voley, ambos Campeones del Torneo de la Asociaci\u00f3n de V\u00f3ley Capital Nacional del Vidrio y representativos de Berazategui, participar\u00e1n el 4 de agosto en el Interligas de la Provincia de Buenos Aires representando a la Asociaci\u00f3n de V\u00f3ley. \u00abVoy a repetir lo que digo siempre, estamos muy&#8230;<\/p>\n","protected":false},"author":2,"featured_media":22511,"comment_status":"open","ping_status":"open","sticky":false,"template":"","format":"standard","meta":{"footnotes":""},"categories":[6],"tags":[],"class_list":["post-22506","post","type-post","status-publish","format-standard","has-post-thumbnail","hentry","category-deportes"],"featured_image_src":"https:\/\/diarioprincipios.com\/wp-content\/uploads\/2024\/07\/Screenshot_20240729_195130_Instagram-1024x959.jpg","blog_images":{"medium":"https:\/\/diarioprincipios.com\/wp-content\/uploads\/2024\/07\/Screenshot_20240729_195130_Instagram-300x281.jpg","large":"https:\/\/diarioprincipios.com\/wp-content\/uploads\/2024\/07\/Screenshot_20240729_195130_Instagram-1024x959.jpg"},"ams_acf":[],"yoast_head":"<!-- This site is optimized with the Yoast SEO plugin v27.3 - https:\/\/yoast.com\/product\/yoast-seo-wordpress\/ -->\n<title>Berazategui estar\u00e1 representado por dos equipos de la Asociaci\u00f3n de Voley en el Interligas Provincial - Principios<\/title>\n<meta name=\"robots\" content=\"index, follow, max-snippet:-1, max-image-preview:large, max-video-preview:-1\" \/>\n<link rel=\"canonical\" href=\"https:\/\/diarioprincipios.com\/index.php\/2024\/07\/28\/berazategui-estara-representado-por-dos-equipos-de-la-asociacion-de-voley-en-el-interligas-provincial-2\/\" \/>\n<meta property=\"og:locale\" content=\"es_ES\" \/>\n<meta property=\"og:type\" content=\"article\" \/>\n<meta property=\"og:title\" content=\"Berazategui estar\u00e1 representado por dos equipos de la Asociaci\u00f3n de Voley en el Interligas Provincial - Principios\" \/>\n<meta property=\"og:description\" content=\"Los equipos femeninos de Las Pibas y Planeta Voley, ambos Campeones del Torneo de la Asociaci\u00f3n de V\u00f3ley Capital Nacional del Vidrio y representativos de Berazategui, participar\u00e1n el 4 de agosto en el Interligas de la Provincia de Buenos Aires representando a la Asociaci\u00f3n de V\u00f3ley. \u00abVoy a repetir lo que digo siempre, estamos muy...\" \/>\n<meta property=\"og:url\" content=\"https:\/\/diarioprincipios.com\/index.php\/2024\/07\/28\/berazategui-estara-representado-por-dos-equipos-de-la-asociacion-de-voley-en-el-interligas-provincial-2\/\" \/>\n<meta property=\"og:site_name\" content=\"Principios\" \/>\n<meta property=\"article:published_time\" content=\"2024-07-28T15:08:20+00:00\" \/>\n<meta property=\"article:modified_time\" content=\"2024-07-29T22:58:44+00:00\" \/>\n<meta property=\"og:image\" content=\"https:\/\/diarioprincipios.com\/wp-content\/uploads\/2024\/07\/Screenshot_20240729_195130_Instagram.jpg\" \/>\n\t<meta property=\"og:image:width\" content=\"1080\" \/>\n\t<meta property=\"og:image:height\" content=\"1011\" \/>\n\t<meta property=\"og:image:type\" content=\"image\/jpeg\" \/>\n<meta name=\"author\" content=\"Hern\u00e1n L\u00f3pez\" \/>\n<meta name=\"twitter:card\" content=\"summary_large_image\" \/>\n<meta name=\"twitter:label1\" content=\"Escrito por\" \/>\n\t<meta name=\"twitter:data1\" content=\"Hern\u00e1n L\u00f3pez\" \/>\n\t<meta name=\"twitter:label2\" content=\"Tiempo de lectura\" \/>\n\t<meta name=\"twitter:data2\" content=\"2 minutos\" \/>\n<script type=\"application\/ld+json\" class=\"yoast-schema-graph\">{\"@context\":\"https:\\\/\\\/schema.org\",\"@graph\":[{\"@type\":\"Article\",\"@id\":\"https:\\\/\\\/diarioprincipios.com\\\/index.php\\\/2024\\\/07\\\/28\\\/berazategui-estara-representado-por-dos-equipos-de-la-asociacion-de-voley-en-el-interligas-provincial-2\\\/#article\",\"isPartOf\":{\"@id\":\"https:\\\/\\\/diarioprincipios.com\\\/index.php\\\/2024\\\/07\\\/28\\\/berazategui-estara-representado-por-dos-equipos-de-la-asociacion-de-voley-en-el-interligas-provincial-2\\\/\"},\"author\":{\"name\":\"Hern\u00e1n L\u00f3pez\",\"@id\":\"https:\\\/\\\/diarioprincipios.com\\\/#\\\/schema\\\/person\\\/436d5a1fd41a5e250e23ff5a6a7cb080\"},\"headline\":\"Berazategui estar\u00e1 representado por dos equipos de la Asociaci\u00f3n de Voley en el Interligas Provincial\",\"datePublished\":\"2024-07-28T15:08:20+00:00\",\"dateModified\":\"2024-07-29T22:58:44+00:00\",\"mainEntityOfPage\":{\"@id\":\"https:\\\/\\\/diarioprincipios.com\\\/index.php\\\/2024\\\/07\\\/28\\\/berazategui-estara-representado-por-dos-equipos-de-la-asociacion-de-voley-en-el-interligas-provincial-2\\\/\"},\"wordCount\":229,\"commentCount\":0,\"publisher\":{\"@id\":\"https:\\\/\\\/diarioprincipios.com\\\/#organization\"},\"image\":{\"@id\":\"https:\\\/\\\/diarioprincipios.com\\\/index.php\\\/2024\\\/07\\\/28\\\/berazategui-estara-representado-por-dos-equipos-de-la-asociacion-de-voley-en-el-interligas-provincial-2\\\/#primaryimage\"},\"thumbnailUrl\":\"https:\\\/\\\/diarioprincipios.com\\\/wp-content\\\/uploads\\\/2024\\\/07\\\/Screenshot_20240729_195130_Instagram.jpg\",\"articleSection\":[\"Deportes\"],\"inLanguage\":\"es\",\"potentialAction\":[{\"@type\":\"CommentAction\",\"name\":\"Comment\",\"target\":[\"https:\\\/\\\/diarioprincipios.com\\\/index.php\\\/2024\\\/07\\\/28\\\/berazategui-estara-representado-por-dos-equipos-de-la-asociacion-de-voley-en-el-interligas-provincial-2\\\/#respond\"]}]},{\"@type\":\"WebPage\",\"@id\":\"https:\\\/\\\/diarioprincipios.com\\\/index.php\\\/2024\\\/07\\\/28\\\/berazategui-estara-representado-por-dos-equipos-de-la-asociacion-de-voley-en-el-interligas-provincial-2\\\/\",\"url\":\"https:\\\/\\\/diarioprincipios.com\\\/index.php\\\/2024\\\/07\\\/28\\\/berazategui-estara-representado-por-dos-equipos-de-la-asociacion-de-voley-en-el-interligas-provincial-2\\\/\",\"name\":\"Berazategui estar\u00e1 representado por dos equipos de la Asociaci\u00f3n de Voley en el Interligas Provincial - Principios\",\"isPartOf\":{\"@id\":\"https:\\\/\\\/diarioprincipios.com\\\/#website\"},\"primaryImageOfPage\":{\"@id\":\"https:\\\/\\\/diarioprincipios.com\\\/index.php\\\/2024\\\/07\\\/28\\\/berazategui-estara-representado-por-dos-equipos-de-la-asociacion-de-voley-en-el-interligas-provincial-2\\\/#primaryimage\"},\"image\":{\"@id\":\"https:\\\/\\\/diarioprincipios.com\\\/index.php\\\/2024\\\/07\\\/28\\\/berazategui-estara-representado-por-dos-equipos-de-la-asociacion-de-voley-en-el-interligas-provincial-2\\\/#primaryimage\"},\"thumbnailUrl\":\"https:\\\/\\\/diarioprincipios.com\\\/wp-content\\\/uploads\\\/2024\\\/07\\\/Screenshot_20240729_195130_Instagram.jpg\",\"datePublished\":\"2024-07-28T15:08:20+00:00\",\"dateModified\":\"2024-07-29T22:58:44+00:00\",\"breadcrumb\":{\"@id\":\"https:\\\/\\\/diarioprincipios.com\\\/index.php\\\/2024\\\/07\\\/28\\\/berazategui-estara-representado-por-dos-equipos-de-la-asociacion-de-voley-en-el-interligas-provincial-2\\\/#breadcrumb\"},\"inLanguage\":\"es\",\"potentialAction\":[{\"@type\":\"ReadAction\",\"target\":[\"https:\\\/\\\/diarioprincipios.com\\\/index.php\\\/2024\\\/07\\\/28\\\/berazategui-estara-representado-por-dos-equipos-de-la-asociacion-de-voley-en-el-interligas-provincial-2\\\/\"]}]},{\"@type\":\"ImageObject\",\"inLanguage\":\"es\",\"@id\":\"https:\\\/\\\/diarioprincipios.com\\\/index.php\\\/2024\\\/07\\\/28\\\/berazategui-estara-representado-por-dos-equipos-de-la-asociacion-de-voley-en-el-interligas-provincial-2\\\/#primaryimage\",\"url\":\"https:\\\/\\\/diarioprincipios.com\\\/wp-content\\\/uploads\\\/2024\\\/07\\\/Screenshot_20240729_195130_Instagram.jpg\",\"contentUrl\":\"https:\\\/\\\/diarioprincipios.com\\\/wp-content\\\/uploads\\\/2024\\\/07\\\/Screenshot_20240729_195130_Instagram.jpg\",\"width\":1080,\"height\":1011},{\"@type\":\"BreadcrumbList\",\"@id\":\"https:\\\/\\\/diarioprincipios.com\\\/index.php\\\/2024\\\/07\\\/28\\\/berazategui-estara-representado-por-dos-equipos-de-la-asociacion-de-voley-en-el-interligas-provincial-2\\\/#breadcrumb\",\"itemListElement\":[{\"@type\":\"ListItem\",\"position\":1,\"name\":\"Portada\",\"item\":\"https:\\\/\\\/diarioprincipios.com\\\/\"},{\"@type\":\"ListItem\",\"position\":2,\"name\":\"Berazategui estar\u00e1 representado por dos equipos de la Asociaci\u00f3n de Voley en el Interligas Provincial\"}]},{\"@type\":\"WebSite\",\"@id\":\"https:\\\/\\\/diarioprincipios.com\\\/#website\",\"url\":\"https:\\\/\\\/diarioprincipios.com\\\/\",\"name\":\"Principios\",\"description\":\"Principios Diario\",\"publisher\":{\"@id\":\"https:\\\/\\\/diarioprincipios.com\\\/#organization\"},\"potentialAction\":[{\"@type\":\"SearchAction\",\"target\":{\"@type\":\"EntryPoint\",\"urlTemplate\":\"https:\\\/\\\/diarioprincipios.com\\\/?s={search_term_string}\"},\"query-input\":{\"@type\":\"PropertyValueSpecification\",\"valueRequired\":true,\"valueName\":\"search_term_string\"}}],\"inLanguage\":\"es\"},{\"@type\":\"Organization\",\"@id\":\"https:\\\/\\\/diarioprincipios.com\\\/#organization\",\"name\":\"Principios\",\"url\":\"https:\\\/\\\/diarioprincipios.com\\\/\",\"logo\":{\"@type\":\"ImageObject\",\"inLanguage\":\"es\",\"@id\":\"https:\\\/\\\/diarioprincipios.com\\\/#\\\/schema\\\/logo\\\/image\\\/\",\"url\":\"https:\\\/\\\/diarioprincipios.com\\\/wp-content\\\/uploads\\\/2024\\\/04\\\/cropped-www.diarioprincipios.com_-1.png\",\"contentUrl\":\"https:\\\/\\\/diarioprincipios.com\\\/wp-content\\\/uploads\\\/2024\\\/04\\\/cropped-www.diarioprincipios.com_-1.png\",\"width\":5325,\"height\":1454,\"caption\":\"Principios\"},\"image\":{\"@id\":\"https:\\\/\\\/diarioprincipios.com\\\/#\\\/schema\\\/logo\\\/image\\\/\"}},{\"@type\":\"Person\",\"@id\":\"https:\\\/\\\/diarioprincipios.com\\\/#\\\/schema\\\/person\\\/436d5a1fd41a5e250e23ff5a6a7cb080\",\"name\":\"Hern\u00e1n L\u00f3pez\",\"image\":{\"@type\":\"ImageObject\",\"inLanguage\":\"es\",\"@id\":\"https:\\\/\\\/diarioprincipios.com\\\/wp-content\\\/litespeed\\\/avatar\\\/11ddfe5610ff3bd100522525b2571f48.jpg?ver=1777653193\",\"url\":\"https:\\\/\\\/diarioprincipios.com\\\/wp-content\\\/litespeed\\\/avatar\\\/11ddfe5610ff3bd100522525b2571f48.jpg?ver=1777653193\",\"contentUrl\":\"https:\\\/\\\/diarioprincipios.com\\\/wp-content\\\/litespeed\\\/avatar\\\/11ddfe5610ff3bd100522525b2571f48.jpg?ver=1777653193\",\"caption\":\"Hern\u00e1n L\u00f3pez\"},\"url\":\"https:\\\/\\\/diarioprincipios.com\\\/index.php\\\/author\\\/hernan\\\/\"}]}<\/script>\n<!-- \/ Yoast SEO plugin. -->","yoast_head_json":{"title":"Berazategui estar\u00e1 representado por dos equipos de la Asociaci\u00f3n de Voley en el Interligas Provincial - Principios","robots":{"index":"index","follow":"follow","max-snippet":"max-snippet:-1","max-image-preview":"max-image-preview:large","max-video-preview":"max-video-preview:-1"},"canonical":"https:\/\/diarioprincipios.com\/index.php\/2024\/07\/28\/berazategui-estara-representado-por-dos-equipos-de-la-asociacion-de-voley-en-el-interligas-provincial-2\/","og_locale":"es_ES","og_type":"article","og_title":"Berazategui estar\u00e1 representado por dos equipos de la Asociaci\u00f3n de Voley en el Interligas Provincial - Principios","og_description":"Los equipos femeninos de Las Pibas y Planeta Voley, ambos Campeones del Torneo de la Asociaci\u00f3n de V\u00f3ley Capital Nacional del Vidrio y representativos de Berazategui, participar\u00e1n el 4 de agosto en el Interligas de la Provincia de Buenos Aires representando a la Asociaci\u00f3n de V\u00f3ley. \u00abVoy a repetir lo que digo siempre, estamos muy...","og_url":"https:\/\/diarioprincipios.com\/index.php\/2024\/07\/28\/berazategui-estara-representado-por-dos-equipos-de-la-asociacion-de-voley-en-el-interligas-provincial-2\/","og_site_name":"Principios","article_published_time":"2024-07-28T15:08:20+00:00","article_modified_time":"2024-07-29T22:58:44+00:00","og_image":[{"width":1080,"height":1011,"url":"https:\/\/diarioprincipios.com\/wp-content\/uploads\/2024\/07\/Screenshot_20240729_195130_Instagram.jpg","type":"image\/jpeg"}],"author":"Hern\u00e1n L\u00f3pez","twitter_card":"summary_large_image","twitter_misc":{"Escrito por":"Hern\u00e1n L\u00f3pez","Tiempo de lectura":"2 minutos"},"schema":{"@context":"https:\/\/schema.org","@graph":[{"@type":"Article","@id":"https:\/\/diarioprincipios.com\/index.php\/2024\/07\/28\/berazategui-estara-representado-por-dos-equipos-de-la-asociacion-de-voley-en-el-interligas-provincial-2\/#article","isPartOf":{"@id":"https:\/\/diarioprincipios.com\/index.php\/2024\/07\/28\/berazategui-estara-representado-por-dos-equipos-de-la-asociacion-de-voley-en-el-interligas-provincial-2\/"},"author":{"name":"Hern\u00e1n L\u00f3pez","@id":"https:\/\/diarioprincipios.com\/#\/schema\/person\/436d5a1fd41a5e250e23ff5a6a7cb080"},"headline":"Berazategui estar\u00e1 representado por dos equipos de la Asociaci\u00f3n de Voley en el Interligas Provincial","datePublished":"2024-07-28T15:08:20+00:00","dateModified":"2024-07-29T22:58:44+00:00","mainEntityOfPage":{"@id":"https:\/\/diarioprincipios.com\/index.php\/2024\/07\/28\/berazategui-estara-representado-por-dos-equipos-de-la-asociacion-de-voley-en-el-interligas-provincial-2\/"},"wordCount":229,"commentCount":0,"publisher":{"@id":"https:\/\/diarioprincipios.com\/#organization"},"image":{"@id":"https:\/\/diarioprincipios.com\/index.php\/2024\/07\/28\/berazategui-estara-representado-por-dos-equipos-de-la-asociacion-de-voley-en-el-interligas-provincial-2\/#primaryimage"},"thumbnailUrl":"https:\/\/diarioprincipios.com\/wp-content\/uploads\/2024\/07\/Screenshot_20240729_195130_Instagram.jpg","articleSection":["Deportes"],"inLanguage":"es","potentialAction":[{"@type":"CommentAction","name":"Comment","target":["https:\/\/diarioprincipios.com\/index.php\/2024\/07\/28\/berazategui-estara-representado-por-dos-equipos-de-la-asociacion-de-voley-en-el-interligas-provincial-2\/#respond"]}]},{"@type":"WebPage","@id":"https:\/\/diarioprincipios.com\/index.php\/2024\/07\/28\/berazategui-estara-representado-por-dos-equipos-de-la-asociacion-de-voley-en-el-interligas-provincial-2\/","url":"https:\/\/diarioprincipios.com\/index.php\/2024\/07\/28\/berazategui-estara-representado-por-dos-equipos-de-la-asociacion-de-voley-en-el-interligas-provincial-2\/","name":"Berazategui estar\u00e1 representado por dos equipos de la Asociaci\u00f3n de Voley en el Interligas Provincial - Principios","isPartOf":{"@id":"https:\/\/diarioprincipios.com\/#website"},"primaryImageOfPage":{"@id":"https:\/\/diarioprincipios.com\/index.php\/2024\/07\/28\/berazategui-estara-representado-por-dos-equipos-de-la-asociacion-de-voley-en-el-interligas-provincial-2\/#primaryimage"},"image":{"@id":"https:\/\/diarioprincipios.com\/index.php\/2024\/07\/28\/berazategui-estara-representado-por-dos-equipos-de-la-asociacion-de-voley-en-el-interligas-provincial-2\/#primaryimage"},"thumbnailUrl":"https:\/\/diarioprincipios.com\/wp-content\/uploads\/2024\/07\/Screenshot_20240729_195130_Instagram.jpg","datePublished":"2024-07-28T15:08:20+00:00","dateModified":"2024-07-29T22:58:44+00:00","breadcrumb":{"@id":"https:\/\/diarioprincipios.com\/index.php\/2024\/07\/28\/berazategui-estara-representado-por-dos-equipos-de-la-asociacion-de-voley-en-el-interligas-provincial-2\/#breadcrumb"},"inLanguage":"es","potentialAction":[{"@type":"ReadAction","target":["https:\/\/diarioprincipios.com\/index.php\/2024\/07\/28\/berazategui-estara-representado-por-dos-equipos-de-la-asociacion-de-voley-en-el-interligas-provincial-2\/"]}]},{"@type":"ImageObject","inLanguage":"es","@id":"https:\/\/diarioprincipios.com\/index.php\/2024\/07\/28\/berazategui-estara-representado-por-dos-equipos-de-la-asociacion-de-voley-en-el-interligas-provincial-2\/#primaryimage","url":"https:\/\/diarioprincipios.com\/wp-content\/uploads\/2024\/07\/Screenshot_20240729_195130_Instagram.jpg","contentUrl":"https:\/\/diarioprincipios.com\/wp-content\/uploads\/2024\/07\/Screenshot_20240729_195130_Instagram.jpg","width":1080,"height":1011},{"@type":"BreadcrumbList","@id":"https:\/\/diarioprincipios.com\/index.php\/2024\/07\/28\/berazategui-estara-representado-por-dos-equipos-de-la-asociacion-de-voley-en-el-interligas-provincial-2\/#breadcrumb","itemListElement":[{"@type":"ListItem","position":1,"name":"Portada","item":"https:\/\/diarioprincipios.com\/"},{"@type":"ListItem","position":2,"name":"Berazategui estar\u00e1 representado por dos equipos de la Asociaci\u00f3n de Voley en el Interligas Provincial"}]},{"@type":"WebSite","@id":"https:\/\/diarioprincipios.com\/#website","url":"https:\/\/diarioprincipios.com\/","name":"Principios","description":"Principios Diario","publisher":{"@id":"https:\/\/diarioprincipios.com\/#organization"},"potentialAction":[{"@type":"SearchAction","target":{"@type":"EntryPoint","urlTemplate":"https:\/\/diarioprincipios.com\/?s={search_term_string}"},"query-input":{"@type":"PropertyValueSpecification","valueRequired":true,"valueName":"search_term_string"}}],"inLanguage":"es"},{"@type":"Organization","@id":"https:\/\/diarioprincipios.com\/#organization","name":"Principios","url":"https:\/\/diarioprincipios.com\/","logo":{"@type":"ImageObject","inLanguage":"es","@id":"https:\/\/diarioprincipios.com\/#\/schema\/logo\/image\/","url":"https:\/\/diarioprincipios.com\/wp-content\/uploads\/2024\/04\/cropped-www.diarioprincipios.com_-1.png","contentUrl":"https:\/\/diarioprincipios.com\/wp-content\/uploads\/2024\/04\/cropped-www.diarioprincipios.com_-1.png","width":5325,"height":1454,"caption":"Principios"},"image":{"@id":"https:\/\/diarioprincipios.com\/#\/schema\/logo\/image\/"}},{"@type":"Person","@id":"https:\/\/diarioprincipios.com\/#\/schema\/person\/436d5a1fd41a5e250e23ff5a6a7cb080","name":"Hern\u00e1n L\u00f3pez","image":{"@type":"ImageObject","inLanguage":"es","@id":"https:\/\/diarioprincipios.com\/wp-content\/litespeed\/avatar\/11ddfe5610ff3bd100522525b2571f48.jpg?ver=1777653193","url":"https:\/\/diarioprincipios.com\/wp-content\/litespeed\/avatar\/11ddfe5610ff3bd100522525b2571f48.jpg?ver=1777653193","contentUrl":"https:\/\/diarioprincipios.com\/wp-content\/litespeed\/avatar\/11ddfe5610ff3bd100522525b2571f48.jpg?ver=1777653193","caption":"Hern\u00e1n L\u00f3pez"},"url":"https:\/\/diarioprincipios.com\/index.php\/author\/hernan\/"}]}},"jetpack_featured_media_url":"https:\/\/diarioprincipios.com\/wp-content\/uploads\/2024\/07\/Screenshot_20240729_195130_Instagram.jpg","_links":{"self":[{"href":"https:\/\/diarioprincipios.com\/index.php\/wp-json\/wp\/v2\/posts\/22506","targetHints":{"allow":["GET"]}}],"collection":[{"href":"https:\/\/diarioprincipios.com\/index.php\/wp-json\/wp\/v2\/posts"}],"about":[{"href":"https:\/\/diarioprincipios.com\/index.php\/wp-json\/wp\/v2\/types\/post"}],"author":[{"embeddable":true,"href":"https:\/\/diarioprincipios.com\/index.php\/wp-json\/wp\/v2\/users\/2"}],"replies":[{"embeddable":true,"href":"https:\/\/diarioprincipios.com\/index.php\/wp-json\/wp\/v2\/comments?post=22506"}],"version-history":[{"count":1,"href":"https:\/\/diarioprincipios.com\/index.php\/wp-json\/wp\/v2\/posts\/22506\/revisions"}],"predecessor-version":[{"id":22510,"href":"https:\/\/diarioprincipios.com\/index.php\/wp-json\/wp\/v2\/posts\/22506\/revisions\/22510"}],"wp:featuredmedia":[{"embeddable":true,"href":"https:\/\/diarioprincipios.com\/index.php\/wp-json\/wp\/v2\/media\/22511"}],"wp:attachment":[{"href":"https:\/\/diarioprincipios.com\/index.php\/wp-json\/wp\/v2\/media?parent=22506"}],"wp:term":[{"taxonomy":"category","embeddable":true,"href":"https:\/\/diarioprincipios.com\/index.php\/wp-json\/wp\/v2\/categories?post=22506"},{"taxonomy":"post_tag","embeddable":true,"href":"https:\/\/diarioprincipios.com\/index.php\/wp-json\/wp\/v2\/tags?post=22506"}],"curies":[{"name":"wp","href":"https:\/\/api.w.org\/{rel}","templated":true}]}}