{"id":2250,"date":"2020-05-29T10:33:51","date_gmt":"2020-05-29T13:33:51","guid":{"rendered":"http:\/\/diarioprincipios.com\/?p=2250"},"modified":"2020-05-29T10:33:53","modified_gmt":"2020-05-29T13:33:53","slug":"bgh-reinicia-su-produccion-nacional-en-tierra-del-fuego","status":"publish","type":"post","link":"https:\/\/diarioprincipios.com\/index.php\/2020\/05\/29\/bgh-reinicia-su-produccion-nacional-en-tierra-del-fuego\/","title":{"rendered":"BGH reinicia su producci\u00f3n nacional en Tierra del Fuego"},"content":{"rendered":"\n<p>La fabricante de electrodom\u00e9sticos BGH reinici\u00f3 hoy la actividad en su Planta Industrial en Tierra del Fuego, en la que produce aires acondicionados, televisores y microondas, tras la autorizaci\u00f3n recibida por las autoridades nacionales y provinciales para volver a operar en el marco de la emergencia sanitaria por la pandemia de coronavirus.<\/p>\n\n\n\n<p>El plan de reactivaci\u00f3n industrial de la planta, en la que actualmente trabajan m\u00e1s de 700 personas, tiene el objetivo de alcanzar r\u00e1pidamente el nivel de demanda del mercado, inform\u00f3 la empresa a trav\u00e9s de un comunicado.<\/p>\n\n\n\n<p>Destac\u00f3 que para ello incorpor\u00f3 un estricto protocolo de bioseguridad acordado con las autoridades provinciales, superior a los est\u00e1ndares normativos vigentes, con el objetivo de proteger la salud de los trabajadores, de los integrantes de la cadena de valor y de la comunidad en general.<\/p>\n\n\n\n<p>\u201cHemos sido la primera planta de Tierra del Fuego y una de las primeras del pa\u00eds en reanudar la operaci\u00f3n industrial, dando as\u00ed una respuesta responsable para generar actividad econ\u00f3mica sustentable frente a la nueva normalidad que impone la emergencia sanitaria\u201d, se\u00f1al\u00f3 el director ejecutivo de BGH, Marcelo Girotti.<\/p>\n\n\n\n<p>En la planta se establecieron controles de temperatura r\u00e1pidos y precisos al 100% de las personas que ingresan a la planta, mediante equipos termogr\u00e1ficos con medici\u00f3n l\u00e1ser de \u00faltima generaci\u00f3n.<\/p>\n\n\n\n<p>Estos equipos fueron desarrollados por los ingenieros de BGH y cuentan con homologaci\u00f3n para ser utilizados en \u00e1mbitos p\u00fablicos y privados.<\/p>\n\n\n\n<p>Otras medidas que se aplican son las divisiones y el distanciamiento de los puestos de trabajo, reconfiguraci\u00f3n de los horarios del comedor con provisi\u00f3n de viandas individuales, transporte a cargo de la empresa con asientos separados, provisi\u00f3n de elementos de seguridad personal, tomas de temperatura al personal durante la jornada laboral, aplicaci\u00f3n de se\u00f1al\u00e9tica y capacitaci\u00f3n constante, todo bajo la supervisi\u00f3n de un equipo de profesionales de salud.<\/p>\n\n\n\n<p>Girotti subray\u00f3 que en la compa\u00f1\u00eda est\u00e1n \u201cconvencidos de que la tecnolog\u00eda se volver\u00e1 indispensable frente a la nueva realidad y que constituir\u00e1 un activo cr\u00edtico\u201d.<\/p>\n\n\n\n<p>En relaci\u00f3n con el personal administrativo, la empresa prioriz\u00f3 la actividad en modo teletrabajo para todas aquellas funciones compatibles con esa funci\u00f3n, lo que representa m\u00e1s del 90% de sus trabajadores.<\/p>\n\n\n\n<p>El Grupo BGH posee en R\u00edo Grande una planta de 42.000 metros cuadrados, que fue inaugurada en agosto de 2009 con una inversi\u00f3n US$ 80 millones.<\/p>\n","protected":false},"excerpt":{"rendered":"<p>La fabricante de electrodom\u00e9sticos BGH reinici\u00f3 hoy la actividad en su Planta Industrial en Tierra del Fuego, en la que produce aires acondicionados, televisores y microondas, tras la autorizaci\u00f3n recibida por las autoridades nacionales y provinciales para volver a operar en el marco de la emergencia sanitaria por la pandemia de coronavirus. El plan de&#8230;<\/p>\n","protected":false},"author":2,"featured_media":2251,"comment_status":"open","ping_status":"open","sticky":false,"template":"","format":"standard","meta":{"footnotes":""},"categories":[10],"tags":[],"class_list":["post-2250","post","type-post","status-publish","format-standard","has-post-thumbnail","hentry","category-nacion"],"featured_image_src":"https:\/\/diarioprincipios.com\/wp-content\/uploads\/2020\/05\/bgh.gif","blog_images":{"medium":"https:\/\/diarioprincipios.com\/wp-content\/uploads\/2020\/05\/bgh-300x169.gif","large":"https:\/\/diarioprincipios.com\/wp-content\/uploads\/2020\/05\/bgh.gif"},"ams_acf":[],"yoast_head":"<!-- This site is optimized with the Yoast SEO plugin v27.3 - https:\/\/yoast.com\/product\/yoast-seo-wordpress\/ -->\n<title>BGH reinicia su producci\u00f3n nacional en Tierra del Fuego - Principios<\/title>\n<meta name=\"robots\" content=\"index, follow, max-snippet:-1, max-image-preview:large, max-video-preview:-1\" \/>\n<link rel=\"canonical\" href=\"https:\/\/diarioprincipios.com\/index.php\/2020\/05\/29\/bgh-reinicia-su-produccion-nacional-en-tierra-del-fuego\/\" \/>\n<meta property=\"og:locale\" content=\"es_ES\" \/>\n<meta property=\"og:type\" content=\"article\" \/>\n<meta property=\"og:title\" content=\"BGH reinicia su producci\u00f3n nacional en Tierra del Fuego - Principios\" \/>\n<meta property=\"og:description\" content=\"La fabricante de electrodom\u00e9sticos BGH reinici\u00f3 hoy la actividad en su Planta Industrial en Tierra del Fuego, en la que produce aires acondicionados, televisores y microondas, tras la autorizaci\u00f3n recibida por las autoridades nacionales y provinciales para volver a operar en el marco de la emergencia sanitaria por la pandemia de coronavirus. El plan de...\" \/>\n<meta property=\"og:url\" content=\"https:\/\/diarioprincipios.com\/index.php\/2020\/05\/29\/bgh-reinicia-su-produccion-nacional-en-tierra-del-fuego\/\" \/>\n<meta property=\"og:site_name\" content=\"Principios\" \/>\n<meta property=\"article:published_time\" content=\"2020-05-29T13:33:51+00:00\" \/>\n<meta property=\"article:modified_time\" content=\"2020-05-29T13:33:53+00:00\" \/>\n<meta property=\"og:image\" content=\"https:\/\/diarioprincipios.com\/wp-content\/uploads\/2020\/05\/bgh.gif\" \/>\n\t<meta property=\"og:image:width\" content=\"880\" \/>\n\t<meta property=\"og:image:height\" content=\"496\" \/>\n\t<meta property=\"og:image:type\" content=\"image\/gif\" \/>\n<meta name=\"author\" content=\"Hern\u00e1n L\u00f3pez\" \/>\n<meta name=\"twitter:card\" content=\"summary_large_image\" \/>\n<meta name=\"twitter:label1\" content=\"Escrito por\" \/>\n\t<meta name=\"twitter:data1\" content=\"Hern\u00e1n L\u00f3pez\" \/>\n\t<meta name=\"twitter:label2\" content=\"Tiempo de lectura\" \/>\n\t<meta name=\"twitter:data2\" content=\"2 minutos\" \/>\n<script type=\"application\/ld+json\" class=\"yoast-schema-graph\">{\"@context\":\"https:\\\/\\\/schema.org\",\"@graph\":[{\"@type\":\"Article\",\"@id\":\"https:\\\/\\\/diarioprincipios.com\\\/index.php\\\/2020\\\/05\\\/29\\\/bgh-reinicia-su-produccion-nacional-en-tierra-del-fuego\\\/#article\",\"isPartOf\":{\"@id\":\"https:\\\/\\\/diarioprincipios.com\\\/index.php\\\/2020\\\/05\\\/29\\\/bgh-reinicia-su-produccion-nacional-en-tierra-del-fuego\\\/\"},\"author\":{\"name\":\"Hern\u00e1n L\u00f3pez\",\"@id\":\"https:\\\/\\\/diarioprincipios.com\\\/#\\\/schema\\\/person\\\/436d5a1fd41a5e250e23ff5a6a7cb080\"},\"headline\":\"BGH reinicia su producci\u00f3n nacional en Tierra del Fuego\",\"datePublished\":\"2020-05-29T13:33:51+00:00\",\"dateModified\":\"2020-05-29T13:33:53+00:00\",\"mainEntityOfPage\":{\"@id\":\"https:\\\/\\\/diarioprincipios.com\\\/index.php\\\/2020\\\/05\\\/29\\\/bgh-reinicia-su-produccion-nacional-en-tierra-del-fuego\\\/\"},\"wordCount\":424,\"commentCount\":0,\"publisher\":{\"@id\":\"https:\\\/\\\/diarioprincipios.com\\\/#organization\"},\"image\":{\"@id\":\"https:\\\/\\\/diarioprincipios.com\\\/index.php\\\/2020\\\/05\\\/29\\\/bgh-reinicia-su-produccion-nacional-en-tierra-del-fuego\\\/#primaryimage\"},\"thumbnailUrl\":\"https:\\\/\\\/diarioprincipios.com\\\/wp-content\\\/uploads\\\/2020\\\/05\\\/bgh.gif\",\"articleSection\":[\"Naci\u00f3n\"],\"inLanguage\":\"es\",\"potentialAction\":[{\"@type\":\"CommentAction\",\"name\":\"Comment\",\"target\":[\"https:\\\/\\\/diarioprincipios.com\\\/index.php\\\/2020\\\/05\\\/29\\\/bgh-reinicia-su-produccion-nacional-en-tierra-del-fuego\\\/#respond\"]}]},{\"@type\":\"WebPage\",\"@id\":\"https:\\\/\\\/diarioprincipios.com\\\/index.php\\\/2020\\\/05\\\/29\\\/bgh-reinicia-su-produccion-nacional-en-tierra-del-fuego\\\/\",\"url\":\"https:\\\/\\\/diarioprincipios.com\\\/index.php\\\/2020\\\/05\\\/29\\\/bgh-reinicia-su-produccion-nacional-en-tierra-del-fuego\\\/\",\"name\":\"BGH reinicia su producci\u00f3n nacional en Tierra del Fuego - Principios\",\"isPartOf\":{\"@id\":\"https:\\\/\\\/diarioprincipios.com\\\/#website\"},\"primaryImageOfPage\":{\"@id\":\"https:\\\/\\\/diarioprincipios.com\\\/index.php\\\/2020\\\/05\\\/29\\\/bgh-reinicia-su-produccion-nacional-en-tierra-del-fuego\\\/#primaryimage\"},\"image\":{\"@id\":\"https:\\\/\\\/diarioprincipios.com\\\/index.php\\\/2020\\\/05\\\/29\\\/bgh-reinicia-su-produccion-nacional-en-tierra-del-fuego\\\/#primaryimage\"},\"thumbnailUrl\":\"https:\\\/\\\/diarioprincipios.com\\\/wp-content\\\/uploads\\\/2020\\\/05\\\/bgh.gif\",\"datePublished\":\"2020-05-29T13:33:51+00:00\",\"dateModified\":\"2020-05-29T13:33:53+00:00\",\"breadcrumb\":{\"@id\":\"https:\\\/\\\/diarioprincipios.com\\\/index.php\\\/2020\\\/05\\\/29\\\/bgh-reinicia-su-produccion-nacional-en-tierra-del-fuego\\\/#breadcrumb\"},\"inLanguage\":\"es\",\"potentialAction\":[{\"@type\":\"ReadAction\",\"target\":[\"https:\\\/\\\/diarioprincipios.com\\\/index.php\\\/2020\\\/05\\\/29\\\/bgh-reinicia-su-produccion-nacional-en-tierra-del-fuego\\\/\"]}]},{\"@type\":\"ImageObject\",\"inLanguage\":\"es\",\"@id\":\"https:\\\/\\\/diarioprincipios.com\\\/index.php\\\/2020\\\/05\\\/29\\\/bgh-reinicia-su-produccion-nacional-en-tierra-del-fuego\\\/#primaryimage\",\"url\":\"https:\\\/\\\/diarioprincipios.com\\\/wp-content\\\/uploads\\\/2020\\\/05\\\/bgh.gif\",\"contentUrl\":\"https:\\\/\\\/diarioprincipios.com\\\/wp-content\\\/uploads\\\/2020\\\/05\\\/bgh.gif\",\"width\":880,\"height\":496},{\"@type\":\"BreadcrumbList\",\"@id\":\"https:\\\/\\\/diarioprincipios.com\\\/index.php\\\/2020\\\/05\\\/29\\\/bgh-reinicia-su-produccion-nacional-en-tierra-del-fuego\\\/#breadcrumb\",\"itemListElement\":[{\"@type\":\"ListItem\",\"position\":1,\"name\":\"Portada\",\"item\":\"https:\\\/\\\/diarioprincipios.com\\\/\"},{\"@type\":\"ListItem\",\"position\":2,\"name\":\"BGH reinicia su producci\u00f3n nacional en Tierra del Fuego\"}]},{\"@type\":\"WebSite\",\"@id\":\"https:\\\/\\\/diarioprincipios.com\\\/#website\",\"url\":\"https:\\\/\\\/diarioprincipios.com\\\/\",\"name\":\"Principios\",\"description\":\"Principios Diario\",\"publisher\":{\"@id\":\"https:\\\/\\\/diarioprincipios.com\\\/#organization\"},\"potentialAction\":[{\"@type\":\"SearchAction\",\"target\":{\"@type\":\"EntryPoint\",\"urlTemplate\":\"https:\\\/\\\/diarioprincipios.com\\\/?s={search_term_string}\"},\"query-input\":{\"@type\":\"PropertyValueSpecification\",\"valueRequired\":true,\"valueName\":\"search_term_string\"}}],\"inLanguage\":\"es\"},{\"@type\":\"Organization\",\"@id\":\"https:\\\/\\\/diarioprincipios.com\\\/#organization\",\"name\":\"Principios\",\"url\":\"https:\\\/\\\/diarioprincipios.com\\\/\",\"logo\":{\"@type\":\"ImageObject\",\"inLanguage\":\"es\",\"@id\":\"https:\\\/\\\/diarioprincipios.com\\\/#\\\/schema\\\/logo\\\/image\\\/\",\"url\":\"https:\\\/\\\/diarioprincipios.com\\\/wp-content\\\/uploads\\\/2024\\\/04\\\/cropped-www.diarioprincipios.com_-1.png\",\"contentUrl\":\"https:\\\/\\\/diarioprincipios.com\\\/wp-content\\\/uploads\\\/2024\\\/04\\\/cropped-www.diarioprincipios.com_-1.png\",\"width\":5325,\"height\":1454,\"caption\":\"Principios\"},\"image\":{\"@id\":\"https:\\\/\\\/diarioprincipios.com\\\/#\\\/schema\\\/logo\\\/image\\\/\"}},{\"@type\":\"Person\",\"@id\":\"https:\\\/\\\/diarioprincipios.com\\\/#\\\/schema\\\/person\\\/436d5a1fd41a5e250e23ff5a6a7cb080\",\"name\":\"Hern\u00e1n L\u00f3pez\",\"image\":{\"@type\":\"ImageObject\",\"inLanguage\":\"es\",\"@id\":\"https:\\\/\\\/diarioprincipios.com\\\/wp-content\\\/litespeed\\\/avatar\\\/11ddfe5610ff3bd100522525b2571f48.jpg?ver=1777048341\",\"url\":\"https:\\\/\\\/diarioprincipios.com\\\/wp-content\\\/litespeed\\\/avatar\\\/11ddfe5610ff3bd100522525b2571f48.jpg?ver=1777048341\",\"contentUrl\":\"https:\\\/\\\/diarioprincipios.com\\\/wp-content\\\/litespeed\\\/avatar\\\/11ddfe5610ff3bd100522525b2571f48.jpg?ver=1777048341\",\"caption\":\"Hern\u00e1n L\u00f3pez\"},\"url\":\"https:\\\/\\\/diarioprincipios.com\\\/index.php\\\/author\\\/hernan\\\/\"}]}<\/script>\n<!-- \/ Yoast SEO plugin. -->","yoast_head_json":{"title":"BGH reinicia su producci\u00f3n nacional en Tierra del Fuego - Principios","robots":{"index":"index","follow":"follow","max-snippet":"max-snippet:-1","max-image-preview":"max-image-preview:large","max-video-preview":"max-video-preview:-1"},"canonical":"https:\/\/diarioprincipios.com\/index.php\/2020\/05\/29\/bgh-reinicia-su-produccion-nacional-en-tierra-del-fuego\/","og_locale":"es_ES","og_type":"article","og_title":"BGH reinicia su producci\u00f3n nacional en Tierra del Fuego - Principios","og_description":"La fabricante de electrodom\u00e9sticos BGH reinici\u00f3 hoy la actividad en su Planta Industrial en Tierra del Fuego, en la que produce aires acondicionados, televisores y microondas, tras la autorizaci\u00f3n recibida por las autoridades nacionales y provinciales para volver a operar en el marco de la emergencia sanitaria por la pandemia de coronavirus. El plan de...","og_url":"https:\/\/diarioprincipios.com\/index.php\/2020\/05\/29\/bgh-reinicia-su-produccion-nacional-en-tierra-del-fuego\/","og_site_name":"Principios","article_published_time":"2020-05-29T13:33:51+00:00","article_modified_time":"2020-05-29T13:33:53+00:00","og_image":[{"width":880,"height":496,"url":"https:\/\/diarioprincipios.com\/wp-content\/uploads\/2020\/05\/bgh.gif","type":"image\/gif"}],"author":"Hern\u00e1n L\u00f3pez","twitter_card":"summary_large_image","twitter_misc":{"Escrito por":"Hern\u00e1n L\u00f3pez","Tiempo de lectura":"2 minutos"},"schema":{"@context":"https:\/\/schema.org","@graph":[{"@type":"Article","@id":"https:\/\/diarioprincipios.com\/index.php\/2020\/05\/29\/bgh-reinicia-su-produccion-nacional-en-tierra-del-fuego\/#article","isPartOf":{"@id":"https:\/\/diarioprincipios.com\/index.php\/2020\/05\/29\/bgh-reinicia-su-produccion-nacional-en-tierra-del-fuego\/"},"author":{"name":"Hern\u00e1n L\u00f3pez","@id":"https:\/\/diarioprincipios.com\/#\/schema\/person\/436d5a1fd41a5e250e23ff5a6a7cb080"},"headline":"BGH reinicia su producci\u00f3n nacional en Tierra del Fuego","datePublished":"2020-05-29T13:33:51+00:00","dateModified":"2020-05-29T13:33:53+00:00","mainEntityOfPage":{"@id":"https:\/\/diarioprincipios.com\/index.php\/2020\/05\/29\/bgh-reinicia-su-produccion-nacional-en-tierra-del-fuego\/"},"wordCount":424,"commentCount":0,"publisher":{"@id":"https:\/\/diarioprincipios.com\/#organization"},"image":{"@id":"https:\/\/diarioprincipios.com\/index.php\/2020\/05\/29\/bgh-reinicia-su-produccion-nacional-en-tierra-del-fuego\/#primaryimage"},"thumbnailUrl":"https:\/\/diarioprincipios.com\/wp-content\/uploads\/2020\/05\/bgh.gif","articleSection":["Naci\u00f3n"],"inLanguage":"es","potentialAction":[{"@type":"CommentAction","name":"Comment","target":["https:\/\/diarioprincipios.com\/index.php\/2020\/05\/29\/bgh-reinicia-su-produccion-nacional-en-tierra-del-fuego\/#respond"]}]},{"@type":"WebPage","@id":"https:\/\/diarioprincipios.com\/index.php\/2020\/05\/29\/bgh-reinicia-su-produccion-nacional-en-tierra-del-fuego\/","url":"https:\/\/diarioprincipios.com\/index.php\/2020\/05\/29\/bgh-reinicia-su-produccion-nacional-en-tierra-del-fuego\/","name":"BGH reinicia su producci\u00f3n nacional en Tierra del Fuego - Principios","isPartOf":{"@id":"https:\/\/diarioprincipios.com\/#website"},"primaryImageOfPage":{"@id":"https:\/\/diarioprincipios.com\/index.php\/2020\/05\/29\/bgh-reinicia-su-produccion-nacional-en-tierra-del-fuego\/#primaryimage"},"image":{"@id":"https:\/\/diarioprincipios.com\/index.php\/2020\/05\/29\/bgh-reinicia-su-produccion-nacional-en-tierra-del-fuego\/#primaryimage"},"thumbnailUrl":"https:\/\/diarioprincipios.com\/wp-content\/uploads\/2020\/05\/bgh.gif","datePublished":"2020-05-29T13:33:51+00:00","dateModified":"2020-05-29T13:33:53+00:00","breadcrumb":{"@id":"https:\/\/diarioprincipios.com\/index.php\/2020\/05\/29\/bgh-reinicia-su-produccion-nacional-en-tierra-del-fuego\/#breadcrumb"},"inLanguage":"es","potentialAction":[{"@type":"ReadAction","target":["https:\/\/diarioprincipios.com\/index.php\/2020\/05\/29\/bgh-reinicia-su-produccion-nacional-en-tierra-del-fuego\/"]}]},{"@type":"ImageObject","inLanguage":"es","@id":"https:\/\/diarioprincipios.com\/index.php\/2020\/05\/29\/bgh-reinicia-su-produccion-nacional-en-tierra-del-fuego\/#primaryimage","url":"https:\/\/diarioprincipios.com\/wp-content\/uploads\/2020\/05\/bgh.gif","contentUrl":"https:\/\/diarioprincipios.com\/wp-content\/uploads\/2020\/05\/bgh.gif","width":880,"height":496},{"@type":"BreadcrumbList","@id":"https:\/\/diarioprincipios.com\/index.php\/2020\/05\/29\/bgh-reinicia-su-produccion-nacional-en-tierra-del-fuego\/#breadcrumb","itemListElement":[{"@type":"ListItem","position":1,"name":"Portada","item":"https:\/\/diarioprincipios.com\/"},{"@type":"ListItem","position":2,"name":"BGH reinicia su producci\u00f3n nacional en Tierra del Fuego"}]},{"@type":"WebSite","@id":"https:\/\/diarioprincipios.com\/#website","url":"https:\/\/diarioprincipios.com\/","name":"Principios","description":"Principios Diario","publisher":{"@id":"https:\/\/diarioprincipios.com\/#organization"},"potentialAction":[{"@type":"SearchAction","target":{"@type":"EntryPoint","urlTemplate":"https:\/\/diarioprincipios.com\/?s={search_term_string}"},"query-input":{"@type":"PropertyValueSpecification","valueRequired":true,"valueName":"search_term_string"}}],"inLanguage":"es"},{"@type":"Organization","@id":"https:\/\/diarioprincipios.com\/#organization","name":"Principios","url":"https:\/\/diarioprincipios.com\/","logo":{"@type":"ImageObject","inLanguage":"es","@id":"https:\/\/diarioprincipios.com\/#\/schema\/logo\/image\/","url":"https:\/\/diarioprincipios.com\/wp-content\/uploads\/2024\/04\/cropped-www.diarioprincipios.com_-1.png","contentUrl":"https:\/\/diarioprincipios.com\/wp-content\/uploads\/2024\/04\/cropped-www.diarioprincipios.com_-1.png","width":5325,"height":1454,"caption":"Principios"},"image":{"@id":"https:\/\/diarioprincipios.com\/#\/schema\/logo\/image\/"}},{"@type":"Person","@id":"https:\/\/diarioprincipios.com\/#\/schema\/person\/436d5a1fd41a5e250e23ff5a6a7cb080","name":"Hern\u00e1n L\u00f3pez","image":{"@type":"ImageObject","inLanguage":"es","@id":"https:\/\/diarioprincipios.com\/wp-content\/litespeed\/avatar\/11ddfe5610ff3bd100522525b2571f48.jpg?ver=1777048341","url":"https:\/\/diarioprincipios.com\/wp-content\/litespeed\/avatar\/11ddfe5610ff3bd100522525b2571f48.jpg?ver=1777048341","contentUrl":"https:\/\/diarioprincipios.com\/wp-content\/litespeed\/avatar\/11ddfe5610ff3bd100522525b2571f48.jpg?ver=1777048341","caption":"Hern\u00e1n L\u00f3pez"},"url":"https:\/\/diarioprincipios.com\/index.php\/author\/hernan\/"}]}},"jetpack_featured_media_url":"https:\/\/diarioprincipios.com\/wp-content\/uploads\/2020\/05\/bgh.gif","_links":{"self":[{"href":"https:\/\/diarioprincipios.com\/index.php\/wp-json\/wp\/v2\/posts\/2250","targetHints":{"allow":["GET"]}}],"collection":[{"href":"https:\/\/diarioprincipios.com\/index.php\/wp-json\/wp\/v2\/posts"}],"about":[{"href":"https:\/\/diarioprincipios.com\/index.php\/wp-json\/wp\/v2\/types\/post"}],"author":[{"embeddable":true,"href":"https:\/\/diarioprincipios.com\/index.php\/wp-json\/wp\/v2\/users\/2"}],"replies":[{"embeddable":true,"href":"https:\/\/diarioprincipios.com\/index.php\/wp-json\/wp\/v2\/comments?post=2250"}],"version-history":[{"count":1,"href":"https:\/\/diarioprincipios.com\/index.php\/wp-json\/wp\/v2\/posts\/2250\/revisions"}],"predecessor-version":[{"id":2252,"href":"https:\/\/diarioprincipios.com\/index.php\/wp-json\/wp\/v2\/posts\/2250\/revisions\/2252"}],"wp:featuredmedia":[{"embeddable":true,"href":"https:\/\/diarioprincipios.com\/index.php\/wp-json\/wp\/v2\/media\/2251"}],"wp:attachment":[{"href":"https:\/\/diarioprincipios.com\/index.php\/wp-json\/wp\/v2\/media?parent=2250"}],"wp:term":[{"taxonomy":"category","embeddable":true,"href":"https:\/\/diarioprincipios.com\/index.php\/wp-json\/wp\/v2\/categories?post=2250"},{"taxonomy":"post_tag","embeddable":true,"href":"https:\/\/diarioprincipios.com\/index.php\/wp-json\/wp\/v2\/tags?post=2250"}],"curies":[{"name":"wp","href":"https:\/\/api.w.org\/{rel}","templated":true}]}}