{"id":2241,"date":"2020-05-28T19:39:13","date_gmt":"2020-05-28T22:39:13","guid":{"rendered":"http:\/\/diarioprincipios.com\/?p=2241"},"modified":"2020-05-28T19:39:14","modified_gmt":"2020-05-28T22:39:14","slug":"dos-lineas-de-colectivos-instalan-camaras-termicas-para-medir-la-temperatura-de-los-pasajeros","status":"publish","type":"post","link":"https:\/\/diarioprincipios.com\/index.php\/2020\/05\/28\/dos-lineas-de-colectivos-instalan-camaras-termicas-para-medir-la-temperatura-de-los-pasajeros\/","title":{"rendered":"Dos l\u00edneas de colectivos instalan c\u00e1maras t\u00e9rmicas para medir la temperatura de los pasajeros"},"content":{"rendered":"\n<p>Las l\u00edneas de colectivos 12 y 39 instalaron c\u00e1maras t\u00e9rmicas piloto para monitorear la temperatura de los pasajeros, se inform\u00f3 hoy<\/p>\n\n\n\n<p>Ambas l\u00edneas instalaron, \u00aben per\u00edodo de prueba, un \u00faltimo modelo que mide la temperatura en 0,5 segundos y permiten detectar qui\u00e9n no lleva puesto el tapabocas\u00bb.<\/p>\n\n\n\n<p>El vicejefe de gobierno porte\u00f1o, Diego Santilli, recorri\u00f3 hoy algunas unidades en las que se instalaron estas c\u00e1maras y calific\u00f3 al sistema como \u201cmuy novedoso y tecnol\u00f3gico\u201d.<\/p>\n\n\n\n<p>\u00abVine a felicitarlos y agradecerles. Estamos trabajando para lograr el equilibrio de cuidado y protocolo absoluto\u00bb, agreg\u00f3 el funcionario porte\u00f1o.<\/p>\n\n\n\n<p>Las l\u00edneas de colectivos 12 y 39 se convirtieron en las primeras en incorporar esta tecnolog\u00eda en fase de prueba para que los pasajeros viajen m\u00e1s seguros a bordo de sus unidades.<\/p>\n\n\n\n<p>La empresa instal\u00f3 un dispositivo que permite monitorear, apenas la persona ingresa a la unidad, su temperatura y saber si lleva puesto o no el tapabocas.<\/p>\n\n\n\n<p>\u00abTenemos 170 colectivos y damos servicio a diario a 70.000 personas por l\u00ednea, por d\u00eda. Esta soluci\u00f3n nos permitir\u00e1 prevenir posibles contagios a bordo de nuestras unidades. Tenemos la tranquilidad de brindarle a los choferes y a los pasajeros la tecnolog\u00eda m\u00e1s actual disponible para que viajen seguros\u00bb, dijo Javier L\u00f3pez, director de la L\u00ednea 39.<\/p>\n\n\n\n<p>Esta es la primera prueba que se realiza en colectivos a nivel local, una de las piezas clave en el control y prevenci\u00f3n del coronavirus.<\/p>\n","protected":false},"excerpt":{"rendered":"<p>Las l\u00edneas de colectivos 12 y 39 instalaron c\u00e1maras t\u00e9rmicas piloto para monitorear la temperatura de los pasajeros, se inform\u00f3 hoy Ambas l\u00edneas instalaron, \u00aben per\u00edodo de prueba, un \u00faltimo modelo que mide la temperatura en 0,5 segundos y permiten detectar qui\u00e9n no lleva puesto el tapabocas\u00bb. El vicejefe de gobierno porte\u00f1o, Diego Santilli, recorri\u00f3&#8230;<\/p>\n","protected":false},"author":2,"featured_media":2242,"comment_status":"open","ping_status":"open","sticky":false,"template":"","format":"standard","meta":{"footnotes":""},"categories":[10],"tags":[],"class_list":["post-2241","post","type-post","status-publish","format-standard","has-post-thumbnail","hentry","category-nacion"],"featured_image_src":"https:\/\/diarioprincipios.com\/wp-content\/uploads\/2020\/05\/0037706943.jpg","blog_images":{"medium":"https:\/\/diarioprincipios.com\/wp-content\/uploads\/2020\/05\/0037706943-300x225.jpg","large":"https:\/\/diarioprincipios.com\/wp-content\/uploads\/2020\/05\/0037706943.jpg"},"ams_acf":[],"yoast_head":"<!-- This site is optimized with the Yoast SEO plugin v27.3 - https:\/\/yoast.com\/product\/yoast-seo-wordpress\/ -->\n<title>Dos l\u00edneas de colectivos instalan c\u00e1maras t\u00e9rmicas para medir la temperatura de los pasajeros - Principios<\/title>\n<meta name=\"robots\" content=\"index, follow, max-snippet:-1, max-image-preview:large, max-video-preview:-1\" \/>\n<link rel=\"canonical\" href=\"https:\/\/diarioprincipios.com\/index.php\/2020\/05\/28\/dos-lineas-de-colectivos-instalan-camaras-termicas-para-medir-la-temperatura-de-los-pasajeros\/\" \/>\n<meta property=\"og:locale\" content=\"es_ES\" \/>\n<meta property=\"og:type\" content=\"article\" \/>\n<meta property=\"og:title\" content=\"Dos l\u00edneas de colectivos instalan c\u00e1maras t\u00e9rmicas para medir la temperatura de los pasajeros - Principios\" \/>\n<meta property=\"og:description\" content=\"Las l\u00edneas de colectivos 12 y 39 instalaron c\u00e1maras t\u00e9rmicas piloto para monitorear la temperatura de los pasajeros, se inform\u00f3 hoy Ambas l\u00edneas instalaron, \u00aben per\u00edodo de prueba, un \u00faltimo modelo que mide la temperatura en 0,5 segundos y permiten detectar qui\u00e9n no lleva puesto el tapabocas\u00bb. El vicejefe de gobierno porte\u00f1o, Diego Santilli, recorri\u00f3...\" \/>\n<meta property=\"og:url\" content=\"https:\/\/diarioprincipios.com\/index.php\/2020\/05\/28\/dos-lineas-de-colectivos-instalan-camaras-termicas-para-medir-la-temperatura-de-los-pasajeros\/\" \/>\n<meta property=\"og:site_name\" content=\"Principios\" \/>\n<meta property=\"article:published_time\" content=\"2020-05-28T22:39:13+00:00\" \/>\n<meta property=\"article:modified_time\" content=\"2020-05-28T22:39:14+00:00\" \/>\n<meta property=\"og:image\" content=\"https:\/\/diarioprincipios.com\/wp-content\/uploads\/2020\/05\/0037706943.jpg\" \/>\n\t<meta property=\"og:image:width\" content=\"540\" \/>\n\t<meta property=\"og:image:height\" content=\"405\" \/>\n\t<meta property=\"og:image:type\" content=\"image\/jpeg\" \/>\n<meta name=\"author\" content=\"Hern\u00e1n L\u00f3pez\" \/>\n<meta name=\"twitter:card\" content=\"summary_large_image\" \/>\n<meta name=\"twitter:label1\" content=\"Escrito por\" \/>\n\t<meta name=\"twitter:data1\" content=\"Hern\u00e1n L\u00f3pez\" \/>\n\t<meta name=\"twitter:label2\" content=\"Tiempo de lectura\" \/>\n\t<meta name=\"twitter:data2\" content=\"1 minuto\" \/>\n<script type=\"application\/ld+json\" class=\"yoast-schema-graph\">{\"@context\":\"https:\\\/\\\/schema.org\",\"@graph\":[{\"@type\":\"Article\",\"@id\":\"https:\\\/\\\/diarioprincipios.com\\\/index.php\\\/2020\\\/05\\\/28\\\/dos-lineas-de-colectivos-instalan-camaras-termicas-para-medir-la-temperatura-de-los-pasajeros\\\/#article\",\"isPartOf\":{\"@id\":\"https:\\\/\\\/diarioprincipios.com\\\/index.php\\\/2020\\\/05\\\/28\\\/dos-lineas-de-colectivos-instalan-camaras-termicas-para-medir-la-temperatura-de-los-pasajeros\\\/\"},\"author\":{\"name\":\"Hern\u00e1n L\u00f3pez\",\"@id\":\"https:\\\/\\\/diarioprincipios.com\\\/#\\\/schema\\\/person\\\/436d5a1fd41a5e250e23ff5a6a7cb080\"},\"headline\":\"Dos l\u00edneas de colectivos instalan c\u00e1maras t\u00e9rmicas para medir la temperatura de los pasajeros\",\"datePublished\":\"2020-05-28T22:39:13+00:00\",\"dateModified\":\"2020-05-28T22:39:14+00:00\",\"mainEntityOfPage\":{\"@id\":\"https:\\\/\\\/diarioprincipios.com\\\/index.php\\\/2020\\\/05\\\/28\\\/dos-lineas-de-colectivos-instalan-camaras-termicas-para-medir-la-temperatura-de-los-pasajeros\\\/\"},\"wordCount\":263,\"commentCount\":0,\"publisher\":{\"@id\":\"https:\\\/\\\/diarioprincipios.com\\\/#organization\"},\"image\":{\"@id\":\"https:\\\/\\\/diarioprincipios.com\\\/index.php\\\/2020\\\/05\\\/28\\\/dos-lineas-de-colectivos-instalan-camaras-termicas-para-medir-la-temperatura-de-los-pasajeros\\\/#primaryimage\"},\"thumbnailUrl\":\"https:\\\/\\\/diarioprincipios.com\\\/wp-content\\\/uploads\\\/2020\\\/05\\\/0037706943.jpg\",\"articleSection\":[\"Naci\u00f3n\"],\"inLanguage\":\"es\",\"potentialAction\":[{\"@type\":\"CommentAction\",\"name\":\"Comment\",\"target\":[\"https:\\\/\\\/diarioprincipios.com\\\/index.php\\\/2020\\\/05\\\/28\\\/dos-lineas-de-colectivos-instalan-camaras-termicas-para-medir-la-temperatura-de-los-pasajeros\\\/#respond\"]}]},{\"@type\":\"WebPage\",\"@id\":\"https:\\\/\\\/diarioprincipios.com\\\/index.php\\\/2020\\\/05\\\/28\\\/dos-lineas-de-colectivos-instalan-camaras-termicas-para-medir-la-temperatura-de-los-pasajeros\\\/\",\"url\":\"https:\\\/\\\/diarioprincipios.com\\\/index.php\\\/2020\\\/05\\\/28\\\/dos-lineas-de-colectivos-instalan-camaras-termicas-para-medir-la-temperatura-de-los-pasajeros\\\/\",\"name\":\"Dos l\u00edneas de colectivos instalan c\u00e1maras t\u00e9rmicas para medir la temperatura de los pasajeros - Principios\",\"isPartOf\":{\"@id\":\"https:\\\/\\\/diarioprincipios.com\\\/#website\"},\"primaryImageOfPage\":{\"@id\":\"https:\\\/\\\/diarioprincipios.com\\\/index.php\\\/2020\\\/05\\\/28\\\/dos-lineas-de-colectivos-instalan-camaras-termicas-para-medir-la-temperatura-de-los-pasajeros\\\/#primaryimage\"},\"image\":{\"@id\":\"https:\\\/\\\/diarioprincipios.com\\\/index.php\\\/2020\\\/05\\\/28\\\/dos-lineas-de-colectivos-instalan-camaras-termicas-para-medir-la-temperatura-de-los-pasajeros\\\/#primaryimage\"},\"thumbnailUrl\":\"https:\\\/\\\/diarioprincipios.com\\\/wp-content\\\/uploads\\\/2020\\\/05\\\/0037706943.jpg\",\"datePublished\":\"2020-05-28T22:39:13+00:00\",\"dateModified\":\"2020-05-28T22:39:14+00:00\",\"breadcrumb\":{\"@id\":\"https:\\\/\\\/diarioprincipios.com\\\/index.php\\\/2020\\\/05\\\/28\\\/dos-lineas-de-colectivos-instalan-camaras-termicas-para-medir-la-temperatura-de-los-pasajeros\\\/#breadcrumb\"},\"inLanguage\":\"es\",\"potentialAction\":[{\"@type\":\"ReadAction\",\"target\":[\"https:\\\/\\\/diarioprincipios.com\\\/index.php\\\/2020\\\/05\\\/28\\\/dos-lineas-de-colectivos-instalan-camaras-termicas-para-medir-la-temperatura-de-los-pasajeros\\\/\"]}]},{\"@type\":\"ImageObject\",\"inLanguage\":\"es\",\"@id\":\"https:\\\/\\\/diarioprincipios.com\\\/index.php\\\/2020\\\/05\\\/28\\\/dos-lineas-de-colectivos-instalan-camaras-termicas-para-medir-la-temperatura-de-los-pasajeros\\\/#primaryimage\",\"url\":\"https:\\\/\\\/diarioprincipios.com\\\/wp-content\\\/uploads\\\/2020\\\/05\\\/0037706943.jpg\",\"contentUrl\":\"https:\\\/\\\/diarioprincipios.com\\\/wp-content\\\/uploads\\\/2020\\\/05\\\/0037706943.jpg\",\"width\":540,\"height\":405},{\"@type\":\"BreadcrumbList\",\"@id\":\"https:\\\/\\\/diarioprincipios.com\\\/index.php\\\/2020\\\/05\\\/28\\\/dos-lineas-de-colectivos-instalan-camaras-termicas-para-medir-la-temperatura-de-los-pasajeros\\\/#breadcrumb\",\"itemListElement\":[{\"@type\":\"ListItem\",\"position\":1,\"name\":\"Portada\",\"item\":\"https:\\\/\\\/diarioprincipios.com\\\/\"},{\"@type\":\"ListItem\",\"position\":2,\"name\":\"Dos l\u00edneas de colectivos instalan c\u00e1maras t\u00e9rmicas para medir la temperatura de los pasajeros\"}]},{\"@type\":\"WebSite\",\"@id\":\"https:\\\/\\\/diarioprincipios.com\\\/#website\",\"url\":\"https:\\\/\\\/diarioprincipios.com\\\/\",\"name\":\"Principios\",\"description\":\"Principios Diario\",\"publisher\":{\"@id\":\"https:\\\/\\\/diarioprincipios.com\\\/#organization\"},\"potentialAction\":[{\"@type\":\"SearchAction\",\"target\":{\"@type\":\"EntryPoint\",\"urlTemplate\":\"https:\\\/\\\/diarioprincipios.com\\\/?s={search_term_string}\"},\"query-input\":{\"@type\":\"PropertyValueSpecification\",\"valueRequired\":true,\"valueName\":\"search_term_string\"}}],\"inLanguage\":\"es\"},{\"@type\":\"Organization\",\"@id\":\"https:\\\/\\\/diarioprincipios.com\\\/#organization\",\"name\":\"Principios\",\"url\":\"https:\\\/\\\/diarioprincipios.com\\\/\",\"logo\":{\"@type\":\"ImageObject\",\"inLanguage\":\"es\",\"@id\":\"https:\\\/\\\/diarioprincipios.com\\\/#\\\/schema\\\/logo\\\/image\\\/\",\"url\":\"https:\\\/\\\/diarioprincipios.com\\\/wp-content\\\/uploads\\\/2024\\\/04\\\/cropped-www.diarioprincipios.com_-1.png\",\"contentUrl\":\"https:\\\/\\\/diarioprincipios.com\\\/wp-content\\\/uploads\\\/2024\\\/04\\\/cropped-www.diarioprincipios.com_-1.png\",\"width\":5325,\"height\":1454,\"caption\":\"Principios\"},\"image\":{\"@id\":\"https:\\\/\\\/diarioprincipios.com\\\/#\\\/schema\\\/logo\\\/image\\\/\"}},{\"@type\":\"Person\",\"@id\":\"https:\\\/\\\/diarioprincipios.com\\\/#\\\/schema\\\/person\\\/436d5a1fd41a5e250e23ff5a6a7cb080\",\"name\":\"Hern\u00e1n L\u00f3pez\",\"image\":{\"@type\":\"ImageObject\",\"inLanguage\":\"es\",\"@id\":\"https:\\\/\\\/diarioprincipios.com\\\/wp-content\\\/litespeed\\\/avatar\\\/11ddfe5610ff3bd100522525b2571f48.jpg?ver=1777048341\",\"url\":\"https:\\\/\\\/diarioprincipios.com\\\/wp-content\\\/litespeed\\\/avatar\\\/11ddfe5610ff3bd100522525b2571f48.jpg?ver=1777048341\",\"contentUrl\":\"https:\\\/\\\/diarioprincipios.com\\\/wp-content\\\/litespeed\\\/avatar\\\/11ddfe5610ff3bd100522525b2571f48.jpg?ver=1777048341\",\"caption\":\"Hern\u00e1n L\u00f3pez\"},\"url\":\"https:\\\/\\\/diarioprincipios.com\\\/index.php\\\/author\\\/hernan\\\/\"}]}<\/script>\n<!-- \/ Yoast SEO plugin. -->","yoast_head_json":{"title":"Dos l\u00edneas de colectivos instalan c\u00e1maras t\u00e9rmicas para medir la temperatura de los pasajeros - Principios","robots":{"index":"index","follow":"follow","max-snippet":"max-snippet:-1","max-image-preview":"max-image-preview:large","max-video-preview":"max-video-preview:-1"},"canonical":"https:\/\/diarioprincipios.com\/index.php\/2020\/05\/28\/dos-lineas-de-colectivos-instalan-camaras-termicas-para-medir-la-temperatura-de-los-pasajeros\/","og_locale":"es_ES","og_type":"article","og_title":"Dos l\u00edneas de colectivos instalan c\u00e1maras t\u00e9rmicas para medir la temperatura de los pasajeros - Principios","og_description":"Las l\u00edneas de colectivos 12 y 39 instalaron c\u00e1maras t\u00e9rmicas piloto para monitorear la temperatura de los pasajeros, se inform\u00f3 hoy Ambas l\u00edneas instalaron, \u00aben per\u00edodo de prueba, un \u00faltimo modelo que mide la temperatura en 0,5 segundos y permiten detectar qui\u00e9n no lleva puesto el tapabocas\u00bb. El vicejefe de gobierno porte\u00f1o, Diego Santilli, recorri\u00f3...","og_url":"https:\/\/diarioprincipios.com\/index.php\/2020\/05\/28\/dos-lineas-de-colectivos-instalan-camaras-termicas-para-medir-la-temperatura-de-los-pasajeros\/","og_site_name":"Principios","article_published_time":"2020-05-28T22:39:13+00:00","article_modified_time":"2020-05-28T22:39:14+00:00","og_image":[{"width":540,"height":405,"url":"https:\/\/diarioprincipios.com\/wp-content\/uploads\/2020\/05\/0037706943.jpg","type":"image\/jpeg"}],"author":"Hern\u00e1n L\u00f3pez","twitter_card":"summary_large_image","twitter_misc":{"Escrito por":"Hern\u00e1n L\u00f3pez","Tiempo de lectura":"1 minuto"},"schema":{"@context":"https:\/\/schema.org","@graph":[{"@type":"Article","@id":"https:\/\/diarioprincipios.com\/index.php\/2020\/05\/28\/dos-lineas-de-colectivos-instalan-camaras-termicas-para-medir-la-temperatura-de-los-pasajeros\/#article","isPartOf":{"@id":"https:\/\/diarioprincipios.com\/index.php\/2020\/05\/28\/dos-lineas-de-colectivos-instalan-camaras-termicas-para-medir-la-temperatura-de-los-pasajeros\/"},"author":{"name":"Hern\u00e1n L\u00f3pez","@id":"https:\/\/diarioprincipios.com\/#\/schema\/person\/436d5a1fd41a5e250e23ff5a6a7cb080"},"headline":"Dos l\u00edneas de colectivos instalan c\u00e1maras t\u00e9rmicas para medir la temperatura de los pasajeros","datePublished":"2020-05-28T22:39:13+00:00","dateModified":"2020-05-28T22:39:14+00:00","mainEntityOfPage":{"@id":"https:\/\/diarioprincipios.com\/index.php\/2020\/05\/28\/dos-lineas-de-colectivos-instalan-camaras-termicas-para-medir-la-temperatura-de-los-pasajeros\/"},"wordCount":263,"commentCount":0,"publisher":{"@id":"https:\/\/diarioprincipios.com\/#organization"},"image":{"@id":"https:\/\/diarioprincipios.com\/index.php\/2020\/05\/28\/dos-lineas-de-colectivos-instalan-camaras-termicas-para-medir-la-temperatura-de-los-pasajeros\/#primaryimage"},"thumbnailUrl":"https:\/\/diarioprincipios.com\/wp-content\/uploads\/2020\/05\/0037706943.jpg","articleSection":["Naci\u00f3n"],"inLanguage":"es","potentialAction":[{"@type":"CommentAction","name":"Comment","target":["https:\/\/diarioprincipios.com\/index.php\/2020\/05\/28\/dos-lineas-de-colectivos-instalan-camaras-termicas-para-medir-la-temperatura-de-los-pasajeros\/#respond"]}]},{"@type":"WebPage","@id":"https:\/\/diarioprincipios.com\/index.php\/2020\/05\/28\/dos-lineas-de-colectivos-instalan-camaras-termicas-para-medir-la-temperatura-de-los-pasajeros\/","url":"https:\/\/diarioprincipios.com\/index.php\/2020\/05\/28\/dos-lineas-de-colectivos-instalan-camaras-termicas-para-medir-la-temperatura-de-los-pasajeros\/","name":"Dos l\u00edneas de colectivos instalan c\u00e1maras t\u00e9rmicas para medir la temperatura de los pasajeros - Principios","isPartOf":{"@id":"https:\/\/diarioprincipios.com\/#website"},"primaryImageOfPage":{"@id":"https:\/\/diarioprincipios.com\/index.php\/2020\/05\/28\/dos-lineas-de-colectivos-instalan-camaras-termicas-para-medir-la-temperatura-de-los-pasajeros\/#primaryimage"},"image":{"@id":"https:\/\/diarioprincipios.com\/index.php\/2020\/05\/28\/dos-lineas-de-colectivos-instalan-camaras-termicas-para-medir-la-temperatura-de-los-pasajeros\/#primaryimage"},"thumbnailUrl":"https:\/\/diarioprincipios.com\/wp-content\/uploads\/2020\/05\/0037706943.jpg","datePublished":"2020-05-28T22:39:13+00:00","dateModified":"2020-05-28T22:39:14+00:00","breadcrumb":{"@id":"https:\/\/diarioprincipios.com\/index.php\/2020\/05\/28\/dos-lineas-de-colectivos-instalan-camaras-termicas-para-medir-la-temperatura-de-los-pasajeros\/#breadcrumb"},"inLanguage":"es","potentialAction":[{"@type":"ReadAction","target":["https:\/\/diarioprincipios.com\/index.php\/2020\/05\/28\/dos-lineas-de-colectivos-instalan-camaras-termicas-para-medir-la-temperatura-de-los-pasajeros\/"]}]},{"@type":"ImageObject","inLanguage":"es","@id":"https:\/\/diarioprincipios.com\/index.php\/2020\/05\/28\/dos-lineas-de-colectivos-instalan-camaras-termicas-para-medir-la-temperatura-de-los-pasajeros\/#primaryimage","url":"https:\/\/diarioprincipios.com\/wp-content\/uploads\/2020\/05\/0037706943.jpg","contentUrl":"https:\/\/diarioprincipios.com\/wp-content\/uploads\/2020\/05\/0037706943.jpg","width":540,"height":405},{"@type":"BreadcrumbList","@id":"https:\/\/diarioprincipios.com\/index.php\/2020\/05\/28\/dos-lineas-de-colectivos-instalan-camaras-termicas-para-medir-la-temperatura-de-los-pasajeros\/#breadcrumb","itemListElement":[{"@type":"ListItem","position":1,"name":"Portada","item":"https:\/\/diarioprincipios.com\/"},{"@type":"ListItem","position":2,"name":"Dos l\u00edneas de colectivos instalan c\u00e1maras t\u00e9rmicas para medir la temperatura de los pasajeros"}]},{"@type":"WebSite","@id":"https:\/\/diarioprincipios.com\/#website","url":"https:\/\/diarioprincipios.com\/","name":"Principios","description":"Principios Diario","publisher":{"@id":"https:\/\/diarioprincipios.com\/#organization"},"potentialAction":[{"@type":"SearchAction","target":{"@type":"EntryPoint","urlTemplate":"https:\/\/diarioprincipios.com\/?s={search_term_string}"},"query-input":{"@type":"PropertyValueSpecification","valueRequired":true,"valueName":"search_term_string"}}],"inLanguage":"es"},{"@type":"Organization","@id":"https:\/\/diarioprincipios.com\/#organization","name":"Principios","url":"https:\/\/diarioprincipios.com\/","logo":{"@type":"ImageObject","inLanguage":"es","@id":"https:\/\/diarioprincipios.com\/#\/schema\/logo\/image\/","url":"https:\/\/diarioprincipios.com\/wp-content\/uploads\/2024\/04\/cropped-www.diarioprincipios.com_-1.png","contentUrl":"https:\/\/diarioprincipios.com\/wp-content\/uploads\/2024\/04\/cropped-www.diarioprincipios.com_-1.png","width":5325,"height":1454,"caption":"Principios"},"image":{"@id":"https:\/\/diarioprincipios.com\/#\/schema\/logo\/image\/"}},{"@type":"Person","@id":"https:\/\/diarioprincipios.com\/#\/schema\/person\/436d5a1fd41a5e250e23ff5a6a7cb080","name":"Hern\u00e1n L\u00f3pez","image":{"@type":"ImageObject","inLanguage":"es","@id":"https:\/\/diarioprincipios.com\/wp-content\/litespeed\/avatar\/11ddfe5610ff3bd100522525b2571f48.jpg?ver=1777048341","url":"https:\/\/diarioprincipios.com\/wp-content\/litespeed\/avatar\/11ddfe5610ff3bd100522525b2571f48.jpg?ver=1777048341","contentUrl":"https:\/\/diarioprincipios.com\/wp-content\/litespeed\/avatar\/11ddfe5610ff3bd100522525b2571f48.jpg?ver=1777048341","caption":"Hern\u00e1n L\u00f3pez"},"url":"https:\/\/diarioprincipios.com\/index.php\/author\/hernan\/"}]}},"jetpack_featured_media_url":"https:\/\/diarioprincipios.com\/wp-content\/uploads\/2020\/05\/0037706943.jpg","_links":{"self":[{"href":"https:\/\/diarioprincipios.com\/index.php\/wp-json\/wp\/v2\/posts\/2241","targetHints":{"allow":["GET"]}}],"collection":[{"href":"https:\/\/diarioprincipios.com\/index.php\/wp-json\/wp\/v2\/posts"}],"about":[{"href":"https:\/\/diarioprincipios.com\/index.php\/wp-json\/wp\/v2\/types\/post"}],"author":[{"embeddable":true,"href":"https:\/\/diarioprincipios.com\/index.php\/wp-json\/wp\/v2\/users\/2"}],"replies":[{"embeddable":true,"href":"https:\/\/diarioprincipios.com\/index.php\/wp-json\/wp\/v2\/comments?post=2241"}],"version-history":[{"count":1,"href":"https:\/\/diarioprincipios.com\/index.php\/wp-json\/wp\/v2\/posts\/2241\/revisions"}],"predecessor-version":[{"id":2243,"href":"https:\/\/diarioprincipios.com\/index.php\/wp-json\/wp\/v2\/posts\/2241\/revisions\/2243"}],"wp:featuredmedia":[{"embeddable":true,"href":"https:\/\/diarioprincipios.com\/index.php\/wp-json\/wp\/v2\/media\/2242"}],"wp:attachment":[{"href":"https:\/\/diarioprincipios.com\/index.php\/wp-json\/wp\/v2\/media?parent=2241"}],"wp:term":[{"taxonomy":"category","embeddable":true,"href":"https:\/\/diarioprincipios.com\/index.php\/wp-json\/wp\/v2\/categories?post=2241"},{"taxonomy":"post_tag","embeddable":true,"href":"https:\/\/diarioprincipios.com\/index.php\/wp-json\/wp\/v2\/tags?post=2241"}],"curies":[{"name":"wp","href":"https:\/\/api.w.org\/{rel}","templated":true}]}}