{"id":22393,"date":"2024-07-16T16:26:43","date_gmt":"2024-07-16T19:26:43","guid":{"rendered":"http:\/\/diarioprincipios.com\/?p=22393"},"modified":"2024-07-16T16:26:46","modified_gmt":"2024-07-16T19:26:46","slug":"berazategui-estara-representado-por-dos-equipos-de-la-asociacion-de-voley-en-el-interligas-provincial","status":"publish","type":"post","link":"https:\/\/diarioprincipios.com\/index.php\/2024\/07\/16\/berazategui-estara-representado-por-dos-equipos-de-la-asociacion-de-voley-en-el-interligas-provincial\/","title":{"rendered":"Berazategui estar\u00e1 representado por dos equipos de la Asociaci\u00f3n de V\u00f3ley en el Interligas Provincial"},"content":{"rendered":"\n<p>Los equipos femeninos de Las Pibas y Planeta Voley, ambos Campeones del Torneo de la Asociaci\u00f3n de V\u00f3ley Capital Nacional del Vidrio y representativos de Berazategui, participar\u00e1n el 4 de agosto en el Interligas de la Provincia de Buenos Aires representando a la Asociaci\u00f3n de V\u00f3ley.<\/p>\n\n\n\n<figure class=\"wp-block-image size-large\"><img loading=\"lazy\" decoding=\"async\" width=\"1024\" height=\"900\" src=\"https:\/\/diarioprincipios.com\/wp-content\/uploads\/2024\/07\/Screenshot_20240716_142710_WhatsApp-1024x900.jpg\" alt=\"\" class=\"wp-image-22394\" srcset=\"https:\/\/diarioprincipios.com\/wp-content\/uploads\/2024\/07\/Screenshot_20240716_142710_WhatsApp-1024x900.jpg 1024w, https:\/\/diarioprincipios.com\/wp-content\/uploads\/2024\/07\/Screenshot_20240716_142710_WhatsApp-300x264.jpg 300w, https:\/\/diarioprincipios.com\/wp-content\/uploads\/2024\/07\/Screenshot_20240716_142710_WhatsApp-768x675.jpg 768w, https:\/\/diarioprincipios.com\/wp-content\/uploads\/2024\/07\/Screenshot_20240716_142710_WhatsApp.jpg 1080w\" sizes=\"auto, (max-width: 1024px) 100vw, 1024px\" \/><\/figure>\n\n\n\n<p><br>\u00abVoy a repetir lo que digo siempre, estamos muy orgullosos de nuestros equipos y de ver como nos representan en diferentes torneos\u00bb, se\u00f1al\u00f3 la presidenta de la Asociaci\u00f3n de V\u00f3ley quien destac\u00f3 adem\u00e1s \u00abestamos seguros de que las chicas de estos dos equipos Campeones dejar\u00e1n bien en alto a nuestra Asociaci\u00f3n\u00bb.<\/p>\n\n\n\n<figure class=\"wp-block-image size-large\"><img loading=\"lazy\" decoding=\"async\" width=\"1024\" height=\"832\" src=\"https:\/\/diarioprincipios.com\/wp-content\/uploads\/2024\/07\/Screenshot_20240716_142700_WhatsApp-1024x832.jpg\" alt=\"\" class=\"wp-image-22395\" srcset=\"https:\/\/diarioprincipios.com\/wp-content\/uploads\/2024\/07\/Screenshot_20240716_142700_WhatsApp-1024x832.jpg 1024w, https:\/\/diarioprincipios.com\/wp-content\/uploads\/2024\/07\/Screenshot_20240716_142700_WhatsApp-300x244.jpg 300w, https:\/\/diarioprincipios.com\/wp-content\/uploads\/2024\/07\/Screenshot_20240716_142700_WhatsApp-768x624.jpg 768w, https:\/\/diarioprincipios.com\/wp-content\/uploads\/2024\/07\/Screenshot_20240716_142700_WhatsApp.jpg 1079w\" sizes=\"auto, (max-width: 1024px) 100vw, 1024px\" \/><\/figure>\n\n\n\n<p><br>Finalmente sostuvo que \u00abla participaci\u00f3n de nuestros equipos en diferentes torneos ayuda al crecimiento de estos conjuntos pero tambi\u00e9n prestigia nuestros Torneos que hoy tienen m\u00e1s de 76 equipos y categor\u00edas desde inferiores hasta adultos mayores\u00bb.<\/p>\n","protected":false},"excerpt":{"rendered":"<p>Los equipos femeninos de Las Pibas y Planeta Voley, ambos Campeones del Torneo de la Asociaci\u00f3n de V\u00f3ley Capital Nacional del Vidrio y representativos de Berazategui, participar\u00e1n el 4 de agosto en el Interligas de la Provincia de Buenos Aires representando a la Asociaci\u00f3n de V\u00f3ley. \u00abVoy a repetir lo que digo siempre, estamos muy&#8230;<\/p>\n","protected":false},"author":2,"featured_media":22396,"comment_status":"open","ping_status":"open","sticky":false,"template":"","format":"standard","meta":{"footnotes":""},"categories":[6],"tags":[],"class_list":["post-22393","post","type-post","status-publish","format-standard","has-post-thumbnail","hentry","category-deportes"],"featured_image_src":"https:\/\/diarioprincipios.com\/wp-content\/uploads\/2024\/07\/Screenshot_20240716_142831_WhatsApp-1024x656.jpg","blog_images":{"medium":"https:\/\/diarioprincipios.com\/wp-content\/uploads\/2024\/07\/Screenshot_20240716_142831_WhatsApp-300x192.jpg","large":"https:\/\/diarioprincipios.com\/wp-content\/uploads\/2024\/07\/Screenshot_20240716_142831_WhatsApp-1024x656.jpg"},"ams_acf":[],"yoast_head":"<!-- This site is optimized with the Yoast SEO plugin v27.3 - https:\/\/yoast.com\/product\/yoast-seo-wordpress\/ -->\n<title>Berazategui estar\u00e1 representado por dos equipos de la Asociaci\u00f3n de V\u00f3ley en el Interligas Provincial - Principios<\/title>\n<meta name=\"robots\" content=\"index, follow, max-snippet:-1, max-image-preview:large, max-video-preview:-1\" \/>\n<link rel=\"canonical\" href=\"https:\/\/diarioprincipios.com\/index.php\/2024\/07\/16\/berazategui-estara-representado-por-dos-equipos-de-la-asociacion-de-voley-en-el-interligas-provincial\/\" \/>\n<meta property=\"og:locale\" content=\"es_ES\" \/>\n<meta property=\"og:type\" content=\"article\" \/>\n<meta property=\"og:title\" content=\"Berazategui estar\u00e1 representado por dos equipos de la Asociaci\u00f3n de V\u00f3ley en el Interligas Provincial - Principios\" \/>\n<meta property=\"og:description\" content=\"Los equipos femeninos de Las Pibas y Planeta Voley, ambos Campeones del Torneo de la Asociaci\u00f3n de V\u00f3ley Capital Nacional del Vidrio y representativos de Berazategui, participar\u00e1n el 4 de agosto en el Interligas de la Provincia de Buenos Aires representando a la Asociaci\u00f3n de V\u00f3ley. \u00abVoy a repetir lo que digo siempre, estamos muy...\" \/>\n<meta property=\"og:url\" content=\"https:\/\/diarioprincipios.com\/index.php\/2024\/07\/16\/berazategui-estara-representado-por-dos-equipos-de-la-asociacion-de-voley-en-el-interligas-provincial\/\" \/>\n<meta property=\"og:site_name\" content=\"Principios\" \/>\n<meta property=\"article:published_time\" content=\"2024-07-16T19:26:43+00:00\" \/>\n<meta property=\"article:modified_time\" content=\"2024-07-16T19:26:46+00:00\" \/>\n<meta property=\"og:image\" content=\"https:\/\/diarioprincipios.com\/wp-content\/uploads\/2024\/07\/Screenshot_20240716_142831_WhatsApp.jpg\" \/>\n\t<meta property=\"og:image:width\" content=\"1080\" \/>\n\t<meta property=\"og:image:height\" content=\"692\" \/>\n\t<meta property=\"og:image:type\" content=\"image\/jpeg\" \/>\n<meta name=\"author\" content=\"Hern\u00e1n L\u00f3pez\" \/>\n<meta name=\"twitter:card\" content=\"summary_large_image\" \/>\n<meta name=\"twitter:label1\" content=\"Escrito por\" \/>\n\t<meta name=\"twitter:data1\" content=\"Hern\u00e1n L\u00f3pez\" \/>\n\t<meta name=\"twitter:label2\" content=\"Tiempo de lectura\" \/>\n\t<meta name=\"twitter:data2\" content=\"2 minutos\" \/>\n<script type=\"application\/ld+json\" class=\"yoast-schema-graph\">{\"@context\":\"https:\\\/\\\/schema.org\",\"@graph\":[{\"@type\":\"Article\",\"@id\":\"https:\\\/\\\/diarioprincipios.com\\\/index.php\\\/2024\\\/07\\\/16\\\/berazategui-estara-representado-por-dos-equipos-de-la-asociacion-de-voley-en-el-interligas-provincial\\\/#article\",\"isPartOf\":{\"@id\":\"https:\\\/\\\/diarioprincipios.com\\\/index.php\\\/2024\\\/07\\\/16\\\/berazategui-estara-representado-por-dos-equipos-de-la-asociacion-de-voley-en-el-interligas-provincial\\\/\"},\"author\":{\"name\":\"Hern\u00e1n L\u00f3pez\",\"@id\":\"https:\\\/\\\/diarioprincipios.com\\\/#\\\/schema\\\/person\\\/436d5a1fd41a5e250e23ff5a6a7cb080\"},\"headline\":\"Berazategui estar\u00e1 representado por dos equipos de la Asociaci\u00f3n de V\u00f3ley en el Interligas Provincial\",\"datePublished\":\"2024-07-16T19:26:43+00:00\",\"dateModified\":\"2024-07-16T19:26:46+00:00\",\"mainEntityOfPage\":{\"@id\":\"https:\\\/\\\/diarioprincipios.com\\\/index.php\\\/2024\\\/07\\\/16\\\/berazategui-estara-representado-por-dos-equipos-de-la-asociacion-de-voley-en-el-interligas-provincial\\\/\"},\"wordCount\":163,\"commentCount\":0,\"publisher\":{\"@id\":\"https:\\\/\\\/diarioprincipios.com\\\/#organization\"},\"image\":{\"@id\":\"https:\\\/\\\/diarioprincipios.com\\\/index.php\\\/2024\\\/07\\\/16\\\/berazategui-estara-representado-por-dos-equipos-de-la-asociacion-de-voley-en-el-interligas-provincial\\\/#primaryimage\"},\"thumbnailUrl\":\"https:\\\/\\\/diarioprincipios.com\\\/wp-content\\\/uploads\\\/2024\\\/07\\\/Screenshot_20240716_142831_WhatsApp.jpg\",\"articleSection\":[\"Deportes\"],\"inLanguage\":\"es\",\"potentialAction\":[{\"@type\":\"CommentAction\",\"name\":\"Comment\",\"target\":[\"https:\\\/\\\/diarioprincipios.com\\\/index.php\\\/2024\\\/07\\\/16\\\/berazategui-estara-representado-por-dos-equipos-de-la-asociacion-de-voley-en-el-interligas-provincial\\\/#respond\"]}]},{\"@type\":\"WebPage\",\"@id\":\"https:\\\/\\\/diarioprincipios.com\\\/index.php\\\/2024\\\/07\\\/16\\\/berazategui-estara-representado-por-dos-equipos-de-la-asociacion-de-voley-en-el-interligas-provincial\\\/\",\"url\":\"https:\\\/\\\/diarioprincipios.com\\\/index.php\\\/2024\\\/07\\\/16\\\/berazategui-estara-representado-por-dos-equipos-de-la-asociacion-de-voley-en-el-interligas-provincial\\\/\",\"name\":\"Berazategui estar\u00e1 representado por dos equipos de la Asociaci\u00f3n de V\u00f3ley en el Interligas Provincial - Principios\",\"isPartOf\":{\"@id\":\"https:\\\/\\\/diarioprincipios.com\\\/#website\"},\"primaryImageOfPage\":{\"@id\":\"https:\\\/\\\/diarioprincipios.com\\\/index.php\\\/2024\\\/07\\\/16\\\/berazategui-estara-representado-por-dos-equipos-de-la-asociacion-de-voley-en-el-interligas-provincial\\\/#primaryimage\"},\"image\":{\"@id\":\"https:\\\/\\\/diarioprincipios.com\\\/index.php\\\/2024\\\/07\\\/16\\\/berazategui-estara-representado-por-dos-equipos-de-la-asociacion-de-voley-en-el-interligas-provincial\\\/#primaryimage\"},\"thumbnailUrl\":\"https:\\\/\\\/diarioprincipios.com\\\/wp-content\\\/uploads\\\/2024\\\/07\\\/Screenshot_20240716_142831_WhatsApp.jpg\",\"datePublished\":\"2024-07-16T19:26:43+00:00\",\"dateModified\":\"2024-07-16T19:26:46+00:00\",\"breadcrumb\":{\"@id\":\"https:\\\/\\\/diarioprincipios.com\\\/index.php\\\/2024\\\/07\\\/16\\\/berazategui-estara-representado-por-dos-equipos-de-la-asociacion-de-voley-en-el-interligas-provincial\\\/#breadcrumb\"},\"inLanguage\":\"es\",\"potentialAction\":[{\"@type\":\"ReadAction\",\"target\":[\"https:\\\/\\\/diarioprincipios.com\\\/index.php\\\/2024\\\/07\\\/16\\\/berazategui-estara-representado-por-dos-equipos-de-la-asociacion-de-voley-en-el-interligas-provincial\\\/\"]}]},{\"@type\":\"ImageObject\",\"inLanguage\":\"es\",\"@id\":\"https:\\\/\\\/diarioprincipios.com\\\/index.php\\\/2024\\\/07\\\/16\\\/berazategui-estara-representado-por-dos-equipos-de-la-asociacion-de-voley-en-el-interligas-provincial\\\/#primaryimage\",\"url\":\"https:\\\/\\\/diarioprincipios.com\\\/wp-content\\\/uploads\\\/2024\\\/07\\\/Screenshot_20240716_142831_WhatsApp.jpg\",\"contentUrl\":\"https:\\\/\\\/diarioprincipios.com\\\/wp-content\\\/uploads\\\/2024\\\/07\\\/Screenshot_20240716_142831_WhatsApp.jpg\",\"width\":1080,\"height\":692},{\"@type\":\"BreadcrumbList\",\"@id\":\"https:\\\/\\\/diarioprincipios.com\\\/index.php\\\/2024\\\/07\\\/16\\\/berazategui-estara-representado-por-dos-equipos-de-la-asociacion-de-voley-en-el-interligas-provincial\\\/#breadcrumb\",\"itemListElement\":[{\"@type\":\"ListItem\",\"position\":1,\"name\":\"Portada\",\"item\":\"https:\\\/\\\/diarioprincipios.com\\\/\"},{\"@type\":\"ListItem\",\"position\":2,\"name\":\"Berazategui estar\u00e1 representado por dos equipos de la Asociaci\u00f3n de V\u00f3ley en el Interligas Provincial\"}]},{\"@type\":\"WebSite\",\"@id\":\"https:\\\/\\\/diarioprincipios.com\\\/#website\",\"url\":\"https:\\\/\\\/diarioprincipios.com\\\/\",\"name\":\"Principios\",\"description\":\"Principios Diario\",\"publisher\":{\"@id\":\"https:\\\/\\\/diarioprincipios.com\\\/#organization\"},\"potentialAction\":[{\"@type\":\"SearchAction\",\"target\":{\"@type\":\"EntryPoint\",\"urlTemplate\":\"https:\\\/\\\/diarioprincipios.com\\\/?s={search_term_string}\"},\"query-input\":{\"@type\":\"PropertyValueSpecification\",\"valueRequired\":true,\"valueName\":\"search_term_string\"}}],\"inLanguage\":\"es\"},{\"@type\":\"Organization\",\"@id\":\"https:\\\/\\\/diarioprincipios.com\\\/#organization\",\"name\":\"Principios\",\"url\":\"https:\\\/\\\/diarioprincipios.com\\\/\",\"logo\":{\"@type\":\"ImageObject\",\"inLanguage\":\"es\",\"@id\":\"https:\\\/\\\/diarioprincipios.com\\\/#\\\/schema\\\/logo\\\/image\\\/\",\"url\":\"https:\\\/\\\/diarioprincipios.com\\\/wp-content\\\/uploads\\\/2024\\\/04\\\/cropped-www.diarioprincipios.com_-1.png\",\"contentUrl\":\"https:\\\/\\\/diarioprincipios.com\\\/wp-content\\\/uploads\\\/2024\\\/04\\\/cropped-www.diarioprincipios.com_-1.png\",\"width\":5325,\"height\":1454,\"caption\":\"Principios\"},\"image\":{\"@id\":\"https:\\\/\\\/diarioprincipios.com\\\/#\\\/schema\\\/logo\\\/image\\\/\"}},{\"@type\":\"Person\",\"@id\":\"https:\\\/\\\/diarioprincipios.com\\\/#\\\/schema\\\/person\\\/436d5a1fd41a5e250e23ff5a6a7cb080\",\"name\":\"Hern\u00e1n L\u00f3pez\",\"image\":{\"@type\":\"ImageObject\",\"inLanguage\":\"es\",\"@id\":\"https:\\\/\\\/diarioprincipios.com\\\/wp-content\\\/litespeed\\\/avatar\\\/11ddfe5610ff3bd100522525b2571f48.jpg?ver=1777048341\",\"url\":\"https:\\\/\\\/diarioprincipios.com\\\/wp-content\\\/litespeed\\\/avatar\\\/11ddfe5610ff3bd100522525b2571f48.jpg?ver=1777048341\",\"contentUrl\":\"https:\\\/\\\/diarioprincipios.com\\\/wp-content\\\/litespeed\\\/avatar\\\/11ddfe5610ff3bd100522525b2571f48.jpg?ver=1777048341\",\"caption\":\"Hern\u00e1n L\u00f3pez\"},\"url\":\"https:\\\/\\\/diarioprincipios.com\\\/index.php\\\/author\\\/hernan\\\/\"}]}<\/script>\n<!-- \/ Yoast SEO plugin. -->","yoast_head_json":{"title":"Berazategui estar\u00e1 representado por dos equipos de la Asociaci\u00f3n de V\u00f3ley en el Interligas Provincial - Principios","robots":{"index":"index","follow":"follow","max-snippet":"max-snippet:-1","max-image-preview":"max-image-preview:large","max-video-preview":"max-video-preview:-1"},"canonical":"https:\/\/diarioprincipios.com\/index.php\/2024\/07\/16\/berazategui-estara-representado-por-dos-equipos-de-la-asociacion-de-voley-en-el-interligas-provincial\/","og_locale":"es_ES","og_type":"article","og_title":"Berazategui estar\u00e1 representado por dos equipos de la Asociaci\u00f3n de V\u00f3ley en el Interligas Provincial - Principios","og_description":"Los equipos femeninos de Las Pibas y Planeta Voley, ambos Campeones del Torneo de la Asociaci\u00f3n de V\u00f3ley Capital Nacional del Vidrio y representativos de Berazategui, participar\u00e1n el 4 de agosto en el Interligas de la Provincia de Buenos Aires representando a la Asociaci\u00f3n de V\u00f3ley. \u00abVoy a repetir lo que digo siempre, estamos muy...","og_url":"https:\/\/diarioprincipios.com\/index.php\/2024\/07\/16\/berazategui-estara-representado-por-dos-equipos-de-la-asociacion-de-voley-en-el-interligas-provincial\/","og_site_name":"Principios","article_published_time":"2024-07-16T19:26:43+00:00","article_modified_time":"2024-07-16T19:26:46+00:00","og_image":[{"width":1080,"height":692,"url":"https:\/\/diarioprincipios.com\/wp-content\/uploads\/2024\/07\/Screenshot_20240716_142831_WhatsApp.jpg","type":"image\/jpeg"}],"author":"Hern\u00e1n L\u00f3pez","twitter_card":"summary_large_image","twitter_misc":{"Escrito por":"Hern\u00e1n L\u00f3pez","Tiempo de lectura":"2 minutos"},"schema":{"@context":"https:\/\/schema.org","@graph":[{"@type":"Article","@id":"https:\/\/diarioprincipios.com\/index.php\/2024\/07\/16\/berazategui-estara-representado-por-dos-equipos-de-la-asociacion-de-voley-en-el-interligas-provincial\/#article","isPartOf":{"@id":"https:\/\/diarioprincipios.com\/index.php\/2024\/07\/16\/berazategui-estara-representado-por-dos-equipos-de-la-asociacion-de-voley-en-el-interligas-provincial\/"},"author":{"name":"Hern\u00e1n L\u00f3pez","@id":"https:\/\/diarioprincipios.com\/#\/schema\/person\/436d5a1fd41a5e250e23ff5a6a7cb080"},"headline":"Berazategui estar\u00e1 representado por dos equipos de la Asociaci\u00f3n de V\u00f3ley en el Interligas Provincial","datePublished":"2024-07-16T19:26:43+00:00","dateModified":"2024-07-16T19:26:46+00:00","mainEntityOfPage":{"@id":"https:\/\/diarioprincipios.com\/index.php\/2024\/07\/16\/berazategui-estara-representado-por-dos-equipos-de-la-asociacion-de-voley-en-el-interligas-provincial\/"},"wordCount":163,"commentCount":0,"publisher":{"@id":"https:\/\/diarioprincipios.com\/#organization"},"image":{"@id":"https:\/\/diarioprincipios.com\/index.php\/2024\/07\/16\/berazategui-estara-representado-por-dos-equipos-de-la-asociacion-de-voley-en-el-interligas-provincial\/#primaryimage"},"thumbnailUrl":"https:\/\/diarioprincipios.com\/wp-content\/uploads\/2024\/07\/Screenshot_20240716_142831_WhatsApp.jpg","articleSection":["Deportes"],"inLanguage":"es","potentialAction":[{"@type":"CommentAction","name":"Comment","target":["https:\/\/diarioprincipios.com\/index.php\/2024\/07\/16\/berazategui-estara-representado-por-dos-equipos-de-la-asociacion-de-voley-en-el-interligas-provincial\/#respond"]}]},{"@type":"WebPage","@id":"https:\/\/diarioprincipios.com\/index.php\/2024\/07\/16\/berazategui-estara-representado-por-dos-equipos-de-la-asociacion-de-voley-en-el-interligas-provincial\/","url":"https:\/\/diarioprincipios.com\/index.php\/2024\/07\/16\/berazategui-estara-representado-por-dos-equipos-de-la-asociacion-de-voley-en-el-interligas-provincial\/","name":"Berazategui estar\u00e1 representado por dos equipos de la Asociaci\u00f3n de V\u00f3ley en el Interligas Provincial - Principios","isPartOf":{"@id":"https:\/\/diarioprincipios.com\/#website"},"primaryImageOfPage":{"@id":"https:\/\/diarioprincipios.com\/index.php\/2024\/07\/16\/berazategui-estara-representado-por-dos-equipos-de-la-asociacion-de-voley-en-el-interligas-provincial\/#primaryimage"},"image":{"@id":"https:\/\/diarioprincipios.com\/index.php\/2024\/07\/16\/berazategui-estara-representado-por-dos-equipos-de-la-asociacion-de-voley-en-el-interligas-provincial\/#primaryimage"},"thumbnailUrl":"https:\/\/diarioprincipios.com\/wp-content\/uploads\/2024\/07\/Screenshot_20240716_142831_WhatsApp.jpg","datePublished":"2024-07-16T19:26:43+00:00","dateModified":"2024-07-16T19:26:46+00:00","breadcrumb":{"@id":"https:\/\/diarioprincipios.com\/index.php\/2024\/07\/16\/berazategui-estara-representado-por-dos-equipos-de-la-asociacion-de-voley-en-el-interligas-provincial\/#breadcrumb"},"inLanguage":"es","potentialAction":[{"@type":"ReadAction","target":["https:\/\/diarioprincipios.com\/index.php\/2024\/07\/16\/berazategui-estara-representado-por-dos-equipos-de-la-asociacion-de-voley-en-el-interligas-provincial\/"]}]},{"@type":"ImageObject","inLanguage":"es","@id":"https:\/\/diarioprincipios.com\/index.php\/2024\/07\/16\/berazategui-estara-representado-por-dos-equipos-de-la-asociacion-de-voley-en-el-interligas-provincial\/#primaryimage","url":"https:\/\/diarioprincipios.com\/wp-content\/uploads\/2024\/07\/Screenshot_20240716_142831_WhatsApp.jpg","contentUrl":"https:\/\/diarioprincipios.com\/wp-content\/uploads\/2024\/07\/Screenshot_20240716_142831_WhatsApp.jpg","width":1080,"height":692},{"@type":"BreadcrumbList","@id":"https:\/\/diarioprincipios.com\/index.php\/2024\/07\/16\/berazategui-estara-representado-por-dos-equipos-de-la-asociacion-de-voley-en-el-interligas-provincial\/#breadcrumb","itemListElement":[{"@type":"ListItem","position":1,"name":"Portada","item":"https:\/\/diarioprincipios.com\/"},{"@type":"ListItem","position":2,"name":"Berazategui estar\u00e1 representado por dos equipos de la Asociaci\u00f3n de V\u00f3ley en el Interligas Provincial"}]},{"@type":"WebSite","@id":"https:\/\/diarioprincipios.com\/#website","url":"https:\/\/diarioprincipios.com\/","name":"Principios","description":"Principios Diario","publisher":{"@id":"https:\/\/diarioprincipios.com\/#organization"},"potentialAction":[{"@type":"SearchAction","target":{"@type":"EntryPoint","urlTemplate":"https:\/\/diarioprincipios.com\/?s={search_term_string}"},"query-input":{"@type":"PropertyValueSpecification","valueRequired":true,"valueName":"search_term_string"}}],"inLanguage":"es"},{"@type":"Organization","@id":"https:\/\/diarioprincipios.com\/#organization","name":"Principios","url":"https:\/\/diarioprincipios.com\/","logo":{"@type":"ImageObject","inLanguage":"es","@id":"https:\/\/diarioprincipios.com\/#\/schema\/logo\/image\/","url":"https:\/\/diarioprincipios.com\/wp-content\/uploads\/2024\/04\/cropped-www.diarioprincipios.com_-1.png","contentUrl":"https:\/\/diarioprincipios.com\/wp-content\/uploads\/2024\/04\/cropped-www.diarioprincipios.com_-1.png","width":5325,"height":1454,"caption":"Principios"},"image":{"@id":"https:\/\/diarioprincipios.com\/#\/schema\/logo\/image\/"}},{"@type":"Person","@id":"https:\/\/diarioprincipios.com\/#\/schema\/person\/436d5a1fd41a5e250e23ff5a6a7cb080","name":"Hern\u00e1n L\u00f3pez","image":{"@type":"ImageObject","inLanguage":"es","@id":"https:\/\/diarioprincipios.com\/wp-content\/litespeed\/avatar\/11ddfe5610ff3bd100522525b2571f48.jpg?ver=1777048341","url":"https:\/\/diarioprincipios.com\/wp-content\/litespeed\/avatar\/11ddfe5610ff3bd100522525b2571f48.jpg?ver=1777048341","contentUrl":"https:\/\/diarioprincipios.com\/wp-content\/litespeed\/avatar\/11ddfe5610ff3bd100522525b2571f48.jpg?ver=1777048341","caption":"Hern\u00e1n L\u00f3pez"},"url":"https:\/\/diarioprincipios.com\/index.php\/author\/hernan\/"}]}},"jetpack_featured_media_url":"https:\/\/diarioprincipios.com\/wp-content\/uploads\/2024\/07\/Screenshot_20240716_142831_WhatsApp.jpg","_links":{"self":[{"href":"https:\/\/diarioprincipios.com\/index.php\/wp-json\/wp\/v2\/posts\/22393","targetHints":{"allow":["GET"]}}],"collection":[{"href":"https:\/\/diarioprincipios.com\/index.php\/wp-json\/wp\/v2\/posts"}],"about":[{"href":"https:\/\/diarioprincipios.com\/index.php\/wp-json\/wp\/v2\/types\/post"}],"author":[{"embeddable":true,"href":"https:\/\/diarioprincipios.com\/index.php\/wp-json\/wp\/v2\/users\/2"}],"replies":[{"embeddable":true,"href":"https:\/\/diarioprincipios.com\/index.php\/wp-json\/wp\/v2\/comments?post=22393"}],"version-history":[{"count":1,"href":"https:\/\/diarioprincipios.com\/index.php\/wp-json\/wp\/v2\/posts\/22393\/revisions"}],"predecessor-version":[{"id":22397,"href":"https:\/\/diarioprincipios.com\/index.php\/wp-json\/wp\/v2\/posts\/22393\/revisions\/22397"}],"wp:featuredmedia":[{"embeddable":true,"href":"https:\/\/diarioprincipios.com\/index.php\/wp-json\/wp\/v2\/media\/22396"}],"wp:attachment":[{"href":"https:\/\/diarioprincipios.com\/index.php\/wp-json\/wp\/v2\/media?parent=22393"}],"wp:term":[{"taxonomy":"category","embeddable":true,"href":"https:\/\/diarioprincipios.com\/index.php\/wp-json\/wp\/v2\/categories?post=22393"},{"taxonomy":"post_tag","embeddable":true,"href":"https:\/\/diarioprincipios.com\/index.php\/wp-json\/wp\/v2\/tags?post=22393"}],"curies":[{"name":"wp","href":"https:\/\/api.w.org\/{rel}","templated":true}]}}