{"id":2238,"date":"2020-05-28T16:25:13","date_gmt":"2020-05-28T19:25:13","guid":{"rendered":"http:\/\/diarioprincipios.com\/?p=2238"},"modified":"2020-05-28T16:25:15","modified_gmt":"2020-05-28T19:25:15","slug":"asociacion-de-voley-y-el-soiva-organizan-olla-popular-en-barrio-los-ciruelos","status":"publish","type":"post","link":"https:\/\/diarioprincipios.com\/index.php\/2020\/05\/28\/asociacion-de-voley-y-el-soiva-organizan-olla-popular-en-barrio-los-ciruelos\/","title":{"rendered":"Asociaci\u00f3n de Voley y el Soiva organizan Olla Popular en barrio Los Ciruelos"},"content":{"rendered":"\n<p>La Asociaci\u00f3n de Voley Capital Nacional del Vidrio y el Soiva ( Sindicato del Vidrio) organizan, en el marco de la Campa\u00f1a Lazos Solidarios, una nueva Olla Popular, esta vez en el barrio Los Ciruelos de Berazategui.<\/p>\n\n\n\n<p>La jornada se desarrollar\u00e1 el viernes 5 de Junio desde las 13 horas en 129 entre 2 y 3 y se pide a los vecinos acercarse con un tupper.<\/p>\n\n\n\n<p>Celia Cabrera, presidenta de la Asociaci\u00f3n de Voley destac\u00f3 que \u00abestamos recorriendo los barrios de Berazategui con esta actividad solidaria, sabemos que las necesidades son muchas y nosotros queremos sumar nuestro peque\u00f1o aporte\u00bb.<\/p>\n\n\n\n<p>Agreg\u00f3 que \u00abesto lo podemos realizar gracias al apoyo del Intendente, Dr. Juan Jos\u00e9 Mussi, del secretario general del Soiva, Horacio Valdez, del concejal Orlando Reyes, de todo nuestro equipo de trabajo, de las instituciones y de las jugadoras que colaboran desinteresadamente\u00bb.<\/p>\n\n\n\n<p>Finalmente, Cabrera adelant\u00f3 que \u00abvamos a seguir recorriendo los barrios, mucho m\u00e1s ahora que viene el invierno y lo m\u00e1s dif\u00edcil de la pandemia, con todos los trastornos econ\u00f3micos que eso trae\u00bb.<\/p>\n","protected":false},"excerpt":{"rendered":"<p>La Asociaci\u00f3n de Voley Capital Nacional del Vidrio y el Soiva ( Sindicato del Vidrio) organizan, en el marco de la Campa\u00f1a Lazos Solidarios, una nueva Olla Popular, esta vez en el barrio Los Ciruelos de Berazategui. La jornada se desarrollar\u00e1 el viernes 5 de Junio desde las 13 horas en 129 entre 2 y&#8230;<\/p>\n","protected":false},"author":2,"featured_media":2239,"comment_status":"open","ping_status":"open","sticky":false,"template":"","format":"standard","meta":{"footnotes":""},"categories":[3],"tags":[],"class_list":["post-2238","post","type-post","status-publish","format-standard","has-post-thumbnail","hentry","category-berazategui"],"featured_image_src":"https:\/\/diarioprincipios.com\/wp-content\/uploads\/2020\/05\/IMG-20200527-WA0032-1024x1021.jpg","blog_images":{"medium":"https:\/\/diarioprincipios.com\/wp-content\/uploads\/2020\/05\/IMG-20200527-WA0032-300x300.jpg","large":"https:\/\/diarioprincipios.com\/wp-content\/uploads\/2020\/05\/IMG-20200527-WA0032-1024x1021.jpg"},"ams_acf":[],"yoast_head":"<!-- This site is optimized with the Yoast SEO plugin v27.3 - https:\/\/yoast.com\/product\/yoast-seo-wordpress\/ -->\n<title>Asociaci\u00f3n de Voley y el Soiva organizan Olla Popular en barrio Los Ciruelos - Principios<\/title>\n<meta name=\"robots\" content=\"index, follow, max-snippet:-1, max-image-preview:large, max-video-preview:-1\" \/>\n<link rel=\"canonical\" href=\"https:\/\/diarioprincipios.com\/index.php\/2020\/05\/28\/asociacion-de-voley-y-el-soiva-organizan-olla-popular-en-barrio-los-ciruelos\/\" \/>\n<meta property=\"og:locale\" content=\"es_ES\" \/>\n<meta property=\"og:type\" content=\"article\" \/>\n<meta property=\"og:title\" content=\"Asociaci\u00f3n de Voley y el Soiva organizan Olla Popular en barrio Los Ciruelos - Principios\" \/>\n<meta property=\"og:description\" content=\"La Asociaci\u00f3n de Voley Capital Nacional del Vidrio y el Soiva ( Sindicato del Vidrio) organizan, en el marco de la Campa\u00f1a Lazos Solidarios, una nueva Olla Popular, esta vez en el barrio Los Ciruelos de Berazategui. La jornada se desarrollar\u00e1 el viernes 5 de Junio desde las 13 horas en 129 entre 2 y...\" \/>\n<meta property=\"og:url\" content=\"https:\/\/diarioprincipios.com\/index.php\/2020\/05\/28\/asociacion-de-voley-y-el-soiva-organizan-olla-popular-en-barrio-los-ciruelos\/\" \/>\n<meta property=\"og:site_name\" content=\"Principios\" \/>\n<meta property=\"article:published_time\" content=\"2020-05-28T19:25:13+00:00\" \/>\n<meta property=\"article:modified_time\" content=\"2020-05-28T19:25:15+00:00\" \/>\n<meta property=\"og:image\" content=\"https:\/\/diarioprincipios.com\/wp-content\/uploads\/2020\/05\/IMG-20200527-WA0032.jpg\" \/>\n\t<meta property=\"og:image:width\" content=\"1280\" \/>\n\t<meta property=\"og:image:height\" content=\"1276\" \/>\n\t<meta property=\"og:image:type\" content=\"image\/jpeg\" \/>\n<meta name=\"author\" content=\"Hern\u00e1n L\u00f3pez\" \/>\n<meta name=\"twitter:card\" content=\"summary_large_image\" \/>\n<meta name=\"twitter:label1\" content=\"Escrito por\" \/>\n\t<meta name=\"twitter:data1\" content=\"Hern\u00e1n L\u00f3pez\" \/>\n\t<meta name=\"twitter:label2\" content=\"Tiempo de lectura\" \/>\n\t<meta name=\"twitter:data2\" content=\"1 minuto\" \/>\n<script type=\"application\/ld+json\" class=\"yoast-schema-graph\">{\"@context\":\"https:\\\/\\\/schema.org\",\"@graph\":[{\"@type\":\"Article\",\"@id\":\"https:\\\/\\\/diarioprincipios.com\\\/index.php\\\/2020\\\/05\\\/28\\\/asociacion-de-voley-y-el-soiva-organizan-olla-popular-en-barrio-los-ciruelos\\\/#article\",\"isPartOf\":{\"@id\":\"https:\\\/\\\/diarioprincipios.com\\\/index.php\\\/2020\\\/05\\\/28\\\/asociacion-de-voley-y-el-soiva-organizan-olla-popular-en-barrio-los-ciruelos\\\/\"},\"author\":{\"name\":\"Hern\u00e1n L\u00f3pez\",\"@id\":\"https:\\\/\\\/diarioprincipios.com\\\/#\\\/schema\\\/person\\\/436d5a1fd41a5e250e23ff5a6a7cb080\"},\"headline\":\"Asociaci\u00f3n de Voley y el Soiva organizan Olla Popular en barrio Los Ciruelos\",\"datePublished\":\"2020-05-28T19:25:13+00:00\",\"dateModified\":\"2020-05-28T19:25:15+00:00\",\"mainEntityOfPage\":{\"@id\":\"https:\\\/\\\/diarioprincipios.com\\\/index.php\\\/2020\\\/05\\\/28\\\/asociacion-de-voley-y-el-soiva-organizan-olla-popular-en-barrio-los-ciruelos\\\/\"},\"wordCount\":189,\"commentCount\":0,\"publisher\":{\"@id\":\"https:\\\/\\\/diarioprincipios.com\\\/#organization\"},\"image\":{\"@id\":\"https:\\\/\\\/diarioprincipios.com\\\/index.php\\\/2020\\\/05\\\/28\\\/asociacion-de-voley-y-el-soiva-organizan-olla-popular-en-barrio-los-ciruelos\\\/#primaryimage\"},\"thumbnailUrl\":\"https:\\\/\\\/diarioprincipios.com\\\/wp-content\\\/uploads\\\/2020\\\/05\\\/IMG-20200527-WA0032.jpg\",\"articleSection\":[\"Berazategui\"],\"inLanguage\":\"es\",\"potentialAction\":[{\"@type\":\"CommentAction\",\"name\":\"Comment\",\"target\":[\"https:\\\/\\\/diarioprincipios.com\\\/index.php\\\/2020\\\/05\\\/28\\\/asociacion-de-voley-y-el-soiva-organizan-olla-popular-en-barrio-los-ciruelos\\\/#respond\"]}]},{\"@type\":\"WebPage\",\"@id\":\"https:\\\/\\\/diarioprincipios.com\\\/index.php\\\/2020\\\/05\\\/28\\\/asociacion-de-voley-y-el-soiva-organizan-olla-popular-en-barrio-los-ciruelos\\\/\",\"url\":\"https:\\\/\\\/diarioprincipios.com\\\/index.php\\\/2020\\\/05\\\/28\\\/asociacion-de-voley-y-el-soiva-organizan-olla-popular-en-barrio-los-ciruelos\\\/\",\"name\":\"Asociaci\u00f3n de Voley y el Soiva organizan Olla Popular en barrio Los Ciruelos - Principios\",\"isPartOf\":{\"@id\":\"https:\\\/\\\/diarioprincipios.com\\\/#website\"},\"primaryImageOfPage\":{\"@id\":\"https:\\\/\\\/diarioprincipios.com\\\/index.php\\\/2020\\\/05\\\/28\\\/asociacion-de-voley-y-el-soiva-organizan-olla-popular-en-barrio-los-ciruelos\\\/#primaryimage\"},\"image\":{\"@id\":\"https:\\\/\\\/diarioprincipios.com\\\/index.php\\\/2020\\\/05\\\/28\\\/asociacion-de-voley-y-el-soiva-organizan-olla-popular-en-barrio-los-ciruelos\\\/#primaryimage\"},\"thumbnailUrl\":\"https:\\\/\\\/diarioprincipios.com\\\/wp-content\\\/uploads\\\/2020\\\/05\\\/IMG-20200527-WA0032.jpg\",\"datePublished\":\"2020-05-28T19:25:13+00:00\",\"dateModified\":\"2020-05-28T19:25:15+00:00\",\"breadcrumb\":{\"@id\":\"https:\\\/\\\/diarioprincipios.com\\\/index.php\\\/2020\\\/05\\\/28\\\/asociacion-de-voley-y-el-soiva-organizan-olla-popular-en-barrio-los-ciruelos\\\/#breadcrumb\"},\"inLanguage\":\"es\",\"potentialAction\":[{\"@type\":\"ReadAction\",\"target\":[\"https:\\\/\\\/diarioprincipios.com\\\/index.php\\\/2020\\\/05\\\/28\\\/asociacion-de-voley-y-el-soiva-organizan-olla-popular-en-barrio-los-ciruelos\\\/\"]}]},{\"@type\":\"ImageObject\",\"inLanguage\":\"es\",\"@id\":\"https:\\\/\\\/diarioprincipios.com\\\/index.php\\\/2020\\\/05\\\/28\\\/asociacion-de-voley-y-el-soiva-organizan-olla-popular-en-barrio-los-ciruelos\\\/#primaryimage\",\"url\":\"https:\\\/\\\/diarioprincipios.com\\\/wp-content\\\/uploads\\\/2020\\\/05\\\/IMG-20200527-WA0032.jpg\",\"contentUrl\":\"https:\\\/\\\/diarioprincipios.com\\\/wp-content\\\/uploads\\\/2020\\\/05\\\/IMG-20200527-WA0032.jpg\",\"width\":1280,\"height\":1276},{\"@type\":\"BreadcrumbList\",\"@id\":\"https:\\\/\\\/diarioprincipios.com\\\/index.php\\\/2020\\\/05\\\/28\\\/asociacion-de-voley-y-el-soiva-organizan-olla-popular-en-barrio-los-ciruelos\\\/#breadcrumb\",\"itemListElement\":[{\"@type\":\"ListItem\",\"position\":1,\"name\":\"Portada\",\"item\":\"https:\\\/\\\/diarioprincipios.com\\\/\"},{\"@type\":\"ListItem\",\"position\":2,\"name\":\"Asociaci\u00f3n de Voley y el Soiva organizan Olla Popular en barrio Los Ciruelos\"}]},{\"@type\":\"WebSite\",\"@id\":\"https:\\\/\\\/diarioprincipios.com\\\/#website\",\"url\":\"https:\\\/\\\/diarioprincipios.com\\\/\",\"name\":\"Principios\",\"description\":\"Principios Diario\",\"publisher\":{\"@id\":\"https:\\\/\\\/diarioprincipios.com\\\/#organization\"},\"potentialAction\":[{\"@type\":\"SearchAction\",\"target\":{\"@type\":\"EntryPoint\",\"urlTemplate\":\"https:\\\/\\\/diarioprincipios.com\\\/?s={search_term_string}\"},\"query-input\":{\"@type\":\"PropertyValueSpecification\",\"valueRequired\":true,\"valueName\":\"search_term_string\"}}],\"inLanguage\":\"es\"},{\"@type\":\"Organization\",\"@id\":\"https:\\\/\\\/diarioprincipios.com\\\/#organization\",\"name\":\"Principios\",\"url\":\"https:\\\/\\\/diarioprincipios.com\\\/\",\"logo\":{\"@type\":\"ImageObject\",\"inLanguage\":\"es\",\"@id\":\"https:\\\/\\\/diarioprincipios.com\\\/#\\\/schema\\\/logo\\\/image\\\/\",\"url\":\"https:\\\/\\\/diarioprincipios.com\\\/wp-content\\\/uploads\\\/2024\\\/04\\\/cropped-www.diarioprincipios.com_-1.png\",\"contentUrl\":\"https:\\\/\\\/diarioprincipios.com\\\/wp-content\\\/uploads\\\/2024\\\/04\\\/cropped-www.diarioprincipios.com_-1.png\",\"width\":5325,\"height\":1454,\"caption\":\"Principios\"},\"image\":{\"@id\":\"https:\\\/\\\/diarioprincipios.com\\\/#\\\/schema\\\/logo\\\/image\\\/\"}},{\"@type\":\"Person\",\"@id\":\"https:\\\/\\\/diarioprincipios.com\\\/#\\\/schema\\\/person\\\/436d5a1fd41a5e250e23ff5a6a7cb080\",\"name\":\"Hern\u00e1n L\u00f3pez\",\"image\":{\"@type\":\"ImageObject\",\"inLanguage\":\"es\",\"@id\":\"https:\\\/\\\/diarioprincipios.com\\\/wp-content\\\/litespeed\\\/avatar\\\/11ddfe5610ff3bd100522525b2571f48.jpg?ver=1777048341\",\"url\":\"https:\\\/\\\/diarioprincipios.com\\\/wp-content\\\/litespeed\\\/avatar\\\/11ddfe5610ff3bd100522525b2571f48.jpg?ver=1777048341\",\"contentUrl\":\"https:\\\/\\\/diarioprincipios.com\\\/wp-content\\\/litespeed\\\/avatar\\\/11ddfe5610ff3bd100522525b2571f48.jpg?ver=1777048341\",\"caption\":\"Hern\u00e1n L\u00f3pez\"},\"url\":\"https:\\\/\\\/diarioprincipios.com\\\/index.php\\\/author\\\/hernan\\\/\"}]}<\/script>\n<!-- \/ Yoast SEO plugin. -->","yoast_head_json":{"title":"Asociaci\u00f3n de Voley y el Soiva organizan Olla Popular en barrio Los Ciruelos - Principios","robots":{"index":"index","follow":"follow","max-snippet":"max-snippet:-1","max-image-preview":"max-image-preview:large","max-video-preview":"max-video-preview:-1"},"canonical":"https:\/\/diarioprincipios.com\/index.php\/2020\/05\/28\/asociacion-de-voley-y-el-soiva-organizan-olla-popular-en-barrio-los-ciruelos\/","og_locale":"es_ES","og_type":"article","og_title":"Asociaci\u00f3n de Voley y el Soiva organizan Olla Popular en barrio Los Ciruelos - Principios","og_description":"La Asociaci\u00f3n de Voley Capital Nacional del Vidrio y el Soiva ( Sindicato del Vidrio) organizan, en el marco de la Campa\u00f1a Lazos Solidarios, una nueva Olla Popular, esta vez en el barrio Los Ciruelos de Berazategui. La jornada se desarrollar\u00e1 el viernes 5 de Junio desde las 13 horas en 129 entre 2 y...","og_url":"https:\/\/diarioprincipios.com\/index.php\/2020\/05\/28\/asociacion-de-voley-y-el-soiva-organizan-olla-popular-en-barrio-los-ciruelos\/","og_site_name":"Principios","article_published_time":"2020-05-28T19:25:13+00:00","article_modified_time":"2020-05-28T19:25:15+00:00","og_image":[{"width":1280,"height":1276,"url":"https:\/\/diarioprincipios.com\/wp-content\/uploads\/2020\/05\/IMG-20200527-WA0032.jpg","type":"image\/jpeg"}],"author":"Hern\u00e1n L\u00f3pez","twitter_card":"summary_large_image","twitter_misc":{"Escrito por":"Hern\u00e1n L\u00f3pez","Tiempo de lectura":"1 minuto"},"schema":{"@context":"https:\/\/schema.org","@graph":[{"@type":"Article","@id":"https:\/\/diarioprincipios.com\/index.php\/2020\/05\/28\/asociacion-de-voley-y-el-soiva-organizan-olla-popular-en-barrio-los-ciruelos\/#article","isPartOf":{"@id":"https:\/\/diarioprincipios.com\/index.php\/2020\/05\/28\/asociacion-de-voley-y-el-soiva-organizan-olla-popular-en-barrio-los-ciruelos\/"},"author":{"name":"Hern\u00e1n L\u00f3pez","@id":"https:\/\/diarioprincipios.com\/#\/schema\/person\/436d5a1fd41a5e250e23ff5a6a7cb080"},"headline":"Asociaci\u00f3n de Voley y el Soiva organizan Olla Popular en barrio Los Ciruelos","datePublished":"2020-05-28T19:25:13+00:00","dateModified":"2020-05-28T19:25:15+00:00","mainEntityOfPage":{"@id":"https:\/\/diarioprincipios.com\/index.php\/2020\/05\/28\/asociacion-de-voley-y-el-soiva-organizan-olla-popular-en-barrio-los-ciruelos\/"},"wordCount":189,"commentCount":0,"publisher":{"@id":"https:\/\/diarioprincipios.com\/#organization"},"image":{"@id":"https:\/\/diarioprincipios.com\/index.php\/2020\/05\/28\/asociacion-de-voley-y-el-soiva-organizan-olla-popular-en-barrio-los-ciruelos\/#primaryimage"},"thumbnailUrl":"https:\/\/diarioprincipios.com\/wp-content\/uploads\/2020\/05\/IMG-20200527-WA0032.jpg","articleSection":["Berazategui"],"inLanguage":"es","potentialAction":[{"@type":"CommentAction","name":"Comment","target":["https:\/\/diarioprincipios.com\/index.php\/2020\/05\/28\/asociacion-de-voley-y-el-soiva-organizan-olla-popular-en-barrio-los-ciruelos\/#respond"]}]},{"@type":"WebPage","@id":"https:\/\/diarioprincipios.com\/index.php\/2020\/05\/28\/asociacion-de-voley-y-el-soiva-organizan-olla-popular-en-barrio-los-ciruelos\/","url":"https:\/\/diarioprincipios.com\/index.php\/2020\/05\/28\/asociacion-de-voley-y-el-soiva-organizan-olla-popular-en-barrio-los-ciruelos\/","name":"Asociaci\u00f3n de Voley y el Soiva organizan Olla Popular en barrio Los Ciruelos - Principios","isPartOf":{"@id":"https:\/\/diarioprincipios.com\/#website"},"primaryImageOfPage":{"@id":"https:\/\/diarioprincipios.com\/index.php\/2020\/05\/28\/asociacion-de-voley-y-el-soiva-organizan-olla-popular-en-barrio-los-ciruelos\/#primaryimage"},"image":{"@id":"https:\/\/diarioprincipios.com\/index.php\/2020\/05\/28\/asociacion-de-voley-y-el-soiva-organizan-olla-popular-en-barrio-los-ciruelos\/#primaryimage"},"thumbnailUrl":"https:\/\/diarioprincipios.com\/wp-content\/uploads\/2020\/05\/IMG-20200527-WA0032.jpg","datePublished":"2020-05-28T19:25:13+00:00","dateModified":"2020-05-28T19:25:15+00:00","breadcrumb":{"@id":"https:\/\/diarioprincipios.com\/index.php\/2020\/05\/28\/asociacion-de-voley-y-el-soiva-organizan-olla-popular-en-barrio-los-ciruelos\/#breadcrumb"},"inLanguage":"es","potentialAction":[{"@type":"ReadAction","target":["https:\/\/diarioprincipios.com\/index.php\/2020\/05\/28\/asociacion-de-voley-y-el-soiva-organizan-olla-popular-en-barrio-los-ciruelos\/"]}]},{"@type":"ImageObject","inLanguage":"es","@id":"https:\/\/diarioprincipios.com\/index.php\/2020\/05\/28\/asociacion-de-voley-y-el-soiva-organizan-olla-popular-en-barrio-los-ciruelos\/#primaryimage","url":"https:\/\/diarioprincipios.com\/wp-content\/uploads\/2020\/05\/IMG-20200527-WA0032.jpg","contentUrl":"https:\/\/diarioprincipios.com\/wp-content\/uploads\/2020\/05\/IMG-20200527-WA0032.jpg","width":1280,"height":1276},{"@type":"BreadcrumbList","@id":"https:\/\/diarioprincipios.com\/index.php\/2020\/05\/28\/asociacion-de-voley-y-el-soiva-organizan-olla-popular-en-barrio-los-ciruelos\/#breadcrumb","itemListElement":[{"@type":"ListItem","position":1,"name":"Portada","item":"https:\/\/diarioprincipios.com\/"},{"@type":"ListItem","position":2,"name":"Asociaci\u00f3n de Voley y el Soiva organizan Olla Popular en barrio Los Ciruelos"}]},{"@type":"WebSite","@id":"https:\/\/diarioprincipios.com\/#website","url":"https:\/\/diarioprincipios.com\/","name":"Principios","description":"Principios Diario","publisher":{"@id":"https:\/\/diarioprincipios.com\/#organization"},"potentialAction":[{"@type":"SearchAction","target":{"@type":"EntryPoint","urlTemplate":"https:\/\/diarioprincipios.com\/?s={search_term_string}"},"query-input":{"@type":"PropertyValueSpecification","valueRequired":true,"valueName":"search_term_string"}}],"inLanguage":"es"},{"@type":"Organization","@id":"https:\/\/diarioprincipios.com\/#organization","name":"Principios","url":"https:\/\/diarioprincipios.com\/","logo":{"@type":"ImageObject","inLanguage":"es","@id":"https:\/\/diarioprincipios.com\/#\/schema\/logo\/image\/","url":"https:\/\/diarioprincipios.com\/wp-content\/uploads\/2024\/04\/cropped-www.diarioprincipios.com_-1.png","contentUrl":"https:\/\/diarioprincipios.com\/wp-content\/uploads\/2024\/04\/cropped-www.diarioprincipios.com_-1.png","width":5325,"height":1454,"caption":"Principios"},"image":{"@id":"https:\/\/diarioprincipios.com\/#\/schema\/logo\/image\/"}},{"@type":"Person","@id":"https:\/\/diarioprincipios.com\/#\/schema\/person\/436d5a1fd41a5e250e23ff5a6a7cb080","name":"Hern\u00e1n L\u00f3pez","image":{"@type":"ImageObject","inLanguage":"es","@id":"https:\/\/diarioprincipios.com\/wp-content\/litespeed\/avatar\/11ddfe5610ff3bd100522525b2571f48.jpg?ver=1777048341","url":"https:\/\/diarioprincipios.com\/wp-content\/litespeed\/avatar\/11ddfe5610ff3bd100522525b2571f48.jpg?ver=1777048341","contentUrl":"https:\/\/diarioprincipios.com\/wp-content\/litespeed\/avatar\/11ddfe5610ff3bd100522525b2571f48.jpg?ver=1777048341","caption":"Hern\u00e1n L\u00f3pez"},"url":"https:\/\/diarioprincipios.com\/index.php\/author\/hernan\/"}]}},"jetpack_featured_media_url":"https:\/\/diarioprincipios.com\/wp-content\/uploads\/2020\/05\/IMG-20200527-WA0032.jpg","_links":{"self":[{"href":"https:\/\/diarioprincipios.com\/index.php\/wp-json\/wp\/v2\/posts\/2238","targetHints":{"allow":["GET"]}}],"collection":[{"href":"https:\/\/diarioprincipios.com\/index.php\/wp-json\/wp\/v2\/posts"}],"about":[{"href":"https:\/\/diarioprincipios.com\/index.php\/wp-json\/wp\/v2\/types\/post"}],"author":[{"embeddable":true,"href":"https:\/\/diarioprincipios.com\/index.php\/wp-json\/wp\/v2\/users\/2"}],"replies":[{"embeddable":true,"href":"https:\/\/diarioprincipios.com\/index.php\/wp-json\/wp\/v2\/comments?post=2238"}],"version-history":[{"count":1,"href":"https:\/\/diarioprincipios.com\/index.php\/wp-json\/wp\/v2\/posts\/2238\/revisions"}],"predecessor-version":[{"id":2240,"href":"https:\/\/diarioprincipios.com\/index.php\/wp-json\/wp\/v2\/posts\/2238\/revisions\/2240"}],"wp:featuredmedia":[{"embeddable":true,"href":"https:\/\/diarioprincipios.com\/index.php\/wp-json\/wp\/v2\/media\/2239"}],"wp:attachment":[{"href":"https:\/\/diarioprincipios.com\/index.php\/wp-json\/wp\/v2\/media?parent=2238"}],"wp:term":[{"taxonomy":"category","embeddable":true,"href":"https:\/\/diarioprincipios.com\/index.php\/wp-json\/wp\/v2\/categories?post=2238"},{"taxonomy":"post_tag","embeddable":true,"href":"https:\/\/diarioprincipios.com\/index.php\/wp-json\/wp\/v2\/tags?post=2238"}],"curies":[{"name":"wp","href":"https:\/\/api.w.org\/{rel}","templated":true}]}}