{"id":2235,"date":"2020-05-28T14:25:24","date_gmt":"2020-05-28T17:25:24","guid":{"rendered":"http:\/\/diarioprincipios.com\/?p=2235"},"modified":"2020-05-28T14:25:26","modified_gmt":"2020-05-28T17:25:26","slug":"ferraresi-acompano-al-gobernador-axel-kicillof-en-su-recorrida-por-villa-azul","status":"publish","type":"post","link":"https:\/\/diarioprincipios.com\/index.php\/2020\/05\/28\/ferraresi-acompano-al-gobernador-axel-kicillof-en-su-recorrida-por-villa-azul\/","title":{"rendered":"Ferraresi acompa\u00f1\u00f3 al gobernador Axel Kicillof en su recorrida por Villa Azul"},"content":{"rendered":"\n<p>El intendente de Avellaneda, Jorge Ferraresi, acompa\u00f1\u00f3 al Gobernador de la Provincia de Buenos Aires, Axel Kicillof en una visita a Villa Azul. Junto a su par de Quilmes, Mayra Mendoza, recorrieron el barrio, conversaron con vecinos y analizaron las diferentes estrategias sanitarias y de urbanizaci\u00f3n.<\/p>\n\n\n\n<p>Durante la jornada ambos jefes comunales, acompa\u00f1ados por el gobernador y los ministros del gabinete provincial delinearon diferentes medidas para avanzar en los cuidados y el abastecimiento de todas las familias que se encuentran aisladas en dicho barrio.<\/p>\n\n\n\n<p>Adem\u00e1s, la diputada Nacional, Magdalena Sierra junto al equipo del Observatorio Social de Pol\u00edticas P\u00fablicas de Avellaneda llevaron a cabo el trabajo diario de asistencia a cada vecino del lugar, entregando alimentos y remedios entre otros productos.<\/p>\n\n\n\n<p>Estuvieron presentes en esta jornada de trabajo, el ministro de Seguridad, Sergio Berni; el ministro de Salud, Daniel Gollan; el viceministro, Nicolas Kreplak; el Ministro de Desarrollo Social, Andes Larroque; el senador provincial, Emmanuel Santalla y el jefe de Gabinete municipal de Avellaneda, Alejo Chornobroff, adem\u00e1s de otros funcionarios provinciales y municipales.<\/p>\n","protected":false},"excerpt":{"rendered":"<p>El intendente de Avellaneda, Jorge Ferraresi, acompa\u00f1\u00f3 al Gobernador de la Provincia de Buenos Aires, Axel Kicillof en una visita a Villa Azul. Junto a su par de Quilmes, Mayra Mendoza, recorrieron el barrio, conversaron con vecinos y analizaron las diferentes estrategias sanitarias y de urbanizaci\u00f3n. Durante la jornada ambos jefes comunales, acompa\u00f1ados por el&#8230;<\/p>\n","protected":false},"author":2,"featured_media":2236,"comment_status":"open","ping_status":"open","sticky":false,"template":"","format":"standard","meta":{"footnotes":""},"categories":[5],"tags":[],"class_list":["post-2235","post","type-post","status-publish","format-standard","has-post-thumbnail","hentry","category-avellaneda"],"featured_image_src":"https:\/\/diarioprincipios.com\/wp-content\/uploads\/2020\/05\/02cd8071-b9a9-488e-b523-65b2c8b6bb38-1024x683.jpg","blog_images":{"medium":"https:\/\/diarioprincipios.com\/wp-content\/uploads\/2020\/05\/02cd8071-b9a9-488e-b523-65b2c8b6bb38-300x200.jpg","large":"https:\/\/diarioprincipios.com\/wp-content\/uploads\/2020\/05\/02cd8071-b9a9-488e-b523-65b2c8b6bb38-1024x683.jpg"},"ams_acf":[],"yoast_head":"<!-- This site is optimized with the Yoast SEO plugin v27.3 - https:\/\/yoast.com\/product\/yoast-seo-wordpress\/ -->\n<title>Ferraresi acompa\u00f1\u00f3 al gobernador Axel Kicillof en su recorrida por Villa Azul - Principios<\/title>\n<meta name=\"robots\" content=\"index, follow, max-snippet:-1, max-image-preview:large, max-video-preview:-1\" \/>\n<link rel=\"canonical\" href=\"https:\/\/diarioprincipios.com\/index.php\/2020\/05\/28\/ferraresi-acompano-al-gobernador-axel-kicillof-en-su-recorrida-por-villa-azul\/\" \/>\n<meta property=\"og:locale\" content=\"es_ES\" \/>\n<meta property=\"og:type\" content=\"article\" \/>\n<meta property=\"og:title\" content=\"Ferraresi acompa\u00f1\u00f3 al gobernador Axel Kicillof en su recorrida por Villa Azul - Principios\" \/>\n<meta property=\"og:description\" content=\"El intendente de Avellaneda, Jorge Ferraresi, acompa\u00f1\u00f3 al Gobernador de la Provincia de Buenos Aires, Axel Kicillof en una visita a Villa Azul. Junto a su par de Quilmes, Mayra Mendoza, recorrieron el barrio, conversaron con vecinos y analizaron las diferentes estrategias sanitarias y de urbanizaci\u00f3n. Durante la jornada ambos jefes comunales, acompa\u00f1ados por el...\" \/>\n<meta property=\"og:url\" content=\"https:\/\/diarioprincipios.com\/index.php\/2020\/05\/28\/ferraresi-acompano-al-gobernador-axel-kicillof-en-su-recorrida-por-villa-azul\/\" \/>\n<meta property=\"og:site_name\" content=\"Principios\" \/>\n<meta property=\"article:published_time\" content=\"2020-05-28T17:25:24+00:00\" \/>\n<meta property=\"article:modified_time\" content=\"2020-05-28T17:25:26+00:00\" \/>\n<meta property=\"og:image\" content=\"https:\/\/diarioprincipios.com\/wp-content\/uploads\/2020\/05\/02cd8071-b9a9-488e-b523-65b2c8b6bb38.jpg\" \/>\n\t<meta property=\"og:image:width\" content=\"1116\" \/>\n\t<meta property=\"og:image:height\" content=\"744\" \/>\n\t<meta property=\"og:image:type\" content=\"image\/jpeg\" \/>\n<meta name=\"author\" content=\"Hern\u00e1n L\u00f3pez\" \/>\n<meta name=\"twitter:card\" content=\"summary_large_image\" \/>\n<meta name=\"twitter:label1\" content=\"Escrito por\" \/>\n\t<meta name=\"twitter:data1\" content=\"Hern\u00e1n L\u00f3pez\" \/>\n\t<meta name=\"twitter:label2\" content=\"Tiempo de lectura\" \/>\n\t<meta name=\"twitter:data2\" content=\"1 minuto\" \/>\n<script type=\"application\/ld+json\" class=\"yoast-schema-graph\">{\"@context\":\"https:\\\/\\\/schema.org\",\"@graph\":[{\"@type\":\"Article\",\"@id\":\"https:\\\/\\\/diarioprincipios.com\\\/index.php\\\/2020\\\/05\\\/28\\\/ferraresi-acompano-al-gobernador-axel-kicillof-en-su-recorrida-por-villa-azul\\\/#article\",\"isPartOf\":{\"@id\":\"https:\\\/\\\/diarioprincipios.com\\\/index.php\\\/2020\\\/05\\\/28\\\/ferraresi-acompano-al-gobernador-axel-kicillof-en-su-recorrida-por-villa-azul\\\/\"},\"author\":{\"name\":\"Hern\u00e1n L\u00f3pez\",\"@id\":\"https:\\\/\\\/diarioprincipios.com\\\/#\\\/schema\\\/person\\\/436d5a1fd41a5e250e23ff5a6a7cb080\"},\"headline\":\"Ferraresi acompa\u00f1\u00f3 al gobernador Axel Kicillof en su recorrida por Villa Azul\",\"datePublished\":\"2020-05-28T17:25:24+00:00\",\"dateModified\":\"2020-05-28T17:25:26+00:00\",\"mainEntityOfPage\":{\"@id\":\"https:\\\/\\\/diarioprincipios.com\\\/index.php\\\/2020\\\/05\\\/28\\\/ferraresi-acompano-al-gobernador-axel-kicillof-en-su-recorrida-por-villa-azul\\\/\"},\"wordCount\":191,\"commentCount\":0,\"publisher\":{\"@id\":\"https:\\\/\\\/diarioprincipios.com\\\/#organization\"},\"image\":{\"@id\":\"https:\\\/\\\/diarioprincipios.com\\\/index.php\\\/2020\\\/05\\\/28\\\/ferraresi-acompano-al-gobernador-axel-kicillof-en-su-recorrida-por-villa-azul\\\/#primaryimage\"},\"thumbnailUrl\":\"https:\\\/\\\/diarioprincipios.com\\\/wp-content\\\/uploads\\\/2020\\\/05\\\/02cd8071-b9a9-488e-b523-65b2c8b6bb38.jpg\",\"articleSection\":[\"Avellaneda\"],\"inLanguage\":\"es\",\"potentialAction\":[{\"@type\":\"CommentAction\",\"name\":\"Comment\",\"target\":[\"https:\\\/\\\/diarioprincipios.com\\\/index.php\\\/2020\\\/05\\\/28\\\/ferraresi-acompano-al-gobernador-axel-kicillof-en-su-recorrida-por-villa-azul\\\/#respond\"]}]},{\"@type\":\"WebPage\",\"@id\":\"https:\\\/\\\/diarioprincipios.com\\\/index.php\\\/2020\\\/05\\\/28\\\/ferraresi-acompano-al-gobernador-axel-kicillof-en-su-recorrida-por-villa-azul\\\/\",\"url\":\"https:\\\/\\\/diarioprincipios.com\\\/index.php\\\/2020\\\/05\\\/28\\\/ferraresi-acompano-al-gobernador-axel-kicillof-en-su-recorrida-por-villa-azul\\\/\",\"name\":\"Ferraresi acompa\u00f1\u00f3 al gobernador Axel Kicillof en su recorrida por Villa Azul - Principios\",\"isPartOf\":{\"@id\":\"https:\\\/\\\/diarioprincipios.com\\\/#website\"},\"primaryImageOfPage\":{\"@id\":\"https:\\\/\\\/diarioprincipios.com\\\/index.php\\\/2020\\\/05\\\/28\\\/ferraresi-acompano-al-gobernador-axel-kicillof-en-su-recorrida-por-villa-azul\\\/#primaryimage\"},\"image\":{\"@id\":\"https:\\\/\\\/diarioprincipios.com\\\/index.php\\\/2020\\\/05\\\/28\\\/ferraresi-acompano-al-gobernador-axel-kicillof-en-su-recorrida-por-villa-azul\\\/#primaryimage\"},\"thumbnailUrl\":\"https:\\\/\\\/diarioprincipios.com\\\/wp-content\\\/uploads\\\/2020\\\/05\\\/02cd8071-b9a9-488e-b523-65b2c8b6bb38.jpg\",\"datePublished\":\"2020-05-28T17:25:24+00:00\",\"dateModified\":\"2020-05-28T17:25:26+00:00\",\"breadcrumb\":{\"@id\":\"https:\\\/\\\/diarioprincipios.com\\\/index.php\\\/2020\\\/05\\\/28\\\/ferraresi-acompano-al-gobernador-axel-kicillof-en-su-recorrida-por-villa-azul\\\/#breadcrumb\"},\"inLanguage\":\"es\",\"potentialAction\":[{\"@type\":\"ReadAction\",\"target\":[\"https:\\\/\\\/diarioprincipios.com\\\/index.php\\\/2020\\\/05\\\/28\\\/ferraresi-acompano-al-gobernador-axel-kicillof-en-su-recorrida-por-villa-azul\\\/\"]}]},{\"@type\":\"ImageObject\",\"inLanguage\":\"es\",\"@id\":\"https:\\\/\\\/diarioprincipios.com\\\/index.php\\\/2020\\\/05\\\/28\\\/ferraresi-acompano-al-gobernador-axel-kicillof-en-su-recorrida-por-villa-azul\\\/#primaryimage\",\"url\":\"https:\\\/\\\/diarioprincipios.com\\\/wp-content\\\/uploads\\\/2020\\\/05\\\/02cd8071-b9a9-488e-b523-65b2c8b6bb38.jpg\",\"contentUrl\":\"https:\\\/\\\/diarioprincipios.com\\\/wp-content\\\/uploads\\\/2020\\\/05\\\/02cd8071-b9a9-488e-b523-65b2c8b6bb38.jpg\",\"width\":1116,\"height\":744},{\"@type\":\"BreadcrumbList\",\"@id\":\"https:\\\/\\\/diarioprincipios.com\\\/index.php\\\/2020\\\/05\\\/28\\\/ferraresi-acompano-al-gobernador-axel-kicillof-en-su-recorrida-por-villa-azul\\\/#breadcrumb\",\"itemListElement\":[{\"@type\":\"ListItem\",\"position\":1,\"name\":\"Portada\",\"item\":\"https:\\\/\\\/diarioprincipios.com\\\/\"},{\"@type\":\"ListItem\",\"position\":2,\"name\":\"Ferraresi acompa\u00f1\u00f3 al gobernador Axel Kicillof en su recorrida por Villa Azul\"}]},{\"@type\":\"WebSite\",\"@id\":\"https:\\\/\\\/diarioprincipios.com\\\/#website\",\"url\":\"https:\\\/\\\/diarioprincipios.com\\\/\",\"name\":\"Principios\",\"description\":\"Principios Diario\",\"publisher\":{\"@id\":\"https:\\\/\\\/diarioprincipios.com\\\/#organization\"},\"potentialAction\":[{\"@type\":\"SearchAction\",\"target\":{\"@type\":\"EntryPoint\",\"urlTemplate\":\"https:\\\/\\\/diarioprincipios.com\\\/?s={search_term_string}\"},\"query-input\":{\"@type\":\"PropertyValueSpecification\",\"valueRequired\":true,\"valueName\":\"search_term_string\"}}],\"inLanguage\":\"es\"},{\"@type\":\"Organization\",\"@id\":\"https:\\\/\\\/diarioprincipios.com\\\/#organization\",\"name\":\"Principios\",\"url\":\"https:\\\/\\\/diarioprincipios.com\\\/\",\"logo\":{\"@type\":\"ImageObject\",\"inLanguage\":\"es\",\"@id\":\"https:\\\/\\\/diarioprincipios.com\\\/#\\\/schema\\\/logo\\\/image\\\/\",\"url\":\"https:\\\/\\\/diarioprincipios.com\\\/wp-content\\\/uploads\\\/2024\\\/04\\\/cropped-www.diarioprincipios.com_-1.png\",\"contentUrl\":\"https:\\\/\\\/diarioprincipios.com\\\/wp-content\\\/uploads\\\/2024\\\/04\\\/cropped-www.diarioprincipios.com_-1.png\",\"width\":5325,\"height\":1454,\"caption\":\"Principios\"},\"image\":{\"@id\":\"https:\\\/\\\/diarioprincipios.com\\\/#\\\/schema\\\/logo\\\/image\\\/\"}},{\"@type\":\"Person\",\"@id\":\"https:\\\/\\\/diarioprincipios.com\\\/#\\\/schema\\\/person\\\/436d5a1fd41a5e250e23ff5a6a7cb080\",\"name\":\"Hern\u00e1n L\u00f3pez\",\"image\":{\"@type\":\"ImageObject\",\"inLanguage\":\"es\",\"@id\":\"https:\\\/\\\/diarioprincipios.com\\\/wp-content\\\/litespeed\\\/avatar\\\/11ddfe5610ff3bd100522525b2571f48.jpg?ver=1777048341\",\"url\":\"https:\\\/\\\/diarioprincipios.com\\\/wp-content\\\/litespeed\\\/avatar\\\/11ddfe5610ff3bd100522525b2571f48.jpg?ver=1777048341\",\"contentUrl\":\"https:\\\/\\\/diarioprincipios.com\\\/wp-content\\\/litespeed\\\/avatar\\\/11ddfe5610ff3bd100522525b2571f48.jpg?ver=1777048341\",\"caption\":\"Hern\u00e1n L\u00f3pez\"},\"url\":\"https:\\\/\\\/diarioprincipios.com\\\/index.php\\\/author\\\/hernan\\\/\"}]}<\/script>\n<!-- \/ Yoast SEO plugin. -->","yoast_head_json":{"title":"Ferraresi acompa\u00f1\u00f3 al gobernador Axel Kicillof en su recorrida por Villa Azul - Principios","robots":{"index":"index","follow":"follow","max-snippet":"max-snippet:-1","max-image-preview":"max-image-preview:large","max-video-preview":"max-video-preview:-1"},"canonical":"https:\/\/diarioprincipios.com\/index.php\/2020\/05\/28\/ferraresi-acompano-al-gobernador-axel-kicillof-en-su-recorrida-por-villa-azul\/","og_locale":"es_ES","og_type":"article","og_title":"Ferraresi acompa\u00f1\u00f3 al gobernador Axel Kicillof en su recorrida por Villa Azul - Principios","og_description":"El intendente de Avellaneda, Jorge Ferraresi, acompa\u00f1\u00f3 al Gobernador de la Provincia de Buenos Aires, Axel Kicillof en una visita a Villa Azul. Junto a su par de Quilmes, Mayra Mendoza, recorrieron el barrio, conversaron con vecinos y analizaron las diferentes estrategias sanitarias y de urbanizaci\u00f3n. Durante la jornada ambos jefes comunales, acompa\u00f1ados por el...","og_url":"https:\/\/diarioprincipios.com\/index.php\/2020\/05\/28\/ferraresi-acompano-al-gobernador-axel-kicillof-en-su-recorrida-por-villa-azul\/","og_site_name":"Principios","article_published_time":"2020-05-28T17:25:24+00:00","article_modified_time":"2020-05-28T17:25:26+00:00","og_image":[{"width":1116,"height":744,"url":"https:\/\/diarioprincipios.com\/wp-content\/uploads\/2020\/05\/02cd8071-b9a9-488e-b523-65b2c8b6bb38.jpg","type":"image\/jpeg"}],"author":"Hern\u00e1n L\u00f3pez","twitter_card":"summary_large_image","twitter_misc":{"Escrito por":"Hern\u00e1n L\u00f3pez","Tiempo de lectura":"1 minuto"},"schema":{"@context":"https:\/\/schema.org","@graph":[{"@type":"Article","@id":"https:\/\/diarioprincipios.com\/index.php\/2020\/05\/28\/ferraresi-acompano-al-gobernador-axel-kicillof-en-su-recorrida-por-villa-azul\/#article","isPartOf":{"@id":"https:\/\/diarioprincipios.com\/index.php\/2020\/05\/28\/ferraresi-acompano-al-gobernador-axel-kicillof-en-su-recorrida-por-villa-azul\/"},"author":{"name":"Hern\u00e1n L\u00f3pez","@id":"https:\/\/diarioprincipios.com\/#\/schema\/person\/436d5a1fd41a5e250e23ff5a6a7cb080"},"headline":"Ferraresi acompa\u00f1\u00f3 al gobernador Axel Kicillof en su recorrida por Villa Azul","datePublished":"2020-05-28T17:25:24+00:00","dateModified":"2020-05-28T17:25:26+00:00","mainEntityOfPage":{"@id":"https:\/\/diarioprincipios.com\/index.php\/2020\/05\/28\/ferraresi-acompano-al-gobernador-axel-kicillof-en-su-recorrida-por-villa-azul\/"},"wordCount":191,"commentCount":0,"publisher":{"@id":"https:\/\/diarioprincipios.com\/#organization"},"image":{"@id":"https:\/\/diarioprincipios.com\/index.php\/2020\/05\/28\/ferraresi-acompano-al-gobernador-axel-kicillof-en-su-recorrida-por-villa-azul\/#primaryimage"},"thumbnailUrl":"https:\/\/diarioprincipios.com\/wp-content\/uploads\/2020\/05\/02cd8071-b9a9-488e-b523-65b2c8b6bb38.jpg","articleSection":["Avellaneda"],"inLanguage":"es","potentialAction":[{"@type":"CommentAction","name":"Comment","target":["https:\/\/diarioprincipios.com\/index.php\/2020\/05\/28\/ferraresi-acompano-al-gobernador-axel-kicillof-en-su-recorrida-por-villa-azul\/#respond"]}]},{"@type":"WebPage","@id":"https:\/\/diarioprincipios.com\/index.php\/2020\/05\/28\/ferraresi-acompano-al-gobernador-axel-kicillof-en-su-recorrida-por-villa-azul\/","url":"https:\/\/diarioprincipios.com\/index.php\/2020\/05\/28\/ferraresi-acompano-al-gobernador-axel-kicillof-en-su-recorrida-por-villa-azul\/","name":"Ferraresi acompa\u00f1\u00f3 al gobernador Axel Kicillof en su recorrida por Villa Azul - Principios","isPartOf":{"@id":"https:\/\/diarioprincipios.com\/#website"},"primaryImageOfPage":{"@id":"https:\/\/diarioprincipios.com\/index.php\/2020\/05\/28\/ferraresi-acompano-al-gobernador-axel-kicillof-en-su-recorrida-por-villa-azul\/#primaryimage"},"image":{"@id":"https:\/\/diarioprincipios.com\/index.php\/2020\/05\/28\/ferraresi-acompano-al-gobernador-axel-kicillof-en-su-recorrida-por-villa-azul\/#primaryimage"},"thumbnailUrl":"https:\/\/diarioprincipios.com\/wp-content\/uploads\/2020\/05\/02cd8071-b9a9-488e-b523-65b2c8b6bb38.jpg","datePublished":"2020-05-28T17:25:24+00:00","dateModified":"2020-05-28T17:25:26+00:00","breadcrumb":{"@id":"https:\/\/diarioprincipios.com\/index.php\/2020\/05\/28\/ferraresi-acompano-al-gobernador-axel-kicillof-en-su-recorrida-por-villa-azul\/#breadcrumb"},"inLanguage":"es","potentialAction":[{"@type":"ReadAction","target":["https:\/\/diarioprincipios.com\/index.php\/2020\/05\/28\/ferraresi-acompano-al-gobernador-axel-kicillof-en-su-recorrida-por-villa-azul\/"]}]},{"@type":"ImageObject","inLanguage":"es","@id":"https:\/\/diarioprincipios.com\/index.php\/2020\/05\/28\/ferraresi-acompano-al-gobernador-axel-kicillof-en-su-recorrida-por-villa-azul\/#primaryimage","url":"https:\/\/diarioprincipios.com\/wp-content\/uploads\/2020\/05\/02cd8071-b9a9-488e-b523-65b2c8b6bb38.jpg","contentUrl":"https:\/\/diarioprincipios.com\/wp-content\/uploads\/2020\/05\/02cd8071-b9a9-488e-b523-65b2c8b6bb38.jpg","width":1116,"height":744},{"@type":"BreadcrumbList","@id":"https:\/\/diarioprincipios.com\/index.php\/2020\/05\/28\/ferraresi-acompano-al-gobernador-axel-kicillof-en-su-recorrida-por-villa-azul\/#breadcrumb","itemListElement":[{"@type":"ListItem","position":1,"name":"Portada","item":"https:\/\/diarioprincipios.com\/"},{"@type":"ListItem","position":2,"name":"Ferraresi acompa\u00f1\u00f3 al gobernador Axel Kicillof en su recorrida por Villa Azul"}]},{"@type":"WebSite","@id":"https:\/\/diarioprincipios.com\/#website","url":"https:\/\/diarioprincipios.com\/","name":"Principios","description":"Principios Diario","publisher":{"@id":"https:\/\/diarioprincipios.com\/#organization"},"potentialAction":[{"@type":"SearchAction","target":{"@type":"EntryPoint","urlTemplate":"https:\/\/diarioprincipios.com\/?s={search_term_string}"},"query-input":{"@type":"PropertyValueSpecification","valueRequired":true,"valueName":"search_term_string"}}],"inLanguage":"es"},{"@type":"Organization","@id":"https:\/\/diarioprincipios.com\/#organization","name":"Principios","url":"https:\/\/diarioprincipios.com\/","logo":{"@type":"ImageObject","inLanguage":"es","@id":"https:\/\/diarioprincipios.com\/#\/schema\/logo\/image\/","url":"https:\/\/diarioprincipios.com\/wp-content\/uploads\/2024\/04\/cropped-www.diarioprincipios.com_-1.png","contentUrl":"https:\/\/diarioprincipios.com\/wp-content\/uploads\/2024\/04\/cropped-www.diarioprincipios.com_-1.png","width":5325,"height":1454,"caption":"Principios"},"image":{"@id":"https:\/\/diarioprincipios.com\/#\/schema\/logo\/image\/"}},{"@type":"Person","@id":"https:\/\/diarioprincipios.com\/#\/schema\/person\/436d5a1fd41a5e250e23ff5a6a7cb080","name":"Hern\u00e1n L\u00f3pez","image":{"@type":"ImageObject","inLanguage":"es","@id":"https:\/\/diarioprincipios.com\/wp-content\/litespeed\/avatar\/11ddfe5610ff3bd100522525b2571f48.jpg?ver=1777048341","url":"https:\/\/diarioprincipios.com\/wp-content\/litespeed\/avatar\/11ddfe5610ff3bd100522525b2571f48.jpg?ver=1777048341","contentUrl":"https:\/\/diarioprincipios.com\/wp-content\/litespeed\/avatar\/11ddfe5610ff3bd100522525b2571f48.jpg?ver=1777048341","caption":"Hern\u00e1n L\u00f3pez"},"url":"https:\/\/diarioprincipios.com\/index.php\/author\/hernan\/"}]}},"jetpack_featured_media_url":"https:\/\/diarioprincipios.com\/wp-content\/uploads\/2020\/05\/02cd8071-b9a9-488e-b523-65b2c8b6bb38.jpg","_links":{"self":[{"href":"https:\/\/diarioprincipios.com\/index.php\/wp-json\/wp\/v2\/posts\/2235","targetHints":{"allow":["GET"]}}],"collection":[{"href":"https:\/\/diarioprincipios.com\/index.php\/wp-json\/wp\/v2\/posts"}],"about":[{"href":"https:\/\/diarioprincipios.com\/index.php\/wp-json\/wp\/v2\/types\/post"}],"author":[{"embeddable":true,"href":"https:\/\/diarioprincipios.com\/index.php\/wp-json\/wp\/v2\/users\/2"}],"replies":[{"embeddable":true,"href":"https:\/\/diarioprincipios.com\/index.php\/wp-json\/wp\/v2\/comments?post=2235"}],"version-history":[{"count":1,"href":"https:\/\/diarioprincipios.com\/index.php\/wp-json\/wp\/v2\/posts\/2235\/revisions"}],"predecessor-version":[{"id":2237,"href":"https:\/\/diarioprincipios.com\/index.php\/wp-json\/wp\/v2\/posts\/2235\/revisions\/2237"}],"wp:featuredmedia":[{"embeddable":true,"href":"https:\/\/diarioprincipios.com\/index.php\/wp-json\/wp\/v2\/media\/2236"}],"wp:attachment":[{"href":"https:\/\/diarioprincipios.com\/index.php\/wp-json\/wp\/v2\/media?parent=2235"}],"wp:term":[{"taxonomy":"category","embeddable":true,"href":"https:\/\/diarioprincipios.com\/index.php\/wp-json\/wp\/v2\/categories?post=2235"},{"taxonomy":"post_tag","embeddable":true,"href":"https:\/\/diarioprincipios.com\/index.php\/wp-json\/wp\/v2\/tags?post=2235"}],"curies":[{"name":"wp","href":"https:\/\/api.w.org\/{rel}","templated":true}]}}