{"id":22276,"date":"2024-07-03T10:40:12","date_gmt":"2024-07-03T13:40:12","guid":{"rendered":"http:\/\/diarioprincipios.com\/?p=22276"},"modified":"2024-07-03T10:40:14","modified_gmt":"2024-07-03T13:40:14","slug":"mussi-en-el-acto-por-el-50-aniversario-del-paso-a-la-inmortalidad-de-peron","status":"publish","type":"post","link":"https:\/\/diarioprincipios.com\/index.php\/2024\/07\/03\/mussi-en-el-acto-por-el-50-aniversario-del-paso-a-la-inmortalidad-de-peron\/","title":{"rendered":"Mussi en el Acto por el 50\u00b0 Aniversario del Paso a la Inmortalidad de Per\u00f3n"},"content":{"rendered":"\n<p><strong>Se realiz\u00f3 un acto en conmemoraci\u00f3n del 50\u00b0 aniversario del Paso a la Inmortalidad del expresidente Juan Domingo Per\u00f3n. El encuentro fue encabezado por el gobernador de la provincia de Buenos Aires, Axel Kicillof, y cont\u00f3 con la presencia del presidente del Consejo del Partido Justicialista e intendente de Berazategui, Juan Jos\u00e9 Mussi.<\/strong><br>El acto se llev\u00f3 a cabo en el Museo Hist\u00f3rico Provincial \u201c17 de Octubre\u201d-Quinta San Vicente, donde tambi\u00e9n se inauguraron obras de puesta en valor. Acompa\u00f1aron al Gobernador, la vicegobernadora bonaerense, Ver\u00f3nica Magario; el mandatario de La Rioja, Ricardo Quintela; y la senadora nacional por Catamarca, Luc\u00eda Corpacci.<\/p>\n\n\n\n<figure class=\"wp-block-image size-large\"><img loading=\"lazy\" decoding=\"async\" width=\"1024\" height=\"682\" src=\"https:\/\/diarioprincipios.com\/wp-content\/uploads\/2024\/07\/MUSSI-EN-EL-ACTO-POR-EL-50\u00b0-ANIVERSARIO-DEL-PASO-A-LA-INMORTALIDAD-DE-PERON-1-2-1024x682.jpg\" alt=\"\" class=\"wp-image-22277\" srcset=\"https:\/\/diarioprincipios.com\/wp-content\/uploads\/2024\/07\/MUSSI-EN-EL-ACTO-POR-EL-50\u00b0-ANIVERSARIO-DEL-PASO-A-LA-INMORTALIDAD-DE-PERON-1-2-1024x682.jpg 1024w, https:\/\/diarioprincipios.com\/wp-content\/uploads\/2024\/07\/MUSSI-EN-EL-ACTO-POR-EL-50\u00b0-ANIVERSARIO-DEL-PASO-A-LA-INMORTALIDAD-DE-PERON-1-2-300x200.jpg 300w, https:\/\/diarioprincipios.com\/wp-content\/uploads\/2024\/07\/MUSSI-EN-EL-ACTO-POR-EL-50\u00b0-ANIVERSARIO-DEL-PASO-A-LA-INMORTALIDAD-DE-PERON-1-2-768x512.jpg 768w, https:\/\/diarioprincipios.com\/wp-content\/uploads\/2024\/07\/MUSSI-EN-EL-ACTO-POR-EL-50\u00b0-ANIVERSARIO-DEL-PASO-A-LA-INMORTALIDAD-DE-PERON-1-2-820x545.jpg 820w, https:\/\/diarioprincipios.com\/wp-content\/uploads\/2024\/07\/MUSSI-EN-EL-ACTO-POR-EL-50\u00b0-ANIVERSARIO-DEL-PASO-A-LA-INMORTALIDAD-DE-PERON-1-2-600x400.jpg 600w, https:\/\/diarioprincipios.com\/wp-content\/uploads\/2024\/07\/MUSSI-EN-EL-ACTO-POR-EL-50\u00b0-ANIVERSARIO-DEL-PASO-A-LA-INMORTALIDAD-DE-PERON-1-2.jpg 1280w\" sizes=\"auto, (max-width: 1024px) 100vw, 1024px\" \/><\/figure>\n\n\n\n<p><br>Ante un gran marco, Kicillof asegur\u00f3: \u201cHoy, una multitud nos dimos cita para homenajear a Per\u00f3n, para reafirmar la vigencia de sus ideas y sostener que, frente al actual experimento anarco-capitalista que tanto da\u00f1o le est\u00e1 haciendo a nuestro pueblo, la alternativa se llama peronismo. Algunos pensar\u00e1n que estamos ac\u00e1 para recordar el pasado, pero se equivocan: si vinimos tantos y tantas es porque estamos para construir el futuro. Durante 50 a\u00f1os quisieron dar por muerto el legado de Per\u00f3n. Pero el peronismo sigue de pie y va derecho al futuro para construir una Patria justa, libre y soberana\u201d.<br>Luego del acto, Mussi indic\u00f3: \u201cSe cumplieron 50 a\u00f1os del paso a la inmortalidad del General Juan Domingo Per\u00f3n y, en su memoria, estuvimos en esta Quinta, donde con nuestro Gobernador Axel Kicillof se inauguraron las obras de restauraci\u00f3n que se hicieron en la casa y en el hospedaje de hu\u00e9spedes. Este es un lugar muy especial para todos los y las peronistas porque fue, nada m\u00e1s y nada menos, la casa de Per\u00f3n. Hoy lo homenajeamos, reivindicando el legado que nos dej\u00f3 que fue la b\u00fasqueda de una Argentina m\u00e1s justa y soberana, que es por lo que seguimos luchando y trabajando todos los d\u00edas\u00bb.<br>Tambi\u00e9n se congregaron intendentes peronistas, diputados y senadores nacionales y provinciales, concejales, Organismos de Derechos Humanos, adem\u00e1s de referentes sociales y gremiales.<\/p>\n","protected":false},"excerpt":{"rendered":"<p>Se realiz\u00f3 un acto en conmemoraci\u00f3n del 50\u00b0 aniversario del Paso a la Inmortalidad del expresidente Juan Domingo Per\u00f3n. El encuentro fue encabezado por el gobernador de la provincia de Buenos Aires, Axel Kicillof, y cont\u00f3 con la presencia del presidente del Consejo del Partido Justicialista e intendente de Berazategui, Juan Jos\u00e9 Mussi.El acto se&#8230;<\/p>\n","protected":false},"author":2,"featured_media":22278,"comment_status":"open","ping_status":"open","sticky":false,"template":"","format":"standard","meta":{"footnotes":""},"categories":[3,7],"tags":[],"class_list":["post-22276","post","type-post","status-publish","format-standard","has-post-thumbnail","hentry","category-berazategui","category-provincia"],"featured_image_src":"https:\/\/diarioprincipios.com\/wp-content\/uploads\/2024\/07\/MUSSI-EN-EL-ACTO-POR-EL-50\u00b0-ANIVERSARIO-DEL-PASO-A-LA-INMORTALIDAD-DE-PERON-1-1-1024x682.jpg","blog_images":{"medium":"https:\/\/diarioprincipios.com\/wp-content\/uploads\/2024\/07\/MUSSI-EN-EL-ACTO-POR-EL-50\u00b0-ANIVERSARIO-DEL-PASO-A-LA-INMORTALIDAD-DE-PERON-1-1-300x200.jpg","large":"https:\/\/diarioprincipios.com\/wp-content\/uploads\/2024\/07\/MUSSI-EN-EL-ACTO-POR-EL-50\u00b0-ANIVERSARIO-DEL-PASO-A-LA-INMORTALIDAD-DE-PERON-1-1-1024x682.jpg"},"ams_acf":[],"yoast_head":"<!-- This site is optimized with the Yoast SEO plugin v27.3 - https:\/\/yoast.com\/product\/yoast-seo-wordpress\/ -->\n<title>Mussi en el Acto por el 50\u00b0 Aniversario del Paso a la Inmortalidad de Per\u00f3n - Principios<\/title>\n<meta name=\"robots\" content=\"index, follow, max-snippet:-1, max-image-preview:large, max-video-preview:-1\" \/>\n<link rel=\"canonical\" href=\"https:\/\/diarioprincipios.com\/index.php\/2024\/07\/03\/mussi-en-el-acto-por-el-50-aniversario-del-paso-a-la-inmortalidad-de-peron\/\" \/>\n<meta property=\"og:locale\" content=\"es_ES\" \/>\n<meta property=\"og:type\" content=\"article\" \/>\n<meta property=\"og:title\" content=\"Mussi en el Acto por el 50\u00b0 Aniversario del Paso a la Inmortalidad de Per\u00f3n - Principios\" \/>\n<meta property=\"og:description\" content=\"Se realiz\u00f3 un acto en conmemoraci\u00f3n del 50\u00b0 aniversario del Paso a la Inmortalidad del expresidente Juan Domingo Per\u00f3n. El encuentro fue encabezado por el gobernador de la provincia de Buenos Aires, Axel Kicillof, y cont\u00f3 con la presencia del presidente del Consejo del Partido Justicialista e intendente de Berazategui, Juan Jos\u00e9 Mussi.El acto se...\" \/>\n<meta property=\"og:url\" content=\"https:\/\/diarioprincipios.com\/index.php\/2024\/07\/03\/mussi-en-el-acto-por-el-50-aniversario-del-paso-a-la-inmortalidad-de-peron\/\" \/>\n<meta property=\"og:site_name\" content=\"Principios\" \/>\n<meta property=\"article:published_time\" content=\"2024-07-03T13:40:12+00:00\" \/>\n<meta property=\"article:modified_time\" content=\"2024-07-03T13:40:14+00:00\" \/>\n<meta property=\"og:image\" content=\"https:\/\/diarioprincipios.com\/wp-content\/uploads\/2024\/07\/MUSSI-EN-EL-ACTO-POR-EL-50\u00b0-ANIVERSARIO-DEL-PASO-A-LA-INMORTALIDAD-DE-PERON-1-1.jpg\" \/>\n\t<meta property=\"og:image:width\" content=\"1600\" \/>\n\t<meta property=\"og:image:height\" content=\"1066\" \/>\n\t<meta property=\"og:image:type\" content=\"image\/jpeg\" \/>\n<meta name=\"author\" content=\"Hern\u00e1n L\u00f3pez\" \/>\n<meta name=\"twitter:card\" content=\"summary_large_image\" \/>\n<meta name=\"twitter:label1\" content=\"Escrito por\" \/>\n\t<meta name=\"twitter:data1\" content=\"Hern\u00e1n L\u00f3pez\" \/>\n\t<meta name=\"twitter:label2\" content=\"Tiempo de lectura\" \/>\n\t<meta name=\"twitter:data2\" content=\"2 minutos\" \/>\n<script type=\"application\/ld+json\" class=\"yoast-schema-graph\">{\"@context\":\"https:\\\/\\\/schema.org\",\"@graph\":[{\"@type\":\"Article\",\"@id\":\"https:\\\/\\\/diarioprincipios.com\\\/index.php\\\/2024\\\/07\\\/03\\\/mussi-en-el-acto-por-el-50-aniversario-del-paso-a-la-inmortalidad-de-peron\\\/#article\",\"isPartOf\":{\"@id\":\"https:\\\/\\\/diarioprincipios.com\\\/index.php\\\/2024\\\/07\\\/03\\\/mussi-en-el-acto-por-el-50-aniversario-del-paso-a-la-inmortalidad-de-peron\\\/\"},\"author\":{\"name\":\"Hern\u00e1n L\u00f3pez\",\"@id\":\"https:\\\/\\\/diarioprincipios.com\\\/#\\\/schema\\\/person\\\/436d5a1fd41a5e250e23ff5a6a7cb080\"},\"headline\":\"Mussi en el Acto por el 50\u00b0 Aniversario del Paso a la Inmortalidad de Per\u00f3n\",\"datePublished\":\"2024-07-03T13:40:12+00:00\",\"dateModified\":\"2024-07-03T13:40:14+00:00\",\"mainEntityOfPage\":{\"@id\":\"https:\\\/\\\/diarioprincipios.com\\\/index.php\\\/2024\\\/07\\\/03\\\/mussi-en-el-acto-por-el-50-aniversario-del-paso-a-la-inmortalidad-de-peron\\\/\"},\"wordCount\":363,\"commentCount\":0,\"publisher\":{\"@id\":\"https:\\\/\\\/diarioprincipios.com\\\/#organization\"},\"image\":{\"@id\":\"https:\\\/\\\/diarioprincipios.com\\\/index.php\\\/2024\\\/07\\\/03\\\/mussi-en-el-acto-por-el-50-aniversario-del-paso-a-la-inmortalidad-de-peron\\\/#primaryimage\"},\"thumbnailUrl\":\"https:\\\/\\\/diarioprincipios.com\\\/wp-content\\\/uploads\\\/2024\\\/07\\\/MUSSI-EN-EL-ACTO-POR-EL-50\u00b0-ANIVERSARIO-DEL-PASO-A-LA-INMORTALIDAD-DE-PERON-1-1.jpg\",\"articleSection\":[\"Berazategui\",\"Provincia\"],\"inLanguage\":\"es\",\"potentialAction\":[{\"@type\":\"CommentAction\",\"name\":\"Comment\",\"target\":[\"https:\\\/\\\/diarioprincipios.com\\\/index.php\\\/2024\\\/07\\\/03\\\/mussi-en-el-acto-por-el-50-aniversario-del-paso-a-la-inmortalidad-de-peron\\\/#respond\"]}]},{\"@type\":\"WebPage\",\"@id\":\"https:\\\/\\\/diarioprincipios.com\\\/index.php\\\/2024\\\/07\\\/03\\\/mussi-en-el-acto-por-el-50-aniversario-del-paso-a-la-inmortalidad-de-peron\\\/\",\"url\":\"https:\\\/\\\/diarioprincipios.com\\\/index.php\\\/2024\\\/07\\\/03\\\/mussi-en-el-acto-por-el-50-aniversario-del-paso-a-la-inmortalidad-de-peron\\\/\",\"name\":\"Mussi en el Acto por el 50\u00b0 Aniversario del Paso a la Inmortalidad de Per\u00f3n - Principios\",\"isPartOf\":{\"@id\":\"https:\\\/\\\/diarioprincipios.com\\\/#website\"},\"primaryImageOfPage\":{\"@id\":\"https:\\\/\\\/diarioprincipios.com\\\/index.php\\\/2024\\\/07\\\/03\\\/mussi-en-el-acto-por-el-50-aniversario-del-paso-a-la-inmortalidad-de-peron\\\/#primaryimage\"},\"image\":{\"@id\":\"https:\\\/\\\/diarioprincipios.com\\\/index.php\\\/2024\\\/07\\\/03\\\/mussi-en-el-acto-por-el-50-aniversario-del-paso-a-la-inmortalidad-de-peron\\\/#primaryimage\"},\"thumbnailUrl\":\"https:\\\/\\\/diarioprincipios.com\\\/wp-content\\\/uploads\\\/2024\\\/07\\\/MUSSI-EN-EL-ACTO-POR-EL-50\u00b0-ANIVERSARIO-DEL-PASO-A-LA-INMORTALIDAD-DE-PERON-1-1.jpg\",\"datePublished\":\"2024-07-03T13:40:12+00:00\",\"dateModified\":\"2024-07-03T13:40:14+00:00\",\"breadcrumb\":{\"@id\":\"https:\\\/\\\/diarioprincipios.com\\\/index.php\\\/2024\\\/07\\\/03\\\/mussi-en-el-acto-por-el-50-aniversario-del-paso-a-la-inmortalidad-de-peron\\\/#breadcrumb\"},\"inLanguage\":\"es\",\"potentialAction\":[{\"@type\":\"ReadAction\",\"target\":[\"https:\\\/\\\/diarioprincipios.com\\\/index.php\\\/2024\\\/07\\\/03\\\/mussi-en-el-acto-por-el-50-aniversario-del-paso-a-la-inmortalidad-de-peron\\\/\"]}]},{\"@type\":\"ImageObject\",\"inLanguage\":\"es\",\"@id\":\"https:\\\/\\\/diarioprincipios.com\\\/index.php\\\/2024\\\/07\\\/03\\\/mussi-en-el-acto-por-el-50-aniversario-del-paso-a-la-inmortalidad-de-peron\\\/#primaryimage\",\"url\":\"https:\\\/\\\/diarioprincipios.com\\\/wp-content\\\/uploads\\\/2024\\\/07\\\/MUSSI-EN-EL-ACTO-POR-EL-50\u00b0-ANIVERSARIO-DEL-PASO-A-LA-INMORTALIDAD-DE-PERON-1-1.jpg\",\"contentUrl\":\"https:\\\/\\\/diarioprincipios.com\\\/wp-content\\\/uploads\\\/2024\\\/07\\\/MUSSI-EN-EL-ACTO-POR-EL-50\u00b0-ANIVERSARIO-DEL-PASO-A-LA-INMORTALIDAD-DE-PERON-1-1.jpg\",\"width\":1600,\"height\":1066},{\"@type\":\"BreadcrumbList\",\"@id\":\"https:\\\/\\\/diarioprincipios.com\\\/index.php\\\/2024\\\/07\\\/03\\\/mussi-en-el-acto-por-el-50-aniversario-del-paso-a-la-inmortalidad-de-peron\\\/#breadcrumb\",\"itemListElement\":[{\"@type\":\"ListItem\",\"position\":1,\"name\":\"Portada\",\"item\":\"https:\\\/\\\/diarioprincipios.com\\\/\"},{\"@type\":\"ListItem\",\"position\":2,\"name\":\"Mussi en el Acto por el 50\u00b0 Aniversario del Paso a la Inmortalidad de Per\u00f3n\"}]},{\"@type\":\"WebSite\",\"@id\":\"https:\\\/\\\/diarioprincipios.com\\\/#website\",\"url\":\"https:\\\/\\\/diarioprincipios.com\\\/\",\"name\":\"Principios\",\"description\":\"Principios Diario\",\"publisher\":{\"@id\":\"https:\\\/\\\/diarioprincipios.com\\\/#organization\"},\"potentialAction\":[{\"@type\":\"SearchAction\",\"target\":{\"@type\":\"EntryPoint\",\"urlTemplate\":\"https:\\\/\\\/diarioprincipios.com\\\/?s={search_term_string}\"},\"query-input\":{\"@type\":\"PropertyValueSpecification\",\"valueRequired\":true,\"valueName\":\"search_term_string\"}}],\"inLanguage\":\"es\"},{\"@type\":\"Organization\",\"@id\":\"https:\\\/\\\/diarioprincipios.com\\\/#organization\",\"name\":\"Principios\",\"url\":\"https:\\\/\\\/diarioprincipios.com\\\/\",\"logo\":{\"@type\":\"ImageObject\",\"inLanguage\":\"es\",\"@id\":\"https:\\\/\\\/diarioprincipios.com\\\/#\\\/schema\\\/logo\\\/image\\\/\",\"url\":\"https:\\\/\\\/diarioprincipios.com\\\/wp-content\\\/uploads\\\/2024\\\/04\\\/cropped-www.diarioprincipios.com_-1.png\",\"contentUrl\":\"https:\\\/\\\/diarioprincipios.com\\\/wp-content\\\/uploads\\\/2024\\\/04\\\/cropped-www.diarioprincipios.com_-1.png\",\"width\":5325,\"height\":1454,\"caption\":\"Principios\"},\"image\":{\"@id\":\"https:\\\/\\\/diarioprincipios.com\\\/#\\\/schema\\\/logo\\\/image\\\/\"}},{\"@type\":\"Person\",\"@id\":\"https:\\\/\\\/diarioprincipios.com\\\/#\\\/schema\\\/person\\\/436d5a1fd41a5e250e23ff5a6a7cb080\",\"name\":\"Hern\u00e1n L\u00f3pez\",\"image\":{\"@type\":\"ImageObject\",\"inLanguage\":\"es\",\"@id\":\"https:\\\/\\\/diarioprincipios.com\\\/wp-content\\\/litespeed\\\/avatar\\\/11ddfe5610ff3bd100522525b2571f48.jpg?ver=1777653193\",\"url\":\"https:\\\/\\\/diarioprincipios.com\\\/wp-content\\\/litespeed\\\/avatar\\\/11ddfe5610ff3bd100522525b2571f48.jpg?ver=1777653193\",\"contentUrl\":\"https:\\\/\\\/diarioprincipios.com\\\/wp-content\\\/litespeed\\\/avatar\\\/11ddfe5610ff3bd100522525b2571f48.jpg?ver=1777653193\",\"caption\":\"Hern\u00e1n L\u00f3pez\"},\"url\":\"https:\\\/\\\/diarioprincipios.com\\\/index.php\\\/author\\\/hernan\\\/\"}]}<\/script>\n<!-- \/ Yoast SEO plugin. -->","yoast_head_json":{"title":"Mussi en el Acto por el 50\u00b0 Aniversario del Paso a la Inmortalidad de Per\u00f3n - Principios","robots":{"index":"index","follow":"follow","max-snippet":"max-snippet:-1","max-image-preview":"max-image-preview:large","max-video-preview":"max-video-preview:-1"},"canonical":"https:\/\/diarioprincipios.com\/index.php\/2024\/07\/03\/mussi-en-el-acto-por-el-50-aniversario-del-paso-a-la-inmortalidad-de-peron\/","og_locale":"es_ES","og_type":"article","og_title":"Mussi en el Acto por el 50\u00b0 Aniversario del Paso a la Inmortalidad de Per\u00f3n - Principios","og_description":"Se realiz\u00f3 un acto en conmemoraci\u00f3n del 50\u00b0 aniversario del Paso a la Inmortalidad del expresidente Juan Domingo Per\u00f3n. El encuentro fue encabezado por el gobernador de la provincia de Buenos Aires, Axel Kicillof, y cont\u00f3 con la presencia del presidente del Consejo del Partido Justicialista e intendente de Berazategui, Juan Jos\u00e9 Mussi.El acto se...","og_url":"https:\/\/diarioprincipios.com\/index.php\/2024\/07\/03\/mussi-en-el-acto-por-el-50-aniversario-del-paso-a-la-inmortalidad-de-peron\/","og_site_name":"Principios","article_published_time":"2024-07-03T13:40:12+00:00","article_modified_time":"2024-07-03T13:40:14+00:00","og_image":[{"width":1600,"height":1066,"url":"https:\/\/diarioprincipios.com\/wp-content\/uploads\/2024\/07\/MUSSI-EN-EL-ACTO-POR-EL-50\u00b0-ANIVERSARIO-DEL-PASO-A-LA-INMORTALIDAD-DE-PERON-1-1.jpg","type":"image\/jpeg"}],"author":"Hern\u00e1n L\u00f3pez","twitter_card":"summary_large_image","twitter_misc":{"Escrito por":"Hern\u00e1n L\u00f3pez","Tiempo de lectura":"2 minutos"},"schema":{"@context":"https:\/\/schema.org","@graph":[{"@type":"Article","@id":"https:\/\/diarioprincipios.com\/index.php\/2024\/07\/03\/mussi-en-el-acto-por-el-50-aniversario-del-paso-a-la-inmortalidad-de-peron\/#article","isPartOf":{"@id":"https:\/\/diarioprincipios.com\/index.php\/2024\/07\/03\/mussi-en-el-acto-por-el-50-aniversario-del-paso-a-la-inmortalidad-de-peron\/"},"author":{"name":"Hern\u00e1n L\u00f3pez","@id":"https:\/\/diarioprincipios.com\/#\/schema\/person\/436d5a1fd41a5e250e23ff5a6a7cb080"},"headline":"Mussi en el Acto por el 50\u00b0 Aniversario del Paso a la Inmortalidad de Per\u00f3n","datePublished":"2024-07-03T13:40:12+00:00","dateModified":"2024-07-03T13:40:14+00:00","mainEntityOfPage":{"@id":"https:\/\/diarioprincipios.com\/index.php\/2024\/07\/03\/mussi-en-el-acto-por-el-50-aniversario-del-paso-a-la-inmortalidad-de-peron\/"},"wordCount":363,"commentCount":0,"publisher":{"@id":"https:\/\/diarioprincipios.com\/#organization"},"image":{"@id":"https:\/\/diarioprincipios.com\/index.php\/2024\/07\/03\/mussi-en-el-acto-por-el-50-aniversario-del-paso-a-la-inmortalidad-de-peron\/#primaryimage"},"thumbnailUrl":"https:\/\/diarioprincipios.com\/wp-content\/uploads\/2024\/07\/MUSSI-EN-EL-ACTO-POR-EL-50\u00b0-ANIVERSARIO-DEL-PASO-A-LA-INMORTALIDAD-DE-PERON-1-1.jpg","articleSection":["Berazategui","Provincia"],"inLanguage":"es","potentialAction":[{"@type":"CommentAction","name":"Comment","target":["https:\/\/diarioprincipios.com\/index.php\/2024\/07\/03\/mussi-en-el-acto-por-el-50-aniversario-del-paso-a-la-inmortalidad-de-peron\/#respond"]}]},{"@type":"WebPage","@id":"https:\/\/diarioprincipios.com\/index.php\/2024\/07\/03\/mussi-en-el-acto-por-el-50-aniversario-del-paso-a-la-inmortalidad-de-peron\/","url":"https:\/\/diarioprincipios.com\/index.php\/2024\/07\/03\/mussi-en-el-acto-por-el-50-aniversario-del-paso-a-la-inmortalidad-de-peron\/","name":"Mussi en el Acto por el 50\u00b0 Aniversario del Paso a la Inmortalidad de Per\u00f3n - Principios","isPartOf":{"@id":"https:\/\/diarioprincipios.com\/#website"},"primaryImageOfPage":{"@id":"https:\/\/diarioprincipios.com\/index.php\/2024\/07\/03\/mussi-en-el-acto-por-el-50-aniversario-del-paso-a-la-inmortalidad-de-peron\/#primaryimage"},"image":{"@id":"https:\/\/diarioprincipios.com\/index.php\/2024\/07\/03\/mussi-en-el-acto-por-el-50-aniversario-del-paso-a-la-inmortalidad-de-peron\/#primaryimage"},"thumbnailUrl":"https:\/\/diarioprincipios.com\/wp-content\/uploads\/2024\/07\/MUSSI-EN-EL-ACTO-POR-EL-50\u00b0-ANIVERSARIO-DEL-PASO-A-LA-INMORTALIDAD-DE-PERON-1-1.jpg","datePublished":"2024-07-03T13:40:12+00:00","dateModified":"2024-07-03T13:40:14+00:00","breadcrumb":{"@id":"https:\/\/diarioprincipios.com\/index.php\/2024\/07\/03\/mussi-en-el-acto-por-el-50-aniversario-del-paso-a-la-inmortalidad-de-peron\/#breadcrumb"},"inLanguage":"es","potentialAction":[{"@type":"ReadAction","target":["https:\/\/diarioprincipios.com\/index.php\/2024\/07\/03\/mussi-en-el-acto-por-el-50-aniversario-del-paso-a-la-inmortalidad-de-peron\/"]}]},{"@type":"ImageObject","inLanguage":"es","@id":"https:\/\/diarioprincipios.com\/index.php\/2024\/07\/03\/mussi-en-el-acto-por-el-50-aniversario-del-paso-a-la-inmortalidad-de-peron\/#primaryimage","url":"https:\/\/diarioprincipios.com\/wp-content\/uploads\/2024\/07\/MUSSI-EN-EL-ACTO-POR-EL-50\u00b0-ANIVERSARIO-DEL-PASO-A-LA-INMORTALIDAD-DE-PERON-1-1.jpg","contentUrl":"https:\/\/diarioprincipios.com\/wp-content\/uploads\/2024\/07\/MUSSI-EN-EL-ACTO-POR-EL-50\u00b0-ANIVERSARIO-DEL-PASO-A-LA-INMORTALIDAD-DE-PERON-1-1.jpg","width":1600,"height":1066},{"@type":"BreadcrumbList","@id":"https:\/\/diarioprincipios.com\/index.php\/2024\/07\/03\/mussi-en-el-acto-por-el-50-aniversario-del-paso-a-la-inmortalidad-de-peron\/#breadcrumb","itemListElement":[{"@type":"ListItem","position":1,"name":"Portada","item":"https:\/\/diarioprincipios.com\/"},{"@type":"ListItem","position":2,"name":"Mussi en el Acto por el 50\u00b0 Aniversario del Paso a la Inmortalidad de Per\u00f3n"}]},{"@type":"WebSite","@id":"https:\/\/diarioprincipios.com\/#website","url":"https:\/\/diarioprincipios.com\/","name":"Principios","description":"Principios Diario","publisher":{"@id":"https:\/\/diarioprincipios.com\/#organization"},"potentialAction":[{"@type":"SearchAction","target":{"@type":"EntryPoint","urlTemplate":"https:\/\/diarioprincipios.com\/?s={search_term_string}"},"query-input":{"@type":"PropertyValueSpecification","valueRequired":true,"valueName":"search_term_string"}}],"inLanguage":"es"},{"@type":"Organization","@id":"https:\/\/diarioprincipios.com\/#organization","name":"Principios","url":"https:\/\/diarioprincipios.com\/","logo":{"@type":"ImageObject","inLanguage":"es","@id":"https:\/\/diarioprincipios.com\/#\/schema\/logo\/image\/","url":"https:\/\/diarioprincipios.com\/wp-content\/uploads\/2024\/04\/cropped-www.diarioprincipios.com_-1.png","contentUrl":"https:\/\/diarioprincipios.com\/wp-content\/uploads\/2024\/04\/cropped-www.diarioprincipios.com_-1.png","width":5325,"height":1454,"caption":"Principios"},"image":{"@id":"https:\/\/diarioprincipios.com\/#\/schema\/logo\/image\/"}},{"@type":"Person","@id":"https:\/\/diarioprincipios.com\/#\/schema\/person\/436d5a1fd41a5e250e23ff5a6a7cb080","name":"Hern\u00e1n L\u00f3pez","image":{"@type":"ImageObject","inLanguage":"es","@id":"https:\/\/diarioprincipios.com\/wp-content\/litespeed\/avatar\/11ddfe5610ff3bd100522525b2571f48.jpg?ver=1777653193","url":"https:\/\/diarioprincipios.com\/wp-content\/litespeed\/avatar\/11ddfe5610ff3bd100522525b2571f48.jpg?ver=1777653193","contentUrl":"https:\/\/diarioprincipios.com\/wp-content\/litespeed\/avatar\/11ddfe5610ff3bd100522525b2571f48.jpg?ver=1777653193","caption":"Hern\u00e1n L\u00f3pez"},"url":"https:\/\/diarioprincipios.com\/index.php\/author\/hernan\/"}]}},"jetpack_featured_media_url":"https:\/\/diarioprincipios.com\/wp-content\/uploads\/2024\/07\/MUSSI-EN-EL-ACTO-POR-EL-50\u00b0-ANIVERSARIO-DEL-PASO-A-LA-INMORTALIDAD-DE-PERON-1-1.jpg","_links":{"self":[{"href":"https:\/\/diarioprincipios.com\/index.php\/wp-json\/wp\/v2\/posts\/22276","targetHints":{"allow":["GET"]}}],"collection":[{"href":"https:\/\/diarioprincipios.com\/index.php\/wp-json\/wp\/v2\/posts"}],"about":[{"href":"https:\/\/diarioprincipios.com\/index.php\/wp-json\/wp\/v2\/types\/post"}],"author":[{"embeddable":true,"href":"https:\/\/diarioprincipios.com\/index.php\/wp-json\/wp\/v2\/users\/2"}],"replies":[{"embeddable":true,"href":"https:\/\/diarioprincipios.com\/index.php\/wp-json\/wp\/v2\/comments?post=22276"}],"version-history":[{"count":1,"href":"https:\/\/diarioprincipios.com\/index.php\/wp-json\/wp\/v2\/posts\/22276\/revisions"}],"predecessor-version":[{"id":22279,"href":"https:\/\/diarioprincipios.com\/index.php\/wp-json\/wp\/v2\/posts\/22276\/revisions\/22279"}],"wp:featuredmedia":[{"embeddable":true,"href":"https:\/\/diarioprincipios.com\/index.php\/wp-json\/wp\/v2\/media\/22278"}],"wp:attachment":[{"href":"https:\/\/diarioprincipios.com\/index.php\/wp-json\/wp\/v2\/media?parent=22276"}],"wp:term":[{"taxonomy":"category","embeddable":true,"href":"https:\/\/diarioprincipios.com\/index.php\/wp-json\/wp\/v2\/categories?post=22276"},{"taxonomy":"post_tag","embeddable":true,"href":"https:\/\/diarioprincipios.com\/index.php\/wp-json\/wp\/v2\/tags?post=22276"}],"curies":[{"name":"wp","href":"https:\/\/api.w.org\/{rel}","templated":true}]}}