{"id":22247,"date":"2024-07-02T12:16:43","date_gmt":"2024-07-02T15:16:43","guid":{"rendered":"http:\/\/diarioprincipios.com\/?p=22247"},"modified":"2024-07-02T12:16:46","modified_gmt":"2024-07-02T15:16:46","slug":"nuevo-consejo-provincial-de-vivienda-y-habitat","status":"publish","type":"post","link":"https:\/\/diarioprincipios.com\/index.php\/2024\/07\/02\/nuevo-consejo-provincial-de-vivienda-y-habitat\/","title":{"rendered":"Nuevo Consejo Provincial de Vivienda y H\u00e1bitat"},"content":{"rendered":"\n<p><strong>Se realiz\u00f3 el acto de lanzamiento del nuevo Consejo Provincial de Vivienda y H\u00e1bitat en un encuentro encabezado por los ministros bonaerenses de Gobierno, Carlos Bianco; Desarrollo de la Comunidad, Andr\u00e9s Larroque; H\u00e1bitat y Desarrollo Urbano, Silvina Batakis; y el jefe comunal de La Plata, Julio Alak; con la presencia del intendente de Berazategui, Juan Jos\u00e9 Mussi. La reuni\u00f3n se concret\u00f3 en el Centro Cultural Pasaje Dardo Rocha, en la ciudad de La Plata.<\/strong><\/p>\n\n\n\n<p>En ese marco, Bianco expres\u00f3: \u201cEn el debate tendremos que ver las distintas posiciones de las organizaciones sociales, los barrios populares, los desarrolladores de urbanizaciones cerradas, la Provincia y los municipios, para lograr un consenso que nos permita discutir estos temas en el \u00e1mbito legislativo el pr\u00f3ximo a\u00f1o\u201d.<\/p>\n\n\n\n<figure class=\"wp-block-image size-large\"><img loading=\"lazy\" decoding=\"async\" width=\"1024\" height=\"683\" src=\"https:\/\/diarioprincipios.com\/wp-content\/uploads\/2024\/07\/APERTURA-DEL-CONSEJO-PROVINCIAL-DE-VIVIENDA-Y-HABITAT-4-1024x683.jpg\" alt=\"\" class=\"wp-image-22248\" srcset=\"https:\/\/diarioprincipios.com\/wp-content\/uploads\/2024\/07\/APERTURA-DEL-CONSEJO-PROVINCIAL-DE-VIVIENDA-Y-HABITAT-4-1024x683.jpg 1024w, https:\/\/diarioprincipios.com\/wp-content\/uploads\/2024\/07\/APERTURA-DEL-CONSEJO-PROVINCIAL-DE-VIVIENDA-Y-HABITAT-4-300x200.jpg 300w, https:\/\/diarioprincipios.com\/wp-content\/uploads\/2024\/07\/APERTURA-DEL-CONSEJO-PROVINCIAL-DE-VIVIENDA-Y-HABITAT-4-768x512.jpg 768w, https:\/\/diarioprincipios.com\/wp-content\/uploads\/2024\/07\/APERTURA-DEL-CONSEJO-PROVINCIAL-DE-VIVIENDA-Y-HABITAT-4-1536x1024.jpg 1536w, https:\/\/diarioprincipios.com\/wp-content\/uploads\/2024\/07\/APERTURA-DEL-CONSEJO-PROVINCIAL-DE-VIVIENDA-Y-HABITAT-4-600x400.jpg 600w, https:\/\/diarioprincipios.com\/wp-content\/uploads\/2024\/07\/APERTURA-DEL-CONSEJO-PROVINCIAL-DE-VIVIENDA-Y-HABITAT-4.jpg 1920w\" sizes=\"auto, (max-width: 1024px) 100vw, 1024px\" \/><\/figure>\n\n\n\n<p>Por su parte, Mussi afirm\u00f3: \u201cNos reunimos con el objetivo de actualizar las normas que establecen el ordenamiento urbano y territorial; y tambi\u00e9n avanzar en el acceso justo al h\u00e1bitat de todos y todas\u201d. Adem\u00e1s, el Intendente asegur\u00f3: \u201cEsta es una muestra m\u00e1s de un Estado presente, encabezado por nuestro gobernador Axel Kicillof, quien sigue ayudando a cada vecino y vecina a mejorar su calidad de vida\u201d.<\/p>\n\n\n\n<figure class=\"wp-block-image size-large\"><img loading=\"lazy\" decoding=\"async\" width=\"1024\" height=\"683\" src=\"https:\/\/diarioprincipios.com\/wp-content\/uploads\/2024\/07\/APERTURA-DEL-CONSEJO-PROVINCIAL-DE-VIVIENDA-Y-HABITAT-1-1024x683.jpg\" alt=\"\" class=\"wp-image-22249\" srcset=\"https:\/\/diarioprincipios.com\/wp-content\/uploads\/2024\/07\/APERTURA-DEL-CONSEJO-PROVINCIAL-DE-VIVIENDA-Y-HABITAT-1-1024x683.jpg 1024w, https:\/\/diarioprincipios.com\/wp-content\/uploads\/2024\/07\/APERTURA-DEL-CONSEJO-PROVINCIAL-DE-VIVIENDA-Y-HABITAT-1-300x200.jpg 300w, https:\/\/diarioprincipios.com\/wp-content\/uploads\/2024\/07\/APERTURA-DEL-CONSEJO-PROVINCIAL-DE-VIVIENDA-Y-HABITAT-1-768x512.jpg 768w, https:\/\/diarioprincipios.com\/wp-content\/uploads\/2024\/07\/APERTURA-DEL-CONSEJO-PROVINCIAL-DE-VIVIENDA-Y-HABITAT-1-1536x1024.jpg 1536w, https:\/\/diarioprincipios.com\/wp-content\/uploads\/2024\/07\/APERTURA-DEL-CONSEJO-PROVINCIAL-DE-VIVIENDA-Y-HABITAT-1-600x400.jpg 600w, https:\/\/diarioprincipios.com\/wp-content\/uploads\/2024\/07\/APERTURA-DEL-CONSEJO-PROVINCIAL-DE-VIVIENDA-Y-HABITAT-1.jpg 1920w\" sizes=\"auto, (max-width: 1024px) 100vw, 1024px\" \/><\/figure>\n\n\n\n<p>Este nuevo Consejo trabajar\u00e1 en forma articulada con intendentes, legisladores, referentes sociales, representantes de universidades y colegios de profesionales, adem\u00e1s de integrantes del Gobierno provincial.<\/p>\n\n\n\n<p>Tambi\u00e9n particip\u00f3 la titular de la Agencia de Tierras y H\u00e1bitat de la Municipalidad de Berazategui, Cecilia Rold\u00e1n.<\/p>\n","protected":false},"excerpt":{"rendered":"<p>Se realiz\u00f3 el acto de lanzamiento del nuevo Consejo Provincial de Vivienda y H\u00e1bitat en un encuentro encabezado por los ministros bonaerenses de Gobierno, Carlos Bianco; Desarrollo de la Comunidad, Andr\u00e9s Larroque; H\u00e1bitat y Desarrollo Urbano, Silvina Batakis; y el jefe comunal de La Plata, Julio Alak; con la presencia del intendente de Berazategui, Juan&#8230;<\/p>\n","protected":false},"author":2,"featured_media":22250,"comment_status":"open","ping_status":"open","sticky":false,"template":"","format":"standard","meta":{"footnotes":""},"categories":[3,7],"tags":[],"class_list":["post-22247","post","type-post","status-publish","format-standard","has-post-thumbnail","hentry","category-berazategui","category-provincia"],"featured_image_src":"https:\/\/diarioprincipios.com\/wp-content\/uploads\/2024\/07\/APERTURA-DEL-CONSEJO-PROVINCIAL-DE-VIVIENDA-Y-HABITAT-3-1024x683.jpg","blog_images":{"medium":"https:\/\/diarioprincipios.com\/wp-content\/uploads\/2024\/07\/APERTURA-DEL-CONSEJO-PROVINCIAL-DE-VIVIENDA-Y-HABITAT-3-300x200.jpg","large":"https:\/\/diarioprincipios.com\/wp-content\/uploads\/2024\/07\/APERTURA-DEL-CONSEJO-PROVINCIAL-DE-VIVIENDA-Y-HABITAT-3-1024x683.jpg"},"ams_acf":[],"yoast_head":"<!-- This site is optimized with the Yoast SEO plugin v27.3 - https:\/\/yoast.com\/product\/yoast-seo-wordpress\/ -->\n<title>Nuevo Consejo Provincial de Vivienda y H\u00e1bitat - Principios<\/title>\n<meta name=\"robots\" content=\"index, follow, max-snippet:-1, max-image-preview:large, max-video-preview:-1\" \/>\n<link rel=\"canonical\" href=\"https:\/\/diarioprincipios.com\/index.php\/2024\/07\/02\/nuevo-consejo-provincial-de-vivienda-y-habitat\/\" \/>\n<meta property=\"og:locale\" content=\"es_ES\" \/>\n<meta property=\"og:type\" content=\"article\" \/>\n<meta property=\"og:title\" content=\"Nuevo Consejo Provincial de Vivienda y H\u00e1bitat - Principios\" \/>\n<meta property=\"og:description\" content=\"Se realiz\u00f3 el acto de lanzamiento del nuevo Consejo Provincial de Vivienda y H\u00e1bitat en un encuentro encabezado por los ministros bonaerenses de Gobierno, Carlos Bianco; Desarrollo de la Comunidad, Andr\u00e9s Larroque; H\u00e1bitat y Desarrollo Urbano, Silvina Batakis; y el jefe comunal de La Plata, Julio Alak; con la presencia del intendente de Berazategui, Juan...\" \/>\n<meta property=\"og:url\" content=\"https:\/\/diarioprincipios.com\/index.php\/2024\/07\/02\/nuevo-consejo-provincial-de-vivienda-y-habitat\/\" \/>\n<meta property=\"og:site_name\" content=\"Principios\" \/>\n<meta property=\"article:published_time\" content=\"2024-07-02T15:16:43+00:00\" \/>\n<meta property=\"article:modified_time\" content=\"2024-07-02T15:16:46+00:00\" \/>\n<meta property=\"og:image\" content=\"https:\/\/diarioprincipios.com\/wp-content\/uploads\/2024\/07\/APERTURA-DEL-CONSEJO-PROVINCIAL-DE-VIVIENDA-Y-HABITAT-3.jpg\" \/>\n\t<meta property=\"og:image:width\" content=\"1920\" \/>\n\t<meta property=\"og:image:height\" content=\"1280\" \/>\n\t<meta property=\"og:image:type\" content=\"image\/jpeg\" \/>\n<meta name=\"author\" content=\"Hern\u00e1n L\u00f3pez\" \/>\n<meta name=\"twitter:card\" content=\"summary_large_image\" \/>\n<meta name=\"twitter:label1\" content=\"Escrito por\" \/>\n\t<meta name=\"twitter:data1\" content=\"Hern\u00e1n L\u00f3pez\" \/>\n\t<meta name=\"twitter:label2\" content=\"Tiempo de lectura\" \/>\n\t<meta name=\"twitter:data2\" content=\"2 minutos\" \/>\n<script type=\"application\/ld+json\" class=\"yoast-schema-graph\">{\"@context\":\"https:\\\/\\\/schema.org\",\"@graph\":[{\"@type\":\"Article\",\"@id\":\"https:\\\/\\\/diarioprincipios.com\\\/index.php\\\/2024\\\/07\\\/02\\\/nuevo-consejo-provincial-de-vivienda-y-habitat\\\/#article\",\"isPartOf\":{\"@id\":\"https:\\\/\\\/diarioprincipios.com\\\/index.php\\\/2024\\\/07\\\/02\\\/nuevo-consejo-provincial-de-vivienda-y-habitat\\\/\"},\"author\":{\"name\":\"Hern\u00e1n L\u00f3pez\",\"@id\":\"https:\\\/\\\/diarioprincipios.com\\\/#\\\/schema\\\/person\\\/436d5a1fd41a5e250e23ff5a6a7cb080\"},\"headline\":\"Nuevo Consejo Provincial de Vivienda y H\u00e1bitat\",\"datePublished\":\"2024-07-02T15:16:43+00:00\",\"dateModified\":\"2024-07-02T15:16:46+00:00\",\"mainEntityOfPage\":{\"@id\":\"https:\\\/\\\/diarioprincipios.com\\\/index.php\\\/2024\\\/07\\\/02\\\/nuevo-consejo-provincial-de-vivienda-y-habitat\\\/\"},\"wordCount\":254,\"commentCount\":0,\"publisher\":{\"@id\":\"https:\\\/\\\/diarioprincipios.com\\\/#organization\"},\"image\":{\"@id\":\"https:\\\/\\\/diarioprincipios.com\\\/index.php\\\/2024\\\/07\\\/02\\\/nuevo-consejo-provincial-de-vivienda-y-habitat\\\/#primaryimage\"},\"thumbnailUrl\":\"https:\\\/\\\/diarioprincipios.com\\\/wp-content\\\/uploads\\\/2024\\\/07\\\/APERTURA-DEL-CONSEJO-PROVINCIAL-DE-VIVIENDA-Y-HABITAT-3.jpg\",\"articleSection\":[\"Berazategui\",\"Provincia\"],\"inLanguage\":\"es\",\"potentialAction\":[{\"@type\":\"CommentAction\",\"name\":\"Comment\",\"target\":[\"https:\\\/\\\/diarioprincipios.com\\\/index.php\\\/2024\\\/07\\\/02\\\/nuevo-consejo-provincial-de-vivienda-y-habitat\\\/#respond\"]}]},{\"@type\":\"WebPage\",\"@id\":\"https:\\\/\\\/diarioprincipios.com\\\/index.php\\\/2024\\\/07\\\/02\\\/nuevo-consejo-provincial-de-vivienda-y-habitat\\\/\",\"url\":\"https:\\\/\\\/diarioprincipios.com\\\/index.php\\\/2024\\\/07\\\/02\\\/nuevo-consejo-provincial-de-vivienda-y-habitat\\\/\",\"name\":\"Nuevo Consejo Provincial de Vivienda y H\u00e1bitat - Principios\",\"isPartOf\":{\"@id\":\"https:\\\/\\\/diarioprincipios.com\\\/#website\"},\"primaryImageOfPage\":{\"@id\":\"https:\\\/\\\/diarioprincipios.com\\\/index.php\\\/2024\\\/07\\\/02\\\/nuevo-consejo-provincial-de-vivienda-y-habitat\\\/#primaryimage\"},\"image\":{\"@id\":\"https:\\\/\\\/diarioprincipios.com\\\/index.php\\\/2024\\\/07\\\/02\\\/nuevo-consejo-provincial-de-vivienda-y-habitat\\\/#primaryimage\"},\"thumbnailUrl\":\"https:\\\/\\\/diarioprincipios.com\\\/wp-content\\\/uploads\\\/2024\\\/07\\\/APERTURA-DEL-CONSEJO-PROVINCIAL-DE-VIVIENDA-Y-HABITAT-3.jpg\",\"datePublished\":\"2024-07-02T15:16:43+00:00\",\"dateModified\":\"2024-07-02T15:16:46+00:00\",\"breadcrumb\":{\"@id\":\"https:\\\/\\\/diarioprincipios.com\\\/index.php\\\/2024\\\/07\\\/02\\\/nuevo-consejo-provincial-de-vivienda-y-habitat\\\/#breadcrumb\"},\"inLanguage\":\"es\",\"potentialAction\":[{\"@type\":\"ReadAction\",\"target\":[\"https:\\\/\\\/diarioprincipios.com\\\/index.php\\\/2024\\\/07\\\/02\\\/nuevo-consejo-provincial-de-vivienda-y-habitat\\\/\"]}]},{\"@type\":\"ImageObject\",\"inLanguage\":\"es\",\"@id\":\"https:\\\/\\\/diarioprincipios.com\\\/index.php\\\/2024\\\/07\\\/02\\\/nuevo-consejo-provincial-de-vivienda-y-habitat\\\/#primaryimage\",\"url\":\"https:\\\/\\\/diarioprincipios.com\\\/wp-content\\\/uploads\\\/2024\\\/07\\\/APERTURA-DEL-CONSEJO-PROVINCIAL-DE-VIVIENDA-Y-HABITAT-3.jpg\",\"contentUrl\":\"https:\\\/\\\/diarioprincipios.com\\\/wp-content\\\/uploads\\\/2024\\\/07\\\/APERTURA-DEL-CONSEJO-PROVINCIAL-DE-VIVIENDA-Y-HABITAT-3.jpg\",\"width\":1920,\"height\":1280},{\"@type\":\"BreadcrumbList\",\"@id\":\"https:\\\/\\\/diarioprincipios.com\\\/index.php\\\/2024\\\/07\\\/02\\\/nuevo-consejo-provincial-de-vivienda-y-habitat\\\/#breadcrumb\",\"itemListElement\":[{\"@type\":\"ListItem\",\"position\":1,\"name\":\"Portada\",\"item\":\"https:\\\/\\\/diarioprincipios.com\\\/\"},{\"@type\":\"ListItem\",\"position\":2,\"name\":\"Nuevo Consejo Provincial de Vivienda y H\u00e1bitat\"}]},{\"@type\":\"WebSite\",\"@id\":\"https:\\\/\\\/diarioprincipios.com\\\/#website\",\"url\":\"https:\\\/\\\/diarioprincipios.com\\\/\",\"name\":\"Principios\",\"description\":\"Principios Diario\",\"publisher\":{\"@id\":\"https:\\\/\\\/diarioprincipios.com\\\/#organization\"},\"potentialAction\":[{\"@type\":\"SearchAction\",\"target\":{\"@type\":\"EntryPoint\",\"urlTemplate\":\"https:\\\/\\\/diarioprincipios.com\\\/?s={search_term_string}\"},\"query-input\":{\"@type\":\"PropertyValueSpecification\",\"valueRequired\":true,\"valueName\":\"search_term_string\"}}],\"inLanguage\":\"es\"},{\"@type\":\"Organization\",\"@id\":\"https:\\\/\\\/diarioprincipios.com\\\/#organization\",\"name\":\"Principios\",\"url\":\"https:\\\/\\\/diarioprincipios.com\\\/\",\"logo\":{\"@type\":\"ImageObject\",\"inLanguage\":\"es\",\"@id\":\"https:\\\/\\\/diarioprincipios.com\\\/#\\\/schema\\\/logo\\\/image\\\/\",\"url\":\"https:\\\/\\\/diarioprincipios.com\\\/wp-content\\\/uploads\\\/2024\\\/04\\\/cropped-www.diarioprincipios.com_-1.png\",\"contentUrl\":\"https:\\\/\\\/diarioprincipios.com\\\/wp-content\\\/uploads\\\/2024\\\/04\\\/cropped-www.diarioprincipios.com_-1.png\",\"width\":5325,\"height\":1454,\"caption\":\"Principios\"},\"image\":{\"@id\":\"https:\\\/\\\/diarioprincipios.com\\\/#\\\/schema\\\/logo\\\/image\\\/\"}},{\"@type\":\"Person\",\"@id\":\"https:\\\/\\\/diarioprincipios.com\\\/#\\\/schema\\\/person\\\/436d5a1fd41a5e250e23ff5a6a7cb080\",\"name\":\"Hern\u00e1n L\u00f3pez\",\"image\":{\"@type\":\"ImageObject\",\"inLanguage\":\"es\",\"@id\":\"https:\\\/\\\/diarioprincipios.com\\\/wp-content\\\/litespeed\\\/avatar\\\/11ddfe5610ff3bd100522525b2571f48.jpg?ver=1777653193\",\"url\":\"https:\\\/\\\/diarioprincipios.com\\\/wp-content\\\/litespeed\\\/avatar\\\/11ddfe5610ff3bd100522525b2571f48.jpg?ver=1777653193\",\"contentUrl\":\"https:\\\/\\\/diarioprincipios.com\\\/wp-content\\\/litespeed\\\/avatar\\\/11ddfe5610ff3bd100522525b2571f48.jpg?ver=1777653193\",\"caption\":\"Hern\u00e1n L\u00f3pez\"},\"url\":\"https:\\\/\\\/diarioprincipios.com\\\/index.php\\\/author\\\/hernan\\\/\"}]}<\/script>\n<!-- \/ Yoast SEO plugin. -->","yoast_head_json":{"title":"Nuevo Consejo Provincial de Vivienda y H\u00e1bitat - Principios","robots":{"index":"index","follow":"follow","max-snippet":"max-snippet:-1","max-image-preview":"max-image-preview:large","max-video-preview":"max-video-preview:-1"},"canonical":"https:\/\/diarioprincipios.com\/index.php\/2024\/07\/02\/nuevo-consejo-provincial-de-vivienda-y-habitat\/","og_locale":"es_ES","og_type":"article","og_title":"Nuevo Consejo Provincial de Vivienda y H\u00e1bitat - Principios","og_description":"Se realiz\u00f3 el acto de lanzamiento del nuevo Consejo Provincial de Vivienda y H\u00e1bitat en un encuentro encabezado por los ministros bonaerenses de Gobierno, Carlos Bianco; Desarrollo de la Comunidad, Andr\u00e9s Larroque; H\u00e1bitat y Desarrollo Urbano, Silvina Batakis; y el jefe comunal de La Plata, Julio Alak; con la presencia del intendente de Berazategui, Juan...","og_url":"https:\/\/diarioprincipios.com\/index.php\/2024\/07\/02\/nuevo-consejo-provincial-de-vivienda-y-habitat\/","og_site_name":"Principios","article_published_time":"2024-07-02T15:16:43+00:00","article_modified_time":"2024-07-02T15:16:46+00:00","og_image":[{"width":1920,"height":1280,"url":"https:\/\/diarioprincipios.com\/wp-content\/uploads\/2024\/07\/APERTURA-DEL-CONSEJO-PROVINCIAL-DE-VIVIENDA-Y-HABITAT-3.jpg","type":"image\/jpeg"}],"author":"Hern\u00e1n L\u00f3pez","twitter_card":"summary_large_image","twitter_misc":{"Escrito por":"Hern\u00e1n L\u00f3pez","Tiempo de lectura":"2 minutos"},"schema":{"@context":"https:\/\/schema.org","@graph":[{"@type":"Article","@id":"https:\/\/diarioprincipios.com\/index.php\/2024\/07\/02\/nuevo-consejo-provincial-de-vivienda-y-habitat\/#article","isPartOf":{"@id":"https:\/\/diarioprincipios.com\/index.php\/2024\/07\/02\/nuevo-consejo-provincial-de-vivienda-y-habitat\/"},"author":{"name":"Hern\u00e1n L\u00f3pez","@id":"https:\/\/diarioprincipios.com\/#\/schema\/person\/436d5a1fd41a5e250e23ff5a6a7cb080"},"headline":"Nuevo Consejo Provincial de Vivienda y H\u00e1bitat","datePublished":"2024-07-02T15:16:43+00:00","dateModified":"2024-07-02T15:16:46+00:00","mainEntityOfPage":{"@id":"https:\/\/diarioprincipios.com\/index.php\/2024\/07\/02\/nuevo-consejo-provincial-de-vivienda-y-habitat\/"},"wordCount":254,"commentCount":0,"publisher":{"@id":"https:\/\/diarioprincipios.com\/#organization"},"image":{"@id":"https:\/\/diarioprincipios.com\/index.php\/2024\/07\/02\/nuevo-consejo-provincial-de-vivienda-y-habitat\/#primaryimage"},"thumbnailUrl":"https:\/\/diarioprincipios.com\/wp-content\/uploads\/2024\/07\/APERTURA-DEL-CONSEJO-PROVINCIAL-DE-VIVIENDA-Y-HABITAT-3.jpg","articleSection":["Berazategui","Provincia"],"inLanguage":"es","potentialAction":[{"@type":"CommentAction","name":"Comment","target":["https:\/\/diarioprincipios.com\/index.php\/2024\/07\/02\/nuevo-consejo-provincial-de-vivienda-y-habitat\/#respond"]}]},{"@type":"WebPage","@id":"https:\/\/diarioprincipios.com\/index.php\/2024\/07\/02\/nuevo-consejo-provincial-de-vivienda-y-habitat\/","url":"https:\/\/diarioprincipios.com\/index.php\/2024\/07\/02\/nuevo-consejo-provincial-de-vivienda-y-habitat\/","name":"Nuevo Consejo Provincial de Vivienda y H\u00e1bitat - Principios","isPartOf":{"@id":"https:\/\/diarioprincipios.com\/#website"},"primaryImageOfPage":{"@id":"https:\/\/diarioprincipios.com\/index.php\/2024\/07\/02\/nuevo-consejo-provincial-de-vivienda-y-habitat\/#primaryimage"},"image":{"@id":"https:\/\/diarioprincipios.com\/index.php\/2024\/07\/02\/nuevo-consejo-provincial-de-vivienda-y-habitat\/#primaryimage"},"thumbnailUrl":"https:\/\/diarioprincipios.com\/wp-content\/uploads\/2024\/07\/APERTURA-DEL-CONSEJO-PROVINCIAL-DE-VIVIENDA-Y-HABITAT-3.jpg","datePublished":"2024-07-02T15:16:43+00:00","dateModified":"2024-07-02T15:16:46+00:00","breadcrumb":{"@id":"https:\/\/diarioprincipios.com\/index.php\/2024\/07\/02\/nuevo-consejo-provincial-de-vivienda-y-habitat\/#breadcrumb"},"inLanguage":"es","potentialAction":[{"@type":"ReadAction","target":["https:\/\/diarioprincipios.com\/index.php\/2024\/07\/02\/nuevo-consejo-provincial-de-vivienda-y-habitat\/"]}]},{"@type":"ImageObject","inLanguage":"es","@id":"https:\/\/diarioprincipios.com\/index.php\/2024\/07\/02\/nuevo-consejo-provincial-de-vivienda-y-habitat\/#primaryimage","url":"https:\/\/diarioprincipios.com\/wp-content\/uploads\/2024\/07\/APERTURA-DEL-CONSEJO-PROVINCIAL-DE-VIVIENDA-Y-HABITAT-3.jpg","contentUrl":"https:\/\/diarioprincipios.com\/wp-content\/uploads\/2024\/07\/APERTURA-DEL-CONSEJO-PROVINCIAL-DE-VIVIENDA-Y-HABITAT-3.jpg","width":1920,"height":1280},{"@type":"BreadcrumbList","@id":"https:\/\/diarioprincipios.com\/index.php\/2024\/07\/02\/nuevo-consejo-provincial-de-vivienda-y-habitat\/#breadcrumb","itemListElement":[{"@type":"ListItem","position":1,"name":"Portada","item":"https:\/\/diarioprincipios.com\/"},{"@type":"ListItem","position":2,"name":"Nuevo Consejo Provincial de Vivienda y H\u00e1bitat"}]},{"@type":"WebSite","@id":"https:\/\/diarioprincipios.com\/#website","url":"https:\/\/diarioprincipios.com\/","name":"Principios","description":"Principios Diario","publisher":{"@id":"https:\/\/diarioprincipios.com\/#organization"},"potentialAction":[{"@type":"SearchAction","target":{"@type":"EntryPoint","urlTemplate":"https:\/\/diarioprincipios.com\/?s={search_term_string}"},"query-input":{"@type":"PropertyValueSpecification","valueRequired":true,"valueName":"search_term_string"}}],"inLanguage":"es"},{"@type":"Organization","@id":"https:\/\/diarioprincipios.com\/#organization","name":"Principios","url":"https:\/\/diarioprincipios.com\/","logo":{"@type":"ImageObject","inLanguage":"es","@id":"https:\/\/diarioprincipios.com\/#\/schema\/logo\/image\/","url":"https:\/\/diarioprincipios.com\/wp-content\/uploads\/2024\/04\/cropped-www.diarioprincipios.com_-1.png","contentUrl":"https:\/\/diarioprincipios.com\/wp-content\/uploads\/2024\/04\/cropped-www.diarioprincipios.com_-1.png","width":5325,"height":1454,"caption":"Principios"},"image":{"@id":"https:\/\/diarioprincipios.com\/#\/schema\/logo\/image\/"}},{"@type":"Person","@id":"https:\/\/diarioprincipios.com\/#\/schema\/person\/436d5a1fd41a5e250e23ff5a6a7cb080","name":"Hern\u00e1n L\u00f3pez","image":{"@type":"ImageObject","inLanguage":"es","@id":"https:\/\/diarioprincipios.com\/wp-content\/litespeed\/avatar\/11ddfe5610ff3bd100522525b2571f48.jpg?ver=1777653193","url":"https:\/\/diarioprincipios.com\/wp-content\/litespeed\/avatar\/11ddfe5610ff3bd100522525b2571f48.jpg?ver=1777653193","contentUrl":"https:\/\/diarioprincipios.com\/wp-content\/litespeed\/avatar\/11ddfe5610ff3bd100522525b2571f48.jpg?ver=1777653193","caption":"Hern\u00e1n L\u00f3pez"},"url":"https:\/\/diarioprincipios.com\/index.php\/author\/hernan\/"}]}},"jetpack_featured_media_url":"https:\/\/diarioprincipios.com\/wp-content\/uploads\/2024\/07\/APERTURA-DEL-CONSEJO-PROVINCIAL-DE-VIVIENDA-Y-HABITAT-3.jpg","_links":{"self":[{"href":"https:\/\/diarioprincipios.com\/index.php\/wp-json\/wp\/v2\/posts\/22247","targetHints":{"allow":["GET"]}}],"collection":[{"href":"https:\/\/diarioprincipios.com\/index.php\/wp-json\/wp\/v2\/posts"}],"about":[{"href":"https:\/\/diarioprincipios.com\/index.php\/wp-json\/wp\/v2\/types\/post"}],"author":[{"embeddable":true,"href":"https:\/\/diarioprincipios.com\/index.php\/wp-json\/wp\/v2\/users\/2"}],"replies":[{"embeddable":true,"href":"https:\/\/diarioprincipios.com\/index.php\/wp-json\/wp\/v2\/comments?post=22247"}],"version-history":[{"count":1,"href":"https:\/\/diarioprincipios.com\/index.php\/wp-json\/wp\/v2\/posts\/22247\/revisions"}],"predecessor-version":[{"id":22251,"href":"https:\/\/diarioprincipios.com\/index.php\/wp-json\/wp\/v2\/posts\/22247\/revisions\/22251"}],"wp:featuredmedia":[{"embeddable":true,"href":"https:\/\/diarioprincipios.com\/index.php\/wp-json\/wp\/v2\/media\/22250"}],"wp:attachment":[{"href":"https:\/\/diarioprincipios.com\/index.php\/wp-json\/wp\/v2\/media?parent=22247"}],"wp:term":[{"taxonomy":"category","embeddable":true,"href":"https:\/\/diarioprincipios.com\/index.php\/wp-json\/wp\/v2\/categories?post=22247"},{"taxonomy":"post_tag","embeddable":true,"href":"https:\/\/diarioprincipios.com\/index.php\/wp-json\/wp\/v2\/tags?post=22247"}],"curies":[{"name":"wp","href":"https:\/\/api.w.org\/{rel}","templated":true}]}}