{"id":22239,"date":"2024-07-01T17:16:12","date_gmt":"2024-07-01T20:16:12","guid":{"rendered":"http:\/\/diarioprincipios.com\/?p=22239"},"modified":"2024-07-01T17:16:14","modified_gmt":"2024-07-01T20:16:14","slug":"nueva-reunion-de-la-cgt-regional-en-el-stmb","status":"publish","type":"post","link":"https:\/\/diarioprincipios.com\/index.php\/2024\/07\/01\/nueva-reunion-de-la-cgt-regional-en-el-stmb\/","title":{"rendered":"Nueva Reuni\u00f3n de la CGT Regional en el STMB"},"content":{"rendered":"\n<p>El pasado jueves el Sindicato de Trabajadores Municipales de Berazategui (STMB) fue sede de una reuni\u00f3n de la CGT Regional Quilmes, Berazategui y Florencio Varela, que cont\u00f3 con la participaci\u00f3n de representantes de 40 entidades gremiales locales.<\/p>\n\n\n\n<figure class=\"wp-block-image size-large\"><img loading=\"lazy\" decoding=\"async\" width=\"1024\" height=\"768\" src=\"https:\/\/diarioprincipios.com\/wp-content\/uploads\/2024\/07\/FB_IMG_1719862470958-1024x768.jpg\" alt=\"\" class=\"wp-image-22240\" srcset=\"https:\/\/diarioprincipios.com\/wp-content\/uploads\/2024\/07\/FB_IMG_1719862470958-1024x768.jpg 1024w, https:\/\/diarioprincipios.com\/wp-content\/uploads\/2024\/07\/FB_IMG_1719862470958-300x225.jpg 300w, https:\/\/diarioprincipios.com\/wp-content\/uploads\/2024\/07\/FB_IMG_1719862470958-768x576.jpg 768w, https:\/\/diarioprincipios.com\/wp-content\/uploads\/2024\/07\/FB_IMG_1719862470958.jpg 1080w\" sizes=\"auto, (max-width: 1024px) 100vw, 1024px\" \/><\/figure>\n\n\n\n<p><br>El encuentro comenz\u00f3 con un emotivo minuto de silencio en memoria de Hugo H\u00e9ctor Dessimoiz, dirigente del Sindicato de Empleados Textiles de la Industria y Afines (SETIA), recientemente fallecido.<\/p>\n\n\n\n<figure class=\"wp-block-image size-large\"><img loading=\"lazy\" decoding=\"async\" width=\"1024\" height=\"768\" src=\"https:\/\/diarioprincipios.com\/wp-content\/uploads\/2024\/07\/FB_IMG_1719862473421-1024x768.jpg\" alt=\"\" class=\"wp-image-22241\" srcset=\"https:\/\/diarioprincipios.com\/wp-content\/uploads\/2024\/07\/FB_IMG_1719862473421-1024x768.jpg 1024w, https:\/\/diarioprincipios.com\/wp-content\/uploads\/2024\/07\/FB_IMG_1719862473421-300x225.jpg 300w, https:\/\/diarioprincipios.com\/wp-content\/uploads\/2024\/07\/FB_IMG_1719862473421-768x576.jpg 768w, https:\/\/diarioprincipios.com\/wp-content\/uploads\/2024\/07\/FB_IMG_1719862473421.jpg 1080w\" sizes=\"auto, (max-width: 1024px) 100vw, 1024px\" \/><\/figure>\n\n\n\n<p><br>Entre los temas abordados, se destac\u00f3 la situaci\u00f3n actual de los gremios en cada uno de los distritos, as\u00ed como la preocupaci\u00f3n por la creciente ola de despidos en varios sectores laborales. Se acord\u00f3 celebrar una pr\u00f3xima reuni\u00f3n en las semanas siguientes para seguir de cerca la situaci\u00f3n y definir las acciones a tomar.<br>Finalmente, se plante\u00f3 la participaci\u00f3n de los j\u00f3venes sindicales en una actividad programada en la sede de la CGT nacional en la Capital Federal, ubicada en la calle Azopardo.<\/p>\n","protected":false},"excerpt":{"rendered":"<p>El pasado jueves el Sindicato de Trabajadores Municipales de Berazategui (STMB) fue sede de una reuni\u00f3n de la CGT Regional Quilmes, Berazategui y Florencio Varela, que cont\u00f3 con la participaci\u00f3n de representantes de 40 entidades gremiales locales. El encuentro comenz\u00f3 con un emotivo minuto de silencio en memoria de Hugo H\u00e9ctor Dessimoiz, dirigente del Sindicato&#8230;<\/p>\n","protected":false},"author":2,"featured_media":22242,"comment_status":"open","ping_status":"open","sticky":false,"template":"","format":"standard","meta":{"footnotes":""},"categories":[3,21],"tags":[],"class_list":["post-22239","post","type-post","status-publish","format-standard","has-post-thumbnail","hentry","category-berazategui","category-gremiales"],"featured_image_src":"https:\/\/diarioprincipios.com\/wp-content\/uploads\/2024\/07\/FB_IMG_1719862466186-1024x768.jpg","blog_images":{"medium":"https:\/\/diarioprincipios.com\/wp-content\/uploads\/2024\/07\/FB_IMG_1719862466186-300x225.jpg","large":"https:\/\/diarioprincipios.com\/wp-content\/uploads\/2024\/07\/FB_IMG_1719862466186-1024x768.jpg"},"ams_acf":[],"yoast_head":"<!-- This site is optimized with the Yoast SEO plugin v27.3 - https:\/\/yoast.com\/product\/yoast-seo-wordpress\/ -->\n<title>Nueva Reuni\u00f3n de la CGT Regional en el STMB - Principios<\/title>\n<meta name=\"robots\" content=\"index, follow, max-snippet:-1, max-image-preview:large, max-video-preview:-1\" \/>\n<link rel=\"canonical\" href=\"https:\/\/diarioprincipios.com\/index.php\/2024\/07\/01\/nueva-reunion-de-la-cgt-regional-en-el-stmb\/\" \/>\n<meta property=\"og:locale\" content=\"es_ES\" \/>\n<meta property=\"og:type\" content=\"article\" \/>\n<meta property=\"og:title\" content=\"Nueva Reuni\u00f3n de la CGT Regional en el STMB - Principios\" \/>\n<meta property=\"og:description\" content=\"El pasado jueves el Sindicato de Trabajadores Municipales de Berazategui (STMB) fue sede de una reuni\u00f3n de la CGT Regional Quilmes, Berazategui y Florencio Varela, que cont\u00f3 con la participaci\u00f3n de representantes de 40 entidades gremiales locales. El encuentro comenz\u00f3 con un emotivo minuto de silencio en memoria de Hugo H\u00e9ctor Dessimoiz, dirigente del Sindicato...\" \/>\n<meta property=\"og:url\" content=\"https:\/\/diarioprincipios.com\/index.php\/2024\/07\/01\/nueva-reunion-de-la-cgt-regional-en-el-stmb\/\" \/>\n<meta property=\"og:site_name\" content=\"Principios\" \/>\n<meta property=\"article:published_time\" content=\"2024-07-01T20:16:12+00:00\" \/>\n<meta property=\"article:modified_time\" content=\"2024-07-01T20:16:14+00:00\" \/>\n<meta property=\"og:image\" content=\"https:\/\/diarioprincipios.com\/wp-content\/uploads\/2024\/07\/FB_IMG_1719862466186.jpg\" \/>\n\t<meta property=\"og:image:width\" content=\"1080\" \/>\n\t<meta property=\"og:image:height\" content=\"810\" \/>\n\t<meta property=\"og:image:type\" content=\"image\/jpeg\" \/>\n<meta name=\"author\" content=\"Hern\u00e1n L\u00f3pez\" \/>\n<meta name=\"twitter:card\" content=\"summary_large_image\" \/>\n<meta name=\"twitter:label1\" content=\"Escrito por\" \/>\n\t<meta name=\"twitter:data1\" content=\"Hern\u00e1n L\u00f3pez\" \/>\n\t<meta name=\"twitter:label2\" content=\"Tiempo de lectura\" \/>\n\t<meta name=\"twitter:data2\" content=\"2 minutos\" \/>\n<script type=\"application\/ld+json\" class=\"yoast-schema-graph\">{\"@context\":\"https:\\\/\\\/schema.org\",\"@graph\":[{\"@type\":\"Article\",\"@id\":\"https:\\\/\\\/diarioprincipios.com\\\/index.php\\\/2024\\\/07\\\/01\\\/nueva-reunion-de-la-cgt-regional-en-el-stmb\\\/#article\",\"isPartOf\":{\"@id\":\"https:\\\/\\\/diarioprincipios.com\\\/index.php\\\/2024\\\/07\\\/01\\\/nueva-reunion-de-la-cgt-regional-en-el-stmb\\\/\"},\"author\":{\"name\":\"Hern\u00e1n L\u00f3pez\",\"@id\":\"https:\\\/\\\/diarioprincipios.com\\\/#\\\/schema\\\/person\\\/436d5a1fd41a5e250e23ff5a6a7cb080\"},\"headline\":\"Nueva Reuni\u00f3n de la CGT Regional en el STMB\",\"datePublished\":\"2024-07-01T20:16:12+00:00\",\"dateModified\":\"2024-07-01T20:16:14+00:00\",\"mainEntityOfPage\":{\"@id\":\"https:\\\/\\\/diarioprincipios.com\\\/index.php\\\/2024\\\/07\\\/01\\\/nueva-reunion-de-la-cgt-regional-en-el-stmb\\\/\"},\"wordCount\":168,\"commentCount\":0,\"publisher\":{\"@id\":\"https:\\\/\\\/diarioprincipios.com\\\/#organization\"},\"image\":{\"@id\":\"https:\\\/\\\/diarioprincipios.com\\\/index.php\\\/2024\\\/07\\\/01\\\/nueva-reunion-de-la-cgt-regional-en-el-stmb\\\/#primaryimage\"},\"thumbnailUrl\":\"https:\\\/\\\/diarioprincipios.com\\\/wp-content\\\/uploads\\\/2024\\\/07\\\/FB_IMG_1719862466186.jpg\",\"articleSection\":[\"Berazategui\",\"Gremiales\"],\"inLanguage\":\"es\",\"potentialAction\":[{\"@type\":\"CommentAction\",\"name\":\"Comment\",\"target\":[\"https:\\\/\\\/diarioprincipios.com\\\/index.php\\\/2024\\\/07\\\/01\\\/nueva-reunion-de-la-cgt-regional-en-el-stmb\\\/#respond\"]}]},{\"@type\":\"WebPage\",\"@id\":\"https:\\\/\\\/diarioprincipios.com\\\/index.php\\\/2024\\\/07\\\/01\\\/nueva-reunion-de-la-cgt-regional-en-el-stmb\\\/\",\"url\":\"https:\\\/\\\/diarioprincipios.com\\\/index.php\\\/2024\\\/07\\\/01\\\/nueva-reunion-de-la-cgt-regional-en-el-stmb\\\/\",\"name\":\"Nueva Reuni\u00f3n de la CGT Regional en el STMB - Principios\",\"isPartOf\":{\"@id\":\"https:\\\/\\\/diarioprincipios.com\\\/#website\"},\"primaryImageOfPage\":{\"@id\":\"https:\\\/\\\/diarioprincipios.com\\\/index.php\\\/2024\\\/07\\\/01\\\/nueva-reunion-de-la-cgt-regional-en-el-stmb\\\/#primaryimage\"},\"image\":{\"@id\":\"https:\\\/\\\/diarioprincipios.com\\\/index.php\\\/2024\\\/07\\\/01\\\/nueva-reunion-de-la-cgt-regional-en-el-stmb\\\/#primaryimage\"},\"thumbnailUrl\":\"https:\\\/\\\/diarioprincipios.com\\\/wp-content\\\/uploads\\\/2024\\\/07\\\/FB_IMG_1719862466186.jpg\",\"datePublished\":\"2024-07-01T20:16:12+00:00\",\"dateModified\":\"2024-07-01T20:16:14+00:00\",\"breadcrumb\":{\"@id\":\"https:\\\/\\\/diarioprincipios.com\\\/index.php\\\/2024\\\/07\\\/01\\\/nueva-reunion-de-la-cgt-regional-en-el-stmb\\\/#breadcrumb\"},\"inLanguage\":\"es\",\"potentialAction\":[{\"@type\":\"ReadAction\",\"target\":[\"https:\\\/\\\/diarioprincipios.com\\\/index.php\\\/2024\\\/07\\\/01\\\/nueva-reunion-de-la-cgt-regional-en-el-stmb\\\/\"]}]},{\"@type\":\"ImageObject\",\"inLanguage\":\"es\",\"@id\":\"https:\\\/\\\/diarioprincipios.com\\\/index.php\\\/2024\\\/07\\\/01\\\/nueva-reunion-de-la-cgt-regional-en-el-stmb\\\/#primaryimage\",\"url\":\"https:\\\/\\\/diarioprincipios.com\\\/wp-content\\\/uploads\\\/2024\\\/07\\\/FB_IMG_1719862466186.jpg\",\"contentUrl\":\"https:\\\/\\\/diarioprincipios.com\\\/wp-content\\\/uploads\\\/2024\\\/07\\\/FB_IMG_1719862466186.jpg\",\"width\":1080,\"height\":810},{\"@type\":\"BreadcrumbList\",\"@id\":\"https:\\\/\\\/diarioprincipios.com\\\/index.php\\\/2024\\\/07\\\/01\\\/nueva-reunion-de-la-cgt-regional-en-el-stmb\\\/#breadcrumb\",\"itemListElement\":[{\"@type\":\"ListItem\",\"position\":1,\"name\":\"Portada\",\"item\":\"https:\\\/\\\/diarioprincipios.com\\\/\"},{\"@type\":\"ListItem\",\"position\":2,\"name\":\"Nueva Reuni\u00f3n de la CGT Regional en el STMB\"}]},{\"@type\":\"WebSite\",\"@id\":\"https:\\\/\\\/diarioprincipios.com\\\/#website\",\"url\":\"https:\\\/\\\/diarioprincipios.com\\\/\",\"name\":\"Principios\",\"description\":\"Principios Diario\",\"publisher\":{\"@id\":\"https:\\\/\\\/diarioprincipios.com\\\/#organization\"},\"potentialAction\":[{\"@type\":\"SearchAction\",\"target\":{\"@type\":\"EntryPoint\",\"urlTemplate\":\"https:\\\/\\\/diarioprincipios.com\\\/?s={search_term_string}\"},\"query-input\":{\"@type\":\"PropertyValueSpecification\",\"valueRequired\":true,\"valueName\":\"search_term_string\"}}],\"inLanguage\":\"es\"},{\"@type\":\"Organization\",\"@id\":\"https:\\\/\\\/diarioprincipios.com\\\/#organization\",\"name\":\"Principios\",\"url\":\"https:\\\/\\\/diarioprincipios.com\\\/\",\"logo\":{\"@type\":\"ImageObject\",\"inLanguage\":\"es\",\"@id\":\"https:\\\/\\\/diarioprincipios.com\\\/#\\\/schema\\\/logo\\\/image\\\/\",\"url\":\"https:\\\/\\\/diarioprincipios.com\\\/wp-content\\\/uploads\\\/2024\\\/04\\\/cropped-www.diarioprincipios.com_-1.png\",\"contentUrl\":\"https:\\\/\\\/diarioprincipios.com\\\/wp-content\\\/uploads\\\/2024\\\/04\\\/cropped-www.diarioprincipios.com_-1.png\",\"width\":5325,\"height\":1454,\"caption\":\"Principios\"},\"image\":{\"@id\":\"https:\\\/\\\/diarioprincipios.com\\\/#\\\/schema\\\/logo\\\/image\\\/\"}},{\"@type\":\"Person\",\"@id\":\"https:\\\/\\\/diarioprincipios.com\\\/#\\\/schema\\\/person\\\/436d5a1fd41a5e250e23ff5a6a7cb080\",\"name\":\"Hern\u00e1n L\u00f3pez\",\"image\":{\"@type\":\"ImageObject\",\"inLanguage\":\"es\",\"@id\":\"https:\\\/\\\/diarioprincipios.com\\\/wp-content\\\/litespeed\\\/avatar\\\/11ddfe5610ff3bd100522525b2571f48.jpg?ver=1777653193\",\"url\":\"https:\\\/\\\/diarioprincipios.com\\\/wp-content\\\/litespeed\\\/avatar\\\/11ddfe5610ff3bd100522525b2571f48.jpg?ver=1777653193\",\"contentUrl\":\"https:\\\/\\\/diarioprincipios.com\\\/wp-content\\\/litespeed\\\/avatar\\\/11ddfe5610ff3bd100522525b2571f48.jpg?ver=1777653193\",\"caption\":\"Hern\u00e1n L\u00f3pez\"},\"url\":\"https:\\\/\\\/diarioprincipios.com\\\/index.php\\\/author\\\/hernan\\\/\"}]}<\/script>\n<!-- \/ Yoast SEO plugin. -->","yoast_head_json":{"title":"Nueva Reuni\u00f3n de la CGT Regional en el STMB - Principios","robots":{"index":"index","follow":"follow","max-snippet":"max-snippet:-1","max-image-preview":"max-image-preview:large","max-video-preview":"max-video-preview:-1"},"canonical":"https:\/\/diarioprincipios.com\/index.php\/2024\/07\/01\/nueva-reunion-de-la-cgt-regional-en-el-stmb\/","og_locale":"es_ES","og_type":"article","og_title":"Nueva Reuni\u00f3n de la CGT Regional en el STMB - Principios","og_description":"El pasado jueves el Sindicato de Trabajadores Municipales de Berazategui (STMB) fue sede de una reuni\u00f3n de la CGT Regional Quilmes, Berazategui y Florencio Varela, que cont\u00f3 con la participaci\u00f3n de representantes de 40 entidades gremiales locales. El encuentro comenz\u00f3 con un emotivo minuto de silencio en memoria de Hugo H\u00e9ctor Dessimoiz, dirigente del Sindicato...","og_url":"https:\/\/diarioprincipios.com\/index.php\/2024\/07\/01\/nueva-reunion-de-la-cgt-regional-en-el-stmb\/","og_site_name":"Principios","article_published_time":"2024-07-01T20:16:12+00:00","article_modified_time":"2024-07-01T20:16:14+00:00","og_image":[{"width":1080,"height":810,"url":"https:\/\/diarioprincipios.com\/wp-content\/uploads\/2024\/07\/FB_IMG_1719862466186.jpg","type":"image\/jpeg"}],"author":"Hern\u00e1n L\u00f3pez","twitter_card":"summary_large_image","twitter_misc":{"Escrito por":"Hern\u00e1n L\u00f3pez","Tiempo de lectura":"2 minutos"},"schema":{"@context":"https:\/\/schema.org","@graph":[{"@type":"Article","@id":"https:\/\/diarioprincipios.com\/index.php\/2024\/07\/01\/nueva-reunion-de-la-cgt-regional-en-el-stmb\/#article","isPartOf":{"@id":"https:\/\/diarioprincipios.com\/index.php\/2024\/07\/01\/nueva-reunion-de-la-cgt-regional-en-el-stmb\/"},"author":{"name":"Hern\u00e1n L\u00f3pez","@id":"https:\/\/diarioprincipios.com\/#\/schema\/person\/436d5a1fd41a5e250e23ff5a6a7cb080"},"headline":"Nueva Reuni\u00f3n de la CGT Regional en el STMB","datePublished":"2024-07-01T20:16:12+00:00","dateModified":"2024-07-01T20:16:14+00:00","mainEntityOfPage":{"@id":"https:\/\/diarioprincipios.com\/index.php\/2024\/07\/01\/nueva-reunion-de-la-cgt-regional-en-el-stmb\/"},"wordCount":168,"commentCount":0,"publisher":{"@id":"https:\/\/diarioprincipios.com\/#organization"},"image":{"@id":"https:\/\/diarioprincipios.com\/index.php\/2024\/07\/01\/nueva-reunion-de-la-cgt-regional-en-el-stmb\/#primaryimage"},"thumbnailUrl":"https:\/\/diarioprincipios.com\/wp-content\/uploads\/2024\/07\/FB_IMG_1719862466186.jpg","articleSection":["Berazategui","Gremiales"],"inLanguage":"es","potentialAction":[{"@type":"CommentAction","name":"Comment","target":["https:\/\/diarioprincipios.com\/index.php\/2024\/07\/01\/nueva-reunion-de-la-cgt-regional-en-el-stmb\/#respond"]}]},{"@type":"WebPage","@id":"https:\/\/diarioprincipios.com\/index.php\/2024\/07\/01\/nueva-reunion-de-la-cgt-regional-en-el-stmb\/","url":"https:\/\/diarioprincipios.com\/index.php\/2024\/07\/01\/nueva-reunion-de-la-cgt-regional-en-el-stmb\/","name":"Nueva Reuni\u00f3n de la CGT Regional en el STMB - Principios","isPartOf":{"@id":"https:\/\/diarioprincipios.com\/#website"},"primaryImageOfPage":{"@id":"https:\/\/diarioprincipios.com\/index.php\/2024\/07\/01\/nueva-reunion-de-la-cgt-regional-en-el-stmb\/#primaryimage"},"image":{"@id":"https:\/\/diarioprincipios.com\/index.php\/2024\/07\/01\/nueva-reunion-de-la-cgt-regional-en-el-stmb\/#primaryimage"},"thumbnailUrl":"https:\/\/diarioprincipios.com\/wp-content\/uploads\/2024\/07\/FB_IMG_1719862466186.jpg","datePublished":"2024-07-01T20:16:12+00:00","dateModified":"2024-07-01T20:16:14+00:00","breadcrumb":{"@id":"https:\/\/diarioprincipios.com\/index.php\/2024\/07\/01\/nueva-reunion-de-la-cgt-regional-en-el-stmb\/#breadcrumb"},"inLanguage":"es","potentialAction":[{"@type":"ReadAction","target":["https:\/\/diarioprincipios.com\/index.php\/2024\/07\/01\/nueva-reunion-de-la-cgt-regional-en-el-stmb\/"]}]},{"@type":"ImageObject","inLanguage":"es","@id":"https:\/\/diarioprincipios.com\/index.php\/2024\/07\/01\/nueva-reunion-de-la-cgt-regional-en-el-stmb\/#primaryimage","url":"https:\/\/diarioprincipios.com\/wp-content\/uploads\/2024\/07\/FB_IMG_1719862466186.jpg","contentUrl":"https:\/\/diarioprincipios.com\/wp-content\/uploads\/2024\/07\/FB_IMG_1719862466186.jpg","width":1080,"height":810},{"@type":"BreadcrumbList","@id":"https:\/\/diarioprincipios.com\/index.php\/2024\/07\/01\/nueva-reunion-de-la-cgt-regional-en-el-stmb\/#breadcrumb","itemListElement":[{"@type":"ListItem","position":1,"name":"Portada","item":"https:\/\/diarioprincipios.com\/"},{"@type":"ListItem","position":2,"name":"Nueva Reuni\u00f3n de la CGT Regional en el STMB"}]},{"@type":"WebSite","@id":"https:\/\/diarioprincipios.com\/#website","url":"https:\/\/diarioprincipios.com\/","name":"Principios","description":"Principios Diario","publisher":{"@id":"https:\/\/diarioprincipios.com\/#organization"},"potentialAction":[{"@type":"SearchAction","target":{"@type":"EntryPoint","urlTemplate":"https:\/\/diarioprincipios.com\/?s={search_term_string}"},"query-input":{"@type":"PropertyValueSpecification","valueRequired":true,"valueName":"search_term_string"}}],"inLanguage":"es"},{"@type":"Organization","@id":"https:\/\/diarioprincipios.com\/#organization","name":"Principios","url":"https:\/\/diarioprincipios.com\/","logo":{"@type":"ImageObject","inLanguage":"es","@id":"https:\/\/diarioprincipios.com\/#\/schema\/logo\/image\/","url":"https:\/\/diarioprincipios.com\/wp-content\/uploads\/2024\/04\/cropped-www.diarioprincipios.com_-1.png","contentUrl":"https:\/\/diarioprincipios.com\/wp-content\/uploads\/2024\/04\/cropped-www.diarioprincipios.com_-1.png","width":5325,"height":1454,"caption":"Principios"},"image":{"@id":"https:\/\/diarioprincipios.com\/#\/schema\/logo\/image\/"}},{"@type":"Person","@id":"https:\/\/diarioprincipios.com\/#\/schema\/person\/436d5a1fd41a5e250e23ff5a6a7cb080","name":"Hern\u00e1n L\u00f3pez","image":{"@type":"ImageObject","inLanguage":"es","@id":"https:\/\/diarioprincipios.com\/wp-content\/litespeed\/avatar\/11ddfe5610ff3bd100522525b2571f48.jpg?ver=1777653193","url":"https:\/\/diarioprincipios.com\/wp-content\/litespeed\/avatar\/11ddfe5610ff3bd100522525b2571f48.jpg?ver=1777653193","contentUrl":"https:\/\/diarioprincipios.com\/wp-content\/litespeed\/avatar\/11ddfe5610ff3bd100522525b2571f48.jpg?ver=1777653193","caption":"Hern\u00e1n L\u00f3pez"},"url":"https:\/\/diarioprincipios.com\/index.php\/author\/hernan\/"}]}},"jetpack_featured_media_url":"https:\/\/diarioprincipios.com\/wp-content\/uploads\/2024\/07\/FB_IMG_1719862466186.jpg","_links":{"self":[{"href":"https:\/\/diarioprincipios.com\/index.php\/wp-json\/wp\/v2\/posts\/22239","targetHints":{"allow":["GET"]}}],"collection":[{"href":"https:\/\/diarioprincipios.com\/index.php\/wp-json\/wp\/v2\/posts"}],"about":[{"href":"https:\/\/diarioprincipios.com\/index.php\/wp-json\/wp\/v2\/types\/post"}],"author":[{"embeddable":true,"href":"https:\/\/diarioprincipios.com\/index.php\/wp-json\/wp\/v2\/users\/2"}],"replies":[{"embeddable":true,"href":"https:\/\/diarioprincipios.com\/index.php\/wp-json\/wp\/v2\/comments?post=22239"}],"version-history":[{"count":1,"href":"https:\/\/diarioprincipios.com\/index.php\/wp-json\/wp\/v2\/posts\/22239\/revisions"}],"predecessor-version":[{"id":22243,"href":"https:\/\/diarioprincipios.com\/index.php\/wp-json\/wp\/v2\/posts\/22239\/revisions\/22243"}],"wp:featuredmedia":[{"embeddable":true,"href":"https:\/\/diarioprincipios.com\/index.php\/wp-json\/wp\/v2\/media\/22242"}],"wp:attachment":[{"href":"https:\/\/diarioprincipios.com\/index.php\/wp-json\/wp\/v2\/media?parent=22239"}],"wp:term":[{"taxonomy":"category","embeddable":true,"href":"https:\/\/diarioprincipios.com\/index.php\/wp-json\/wp\/v2\/categories?post=22239"},{"taxonomy":"post_tag","embeddable":true,"href":"https:\/\/diarioprincipios.com\/index.php\/wp-json\/wp\/v2\/tags?post=22239"}],"curies":[{"name":"wp","href":"https:\/\/api.w.org\/{rel}","templated":true}]}}