{"id":22228,"date":"2024-07-01T13:12:59","date_gmt":"2024-07-01T16:12:59","guid":{"rendered":"http:\/\/diarioprincipios.com\/?p=22228"},"modified":"2024-07-01T13:13:02","modified_gmt":"2024-07-01T16:13:02","slug":"mussi-y-larroque-disertaron-sobre-la-unidad-y-la-reorganizacion-del-peronismo","status":"publish","type":"post","link":"https:\/\/diarioprincipios.com\/index.php\/2024\/07\/01\/mussi-y-larroque-disertaron-sobre-la-unidad-y-la-reorganizacion-del-peronismo\/","title":{"rendered":"Mussi y Larroque disertaron sobre la unidad y la reorganizaci\u00f3n del peronismo"},"content":{"rendered":"\n<p><strong>El presidente del Consejo del Partido Justicialista de Berazategui, Juan Jos\u00e9 Mussi; y el ministro bonaerense de Desarrollo de la Comunidad, Andr\u00e9s Larroque, encabezaron un plenario peronista en el que dialogaron sobre la unidad y la reorganizaci\u00f3n del peronismo.<\/strong><br>El encuentro se realiz\u00f3 en la sede del Consejo del Partido Justicialista de Berazategui, que qued\u00f3 colmado de militantes y organizaciones que le pusieron color a la tarde con sus banderas y c\u00e1nticos.<br>\u00abEs un gusto tener al compa\u00f1ero Larroque con nosotros. En Berazategui se respira peronismo. En este momento podemos ser peronistas y estar orgullosos de serlo, trabajando para la unidad\u201d, afirm\u00f3 Mussi. Y declar\u00f3: \u201cEl Ministro viene representando la voluntad del Gobernador. Tenemos que recuperar lo que perdimos, el Gobierno Nacional. En este momento, el \u00fanico que puede salvar al pa\u00eds es el peronismo\u201d, asegur\u00f3.<\/p>\n\n\n\n<figure class=\"wp-block-image size-large\"><img loading=\"lazy\" decoding=\"async\" width=\"1024\" height=\"683\" src=\"https:\/\/diarioprincipios.com\/wp-content\/uploads\/2024\/07\/MUSSI-Y-LARROQUE-DISERTARON-SOBRE-LA-UNIDAD-Y-LA-REORGANIZACION-DEL-PERONISMO-1024x683.jpg\" alt=\"\" class=\"wp-image-22229\" srcset=\"https:\/\/diarioprincipios.com\/wp-content\/uploads\/2024\/07\/MUSSI-Y-LARROQUE-DISERTARON-SOBRE-LA-UNIDAD-Y-LA-REORGANIZACION-DEL-PERONISMO-1024x683.jpg 1024w, https:\/\/diarioprincipios.com\/wp-content\/uploads\/2024\/07\/MUSSI-Y-LARROQUE-DISERTARON-SOBRE-LA-UNIDAD-Y-LA-REORGANIZACION-DEL-PERONISMO-300x200.jpg 300w, https:\/\/diarioprincipios.com\/wp-content\/uploads\/2024\/07\/MUSSI-Y-LARROQUE-DISERTARON-SOBRE-LA-UNIDAD-Y-LA-REORGANIZACION-DEL-PERONISMO-768x512.jpg 768w, https:\/\/diarioprincipios.com\/wp-content\/uploads\/2024\/07\/MUSSI-Y-LARROQUE-DISERTARON-SOBRE-LA-UNIDAD-Y-LA-REORGANIZACION-DEL-PERONISMO-1536x1024.jpg 1536w, https:\/\/diarioprincipios.com\/wp-content\/uploads\/2024\/07\/MUSSI-Y-LARROQUE-DISERTARON-SOBRE-LA-UNIDAD-Y-LA-REORGANIZACION-DEL-PERONISMO-600x400.jpg 600w, https:\/\/diarioprincipios.com\/wp-content\/uploads\/2024\/07\/MUSSI-Y-LARROQUE-DISERTARON-SOBRE-LA-UNIDAD-Y-LA-REORGANIZACION-DEL-PERONISMO.jpg 1920w\" sizes=\"auto, (max-width: 1024px) 100vw, 1024px\" \/><\/figure>\n\n\n\n<p><br>Por su parte, Larroque manifest\u00f3: \u201cEsta convocatoria nos emociona porque es un momento dif\u00edcil. Nuestra obligaci\u00f3n es construir un futuro para nuestro pueblo y decirle c\u00f3mo vamos a construir un nuevo Proyecto Nacional. Necesitamos volver a mostrarle a nuestra sociedad que por encima de todo est\u00e1 la Patria, despu\u00e9s el Movimiento y por \u00faltimo las personas\u201d.<br>Y asegur\u00f3: \u201cEn este pa\u00eds siempre hubo salud y educaci\u00f3n p\u00fablica con presencia del Estado y una capacidad organizativa de nuestro pueblo. Hoy estamos en una Argentina que va rumbo a ser absolutamente desfigurada. Milei siente orgullo a la hora de atacar al Movimiento Obrero organizado, a los movimientos sociales, a la pol\u00edtica y al Peronismo, a los sectores que con dignidad asumen la defensa de la Soberan\u00eda Nacional\u201d.<br>Finalmente, el ministro Larroque declar\u00f3: \u201cEl Peronismo es el amor hecho pol\u00edtica. La salida pasa por reconstruir el Proyecto Nacional con capacidad de gesti\u00f3n, que vuelva a poner al Estado en el lugar que corresponde y a la Justicia Social como bandera bien alto. La elecci\u00f3n de la provincia de Buenos Aires de Axel Kicillof revalid\u00f3 -en un contexto de complejidad absoluta- la gesti\u00f3n en la Provincia, con calidad humana. Por eso debemos darle a nuestra sociedad la expectativa y esperanza de que vamos a reconstruir un Proyecto Nacional en Argentina\u201d.<br>Participaron, adem\u00e1s, representantes del Consejo del PJ local, sindicalistas, organizaciones barriales, militantes sociales, integrantes del Gabinete municipal y concejales.<\/p>\n","protected":false},"excerpt":{"rendered":"<p>El presidente del Consejo del Partido Justicialista de Berazategui, Juan Jos\u00e9 Mussi; y el ministro bonaerense de Desarrollo de la Comunidad, Andr\u00e9s Larroque, encabezaron un plenario peronista en el que dialogaron sobre la unidad y la reorganizaci\u00f3n del peronismo.El encuentro se realiz\u00f3 en la sede del Consejo del Partido Justicialista de Berazategui, que qued\u00f3 colmado&#8230;<\/p>\n","protected":false},"author":2,"featured_media":22230,"comment_status":"open","ping_status":"open","sticky":false,"template":"","format":"standard","meta":{"footnotes":""},"categories":[3,7],"tags":[],"class_list":["post-22228","post","type-post","status-publish","format-standard","has-post-thumbnail","hentry","category-berazategui","category-provincia"],"featured_image_src":"https:\/\/diarioprincipios.com\/wp-content\/uploads\/2024\/07\/MUSSI-Y-LARROQUE-DISERTARON-SOBRE-LA-UNIDAD-Y-LA-REORGANIZACION-DEL-PERONISMO-1-1024x683.jpg","blog_images":{"medium":"https:\/\/diarioprincipios.com\/wp-content\/uploads\/2024\/07\/MUSSI-Y-LARROQUE-DISERTARON-SOBRE-LA-UNIDAD-Y-LA-REORGANIZACION-DEL-PERONISMO-1-300x200.jpg","large":"https:\/\/diarioprincipios.com\/wp-content\/uploads\/2024\/07\/MUSSI-Y-LARROQUE-DISERTARON-SOBRE-LA-UNIDAD-Y-LA-REORGANIZACION-DEL-PERONISMO-1-1024x683.jpg"},"ams_acf":[],"yoast_head":"<!-- This site is optimized with the Yoast SEO plugin v27.3 - https:\/\/yoast.com\/product\/yoast-seo-wordpress\/ -->\n<title>Mussi y Larroque disertaron sobre la unidad y la reorganizaci\u00f3n del peronismo - Principios<\/title>\n<meta name=\"robots\" content=\"index, follow, max-snippet:-1, max-image-preview:large, max-video-preview:-1\" \/>\n<link rel=\"canonical\" href=\"https:\/\/diarioprincipios.com\/index.php\/2024\/07\/01\/mussi-y-larroque-disertaron-sobre-la-unidad-y-la-reorganizacion-del-peronismo\/\" \/>\n<meta property=\"og:locale\" content=\"es_ES\" \/>\n<meta property=\"og:type\" content=\"article\" \/>\n<meta property=\"og:title\" content=\"Mussi y Larroque disertaron sobre la unidad y la reorganizaci\u00f3n del peronismo - Principios\" \/>\n<meta property=\"og:description\" content=\"El presidente del Consejo del Partido Justicialista de Berazategui, Juan Jos\u00e9 Mussi; y el ministro bonaerense de Desarrollo de la Comunidad, Andr\u00e9s Larroque, encabezaron un plenario peronista en el que dialogaron sobre la unidad y la reorganizaci\u00f3n del peronismo.El encuentro se realiz\u00f3 en la sede del Consejo del Partido Justicialista de Berazategui, que qued\u00f3 colmado...\" \/>\n<meta property=\"og:url\" content=\"https:\/\/diarioprincipios.com\/index.php\/2024\/07\/01\/mussi-y-larroque-disertaron-sobre-la-unidad-y-la-reorganizacion-del-peronismo\/\" \/>\n<meta property=\"og:site_name\" content=\"Principios\" \/>\n<meta property=\"article:published_time\" content=\"2024-07-01T16:12:59+00:00\" \/>\n<meta property=\"article:modified_time\" content=\"2024-07-01T16:13:02+00:00\" \/>\n<meta property=\"og:image\" content=\"https:\/\/diarioprincipios.com\/wp-content\/uploads\/2024\/07\/MUSSI-Y-LARROQUE-DISERTARON-SOBRE-LA-UNIDAD-Y-LA-REORGANIZACION-DEL-PERONISMO-1.jpg\" \/>\n\t<meta property=\"og:image:width\" content=\"1920\" \/>\n\t<meta property=\"og:image:height\" content=\"1280\" \/>\n\t<meta property=\"og:image:type\" content=\"image\/jpeg\" \/>\n<meta name=\"author\" content=\"Hern\u00e1n L\u00f3pez\" \/>\n<meta name=\"twitter:card\" content=\"summary_large_image\" \/>\n<meta name=\"twitter:label1\" content=\"Escrito por\" \/>\n\t<meta name=\"twitter:data1\" content=\"Hern\u00e1n L\u00f3pez\" \/>\n\t<meta name=\"twitter:label2\" content=\"Tiempo de lectura\" \/>\n\t<meta name=\"twitter:data2\" content=\"3 minutos\" \/>\n<script type=\"application\/ld+json\" class=\"yoast-schema-graph\">{\"@context\":\"https:\\\/\\\/schema.org\",\"@graph\":[{\"@type\":\"Article\",\"@id\":\"https:\\\/\\\/diarioprincipios.com\\\/index.php\\\/2024\\\/07\\\/01\\\/mussi-y-larroque-disertaron-sobre-la-unidad-y-la-reorganizacion-del-peronismo\\\/#article\",\"isPartOf\":{\"@id\":\"https:\\\/\\\/diarioprincipios.com\\\/index.php\\\/2024\\\/07\\\/01\\\/mussi-y-larroque-disertaron-sobre-la-unidad-y-la-reorganizacion-del-peronismo\\\/\"},\"author\":{\"name\":\"Hern\u00e1n L\u00f3pez\",\"@id\":\"https:\\\/\\\/diarioprincipios.com\\\/#\\\/schema\\\/person\\\/436d5a1fd41a5e250e23ff5a6a7cb080\"},\"headline\":\"Mussi y Larroque disertaron sobre la unidad y la reorganizaci\u00f3n del peronismo\",\"datePublished\":\"2024-07-01T16:12:59+00:00\",\"dateModified\":\"2024-07-01T16:13:02+00:00\",\"mainEntityOfPage\":{\"@id\":\"https:\\\/\\\/diarioprincipios.com\\\/index.php\\\/2024\\\/07\\\/01\\\/mussi-y-larroque-disertaron-sobre-la-unidad-y-la-reorganizacion-del-peronismo\\\/\"},\"wordCount\":403,\"commentCount\":0,\"publisher\":{\"@id\":\"https:\\\/\\\/diarioprincipios.com\\\/#organization\"},\"image\":{\"@id\":\"https:\\\/\\\/diarioprincipios.com\\\/index.php\\\/2024\\\/07\\\/01\\\/mussi-y-larroque-disertaron-sobre-la-unidad-y-la-reorganizacion-del-peronismo\\\/#primaryimage\"},\"thumbnailUrl\":\"https:\\\/\\\/diarioprincipios.com\\\/wp-content\\\/uploads\\\/2024\\\/07\\\/MUSSI-Y-LARROQUE-DISERTARON-SOBRE-LA-UNIDAD-Y-LA-REORGANIZACION-DEL-PERONISMO-1.jpg\",\"articleSection\":[\"Berazategui\",\"Provincia\"],\"inLanguage\":\"es\",\"potentialAction\":[{\"@type\":\"CommentAction\",\"name\":\"Comment\",\"target\":[\"https:\\\/\\\/diarioprincipios.com\\\/index.php\\\/2024\\\/07\\\/01\\\/mussi-y-larroque-disertaron-sobre-la-unidad-y-la-reorganizacion-del-peronismo\\\/#respond\"]}]},{\"@type\":\"WebPage\",\"@id\":\"https:\\\/\\\/diarioprincipios.com\\\/index.php\\\/2024\\\/07\\\/01\\\/mussi-y-larroque-disertaron-sobre-la-unidad-y-la-reorganizacion-del-peronismo\\\/\",\"url\":\"https:\\\/\\\/diarioprincipios.com\\\/index.php\\\/2024\\\/07\\\/01\\\/mussi-y-larroque-disertaron-sobre-la-unidad-y-la-reorganizacion-del-peronismo\\\/\",\"name\":\"Mussi y Larroque disertaron sobre la unidad y la reorganizaci\u00f3n del peronismo - Principios\",\"isPartOf\":{\"@id\":\"https:\\\/\\\/diarioprincipios.com\\\/#website\"},\"primaryImageOfPage\":{\"@id\":\"https:\\\/\\\/diarioprincipios.com\\\/index.php\\\/2024\\\/07\\\/01\\\/mussi-y-larroque-disertaron-sobre-la-unidad-y-la-reorganizacion-del-peronismo\\\/#primaryimage\"},\"image\":{\"@id\":\"https:\\\/\\\/diarioprincipios.com\\\/index.php\\\/2024\\\/07\\\/01\\\/mussi-y-larroque-disertaron-sobre-la-unidad-y-la-reorganizacion-del-peronismo\\\/#primaryimage\"},\"thumbnailUrl\":\"https:\\\/\\\/diarioprincipios.com\\\/wp-content\\\/uploads\\\/2024\\\/07\\\/MUSSI-Y-LARROQUE-DISERTARON-SOBRE-LA-UNIDAD-Y-LA-REORGANIZACION-DEL-PERONISMO-1.jpg\",\"datePublished\":\"2024-07-01T16:12:59+00:00\",\"dateModified\":\"2024-07-01T16:13:02+00:00\",\"breadcrumb\":{\"@id\":\"https:\\\/\\\/diarioprincipios.com\\\/index.php\\\/2024\\\/07\\\/01\\\/mussi-y-larroque-disertaron-sobre-la-unidad-y-la-reorganizacion-del-peronismo\\\/#breadcrumb\"},\"inLanguage\":\"es\",\"potentialAction\":[{\"@type\":\"ReadAction\",\"target\":[\"https:\\\/\\\/diarioprincipios.com\\\/index.php\\\/2024\\\/07\\\/01\\\/mussi-y-larroque-disertaron-sobre-la-unidad-y-la-reorganizacion-del-peronismo\\\/\"]}]},{\"@type\":\"ImageObject\",\"inLanguage\":\"es\",\"@id\":\"https:\\\/\\\/diarioprincipios.com\\\/index.php\\\/2024\\\/07\\\/01\\\/mussi-y-larroque-disertaron-sobre-la-unidad-y-la-reorganizacion-del-peronismo\\\/#primaryimage\",\"url\":\"https:\\\/\\\/diarioprincipios.com\\\/wp-content\\\/uploads\\\/2024\\\/07\\\/MUSSI-Y-LARROQUE-DISERTARON-SOBRE-LA-UNIDAD-Y-LA-REORGANIZACION-DEL-PERONISMO-1.jpg\",\"contentUrl\":\"https:\\\/\\\/diarioprincipios.com\\\/wp-content\\\/uploads\\\/2024\\\/07\\\/MUSSI-Y-LARROQUE-DISERTARON-SOBRE-LA-UNIDAD-Y-LA-REORGANIZACION-DEL-PERONISMO-1.jpg\",\"width\":1920,\"height\":1280},{\"@type\":\"BreadcrumbList\",\"@id\":\"https:\\\/\\\/diarioprincipios.com\\\/index.php\\\/2024\\\/07\\\/01\\\/mussi-y-larroque-disertaron-sobre-la-unidad-y-la-reorganizacion-del-peronismo\\\/#breadcrumb\",\"itemListElement\":[{\"@type\":\"ListItem\",\"position\":1,\"name\":\"Portada\",\"item\":\"https:\\\/\\\/diarioprincipios.com\\\/\"},{\"@type\":\"ListItem\",\"position\":2,\"name\":\"Mussi y Larroque disertaron sobre la unidad y la reorganizaci\u00f3n del peronismo\"}]},{\"@type\":\"WebSite\",\"@id\":\"https:\\\/\\\/diarioprincipios.com\\\/#website\",\"url\":\"https:\\\/\\\/diarioprincipios.com\\\/\",\"name\":\"Principios\",\"description\":\"Principios Diario\",\"publisher\":{\"@id\":\"https:\\\/\\\/diarioprincipios.com\\\/#organization\"},\"potentialAction\":[{\"@type\":\"SearchAction\",\"target\":{\"@type\":\"EntryPoint\",\"urlTemplate\":\"https:\\\/\\\/diarioprincipios.com\\\/?s={search_term_string}\"},\"query-input\":{\"@type\":\"PropertyValueSpecification\",\"valueRequired\":true,\"valueName\":\"search_term_string\"}}],\"inLanguage\":\"es\"},{\"@type\":\"Organization\",\"@id\":\"https:\\\/\\\/diarioprincipios.com\\\/#organization\",\"name\":\"Principios\",\"url\":\"https:\\\/\\\/diarioprincipios.com\\\/\",\"logo\":{\"@type\":\"ImageObject\",\"inLanguage\":\"es\",\"@id\":\"https:\\\/\\\/diarioprincipios.com\\\/#\\\/schema\\\/logo\\\/image\\\/\",\"url\":\"https:\\\/\\\/diarioprincipios.com\\\/wp-content\\\/uploads\\\/2024\\\/04\\\/cropped-www.diarioprincipios.com_-1.png\",\"contentUrl\":\"https:\\\/\\\/diarioprincipios.com\\\/wp-content\\\/uploads\\\/2024\\\/04\\\/cropped-www.diarioprincipios.com_-1.png\",\"width\":5325,\"height\":1454,\"caption\":\"Principios\"},\"image\":{\"@id\":\"https:\\\/\\\/diarioprincipios.com\\\/#\\\/schema\\\/logo\\\/image\\\/\"}},{\"@type\":\"Person\",\"@id\":\"https:\\\/\\\/diarioprincipios.com\\\/#\\\/schema\\\/person\\\/436d5a1fd41a5e250e23ff5a6a7cb080\",\"name\":\"Hern\u00e1n L\u00f3pez\",\"image\":{\"@type\":\"ImageObject\",\"inLanguage\":\"es\",\"@id\":\"https:\\\/\\\/diarioprincipios.com\\\/wp-content\\\/litespeed\\\/avatar\\\/11ddfe5610ff3bd100522525b2571f48.jpg?ver=1777653193\",\"url\":\"https:\\\/\\\/diarioprincipios.com\\\/wp-content\\\/litespeed\\\/avatar\\\/11ddfe5610ff3bd100522525b2571f48.jpg?ver=1777653193\",\"contentUrl\":\"https:\\\/\\\/diarioprincipios.com\\\/wp-content\\\/litespeed\\\/avatar\\\/11ddfe5610ff3bd100522525b2571f48.jpg?ver=1777653193\",\"caption\":\"Hern\u00e1n L\u00f3pez\"},\"url\":\"https:\\\/\\\/diarioprincipios.com\\\/index.php\\\/author\\\/hernan\\\/\"}]}<\/script>\n<!-- \/ Yoast SEO plugin. -->","yoast_head_json":{"title":"Mussi y Larroque disertaron sobre la unidad y la reorganizaci\u00f3n del peronismo - Principios","robots":{"index":"index","follow":"follow","max-snippet":"max-snippet:-1","max-image-preview":"max-image-preview:large","max-video-preview":"max-video-preview:-1"},"canonical":"https:\/\/diarioprincipios.com\/index.php\/2024\/07\/01\/mussi-y-larroque-disertaron-sobre-la-unidad-y-la-reorganizacion-del-peronismo\/","og_locale":"es_ES","og_type":"article","og_title":"Mussi y Larroque disertaron sobre la unidad y la reorganizaci\u00f3n del peronismo - Principios","og_description":"El presidente del Consejo del Partido Justicialista de Berazategui, Juan Jos\u00e9 Mussi; y el ministro bonaerense de Desarrollo de la Comunidad, Andr\u00e9s Larroque, encabezaron un plenario peronista en el que dialogaron sobre la unidad y la reorganizaci\u00f3n del peronismo.El encuentro se realiz\u00f3 en la sede del Consejo del Partido Justicialista de Berazategui, que qued\u00f3 colmado...","og_url":"https:\/\/diarioprincipios.com\/index.php\/2024\/07\/01\/mussi-y-larroque-disertaron-sobre-la-unidad-y-la-reorganizacion-del-peronismo\/","og_site_name":"Principios","article_published_time":"2024-07-01T16:12:59+00:00","article_modified_time":"2024-07-01T16:13:02+00:00","og_image":[{"width":1920,"height":1280,"url":"https:\/\/diarioprincipios.com\/wp-content\/uploads\/2024\/07\/MUSSI-Y-LARROQUE-DISERTARON-SOBRE-LA-UNIDAD-Y-LA-REORGANIZACION-DEL-PERONISMO-1.jpg","type":"image\/jpeg"}],"author":"Hern\u00e1n L\u00f3pez","twitter_card":"summary_large_image","twitter_misc":{"Escrito por":"Hern\u00e1n L\u00f3pez","Tiempo de lectura":"3 minutos"},"schema":{"@context":"https:\/\/schema.org","@graph":[{"@type":"Article","@id":"https:\/\/diarioprincipios.com\/index.php\/2024\/07\/01\/mussi-y-larroque-disertaron-sobre-la-unidad-y-la-reorganizacion-del-peronismo\/#article","isPartOf":{"@id":"https:\/\/diarioprincipios.com\/index.php\/2024\/07\/01\/mussi-y-larroque-disertaron-sobre-la-unidad-y-la-reorganizacion-del-peronismo\/"},"author":{"name":"Hern\u00e1n L\u00f3pez","@id":"https:\/\/diarioprincipios.com\/#\/schema\/person\/436d5a1fd41a5e250e23ff5a6a7cb080"},"headline":"Mussi y Larroque disertaron sobre la unidad y la reorganizaci\u00f3n del peronismo","datePublished":"2024-07-01T16:12:59+00:00","dateModified":"2024-07-01T16:13:02+00:00","mainEntityOfPage":{"@id":"https:\/\/diarioprincipios.com\/index.php\/2024\/07\/01\/mussi-y-larroque-disertaron-sobre-la-unidad-y-la-reorganizacion-del-peronismo\/"},"wordCount":403,"commentCount":0,"publisher":{"@id":"https:\/\/diarioprincipios.com\/#organization"},"image":{"@id":"https:\/\/diarioprincipios.com\/index.php\/2024\/07\/01\/mussi-y-larroque-disertaron-sobre-la-unidad-y-la-reorganizacion-del-peronismo\/#primaryimage"},"thumbnailUrl":"https:\/\/diarioprincipios.com\/wp-content\/uploads\/2024\/07\/MUSSI-Y-LARROQUE-DISERTARON-SOBRE-LA-UNIDAD-Y-LA-REORGANIZACION-DEL-PERONISMO-1.jpg","articleSection":["Berazategui","Provincia"],"inLanguage":"es","potentialAction":[{"@type":"CommentAction","name":"Comment","target":["https:\/\/diarioprincipios.com\/index.php\/2024\/07\/01\/mussi-y-larroque-disertaron-sobre-la-unidad-y-la-reorganizacion-del-peronismo\/#respond"]}]},{"@type":"WebPage","@id":"https:\/\/diarioprincipios.com\/index.php\/2024\/07\/01\/mussi-y-larroque-disertaron-sobre-la-unidad-y-la-reorganizacion-del-peronismo\/","url":"https:\/\/diarioprincipios.com\/index.php\/2024\/07\/01\/mussi-y-larroque-disertaron-sobre-la-unidad-y-la-reorganizacion-del-peronismo\/","name":"Mussi y Larroque disertaron sobre la unidad y la reorganizaci\u00f3n del peronismo - Principios","isPartOf":{"@id":"https:\/\/diarioprincipios.com\/#website"},"primaryImageOfPage":{"@id":"https:\/\/diarioprincipios.com\/index.php\/2024\/07\/01\/mussi-y-larroque-disertaron-sobre-la-unidad-y-la-reorganizacion-del-peronismo\/#primaryimage"},"image":{"@id":"https:\/\/diarioprincipios.com\/index.php\/2024\/07\/01\/mussi-y-larroque-disertaron-sobre-la-unidad-y-la-reorganizacion-del-peronismo\/#primaryimage"},"thumbnailUrl":"https:\/\/diarioprincipios.com\/wp-content\/uploads\/2024\/07\/MUSSI-Y-LARROQUE-DISERTARON-SOBRE-LA-UNIDAD-Y-LA-REORGANIZACION-DEL-PERONISMO-1.jpg","datePublished":"2024-07-01T16:12:59+00:00","dateModified":"2024-07-01T16:13:02+00:00","breadcrumb":{"@id":"https:\/\/diarioprincipios.com\/index.php\/2024\/07\/01\/mussi-y-larroque-disertaron-sobre-la-unidad-y-la-reorganizacion-del-peronismo\/#breadcrumb"},"inLanguage":"es","potentialAction":[{"@type":"ReadAction","target":["https:\/\/diarioprincipios.com\/index.php\/2024\/07\/01\/mussi-y-larroque-disertaron-sobre-la-unidad-y-la-reorganizacion-del-peronismo\/"]}]},{"@type":"ImageObject","inLanguage":"es","@id":"https:\/\/diarioprincipios.com\/index.php\/2024\/07\/01\/mussi-y-larroque-disertaron-sobre-la-unidad-y-la-reorganizacion-del-peronismo\/#primaryimage","url":"https:\/\/diarioprincipios.com\/wp-content\/uploads\/2024\/07\/MUSSI-Y-LARROQUE-DISERTARON-SOBRE-LA-UNIDAD-Y-LA-REORGANIZACION-DEL-PERONISMO-1.jpg","contentUrl":"https:\/\/diarioprincipios.com\/wp-content\/uploads\/2024\/07\/MUSSI-Y-LARROQUE-DISERTARON-SOBRE-LA-UNIDAD-Y-LA-REORGANIZACION-DEL-PERONISMO-1.jpg","width":1920,"height":1280},{"@type":"BreadcrumbList","@id":"https:\/\/diarioprincipios.com\/index.php\/2024\/07\/01\/mussi-y-larroque-disertaron-sobre-la-unidad-y-la-reorganizacion-del-peronismo\/#breadcrumb","itemListElement":[{"@type":"ListItem","position":1,"name":"Portada","item":"https:\/\/diarioprincipios.com\/"},{"@type":"ListItem","position":2,"name":"Mussi y Larroque disertaron sobre la unidad y la reorganizaci\u00f3n del peronismo"}]},{"@type":"WebSite","@id":"https:\/\/diarioprincipios.com\/#website","url":"https:\/\/diarioprincipios.com\/","name":"Principios","description":"Principios Diario","publisher":{"@id":"https:\/\/diarioprincipios.com\/#organization"},"potentialAction":[{"@type":"SearchAction","target":{"@type":"EntryPoint","urlTemplate":"https:\/\/diarioprincipios.com\/?s={search_term_string}"},"query-input":{"@type":"PropertyValueSpecification","valueRequired":true,"valueName":"search_term_string"}}],"inLanguage":"es"},{"@type":"Organization","@id":"https:\/\/diarioprincipios.com\/#organization","name":"Principios","url":"https:\/\/diarioprincipios.com\/","logo":{"@type":"ImageObject","inLanguage":"es","@id":"https:\/\/diarioprincipios.com\/#\/schema\/logo\/image\/","url":"https:\/\/diarioprincipios.com\/wp-content\/uploads\/2024\/04\/cropped-www.diarioprincipios.com_-1.png","contentUrl":"https:\/\/diarioprincipios.com\/wp-content\/uploads\/2024\/04\/cropped-www.diarioprincipios.com_-1.png","width":5325,"height":1454,"caption":"Principios"},"image":{"@id":"https:\/\/diarioprincipios.com\/#\/schema\/logo\/image\/"}},{"@type":"Person","@id":"https:\/\/diarioprincipios.com\/#\/schema\/person\/436d5a1fd41a5e250e23ff5a6a7cb080","name":"Hern\u00e1n L\u00f3pez","image":{"@type":"ImageObject","inLanguage":"es","@id":"https:\/\/diarioprincipios.com\/wp-content\/litespeed\/avatar\/11ddfe5610ff3bd100522525b2571f48.jpg?ver=1777653193","url":"https:\/\/diarioprincipios.com\/wp-content\/litespeed\/avatar\/11ddfe5610ff3bd100522525b2571f48.jpg?ver=1777653193","contentUrl":"https:\/\/diarioprincipios.com\/wp-content\/litespeed\/avatar\/11ddfe5610ff3bd100522525b2571f48.jpg?ver=1777653193","caption":"Hern\u00e1n L\u00f3pez"},"url":"https:\/\/diarioprincipios.com\/index.php\/author\/hernan\/"}]}},"jetpack_featured_media_url":"https:\/\/diarioprincipios.com\/wp-content\/uploads\/2024\/07\/MUSSI-Y-LARROQUE-DISERTARON-SOBRE-LA-UNIDAD-Y-LA-REORGANIZACION-DEL-PERONISMO-1.jpg","_links":{"self":[{"href":"https:\/\/diarioprincipios.com\/index.php\/wp-json\/wp\/v2\/posts\/22228","targetHints":{"allow":["GET"]}}],"collection":[{"href":"https:\/\/diarioprincipios.com\/index.php\/wp-json\/wp\/v2\/posts"}],"about":[{"href":"https:\/\/diarioprincipios.com\/index.php\/wp-json\/wp\/v2\/types\/post"}],"author":[{"embeddable":true,"href":"https:\/\/diarioprincipios.com\/index.php\/wp-json\/wp\/v2\/users\/2"}],"replies":[{"embeddable":true,"href":"https:\/\/diarioprincipios.com\/index.php\/wp-json\/wp\/v2\/comments?post=22228"}],"version-history":[{"count":1,"href":"https:\/\/diarioprincipios.com\/index.php\/wp-json\/wp\/v2\/posts\/22228\/revisions"}],"predecessor-version":[{"id":22231,"href":"https:\/\/diarioprincipios.com\/index.php\/wp-json\/wp\/v2\/posts\/22228\/revisions\/22231"}],"wp:featuredmedia":[{"embeddable":true,"href":"https:\/\/diarioprincipios.com\/index.php\/wp-json\/wp\/v2\/media\/22230"}],"wp:attachment":[{"href":"https:\/\/diarioprincipios.com\/index.php\/wp-json\/wp\/v2\/media?parent=22228"}],"wp:term":[{"taxonomy":"category","embeddable":true,"href":"https:\/\/diarioprincipios.com\/index.php\/wp-json\/wp\/v2\/categories?post=22228"},{"taxonomy":"post_tag","embeddable":true,"href":"https:\/\/diarioprincipios.com\/index.php\/wp-json\/wp\/v2\/tags?post=22228"}],"curies":[{"name":"wp","href":"https:\/\/api.w.org\/{rel}","templated":true}]}}