{"id":2220,"date":"2020-05-28T12:18:30","date_gmt":"2020-05-28T15:18:30","guid":{"rendered":"http:\/\/diarioprincipios.com\/?p=2220"},"modified":"2020-05-28T12:18:32","modified_gmt":"2020-05-28T15:18:32","slug":"el-intendente-ferraresi-recorrio-villa-azul-junto-a-los-ministros-arroyo-y-larroque","status":"publish","type":"post","link":"https:\/\/diarioprincipios.com\/index.php\/2020\/05\/28\/el-intendente-ferraresi-recorrio-villa-azul-junto-a-los-ministros-arroyo-y-larroque\/","title":{"rendered":"El intendente Ferraresi recorri\u00f3 Villa Azul junto a los ministros Arroyo y Larroque"},"content":{"rendered":"\n<p>El intendente de Avellaneda, Jorge Ferraresi, recorri\u00f3 el barrio de Villa Azul junto al ministro de Desarrollo Social de la Naci\u00f3n, Daniel Arroyo y el de la Provincia de Buenos Aires, Andr\u00e9s Larroque.<\/p>\n\n\n\n<p>Durante la caminata intercambiaron ideas sobre las diferentes acciones conjuntas que llevan adelante los tres niveles del Estado, en el marco de este operativo integral de abordaje sanitario que se viene llevando a cabo en el barrio.<\/p>\n\n\n\n<p>Villa Azul est\u00e1 ubicada en el l\u00edmite entre los distritos de Avellaneda y Quilmes, y el domingo pasado se tom\u00f3 la decisi\u00f3n de hacer un aislamiento preventivo total y estricto a partir del crecimiento en los contagios y para prevenir un aumento todav\u00eda superior.<\/p>\n\n\n\n<p>De la recorrida participaron tambi\u00e9n la titular del Observatorio Social de Avellaneda, Magdalena Sierra; la secretaria de Inclusi\u00f3n Social de la Naci\u00f3n, Laura V. Alonso; el jefe de Gabinete de Avellaneda, Alejo Chornobroff; la secretaria de Salud, Virginia Alga\u00f1araz; la de Seguridad Ciudadana, M\u00f3nica Ghirelli.<\/p>\n\n\n\n<p>Los funcionarios recorrieron el Polideportivo Municipal \u201cProyecto Nacional\u201d, que funciona como base operativa para muchos de los equipos de trabajo que est\u00e1n asistiendo al barrio, el Jard\u00edn Maternal Municipal N\u00b016, el Centro de Formaci\u00f3n Integral N\u00b0 2 y el Centro Municipal de Cuidado Familiar y Comunitaria, todas obras de equipamiento barrial que se llevaron a cabo como parte del programa de urbanizaci\u00f3n que realiz\u00f3 el municipio de Avellaneda durante los \u00faltimos diez a\u00f1os.<\/p>\n\n\n\n<p>Tambi\u00e9n conversaron con distintos grupos de vecinas y vecinos que se acercaron a hacer consultas y plantear sus inquietudes a los funcionarios.&#8211;<\/p>\n","protected":false},"excerpt":{"rendered":"<p>El intendente de Avellaneda, Jorge Ferraresi, recorri\u00f3 el barrio de Villa Azul junto al ministro de Desarrollo Social de la Naci\u00f3n, Daniel Arroyo y el de la Provincia de Buenos Aires, Andr\u00e9s Larroque. Durante la caminata intercambiaron ideas sobre las diferentes acciones conjuntas que llevan adelante los tres niveles del Estado, en el marco de&#8230;<\/p>\n","protected":false},"author":2,"featured_media":2221,"comment_status":"open","ping_status":"open","sticky":false,"template":"","format":"standard","meta":{"footnotes":""},"categories":[5],"tags":[],"class_list":["post-2220","post","type-post","status-publish","format-standard","has-post-thumbnail","hentry","category-avellaneda"],"featured_image_src":"https:\/\/diarioprincipios.com\/wp-content\/uploads\/2020\/05\/436173fd-99e7-4276-a98c-a9df7d6ffa62-1024x760.jpg","blog_images":{"medium":"https:\/\/diarioprincipios.com\/wp-content\/uploads\/2020\/05\/436173fd-99e7-4276-a98c-a9df7d6ffa62-300x223.jpg","large":"https:\/\/diarioprincipios.com\/wp-content\/uploads\/2020\/05\/436173fd-99e7-4276-a98c-a9df7d6ffa62-1024x760.jpg"},"ams_acf":[],"yoast_head":"<!-- This site is optimized with the Yoast SEO plugin v27.3 - https:\/\/yoast.com\/product\/yoast-seo-wordpress\/ -->\n<title>El intendente Ferraresi recorri\u00f3 Villa Azul junto a los ministros Arroyo y Larroque - Principios<\/title>\n<meta name=\"robots\" content=\"index, follow, max-snippet:-1, max-image-preview:large, max-video-preview:-1\" \/>\n<link rel=\"canonical\" href=\"https:\/\/diarioprincipios.com\/index.php\/2020\/05\/28\/el-intendente-ferraresi-recorrio-villa-azul-junto-a-los-ministros-arroyo-y-larroque\/\" \/>\n<meta property=\"og:locale\" content=\"es_ES\" \/>\n<meta property=\"og:type\" content=\"article\" \/>\n<meta property=\"og:title\" content=\"El intendente Ferraresi recorri\u00f3 Villa Azul junto a los ministros Arroyo y Larroque - Principios\" \/>\n<meta property=\"og:description\" content=\"El intendente de Avellaneda, Jorge Ferraresi, recorri\u00f3 el barrio de Villa Azul junto al ministro de Desarrollo Social de la Naci\u00f3n, Daniel Arroyo y el de la Provincia de Buenos Aires, Andr\u00e9s Larroque. Durante la caminata intercambiaron ideas sobre las diferentes acciones conjuntas que llevan adelante los tres niveles del Estado, en el marco de...\" \/>\n<meta property=\"og:url\" content=\"https:\/\/diarioprincipios.com\/index.php\/2020\/05\/28\/el-intendente-ferraresi-recorrio-villa-azul-junto-a-los-ministros-arroyo-y-larroque\/\" \/>\n<meta property=\"og:site_name\" content=\"Principios\" \/>\n<meta property=\"article:published_time\" content=\"2020-05-28T15:18:30+00:00\" \/>\n<meta property=\"article:modified_time\" content=\"2020-05-28T15:18:32+00:00\" \/>\n<meta property=\"og:image\" content=\"https:\/\/diarioprincipios.com\/wp-content\/uploads\/2020\/05\/436173fd-99e7-4276-a98c-a9df7d6ffa62.jpg\" \/>\n\t<meta property=\"og:image:width\" content=\"1280\" \/>\n\t<meta property=\"og:image:height\" content=\"950\" \/>\n\t<meta property=\"og:image:type\" content=\"image\/jpeg\" \/>\n<meta name=\"author\" content=\"Hern\u00e1n L\u00f3pez\" \/>\n<meta name=\"twitter:card\" content=\"summary_large_image\" \/>\n<meta name=\"twitter:label1\" content=\"Escrito por\" \/>\n\t<meta name=\"twitter:data1\" content=\"Hern\u00e1n L\u00f3pez\" \/>\n\t<meta name=\"twitter:label2\" content=\"Tiempo de lectura\" \/>\n\t<meta name=\"twitter:data2\" content=\"1 minuto\" \/>\n<script type=\"application\/ld+json\" class=\"yoast-schema-graph\">{\"@context\":\"https:\\\/\\\/schema.org\",\"@graph\":[{\"@type\":\"Article\",\"@id\":\"https:\\\/\\\/diarioprincipios.com\\\/index.php\\\/2020\\\/05\\\/28\\\/el-intendente-ferraresi-recorrio-villa-azul-junto-a-los-ministros-arroyo-y-larroque\\\/#article\",\"isPartOf\":{\"@id\":\"https:\\\/\\\/diarioprincipios.com\\\/index.php\\\/2020\\\/05\\\/28\\\/el-intendente-ferraresi-recorrio-villa-azul-junto-a-los-ministros-arroyo-y-larroque\\\/\"},\"author\":{\"name\":\"Hern\u00e1n L\u00f3pez\",\"@id\":\"https:\\\/\\\/diarioprincipios.com\\\/#\\\/schema\\\/person\\\/436d5a1fd41a5e250e23ff5a6a7cb080\"},\"headline\":\"El intendente Ferraresi recorri\u00f3 Villa Azul junto a los ministros Arroyo y Larroque\",\"datePublished\":\"2020-05-28T15:18:30+00:00\",\"dateModified\":\"2020-05-28T15:18:32+00:00\",\"mainEntityOfPage\":{\"@id\":\"https:\\\/\\\/diarioprincipios.com\\\/index.php\\\/2020\\\/05\\\/28\\\/el-intendente-ferraresi-recorrio-villa-azul-junto-a-los-ministros-arroyo-y-larroque\\\/\"},\"wordCount\":283,\"commentCount\":0,\"publisher\":{\"@id\":\"https:\\\/\\\/diarioprincipios.com\\\/#organization\"},\"image\":{\"@id\":\"https:\\\/\\\/diarioprincipios.com\\\/index.php\\\/2020\\\/05\\\/28\\\/el-intendente-ferraresi-recorrio-villa-azul-junto-a-los-ministros-arroyo-y-larroque\\\/#primaryimage\"},\"thumbnailUrl\":\"https:\\\/\\\/diarioprincipios.com\\\/wp-content\\\/uploads\\\/2020\\\/05\\\/436173fd-99e7-4276-a98c-a9df7d6ffa62.jpg\",\"articleSection\":[\"Avellaneda\"],\"inLanguage\":\"es\",\"potentialAction\":[{\"@type\":\"CommentAction\",\"name\":\"Comment\",\"target\":[\"https:\\\/\\\/diarioprincipios.com\\\/index.php\\\/2020\\\/05\\\/28\\\/el-intendente-ferraresi-recorrio-villa-azul-junto-a-los-ministros-arroyo-y-larroque\\\/#respond\"]}]},{\"@type\":\"WebPage\",\"@id\":\"https:\\\/\\\/diarioprincipios.com\\\/index.php\\\/2020\\\/05\\\/28\\\/el-intendente-ferraresi-recorrio-villa-azul-junto-a-los-ministros-arroyo-y-larroque\\\/\",\"url\":\"https:\\\/\\\/diarioprincipios.com\\\/index.php\\\/2020\\\/05\\\/28\\\/el-intendente-ferraresi-recorrio-villa-azul-junto-a-los-ministros-arroyo-y-larroque\\\/\",\"name\":\"El intendente Ferraresi recorri\u00f3 Villa Azul junto a los ministros Arroyo y Larroque - Principios\",\"isPartOf\":{\"@id\":\"https:\\\/\\\/diarioprincipios.com\\\/#website\"},\"primaryImageOfPage\":{\"@id\":\"https:\\\/\\\/diarioprincipios.com\\\/index.php\\\/2020\\\/05\\\/28\\\/el-intendente-ferraresi-recorrio-villa-azul-junto-a-los-ministros-arroyo-y-larroque\\\/#primaryimage\"},\"image\":{\"@id\":\"https:\\\/\\\/diarioprincipios.com\\\/index.php\\\/2020\\\/05\\\/28\\\/el-intendente-ferraresi-recorrio-villa-azul-junto-a-los-ministros-arroyo-y-larroque\\\/#primaryimage\"},\"thumbnailUrl\":\"https:\\\/\\\/diarioprincipios.com\\\/wp-content\\\/uploads\\\/2020\\\/05\\\/436173fd-99e7-4276-a98c-a9df7d6ffa62.jpg\",\"datePublished\":\"2020-05-28T15:18:30+00:00\",\"dateModified\":\"2020-05-28T15:18:32+00:00\",\"breadcrumb\":{\"@id\":\"https:\\\/\\\/diarioprincipios.com\\\/index.php\\\/2020\\\/05\\\/28\\\/el-intendente-ferraresi-recorrio-villa-azul-junto-a-los-ministros-arroyo-y-larroque\\\/#breadcrumb\"},\"inLanguage\":\"es\",\"potentialAction\":[{\"@type\":\"ReadAction\",\"target\":[\"https:\\\/\\\/diarioprincipios.com\\\/index.php\\\/2020\\\/05\\\/28\\\/el-intendente-ferraresi-recorrio-villa-azul-junto-a-los-ministros-arroyo-y-larroque\\\/\"]}]},{\"@type\":\"ImageObject\",\"inLanguage\":\"es\",\"@id\":\"https:\\\/\\\/diarioprincipios.com\\\/index.php\\\/2020\\\/05\\\/28\\\/el-intendente-ferraresi-recorrio-villa-azul-junto-a-los-ministros-arroyo-y-larroque\\\/#primaryimage\",\"url\":\"https:\\\/\\\/diarioprincipios.com\\\/wp-content\\\/uploads\\\/2020\\\/05\\\/436173fd-99e7-4276-a98c-a9df7d6ffa62.jpg\",\"contentUrl\":\"https:\\\/\\\/diarioprincipios.com\\\/wp-content\\\/uploads\\\/2020\\\/05\\\/436173fd-99e7-4276-a98c-a9df7d6ffa62.jpg\",\"width\":1280,\"height\":950},{\"@type\":\"BreadcrumbList\",\"@id\":\"https:\\\/\\\/diarioprincipios.com\\\/index.php\\\/2020\\\/05\\\/28\\\/el-intendente-ferraresi-recorrio-villa-azul-junto-a-los-ministros-arroyo-y-larroque\\\/#breadcrumb\",\"itemListElement\":[{\"@type\":\"ListItem\",\"position\":1,\"name\":\"Portada\",\"item\":\"https:\\\/\\\/diarioprincipios.com\\\/\"},{\"@type\":\"ListItem\",\"position\":2,\"name\":\"El intendente Ferraresi recorri\u00f3 Villa Azul junto a los ministros Arroyo y Larroque\"}]},{\"@type\":\"WebSite\",\"@id\":\"https:\\\/\\\/diarioprincipios.com\\\/#website\",\"url\":\"https:\\\/\\\/diarioprincipios.com\\\/\",\"name\":\"Principios\",\"description\":\"Principios Diario\",\"publisher\":{\"@id\":\"https:\\\/\\\/diarioprincipios.com\\\/#organization\"},\"potentialAction\":[{\"@type\":\"SearchAction\",\"target\":{\"@type\":\"EntryPoint\",\"urlTemplate\":\"https:\\\/\\\/diarioprincipios.com\\\/?s={search_term_string}\"},\"query-input\":{\"@type\":\"PropertyValueSpecification\",\"valueRequired\":true,\"valueName\":\"search_term_string\"}}],\"inLanguage\":\"es\"},{\"@type\":\"Organization\",\"@id\":\"https:\\\/\\\/diarioprincipios.com\\\/#organization\",\"name\":\"Principios\",\"url\":\"https:\\\/\\\/diarioprincipios.com\\\/\",\"logo\":{\"@type\":\"ImageObject\",\"inLanguage\":\"es\",\"@id\":\"https:\\\/\\\/diarioprincipios.com\\\/#\\\/schema\\\/logo\\\/image\\\/\",\"url\":\"https:\\\/\\\/diarioprincipios.com\\\/wp-content\\\/uploads\\\/2024\\\/04\\\/cropped-www.diarioprincipios.com_-1.png\",\"contentUrl\":\"https:\\\/\\\/diarioprincipios.com\\\/wp-content\\\/uploads\\\/2024\\\/04\\\/cropped-www.diarioprincipios.com_-1.png\",\"width\":5325,\"height\":1454,\"caption\":\"Principios\"},\"image\":{\"@id\":\"https:\\\/\\\/diarioprincipios.com\\\/#\\\/schema\\\/logo\\\/image\\\/\"}},{\"@type\":\"Person\",\"@id\":\"https:\\\/\\\/diarioprincipios.com\\\/#\\\/schema\\\/person\\\/436d5a1fd41a5e250e23ff5a6a7cb080\",\"name\":\"Hern\u00e1n L\u00f3pez\",\"image\":{\"@type\":\"ImageObject\",\"inLanguage\":\"es\",\"@id\":\"https:\\\/\\\/diarioprincipios.com\\\/wp-content\\\/litespeed\\\/avatar\\\/11ddfe5610ff3bd100522525b2571f48.jpg?ver=1777653193\",\"url\":\"https:\\\/\\\/diarioprincipios.com\\\/wp-content\\\/litespeed\\\/avatar\\\/11ddfe5610ff3bd100522525b2571f48.jpg?ver=1777653193\",\"contentUrl\":\"https:\\\/\\\/diarioprincipios.com\\\/wp-content\\\/litespeed\\\/avatar\\\/11ddfe5610ff3bd100522525b2571f48.jpg?ver=1777653193\",\"caption\":\"Hern\u00e1n L\u00f3pez\"},\"url\":\"https:\\\/\\\/diarioprincipios.com\\\/index.php\\\/author\\\/hernan\\\/\"}]}<\/script>\n<!-- \/ Yoast SEO plugin. -->","yoast_head_json":{"title":"El intendente Ferraresi recorri\u00f3 Villa Azul junto a los ministros Arroyo y Larroque - Principios","robots":{"index":"index","follow":"follow","max-snippet":"max-snippet:-1","max-image-preview":"max-image-preview:large","max-video-preview":"max-video-preview:-1"},"canonical":"https:\/\/diarioprincipios.com\/index.php\/2020\/05\/28\/el-intendente-ferraresi-recorrio-villa-azul-junto-a-los-ministros-arroyo-y-larroque\/","og_locale":"es_ES","og_type":"article","og_title":"El intendente Ferraresi recorri\u00f3 Villa Azul junto a los ministros Arroyo y Larroque - Principios","og_description":"El intendente de Avellaneda, Jorge Ferraresi, recorri\u00f3 el barrio de Villa Azul junto al ministro de Desarrollo Social de la Naci\u00f3n, Daniel Arroyo y el de la Provincia de Buenos Aires, Andr\u00e9s Larroque. Durante la caminata intercambiaron ideas sobre las diferentes acciones conjuntas que llevan adelante los tres niveles del Estado, en el marco de...","og_url":"https:\/\/diarioprincipios.com\/index.php\/2020\/05\/28\/el-intendente-ferraresi-recorrio-villa-azul-junto-a-los-ministros-arroyo-y-larroque\/","og_site_name":"Principios","article_published_time":"2020-05-28T15:18:30+00:00","article_modified_time":"2020-05-28T15:18:32+00:00","og_image":[{"width":1280,"height":950,"url":"https:\/\/diarioprincipios.com\/wp-content\/uploads\/2020\/05\/436173fd-99e7-4276-a98c-a9df7d6ffa62.jpg","type":"image\/jpeg"}],"author":"Hern\u00e1n L\u00f3pez","twitter_card":"summary_large_image","twitter_misc":{"Escrito por":"Hern\u00e1n L\u00f3pez","Tiempo de lectura":"1 minuto"},"schema":{"@context":"https:\/\/schema.org","@graph":[{"@type":"Article","@id":"https:\/\/diarioprincipios.com\/index.php\/2020\/05\/28\/el-intendente-ferraresi-recorrio-villa-azul-junto-a-los-ministros-arroyo-y-larroque\/#article","isPartOf":{"@id":"https:\/\/diarioprincipios.com\/index.php\/2020\/05\/28\/el-intendente-ferraresi-recorrio-villa-azul-junto-a-los-ministros-arroyo-y-larroque\/"},"author":{"name":"Hern\u00e1n L\u00f3pez","@id":"https:\/\/diarioprincipios.com\/#\/schema\/person\/436d5a1fd41a5e250e23ff5a6a7cb080"},"headline":"El intendente Ferraresi recorri\u00f3 Villa Azul junto a los ministros Arroyo y Larroque","datePublished":"2020-05-28T15:18:30+00:00","dateModified":"2020-05-28T15:18:32+00:00","mainEntityOfPage":{"@id":"https:\/\/diarioprincipios.com\/index.php\/2020\/05\/28\/el-intendente-ferraresi-recorrio-villa-azul-junto-a-los-ministros-arroyo-y-larroque\/"},"wordCount":283,"commentCount":0,"publisher":{"@id":"https:\/\/diarioprincipios.com\/#organization"},"image":{"@id":"https:\/\/diarioprincipios.com\/index.php\/2020\/05\/28\/el-intendente-ferraresi-recorrio-villa-azul-junto-a-los-ministros-arroyo-y-larroque\/#primaryimage"},"thumbnailUrl":"https:\/\/diarioprincipios.com\/wp-content\/uploads\/2020\/05\/436173fd-99e7-4276-a98c-a9df7d6ffa62.jpg","articleSection":["Avellaneda"],"inLanguage":"es","potentialAction":[{"@type":"CommentAction","name":"Comment","target":["https:\/\/diarioprincipios.com\/index.php\/2020\/05\/28\/el-intendente-ferraresi-recorrio-villa-azul-junto-a-los-ministros-arroyo-y-larroque\/#respond"]}]},{"@type":"WebPage","@id":"https:\/\/diarioprincipios.com\/index.php\/2020\/05\/28\/el-intendente-ferraresi-recorrio-villa-azul-junto-a-los-ministros-arroyo-y-larroque\/","url":"https:\/\/diarioprincipios.com\/index.php\/2020\/05\/28\/el-intendente-ferraresi-recorrio-villa-azul-junto-a-los-ministros-arroyo-y-larroque\/","name":"El intendente Ferraresi recorri\u00f3 Villa Azul junto a los ministros Arroyo y Larroque - Principios","isPartOf":{"@id":"https:\/\/diarioprincipios.com\/#website"},"primaryImageOfPage":{"@id":"https:\/\/diarioprincipios.com\/index.php\/2020\/05\/28\/el-intendente-ferraresi-recorrio-villa-azul-junto-a-los-ministros-arroyo-y-larroque\/#primaryimage"},"image":{"@id":"https:\/\/diarioprincipios.com\/index.php\/2020\/05\/28\/el-intendente-ferraresi-recorrio-villa-azul-junto-a-los-ministros-arroyo-y-larroque\/#primaryimage"},"thumbnailUrl":"https:\/\/diarioprincipios.com\/wp-content\/uploads\/2020\/05\/436173fd-99e7-4276-a98c-a9df7d6ffa62.jpg","datePublished":"2020-05-28T15:18:30+00:00","dateModified":"2020-05-28T15:18:32+00:00","breadcrumb":{"@id":"https:\/\/diarioprincipios.com\/index.php\/2020\/05\/28\/el-intendente-ferraresi-recorrio-villa-azul-junto-a-los-ministros-arroyo-y-larroque\/#breadcrumb"},"inLanguage":"es","potentialAction":[{"@type":"ReadAction","target":["https:\/\/diarioprincipios.com\/index.php\/2020\/05\/28\/el-intendente-ferraresi-recorrio-villa-azul-junto-a-los-ministros-arroyo-y-larroque\/"]}]},{"@type":"ImageObject","inLanguage":"es","@id":"https:\/\/diarioprincipios.com\/index.php\/2020\/05\/28\/el-intendente-ferraresi-recorrio-villa-azul-junto-a-los-ministros-arroyo-y-larroque\/#primaryimage","url":"https:\/\/diarioprincipios.com\/wp-content\/uploads\/2020\/05\/436173fd-99e7-4276-a98c-a9df7d6ffa62.jpg","contentUrl":"https:\/\/diarioprincipios.com\/wp-content\/uploads\/2020\/05\/436173fd-99e7-4276-a98c-a9df7d6ffa62.jpg","width":1280,"height":950},{"@type":"BreadcrumbList","@id":"https:\/\/diarioprincipios.com\/index.php\/2020\/05\/28\/el-intendente-ferraresi-recorrio-villa-azul-junto-a-los-ministros-arroyo-y-larroque\/#breadcrumb","itemListElement":[{"@type":"ListItem","position":1,"name":"Portada","item":"https:\/\/diarioprincipios.com\/"},{"@type":"ListItem","position":2,"name":"El intendente Ferraresi recorri\u00f3 Villa Azul junto a los ministros Arroyo y Larroque"}]},{"@type":"WebSite","@id":"https:\/\/diarioprincipios.com\/#website","url":"https:\/\/diarioprincipios.com\/","name":"Principios","description":"Principios Diario","publisher":{"@id":"https:\/\/diarioprincipios.com\/#organization"},"potentialAction":[{"@type":"SearchAction","target":{"@type":"EntryPoint","urlTemplate":"https:\/\/diarioprincipios.com\/?s={search_term_string}"},"query-input":{"@type":"PropertyValueSpecification","valueRequired":true,"valueName":"search_term_string"}}],"inLanguage":"es"},{"@type":"Organization","@id":"https:\/\/diarioprincipios.com\/#organization","name":"Principios","url":"https:\/\/diarioprincipios.com\/","logo":{"@type":"ImageObject","inLanguage":"es","@id":"https:\/\/diarioprincipios.com\/#\/schema\/logo\/image\/","url":"https:\/\/diarioprincipios.com\/wp-content\/uploads\/2024\/04\/cropped-www.diarioprincipios.com_-1.png","contentUrl":"https:\/\/diarioprincipios.com\/wp-content\/uploads\/2024\/04\/cropped-www.diarioprincipios.com_-1.png","width":5325,"height":1454,"caption":"Principios"},"image":{"@id":"https:\/\/diarioprincipios.com\/#\/schema\/logo\/image\/"}},{"@type":"Person","@id":"https:\/\/diarioprincipios.com\/#\/schema\/person\/436d5a1fd41a5e250e23ff5a6a7cb080","name":"Hern\u00e1n L\u00f3pez","image":{"@type":"ImageObject","inLanguage":"es","@id":"https:\/\/diarioprincipios.com\/wp-content\/litespeed\/avatar\/11ddfe5610ff3bd100522525b2571f48.jpg?ver=1777653193","url":"https:\/\/diarioprincipios.com\/wp-content\/litespeed\/avatar\/11ddfe5610ff3bd100522525b2571f48.jpg?ver=1777653193","contentUrl":"https:\/\/diarioprincipios.com\/wp-content\/litespeed\/avatar\/11ddfe5610ff3bd100522525b2571f48.jpg?ver=1777653193","caption":"Hern\u00e1n L\u00f3pez"},"url":"https:\/\/diarioprincipios.com\/index.php\/author\/hernan\/"}]}},"jetpack_featured_media_url":"https:\/\/diarioprincipios.com\/wp-content\/uploads\/2020\/05\/436173fd-99e7-4276-a98c-a9df7d6ffa62.jpg","_links":{"self":[{"href":"https:\/\/diarioprincipios.com\/index.php\/wp-json\/wp\/v2\/posts\/2220","targetHints":{"allow":["GET"]}}],"collection":[{"href":"https:\/\/diarioprincipios.com\/index.php\/wp-json\/wp\/v2\/posts"}],"about":[{"href":"https:\/\/diarioprincipios.com\/index.php\/wp-json\/wp\/v2\/types\/post"}],"author":[{"embeddable":true,"href":"https:\/\/diarioprincipios.com\/index.php\/wp-json\/wp\/v2\/users\/2"}],"replies":[{"embeddable":true,"href":"https:\/\/diarioprincipios.com\/index.php\/wp-json\/wp\/v2\/comments?post=2220"}],"version-history":[{"count":1,"href":"https:\/\/diarioprincipios.com\/index.php\/wp-json\/wp\/v2\/posts\/2220\/revisions"}],"predecessor-version":[{"id":2222,"href":"https:\/\/diarioprincipios.com\/index.php\/wp-json\/wp\/v2\/posts\/2220\/revisions\/2222"}],"wp:featuredmedia":[{"embeddable":true,"href":"https:\/\/diarioprincipios.com\/index.php\/wp-json\/wp\/v2\/media\/2221"}],"wp:attachment":[{"href":"https:\/\/diarioprincipios.com\/index.php\/wp-json\/wp\/v2\/media?parent=2220"}],"wp:term":[{"taxonomy":"category","embeddable":true,"href":"https:\/\/diarioprincipios.com\/index.php\/wp-json\/wp\/v2\/categories?post=2220"},{"taxonomy":"post_tag","embeddable":true,"href":"https:\/\/diarioprincipios.com\/index.php\/wp-json\/wp\/v2\/tags?post=2220"}],"curies":[{"name":"wp","href":"https:\/\/api.w.org\/{rel}","templated":true}]}}