{"id":222,"date":"2020-03-08T17:58:39","date_gmt":"2020-03-08T17:58:39","guid":{"rendered":"http:\/\/diarioprincipios.com\/?p=222"},"modified":"2020-03-08T17:58:41","modified_gmt":"2020-03-08T17:58:41","slug":"quilmes-recicla-en-beneficio-de-fundacion-garrahan","status":"publish","type":"post","link":"https:\/\/diarioprincipios.com\/index.php\/2020\/03\/08\/quilmes-recicla-en-beneficio-de-fundacion-garrahan\/","title":{"rendered":"Quilmes recicla en beneficio de Fundaci\u00f3n Garrahan"},"content":{"rendered":"\n<p>El Municipio de Quilmes informa que contin\u00faa realizando las actividades de reciclado de tapitas de pl\u00e1stico y papel en beneficio de la Fundaci\u00f3n Garrahan.<\/p>\n\n\n\n<p>A trav\u00e9s de la Desde la Subsecretar\u00eda de Promoci\u00f3n Ambiental, dependiente de la Secretar\u00eda Desarrollo Econ\u00f3mico Sustentable de Quilmes, en el mes de febrero se hicieron entrega de m\u00e1s de 10 bolsones de tapitas y papel, provenientes de la colecta del Palacio Municipal y sus dependencias.<\/p>\n\n\n\n<p>\u00abDesde el Municipio estamos comprometidos a seguir con tal noble iniciativa\u00bb, sostuvo el encargado de la cartera ambiental local, Rolando Salas. \u00abSumamos esta acci\u00f3n a la concientizaci\u00f3n diaria en los Puntos Sustentables de todo el distrito. Adem\u00e1s, todos los programas que seguiremos desarrollando a futuro desde Quilmes, acompa\u00f1ar\u00e1n fechas claves para nosotros, como el D\u00eda Mundial de Reciclador, el pasado 1 de marzo, que invita a reconocer la tarea de todos los trabajadores que con su labor contribuyen de manera esencial al cuidado del planeta\u00bb.<\/p>\n","protected":false},"excerpt":{"rendered":"<p>El Municipio de Quilmes informa que contin\u00faa realizando las actividades de reciclado de tapitas de pl\u00e1stico y papel en beneficio de la Fundaci\u00f3n Garrahan. A trav\u00e9s de la Desde la Subsecretar\u00eda de Promoci\u00f3n Ambiental, dependiente de la Secretar\u00eda Desarrollo Econ\u00f3mico Sustentable de Quilmes, en el mes de febrero se hicieron entrega de m\u00e1s de 10&#8230;<\/p>\n","protected":false},"author":2,"featured_media":223,"comment_status":"open","ping_status":"open","sticky":false,"template":"","format":"standard","meta":{"footnotes":""},"categories":[4],"tags":[],"class_list":["post-222","post","type-post","status-publish","format-standard","has-post-thumbnail","hentry","category-quilmes"],"featured_image_src":"https:\/\/diarioprincipios.com\/wp-content\/uploads\/2020\/03\/IMG-20200308-WA0009.jpg","blog_images":{"medium":"https:\/\/diarioprincipios.com\/wp-content\/uploads\/2020\/03\/IMG-20200308-WA0009-300x225.jpg","large":"https:\/\/diarioprincipios.com\/wp-content\/uploads\/2020\/03\/IMG-20200308-WA0009.jpg"},"ams_acf":[],"yoast_head":"<!-- This site is optimized with the Yoast SEO plugin v27.3 - https:\/\/yoast.com\/product\/yoast-seo-wordpress\/ -->\n<title>Quilmes recicla en beneficio de Fundaci\u00f3n Garrahan - Principios<\/title>\n<meta name=\"robots\" content=\"index, follow, max-snippet:-1, max-image-preview:large, max-video-preview:-1\" \/>\n<link rel=\"canonical\" href=\"https:\/\/diarioprincipios.com\/index.php\/2020\/03\/08\/quilmes-recicla-en-beneficio-de-fundacion-garrahan\/\" \/>\n<meta property=\"og:locale\" content=\"es_ES\" \/>\n<meta property=\"og:type\" content=\"article\" \/>\n<meta property=\"og:title\" content=\"Quilmes recicla en beneficio de Fundaci\u00f3n Garrahan - Principios\" \/>\n<meta property=\"og:description\" content=\"El Municipio de Quilmes informa que contin\u00faa realizando las actividades de reciclado de tapitas de pl\u00e1stico y papel en beneficio de la Fundaci\u00f3n Garrahan. A trav\u00e9s de la Desde la Subsecretar\u00eda de Promoci\u00f3n Ambiental, dependiente de la Secretar\u00eda Desarrollo Econ\u00f3mico Sustentable de Quilmes, en el mes de febrero se hicieron entrega de m\u00e1s de 10...\" \/>\n<meta property=\"og:url\" content=\"https:\/\/diarioprincipios.com\/index.php\/2020\/03\/08\/quilmes-recicla-en-beneficio-de-fundacion-garrahan\/\" \/>\n<meta property=\"og:site_name\" content=\"Principios\" \/>\n<meta property=\"article:published_time\" content=\"2020-03-08T17:58:39+00:00\" \/>\n<meta property=\"article:modified_time\" content=\"2020-03-08T17:58:41+00:00\" \/>\n<meta property=\"og:image\" content=\"https:\/\/diarioprincipios.com\/wp-content\/uploads\/2020\/03\/IMG-20200308-WA0009.jpg\" \/>\n\t<meta property=\"og:image:width\" content=\"1024\" \/>\n\t<meta property=\"og:image:height\" content=\"768\" \/>\n\t<meta property=\"og:image:type\" content=\"image\/jpeg\" \/>\n<meta name=\"author\" content=\"Hern\u00e1n L\u00f3pez\" \/>\n<meta name=\"twitter:card\" content=\"summary_large_image\" \/>\n<meta name=\"twitter:label1\" content=\"Escrito por\" \/>\n\t<meta name=\"twitter:data1\" content=\"Hern\u00e1n L\u00f3pez\" \/>\n\t<meta name=\"twitter:label2\" content=\"Tiempo de lectura\" \/>\n\t<meta name=\"twitter:data2\" content=\"1 minuto\" \/>\n<script type=\"application\/ld+json\" class=\"yoast-schema-graph\">{\"@context\":\"https:\\\/\\\/schema.org\",\"@graph\":[{\"@type\":\"Article\",\"@id\":\"https:\\\/\\\/diarioprincipios.com\\\/index.php\\\/2020\\\/03\\\/08\\\/quilmes-recicla-en-beneficio-de-fundacion-garrahan\\\/#article\",\"isPartOf\":{\"@id\":\"https:\\\/\\\/diarioprincipios.com\\\/index.php\\\/2020\\\/03\\\/08\\\/quilmes-recicla-en-beneficio-de-fundacion-garrahan\\\/\"},\"author\":{\"name\":\"Hern\u00e1n L\u00f3pez\",\"@id\":\"https:\\\/\\\/diarioprincipios.com\\\/#\\\/schema\\\/person\\\/436d5a1fd41a5e250e23ff5a6a7cb080\"},\"headline\":\"Quilmes recicla en beneficio de Fundaci\u00f3n Garrahan\",\"datePublished\":\"2020-03-08T17:58:39+00:00\",\"dateModified\":\"2020-03-08T17:58:41+00:00\",\"mainEntityOfPage\":{\"@id\":\"https:\\\/\\\/diarioprincipios.com\\\/index.php\\\/2020\\\/03\\\/08\\\/quilmes-recicla-en-beneficio-de-fundacion-garrahan\\\/\"},\"wordCount\":176,\"commentCount\":0,\"publisher\":{\"@id\":\"https:\\\/\\\/diarioprincipios.com\\\/#organization\"},\"image\":{\"@id\":\"https:\\\/\\\/diarioprincipios.com\\\/index.php\\\/2020\\\/03\\\/08\\\/quilmes-recicla-en-beneficio-de-fundacion-garrahan\\\/#primaryimage\"},\"thumbnailUrl\":\"https:\\\/\\\/diarioprincipios.com\\\/wp-content\\\/uploads\\\/2020\\\/03\\\/IMG-20200308-WA0009.jpg\",\"articleSection\":[\"Quilmes\"],\"inLanguage\":\"es\",\"potentialAction\":[{\"@type\":\"CommentAction\",\"name\":\"Comment\",\"target\":[\"https:\\\/\\\/diarioprincipios.com\\\/index.php\\\/2020\\\/03\\\/08\\\/quilmes-recicla-en-beneficio-de-fundacion-garrahan\\\/#respond\"]}]},{\"@type\":\"WebPage\",\"@id\":\"https:\\\/\\\/diarioprincipios.com\\\/index.php\\\/2020\\\/03\\\/08\\\/quilmes-recicla-en-beneficio-de-fundacion-garrahan\\\/\",\"url\":\"https:\\\/\\\/diarioprincipios.com\\\/index.php\\\/2020\\\/03\\\/08\\\/quilmes-recicla-en-beneficio-de-fundacion-garrahan\\\/\",\"name\":\"Quilmes recicla en beneficio de Fundaci\u00f3n Garrahan - Principios\",\"isPartOf\":{\"@id\":\"https:\\\/\\\/diarioprincipios.com\\\/#website\"},\"primaryImageOfPage\":{\"@id\":\"https:\\\/\\\/diarioprincipios.com\\\/index.php\\\/2020\\\/03\\\/08\\\/quilmes-recicla-en-beneficio-de-fundacion-garrahan\\\/#primaryimage\"},\"image\":{\"@id\":\"https:\\\/\\\/diarioprincipios.com\\\/index.php\\\/2020\\\/03\\\/08\\\/quilmes-recicla-en-beneficio-de-fundacion-garrahan\\\/#primaryimage\"},\"thumbnailUrl\":\"https:\\\/\\\/diarioprincipios.com\\\/wp-content\\\/uploads\\\/2020\\\/03\\\/IMG-20200308-WA0009.jpg\",\"datePublished\":\"2020-03-08T17:58:39+00:00\",\"dateModified\":\"2020-03-08T17:58:41+00:00\",\"breadcrumb\":{\"@id\":\"https:\\\/\\\/diarioprincipios.com\\\/index.php\\\/2020\\\/03\\\/08\\\/quilmes-recicla-en-beneficio-de-fundacion-garrahan\\\/#breadcrumb\"},\"inLanguage\":\"es\",\"potentialAction\":[{\"@type\":\"ReadAction\",\"target\":[\"https:\\\/\\\/diarioprincipios.com\\\/index.php\\\/2020\\\/03\\\/08\\\/quilmes-recicla-en-beneficio-de-fundacion-garrahan\\\/\"]}]},{\"@type\":\"ImageObject\",\"inLanguage\":\"es\",\"@id\":\"https:\\\/\\\/diarioprincipios.com\\\/index.php\\\/2020\\\/03\\\/08\\\/quilmes-recicla-en-beneficio-de-fundacion-garrahan\\\/#primaryimage\",\"url\":\"https:\\\/\\\/diarioprincipios.com\\\/wp-content\\\/uploads\\\/2020\\\/03\\\/IMG-20200308-WA0009.jpg\",\"contentUrl\":\"https:\\\/\\\/diarioprincipios.com\\\/wp-content\\\/uploads\\\/2020\\\/03\\\/IMG-20200308-WA0009.jpg\",\"width\":1024,\"height\":768},{\"@type\":\"BreadcrumbList\",\"@id\":\"https:\\\/\\\/diarioprincipios.com\\\/index.php\\\/2020\\\/03\\\/08\\\/quilmes-recicla-en-beneficio-de-fundacion-garrahan\\\/#breadcrumb\",\"itemListElement\":[{\"@type\":\"ListItem\",\"position\":1,\"name\":\"Portada\",\"item\":\"https:\\\/\\\/diarioprincipios.com\\\/\"},{\"@type\":\"ListItem\",\"position\":2,\"name\":\"Quilmes recicla en beneficio de Fundaci\u00f3n Garrahan\"}]},{\"@type\":\"WebSite\",\"@id\":\"https:\\\/\\\/diarioprincipios.com\\\/#website\",\"url\":\"https:\\\/\\\/diarioprincipios.com\\\/\",\"name\":\"Principios\",\"description\":\"Principios Diario\",\"publisher\":{\"@id\":\"https:\\\/\\\/diarioprincipios.com\\\/#organization\"},\"potentialAction\":[{\"@type\":\"SearchAction\",\"target\":{\"@type\":\"EntryPoint\",\"urlTemplate\":\"https:\\\/\\\/diarioprincipios.com\\\/?s={search_term_string}\"},\"query-input\":{\"@type\":\"PropertyValueSpecification\",\"valueRequired\":true,\"valueName\":\"search_term_string\"}}],\"inLanguage\":\"es\"},{\"@type\":\"Organization\",\"@id\":\"https:\\\/\\\/diarioprincipios.com\\\/#organization\",\"name\":\"Principios\",\"url\":\"https:\\\/\\\/diarioprincipios.com\\\/\",\"logo\":{\"@type\":\"ImageObject\",\"inLanguage\":\"es\",\"@id\":\"https:\\\/\\\/diarioprincipios.com\\\/#\\\/schema\\\/logo\\\/image\\\/\",\"url\":\"https:\\\/\\\/diarioprincipios.com\\\/wp-content\\\/uploads\\\/2024\\\/04\\\/cropped-www.diarioprincipios.com_-1.png\",\"contentUrl\":\"https:\\\/\\\/diarioprincipios.com\\\/wp-content\\\/uploads\\\/2024\\\/04\\\/cropped-www.diarioprincipios.com_-1.png\",\"width\":5325,\"height\":1454,\"caption\":\"Principios\"},\"image\":{\"@id\":\"https:\\\/\\\/diarioprincipios.com\\\/#\\\/schema\\\/logo\\\/image\\\/\"}},{\"@type\":\"Person\",\"@id\":\"https:\\\/\\\/diarioprincipios.com\\\/#\\\/schema\\\/person\\\/436d5a1fd41a5e250e23ff5a6a7cb080\",\"name\":\"Hern\u00e1n L\u00f3pez\",\"image\":{\"@type\":\"ImageObject\",\"inLanguage\":\"es\",\"@id\":\"https:\\\/\\\/diarioprincipios.com\\\/wp-content\\\/litespeed\\\/avatar\\\/11ddfe5610ff3bd100522525b2571f48.jpg?ver=1777048341\",\"url\":\"https:\\\/\\\/diarioprincipios.com\\\/wp-content\\\/litespeed\\\/avatar\\\/11ddfe5610ff3bd100522525b2571f48.jpg?ver=1777048341\",\"contentUrl\":\"https:\\\/\\\/diarioprincipios.com\\\/wp-content\\\/litespeed\\\/avatar\\\/11ddfe5610ff3bd100522525b2571f48.jpg?ver=1777048341\",\"caption\":\"Hern\u00e1n L\u00f3pez\"},\"url\":\"https:\\\/\\\/diarioprincipios.com\\\/index.php\\\/author\\\/hernan\\\/\"}]}<\/script>\n<!-- \/ Yoast SEO plugin. -->","yoast_head_json":{"title":"Quilmes recicla en beneficio de Fundaci\u00f3n Garrahan - Principios","robots":{"index":"index","follow":"follow","max-snippet":"max-snippet:-1","max-image-preview":"max-image-preview:large","max-video-preview":"max-video-preview:-1"},"canonical":"https:\/\/diarioprincipios.com\/index.php\/2020\/03\/08\/quilmes-recicla-en-beneficio-de-fundacion-garrahan\/","og_locale":"es_ES","og_type":"article","og_title":"Quilmes recicla en beneficio de Fundaci\u00f3n Garrahan - Principios","og_description":"El Municipio de Quilmes informa que contin\u00faa realizando las actividades de reciclado de tapitas de pl\u00e1stico y papel en beneficio de la Fundaci\u00f3n Garrahan. A trav\u00e9s de la Desde la Subsecretar\u00eda de Promoci\u00f3n Ambiental, dependiente de la Secretar\u00eda Desarrollo Econ\u00f3mico Sustentable de Quilmes, en el mes de febrero se hicieron entrega de m\u00e1s de 10...","og_url":"https:\/\/diarioprincipios.com\/index.php\/2020\/03\/08\/quilmes-recicla-en-beneficio-de-fundacion-garrahan\/","og_site_name":"Principios","article_published_time":"2020-03-08T17:58:39+00:00","article_modified_time":"2020-03-08T17:58:41+00:00","og_image":[{"width":1024,"height":768,"url":"https:\/\/diarioprincipios.com\/wp-content\/uploads\/2020\/03\/IMG-20200308-WA0009.jpg","type":"image\/jpeg"}],"author":"Hern\u00e1n L\u00f3pez","twitter_card":"summary_large_image","twitter_misc":{"Escrito por":"Hern\u00e1n L\u00f3pez","Tiempo de lectura":"1 minuto"},"schema":{"@context":"https:\/\/schema.org","@graph":[{"@type":"Article","@id":"https:\/\/diarioprincipios.com\/index.php\/2020\/03\/08\/quilmes-recicla-en-beneficio-de-fundacion-garrahan\/#article","isPartOf":{"@id":"https:\/\/diarioprincipios.com\/index.php\/2020\/03\/08\/quilmes-recicla-en-beneficio-de-fundacion-garrahan\/"},"author":{"name":"Hern\u00e1n L\u00f3pez","@id":"https:\/\/diarioprincipios.com\/#\/schema\/person\/436d5a1fd41a5e250e23ff5a6a7cb080"},"headline":"Quilmes recicla en beneficio de Fundaci\u00f3n Garrahan","datePublished":"2020-03-08T17:58:39+00:00","dateModified":"2020-03-08T17:58:41+00:00","mainEntityOfPage":{"@id":"https:\/\/diarioprincipios.com\/index.php\/2020\/03\/08\/quilmes-recicla-en-beneficio-de-fundacion-garrahan\/"},"wordCount":176,"commentCount":0,"publisher":{"@id":"https:\/\/diarioprincipios.com\/#organization"},"image":{"@id":"https:\/\/diarioprincipios.com\/index.php\/2020\/03\/08\/quilmes-recicla-en-beneficio-de-fundacion-garrahan\/#primaryimage"},"thumbnailUrl":"https:\/\/diarioprincipios.com\/wp-content\/uploads\/2020\/03\/IMG-20200308-WA0009.jpg","articleSection":["Quilmes"],"inLanguage":"es","potentialAction":[{"@type":"CommentAction","name":"Comment","target":["https:\/\/diarioprincipios.com\/index.php\/2020\/03\/08\/quilmes-recicla-en-beneficio-de-fundacion-garrahan\/#respond"]}]},{"@type":"WebPage","@id":"https:\/\/diarioprincipios.com\/index.php\/2020\/03\/08\/quilmes-recicla-en-beneficio-de-fundacion-garrahan\/","url":"https:\/\/diarioprincipios.com\/index.php\/2020\/03\/08\/quilmes-recicla-en-beneficio-de-fundacion-garrahan\/","name":"Quilmes recicla en beneficio de Fundaci\u00f3n Garrahan - Principios","isPartOf":{"@id":"https:\/\/diarioprincipios.com\/#website"},"primaryImageOfPage":{"@id":"https:\/\/diarioprincipios.com\/index.php\/2020\/03\/08\/quilmes-recicla-en-beneficio-de-fundacion-garrahan\/#primaryimage"},"image":{"@id":"https:\/\/diarioprincipios.com\/index.php\/2020\/03\/08\/quilmes-recicla-en-beneficio-de-fundacion-garrahan\/#primaryimage"},"thumbnailUrl":"https:\/\/diarioprincipios.com\/wp-content\/uploads\/2020\/03\/IMG-20200308-WA0009.jpg","datePublished":"2020-03-08T17:58:39+00:00","dateModified":"2020-03-08T17:58:41+00:00","breadcrumb":{"@id":"https:\/\/diarioprincipios.com\/index.php\/2020\/03\/08\/quilmes-recicla-en-beneficio-de-fundacion-garrahan\/#breadcrumb"},"inLanguage":"es","potentialAction":[{"@type":"ReadAction","target":["https:\/\/diarioprincipios.com\/index.php\/2020\/03\/08\/quilmes-recicla-en-beneficio-de-fundacion-garrahan\/"]}]},{"@type":"ImageObject","inLanguage":"es","@id":"https:\/\/diarioprincipios.com\/index.php\/2020\/03\/08\/quilmes-recicla-en-beneficio-de-fundacion-garrahan\/#primaryimage","url":"https:\/\/diarioprincipios.com\/wp-content\/uploads\/2020\/03\/IMG-20200308-WA0009.jpg","contentUrl":"https:\/\/diarioprincipios.com\/wp-content\/uploads\/2020\/03\/IMG-20200308-WA0009.jpg","width":1024,"height":768},{"@type":"BreadcrumbList","@id":"https:\/\/diarioprincipios.com\/index.php\/2020\/03\/08\/quilmes-recicla-en-beneficio-de-fundacion-garrahan\/#breadcrumb","itemListElement":[{"@type":"ListItem","position":1,"name":"Portada","item":"https:\/\/diarioprincipios.com\/"},{"@type":"ListItem","position":2,"name":"Quilmes recicla en beneficio de Fundaci\u00f3n Garrahan"}]},{"@type":"WebSite","@id":"https:\/\/diarioprincipios.com\/#website","url":"https:\/\/diarioprincipios.com\/","name":"Principios","description":"Principios Diario","publisher":{"@id":"https:\/\/diarioprincipios.com\/#organization"},"potentialAction":[{"@type":"SearchAction","target":{"@type":"EntryPoint","urlTemplate":"https:\/\/diarioprincipios.com\/?s={search_term_string}"},"query-input":{"@type":"PropertyValueSpecification","valueRequired":true,"valueName":"search_term_string"}}],"inLanguage":"es"},{"@type":"Organization","@id":"https:\/\/diarioprincipios.com\/#organization","name":"Principios","url":"https:\/\/diarioprincipios.com\/","logo":{"@type":"ImageObject","inLanguage":"es","@id":"https:\/\/diarioprincipios.com\/#\/schema\/logo\/image\/","url":"https:\/\/diarioprincipios.com\/wp-content\/uploads\/2024\/04\/cropped-www.diarioprincipios.com_-1.png","contentUrl":"https:\/\/diarioprincipios.com\/wp-content\/uploads\/2024\/04\/cropped-www.diarioprincipios.com_-1.png","width":5325,"height":1454,"caption":"Principios"},"image":{"@id":"https:\/\/diarioprincipios.com\/#\/schema\/logo\/image\/"}},{"@type":"Person","@id":"https:\/\/diarioprincipios.com\/#\/schema\/person\/436d5a1fd41a5e250e23ff5a6a7cb080","name":"Hern\u00e1n L\u00f3pez","image":{"@type":"ImageObject","inLanguage":"es","@id":"https:\/\/diarioprincipios.com\/wp-content\/litespeed\/avatar\/11ddfe5610ff3bd100522525b2571f48.jpg?ver=1777048341","url":"https:\/\/diarioprincipios.com\/wp-content\/litespeed\/avatar\/11ddfe5610ff3bd100522525b2571f48.jpg?ver=1777048341","contentUrl":"https:\/\/diarioprincipios.com\/wp-content\/litespeed\/avatar\/11ddfe5610ff3bd100522525b2571f48.jpg?ver=1777048341","caption":"Hern\u00e1n L\u00f3pez"},"url":"https:\/\/diarioprincipios.com\/index.php\/author\/hernan\/"}]}},"jetpack_featured_media_url":"https:\/\/diarioprincipios.com\/wp-content\/uploads\/2020\/03\/IMG-20200308-WA0009.jpg","_links":{"self":[{"href":"https:\/\/diarioprincipios.com\/index.php\/wp-json\/wp\/v2\/posts\/222","targetHints":{"allow":["GET"]}}],"collection":[{"href":"https:\/\/diarioprincipios.com\/index.php\/wp-json\/wp\/v2\/posts"}],"about":[{"href":"https:\/\/diarioprincipios.com\/index.php\/wp-json\/wp\/v2\/types\/post"}],"author":[{"embeddable":true,"href":"https:\/\/diarioprincipios.com\/index.php\/wp-json\/wp\/v2\/users\/2"}],"replies":[{"embeddable":true,"href":"https:\/\/diarioprincipios.com\/index.php\/wp-json\/wp\/v2\/comments?post=222"}],"version-history":[{"count":1,"href":"https:\/\/diarioprincipios.com\/index.php\/wp-json\/wp\/v2\/posts\/222\/revisions"}],"predecessor-version":[{"id":224,"href":"https:\/\/diarioprincipios.com\/index.php\/wp-json\/wp\/v2\/posts\/222\/revisions\/224"}],"wp:featuredmedia":[{"embeddable":true,"href":"https:\/\/diarioprincipios.com\/index.php\/wp-json\/wp\/v2\/media\/223"}],"wp:attachment":[{"href":"https:\/\/diarioprincipios.com\/index.php\/wp-json\/wp\/v2\/media?parent=222"}],"wp:term":[{"taxonomy":"category","embeddable":true,"href":"https:\/\/diarioprincipios.com\/index.php\/wp-json\/wp\/v2\/categories?post=222"},{"taxonomy":"post_tag","embeddable":true,"href":"https:\/\/diarioprincipios.com\/index.php\/wp-json\/wp\/v2\/tags?post=222"}],"curies":[{"name":"wp","href":"https:\/\/api.w.org\/{rel}","templated":true}]}}