{"id":22183,"date":"2024-06-24T13:32:41","date_gmt":"2024-06-24T16:32:41","guid":{"rendered":"http:\/\/diarioprincipios.com\/?p=22183"},"modified":"2024-06-24T13:32:42","modified_gmt":"2024-06-24T16:32:42","slug":"mussi-firmo-un-acuerdo-para-fortalecer-las-industrias-metalurgicas","status":"publish","type":"post","link":"https:\/\/diarioprincipios.com\/index.php\/2024\/06\/24\/mussi-firmo-un-acuerdo-para-fortalecer-las-industrias-metalurgicas\/","title":{"rendered":"Mussi firm\u00f3 un acuerdo para fortalecer las industrias metal\u00fargicas"},"content":{"rendered":"\n<p><strong>El intendente municipal, Juan Jos\u00e9 Mussi; y el presidente de la Asociaci\u00f3n de Industriales Metal\u00fargicos de la Rep\u00fablica Argentina (ADIMRA), Elio Del Re, firmaron un acta de compromiso de colaboraci\u00f3n mutua para el acompa\u00f1amiento e impulso de las industrias metal\u00fargicas locales.<\/strong><\/p>\n\n\n\n<p>En ese marco, Mussi expres\u00f3: \u201cA trav\u00e9s del acuerdo que firmamos se brindar\u00e1n capacitaciones para fortalecer y mejorar las capacidades de las industrias metal\u00fargicas del municipio y aumentar la generaci\u00f3n de empleo\u201d.<\/p>\n\n\n\n<p>Por su parte, Elio Del Re inform\u00f3: \u201cEn principio, vamos a hacer un relevamiento en las empresas metal\u00fargicas para determinar cu\u00e1les son sus necesidades de capacitaci\u00f3n. Si achicamos la brecha tecnol\u00f3gica, tendremos mejores productos, m\u00e1s futuro y m\u00e1s exportaci\u00f3n. Berazategui es un distrito metal\u00fargico muy importante, con m\u00e1s de 150 industrias de ese rubro, gracias al trabajo de promoci\u00f3n industrial que realiza el intendente Mussi desde hace tantos a\u00f1os\u201d.<\/p>\n\n\n\n<p>Tambi\u00e9n participaron Juan Manuel Parra, secretario municipal de Trabajo; Guillermo Merediz, director de la Maestr\u00eda en Innovaci\u00f3n Tecnol\u00f3gica en la UNSAM; y Laura Tuero, soci\u00f3loga especializada en Desarrollo Productivo y Territorial.<\/p>\n","protected":false},"excerpt":{"rendered":"<p>El intendente municipal, Juan Jos\u00e9 Mussi; y el presidente de la Asociaci\u00f3n de Industriales Metal\u00fargicos de la Rep\u00fablica Argentina (ADIMRA), Elio Del Re, firmaron un acta de compromiso de colaboraci\u00f3n mutua para el acompa\u00f1amiento e impulso de las industrias metal\u00fargicas locales. En ese marco, Mussi expres\u00f3: \u201cA trav\u00e9s del acuerdo que firmamos se brindar\u00e1n capacitaciones&#8230;<\/p>\n","protected":false},"author":2,"featured_media":22184,"comment_status":"open","ping_status":"open","sticky":false,"template":"","format":"standard","meta":{"footnotes":""},"categories":[3,18],"tags":[],"class_list":["post-22183","post","type-post","status-publish","format-standard","has-post-thumbnail","hentry","category-berazategui","category-comercio-industria"],"featured_image_src":"https:\/\/diarioprincipios.com\/wp-content\/uploads\/2024\/06\/MUSSI-FIRMO-UN-ACUERDO-PARA-FORTALECER-LAS-INDUSTRIAS-METALURGICAS-DE-BERAZATEGUI-1-1-1024x682.jpg","blog_images":{"medium":"https:\/\/diarioprincipios.com\/wp-content\/uploads\/2024\/06\/MUSSI-FIRMO-UN-ACUERDO-PARA-FORTALECER-LAS-INDUSTRIAS-METALURGICAS-DE-BERAZATEGUI-1-1-300x200.jpg","large":"https:\/\/diarioprincipios.com\/wp-content\/uploads\/2024\/06\/MUSSI-FIRMO-UN-ACUERDO-PARA-FORTALECER-LAS-INDUSTRIAS-METALURGICAS-DE-BERAZATEGUI-1-1-1024x682.jpg"},"ams_acf":[],"yoast_head":"<!-- This site is optimized with the Yoast SEO plugin v27.3 - https:\/\/yoast.com\/product\/yoast-seo-wordpress\/ -->\n<title>Mussi firm\u00f3 un acuerdo para fortalecer las industrias metal\u00fargicas - Principios<\/title>\n<meta name=\"robots\" content=\"index, follow, max-snippet:-1, max-image-preview:large, max-video-preview:-1\" \/>\n<link rel=\"canonical\" href=\"https:\/\/diarioprincipios.com\/index.php\/2024\/06\/24\/mussi-firmo-un-acuerdo-para-fortalecer-las-industrias-metalurgicas\/\" \/>\n<meta property=\"og:locale\" content=\"es_ES\" \/>\n<meta property=\"og:type\" content=\"article\" \/>\n<meta property=\"og:title\" content=\"Mussi firm\u00f3 un acuerdo para fortalecer las industrias metal\u00fargicas - Principios\" \/>\n<meta property=\"og:description\" content=\"El intendente municipal, Juan Jos\u00e9 Mussi; y el presidente de la Asociaci\u00f3n de Industriales Metal\u00fargicos de la Rep\u00fablica Argentina (ADIMRA), Elio Del Re, firmaron un acta de compromiso de colaboraci\u00f3n mutua para el acompa\u00f1amiento e impulso de las industrias metal\u00fargicas locales. En ese marco, Mussi expres\u00f3: \u201cA trav\u00e9s del acuerdo que firmamos se brindar\u00e1n capacitaciones...\" \/>\n<meta property=\"og:url\" content=\"https:\/\/diarioprincipios.com\/index.php\/2024\/06\/24\/mussi-firmo-un-acuerdo-para-fortalecer-las-industrias-metalurgicas\/\" \/>\n<meta property=\"og:site_name\" content=\"Principios\" \/>\n<meta property=\"article:published_time\" content=\"2024-06-24T16:32:41+00:00\" \/>\n<meta property=\"article:modified_time\" content=\"2024-06-24T16:32:42+00:00\" \/>\n<meta property=\"og:image\" content=\"https:\/\/diarioprincipios.com\/wp-content\/uploads\/2024\/06\/MUSSI-FIRMO-UN-ACUERDO-PARA-FORTALECER-LAS-INDUSTRIAS-METALURGICAS-DE-BERAZATEGUI-1-1.jpg\" \/>\n\t<meta property=\"og:image:width\" content=\"1600\" \/>\n\t<meta property=\"og:image:height\" content=\"1066\" \/>\n\t<meta property=\"og:image:type\" content=\"image\/jpeg\" \/>\n<meta name=\"author\" content=\"Hern\u00e1n L\u00f3pez\" \/>\n<meta name=\"twitter:card\" content=\"summary_large_image\" \/>\n<meta name=\"twitter:label1\" content=\"Escrito por\" \/>\n\t<meta name=\"twitter:data1\" content=\"Hern\u00e1n L\u00f3pez\" \/>\n\t<meta name=\"twitter:label2\" content=\"Tiempo de lectura\" \/>\n\t<meta name=\"twitter:data2\" content=\"1 minuto\" \/>\n<script type=\"application\/ld+json\" class=\"yoast-schema-graph\">{\"@context\":\"https:\\\/\\\/schema.org\",\"@graph\":[{\"@type\":\"Article\",\"@id\":\"https:\\\/\\\/diarioprincipios.com\\\/index.php\\\/2024\\\/06\\\/24\\\/mussi-firmo-un-acuerdo-para-fortalecer-las-industrias-metalurgicas\\\/#article\",\"isPartOf\":{\"@id\":\"https:\\\/\\\/diarioprincipios.com\\\/index.php\\\/2024\\\/06\\\/24\\\/mussi-firmo-un-acuerdo-para-fortalecer-las-industrias-metalurgicas\\\/\"},\"author\":{\"name\":\"Hern\u00e1n L\u00f3pez\",\"@id\":\"https:\\\/\\\/diarioprincipios.com\\\/#\\\/schema\\\/person\\\/436d5a1fd41a5e250e23ff5a6a7cb080\"},\"headline\":\"Mussi firm\u00f3 un acuerdo para fortalecer las industrias metal\u00fargicas\",\"datePublished\":\"2024-06-24T16:32:41+00:00\",\"dateModified\":\"2024-06-24T16:32:42+00:00\",\"mainEntityOfPage\":{\"@id\":\"https:\\\/\\\/diarioprincipios.com\\\/index.php\\\/2024\\\/06\\\/24\\\/mussi-firmo-un-acuerdo-para-fortalecer-las-industrias-metalurgicas\\\/\"},\"wordCount\":208,\"commentCount\":0,\"publisher\":{\"@id\":\"https:\\\/\\\/diarioprincipios.com\\\/#organization\"},\"image\":{\"@id\":\"https:\\\/\\\/diarioprincipios.com\\\/index.php\\\/2024\\\/06\\\/24\\\/mussi-firmo-un-acuerdo-para-fortalecer-las-industrias-metalurgicas\\\/#primaryimage\"},\"thumbnailUrl\":\"https:\\\/\\\/diarioprincipios.com\\\/wp-content\\\/uploads\\\/2024\\\/06\\\/MUSSI-FIRMO-UN-ACUERDO-PARA-FORTALECER-LAS-INDUSTRIAS-METALURGICAS-DE-BERAZATEGUI-1-1.jpg\",\"articleSection\":[\"Berazategui\",\"Comercio e Industria\"],\"inLanguage\":\"es\",\"potentialAction\":[{\"@type\":\"CommentAction\",\"name\":\"Comment\",\"target\":[\"https:\\\/\\\/diarioprincipios.com\\\/index.php\\\/2024\\\/06\\\/24\\\/mussi-firmo-un-acuerdo-para-fortalecer-las-industrias-metalurgicas\\\/#respond\"]}]},{\"@type\":\"WebPage\",\"@id\":\"https:\\\/\\\/diarioprincipios.com\\\/index.php\\\/2024\\\/06\\\/24\\\/mussi-firmo-un-acuerdo-para-fortalecer-las-industrias-metalurgicas\\\/\",\"url\":\"https:\\\/\\\/diarioprincipios.com\\\/index.php\\\/2024\\\/06\\\/24\\\/mussi-firmo-un-acuerdo-para-fortalecer-las-industrias-metalurgicas\\\/\",\"name\":\"Mussi firm\u00f3 un acuerdo para fortalecer las industrias metal\u00fargicas - Principios\",\"isPartOf\":{\"@id\":\"https:\\\/\\\/diarioprincipios.com\\\/#website\"},\"primaryImageOfPage\":{\"@id\":\"https:\\\/\\\/diarioprincipios.com\\\/index.php\\\/2024\\\/06\\\/24\\\/mussi-firmo-un-acuerdo-para-fortalecer-las-industrias-metalurgicas\\\/#primaryimage\"},\"image\":{\"@id\":\"https:\\\/\\\/diarioprincipios.com\\\/index.php\\\/2024\\\/06\\\/24\\\/mussi-firmo-un-acuerdo-para-fortalecer-las-industrias-metalurgicas\\\/#primaryimage\"},\"thumbnailUrl\":\"https:\\\/\\\/diarioprincipios.com\\\/wp-content\\\/uploads\\\/2024\\\/06\\\/MUSSI-FIRMO-UN-ACUERDO-PARA-FORTALECER-LAS-INDUSTRIAS-METALURGICAS-DE-BERAZATEGUI-1-1.jpg\",\"datePublished\":\"2024-06-24T16:32:41+00:00\",\"dateModified\":\"2024-06-24T16:32:42+00:00\",\"breadcrumb\":{\"@id\":\"https:\\\/\\\/diarioprincipios.com\\\/index.php\\\/2024\\\/06\\\/24\\\/mussi-firmo-un-acuerdo-para-fortalecer-las-industrias-metalurgicas\\\/#breadcrumb\"},\"inLanguage\":\"es\",\"potentialAction\":[{\"@type\":\"ReadAction\",\"target\":[\"https:\\\/\\\/diarioprincipios.com\\\/index.php\\\/2024\\\/06\\\/24\\\/mussi-firmo-un-acuerdo-para-fortalecer-las-industrias-metalurgicas\\\/\"]}]},{\"@type\":\"ImageObject\",\"inLanguage\":\"es\",\"@id\":\"https:\\\/\\\/diarioprincipios.com\\\/index.php\\\/2024\\\/06\\\/24\\\/mussi-firmo-un-acuerdo-para-fortalecer-las-industrias-metalurgicas\\\/#primaryimage\",\"url\":\"https:\\\/\\\/diarioprincipios.com\\\/wp-content\\\/uploads\\\/2024\\\/06\\\/MUSSI-FIRMO-UN-ACUERDO-PARA-FORTALECER-LAS-INDUSTRIAS-METALURGICAS-DE-BERAZATEGUI-1-1.jpg\",\"contentUrl\":\"https:\\\/\\\/diarioprincipios.com\\\/wp-content\\\/uploads\\\/2024\\\/06\\\/MUSSI-FIRMO-UN-ACUERDO-PARA-FORTALECER-LAS-INDUSTRIAS-METALURGICAS-DE-BERAZATEGUI-1-1.jpg\",\"width\":1600,\"height\":1066},{\"@type\":\"BreadcrumbList\",\"@id\":\"https:\\\/\\\/diarioprincipios.com\\\/index.php\\\/2024\\\/06\\\/24\\\/mussi-firmo-un-acuerdo-para-fortalecer-las-industrias-metalurgicas\\\/#breadcrumb\",\"itemListElement\":[{\"@type\":\"ListItem\",\"position\":1,\"name\":\"Portada\",\"item\":\"https:\\\/\\\/diarioprincipios.com\\\/\"},{\"@type\":\"ListItem\",\"position\":2,\"name\":\"Mussi firm\u00f3 un acuerdo para fortalecer las industrias metal\u00fargicas\"}]},{\"@type\":\"WebSite\",\"@id\":\"https:\\\/\\\/diarioprincipios.com\\\/#website\",\"url\":\"https:\\\/\\\/diarioprincipios.com\\\/\",\"name\":\"Principios\",\"description\":\"Principios Diario\",\"publisher\":{\"@id\":\"https:\\\/\\\/diarioprincipios.com\\\/#organization\"},\"potentialAction\":[{\"@type\":\"SearchAction\",\"target\":{\"@type\":\"EntryPoint\",\"urlTemplate\":\"https:\\\/\\\/diarioprincipios.com\\\/?s={search_term_string}\"},\"query-input\":{\"@type\":\"PropertyValueSpecification\",\"valueRequired\":true,\"valueName\":\"search_term_string\"}}],\"inLanguage\":\"es\"},{\"@type\":\"Organization\",\"@id\":\"https:\\\/\\\/diarioprincipios.com\\\/#organization\",\"name\":\"Principios\",\"url\":\"https:\\\/\\\/diarioprincipios.com\\\/\",\"logo\":{\"@type\":\"ImageObject\",\"inLanguage\":\"es\",\"@id\":\"https:\\\/\\\/diarioprincipios.com\\\/#\\\/schema\\\/logo\\\/image\\\/\",\"url\":\"https:\\\/\\\/diarioprincipios.com\\\/wp-content\\\/uploads\\\/2024\\\/04\\\/cropped-www.diarioprincipios.com_-1.png\",\"contentUrl\":\"https:\\\/\\\/diarioprincipios.com\\\/wp-content\\\/uploads\\\/2024\\\/04\\\/cropped-www.diarioprincipios.com_-1.png\",\"width\":5325,\"height\":1454,\"caption\":\"Principios\"},\"image\":{\"@id\":\"https:\\\/\\\/diarioprincipios.com\\\/#\\\/schema\\\/logo\\\/image\\\/\"}},{\"@type\":\"Person\",\"@id\":\"https:\\\/\\\/diarioprincipios.com\\\/#\\\/schema\\\/person\\\/436d5a1fd41a5e250e23ff5a6a7cb080\",\"name\":\"Hern\u00e1n L\u00f3pez\",\"image\":{\"@type\":\"ImageObject\",\"inLanguage\":\"es\",\"@id\":\"https:\\\/\\\/diarioprincipios.com\\\/wp-content\\\/litespeed\\\/avatar\\\/11ddfe5610ff3bd100522525b2571f48.jpg?ver=1777653193\",\"url\":\"https:\\\/\\\/diarioprincipios.com\\\/wp-content\\\/litespeed\\\/avatar\\\/11ddfe5610ff3bd100522525b2571f48.jpg?ver=1777653193\",\"contentUrl\":\"https:\\\/\\\/diarioprincipios.com\\\/wp-content\\\/litespeed\\\/avatar\\\/11ddfe5610ff3bd100522525b2571f48.jpg?ver=1777653193\",\"caption\":\"Hern\u00e1n L\u00f3pez\"},\"url\":\"https:\\\/\\\/diarioprincipios.com\\\/index.php\\\/author\\\/hernan\\\/\"}]}<\/script>\n<!-- \/ Yoast SEO plugin. -->","yoast_head_json":{"title":"Mussi firm\u00f3 un acuerdo para fortalecer las industrias metal\u00fargicas - Principios","robots":{"index":"index","follow":"follow","max-snippet":"max-snippet:-1","max-image-preview":"max-image-preview:large","max-video-preview":"max-video-preview:-1"},"canonical":"https:\/\/diarioprincipios.com\/index.php\/2024\/06\/24\/mussi-firmo-un-acuerdo-para-fortalecer-las-industrias-metalurgicas\/","og_locale":"es_ES","og_type":"article","og_title":"Mussi firm\u00f3 un acuerdo para fortalecer las industrias metal\u00fargicas - Principios","og_description":"El intendente municipal, Juan Jos\u00e9 Mussi; y el presidente de la Asociaci\u00f3n de Industriales Metal\u00fargicos de la Rep\u00fablica Argentina (ADIMRA), Elio Del Re, firmaron un acta de compromiso de colaboraci\u00f3n mutua para el acompa\u00f1amiento e impulso de las industrias metal\u00fargicas locales. En ese marco, Mussi expres\u00f3: \u201cA trav\u00e9s del acuerdo que firmamos se brindar\u00e1n capacitaciones...","og_url":"https:\/\/diarioprincipios.com\/index.php\/2024\/06\/24\/mussi-firmo-un-acuerdo-para-fortalecer-las-industrias-metalurgicas\/","og_site_name":"Principios","article_published_time":"2024-06-24T16:32:41+00:00","article_modified_time":"2024-06-24T16:32:42+00:00","og_image":[{"width":1600,"height":1066,"url":"https:\/\/diarioprincipios.com\/wp-content\/uploads\/2024\/06\/MUSSI-FIRMO-UN-ACUERDO-PARA-FORTALECER-LAS-INDUSTRIAS-METALURGICAS-DE-BERAZATEGUI-1-1.jpg","type":"image\/jpeg"}],"author":"Hern\u00e1n L\u00f3pez","twitter_card":"summary_large_image","twitter_misc":{"Escrito por":"Hern\u00e1n L\u00f3pez","Tiempo de lectura":"1 minuto"},"schema":{"@context":"https:\/\/schema.org","@graph":[{"@type":"Article","@id":"https:\/\/diarioprincipios.com\/index.php\/2024\/06\/24\/mussi-firmo-un-acuerdo-para-fortalecer-las-industrias-metalurgicas\/#article","isPartOf":{"@id":"https:\/\/diarioprincipios.com\/index.php\/2024\/06\/24\/mussi-firmo-un-acuerdo-para-fortalecer-las-industrias-metalurgicas\/"},"author":{"name":"Hern\u00e1n L\u00f3pez","@id":"https:\/\/diarioprincipios.com\/#\/schema\/person\/436d5a1fd41a5e250e23ff5a6a7cb080"},"headline":"Mussi firm\u00f3 un acuerdo para fortalecer las industrias metal\u00fargicas","datePublished":"2024-06-24T16:32:41+00:00","dateModified":"2024-06-24T16:32:42+00:00","mainEntityOfPage":{"@id":"https:\/\/diarioprincipios.com\/index.php\/2024\/06\/24\/mussi-firmo-un-acuerdo-para-fortalecer-las-industrias-metalurgicas\/"},"wordCount":208,"commentCount":0,"publisher":{"@id":"https:\/\/diarioprincipios.com\/#organization"},"image":{"@id":"https:\/\/diarioprincipios.com\/index.php\/2024\/06\/24\/mussi-firmo-un-acuerdo-para-fortalecer-las-industrias-metalurgicas\/#primaryimage"},"thumbnailUrl":"https:\/\/diarioprincipios.com\/wp-content\/uploads\/2024\/06\/MUSSI-FIRMO-UN-ACUERDO-PARA-FORTALECER-LAS-INDUSTRIAS-METALURGICAS-DE-BERAZATEGUI-1-1.jpg","articleSection":["Berazategui","Comercio e Industria"],"inLanguage":"es","potentialAction":[{"@type":"CommentAction","name":"Comment","target":["https:\/\/diarioprincipios.com\/index.php\/2024\/06\/24\/mussi-firmo-un-acuerdo-para-fortalecer-las-industrias-metalurgicas\/#respond"]}]},{"@type":"WebPage","@id":"https:\/\/diarioprincipios.com\/index.php\/2024\/06\/24\/mussi-firmo-un-acuerdo-para-fortalecer-las-industrias-metalurgicas\/","url":"https:\/\/diarioprincipios.com\/index.php\/2024\/06\/24\/mussi-firmo-un-acuerdo-para-fortalecer-las-industrias-metalurgicas\/","name":"Mussi firm\u00f3 un acuerdo para fortalecer las industrias metal\u00fargicas - Principios","isPartOf":{"@id":"https:\/\/diarioprincipios.com\/#website"},"primaryImageOfPage":{"@id":"https:\/\/diarioprincipios.com\/index.php\/2024\/06\/24\/mussi-firmo-un-acuerdo-para-fortalecer-las-industrias-metalurgicas\/#primaryimage"},"image":{"@id":"https:\/\/diarioprincipios.com\/index.php\/2024\/06\/24\/mussi-firmo-un-acuerdo-para-fortalecer-las-industrias-metalurgicas\/#primaryimage"},"thumbnailUrl":"https:\/\/diarioprincipios.com\/wp-content\/uploads\/2024\/06\/MUSSI-FIRMO-UN-ACUERDO-PARA-FORTALECER-LAS-INDUSTRIAS-METALURGICAS-DE-BERAZATEGUI-1-1.jpg","datePublished":"2024-06-24T16:32:41+00:00","dateModified":"2024-06-24T16:32:42+00:00","breadcrumb":{"@id":"https:\/\/diarioprincipios.com\/index.php\/2024\/06\/24\/mussi-firmo-un-acuerdo-para-fortalecer-las-industrias-metalurgicas\/#breadcrumb"},"inLanguage":"es","potentialAction":[{"@type":"ReadAction","target":["https:\/\/diarioprincipios.com\/index.php\/2024\/06\/24\/mussi-firmo-un-acuerdo-para-fortalecer-las-industrias-metalurgicas\/"]}]},{"@type":"ImageObject","inLanguage":"es","@id":"https:\/\/diarioprincipios.com\/index.php\/2024\/06\/24\/mussi-firmo-un-acuerdo-para-fortalecer-las-industrias-metalurgicas\/#primaryimage","url":"https:\/\/diarioprincipios.com\/wp-content\/uploads\/2024\/06\/MUSSI-FIRMO-UN-ACUERDO-PARA-FORTALECER-LAS-INDUSTRIAS-METALURGICAS-DE-BERAZATEGUI-1-1.jpg","contentUrl":"https:\/\/diarioprincipios.com\/wp-content\/uploads\/2024\/06\/MUSSI-FIRMO-UN-ACUERDO-PARA-FORTALECER-LAS-INDUSTRIAS-METALURGICAS-DE-BERAZATEGUI-1-1.jpg","width":1600,"height":1066},{"@type":"BreadcrumbList","@id":"https:\/\/diarioprincipios.com\/index.php\/2024\/06\/24\/mussi-firmo-un-acuerdo-para-fortalecer-las-industrias-metalurgicas\/#breadcrumb","itemListElement":[{"@type":"ListItem","position":1,"name":"Portada","item":"https:\/\/diarioprincipios.com\/"},{"@type":"ListItem","position":2,"name":"Mussi firm\u00f3 un acuerdo para fortalecer las industrias metal\u00fargicas"}]},{"@type":"WebSite","@id":"https:\/\/diarioprincipios.com\/#website","url":"https:\/\/diarioprincipios.com\/","name":"Principios","description":"Principios Diario","publisher":{"@id":"https:\/\/diarioprincipios.com\/#organization"},"potentialAction":[{"@type":"SearchAction","target":{"@type":"EntryPoint","urlTemplate":"https:\/\/diarioprincipios.com\/?s={search_term_string}"},"query-input":{"@type":"PropertyValueSpecification","valueRequired":true,"valueName":"search_term_string"}}],"inLanguage":"es"},{"@type":"Organization","@id":"https:\/\/diarioprincipios.com\/#organization","name":"Principios","url":"https:\/\/diarioprincipios.com\/","logo":{"@type":"ImageObject","inLanguage":"es","@id":"https:\/\/diarioprincipios.com\/#\/schema\/logo\/image\/","url":"https:\/\/diarioprincipios.com\/wp-content\/uploads\/2024\/04\/cropped-www.diarioprincipios.com_-1.png","contentUrl":"https:\/\/diarioprincipios.com\/wp-content\/uploads\/2024\/04\/cropped-www.diarioprincipios.com_-1.png","width":5325,"height":1454,"caption":"Principios"},"image":{"@id":"https:\/\/diarioprincipios.com\/#\/schema\/logo\/image\/"}},{"@type":"Person","@id":"https:\/\/diarioprincipios.com\/#\/schema\/person\/436d5a1fd41a5e250e23ff5a6a7cb080","name":"Hern\u00e1n L\u00f3pez","image":{"@type":"ImageObject","inLanguage":"es","@id":"https:\/\/diarioprincipios.com\/wp-content\/litespeed\/avatar\/11ddfe5610ff3bd100522525b2571f48.jpg?ver=1777653193","url":"https:\/\/diarioprincipios.com\/wp-content\/litespeed\/avatar\/11ddfe5610ff3bd100522525b2571f48.jpg?ver=1777653193","contentUrl":"https:\/\/diarioprincipios.com\/wp-content\/litespeed\/avatar\/11ddfe5610ff3bd100522525b2571f48.jpg?ver=1777653193","caption":"Hern\u00e1n L\u00f3pez"},"url":"https:\/\/diarioprincipios.com\/index.php\/author\/hernan\/"}]}},"jetpack_featured_media_url":"https:\/\/diarioprincipios.com\/wp-content\/uploads\/2024\/06\/MUSSI-FIRMO-UN-ACUERDO-PARA-FORTALECER-LAS-INDUSTRIAS-METALURGICAS-DE-BERAZATEGUI-1-1.jpg","_links":{"self":[{"href":"https:\/\/diarioprincipios.com\/index.php\/wp-json\/wp\/v2\/posts\/22183","targetHints":{"allow":["GET"]}}],"collection":[{"href":"https:\/\/diarioprincipios.com\/index.php\/wp-json\/wp\/v2\/posts"}],"about":[{"href":"https:\/\/diarioprincipios.com\/index.php\/wp-json\/wp\/v2\/types\/post"}],"author":[{"embeddable":true,"href":"https:\/\/diarioprincipios.com\/index.php\/wp-json\/wp\/v2\/users\/2"}],"replies":[{"embeddable":true,"href":"https:\/\/diarioprincipios.com\/index.php\/wp-json\/wp\/v2\/comments?post=22183"}],"version-history":[{"count":1,"href":"https:\/\/diarioprincipios.com\/index.php\/wp-json\/wp\/v2\/posts\/22183\/revisions"}],"predecessor-version":[{"id":22185,"href":"https:\/\/diarioprincipios.com\/index.php\/wp-json\/wp\/v2\/posts\/22183\/revisions\/22185"}],"wp:featuredmedia":[{"embeddable":true,"href":"https:\/\/diarioprincipios.com\/index.php\/wp-json\/wp\/v2\/media\/22184"}],"wp:attachment":[{"href":"https:\/\/diarioprincipios.com\/index.php\/wp-json\/wp\/v2\/media?parent=22183"}],"wp:term":[{"taxonomy":"category","embeddable":true,"href":"https:\/\/diarioprincipios.com\/index.php\/wp-json\/wp\/v2\/categories?post=22183"},{"taxonomy":"post_tag","embeddable":true,"href":"https:\/\/diarioprincipios.com\/index.php\/wp-json\/wp\/v2\/tags?post=22183"}],"curies":[{"name":"wp","href":"https:\/\/api.w.org\/{rel}","templated":true}]}}