{"id":22174,"date":"2024-06-18T15:35:50","date_gmt":"2024-06-18T18:35:50","guid":{"rendered":"http:\/\/diarioprincipios.com\/?p=22174"},"modified":"2024-06-18T15:38:53","modified_gmt":"2024-06-18T18:38:53","slug":"atsa-quilmes-recibio-del-hcd-de-berazategui-un-reconocimiento-a-los-trabajadores-de-la-salud","status":"publish","type":"post","link":"https:\/\/diarioprincipios.com\/index.php\/2024\/06\/18\/atsa-quilmes-recibio-del-hcd-de-berazategui-un-reconocimiento-a-los-trabajadores-de-la-salud\/","title":{"rendered":"ATSA Quilmes recibi\u00f3 del HCD de Berazategui un reconocimiento a los Trabajadores de la Sanidad"},"content":{"rendered":"\n<p>Los trabajadores del sector privado de la salud fueron homenajeados el \u00faltimo viernes por el Concejo Deliberante de Berazategui que aprob\u00f3 la Ordenanza N\u00b0 6533 mediante la cual se destac\u00f3 \u00abde inter\u00e9s hist\u00f3rico y solidario la esencial y especial labor desarrollada por los trabajadores y las trabajadoras de la sanidad del sector privado de la salud, con motivo de la valiente y eficiente tarea desarrollada durante la pandemia de Covid 19\u00bb.<\/p>\n\n\n\n<figure class=\"wp-block-image size-large\"><img loading=\"lazy\" decoding=\"async\" width=\"644\" height=\"1024\" src=\"https:\/\/diarioprincipios.com\/wp-content\/uploads\/2024\/06\/Screenshot_20240618_151104_Facebook-644x1024.jpg\" alt=\"\" class=\"wp-image-22175\" srcset=\"https:\/\/diarioprincipios.com\/wp-content\/uploads\/2024\/06\/Screenshot_20240618_151104_Facebook-644x1024.jpg 644w, https:\/\/diarioprincipios.com\/wp-content\/uploads\/2024\/06\/Screenshot_20240618_151104_Facebook-189x300.jpg 189w, https:\/\/diarioprincipios.com\/wp-content\/uploads\/2024\/06\/Screenshot_20240618_151104_Facebook-768x1221.jpg 768w, https:\/\/diarioprincipios.com\/wp-content\/uploads\/2024\/06\/Screenshot_20240618_151104_Facebook-966x1536.jpg 966w, https:\/\/diarioprincipios.com\/wp-content\/uploads\/2024\/06\/Screenshot_20240618_151104_Facebook.jpg 992w\" sizes=\"auto, (max-width: 644px) 100vw, 644px\" \/><\/figure>\n\n\n\n<p>La sesi\u00f3n tuvo una amplia presencia de trabajadores nucleados en ATSA, quienes acompa\u00f1aron al Secretario General Ricardo Romero a recibir copia de la Ordenanza.<\/p>\n\n\n\n<figure class=\"wp-block-image size-large\"><img loading=\"lazy\" decoding=\"async\" width=\"719\" height=\"1024\" src=\"https:\/\/diarioprincipios.com\/wp-content\/uploads\/2024\/06\/Screenshot_20240618_151057_Facebook-719x1024.jpg\" alt=\"\" class=\"wp-image-22177\" srcset=\"https:\/\/diarioprincipios.com\/wp-content\/uploads\/2024\/06\/Screenshot_20240618_151057_Facebook-719x1024.jpg 719w, https:\/\/diarioprincipios.com\/wp-content\/uploads\/2024\/06\/Screenshot_20240618_151057_Facebook-211x300.jpg 211w, https:\/\/diarioprincipios.com\/wp-content\/uploads\/2024\/06\/Screenshot_20240618_151057_Facebook-768x1093.jpg 768w, https:\/\/diarioprincipios.com\/wp-content\/uploads\/2024\/06\/Screenshot_20240618_151057_Facebook.jpg 980w\" sizes=\"auto, (max-width: 719px) 100vw, 719px\" \/><\/figure>\n\n\n\n<p>\u00abEste es un paso m\u00e1s en nuestro arduo trabajo para lograr que los trabajadores y las trabajadoras sean verdaderamente reconocidos en todos los estamentos de la sociedad\u00bb, dijo emocionado Ricardo Romero.<\/p>\n\n\n\n<figure class=\"wp-block-image size-large\"><img loading=\"lazy\" decoding=\"async\" width=\"901\" height=\"1024\" src=\"https:\/\/diarioprincipios.com\/wp-content\/uploads\/2024\/06\/Screenshot_20240618_151054_Facebook-901x1024.jpg\" alt=\"\" class=\"wp-image-22176\" srcset=\"https:\/\/diarioprincipios.com\/wp-content\/uploads\/2024\/06\/Screenshot_20240618_151054_Facebook-901x1024.jpg 901w, https:\/\/diarioprincipios.com\/wp-content\/uploads\/2024\/06\/Screenshot_20240618_151054_Facebook-264x300.jpg 264w, https:\/\/diarioprincipios.com\/wp-content\/uploads\/2024\/06\/Screenshot_20240618_151054_Facebook-768x872.jpg 768w, https:\/\/diarioprincipios.com\/wp-content\/uploads\/2024\/06\/Screenshot_20240618_151054_Facebook.jpg 978w\" sizes=\"auto, (max-width: 901px) 100vw, 901px\" \/><\/figure>\n\n\n\n<p>Finalmente, el secretario general de ATSA Filial Quilmes (que incluye a Berazategui entre sus varios distritos de influencia) agradeci\u00f3 al HCD y sostuvo que \u00abentendemos que el reconocimiento es una deuda pendiente de los sectores pol\u00edticos, gubernamentales y empresariales con los trabajadores de nuestro sector\u00bb.<\/p>\n","protected":false},"excerpt":{"rendered":"<p>Los trabajadores del sector privado de la salud fueron homenajeados el \u00faltimo viernes por el Concejo Deliberante de Berazategui que aprob\u00f3 la Ordenanza N\u00b0 6533 mediante la cual se destac\u00f3 \u00abde inter\u00e9s hist\u00f3rico y solidario la esencial y especial labor desarrollada por los trabajadores y las trabajadoras de la sanidad del sector privado de la&#8230;<\/p>\n","protected":false},"author":2,"featured_media":22180,"comment_status":"open","ping_status":"open","sticky":false,"template":"","format":"standard","meta":{"footnotes":""},"categories":[3,17],"tags":[],"class_list":["post-22174","post","type-post","status-publish","format-standard","has-post-thumbnail","hentry","category-berazategui","category-zona-sur"],"featured_image_src":"https:\/\/diarioprincipios.com\/wp-content\/uploads\/2024\/06\/Screenshot_20240618_151038_Facebook-795x1024.jpg","blog_images":{"medium":"https:\/\/diarioprincipios.com\/wp-content\/uploads\/2024\/06\/Screenshot_20240618_151038_Facebook-233x300.jpg","large":"https:\/\/diarioprincipios.com\/wp-content\/uploads\/2024\/06\/Screenshot_20240618_151038_Facebook-795x1024.jpg"},"ams_acf":[],"yoast_head":"<!-- This site is optimized with the Yoast SEO plugin v27.3 - https:\/\/yoast.com\/product\/yoast-seo-wordpress\/ -->\n<title>ATSA Quilmes recibi\u00f3 del HCD de Berazategui un reconocimiento a los Trabajadores de la Sanidad - Principios<\/title>\n<meta name=\"robots\" content=\"index, follow, max-snippet:-1, max-image-preview:large, max-video-preview:-1\" \/>\n<link rel=\"canonical\" href=\"https:\/\/diarioprincipios.com\/index.php\/2024\/06\/18\/atsa-quilmes-recibio-del-hcd-de-berazategui-un-reconocimiento-a-los-trabajadores-de-la-salud\/\" \/>\n<meta property=\"og:locale\" content=\"es_ES\" \/>\n<meta property=\"og:type\" content=\"article\" \/>\n<meta property=\"og:title\" content=\"ATSA Quilmes recibi\u00f3 del HCD de Berazategui un reconocimiento a los Trabajadores de la Sanidad - Principios\" \/>\n<meta property=\"og:description\" content=\"Los trabajadores del sector privado de la salud fueron homenajeados el \u00faltimo viernes por el Concejo Deliberante de Berazategui que aprob\u00f3 la Ordenanza N\u00b0 6533 mediante la cual se destac\u00f3 \u00abde inter\u00e9s hist\u00f3rico y solidario la esencial y especial labor desarrollada por los trabajadores y las trabajadoras de la sanidad del sector privado de la...\" \/>\n<meta property=\"og:url\" content=\"https:\/\/diarioprincipios.com\/index.php\/2024\/06\/18\/atsa-quilmes-recibio-del-hcd-de-berazategui-un-reconocimiento-a-los-trabajadores-de-la-salud\/\" \/>\n<meta property=\"og:site_name\" content=\"Principios\" \/>\n<meta property=\"article:published_time\" content=\"2024-06-18T18:35:50+00:00\" \/>\n<meta property=\"article:modified_time\" content=\"2024-06-18T18:38:53+00:00\" \/>\n<meta property=\"og:image\" content=\"https:\/\/diarioprincipios.com\/wp-content\/uploads\/2024\/06\/Screenshot_20240618_151038_Facebook.jpg\" \/>\n\t<meta property=\"og:image:width\" content=\"994\" \/>\n\t<meta property=\"og:image:height\" content=\"1281\" \/>\n\t<meta property=\"og:image:type\" content=\"image\/jpeg\" \/>\n<meta name=\"author\" content=\"Hern\u00e1n L\u00f3pez\" \/>\n<meta name=\"twitter:card\" content=\"summary_large_image\" \/>\n<meta name=\"twitter:label1\" content=\"Escrito por\" \/>\n\t<meta name=\"twitter:data1\" content=\"Hern\u00e1n L\u00f3pez\" \/>\n\t<meta name=\"twitter:label2\" content=\"Tiempo de lectura\" \/>\n\t<meta name=\"twitter:data2\" content=\"2 minutos\" \/>\n<script type=\"application\/ld+json\" class=\"yoast-schema-graph\">{\"@context\":\"https:\\\/\\\/schema.org\",\"@graph\":[{\"@type\":\"Article\",\"@id\":\"https:\\\/\\\/diarioprincipios.com\\\/index.php\\\/2024\\\/06\\\/18\\\/atsa-quilmes-recibio-del-hcd-de-berazategui-un-reconocimiento-a-los-trabajadores-de-la-salud\\\/#article\",\"isPartOf\":{\"@id\":\"https:\\\/\\\/diarioprincipios.com\\\/index.php\\\/2024\\\/06\\\/18\\\/atsa-quilmes-recibio-del-hcd-de-berazategui-un-reconocimiento-a-los-trabajadores-de-la-salud\\\/\"},\"author\":{\"name\":\"Hern\u00e1n L\u00f3pez\",\"@id\":\"https:\\\/\\\/diarioprincipios.com\\\/#\\\/schema\\\/person\\\/436d5a1fd41a5e250e23ff5a6a7cb080\"},\"headline\":\"ATSA Quilmes recibi\u00f3 del HCD de Berazategui un reconocimiento a los Trabajadores de la Sanidad\",\"datePublished\":\"2024-06-18T18:35:50+00:00\",\"dateModified\":\"2024-06-18T18:38:53+00:00\",\"mainEntityOfPage\":{\"@id\":\"https:\\\/\\\/diarioprincipios.com\\\/index.php\\\/2024\\\/06\\\/18\\\/atsa-quilmes-recibio-del-hcd-de-berazategui-un-reconocimiento-a-los-trabajadores-de-la-salud\\\/\"},\"wordCount\":190,\"commentCount\":0,\"publisher\":{\"@id\":\"https:\\\/\\\/diarioprincipios.com\\\/#organization\"},\"image\":{\"@id\":\"https:\\\/\\\/diarioprincipios.com\\\/index.php\\\/2024\\\/06\\\/18\\\/atsa-quilmes-recibio-del-hcd-de-berazategui-un-reconocimiento-a-los-trabajadores-de-la-salud\\\/#primaryimage\"},\"thumbnailUrl\":\"https:\\\/\\\/diarioprincipios.com\\\/wp-content\\\/uploads\\\/2024\\\/06\\\/Screenshot_20240618_151038_Facebook.jpg\",\"articleSection\":[\"Berazategui\",\"Zonar Sur\"],\"inLanguage\":\"es\",\"potentialAction\":[{\"@type\":\"CommentAction\",\"name\":\"Comment\",\"target\":[\"https:\\\/\\\/diarioprincipios.com\\\/index.php\\\/2024\\\/06\\\/18\\\/atsa-quilmes-recibio-del-hcd-de-berazategui-un-reconocimiento-a-los-trabajadores-de-la-salud\\\/#respond\"]}]},{\"@type\":\"WebPage\",\"@id\":\"https:\\\/\\\/diarioprincipios.com\\\/index.php\\\/2024\\\/06\\\/18\\\/atsa-quilmes-recibio-del-hcd-de-berazategui-un-reconocimiento-a-los-trabajadores-de-la-salud\\\/\",\"url\":\"https:\\\/\\\/diarioprincipios.com\\\/index.php\\\/2024\\\/06\\\/18\\\/atsa-quilmes-recibio-del-hcd-de-berazategui-un-reconocimiento-a-los-trabajadores-de-la-salud\\\/\",\"name\":\"ATSA Quilmes recibi\u00f3 del HCD de Berazategui un reconocimiento a los Trabajadores de la Sanidad - Principios\",\"isPartOf\":{\"@id\":\"https:\\\/\\\/diarioprincipios.com\\\/#website\"},\"primaryImageOfPage\":{\"@id\":\"https:\\\/\\\/diarioprincipios.com\\\/index.php\\\/2024\\\/06\\\/18\\\/atsa-quilmes-recibio-del-hcd-de-berazategui-un-reconocimiento-a-los-trabajadores-de-la-salud\\\/#primaryimage\"},\"image\":{\"@id\":\"https:\\\/\\\/diarioprincipios.com\\\/index.php\\\/2024\\\/06\\\/18\\\/atsa-quilmes-recibio-del-hcd-de-berazategui-un-reconocimiento-a-los-trabajadores-de-la-salud\\\/#primaryimage\"},\"thumbnailUrl\":\"https:\\\/\\\/diarioprincipios.com\\\/wp-content\\\/uploads\\\/2024\\\/06\\\/Screenshot_20240618_151038_Facebook.jpg\",\"datePublished\":\"2024-06-18T18:35:50+00:00\",\"dateModified\":\"2024-06-18T18:38:53+00:00\",\"breadcrumb\":{\"@id\":\"https:\\\/\\\/diarioprincipios.com\\\/index.php\\\/2024\\\/06\\\/18\\\/atsa-quilmes-recibio-del-hcd-de-berazategui-un-reconocimiento-a-los-trabajadores-de-la-salud\\\/#breadcrumb\"},\"inLanguage\":\"es\",\"potentialAction\":[{\"@type\":\"ReadAction\",\"target\":[\"https:\\\/\\\/diarioprincipios.com\\\/index.php\\\/2024\\\/06\\\/18\\\/atsa-quilmes-recibio-del-hcd-de-berazategui-un-reconocimiento-a-los-trabajadores-de-la-salud\\\/\"]}]},{\"@type\":\"ImageObject\",\"inLanguage\":\"es\",\"@id\":\"https:\\\/\\\/diarioprincipios.com\\\/index.php\\\/2024\\\/06\\\/18\\\/atsa-quilmes-recibio-del-hcd-de-berazategui-un-reconocimiento-a-los-trabajadores-de-la-salud\\\/#primaryimage\",\"url\":\"https:\\\/\\\/diarioprincipios.com\\\/wp-content\\\/uploads\\\/2024\\\/06\\\/Screenshot_20240618_151038_Facebook.jpg\",\"contentUrl\":\"https:\\\/\\\/diarioprincipios.com\\\/wp-content\\\/uploads\\\/2024\\\/06\\\/Screenshot_20240618_151038_Facebook.jpg\",\"width\":994,\"height\":1281},{\"@type\":\"BreadcrumbList\",\"@id\":\"https:\\\/\\\/diarioprincipios.com\\\/index.php\\\/2024\\\/06\\\/18\\\/atsa-quilmes-recibio-del-hcd-de-berazategui-un-reconocimiento-a-los-trabajadores-de-la-salud\\\/#breadcrumb\",\"itemListElement\":[{\"@type\":\"ListItem\",\"position\":1,\"name\":\"Portada\",\"item\":\"https:\\\/\\\/diarioprincipios.com\\\/\"},{\"@type\":\"ListItem\",\"position\":2,\"name\":\"ATSA Quilmes recibi\u00f3 del HCD de Berazategui un reconocimiento a los Trabajadores de la Sanidad\"}]},{\"@type\":\"WebSite\",\"@id\":\"https:\\\/\\\/diarioprincipios.com\\\/#website\",\"url\":\"https:\\\/\\\/diarioprincipios.com\\\/\",\"name\":\"Principios\",\"description\":\"Principios Diario\",\"publisher\":{\"@id\":\"https:\\\/\\\/diarioprincipios.com\\\/#organization\"},\"potentialAction\":[{\"@type\":\"SearchAction\",\"target\":{\"@type\":\"EntryPoint\",\"urlTemplate\":\"https:\\\/\\\/diarioprincipios.com\\\/?s={search_term_string}\"},\"query-input\":{\"@type\":\"PropertyValueSpecification\",\"valueRequired\":true,\"valueName\":\"search_term_string\"}}],\"inLanguage\":\"es\"},{\"@type\":\"Organization\",\"@id\":\"https:\\\/\\\/diarioprincipios.com\\\/#organization\",\"name\":\"Principios\",\"url\":\"https:\\\/\\\/diarioprincipios.com\\\/\",\"logo\":{\"@type\":\"ImageObject\",\"inLanguage\":\"es\",\"@id\":\"https:\\\/\\\/diarioprincipios.com\\\/#\\\/schema\\\/logo\\\/image\\\/\",\"url\":\"https:\\\/\\\/diarioprincipios.com\\\/wp-content\\\/uploads\\\/2024\\\/04\\\/cropped-www.diarioprincipios.com_-1.png\",\"contentUrl\":\"https:\\\/\\\/diarioprincipios.com\\\/wp-content\\\/uploads\\\/2024\\\/04\\\/cropped-www.diarioprincipios.com_-1.png\",\"width\":5325,\"height\":1454,\"caption\":\"Principios\"},\"image\":{\"@id\":\"https:\\\/\\\/diarioprincipios.com\\\/#\\\/schema\\\/logo\\\/image\\\/\"}},{\"@type\":\"Person\",\"@id\":\"https:\\\/\\\/diarioprincipios.com\\\/#\\\/schema\\\/person\\\/436d5a1fd41a5e250e23ff5a6a7cb080\",\"name\":\"Hern\u00e1n L\u00f3pez\",\"image\":{\"@type\":\"ImageObject\",\"inLanguage\":\"es\",\"@id\":\"https:\\\/\\\/diarioprincipios.com\\\/wp-content\\\/litespeed\\\/avatar\\\/11ddfe5610ff3bd100522525b2571f48.jpg?ver=1777653193\",\"url\":\"https:\\\/\\\/diarioprincipios.com\\\/wp-content\\\/litespeed\\\/avatar\\\/11ddfe5610ff3bd100522525b2571f48.jpg?ver=1777653193\",\"contentUrl\":\"https:\\\/\\\/diarioprincipios.com\\\/wp-content\\\/litespeed\\\/avatar\\\/11ddfe5610ff3bd100522525b2571f48.jpg?ver=1777653193\",\"caption\":\"Hern\u00e1n L\u00f3pez\"},\"url\":\"https:\\\/\\\/diarioprincipios.com\\\/index.php\\\/author\\\/hernan\\\/\"}]}<\/script>\n<!-- \/ Yoast SEO plugin. -->","yoast_head_json":{"title":"ATSA Quilmes recibi\u00f3 del HCD de Berazategui un reconocimiento a los Trabajadores de la Sanidad - Principios","robots":{"index":"index","follow":"follow","max-snippet":"max-snippet:-1","max-image-preview":"max-image-preview:large","max-video-preview":"max-video-preview:-1"},"canonical":"https:\/\/diarioprincipios.com\/index.php\/2024\/06\/18\/atsa-quilmes-recibio-del-hcd-de-berazategui-un-reconocimiento-a-los-trabajadores-de-la-salud\/","og_locale":"es_ES","og_type":"article","og_title":"ATSA Quilmes recibi\u00f3 del HCD de Berazategui un reconocimiento a los Trabajadores de la Sanidad - Principios","og_description":"Los trabajadores del sector privado de la salud fueron homenajeados el \u00faltimo viernes por el Concejo Deliberante de Berazategui que aprob\u00f3 la Ordenanza N\u00b0 6533 mediante la cual se destac\u00f3 \u00abde inter\u00e9s hist\u00f3rico y solidario la esencial y especial labor desarrollada por los trabajadores y las trabajadoras de la sanidad del sector privado de la...","og_url":"https:\/\/diarioprincipios.com\/index.php\/2024\/06\/18\/atsa-quilmes-recibio-del-hcd-de-berazategui-un-reconocimiento-a-los-trabajadores-de-la-salud\/","og_site_name":"Principios","article_published_time":"2024-06-18T18:35:50+00:00","article_modified_time":"2024-06-18T18:38:53+00:00","og_image":[{"width":994,"height":1281,"url":"https:\/\/diarioprincipios.com\/wp-content\/uploads\/2024\/06\/Screenshot_20240618_151038_Facebook.jpg","type":"image\/jpeg"}],"author":"Hern\u00e1n L\u00f3pez","twitter_card":"summary_large_image","twitter_misc":{"Escrito por":"Hern\u00e1n L\u00f3pez","Tiempo de lectura":"2 minutos"},"schema":{"@context":"https:\/\/schema.org","@graph":[{"@type":"Article","@id":"https:\/\/diarioprincipios.com\/index.php\/2024\/06\/18\/atsa-quilmes-recibio-del-hcd-de-berazategui-un-reconocimiento-a-los-trabajadores-de-la-salud\/#article","isPartOf":{"@id":"https:\/\/diarioprincipios.com\/index.php\/2024\/06\/18\/atsa-quilmes-recibio-del-hcd-de-berazategui-un-reconocimiento-a-los-trabajadores-de-la-salud\/"},"author":{"name":"Hern\u00e1n L\u00f3pez","@id":"https:\/\/diarioprincipios.com\/#\/schema\/person\/436d5a1fd41a5e250e23ff5a6a7cb080"},"headline":"ATSA Quilmes recibi\u00f3 del HCD de Berazategui un reconocimiento a los Trabajadores de la Sanidad","datePublished":"2024-06-18T18:35:50+00:00","dateModified":"2024-06-18T18:38:53+00:00","mainEntityOfPage":{"@id":"https:\/\/diarioprincipios.com\/index.php\/2024\/06\/18\/atsa-quilmes-recibio-del-hcd-de-berazategui-un-reconocimiento-a-los-trabajadores-de-la-salud\/"},"wordCount":190,"commentCount":0,"publisher":{"@id":"https:\/\/diarioprincipios.com\/#organization"},"image":{"@id":"https:\/\/diarioprincipios.com\/index.php\/2024\/06\/18\/atsa-quilmes-recibio-del-hcd-de-berazategui-un-reconocimiento-a-los-trabajadores-de-la-salud\/#primaryimage"},"thumbnailUrl":"https:\/\/diarioprincipios.com\/wp-content\/uploads\/2024\/06\/Screenshot_20240618_151038_Facebook.jpg","articleSection":["Berazategui","Zonar Sur"],"inLanguage":"es","potentialAction":[{"@type":"CommentAction","name":"Comment","target":["https:\/\/diarioprincipios.com\/index.php\/2024\/06\/18\/atsa-quilmes-recibio-del-hcd-de-berazategui-un-reconocimiento-a-los-trabajadores-de-la-salud\/#respond"]}]},{"@type":"WebPage","@id":"https:\/\/diarioprincipios.com\/index.php\/2024\/06\/18\/atsa-quilmes-recibio-del-hcd-de-berazategui-un-reconocimiento-a-los-trabajadores-de-la-salud\/","url":"https:\/\/diarioprincipios.com\/index.php\/2024\/06\/18\/atsa-quilmes-recibio-del-hcd-de-berazategui-un-reconocimiento-a-los-trabajadores-de-la-salud\/","name":"ATSA Quilmes recibi\u00f3 del HCD de Berazategui un reconocimiento a los Trabajadores de la Sanidad - Principios","isPartOf":{"@id":"https:\/\/diarioprincipios.com\/#website"},"primaryImageOfPage":{"@id":"https:\/\/diarioprincipios.com\/index.php\/2024\/06\/18\/atsa-quilmes-recibio-del-hcd-de-berazategui-un-reconocimiento-a-los-trabajadores-de-la-salud\/#primaryimage"},"image":{"@id":"https:\/\/diarioprincipios.com\/index.php\/2024\/06\/18\/atsa-quilmes-recibio-del-hcd-de-berazategui-un-reconocimiento-a-los-trabajadores-de-la-salud\/#primaryimage"},"thumbnailUrl":"https:\/\/diarioprincipios.com\/wp-content\/uploads\/2024\/06\/Screenshot_20240618_151038_Facebook.jpg","datePublished":"2024-06-18T18:35:50+00:00","dateModified":"2024-06-18T18:38:53+00:00","breadcrumb":{"@id":"https:\/\/diarioprincipios.com\/index.php\/2024\/06\/18\/atsa-quilmes-recibio-del-hcd-de-berazategui-un-reconocimiento-a-los-trabajadores-de-la-salud\/#breadcrumb"},"inLanguage":"es","potentialAction":[{"@type":"ReadAction","target":["https:\/\/diarioprincipios.com\/index.php\/2024\/06\/18\/atsa-quilmes-recibio-del-hcd-de-berazategui-un-reconocimiento-a-los-trabajadores-de-la-salud\/"]}]},{"@type":"ImageObject","inLanguage":"es","@id":"https:\/\/diarioprincipios.com\/index.php\/2024\/06\/18\/atsa-quilmes-recibio-del-hcd-de-berazategui-un-reconocimiento-a-los-trabajadores-de-la-salud\/#primaryimage","url":"https:\/\/diarioprincipios.com\/wp-content\/uploads\/2024\/06\/Screenshot_20240618_151038_Facebook.jpg","contentUrl":"https:\/\/diarioprincipios.com\/wp-content\/uploads\/2024\/06\/Screenshot_20240618_151038_Facebook.jpg","width":994,"height":1281},{"@type":"BreadcrumbList","@id":"https:\/\/diarioprincipios.com\/index.php\/2024\/06\/18\/atsa-quilmes-recibio-del-hcd-de-berazategui-un-reconocimiento-a-los-trabajadores-de-la-salud\/#breadcrumb","itemListElement":[{"@type":"ListItem","position":1,"name":"Portada","item":"https:\/\/diarioprincipios.com\/"},{"@type":"ListItem","position":2,"name":"ATSA Quilmes recibi\u00f3 del HCD de Berazategui un reconocimiento a los Trabajadores de la Sanidad"}]},{"@type":"WebSite","@id":"https:\/\/diarioprincipios.com\/#website","url":"https:\/\/diarioprincipios.com\/","name":"Principios","description":"Principios Diario","publisher":{"@id":"https:\/\/diarioprincipios.com\/#organization"},"potentialAction":[{"@type":"SearchAction","target":{"@type":"EntryPoint","urlTemplate":"https:\/\/diarioprincipios.com\/?s={search_term_string}"},"query-input":{"@type":"PropertyValueSpecification","valueRequired":true,"valueName":"search_term_string"}}],"inLanguage":"es"},{"@type":"Organization","@id":"https:\/\/diarioprincipios.com\/#organization","name":"Principios","url":"https:\/\/diarioprincipios.com\/","logo":{"@type":"ImageObject","inLanguage":"es","@id":"https:\/\/diarioprincipios.com\/#\/schema\/logo\/image\/","url":"https:\/\/diarioprincipios.com\/wp-content\/uploads\/2024\/04\/cropped-www.diarioprincipios.com_-1.png","contentUrl":"https:\/\/diarioprincipios.com\/wp-content\/uploads\/2024\/04\/cropped-www.diarioprincipios.com_-1.png","width":5325,"height":1454,"caption":"Principios"},"image":{"@id":"https:\/\/diarioprincipios.com\/#\/schema\/logo\/image\/"}},{"@type":"Person","@id":"https:\/\/diarioprincipios.com\/#\/schema\/person\/436d5a1fd41a5e250e23ff5a6a7cb080","name":"Hern\u00e1n L\u00f3pez","image":{"@type":"ImageObject","inLanguage":"es","@id":"https:\/\/diarioprincipios.com\/wp-content\/litespeed\/avatar\/11ddfe5610ff3bd100522525b2571f48.jpg?ver=1777653193","url":"https:\/\/diarioprincipios.com\/wp-content\/litespeed\/avatar\/11ddfe5610ff3bd100522525b2571f48.jpg?ver=1777653193","contentUrl":"https:\/\/diarioprincipios.com\/wp-content\/litespeed\/avatar\/11ddfe5610ff3bd100522525b2571f48.jpg?ver=1777653193","caption":"Hern\u00e1n L\u00f3pez"},"url":"https:\/\/diarioprincipios.com\/index.php\/author\/hernan\/"}]}},"jetpack_featured_media_url":"https:\/\/diarioprincipios.com\/wp-content\/uploads\/2024\/06\/Screenshot_20240618_151038_Facebook.jpg","_links":{"self":[{"href":"https:\/\/diarioprincipios.com\/index.php\/wp-json\/wp\/v2\/posts\/22174","targetHints":{"allow":["GET"]}}],"collection":[{"href":"https:\/\/diarioprincipios.com\/index.php\/wp-json\/wp\/v2\/posts"}],"about":[{"href":"https:\/\/diarioprincipios.com\/index.php\/wp-json\/wp\/v2\/types\/post"}],"author":[{"embeddable":true,"href":"https:\/\/diarioprincipios.com\/index.php\/wp-json\/wp\/v2\/users\/2"}],"replies":[{"embeddable":true,"href":"https:\/\/diarioprincipios.com\/index.php\/wp-json\/wp\/v2\/comments?post=22174"}],"version-history":[{"count":2,"href":"https:\/\/diarioprincipios.com\/index.php\/wp-json\/wp\/v2\/posts\/22174\/revisions"}],"predecessor-version":[{"id":22182,"href":"https:\/\/diarioprincipios.com\/index.php\/wp-json\/wp\/v2\/posts\/22174\/revisions\/22182"}],"wp:featuredmedia":[{"embeddable":true,"href":"https:\/\/diarioprincipios.com\/index.php\/wp-json\/wp\/v2\/media\/22180"}],"wp:attachment":[{"href":"https:\/\/diarioprincipios.com\/index.php\/wp-json\/wp\/v2\/media?parent=22174"}],"wp:term":[{"taxonomy":"category","embeddable":true,"href":"https:\/\/diarioprincipios.com\/index.php\/wp-json\/wp\/v2\/categories?post=22174"},{"taxonomy":"post_tag","embeddable":true,"href":"https:\/\/diarioprincipios.com\/index.php\/wp-json\/wp\/v2\/tags?post=22174"}],"curies":[{"name":"wp","href":"https:\/\/api.w.org\/{rel}","templated":true}]}}