{"id":22103,"date":"2024-06-11T14:21:26","date_gmt":"2024-06-11T17:21:26","guid":{"rendered":"http:\/\/diarioprincipios.com\/?p=22103"},"modified":"2024-06-11T14:21:29","modified_gmt":"2024-06-11T17:21:29","slug":"adriana-varela-ciudadana-ilustre-de-avellaneda","status":"publish","type":"post","link":"https:\/\/diarioprincipios.com\/index.php\/2024\/06\/11\/adriana-varela-ciudadana-ilustre-de-avellaneda\/","title":{"rendered":"Adriana Varela, Ciudadana Ilustre de Avellaneda"},"content":{"rendered":"\n<p>El acto ser\u00e1 el martes 25 a las 18hs en el CMA y para presenciarlo ya se abri\u00f3 la inscripci\u00f3n previa.<\/p>\n\n\n\n<p>Declarada Ciudadana Ilustre por el Honorable Concejo Deliberante de Avellaneda, la artista oriunda de la localidad de Pi\u00f1eiro, ser\u00e1 homenajeada el martes 25 de junio en el Centro Municipal de Arte, ubicado en San Mart\u00edn 797.<\/p>\n\n\n\n<p>Adriana Varela es una de las cantantes m\u00e1s importantes del pa\u00eds y su voz es reconocida a nivel mundial. Junto con el intendente Jorge Ferraresi, Adriana participar\u00e1 de la ceremonia junto a artistas y amigos que han acompa\u00f1ado su trayectoria.<\/p>\n","protected":false},"excerpt":{"rendered":"<p>El acto ser\u00e1 el martes 25 a las 18hs en el CMA y para presenciarlo ya se abri\u00f3 la inscripci\u00f3n previa. Declarada Ciudadana Ilustre por el Honorable Concejo Deliberante de Avellaneda, la artista oriunda de la localidad de Pi\u00f1eiro, ser\u00e1 homenajeada el martes 25 de junio en el Centro Municipal de Arte, ubicado en San&#8230;<\/p>\n","protected":false},"author":2,"featured_media":22104,"comment_status":"open","ping_status":"open","sticky":false,"template":"","format":"standard","meta":{"footnotes":""},"categories":[19,17],"tags":[],"class_list":["post-22103","post","type-post","status-publish","format-standard","has-post-thumbnail","hentry","category-cultura-educacion","category-zona-sur"],"featured_image_src":"https:\/\/diarioprincipios.com\/wp-content\/uploads\/2024\/06\/Mesa-de-trabajo-1-836x1024.png","blog_images":{"medium":"https:\/\/diarioprincipios.com\/wp-content\/uploads\/2024\/06\/Mesa-de-trabajo-1-245x300.png","large":"https:\/\/diarioprincipios.com\/wp-content\/uploads\/2024\/06\/Mesa-de-trabajo-1-836x1024.png"},"ams_acf":[],"yoast_head":"<!-- This site is optimized with the Yoast SEO plugin v27.3 - https:\/\/yoast.com\/product\/yoast-seo-wordpress\/ -->\n<title>Adriana Varela, Ciudadana Ilustre de Avellaneda - Principios<\/title>\n<meta name=\"robots\" content=\"index, follow, max-snippet:-1, max-image-preview:large, max-video-preview:-1\" \/>\n<link rel=\"canonical\" href=\"https:\/\/diarioprincipios.com\/index.php\/2024\/06\/11\/adriana-varela-ciudadana-ilustre-de-avellaneda\/\" \/>\n<meta property=\"og:locale\" content=\"es_ES\" \/>\n<meta property=\"og:type\" content=\"article\" \/>\n<meta property=\"og:title\" content=\"Adriana Varela, Ciudadana Ilustre de Avellaneda - Principios\" \/>\n<meta property=\"og:description\" content=\"El acto ser\u00e1 el martes 25 a las 18hs en el CMA y para presenciarlo ya se abri\u00f3 la inscripci\u00f3n previa. Declarada Ciudadana Ilustre por el Honorable Concejo Deliberante de Avellaneda, la artista oriunda de la localidad de Pi\u00f1eiro, ser\u00e1 homenajeada el martes 25 de junio en el Centro Municipal de Arte, ubicado en San...\" \/>\n<meta property=\"og:url\" content=\"https:\/\/diarioprincipios.com\/index.php\/2024\/06\/11\/adriana-varela-ciudadana-ilustre-de-avellaneda\/\" \/>\n<meta property=\"og:site_name\" content=\"Principios\" \/>\n<meta property=\"article:published_time\" content=\"2024-06-11T17:21:26+00:00\" \/>\n<meta property=\"article:modified_time\" content=\"2024-06-11T17:21:29+00:00\" \/>\n<meta property=\"og:image\" content=\"https:\/\/diarioprincipios.com\/wp-content\/uploads\/2024\/06\/Mesa-de-trabajo-1.png\" \/>\n\t<meta property=\"og:image:width\" content=\"1200\" \/>\n\t<meta property=\"og:image:height\" content=\"1470\" \/>\n\t<meta property=\"og:image:type\" content=\"image\/png\" \/>\n<meta name=\"author\" content=\"Hern\u00e1n L\u00f3pez\" \/>\n<meta name=\"twitter:card\" content=\"summary_large_image\" \/>\n<meta name=\"twitter:label1\" content=\"Escrito por\" \/>\n\t<meta name=\"twitter:data1\" content=\"Hern\u00e1n L\u00f3pez\" \/>\n\t<meta name=\"twitter:label2\" content=\"Tiempo de lectura\" \/>\n\t<meta name=\"twitter:data2\" content=\"1 minuto\" \/>\n<script type=\"application\/ld+json\" class=\"yoast-schema-graph\">{\"@context\":\"https:\\\/\\\/schema.org\",\"@graph\":[{\"@type\":\"Article\",\"@id\":\"https:\\\/\\\/diarioprincipios.com\\\/index.php\\\/2024\\\/06\\\/11\\\/adriana-varela-ciudadana-ilustre-de-avellaneda\\\/#article\",\"isPartOf\":{\"@id\":\"https:\\\/\\\/diarioprincipios.com\\\/index.php\\\/2024\\\/06\\\/11\\\/adriana-varela-ciudadana-ilustre-de-avellaneda\\\/\"},\"author\":{\"name\":\"Hern\u00e1n L\u00f3pez\",\"@id\":\"https:\\\/\\\/diarioprincipios.com\\\/#\\\/schema\\\/person\\\/436d5a1fd41a5e250e23ff5a6a7cb080\"},\"headline\":\"Adriana Varela, Ciudadana Ilustre de Avellaneda\",\"datePublished\":\"2024-06-11T17:21:26+00:00\",\"dateModified\":\"2024-06-11T17:21:29+00:00\",\"mainEntityOfPage\":{\"@id\":\"https:\\\/\\\/diarioprincipios.com\\\/index.php\\\/2024\\\/06\\\/11\\\/adriana-varela-ciudadana-ilustre-de-avellaneda\\\/\"},\"wordCount\":106,\"commentCount\":0,\"publisher\":{\"@id\":\"https:\\\/\\\/diarioprincipios.com\\\/#organization\"},\"image\":{\"@id\":\"https:\\\/\\\/diarioprincipios.com\\\/index.php\\\/2024\\\/06\\\/11\\\/adriana-varela-ciudadana-ilustre-de-avellaneda\\\/#primaryimage\"},\"thumbnailUrl\":\"https:\\\/\\\/diarioprincipios.com\\\/wp-content\\\/uploads\\\/2024\\\/06\\\/Mesa-de-trabajo-1.png\",\"articleSection\":[\"Cultura y Educaci\u00f3n\",\"Zonar Sur\"],\"inLanguage\":\"es\",\"potentialAction\":[{\"@type\":\"CommentAction\",\"name\":\"Comment\",\"target\":[\"https:\\\/\\\/diarioprincipios.com\\\/index.php\\\/2024\\\/06\\\/11\\\/adriana-varela-ciudadana-ilustre-de-avellaneda\\\/#respond\"]}]},{\"@type\":\"WebPage\",\"@id\":\"https:\\\/\\\/diarioprincipios.com\\\/index.php\\\/2024\\\/06\\\/11\\\/adriana-varela-ciudadana-ilustre-de-avellaneda\\\/\",\"url\":\"https:\\\/\\\/diarioprincipios.com\\\/index.php\\\/2024\\\/06\\\/11\\\/adriana-varela-ciudadana-ilustre-de-avellaneda\\\/\",\"name\":\"Adriana Varela, Ciudadana Ilustre de Avellaneda - Principios\",\"isPartOf\":{\"@id\":\"https:\\\/\\\/diarioprincipios.com\\\/#website\"},\"primaryImageOfPage\":{\"@id\":\"https:\\\/\\\/diarioprincipios.com\\\/index.php\\\/2024\\\/06\\\/11\\\/adriana-varela-ciudadana-ilustre-de-avellaneda\\\/#primaryimage\"},\"image\":{\"@id\":\"https:\\\/\\\/diarioprincipios.com\\\/index.php\\\/2024\\\/06\\\/11\\\/adriana-varela-ciudadana-ilustre-de-avellaneda\\\/#primaryimage\"},\"thumbnailUrl\":\"https:\\\/\\\/diarioprincipios.com\\\/wp-content\\\/uploads\\\/2024\\\/06\\\/Mesa-de-trabajo-1.png\",\"datePublished\":\"2024-06-11T17:21:26+00:00\",\"dateModified\":\"2024-06-11T17:21:29+00:00\",\"breadcrumb\":{\"@id\":\"https:\\\/\\\/diarioprincipios.com\\\/index.php\\\/2024\\\/06\\\/11\\\/adriana-varela-ciudadana-ilustre-de-avellaneda\\\/#breadcrumb\"},\"inLanguage\":\"es\",\"potentialAction\":[{\"@type\":\"ReadAction\",\"target\":[\"https:\\\/\\\/diarioprincipios.com\\\/index.php\\\/2024\\\/06\\\/11\\\/adriana-varela-ciudadana-ilustre-de-avellaneda\\\/\"]}]},{\"@type\":\"ImageObject\",\"inLanguage\":\"es\",\"@id\":\"https:\\\/\\\/diarioprincipios.com\\\/index.php\\\/2024\\\/06\\\/11\\\/adriana-varela-ciudadana-ilustre-de-avellaneda\\\/#primaryimage\",\"url\":\"https:\\\/\\\/diarioprincipios.com\\\/wp-content\\\/uploads\\\/2024\\\/06\\\/Mesa-de-trabajo-1.png\",\"contentUrl\":\"https:\\\/\\\/diarioprincipios.com\\\/wp-content\\\/uploads\\\/2024\\\/06\\\/Mesa-de-trabajo-1.png\",\"width\":1200,\"height\":1470},{\"@type\":\"BreadcrumbList\",\"@id\":\"https:\\\/\\\/diarioprincipios.com\\\/index.php\\\/2024\\\/06\\\/11\\\/adriana-varela-ciudadana-ilustre-de-avellaneda\\\/#breadcrumb\",\"itemListElement\":[{\"@type\":\"ListItem\",\"position\":1,\"name\":\"Portada\",\"item\":\"https:\\\/\\\/diarioprincipios.com\\\/\"},{\"@type\":\"ListItem\",\"position\":2,\"name\":\"Adriana Varela, Ciudadana Ilustre de Avellaneda\"}]},{\"@type\":\"WebSite\",\"@id\":\"https:\\\/\\\/diarioprincipios.com\\\/#website\",\"url\":\"https:\\\/\\\/diarioprincipios.com\\\/\",\"name\":\"Principios\",\"description\":\"Principios Diario\",\"publisher\":{\"@id\":\"https:\\\/\\\/diarioprincipios.com\\\/#organization\"},\"potentialAction\":[{\"@type\":\"SearchAction\",\"target\":{\"@type\":\"EntryPoint\",\"urlTemplate\":\"https:\\\/\\\/diarioprincipios.com\\\/?s={search_term_string}\"},\"query-input\":{\"@type\":\"PropertyValueSpecification\",\"valueRequired\":true,\"valueName\":\"search_term_string\"}}],\"inLanguage\":\"es\"},{\"@type\":\"Organization\",\"@id\":\"https:\\\/\\\/diarioprincipios.com\\\/#organization\",\"name\":\"Principios\",\"url\":\"https:\\\/\\\/diarioprincipios.com\\\/\",\"logo\":{\"@type\":\"ImageObject\",\"inLanguage\":\"es\",\"@id\":\"https:\\\/\\\/diarioprincipios.com\\\/#\\\/schema\\\/logo\\\/image\\\/\",\"url\":\"https:\\\/\\\/diarioprincipios.com\\\/wp-content\\\/uploads\\\/2024\\\/04\\\/cropped-www.diarioprincipios.com_-1.png\",\"contentUrl\":\"https:\\\/\\\/diarioprincipios.com\\\/wp-content\\\/uploads\\\/2024\\\/04\\\/cropped-www.diarioprincipios.com_-1.png\",\"width\":5325,\"height\":1454,\"caption\":\"Principios\"},\"image\":{\"@id\":\"https:\\\/\\\/diarioprincipios.com\\\/#\\\/schema\\\/logo\\\/image\\\/\"}},{\"@type\":\"Person\",\"@id\":\"https:\\\/\\\/diarioprincipios.com\\\/#\\\/schema\\\/person\\\/436d5a1fd41a5e250e23ff5a6a7cb080\",\"name\":\"Hern\u00e1n L\u00f3pez\",\"image\":{\"@type\":\"ImageObject\",\"inLanguage\":\"es\",\"@id\":\"https:\\\/\\\/diarioprincipios.com\\\/wp-content\\\/litespeed\\\/avatar\\\/11ddfe5610ff3bd100522525b2571f48.jpg?ver=1777653193\",\"url\":\"https:\\\/\\\/diarioprincipios.com\\\/wp-content\\\/litespeed\\\/avatar\\\/11ddfe5610ff3bd100522525b2571f48.jpg?ver=1777653193\",\"contentUrl\":\"https:\\\/\\\/diarioprincipios.com\\\/wp-content\\\/litespeed\\\/avatar\\\/11ddfe5610ff3bd100522525b2571f48.jpg?ver=1777653193\",\"caption\":\"Hern\u00e1n L\u00f3pez\"},\"url\":\"https:\\\/\\\/diarioprincipios.com\\\/index.php\\\/author\\\/hernan\\\/\"}]}<\/script>\n<!-- \/ Yoast SEO plugin. -->","yoast_head_json":{"title":"Adriana Varela, Ciudadana Ilustre de Avellaneda - Principios","robots":{"index":"index","follow":"follow","max-snippet":"max-snippet:-1","max-image-preview":"max-image-preview:large","max-video-preview":"max-video-preview:-1"},"canonical":"https:\/\/diarioprincipios.com\/index.php\/2024\/06\/11\/adriana-varela-ciudadana-ilustre-de-avellaneda\/","og_locale":"es_ES","og_type":"article","og_title":"Adriana Varela, Ciudadana Ilustre de Avellaneda - Principios","og_description":"El acto ser\u00e1 el martes 25 a las 18hs en el CMA y para presenciarlo ya se abri\u00f3 la inscripci\u00f3n previa. Declarada Ciudadana Ilustre por el Honorable Concejo Deliberante de Avellaneda, la artista oriunda de la localidad de Pi\u00f1eiro, ser\u00e1 homenajeada el martes 25 de junio en el Centro Municipal de Arte, ubicado en San...","og_url":"https:\/\/diarioprincipios.com\/index.php\/2024\/06\/11\/adriana-varela-ciudadana-ilustre-de-avellaneda\/","og_site_name":"Principios","article_published_time":"2024-06-11T17:21:26+00:00","article_modified_time":"2024-06-11T17:21:29+00:00","og_image":[{"width":1200,"height":1470,"url":"https:\/\/diarioprincipios.com\/wp-content\/uploads\/2024\/06\/Mesa-de-trabajo-1.png","type":"image\/png"}],"author":"Hern\u00e1n L\u00f3pez","twitter_card":"summary_large_image","twitter_misc":{"Escrito por":"Hern\u00e1n L\u00f3pez","Tiempo de lectura":"1 minuto"},"schema":{"@context":"https:\/\/schema.org","@graph":[{"@type":"Article","@id":"https:\/\/diarioprincipios.com\/index.php\/2024\/06\/11\/adriana-varela-ciudadana-ilustre-de-avellaneda\/#article","isPartOf":{"@id":"https:\/\/diarioprincipios.com\/index.php\/2024\/06\/11\/adriana-varela-ciudadana-ilustre-de-avellaneda\/"},"author":{"name":"Hern\u00e1n L\u00f3pez","@id":"https:\/\/diarioprincipios.com\/#\/schema\/person\/436d5a1fd41a5e250e23ff5a6a7cb080"},"headline":"Adriana Varela, Ciudadana Ilustre de Avellaneda","datePublished":"2024-06-11T17:21:26+00:00","dateModified":"2024-06-11T17:21:29+00:00","mainEntityOfPage":{"@id":"https:\/\/diarioprincipios.com\/index.php\/2024\/06\/11\/adriana-varela-ciudadana-ilustre-de-avellaneda\/"},"wordCount":106,"commentCount":0,"publisher":{"@id":"https:\/\/diarioprincipios.com\/#organization"},"image":{"@id":"https:\/\/diarioprincipios.com\/index.php\/2024\/06\/11\/adriana-varela-ciudadana-ilustre-de-avellaneda\/#primaryimage"},"thumbnailUrl":"https:\/\/diarioprincipios.com\/wp-content\/uploads\/2024\/06\/Mesa-de-trabajo-1.png","articleSection":["Cultura y Educaci\u00f3n","Zonar Sur"],"inLanguage":"es","potentialAction":[{"@type":"CommentAction","name":"Comment","target":["https:\/\/diarioprincipios.com\/index.php\/2024\/06\/11\/adriana-varela-ciudadana-ilustre-de-avellaneda\/#respond"]}]},{"@type":"WebPage","@id":"https:\/\/diarioprincipios.com\/index.php\/2024\/06\/11\/adriana-varela-ciudadana-ilustre-de-avellaneda\/","url":"https:\/\/diarioprincipios.com\/index.php\/2024\/06\/11\/adriana-varela-ciudadana-ilustre-de-avellaneda\/","name":"Adriana Varela, Ciudadana Ilustre de Avellaneda - Principios","isPartOf":{"@id":"https:\/\/diarioprincipios.com\/#website"},"primaryImageOfPage":{"@id":"https:\/\/diarioprincipios.com\/index.php\/2024\/06\/11\/adriana-varela-ciudadana-ilustre-de-avellaneda\/#primaryimage"},"image":{"@id":"https:\/\/diarioprincipios.com\/index.php\/2024\/06\/11\/adriana-varela-ciudadana-ilustre-de-avellaneda\/#primaryimage"},"thumbnailUrl":"https:\/\/diarioprincipios.com\/wp-content\/uploads\/2024\/06\/Mesa-de-trabajo-1.png","datePublished":"2024-06-11T17:21:26+00:00","dateModified":"2024-06-11T17:21:29+00:00","breadcrumb":{"@id":"https:\/\/diarioprincipios.com\/index.php\/2024\/06\/11\/adriana-varela-ciudadana-ilustre-de-avellaneda\/#breadcrumb"},"inLanguage":"es","potentialAction":[{"@type":"ReadAction","target":["https:\/\/diarioprincipios.com\/index.php\/2024\/06\/11\/adriana-varela-ciudadana-ilustre-de-avellaneda\/"]}]},{"@type":"ImageObject","inLanguage":"es","@id":"https:\/\/diarioprincipios.com\/index.php\/2024\/06\/11\/adriana-varela-ciudadana-ilustre-de-avellaneda\/#primaryimage","url":"https:\/\/diarioprincipios.com\/wp-content\/uploads\/2024\/06\/Mesa-de-trabajo-1.png","contentUrl":"https:\/\/diarioprincipios.com\/wp-content\/uploads\/2024\/06\/Mesa-de-trabajo-1.png","width":1200,"height":1470},{"@type":"BreadcrumbList","@id":"https:\/\/diarioprincipios.com\/index.php\/2024\/06\/11\/adriana-varela-ciudadana-ilustre-de-avellaneda\/#breadcrumb","itemListElement":[{"@type":"ListItem","position":1,"name":"Portada","item":"https:\/\/diarioprincipios.com\/"},{"@type":"ListItem","position":2,"name":"Adriana Varela, Ciudadana Ilustre de Avellaneda"}]},{"@type":"WebSite","@id":"https:\/\/diarioprincipios.com\/#website","url":"https:\/\/diarioprincipios.com\/","name":"Principios","description":"Principios Diario","publisher":{"@id":"https:\/\/diarioprincipios.com\/#organization"},"potentialAction":[{"@type":"SearchAction","target":{"@type":"EntryPoint","urlTemplate":"https:\/\/diarioprincipios.com\/?s={search_term_string}"},"query-input":{"@type":"PropertyValueSpecification","valueRequired":true,"valueName":"search_term_string"}}],"inLanguage":"es"},{"@type":"Organization","@id":"https:\/\/diarioprincipios.com\/#organization","name":"Principios","url":"https:\/\/diarioprincipios.com\/","logo":{"@type":"ImageObject","inLanguage":"es","@id":"https:\/\/diarioprincipios.com\/#\/schema\/logo\/image\/","url":"https:\/\/diarioprincipios.com\/wp-content\/uploads\/2024\/04\/cropped-www.diarioprincipios.com_-1.png","contentUrl":"https:\/\/diarioprincipios.com\/wp-content\/uploads\/2024\/04\/cropped-www.diarioprincipios.com_-1.png","width":5325,"height":1454,"caption":"Principios"},"image":{"@id":"https:\/\/diarioprincipios.com\/#\/schema\/logo\/image\/"}},{"@type":"Person","@id":"https:\/\/diarioprincipios.com\/#\/schema\/person\/436d5a1fd41a5e250e23ff5a6a7cb080","name":"Hern\u00e1n L\u00f3pez","image":{"@type":"ImageObject","inLanguage":"es","@id":"https:\/\/diarioprincipios.com\/wp-content\/litespeed\/avatar\/11ddfe5610ff3bd100522525b2571f48.jpg?ver=1777653193","url":"https:\/\/diarioprincipios.com\/wp-content\/litespeed\/avatar\/11ddfe5610ff3bd100522525b2571f48.jpg?ver=1777653193","contentUrl":"https:\/\/diarioprincipios.com\/wp-content\/litespeed\/avatar\/11ddfe5610ff3bd100522525b2571f48.jpg?ver=1777653193","caption":"Hern\u00e1n L\u00f3pez"},"url":"https:\/\/diarioprincipios.com\/index.php\/author\/hernan\/"}]}},"jetpack_featured_media_url":"https:\/\/diarioprincipios.com\/wp-content\/uploads\/2024\/06\/Mesa-de-trabajo-1.png","_links":{"self":[{"href":"https:\/\/diarioprincipios.com\/index.php\/wp-json\/wp\/v2\/posts\/22103","targetHints":{"allow":["GET"]}}],"collection":[{"href":"https:\/\/diarioprincipios.com\/index.php\/wp-json\/wp\/v2\/posts"}],"about":[{"href":"https:\/\/diarioprincipios.com\/index.php\/wp-json\/wp\/v2\/types\/post"}],"author":[{"embeddable":true,"href":"https:\/\/diarioprincipios.com\/index.php\/wp-json\/wp\/v2\/users\/2"}],"replies":[{"embeddable":true,"href":"https:\/\/diarioprincipios.com\/index.php\/wp-json\/wp\/v2\/comments?post=22103"}],"version-history":[{"count":1,"href":"https:\/\/diarioprincipios.com\/index.php\/wp-json\/wp\/v2\/posts\/22103\/revisions"}],"predecessor-version":[{"id":22105,"href":"https:\/\/diarioprincipios.com\/index.php\/wp-json\/wp\/v2\/posts\/22103\/revisions\/22105"}],"wp:featuredmedia":[{"embeddable":true,"href":"https:\/\/diarioprincipios.com\/index.php\/wp-json\/wp\/v2\/media\/22104"}],"wp:attachment":[{"href":"https:\/\/diarioprincipios.com\/index.php\/wp-json\/wp\/v2\/media?parent=22103"}],"wp:term":[{"taxonomy":"category","embeddable":true,"href":"https:\/\/diarioprincipios.com\/index.php\/wp-json\/wp\/v2\/categories?post=22103"},{"taxonomy":"post_tag","embeddable":true,"href":"https:\/\/diarioprincipios.com\/index.php\/wp-json\/wp\/v2\/tags?post=22103"}],"curies":[{"name":"wp","href":"https:\/\/api.w.org\/{rel}","templated":true}]}}