{"id":22091,"date":"2024-06-10T14:45:49","date_gmt":"2024-06-10T17:45:49","guid":{"rendered":"http:\/\/diarioprincipios.com\/?p=22091"},"modified":"2024-06-10T14:45:52","modified_gmt":"2024-06-10T17:45:52","slug":"25-salon-nacional-de-creatividad-y-diseno-artesanal","status":"publish","type":"post","link":"https:\/\/diarioprincipios.com\/index.php\/2024\/06\/10\/25-salon-nacional-de-creatividad-y-diseno-artesanal\/","title":{"rendered":"25\u00b0 Sal\u00f3n Nacional de Creatividad y Dise\u00f1o Artesanal"},"content":{"rendered":"\n<p><strong>Del 8 al 23 de junio se desarrolla  la 25\u00b0 edici\u00f3n del Sal\u00f3n Nacional de Creatividad y Dise\u00f1o Artesanal, un evento emblem\u00e1tico en Berazategui. Se exhibir\u00e1n m\u00e1s de 100 obras en el Complejo Cultural Municipal El Patio (calle 149 e\/ 15 y 15 A), de 15.00 a 19.00, con entrada libre y gratuita.<\/strong><\/p>\n\n\n\n<p>El Sal\u00f3n Nacional de Creatividad y Dise\u00f1o Artesanal es organizado desde 1998 por la Secretar\u00eda de Cultura y Educaci\u00f3n de la Municipalidad de Berazategui, por una decisi\u00f3n del intendente Juan Jos\u00e9 Mussi. En este sentido, el Municipio cuenta con una Escuela de Artesan\u00edas destacada como uno de los centros de producci\u00f3n y ense\u00f1anza m\u00e1s sobresalientes en su campo a nivel nacional.<\/p>\n\n\n\n<figure class=\"wp-block-image size-large\"><img loading=\"lazy\" decoding=\"async\" width=\"1024\" height=\"683\" src=\"https:\/\/diarioprincipios.com\/wp-content\/uploads\/2024\/06\/SE-INAUGURARA-EL-25\u00b0-SALON-NACIONAL-DE-CREATIVIDAD-Y-DISENO-ARTESANAL-4-2-1024x683.jpg\" alt=\"\" class=\"wp-image-22092\" srcset=\"https:\/\/diarioprincipios.com\/wp-content\/uploads\/2024\/06\/SE-INAUGURARA-EL-25\u00b0-SALON-NACIONAL-DE-CREATIVIDAD-Y-DISENO-ARTESANAL-4-2-1024x683.jpg 1024w, https:\/\/diarioprincipios.com\/wp-content\/uploads\/2024\/06\/SE-INAUGURARA-EL-25\u00b0-SALON-NACIONAL-DE-CREATIVIDAD-Y-DISENO-ARTESANAL-4-2-300x200.jpg 300w, https:\/\/diarioprincipios.com\/wp-content\/uploads\/2024\/06\/SE-INAUGURARA-EL-25\u00b0-SALON-NACIONAL-DE-CREATIVIDAD-Y-DISENO-ARTESANAL-4-2-768x512.jpg 768w, https:\/\/diarioprincipios.com\/wp-content\/uploads\/2024\/06\/SE-INAUGURARA-EL-25\u00b0-SALON-NACIONAL-DE-CREATIVIDAD-Y-DISENO-ARTESANAL-4-2-1536x1024.jpg 1536w, https:\/\/diarioprincipios.com\/wp-content\/uploads\/2024\/06\/SE-INAUGURARA-EL-25\u00b0-SALON-NACIONAL-DE-CREATIVIDAD-Y-DISENO-ARTESANAL-4-2-600x400.jpg 600w, https:\/\/diarioprincipios.com\/wp-content\/uploads\/2024\/06\/SE-INAUGURARA-EL-25\u00b0-SALON-NACIONAL-DE-CREATIVIDAD-Y-DISENO-ARTESANAL-4-2.jpg 1920w\" sizes=\"auto, (max-width: 1024px) 100vw, 1024px\" \/><\/figure>\n\n\n\n<p>Su principal objetivo es contribuir a la difusi\u00f3n del patrimonio cultural, con el fin de revalorizar la creatividad de los artesanos y artesanas, la originalidad de sus dise\u00f1os y la calidad de sus obras. Muchas de ellas son trabajadas en arcilla, cuero, metal, fibras vegetales, animales, hueso, vidrio, materiales fusi\u00f3n, entre otros, con diversas t\u00e9cnicas.<\/p>\n\n\n\n<figure class=\"wp-block-image size-large\"><img loading=\"lazy\" decoding=\"async\" width=\"1024\" height=\"683\" src=\"https:\/\/diarioprincipios.com\/wp-content\/uploads\/2024\/06\/SE-INAUGURARA-EL-25\u00b0-SALON-NACIONAL-DE-CREATIVIDAD-Y-DISENO-ARTESANAL-6-1024x683.jpg\" alt=\"\" class=\"wp-image-22093\" srcset=\"https:\/\/diarioprincipios.com\/wp-content\/uploads\/2024\/06\/SE-INAUGURARA-EL-25\u00b0-SALON-NACIONAL-DE-CREATIVIDAD-Y-DISENO-ARTESANAL-6-1024x683.jpg 1024w, https:\/\/diarioprincipios.com\/wp-content\/uploads\/2024\/06\/SE-INAUGURARA-EL-25\u00b0-SALON-NACIONAL-DE-CREATIVIDAD-Y-DISENO-ARTESANAL-6-300x200.jpg 300w, https:\/\/diarioprincipios.com\/wp-content\/uploads\/2024\/06\/SE-INAUGURARA-EL-25\u00b0-SALON-NACIONAL-DE-CREATIVIDAD-Y-DISENO-ARTESANAL-6-768x512.jpg 768w, https:\/\/diarioprincipios.com\/wp-content\/uploads\/2024\/06\/SE-INAUGURARA-EL-25\u00b0-SALON-NACIONAL-DE-CREATIVIDAD-Y-DISENO-ARTESANAL-6-1536x1024.jpg 1536w, https:\/\/diarioprincipios.com\/wp-content\/uploads\/2024\/06\/SE-INAUGURARA-EL-25\u00b0-SALON-NACIONAL-DE-CREATIVIDAD-Y-DISENO-ARTESANAL-6-600x400.jpg 600w, https:\/\/diarioprincipios.com\/wp-content\/uploads\/2024\/06\/SE-INAUGURARA-EL-25\u00b0-SALON-NACIONAL-DE-CREATIVIDAD-Y-DISENO-ARTESANAL-6.jpg 1920w\" sizes=\"auto, (max-width: 1024px) 100vw, 1024px\" \/><\/figure>\n\n\n\n<p>De esta manera, un jurado de especialistas vinculados a la investigaci\u00f3n, promoci\u00f3n y dise\u00f1o en el campo de las artesan\u00edas premia cada a\u00f1o a las mejores obras. Este es un espacio de encuentro donde las y los artesanos comparten y difunden su producci\u00f3n y sus t\u00e9cnicas.<\/p>\n","protected":false},"excerpt":{"rendered":"<p>Del 8 al 23 de junio se desarrolla la 25\u00b0 edici\u00f3n del Sal\u00f3n Nacional de Creatividad y Dise\u00f1o Artesanal, un evento emblem\u00e1tico en Berazategui. Se exhibir\u00e1n m\u00e1s de 100 obras en el Complejo Cultural Municipal El Patio (calle 149 e\/ 15 y 15 A), de 15.00 a 19.00, con entrada libre y gratuita. El Sal\u00f3n&#8230;<\/p>\n","protected":false},"author":2,"featured_media":22094,"comment_status":"open","ping_status":"open","sticky":false,"template":"","format":"standard","meta":{"footnotes":""},"categories":[19],"tags":[],"class_list":["post-22091","post","type-post","status-publish","format-standard","has-post-thumbnail","hentry","category-cultura-educacion"],"featured_image_src":"https:\/\/diarioprincipios.com\/wp-content\/uploads\/2024\/06\/SE-INAUGURARA-EL-25\u00b0-SALON-NACIONAL-DE-CREATIVIDAD-Y-DISENO-ARTESANAL-2-1-1024x683.jpg","blog_images":{"medium":"https:\/\/diarioprincipios.com\/wp-content\/uploads\/2024\/06\/SE-INAUGURARA-EL-25\u00b0-SALON-NACIONAL-DE-CREATIVIDAD-Y-DISENO-ARTESANAL-2-1-300x200.jpg","large":"https:\/\/diarioprincipios.com\/wp-content\/uploads\/2024\/06\/SE-INAUGURARA-EL-25\u00b0-SALON-NACIONAL-DE-CREATIVIDAD-Y-DISENO-ARTESANAL-2-1-1024x683.jpg"},"ams_acf":[],"yoast_head":"<!-- This site is optimized with the Yoast SEO plugin v27.3 - https:\/\/yoast.com\/product\/yoast-seo-wordpress\/ -->\n<title>25\u00b0 Sal\u00f3n Nacional de Creatividad y Dise\u00f1o Artesanal - Principios<\/title>\n<meta name=\"robots\" content=\"index, follow, max-snippet:-1, max-image-preview:large, max-video-preview:-1\" \/>\n<link rel=\"canonical\" href=\"https:\/\/diarioprincipios.com\/index.php\/2024\/06\/10\/25-salon-nacional-de-creatividad-y-diseno-artesanal\/\" \/>\n<meta property=\"og:locale\" content=\"es_ES\" \/>\n<meta property=\"og:type\" content=\"article\" \/>\n<meta property=\"og:title\" content=\"25\u00b0 Sal\u00f3n Nacional de Creatividad y Dise\u00f1o Artesanal - Principios\" \/>\n<meta property=\"og:description\" content=\"Del 8 al 23 de junio se desarrolla la 25\u00b0 edici\u00f3n del Sal\u00f3n Nacional de Creatividad y Dise\u00f1o Artesanal, un evento emblem\u00e1tico en Berazategui. Se exhibir\u00e1n m\u00e1s de 100 obras en el Complejo Cultural Municipal El Patio (calle 149 e\/ 15 y 15 A), de 15.00 a 19.00, con entrada libre y gratuita. El Sal\u00f3n...\" \/>\n<meta property=\"og:url\" content=\"https:\/\/diarioprincipios.com\/index.php\/2024\/06\/10\/25-salon-nacional-de-creatividad-y-diseno-artesanal\/\" \/>\n<meta property=\"og:site_name\" content=\"Principios\" \/>\n<meta property=\"article:published_time\" content=\"2024-06-10T17:45:49+00:00\" \/>\n<meta property=\"article:modified_time\" content=\"2024-06-10T17:45:52+00:00\" \/>\n<meta property=\"og:image\" content=\"https:\/\/diarioprincipios.com\/wp-content\/uploads\/2024\/06\/SE-INAUGURARA-EL-25\u00b0-SALON-NACIONAL-DE-CREATIVIDAD-Y-DISENO-ARTESANAL-2-1.jpg\" \/>\n\t<meta property=\"og:image:width\" content=\"1920\" \/>\n\t<meta property=\"og:image:height\" content=\"1280\" \/>\n\t<meta property=\"og:image:type\" content=\"image\/jpeg\" \/>\n<meta name=\"author\" content=\"Hern\u00e1n L\u00f3pez\" \/>\n<meta name=\"twitter:card\" content=\"summary_large_image\" \/>\n<meta name=\"twitter:label1\" content=\"Escrito por\" \/>\n\t<meta name=\"twitter:data1\" content=\"Hern\u00e1n L\u00f3pez\" \/>\n\t<meta name=\"twitter:label2\" content=\"Tiempo de lectura\" \/>\n\t<meta name=\"twitter:data2\" content=\"2 minutos\" \/>\n<script type=\"application\/ld+json\" class=\"yoast-schema-graph\">{\"@context\":\"https:\\\/\\\/schema.org\",\"@graph\":[{\"@type\":\"Article\",\"@id\":\"https:\\\/\\\/diarioprincipios.com\\\/index.php\\\/2024\\\/06\\\/10\\\/25-salon-nacional-de-creatividad-y-diseno-artesanal\\\/#article\",\"isPartOf\":{\"@id\":\"https:\\\/\\\/diarioprincipios.com\\\/index.php\\\/2024\\\/06\\\/10\\\/25-salon-nacional-de-creatividad-y-diseno-artesanal\\\/\"},\"author\":{\"name\":\"Hern\u00e1n L\u00f3pez\",\"@id\":\"https:\\\/\\\/diarioprincipios.com\\\/#\\\/schema\\\/person\\\/436d5a1fd41a5e250e23ff5a6a7cb080\"},\"headline\":\"25\u00b0 Sal\u00f3n Nacional de Creatividad y Dise\u00f1o Artesanal\",\"datePublished\":\"2024-06-10T17:45:49+00:00\",\"dateModified\":\"2024-06-10T17:45:52+00:00\",\"mainEntityOfPage\":{\"@id\":\"https:\\\/\\\/diarioprincipios.com\\\/index.php\\\/2024\\\/06\\\/10\\\/25-salon-nacional-de-creatividad-y-diseno-artesanal\\\/\"},\"wordCount\":240,\"commentCount\":0,\"publisher\":{\"@id\":\"https:\\\/\\\/diarioprincipios.com\\\/#organization\"},\"image\":{\"@id\":\"https:\\\/\\\/diarioprincipios.com\\\/index.php\\\/2024\\\/06\\\/10\\\/25-salon-nacional-de-creatividad-y-diseno-artesanal\\\/#primaryimage\"},\"thumbnailUrl\":\"https:\\\/\\\/diarioprincipios.com\\\/wp-content\\\/uploads\\\/2024\\\/06\\\/SE-INAUGURARA-EL-25\u00b0-SALON-NACIONAL-DE-CREATIVIDAD-Y-DISENO-ARTESANAL-2-1.jpg\",\"articleSection\":[\"Cultura y Educaci\u00f3n\"],\"inLanguage\":\"es\",\"potentialAction\":[{\"@type\":\"CommentAction\",\"name\":\"Comment\",\"target\":[\"https:\\\/\\\/diarioprincipios.com\\\/index.php\\\/2024\\\/06\\\/10\\\/25-salon-nacional-de-creatividad-y-diseno-artesanal\\\/#respond\"]}]},{\"@type\":\"WebPage\",\"@id\":\"https:\\\/\\\/diarioprincipios.com\\\/index.php\\\/2024\\\/06\\\/10\\\/25-salon-nacional-de-creatividad-y-diseno-artesanal\\\/\",\"url\":\"https:\\\/\\\/diarioprincipios.com\\\/index.php\\\/2024\\\/06\\\/10\\\/25-salon-nacional-de-creatividad-y-diseno-artesanal\\\/\",\"name\":\"25\u00b0 Sal\u00f3n Nacional de Creatividad y Dise\u00f1o Artesanal - Principios\",\"isPartOf\":{\"@id\":\"https:\\\/\\\/diarioprincipios.com\\\/#website\"},\"primaryImageOfPage\":{\"@id\":\"https:\\\/\\\/diarioprincipios.com\\\/index.php\\\/2024\\\/06\\\/10\\\/25-salon-nacional-de-creatividad-y-diseno-artesanal\\\/#primaryimage\"},\"image\":{\"@id\":\"https:\\\/\\\/diarioprincipios.com\\\/index.php\\\/2024\\\/06\\\/10\\\/25-salon-nacional-de-creatividad-y-diseno-artesanal\\\/#primaryimage\"},\"thumbnailUrl\":\"https:\\\/\\\/diarioprincipios.com\\\/wp-content\\\/uploads\\\/2024\\\/06\\\/SE-INAUGURARA-EL-25\u00b0-SALON-NACIONAL-DE-CREATIVIDAD-Y-DISENO-ARTESANAL-2-1.jpg\",\"datePublished\":\"2024-06-10T17:45:49+00:00\",\"dateModified\":\"2024-06-10T17:45:52+00:00\",\"breadcrumb\":{\"@id\":\"https:\\\/\\\/diarioprincipios.com\\\/index.php\\\/2024\\\/06\\\/10\\\/25-salon-nacional-de-creatividad-y-diseno-artesanal\\\/#breadcrumb\"},\"inLanguage\":\"es\",\"potentialAction\":[{\"@type\":\"ReadAction\",\"target\":[\"https:\\\/\\\/diarioprincipios.com\\\/index.php\\\/2024\\\/06\\\/10\\\/25-salon-nacional-de-creatividad-y-diseno-artesanal\\\/\"]}]},{\"@type\":\"ImageObject\",\"inLanguage\":\"es\",\"@id\":\"https:\\\/\\\/diarioprincipios.com\\\/index.php\\\/2024\\\/06\\\/10\\\/25-salon-nacional-de-creatividad-y-diseno-artesanal\\\/#primaryimage\",\"url\":\"https:\\\/\\\/diarioprincipios.com\\\/wp-content\\\/uploads\\\/2024\\\/06\\\/SE-INAUGURARA-EL-25\u00b0-SALON-NACIONAL-DE-CREATIVIDAD-Y-DISENO-ARTESANAL-2-1.jpg\",\"contentUrl\":\"https:\\\/\\\/diarioprincipios.com\\\/wp-content\\\/uploads\\\/2024\\\/06\\\/SE-INAUGURARA-EL-25\u00b0-SALON-NACIONAL-DE-CREATIVIDAD-Y-DISENO-ARTESANAL-2-1.jpg\",\"width\":1920,\"height\":1280},{\"@type\":\"BreadcrumbList\",\"@id\":\"https:\\\/\\\/diarioprincipios.com\\\/index.php\\\/2024\\\/06\\\/10\\\/25-salon-nacional-de-creatividad-y-diseno-artesanal\\\/#breadcrumb\",\"itemListElement\":[{\"@type\":\"ListItem\",\"position\":1,\"name\":\"Portada\",\"item\":\"https:\\\/\\\/diarioprincipios.com\\\/\"},{\"@type\":\"ListItem\",\"position\":2,\"name\":\"25\u00b0 Sal\u00f3n Nacional de Creatividad y Dise\u00f1o Artesanal\"}]},{\"@type\":\"WebSite\",\"@id\":\"https:\\\/\\\/diarioprincipios.com\\\/#website\",\"url\":\"https:\\\/\\\/diarioprincipios.com\\\/\",\"name\":\"Principios\",\"description\":\"Principios Diario\",\"publisher\":{\"@id\":\"https:\\\/\\\/diarioprincipios.com\\\/#organization\"},\"potentialAction\":[{\"@type\":\"SearchAction\",\"target\":{\"@type\":\"EntryPoint\",\"urlTemplate\":\"https:\\\/\\\/diarioprincipios.com\\\/?s={search_term_string}\"},\"query-input\":{\"@type\":\"PropertyValueSpecification\",\"valueRequired\":true,\"valueName\":\"search_term_string\"}}],\"inLanguage\":\"es\"},{\"@type\":\"Organization\",\"@id\":\"https:\\\/\\\/diarioprincipios.com\\\/#organization\",\"name\":\"Principios\",\"url\":\"https:\\\/\\\/diarioprincipios.com\\\/\",\"logo\":{\"@type\":\"ImageObject\",\"inLanguage\":\"es\",\"@id\":\"https:\\\/\\\/diarioprincipios.com\\\/#\\\/schema\\\/logo\\\/image\\\/\",\"url\":\"https:\\\/\\\/diarioprincipios.com\\\/wp-content\\\/uploads\\\/2024\\\/04\\\/cropped-www.diarioprincipios.com_-1.png\",\"contentUrl\":\"https:\\\/\\\/diarioprincipios.com\\\/wp-content\\\/uploads\\\/2024\\\/04\\\/cropped-www.diarioprincipios.com_-1.png\",\"width\":5325,\"height\":1454,\"caption\":\"Principios\"},\"image\":{\"@id\":\"https:\\\/\\\/diarioprincipios.com\\\/#\\\/schema\\\/logo\\\/image\\\/\"}},{\"@type\":\"Person\",\"@id\":\"https:\\\/\\\/diarioprincipios.com\\\/#\\\/schema\\\/person\\\/436d5a1fd41a5e250e23ff5a6a7cb080\",\"name\":\"Hern\u00e1n L\u00f3pez\",\"image\":{\"@type\":\"ImageObject\",\"inLanguage\":\"es\",\"@id\":\"https:\\\/\\\/diarioprincipios.com\\\/wp-content\\\/litespeed\\\/avatar\\\/11ddfe5610ff3bd100522525b2571f48.jpg?ver=1777653193\",\"url\":\"https:\\\/\\\/diarioprincipios.com\\\/wp-content\\\/litespeed\\\/avatar\\\/11ddfe5610ff3bd100522525b2571f48.jpg?ver=1777653193\",\"contentUrl\":\"https:\\\/\\\/diarioprincipios.com\\\/wp-content\\\/litespeed\\\/avatar\\\/11ddfe5610ff3bd100522525b2571f48.jpg?ver=1777653193\",\"caption\":\"Hern\u00e1n L\u00f3pez\"},\"url\":\"https:\\\/\\\/diarioprincipios.com\\\/index.php\\\/author\\\/hernan\\\/\"}]}<\/script>\n<!-- \/ Yoast SEO plugin. -->","yoast_head_json":{"title":"25\u00b0 Sal\u00f3n Nacional de Creatividad y Dise\u00f1o Artesanal - Principios","robots":{"index":"index","follow":"follow","max-snippet":"max-snippet:-1","max-image-preview":"max-image-preview:large","max-video-preview":"max-video-preview:-1"},"canonical":"https:\/\/diarioprincipios.com\/index.php\/2024\/06\/10\/25-salon-nacional-de-creatividad-y-diseno-artesanal\/","og_locale":"es_ES","og_type":"article","og_title":"25\u00b0 Sal\u00f3n Nacional de Creatividad y Dise\u00f1o Artesanal - Principios","og_description":"Del 8 al 23 de junio se desarrolla la 25\u00b0 edici\u00f3n del Sal\u00f3n Nacional de Creatividad y Dise\u00f1o Artesanal, un evento emblem\u00e1tico en Berazategui. Se exhibir\u00e1n m\u00e1s de 100 obras en el Complejo Cultural Municipal El Patio (calle 149 e\/ 15 y 15 A), de 15.00 a 19.00, con entrada libre y gratuita. El Sal\u00f3n...","og_url":"https:\/\/diarioprincipios.com\/index.php\/2024\/06\/10\/25-salon-nacional-de-creatividad-y-diseno-artesanal\/","og_site_name":"Principios","article_published_time":"2024-06-10T17:45:49+00:00","article_modified_time":"2024-06-10T17:45:52+00:00","og_image":[{"width":1920,"height":1280,"url":"https:\/\/diarioprincipios.com\/wp-content\/uploads\/2024\/06\/SE-INAUGURARA-EL-25\u00b0-SALON-NACIONAL-DE-CREATIVIDAD-Y-DISENO-ARTESANAL-2-1.jpg","type":"image\/jpeg"}],"author":"Hern\u00e1n L\u00f3pez","twitter_card":"summary_large_image","twitter_misc":{"Escrito por":"Hern\u00e1n L\u00f3pez","Tiempo de lectura":"2 minutos"},"schema":{"@context":"https:\/\/schema.org","@graph":[{"@type":"Article","@id":"https:\/\/diarioprincipios.com\/index.php\/2024\/06\/10\/25-salon-nacional-de-creatividad-y-diseno-artesanal\/#article","isPartOf":{"@id":"https:\/\/diarioprincipios.com\/index.php\/2024\/06\/10\/25-salon-nacional-de-creatividad-y-diseno-artesanal\/"},"author":{"name":"Hern\u00e1n L\u00f3pez","@id":"https:\/\/diarioprincipios.com\/#\/schema\/person\/436d5a1fd41a5e250e23ff5a6a7cb080"},"headline":"25\u00b0 Sal\u00f3n Nacional de Creatividad y Dise\u00f1o Artesanal","datePublished":"2024-06-10T17:45:49+00:00","dateModified":"2024-06-10T17:45:52+00:00","mainEntityOfPage":{"@id":"https:\/\/diarioprincipios.com\/index.php\/2024\/06\/10\/25-salon-nacional-de-creatividad-y-diseno-artesanal\/"},"wordCount":240,"commentCount":0,"publisher":{"@id":"https:\/\/diarioprincipios.com\/#organization"},"image":{"@id":"https:\/\/diarioprincipios.com\/index.php\/2024\/06\/10\/25-salon-nacional-de-creatividad-y-diseno-artesanal\/#primaryimage"},"thumbnailUrl":"https:\/\/diarioprincipios.com\/wp-content\/uploads\/2024\/06\/SE-INAUGURARA-EL-25\u00b0-SALON-NACIONAL-DE-CREATIVIDAD-Y-DISENO-ARTESANAL-2-1.jpg","articleSection":["Cultura y Educaci\u00f3n"],"inLanguage":"es","potentialAction":[{"@type":"CommentAction","name":"Comment","target":["https:\/\/diarioprincipios.com\/index.php\/2024\/06\/10\/25-salon-nacional-de-creatividad-y-diseno-artesanal\/#respond"]}]},{"@type":"WebPage","@id":"https:\/\/diarioprincipios.com\/index.php\/2024\/06\/10\/25-salon-nacional-de-creatividad-y-diseno-artesanal\/","url":"https:\/\/diarioprincipios.com\/index.php\/2024\/06\/10\/25-salon-nacional-de-creatividad-y-diseno-artesanal\/","name":"25\u00b0 Sal\u00f3n Nacional de Creatividad y Dise\u00f1o Artesanal - Principios","isPartOf":{"@id":"https:\/\/diarioprincipios.com\/#website"},"primaryImageOfPage":{"@id":"https:\/\/diarioprincipios.com\/index.php\/2024\/06\/10\/25-salon-nacional-de-creatividad-y-diseno-artesanal\/#primaryimage"},"image":{"@id":"https:\/\/diarioprincipios.com\/index.php\/2024\/06\/10\/25-salon-nacional-de-creatividad-y-diseno-artesanal\/#primaryimage"},"thumbnailUrl":"https:\/\/diarioprincipios.com\/wp-content\/uploads\/2024\/06\/SE-INAUGURARA-EL-25\u00b0-SALON-NACIONAL-DE-CREATIVIDAD-Y-DISENO-ARTESANAL-2-1.jpg","datePublished":"2024-06-10T17:45:49+00:00","dateModified":"2024-06-10T17:45:52+00:00","breadcrumb":{"@id":"https:\/\/diarioprincipios.com\/index.php\/2024\/06\/10\/25-salon-nacional-de-creatividad-y-diseno-artesanal\/#breadcrumb"},"inLanguage":"es","potentialAction":[{"@type":"ReadAction","target":["https:\/\/diarioprincipios.com\/index.php\/2024\/06\/10\/25-salon-nacional-de-creatividad-y-diseno-artesanal\/"]}]},{"@type":"ImageObject","inLanguage":"es","@id":"https:\/\/diarioprincipios.com\/index.php\/2024\/06\/10\/25-salon-nacional-de-creatividad-y-diseno-artesanal\/#primaryimage","url":"https:\/\/diarioprincipios.com\/wp-content\/uploads\/2024\/06\/SE-INAUGURARA-EL-25\u00b0-SALON-NACIONAL-DE-CREATIVIDAD-Y-DISENO-ARTESANAL-2-1.jpg","contentUrl":"https:\/\/diarioprincipios.com\/wp-content\/uploads\/2024\/06\/SE-INAUGURARA-EL-25\u00b0-SALON-NACIONAL-DE-CREATIVIDAD-Y-DISENO-ARTESANAL-2-1.jpg","width":1920,"height":1280},{"@type":"BreadcrumbList","@id":"https:\/\/diarioprincipios.com\/index.php\/2024\/06\/10\/25-salon-nacional-de-creatividad-y-diseno-artesanal\/#breadcrumb","itemListElement":[{"@type":"ListItem","position":1,"name":"Portada","item":"https:\/\/diarioprincipios.com\/"},{"@type":"ListItem","position":2,"name":"25\u00b0 Sal\u00f3n Nacional de Creatividad y Dise\u00f1o Artesanal"}]},{"@type":"WebSite","@id":"https:\/\/diarioprincipios.com\/#website","url":"https:\/\/diarioprincipios.com\/","name":"Principios","description":"Principios Diario","publisher":{"@id":"https:\/\/diarioprincipios.com\/#organization"},"potentialAction":[{"@type":"SearchAction","target":{"@type":"EntryPoint","urlTemplate":"https:\/\/diarioprincipios.com\/?s={search_term_string}"},"query-input":{"@type":"PropertyValueSpecification","valueRequired":true,"valueName":"search_term_string"}}],"inLanguage":"es"},{"@type":"Organization","@id":"https:\/\/diarioprincipios.com\/#organization","name":"Principios","url":"https:\/\/diarioprincipios.com\/","logo":{"@type":"ImageObject","inLanguage":"es","@id":"https:\/\/diarioprincipios.com\/#\/schema\/logo\/image\/","url":"https:\/\/diarioprincipios.com\/wp-content\/uploads\/2024\/04\/cropped-www.diarioprincipios.com_-1.png","contentUrl":"https:\/\/diarioprincipios.com\/wp-content\/uploads\/2024\/04\/cropped-www.diarioprincipios.com_-1.png","width":5325,"height":1454,"caption":"Principios"},"image":{"@id":"https:\/\/diarioprincipios.com\/#\/schema\/logo\/image\/"}},{"@type":"Person","@id":"https:\/\/diarioprincipios.com\/#\/schema\/person\/436d5a1fd41a5e250e23ff5a6a7cb080","name":"Hern\u00e1n L\u00f3pez","image":{"@type":"ImageObject","inLanguage":"es","@id":"https:\/\/diarioprincipios.com\/wp-content\/litespeed\/avatar\/11ddfe5610ff3bd100522525b2571f48.jpg?ver=1777653193","url":"https:\/\/diarioprincipios.com\/wp-content\/litespeed\/avatar\/11ddfe5610ff3bd100522525b2571f48.jpg?ver=1777653193","contentUrl":"https:\/\/diarioprincipios.com\/wp-content\/litespeed\/avatar\/11ddfe5610ff3bd100522525b2571f48.jpg?ver=1777653193","caption":"Hern\u00e1n L\u00f3pez"},"url":"https:\/\/diarioprincipios.com\/index.php\/author\/hernan\/"}]}},"jetpack_featured_media_url":"https:\/\/diarioprincipios.com\/wp-content\/uploads\/2024\/06\/SE-INAUGURARA-EL-25\u00b0-SALON-NACIONAL-DE-CREATIVIDAD-Y-DISENO-ARTESANAL-2-1.jpg","_links":{"self":[{"href":"https:\/\/diarioprincipios.com\/index.php\/wp-json\/wp\/v2\/posts\/22091","targetHints":{"allow":["GET"]}}],"collection":[{"href":"https:\/\/diarioprincipios.com\/index.php\/wp-json\/wp\/v2\/posts"}],"about":[{"href":"https:\/\/diarioprincipios.com\/index.php\/wp-json\/wp\/v2\/types\/post"}],"author":[{"embeddable":true,"href":"https:\/\/diarioprincipios.com\/index.php\/wp-json\/wp\/v2\/users\/2"}],"replies":[{"embeddable":true,"href":"https:\/\/diarioprincipios.com\/index.php\/wp-json\/wp\/v2\/comments?post=22091"}],"version-history":[{"count":1,"href":"https:\/\/diarioprincipios.com\/index.php\/wp-json\/wp\/v2\/posts\/22091\/revisions"}],"predecessor-version":[{"id":22095,"href":"https:\/\/diarioprincipios.com\/index.php\/wp-json\/wp\/v2\/posts\/22091\/revisions\/22095"}],"wp:featuredmedia":[{"embeddable":true,"href":"https:\/\/diarioprincipios.com\/index.php\/wp-json\/wp\/v2\/media\/22094"}],"wp:attachment":[{"href":"https:\/\/diarioprincipios.com\/index.php\/wp-json\/wp\/v2\/media?parent=22091"}],"wp:term":[{"taxonomy":"category","embeddable":true,"href":"https:\/\/diarioprincipios.com\/index.php\/wp-json\/wp\/v2\/categories?post=22091"},{"taxonomy":"post_tag","embeddable":true,"href":"https:\/\/diarioprincipios.com\/index.php\/wp-json\/wp\/v2\/tags?post=22091"}],"curies":[{"name":"wp","href":"https:\/\/api.w.org\/{rel}","templated":true}]}}