{"id":22042,"date":"2024-05-30T17:08:23","date_gmt":"2024-05-30T20:08:23","guid":{"rendered":"http:\/\/diarioprincipios.com\/?p=22042"},"modified":"2024-05-30T17:08:25","modified_gmt":"2024-05-30T20:08:25","slug":"el-complejo-cultural-municipal-buena-yunta-celebra-sus-12-anos-a-todo-ritmo","status":"publish","type":"post","link":"https:\/\/diarioprincipios.com\/index.php\/2024\/05\/30\/el-complejo-cultural-municipal-buena-yunta-celebra-sus-12-anos-a-todo-ritmo\/","title":{"rendered":"El Complejo Cultural Municipal Buena Yunta celebra sus 12 a\u00f1os a todo ritmo"},"content":{"rendered":"\n<p>Se celebrar\u00e1 el 12\u00ba aniversario del Complejo Cultural Municipal de Danzas Buena Yunta con un gran espect\u00e1culo tanguero y milonguero. Este s\u00e1bado 1\u00b0 de junio, la fiesta se realizar\u00e1 en el Centro Municipal de Actividades Roberto De Vicenzo (calle 148 y 18), a partir de las 21.00. Las entradas anticipadas est\u00e1n a la venta en el Complejo Cultural Municipal Buena Yunta (146 e\/ 11 y 12), hasta este viernes 31 de mayo, de 9.00 a 20.00.<\/p>\n\n\n\n<p>Al respecto, el director de Log\u00edstica de la Secretar\u00eda de Cultura y Educaci\u00f3n de la Municipalidad, Ernesto Ponce, coment\u00f3: \u00abEs una ocasi\u00f3n muy especial. Este querido lugar cumple 12 a\u00f1os y vamos a celebrar con todo, con una gran fiesta tanguera. Vamos a tener shows y exhibiciones de baile. Adem\u00e1s, va a estar la pista abierta para que todos puedan bailar y pasarla lindo. Vamos a contar con la presencia de la Orquesta Disarliana, con el Chino Laborde y Roberto Minondi\u00bb. Y agreg\u00f3: este evento tendr\u00e1 una entrada con un valor muy accesible\u201d.<\/p>\n\n\n\n<figure class=\"wp-block-image size-large\"><img loading=\"lazy\" decoding=\"async\" width=\"1024\" height=\"683\" src=\"https:\/\/diarioprincipios.com\/wp-content\/uploads\/2024\/05\/EL-COMPLEJO-CULTURAL-MUNICIPAL-BUENA-YUNTA-CELEBRA-SUS-12-ANOS-A-TODO-RITMO-1-1024x683.jpg\" alt=\"\" class=\"wp-image-22043\" srcset=\"https:\/\/diarioprincipios.com\/wp-content\/uploads\/2024\/05\/EL-COMPLEJO-CULTURAL-MUNICIPAL-BUENA-YUNTA-CELEBRA-SUS-12-ANOS-A-TODO-RITMO-1-1024x683.jpg 1024w, https:\/\/diarioprincipios.com\/wp-content\/uploads\/2024\/05\/EL-COMPLEJO-CULTURAL-MUNICIPAL-BUENA-YUNTA-CELEBRA-SUS-12-ANOS-A-TODO-RITMO-1-300x200.jpg 300w, https:\/\/diarioprincipios.com\/wp-content\/uploads\/2024\/05\/EL-COMPLEJO-CULTURAL-MUNICIPAL-BUENA-YUNTA-CELEBRA-SUS-12-ANOS-A-TODO-RITMO-1-768x512.jpg 768w, https:\/\/diarioprincipios.com\/wp-content\/uploads\/2024\/05\/EL-COMPLEJO-CULTURAL-MUNICIPAL-BUENA-YUNTA-CELEBRA-SUS-12-ANOS-A-TODO-RITMO-1-1536x1024.jpg 1536w, https:\/\/diarioprincipios.com\/wp-content\/uploads\/2024\/05\/EL-COMPLEJO-CULTURAL-MUNICIPAL-BUENA-YUNTA-CELEBRA-SUS-12-ANOS-A-TODO-RITMO-1-600x400.jpg 600w, https:\/\/diarioprincipios.com\/wp-content\/uploads\/2024\/05\/EL-COMPLEJO-CULTURAL-MUNICIPAL-BUENA-YUNTA-CELEBRA-SUS-12-ANOS-A-TODO-RITMO-1.jpg 1920w\" sizes=\"auto, (max-width: 1024px) 100vw, 1024px\" \/><\/figure>\n\n\n\n<p>EL DOMINGO ENCUENTRO GRATUITO DE ORQUESTAS<\/p>\n\n\n\n<p>Asimismo, Ponce se\u00f1al\u00f3: \u201cAdem\u00e1s -en el marco del festejo de este 12\u00b0 aniversario- queremos invitarlos a un Encuentro de Orquestas que se realizar\u00e1 el domingo 2 de junio, en Buena Yunta, a partir de las 16.00, con entrada libre y gratuita. Participar\u00e1n Orquestas de distintos municipios, junto a nuestra Orquesta Municipal de Tango\u201d.<\/p>\n\n\n\n<figure class=\"wp-block-image size-large\"><img loading=\"lazy\" decoding=\"async\" width=\"1024\" height=\"683\" src=\"https:\/\/diarioprincipios.com\/wp-content\/uploads\/2024\/05\/EL-COMPLEJO-CULTURAL-MUNICIPAL-BUENA-YUNTA-CELEBRA-SUS-12-ANOS-A-TODO-RITMO-1024x683.jpg\" alt=\"\" class=\"wp-image-22044\" srcset=\"https:\/\/diarioprincipios.com\/wp-content\/uploads\/2024\/05\/EL-COMPLEJO-CULTURAL-MUNICIPAL-BUENA-YUNTA-CELEBRA-SUS-12-ANOS-A-TODO-RITMO-1024x683.jpg 1024w, https:\/\/diarioprincipios.com\/wp-content\/uploads\/2024\/05\/EL-COMPLEJO-CULTURAL-MUNICIPAL-BUENA-YUNTA-CELEBRA-SUS-12-ANOS-A-TODO-RITMO-300x200.jpg 300w, https:\/\/diarioprincipios.com\/wp-content\/uploads\/2024\/05\/EL-COMPLEJO-CULTURAL-MUNICIPAL-BUENA-YUNTA-CELEBRA-SUS-12-ANOS-A-TODO-RITMO-768x512.jpg 768w, https:\/\/diarioprincipios.com\/wp-content\/uploads\/2024\/05\/EL-COMPLEJO-CULTURAL-MUNICIPAL-BUENA-YUNTA-CELEBRA-SUS-12-ANOS-A-TODO-RITMO-1536x1024.jpg 1536w, https:\/\/diarioprincipios.com\/wp-content\/uploads\/2024\/05\/EL-COMPLEJO-CULTURAL-MUNICIPAL-BUENA-YUNTA-CELEBRA-SUS-12-ANOS-A-TODO-RITMO-600x400.jpg 600w, https:\/\/diarioprincipios.com\/wp-content\/uploads\/2024\/05\/EL-COMPLEJO-CULTURAL-MUNICIPAL-BUENA-YUNTA-CELEBRA-SUS-12-ANOS-A-TODO-RITMO.jpg 1920w\" sizes=\"auto, (max-width: 1024px) 100vw, 1024px\" \/><\/figure>\n\n\n\n<p>Buena Yunta funciona actualmente como Complejo Cultural Municipal en un edificio patrimonial ambientado a la usanza de los viejos conventillos con est\u00e9tica arrabalera. Ofrece propuestas estables como las tradicionales Noches Pitucas, la cl\u00e1sica milonga, la Pe\u00f1a Folcl\u00f3rica, un encuentro mensual de ritmos urbanos; y otro de salsa y bachata. A su vez, all\u00ed funciona una de las sedes del \u00c1rea de Danzas de la Secretar\u00eda de Cultura y Educaci\u00f3n, donde asisten cientos de vecinos y vecinas a clases semanales de tango, folclore, ritmos caribe\u00f1os, urbanos, danzas jazz y contempor\u00e1neas. Estas iniciativas de gesti\u00f3n cultural son impulsadas por el intendente Juan Jos\u00e9 Mussi. Para m\u00e1s informaci\u00f3n sobre todas las propuestas culturales del Municipio de Berazategui, se puede ingresar en&nbsp;<a rel=\"noreferrer noopener\" target=\"_blank\" href=\"http:\/\/berazategui.gob.ar\/cultura\">berazategui.gob.ar\/cultura<\/a>.<\/p>\n","protected":false},"excerpt":{"rendered":"<p>Se celebrar\u00e1 el 12\u00ba aniversario del Complejo Cultural Municipal de Danzas Buena Yunta con un gran espect\u00e1culo tanguero y milonguero. Este s\u00e1bado 1\u00b0 de junio, la fiesta se realizar\u00e1 en el Centro Municipal de Actividades Roberto De Vicenzo (calle 148 y 18), a partir de las 21.00. Las entradas anticipadas est\u00e1n a la venta en&#8230;<\/p>\n","protected":false},"author":2,"featured_media":22045,"comment_status":"open","ping_status":"open","sticky":false,"template":"","format":"standard","meta":{"footnotes":""},"categories":[3,19],"tags":[],"class_list":["post-22042","post","type-post","status-publish","format-standard","has-post-thumbnail","hentry","category-berazategui","category-cultura-educacion"],"featured_image_src":"https:\/\/diarioprincipios.com\/wp-content\/uploads\/2024\/05\/EL-COMPLEJO-CULTURAL-MUNICIPAL-BUENA-YUNTA-CELEBRA-SUS-12-ANOS-A-TODO-RITMO-3-1024x683.jpg","blog_images":{"medium":"https:\/\/diarioprincipios.com\/wp-content\/uploads\/2024\/05\/EL-COMPLEJO-CULTURAL-MUNICIPAL-BUENA-YUNTA-CELEBRA-SUS-12-ANOS-A-TODO-RITMO-3-300x200.jpg","large":"https:\/\/diarioprincipios.com\/wp-content\/uploads\/2024\/05\/EL-COMPLEJO-CULTURAL-MUNICIPAL-BUENA-YUNTA-CELEBRA-SUS-12-ANOS-A-TODO-RITMO-3-1024x683.jpg"},"ams_acf":[],"yoast_head":"<!-- This site is optimized with the Yoast SEO plugin v27.3 - https:\/\/yoast.com\/product\/yoast-seo-wordpress\/ -->\n<title>El Complejo Cultural Municipal Buena Yunta celebra sus 12 a\u00f1os a todo ritmo - Principios<\/title>\n<meta name=\"robots\" content=\"index, follow, max-snippet:-1, max-image-preview:large, max-video-preview:-1\" \/>\n<link rel=\"canonical\" href=\"https:\/\/diarioprincipios.com\/index.php\/2024\/05\/30\/el-complejo-cultural-municipal-buena-yunta-celebra-sus-12-anos-a-todo-ritmo\/\" \/>\n<meta property=\"og:locale\" content=\"es_ES\" \/>\n<meta property=\"og:type\" content=\"article\" \/>\n<meta property=\"og:title\" content=\"El Complejo Cultural Municipal Buena Yunta celebra sus 12 a\u00f1os a todo ritmo - Principios\" \/>\n<meta property=\"og:description\" content=\"Se celebrar\u00e1 el 12\u00ba aniversario del Complejo Cultural Municipal de Danzas Buena Yunta con un gran espect\u00e1culo tanguero y milonguero. Este s\u00e1bado 1\u00b0 de junio, la fiesta se realizar\u00e1 en el Centro Municipal de Actividades Roberto De Vicenzo (calle 148 y 18), a partir de las 21.00. Las entradas anticipadas est\u00e1n a la venta en...\" \/>\n<meta property=\"og:url\" content=\"https:\/\/diarioprincipios.com\/index.php\/2024\/05\/30\/el-complejo-cultural-municipal-buena-yunta-celebra-sus-12-anos-a-todo-ritmo\/\" \/>\n<meta property=\"og:site_name\" content=\"Principios\" \/>\n<meta property=\"article:published_time\" content=\"2024-05-30T20:08:23+00:00\" \/>\n<meta property=\"article:modified_time\" content=\"2024-05-30T20:08:25+00:00\" \/>\n<meta property=\"og:image\" content=\"https:\/\/diarioprincipios.com\/wp-content\/uploads\/2024\/05\/EL-COMPLEJO-CULTURAL-MUNICIPAL-BUENA-YUNTA-CELEBRA-SUS-12-ANOS-A-TODO-RITMO-3.jpg\" \/>\n\t<meta property=\"og:image:width\" content=\"1920\" \/>\n\t<meta property=\"og:image:height\" content=\"1280\" \/>\n\t<meta property=\"og:image:type\" content=\"image\/jpeg\" \/>\n<meta name=\"author\" content=\"Hern\u00e1n L\u00f3pez\" \/>\n<meta name=\"twitter:card\" content=\"summary_large_image\" \/>\n<meta name=\"twitter:label1\" content=\"Escrito por\" \/>\n\t<meta name=\"twitter:data1\" content=\"Hern\u00e1n L\u00f3pez\" \/>\n\t<meta name=\"twitter:label2\" content=\"Tiempo de lectura\" \/>\n\t<meta name=\"twitter:data2\" content=\"3 minutos\" \/>\n<script type=\"application\/ld+json\" class=\"yoast-schema-graph\">{\"@context\":\"https:\\\/\\\/schema.org\",\"@graph\":[{\"@type\":\"Article\",\"@id\":\"https:\\\/\\\/diarioprincipios.com\\\/index.php\\\/2024\\\/05\\\/30\\\/el-complejo-cultural-municipal-buena-yunta-celebra-sus-12-anos-a-todo-ritmo\\\/#article\",\"isPartOf\":{\"@id\":\"https:\\\/\\\/diarioprincipios.com\\\/index.php\\\/2024\\\/05\\\/30\\\/el-complejo-cultural-municipal-buena-yunta-celebra-sus-12-anos-a-todo-ritmo\\\/\"},\"author\":{\"name\":\"Hern\u00e1n L\u00f3pez\",\"@id\":\"https:\\\/\\\/diarioprincipios.com\\\/#\\\/schema\\\/person\\\/436d5a1fd41a5e250e23ff5a6a7cb080\"},\"headline\":\"El Complejo Cultural Municipal Buena Yunta celebra sus 12 a\u00f1os a todo ritmo\",\"datePublished\":\"2024-05-30T20:08:23+00:00\",\"dateModified\":\"2024-05-30T20:08:25+00:00\",\"mainEntityOfPage\":{\"@id\":\"https:\\\/\\\/diarioprincipios.com\\\/index.php\\\/2024\\\/05\\\/30\\\/el-complejo-cultural-municipal-buena-yunta-celebra-sus-12-anos-a-todo-ritmo\\\/\"},\"wordCount\":372,\"commentCount\":0,\"publisher\":{\"@id\":\"https:\\\/\\\/diarioprincipios.com\\\/#organization\"},\"image\":{\"@id\":\"https:\\\/\\\/diarioprincipios.com\\\/index.php\\\/2024\\\/05\\\/30\\\/el-complejo-cultural-municipal-buena-yunta-celebra-sus-12-anos-a-todo-ritmo\\\/#primaryimage\"},\"thumbnailUrl\":\"https:\\\/\\\/diarioprincipios.com\\\/wp-content\\\/uploads\\\/2024\\\/05\\\/EL-COMPLEJO-CULTURAL-MUNICIPAL-BUENA-YUNTA-CELEBRA-SUS-12-ANOS-A-TODO-RITMO-3.jpg\",\"articleSection\":[\"Berazategui\",\"Cultura y Educaci\u00f3n\"],\"inLanguage\":\"es\",\"potentialAction\":[{\"@type\":\"CommentAction\",\"name\":\"Comment\",\"target\":[\"https:\\\/\\\/diarioprincipios.com\\\/index.php\\\/2024\\\/05\\\/30\\\/el-complejo-cultural-municipal-buena-yunta-celebra-sus-12-anos-a-todo-ritmo\\\/#respond\"]}]},{\"@type\":\"WebPage\",\"@id\":\"https:\\\/\\\/diarioprincipios.com\\\/index.php\\\/2024\\\/05\\\/30\\\/el-complejo-cultural-municipal-buena-yunta-celebra-sus-12-anos-a-todo-ritmo\\\/\",\"url\":\"https:\\\/\\\/diarioprincipios.com\\\/index.php\\\/2024\\\/05\\\/30\\\/el-complejo-cultural-municipal-buena-yunta-celebra-sus-12-anos-a-todo-ritmo\\\/\",\"name\":\"El Complejo Cultural Municipal Buena Yunta celebra sus 12 a\u00f1os a todo ritmo - Principios\",\"isPartOf\":{\"@id\":\"https:\\\/\\\/diarioprincipios.com\\\/#website\"},\"primaryImageOfPage\":{\"@id\":\"https:\\\/\\\/diarioprincipios.com\\\/index.php\\\/2024\\\/05\\\/30\\\/el-complejo-cultural-municipal-buena-yunta-celebra-sus-12-anos-a-todo-ritmo\\\/#primaryimage\"},\"image\":{\"@id\":\"https:\\\/\\\/diarioprincipios.com\\\/index.php\\\/2024\\\/05\\\/30\\\/el-complejo-cultural-municipal-buena-yunta-celebra-sus-12-anos-a-todo-ritmo\\\/#primaryimage\"},\"thumbnailUrl\":\"https:\\\/\\\/diarioprincipios.com\\\/wp-content\\\/uploads\\\/2024\\\/05\\\/EL-COMPLEJO-CULTURAL-MUNICIPAL-BUENA-YUNTA-CELEBRA-SUS-12-ANOS-A-TODO-RITMO-3.jpg\",\"datePublished\":\"2024-05-30T20:08:23+00:00\",\"dateModified\":\"2024-05-30T20:08:25+00:00\",\"breadcrumb\":{\"@id\":\"https:\\\/\\\/diarioprincipios.com\\\/index.php\\\/2024\\\/05\\\/30\\\/el-complejo-cultural-municipal-buena-yunta-celebra-sus-12-anos-a-todo-ritmo\\\/#breadcrumb\"},\"inLanguage\":\"es\",\"potentialAction\":[{\"@type\":\"ReadAction\",\"target\":[\"https:\\\/\\\/diarioprincipios.com\\\/index.php\\\/2024\\\/05\\\/30\\\/el-complejo-cultural-municipal-buena-yunta-celebra-sus-12-anos-a-todo-ritmo\\\/\"]}]},{\"@type\":\"ImageObject\",\"inLanguage\":\"es\",\"@id\":\"https:\\\/\\\/diarioprincipios.com\\\/index.php\\\/2024\\\/05\\\/30\\\/el-complejo-cultural-municipal-buena-yunta-celebra-sus-12-anos-a-todo-ritmo\\\/#primaryimage\",\"url\":\"https:\\\/\\\/diarioprincipios.com\\\/wp-content\\\/uploads\\\/2024\\\/05\\\/EL-COMPLEJO-CULTURAL-MUNICIPAL-BUENA-YUNTA-CELEBRA-SUS-12-ANOS-A-TODO-RITMO-3.jpg\",\"contentUrl\":\"https:\\\/\\\/diarioprincipios.com\\\/wp-content\\\/uploads\\\/2024\\\/05\\\/EL-COMPLEJO-CULTURAL-MUNICIPAL-BUENA-YUNTA-CELEBRA-SUS-12-ANOS-A-TODO-RITMO-3.jpg\",\"width\":1920,\"height\":1280},{\"@type\":\"BreadcrumbList\",\"@id\":\"https:\\\/\\\/diarioprincipios.com\\\/index.php\\\/2024\\\/05\\\/30\\\/el-complejo-cultural-municipal-buena-yunta-celebra-sus-12-anos-a-todo-ritmo\\\/#breadcrumb\",\"itemListElement\":[{\"@type\":\"ListItem\",\"position\":1,\"name\":\"Portada\",\"item\":\"https:\\\/\\\/diarioprincipios.com\\\/\"},{\"@type\":\"ListItem\",\"position\":2,\"name\":\"El Complejo Cultural Municipal Buena Yunta celebra sus 12 a\u00f1os a todo ritmo\"}]},{\"@type\":\"WebSite\",\"@id\":\"https:\\\/\\\/diarioprincipios.com\\\/#website\",\"url\":\"https:\\\/\\\/diarioprincipios.com\\\/\",\"name\":\"Principios\",\"description\":\"Principios Diario\",\"publisher\":{\"@id\":\"https:\\\/\\\/diarioprincipios.com\\\/#organization\"},\"potentialAction\":[{\"@type\":\"SearchAction\",\"target\":{\"@type\":\"EntryPoint\",\"urlTemplate\":\"https:\\\/\\\/diarioprincipios.com\\\/?s={search_term_string}\"},\"query-input\":{\"@type\":\"PropertyValueSpecification\",\"valueRequired\":true,\"valueName\":\"search_term_string\"}}],\"inLanguage\":\"es\"},{\"@type\":\"Organization\",\"@id\":\"https:\\\/\\\/diarioprincipios.com\\\/#organization\",\"name\":\"Principios\",\"url\":\"https:\\\/\\\/diarioprincipios.com\\\/\",\"logo\":{\"@type\":\"ImageObject\",\"inLanguage\":\"es\",\"@id\":\"https:\\\/\\\/diarioprincipios.com\\\/#\\\/schema\\\/logo\\\/image\\\/\",\"url\":\"https:\\\/\\\/diarioprincipios.com\\\/wp-content\\\/uploads\\\/2024\\\/04\\\/cropped-www.diarioprincipios.com_-1.png\",\"contentUrl\":\"https:\\\/\\\/diarioprincipios.com\\\/wp-content\\\/uploads\\\/2024\\\/04\\\/cropped-www.diarioprincipios.com_-1.png\",\"width\":5325,\"height\":1454,\"caption\":\"Principios\"},\"image\":{\"@id\":\"https:\\\/\\\/diarioprincipios.com\\\/#\\\/schema\\\/logo\\\/image\\\/\"}},{\"@type\":\"Person\",\"@id\":\"https:\\\/\\\/diarioprincipios.com\\\/#\\\/schema\\\/person\\\/436d5a1fd41a5e250e23ff5a6a7cb080\",\"name\":\"Hern\u00e1n L\u00f3pez\",\"image\":{\"@type\":\"ImageObject\",\"inLanguage\":\"es\",\"@id\":\"https:\\\/\\\/diarioprincipios.com\\\/wp-content\\\/litespeed\\\/avatar\\\/11ddfe5610ff3bd100522525b2571f48.jpg?ver=1777653193\",\"url\":\"https:\\\/\\\/diarioprincipios.com\\\/wp-content\\\/litespeed\\\/avatar\\\/11ddfe5610ff3bd100522525b2571f48.jpg?ver=1777653193\",\"contentUrl\":\"https:\\\/\\\/diarioprincipios.com\\\/wp-content\\\/litespeed\\\/avatar\\\/11ddfe5610ff3bd100522525b2571f48.jpg?ver=1777653193\",\"caption\":\"Hern\u00e1n L\u00f3pez\"},\"url\":\"https:\\\/\\\/diarioprincipios.com\\\/index.php\\\/author\\\/hernan\\\/\"}]}<\/script>\n<!-- \/ Yoast SEO plugin. -->","yoast_head_json":{"title":"El Complejo Cultural Municipal Buena Yunta celebra sus 12 a\u00f1os a todo ritmo - Principios","robots":{"index":"index","follow":"follow","max-snippet":"max-snippet:-1","max-image-preview":"max-image-preview:large","max-video-preview":"max-video-preview:-1"},"canonical":"https:\/\/diarioprincipios.com\/index.php\/2024\/05\/30\/el-complejo-cultural-municipal-buena-yunta-celebra-sus-12-anos-a-todo-ritmo\/","og_locale":"es_ES","og_type":"article","og_title":"El Complejo Cultural Municipal Buena Yunta celebra sus 12 a\u00f1os a todo ritmo - Principios","og_description":"Se celebrar\u00e1 el 12\u00ba aniversario del Complejo Cultural Municipal de Danzas Buena Yunta con un gran espect\u00e1culo tanguero y milonguero. Este s\u00e1bado 1\u00b0 de junio, la fiesta se realizar\u00e1 en el Centro Municipal de Actividades Roberto De Vicenzo (calle 148 y 18), a partir de las 21.00. Las entradas anticipadas est\u00e1n a la venta en...","og_url":"https:\/\/diarioprincipios.com\/index.php\/2024\/05\/30\/el-complejo-cultural-municipal-buena-yunta-celebra-sus-12-anos-a-todo-ritmo\/","og_site_name":"Principios","article_published_time":"2024-05-30T20:08:23+00:00","article_modified_time":"2024-05-30T20:08:25+00:00","og_image":[{"width":1920,"height":1280,"url":"https:\/\/diarioprincipios.com\/wp-content\/uploads\/2024\/05\/EL-COMPLEJO-CULTURAL-MUNICIPAL-BUENA-YUNTA-CELEBRA-SUS-12-ANOS-A-TODO-RITMO-3.jpg","type":"image\/jpeg"}],"author":"Hern\u00e1n L\u00f3pez","twitter_card":"summary_large_image","twitter_misc":{"Escrito por":"Hern\u00e1n L\u00f3pez","Tiempo de lectura":"3 minutos"},"schema":{"@context":"https:\/\/schema.org","@graph":[{"@type":"Article","@id":"https:\/\/diarioprincipios.com\/index.php\/2024\/05\/30\/el-complejo-cultural-municipal-buena-yunta-celebra-sus-12-anos-a-todo-ritmo\/#article","isPartOf":{"@id":"https:\/\/diarioprincipios.com\/index.php\/2024\/05\/30\/el-complejo-cultural-municipal-buena-yunta-celebra-sus-12-anos-a-todo-ritmo\/"},"author":{"name":"Hern\u00e1n L\u00f3pez","@id":"https:\/\/diarioprincipios.com\/#\/schema\/person\/436d5a1fd41a5e250e23ff5a6a7cb080"},"headline":"El Complejo Cultural Municipal Buena Yunta celebra sus 12 a\u00f1os a todo ritmo","datePublished":"2024-05-30T20:08:23+00:00","dateModified":"2024-05-30T20:08:25+00:00","mainEntityOfPage":{"@id":"https:\/\/diarioprincipios.com\/index.php\/2024\/05\/30\/el-complejo-cultural-municipal-buena-yunta-celebra-sus-12-anos-a-todo-ritmo\/"},"wordCount":372,"commentCount":0,"publisher":{"@id":"https:\/\/diarioprincipios.com\/#organization"},"image":{"@id":"https:\/\/diarioprincipios.com\/index.php\/2024\/05\/30\/el-complejo-cultural-municipal-buena-yunta-celebra-sus-12-anos-a-todo-ritmo\/#primaryimage"},"thumbnailUrl":"https:\/\/diarioprincipios.com\/wp-content\/uploads\/2024\/05\/EL-COMPLEJO-CULTURAL-MUNICIPAL-BUENA-YUNTA-CELEBRA-SUS-12-ANOS-A-TODO-RITMO-3.jpg","articleSection":["Berazategui","Cultura y Educaci\u00f3n"],"inLanguage":"es","potentialAction":[{"@type":"CommentAction","name":"Comment","target":["https:\/\/diarioprincipios.com\/index.php\/2024\/05\/30\/el-complejo-cultural-municipal-buena-yunta-celebra-sus-12-anos-a-todo-ritmo\/#respond"]}]},{"@type":"WebPage","@id":"https:\/\/diarioprincipios.com\/index.php\/2024\/05\/30\/el-complejo-cultural-municipal-buena-yunta-celebra-sus-12-anos-a-todo-ritmo\/","url":"https:\/\/diarioprincipios.com\/index.php\/2024\/05\/30\/el-complejo-cultural-municipal-buena-yunta-celebra-sus-12-anos-a-todo-ritmo\/","name":"El Complejo Cultural Municipal Buena Yunta celebra sus 12 a\u00f1os a todo ritmo - Principios","isPartOf":{"@id":"https:\/\/diarioprincipios.com\/#website"},"primaryImageOfPage":{"@id":"https:\/\/diarioprincipios.com\/index.php\/2024\/05\/30\/el-complejo-cultural-municipal-buena-yunta-celebra-sus-12-anos-a-todo-ritmo\/#primaryimage"},"image":{"@id":"https:\/\/diarioprincipios.com\/index.php\/2024\/05\/30\/el-complejo-cultural-municipal-buena-yunta-celebra-sus-12-anos-a-todo-ritmo\/#primaryimage"},"thumbnailUrl":"https:\/\/diarioprincipios.com\/wp-content\/uploads\/2024\/05\/EL-COMPLEJO-CULTURAL-MUNICIPAL-BUENA-YUNTA-CELEBRA-SUS-12-ANOS-A-TODO-RITMO-3.jpg","datePublished":"2024-05-30T20:08:23+00:00","dateModified":"2024-05-30T20:08:25+00:00","breadcrumb":{"@id":"https:\/\/diarioprincipios.com\/index.php\/2024\/05\/30\/el-complejo-cultural-municipal-buena-yunta-celebra-sus-12-anos-a-todo-ritmo\/#breadcrumb"},"inLanguage":"es","potentialAction":[{"@type":"ReadAction","target":["https:\/\/diarioprincipios.com\/index.php\/2024\/05\/30\/el-complejo-cultural-municipal-buena-yunta-celebra-sus-12-anos-a-todo-ritmo\/"]}]},{"@type":"ImageObject","inLanguage":"es","@id":"https:\/\/diarioprincipios.com\/index.php\/2024\/05\/30\/el-complejo-cultural-municipal-buena-yunta-celebra-sus-12-anos-a-todo-ritmo\/#primaryimage","url":"https:\/\/diarioprincipios.com\/wp-content\/uploads\/2024\/05\/EL-COMPLEJO-CULTURAL-MUNICIPAL-BUENA-YUNTA-CELEBRA-SUS-12-ANOS-A-TODO-RITMO-3.jpg","contentUrl":"https:\/\/diarioprincipios.com\/wp-content\/uploads\/2024\/05\/EL-COMPLEJO-CULTURAL-MUNICIPAL-BUENA-YUNTA-CELEBRA-SUS-12-ANOS-A-TODO-RITMO-3.jpg","width":1920,"height":1280},{"@type":"BreadcrumbList","@id":"https:\/\/diarioprincipios.com\/index.php\/2024\/05\/30\/el-complejo-cultural-municipal-buena-yunta-celebra-sus-12-anos-a-todo-ritmo\/#breadcrumb","itemListElement":[{"@type":"ListItem","position":1,"name":"Portada","item":"https:\/\/diarioprincipios.com\/"},{"@type":"ListItem","position":2,"name":"El Complejo Cultural Municipal Buena Yunta celebra sus 12 a\u00f1os a todo ritmo"}]},{"@type":"WebSite","@id":"https:\/\/diarioprincipios.com\/#website","url":"https:\/\/diarioprincipios.com\/","name":"Principios","description":"Principios Diario","publisher":{"@id":"https:\/\/diarioprincipios.com\/#organization"},"potentialAction":[{"@type":"SearchAction","target":{"@type":"EntryPoint","urlTemplate":"https:\/\/diarioprincipios.com\/?s={search_term_string}"},"query-input":{"@type":"PropertyValueSpecification","valueRequired":true,"valueName":"search_term_string"}}],"inLanguage":"es"},{"@type":"Organization","@id":"https:\/\/diarioprincipios.com\/#organization","name":"Principios","url":"https:\/\/diarioprincipios.com\/","logo":{"@type":"ImageObject","inLanguage":"es","@id":"https:\/\/diarioprincipios.com\/#\/schema\/logo\/image\/","url":"https:\/\/diarioprincipios.com\/wp-content\/uploads\/2024\/04\/cropped-www.diarioprincipios.com_-1.png","contentUrl":"https:\/\/diarioprincipios.com\/wp-content\/uploads\/2024\/04\/cropped-www.diarioprincipios.com_-1.png","width":5325,"height":1454,"caption":"Principios"},"image":{"@id":"https:\/\/diarioprincipios.com\/#\/schema\/logo\/image\/"}},{"@type":"Person","@id":"https:\/\/diarioprincipios.com\/#\/schema\/person\/436d5a1fd41a5e250e23ff5a6a7cb080","name":"Hern\u00e1n L\u00f3pez","image":{"@type":"ImageObject","inLanguage":"es","@id":"https:\/\/diarioprincipios.com\/wp-content\/litespeed\/avatar\/11ddfe5610ff3bd100522525b2571f48.jpg?ver=1777653193","url":"https:\/\/diarioprincipios.com\/wp-content\/litespeed\/avatar\/11ddfe5610ff3bd100522525b2571f48.jpg?ver=1777653193","contentUrl":"https:\/\/diarioprincipios.com\/wp-content\/litespeed\/avatar\/11ddfe5610ff3bd100522525b2571f48.jpg?ver=1777653193","caption":"Hern\u00e1n L\u00f3pez"},"url":"https:\/\/diarioprincipios.com\/index.php\/author\/hernan\/"}]}},"jetpack_featured_media_url":"https:\/\/diarioprincipios.com\/wp-content\/uploads\/2024\/05\/EL-COMPLEJO-CULTURAL-MUNICIPAL-BUENA-YUNTA-CELEBRA-SUS-12-ANOS-A-TODO-RITMO-3.jpg","_links":{"self":[{"href":"https:\/\/diarioprincipios.com\/index.php\/wp-json\/wp\/v2\/posts\/22042","targetHints":{"allow":["GET"]}}],"collection":[{"href":"https:\/\/diarioprincipios.com\/index.php\/wp-json\/wp\/v2\/posts"}],"about":[{"href":"https:\/\/diarioprincipios.com\/index.php\/wp-json\/wp\/v2\/types\/post"}],"author":[{"embeddable":true,"href":"https:\/\/diarioprincipios.com\/index.php\/wp-json\/wp\/v2\/users\/2"}],"replies":[{"embeddable":true,"href":"https:\/\/diarioprincipios.com\/index.php\/wp-json\/wp\/v2\/comments?post=22042"}],"version-history":[{"count":1,"href":"https:\/\/diarioprincipios.com\/index.php\/wp-json\/wp\/v2\/posts\/22042\/revisions"}],"predecessor-version":[{"id":22046,"href":"https:\/\/diarioprincipios.com\/index.php\/wp-json\/wp\/v2\/posts\/22042\/revisions\/22046"}],"wp:featuredmedia":[{"embeddable":true,"href":"https:\/\/diarioprincipios.com\/index.php\/wp-json\/wp\/v2\/media\/22045"}],"wp:attachment":[{"href":"https:\/\/diarioprincipios.com\/index.php\/wp-json\/wp\/v2\/media?parent=22042"}],"wp:term":[{"taxonomy":"category","embeddable":true,"href":"https:\/\/diarioprincipios.com\/index.php\/wp-json\/wp\/v2\/categories?post=22042"},{"taxonomy":"post_tag","embeddable":true,"href":"https:\/\/diarioprincipios.com\/index.php\/wp-json\/wp\/v2\/tags?post=22042"}],"curies":[{"name":"wp","href":"https:\/\/api.w.org\/{rel}","templated":true}]}}