{"id":22022,"date":"2024-05-29T12:56:25","date_gmt":"2024-05-29T15:56:25","guid":{"rendered":"http:\/\/diarioprincipios.com\/?p=22022"},"modified":"2024-05-29T12:56:27","modified_gmt":"2024-05-29T15:56:27","slug":"feria-emprender-identidad-y-creatividad-berazateguense","status":"publish","type":"post","link":"https:\/\/diarioprincipios.com\/index.php\/2024\/05\/29\/feria-emprender-identidad-y-creatividad-berazateguense\/","title":{"rendered":"Feria Emprender: Identidad y Creatividad berazateguense"},"content":{"rendered":"\n<p><strong>Cada vez son m\u00e1s los vecinos y vecinas que eligen la Feria Municipal Emprender para adquirir diversos productos artesanales berazateguenses para regalar o regalarse. Esta es una iniciativa organizada por la Secretar\u00eda de Trabajo y esta semana estar\u00e1 en el Polo Emprendedor Berazategui (calle 413 y 455, Guti\u00e9rrez) el mi\u00e9rcoles 29 y el jueves 30\/05, de 9.00 a 14.00, y el viernes 31 en la Plaza Rigolleau (Av. 14 y Lisandro de la Torre).<\/strong><\/p>\n\n\n\n<p>Silvina Micoli es vecina de Guti\u00e9rrez y disfruta de recorrer los stands de la Feria: \u201cVine a ver a los emprendedores. Esta Feria es espectacular, la recomiendo, todo es alucinante y producido por gente emprendedora que quiere salir adelante. Ya visit\u00e9 todos los puestos y los voy a visitar de nuevo. Invito a los vecinos a acercarse, no se lo pueden perder\u201d, asegur\u00f3.<\/p>\n\n\n\n<figure class=\"wp-block-image size-large\"><img loading=\"lazy\" decoding=\"async\" width=\"1024\" height=\"682\" src=\"https:\/\/diarioprincipios.com\/wp-content\/uploads\/2024\/05\/FERIA-EMPRENDER-IDENTIDAD-Y-CREATIVIDAD-BERAZATEGUENSE-4-1024x682.jpeg\" alt=\"\" class=\"wp-image-22023\" srcset=\"https:\/\/diarioprincipios.com\/wp-content\/uploads\/2024\/05\/FERIA-EMPRENDER-IDENTIDAD-Y-CREATIVIDAD-BERAZATEGUENSE-4-1024x682.jpeg 1024w, https:\/\/diarioprincipios.com\/wp-content\/uploads\/2024\/05\/FERIA-EMPRENDER-IDENTIDAD-Y-CREATIVIDAD-BERAZATEGUENSE-4-300x200.jpeg 300w, https:\/\/diarioprincipios.com\/wp-content\/uploads\/2024\/05\/FERIA-EMPRENDER-IDENTIDAD-Y-CREATIVIDAD-BERAZATEGUENSE-4-768x512.jpeg 768w, https:\/\/diarioprincipios.com\/wp-content\/uploads\/2024\/05\/FERIA-EMPRENDER-IDENTIDAD-Y-CREATIVIDAD-BERAZATEGUENSE-4-1536x1023.jpeg 1536w, https:\/\/diarioprincipios.com\/wp-content\/uploads\/2024\/05\/FERIA-EMPRENDER-IDENTIDAD-Y-CREATIVIDAD-BERAZATEGUENSE-4-820x545.jpeg 820w, https:\/\/diarioprincipios.com\/wp-content\/uploads\/2024\/05\/FERIA-EMPRENDER-IDENTIDAD-Y-CREATIVIDAD-BERAZATEGUENSE-4-600x400.jpeg 600w, https:\/\/diarioprincipios.com\/wp-content\/uploads\/2024\/05\/FERIA-EMPRENDER-IDENTIDAD-Y-CREATIVIDAD-BERAZATEGUENSE-4.jpeg 1600w\" sizes=\"auto, (max-width: 1024px) 100vw, 1024px\" \/><\/figure>\n\n\n\n<p>Esta Feria municipal permite que los emprendedores y emprendedoras expongan y comercialicen sus productos artesanales y creativos de dise\u00f1o y decoraci\u00f3n, generen v\u00ednculos para futuras ventas y se refuerce la identidad berazateguense. Genera un espacio de encuentro que impulsa el trabajo colaborativo, la generaci\u00f3n de redes, el fomento de la producci\u00f3n local, adem\u00e1s del intercambio de saberes y experiencias. La iniciativa forma parte de las pol\u00edticas p\u00fablicas impulsadas por el intendente Juan Jos\u00e9 Mussi. Comenz\u00f3 hace ya ocho a\u00f1os con el objetivo de visibilizar y favorecer la comercializaci\u00f3n de la producci\u00f3n de los emprendedores locales en el distrito.<\/p>\n\n\n\n<figure class=\"wp-block-image size-large\"><img loading=\"lazy\" decoding=\"async\" width=\"1024\" height=\"682\" src=\"https:\/\/diarioprincipios.com\/wp-content\/uploads\/2024\/05\/FERIA-EMPRENDER-IDENTIDAD-Y-CREATIVIDAD-BERAZATEGUENSE-6-1024x682.jpeg\" alt=\"\" class=\"wp-image-22024\" srcset=\"https:\/\/diarioprincipios.com\/wp-content\/uploads\/2024\/05\/FERIA-EMPRENDER-IDENTIDAD-Y-CREATIVIDAD-BERAZATEGUENSE-6-1024x682.jpeg 1024w, https:\/\/diarioprincipios.com\/wp-content\/uploads\/2024\/05\/FERIA-EMPRENDER-IDENTIDAD-Y-CREATIVIDAD-BERAZATEGUENSE-6-300x200.jpeg 300w, https:\/\/diarioprincipios.com\/wp-content\/uploads\/2024\/05\/FERIA-EMPRENDER-IDENTIDAD-Y-CREATIVIDAD-BERAZATEGUENSE-6-768x512.jpeg 768w, https:\/\/diarioprincipios.com\/wp-content\/uploads\/2024\/05\/FERIA-EMPRENDER-IDENTIDAD-Y-CREATIVIDAD-BERAZATEGUENSE-6-1536x1023.jpeg 1536w, https:\/\/diarioprincipios.com\/wp-content\/uploads\/2024\/05\/FERIA-EMPRENDER-IDENTIDAD-Y-CREATIVIDAD-BERAZATEGUENSE-6-820x545.jpeg 820w, https:\/\/diarioprincipios.com\/wp-content\/uploads\/2024\/05\/FERIA-EMPRENDER-IDENTIDAD-Y-CREATIVIDAD-BERAZATEGUENSE-6-600x400.jpeg 600w, https:\/\/diarioprincipios.com\/wp-content\/uploads\/2024\/05\/FERIA-EMPRENDER-IDENTIDAD-Y-CREATIVIDAD-BERAZATEGUENSE-6.jpeg 1600w\" sizes=\"auto, (max-width: 1024px) 100vw, 1024px\" \/><\/figure>\n\n\n\n<p>Actualmente, participan los siguientes rubros: bijouterie, calzado, cester\u00eda, manualidades en cuero, indumentaria, cuidado personal, marroquiner\u00eda, mosaiquismo, metal, sublimaci\u00f3n, juegos did\u00e1cticos, accesorios, cer\u00e1mica, tejido, velas, plantas, piezas en impresi\u00f3n 3D, vidrio y encuadernaci\u00f3n, entre otros. Para conocer m\u00e1s, se puede ingresar en&nbsp;<a rel=\"noreferrer noopener\" target=\"_blank\" href=\"http:\/\/berazategui.gob.ar\/emprender\">berazategui.gob.ar\/emprender<\/a>.<\/p>\n","protected":false},"excerpt":{"rendered":"<p>Cada vez son m\u00e1s los vecinos y vecinas que eligen la Feria Municipal Emprender para adquirir diversos productos artesanales berazateguenses para regalar o regalarse. Esta es una iniciativa organizada por la Secretar\u00eda de Trabajo y esta semana estar\u00e1 en el Polo Emprendedor Berazategui (calle 413 y 455, Guti\u00e9rrez) el mi\u00e9rcoles 29 y el jueves 30\/05,&#8230;<\/p>\n","protected":false},"author":2,"featured_media":22025,"comment_status":"open","ping_status":"open","sticky":false,"template":"","format":"standard","meta":{"footnotes":""},"categories":[3,18],"tags":[],"class_list":["post-22022","post","type-post","status-publish","format-standard","has-post-thumbnail","hentry","category-berazategui","category-comercio-industria"],"featured_image_src":"https:\/\/diarioprincipios.com\/wp-content\/uploads\/2024\/05\/FERIA-EMPRENDER-IDENTIDAD-Y-CREATIVIDAD-BERAZATEGUENSE-1-1024x682.jpeg","blog_images":{"medium":"https:\/\/diarioprincipios.com\/wp-content\/uploads\/2024\/05\/FERIA-EMPRENDER-IDENTIDAD-Y-CREATIVIDAD-BERAZATEGUENSE-1-300x200.jpeg","large":"https:\/\/diarioprincipios.com\/wp-content\/uploads\/2024\/05\/FERIA-EMPRENDER-IDENTIDAD-Y-CREATIVIDAD-BERAZATEGUENSE-1-1024x682.jpeg"},"ams_acf":[],"yoast_head":"<!-- This site is optimized with the Yoast SEO plugin v27.3 - https:\/\/yoast.com\/product\/yoast-seo-wordpress\/ -->\n<title>Feria Emprender: Identidad y Creatividad berazateguense - Principios<\/title>\n<meta name=\"robots\" content=\"index, follow, max-snippet:-1, max-image-preview:large, max-video-preview:-1\" \/>\n<link rel=\"canonical\" href=\"https:\/\/diarioprincipios.com\/index.php\/2024\/05\/29\/feria-emprender-identidad-y-creatividad-berazateguense\/\" \/>\n<meta property=\"og:locale\" content=\"es_ES\" \/>\n<meta property=\"og:type\" content=\"article\" \/>\n<meta property=\"og:title\" content=\"Feria Emprender: Identidad y Creatividad berazateguense - Principios\" \/>\n<meta property=\"og:description\" content=\"Cada vez son m\u00e1s los vecinos y vecinas que eligen la Feria Municipal Emprender para adquirir diversos productos artesanales berazateguenses para regalar o regalarse. Esta es una iniciativa organizada por la Secretar\u00eda de Trabajo y esta semana estar\u00e1 en el Polo Emprendedor Berazategui (calle 413 y 455, Guti\u00e9rrez) el mi\u00e9rcoles 29 y el jueves 30\/05,...\" \/>\n<meta property=\"og:url\" content=\"https:\/\/diarioprincipios.com\/index.php\/2024\/05\/29\/feria-emprender-identidad-y-creatividad-berazateguense\/\" \/>\n<meta property=\"og:site_name\" content=\"Principios\" \/>\n<meta property=\"article:published_time\" content=\"2024-05-29T15:56:25+00:00\" \/>\n<meta property=\"article:modified_time\" content=\"2024-05-29T15:56:27+00:00\" \/>\n<meta property=\"og:image\" content=\"https:\/\/diarioprincipios.com\/wp-content\/uploads\/2024\/05\/FERIA-EMPRENDER-IDENTIDAD-Y-CREATIVIDAD-BERAZATEGUENSE-1.jpeg\" \/>\n\t<meta property=\"og:image:width\" content=\"1600\" \/>\n\t<meta property=\"og:image:height\" content=\"1066\" \/>\n\t<meta property=\"og:image:type\" content=\"image\/jpeg\" \/>\n<meta name=\"author\" content=\"Hern\u00e1n L\u00f3pez\" \/>\n<meta name=\"twitter:card\" content=\"summary_large_image\" \/>\n<meta name=\"twitter:label1\" content=\"Escrito por\" \/>\n\t<meta name=\"twitter:data1\" content=\"Hern\u00e1n L\u00f3pez\" \/>\n\t<meta name=\"twitter:label2\" content=\"Tiempo de lectura\" \/>\n\t<meta name=\"twitter:data2\" content=\"2 minutos\" \/>\n<script type=\"application\/ld+json\" class=\"yoast-schema-graph\">{\"@context\":\"https:\\\/\\\/schema.org\",\"@graph\":[{\"@type\":\"Article\",\"@id\":\"https:\\\/\\\/diarioprincipios.com\\\/index.php\\\/2024\\\/05\\\/29\\\/feria-emprender-identidad-y-creatividad-berazateguense\\\/#article\",\"isPartOf\":{\"@id\":\"https:\\\/\\\/diarioprincipios.com\\\/index.php\\\/2024\\\/05\\\/29\\\/feria-emprender-identidad-y-creatividad-berazateguense\\\/\"},\"author\":{\"name\":\"Hern\u00e1n L\u00f3pez\",\"@id\":\"https:\\\/\\\/diarioprincipios.com\\\/#\\\/schema\\\/person\\\/436d5a1fd41a5e250e23ff5a6a7cb080\"},\"headline\":\"Feria Emprender: Identidad y Creatividad berazateguense\",\"datePublished\":\"2024-05-29T15:56:25+00:00\",\"dateModified\":\"2024-05-29T15:56:27+00:00\",\"mainEntityOfPage\":{\"@id\":\"https:\\\/\\\/diarioprincipios.com\\\/index.php\\\/2024\\\/05\\\/29\\\/feria-emprender-identidad-y-creatividad-berazateguense\\\/\"},\"wordCount\":303,\"commentCount\":0,\"publisher\":{\"@id\":\"https:\\\/\\\/diarioprincipios.com\\\/#organization\"},\"image\":{\"@id\":\"https:\\\/\\\/diarioprincipios.com\\\/index.php\\\/2024\\\/05\\\/29\\\/feria-emprender-identidad-y-creatividad-berazateguense\\\/#primaryimage\"},\"thumbnailUrl\":\"https:\\\/\\\/diarioprincipios.com\\\/wp-content\\\/uploads\\\/2024\\\/05\\\/FERIA-EMPRENDER-IDENTIDAD-Y-CREATIVIDAD-BERAZATEGUENSE-1.jpeg\",\"articleSection\":[\"Berazategui\",\"Comercio e Industria\"],\"inLanguage\":\"es\",\"potentialAction\":[{\"@type\":\"CommentAction\",\"name\":\"Comment\",\"target\":[\"https:\\\/\\\/diarioprincipios.com\\\/index.php\\\/2024\\\/05\\\/29\\\/feria-emprender-identidad-y-creatividad-berazateguense\\\/#respond\"]}]},{\"@type\":\"WebPage\",\"@id\":\"https:\\\/\\\/diarioprincipios.com\\\/index.php\\\/2024\\\/05\\\/29\\\/feria-emprender-identidad-y-creatividad-berazateguense\\\/\",\"url\":\"https:\\\/\\\/diarioprincipios.com\\\/index.php\\\/2024\\\/05\\\/29\\\/feria-emprender-identidad-y-creatividad-berazateguense\\\/\",\"name\":\"Feria Emprender: Identidad y Creatividad berazateguense - Principios\",\"isPartOf\":{\"@id\":\"https:\\\/\\\/diarioprincipios.com\\\/#website\"},\"primaryImageOfPage\":{\"@id\":\"https:\\\/\\\/diarioprincipios.com\\\/index.php\\\/2024\\\/05\\\/29\\\/feria-emprender-identidad-y-creatividad-berazateguense\\\/#primaryimage\"},\"image\":{\"@id\":\"https:\\\/\\\/diarioprincipios.com\\\/index.php\\\/2024\\\/05\\\/29\\\/feria-emprender-identidad-y-creatividad-berazateguense\\\/#primaryimage\"},\"thumbnailUrl\":\"https:\\\/\\\/diarioprincipios.com\\\/wp-content\\\/uploads\\\/2024\\\/05\\\/FERIA-EMPRENDER-IDENTIDAD-Y-CREATIVIDAD-BERAZATEGUENSE-1.jpeg\",\"datePublished\":\"2024-05-29T15:56:25+00:00\",\"dateModified\":\"2024-05-29T15:56:27+00:00\",\"breadcrumb\":{\"@id\":\"https:\\\/\\\/diarioprincipios.com\\\/index.php\\\/2024\\\/05\\\/29\\\/feria-emprender-identidad-y-creatividad-berazateguense\\\/#breadcrumb\"},\"inLanguage\":\"es\",\"potentialAction\":[{\"@type\":\"ReadAction\",\"target\":[\"https:\\\/\\\/diarioprincipios.com\\\/index.php\\\/2024\\\/05\\\/29\\\/feria-emprender-identidad-y-creatividad-berazateguense\\\/\"]}]},{\"@type\":\"ImageObject\",\"inLanguage\":\"es\",\"@id\":\"https:\\\/\\\/diarioprincipios.com\\\/index.php\\\/2024\\\/05\\\/29\\\/feria-emprender-identidad-y-creatividad-berazateguense\\\/#primaryimage\",\"url\":\"https:\\\/\\\/diarioprincipios.com\\\/wp-content\\\/uploads\\\/2024\\\/05\\\/FERIA-EMPRENDER-IDENTIDAD-Y-CREATIVIDAD-BERAZATEGUENSE-1.jpeg\",\"contentUrl\":\"https:\\\/\\\/diarioprincipios.com\\\/wp-content\\\/uploads\\\/2024\\\/05\\\/FERIA-EMPRENDER-IDENTIDAD-Y-CREATIVIDAD-BERAZATEGUENSE-1.jpeg\",\"width\":1600,\"height\":1066},{\"@type\":\"BreadcrumbList\",\"@id\":\"https:\\\/\\\/diarioprincipios.com\\\/index.php\\\/2024\\\/05\\\/29\\\/feria-emprender-identidad-y-creatividad-berazateguense\\\/#breadcrumb\",\"itemListElement\":[{\"@type\":\"ListItem\",\"position\":1,\"name\":\"Portada\",\"item\":\"https:\\\/\\\/diarioprincipios.com\\\/\"},{\"@type\":\"ListItem\",\"position\":2,\"name\":\"Feria Emprender: Identidad y Creatividad berazateguense\"}]},{\"@type\":\"WebSite\",\"@id\":\"https:\\\/\\\/diarioprincipios.com\\\/#website\",\"url\":\"https:\\\/\\\/diarioprincipios.com\\\/\",\"name\":\"Principios\",\"description\":\"Principios Diario\",\"publisher\":{\"@id\":\"https:\\\/\\\/diarioprincipios.com\\\/#organization\"},\"potentialAction\":[{\"@type\":\"SearchAction\",\"target\":{\"@type\":\"EntryPoint\",\"urlTemplate\":\"https:\\\/\\\/diarioprincipios.com\\\/?s={search_term_string}\"},\"query-input\":{\"@type\":\"PropertyValueSpecification\",\"valueRequired\":true,\"valueName\":\"search_term_string\"}}],\"inLanguage\":\"es\"},{\"@type\":\"Organization\",\"@id\":\"https:\\\/\\\/diarioprincipios.com\\\/#organization\",\"name\":\"Principios\",\"url\":\"https:\\\/\\\/diarioprincipios.com\\\/\",\"logo\":{\"@type\":\"ImageObject\",\"inLanguage\":\"es\",\"@id\":\"https:\\\/\\\/diarioprincipios.com\\\/#\\\/schema\\\/logo\\\/image\\\/\",\"url\":\"https:\\\/\\\/diarioprincipios.com\\\/wp-content\\\/uploads\\\/2024\\\/04\\\/cropped-www.diarioprincipios.com_-1.png\",\"contentUrl\":\"https:\\\/\\\/diarioprincipios.com\\\/wp-content\\\/uploads\\\/2024\\\/04\\\/cropped-www.diarioprincipios.com_-1.png\",\"width\":5325,\"height\":1454,\"caption\":\"Principios\"},\"image\":{\"@id\":\"https:\\\/\\\/diarioprincipios.com\\\/#\\\/schema\\\/logo\\\/image\\\/\"}},{\"@type\":\"Person\",\"@id\":\"https:\\\/\\\/diarioprincipios.com\\\/#\\\/schema\\\/person\\\/436d5a1fd41a5e250e23ff5a6a7cb080\",\"name\":\"Hern\u00e1n L\u00f3pez\",\"image\":{\"@type\":\"ImageObject\",\"inLanguage\":\"es\",\"@id\":\"https:\\\/\\\/diarioprincipios.com\\\/wp-content\\\/litespeed\\\/avatar\\\/11ddfe5610ff3bd100522525b2571f48.jpg\",\"url\":\"https:\\\/\\\/diarioprincipios.com\\\/wp-content\\\/litespeed\\\/avatar\\\/11ddfe5610ff3bd100522525b2571f48.jpg\",\"contentUrl\":\"https:\\\/\\\/diarioprincipios.com\\\/wp-content\\\/litespeed\\\/avatar\\\/11ddfe5610ff3bd100522525b2571f48.jpg\",\"caption\":\"Hern\u00e1n L\u00f3pez\"},\"url\":\"https:\\\/\\\/diarioprincipios.com\\\/index.php\\\/author\\\/hernan\\\/\"}]}<\/script>\n<!-- \/ Yoast SEO plugin. -->","yoast_head_json":{"title":"Feria Emprender: Identidad y Creatividad berazateguense - Principios","robots":{"index":"index","follow":"follow","max-snippet":"max-snippet:-1","max-image-preview":"max-image-preview:large","max-video-preview":"max-video-preview:-1"},"canonical":"https:\/\/diarioprincipios.com\/index.php\/2024\/05\/29\/feria-emprender-identidad-y-creatividad-berazateguense\/","og_locale":"es_ES","og_type":"article","og_title":"Feria Emprender: Identidad y Creatividad berazateguense - Principios","og_description":"Cada vez son m\u00e1s los vecinos y vecinas que eligen la Feria Municipal Emprender para adquirir diversos productos artesanales berazateguenses para regalar o regalarse. Esta es una iniciativa organizada por la Secretar\u00eda de Trabajo y esta semana estar\u00e1 en el Polo Emprendedor Berazategui (calle 413 y 455, Guti\u00e9rrez) el mi\u00e9rcoles 29 y el jueves 30\/05,...","og_url":"https:\/\/diarioprincipios.com\/index.php\/2024\/05\/29\/feria-emprender-identidad-y-creatividad-berazateguense\/","og_site_name":"Principios","article_published_time":"2024-05-29T15:56:25+00:00","article_modified_time":"2024-05-29T15:56:27+00:00","og_image":[{"width":1600,"height":1066,"url":"https:\/\/diarioprincipios.com\/wp-content\/uploads\/2024\/05\/FERIA-EMPRENDER-IDENTIDAD-Y-CREATIVIDAD-BERAZATEGUENSE-1.jpeg","type":"image\/jpeg"}],"author":"Hern\u00e1n L\u00f3pez","twitter_card":"summary_large_image","twitter_misc":{"Escrito por":"Hern\u00e1n L\u00f3pez","Tiempo de lectura":"2 minutos"},"schema":{"@context":"https:\/\/schema.org","@graph":[{"@type":"Article","@id":"https:\/\/diarioprincipios.com\/index.php\/2024\/05\/29\/feria-emprender-identidad-y-creatividad-berazateguense\/#article","isPartOf":{"@id":"https:\/\/diarioprincipios.com\/index.php\/2024\/05\/29\/feria-emprender-identidad-y-creatividad-berazateguense\/"},"author":{"name":"Hern\u00e1n L\u00f3pez","@id":"https:\/\/diarioprincipios.com\/#\/schema\/person\/436d5a1fd41a5e250e23ff5a6a7cb080"},"headline":"Feria Emprender: Identidad y Creatividad berazateguense","datePublished":"2024-05-29T15:56:25+00:00","dateModified":"2024-05-29T15:56:27+00:00","mainEntityOfPage":{"@id":"https:\/\/diarioprincipios.com\/index.php\/2024\/05\/29\/feria-emprender-identidad-y-creatividad-berazateguense\/"},"wordCount":303,"commentCount":0,"publisher":{"@id":"https:\/\/diarioprincipios.com\/#organization"},"image":{"@id":"https:\/\/diarioprincipios.com\/index.php\/2024\/05\/29\/feria-emprender-identidad-y-creatividad-berazateguense\/#primaryimage"},"thumbnailUrl":"https:\/\/diarioprincipios.com\/wp-content\/uploads\/2024\/05\/FERIA-EMPRENDER-IDENTIDAD-Y-CREATIVIDAD-BERAZATEGUENSE-1.jpeg","articleSection":["Berazategui","Comercio e Industria"],"inLanguage":"es","potentialAction":[{"@type":"CommentAction","name":"Comment","target":["https:\/\/diarioprincipios.com\/index.php\/2024\/05\/29\/feria-emprender-identidad-y-creatividad-berazateguense\/#respond"]}]},{"@type":"WebPage","@id":"https:\/\/diarioprincipios.com\/index.php\/2024\/05\/29\/feria-emprender-identidad-y-creatividad-berazateguense\/","url":"https:\/\/diarioprincipios.com\/index.php\/2024\/05\/29\/feria-emprender-identidad-y-creatividad-berazateguense\/","name":"Feria Emprender: Identidad y Creatividad berazateguense - Principios","isPartOf":{"@id":"https:\/\/diarioprincipios.com\/#website"},"primaryImageOfPage":{"@id":"https:\/\/diarioprincipios.com\/index.php\/2024\/05\/29\/feria-emprender-identidad-y-creatividad-berazateguense\/#primaryimage"},"image":{"@id":"https:\/\/diarioprincipios.com\/index.php\/2024\/05\/29\/feria-emprender-identidad-y-creatividad-berazateguense\/#primaryimage"},"thumbnailUrl":"https:\/\/diarioprincipios.com\/wp-content\/uploads\/2024\/05\/FERIA-EMPRENDER-IDENTIDAD-Y-CREATIVIDAD-BERAZATEGUENSE-1.jpeg","datePublished":"2024-05-29T15:56:25+00:00","dateModified":"2024-05-29T15:56:27+00:00","breadcrumb":{"@id":"https:\/\/diarioprincipios.com\/index.php\/2024\/05\/29\/feria-emprender-identidad-y-creatividad-berazateguense\/#breadcrumb"},"inLanguage":"es","potentialAction":[{"@type":"ReadAction","target":["https:\/\/diarioprincipios.com\/index.php\/2024\/05\/29\/feria-emprender-identidad-y-creatividad-berazateguense\/"]}]},{"@type":"ImageObject","inLanguage":"es","@id":"https:\/\/diarioprincipios.com\/index.php\/2024\/05\/29\/feria-emprender-identidad-y-creatividad-berazateguense\/#primaryimage","url":"https:\/\/diarioprincipios.com\/wp-content\/uploads\/2024\/05\/FERIA-EMPRENDER-IDENTIDAD-Y-CREATIVIDAD-BERAZATEGUENSE-1.jpeg","contentUrl":"https:\/\/diarioprincipios.com\/wp-content\/uploads\/2024\/05\/FERIA-EMPRENDER-IDENTIDAD-Y-CREATIVIDAD-BERAZATEGUENSE-1.jpeg","width":1600,"height":1066},{"@type":"BreadcrumbList","@id":"https:\/\/diarioprincipios.com\/index.php\/2024\/05\/29\/feria-emprender-identidad-y-creatividad-berazateguense\/#breadcrumb","itemListElement":[{"@type":"ListItem","position":1,"name":"Portada","item":"https:\/\/diarioprincipios.com\/"},{"@type":"ListItem","position":2,"name":"Feria Emprender: Identidad y Creatividad berazateguense"}]},{"@type":"WebSite","@id":"https:\/\/diarioprincipios.com\/#website","url":"https:\/\/diarioprincipios.com\/","name":"Principios","description":"Principios Diario","publisher":{"@id":"https:\/\/diarioprincipios.com\/#organization"},"potentialAction":[{"@type":"SearchAction","target":{"@type":"EntryPoint","urlTemplate":"https:\/\/diarioprincipios.com\/?s={search_term_string}"},"query-input":{"@type":"PropertyValueSpecification","valueRequired":true,"valueName":"search_term_string"}}],"inLanguage":"es"},{"@type":"Organization","@id":"https:\/\/diarioprincipios.com\/#organization","name":"Principios","url":"https:\/\/diarioprincipios.com\/","logo":{"@type":"ImageObject","inLanguage":"es","@id":"https:\/\/diarioprincipios.com\/#\/schema\/logo\/image\/","url":"https:\/\/diarioprincipios.com\/wp-content\/uploads\/2024\/04\/cropped-www.diarioprincipios.com_-1.png","contentUrl":"https:\/\/diarioprincipios.com\/wp-content\/uploads\/2024\/04\/cropped-www.diarioprincipios.com_-1.png","width":5325,"height":1454,"caption":"Principios"},"image":{"@id":"https:\/\/diarioprincipios.com\/#\/schema\/logo\/image\/"}},{"@type":"Person","@id":"https:\/\/diarioprincipios.com\/#\/schema\/person\/436d5a1fd41a5e250e23ff5a6a7cb080","name":"Hern\u00e1n L\u00f3pez","image":{"@type":"ImageObject","inLanguage":"es","@id":"https:\/\/diarioprincipios.com\/wp-content\/litespeed\/avatar\/11ddfe5610ff3bd100522525b2571f48.jpg","url":"https:\/\/diarioprincipios.com\/wp-content\/litespeed\/avatar\/11ddfe5610ff3bd100522525b2571f48.jpg","contentUrl":"https:\/\/diarioprincipios.com\/wp-content\/litespeed\/avatar\/11ddfe5610ff3bd100522525b2571f48.jpg","caption":"Hern\u00e1n L\u00f3pez"},"url":"https:\/\/diarioprincipios.com\/index.php\/author\/hernan\/"}]}},"jetpack_featured_media_url":"https:\/\/diarioprincipios.com\/wp-content\/uploads\/2024\/05\/FERIA-EMPRENDER-IDENTIDAD-Y-CREATIVIDAD-BERAZATEGUENSE-1.jpeg","_links":{"self":[{"href":"https:\/\/diarioprincipios.com\/index.php\/wp-json\/wp\/v2\/posts\/22022","targetHints":{"allow":["GET"]}}],"collection":[{"href":"https:\/\/diarioprincipios.com\/index.php\/wp-json\/wp\/v2\/posts"}],"about":[{"href":"https:\/\/diarioprincipios.com\/index.php\/wp-json\/wp\/v2\/types\/post"}],"author":[{"embeddable":true,"href":"https:\/\/diarioprincipios.com\/index.php\/wp-json\/wp\/v2\/users\/2"}],"replies":[{"embeddable":true,"href":"https:\/\/diarioprincipios.com\/index.php\/wp-json\/wp\/v2\/comments?post=22022"}],"version-history":[{"count":1,"href":"https:\/\/diarioprincipios.com\/index.php\/wp-json\/wp\/v2\/posts\/22022\/revisions"}],"predecessor-version":[{"id":22026,"href":"https:\/\/diarioprincipios.com\/index.php\/wp-json\/wp\/v2\/posts\/22022\/revisions\/22026"}],"wp:featuredmedia":[{"embeddable":true,"href":"https:\/\/diarioprincipios.com\/index.php\/wp-json\/wp\/v2\/media\/22025"}],"wp:attachment":[{"href":"https:\/\/diarioprincipios.com\/index.php\/wp-json\/wp\/v2\/media?parent=22022"}],"wp:term":[{"taxonomy":"category","embeddable":true,"href":"https:\/\/diarioprincipios.com\/index.php\/wp-json\/wp\/v2\/categories?post=22022"},{"taxonomy":"post_tag","embeddable":true,"href":"https:\/\/diarioprincipios.com\/index.php\/wp-json\/wp\/v2\/tags?post=22022"}],"curies":[{"name":"wp","href":"https:\/\/api.w.org\/{rel}","templated":true}]}}