{"id":2202,"date":"2020-05-27T18:17:27","date_gmt":"2020-05-27T21:17:27","guid":{"rendered":"http:\/\/diarioprincipios.com\/?p=2202"},"modified":"2020-05-27T18:17:29","modified_gmt":"2020-05-27T21:17:29","slug":"valores-maximos-para-frutas-y-verduras-en-berazategui","status":"publish","type":"post","link":"https:\/\/diarioprincipios.com\/index.php\/2020\/05\/27\/valores-maximos-para-frutas-y-verduras-en-berazategui\/","title":{"rendered":"Valores m\u00e1ximos para frutas y verduras en Berazategui"},"content":{"rendered":"\n<p><strong>Desde que se decret\u00f3 la emergencia sanitaria debido a la pandemia del coronavirus, la Municipalidad de Berazategui, a trav\u00e9s de un acuerdo con el Mercado Central, confecciona un listado semanal de precios sugeridos para la venta minorista de frutas y verduras, con el fin de evitar aumentos indiscriminados.<br><\/strong><br>La lista en vigencia hasta el 28 de mayo, inclusive, incluye los siguientes productos:<\/p>\n\n\n\n<p>&#8211; Papa: $22 el kilo.<\/p>\n\n\n\n<p>&#8211; Zapallo (anco y cabutia): $26 el kilo.<\/p>\n\n\n\n<p>&#8211; Zapallito (redondo): $72.<\/p>\n\n\n\n<p>&#8211; Cebolla: $33 el kilo.<\/p>\n\n\n\n<p>&#8211; Mandarina: $59 el kilo.<\/p>\n\n\n\n<p>&#8211; Pera: $74 el kilo.<\/p>\n\n\n\n<p>&#8211; Banana (de Ecuador): $93 el kilo.<\/p>\n\n\n\n<p>&#8211; Banana (comercial): $63 el kilo.<\/p>\n\n\n\n<p>&#8211; Tomate: $120 el kilo.<\/p>\n\n\n\n<p>&#8211; Lechuga: $48 el kilo.<\/p>\n\n\n\n<p>&#8211; Manzana: $74 el kilo.<\/p>\n\n\n\n<p>&#8211; Batata: $30.<\/p>\n\n\n\n<p>&#8211; Naranja (ombligo y jugo): $52 el kilo.<\/p>\n\n\n\n<p>&#8211; Lim\u00f3n: $30 el kilo.<\/p>\n\n\n\n<p>En el mismo sentido, Berazategui trabaja en el control de precios, por lo que inspectores municipales recorren puestos del Mercado Frutihort\u00edcola y verduler\u00edas barriales de todo el distrito para garantizar que se implemente el acuerdo establecido.<br><br>Desde que comenzaron las fiscalizaciones, se acudi\u00f3 a 271 verduler\u00edas, donde se labraron 112 multas y 37 clausuras por sobreprecios y otras irregularidades. Asimismo, se hizo un relevamiento en 170 puestos del Mercado Frutihort\u00edcola que dio como resultado la clausura de 13 y 26 fueron multados.<\/p>\n\n\n\n<p>Entre los productos m\u00e1s excedidos, se encuentran el lim\u00f3n y la batata (45,5% y 25,8% respectivamente, sobre el precio de referencia), seguidos por el zapallito redondo y el zapallo anco y cabutia (25% y 24,5%, respectivamente, sobre el precio establecido).<br><br>Aquellos que quieran denunciar irregularidades, pueden comunicarse al 4256-1004 y al 4356-9200 (Int. 1146), de lunes a viernes de 8.00 a 17.00. Tambi\u00e9n pueden hacerlo por WhatsApp, al 11-2452-8972; v\u00eda mail a&nbsp;<a rel=\"noreferrer noopener\" target=\"_blank\" href=\"mailto:consumidorberazategui@gmail.com\">consumidorberazategui@gmail.com<\/a>; o ingresando en&nbsp;<a rel=\"noreferrer noopener\" target=\"_blank\" href=\"http:\/\/simap.gba.gob.ar\/\">simap.gba.gob.ar<\/a>. Todos los comercios deben exhibir obligatoriamente el listado de los valores m\u00e1ximos acordados para la venta minorista, para conocimiento de los clientes.<\/p>\n\n\n\n<p>Adem\u00e1s, los vecinos pueden consultar el listado en&nbsp;<a rel=\"noreferrer noopener\" target=\"_blank\" href=\"http:\/\/berazategui.gob.ar\/preciossugeridos\">berazategui.gob.ar\/preciossugeridos<\/a>.<\/p>\n","protected":false},"excerpt":{"rendered":"<p>Desde que se decret\u00f3 la emergencia sanitaria debido a la pandemia del coronavirus, la Municipalidad de Berazategui, a trav\u00e9s de un acuerdo con el Mercado Central, confecciona un listado semanal de precios sugeridos para la venta minorista de frutas y verduras, con el fin de evitar aumentos indiscriminados.La lista en vigencia hasta el 28 de&#8230;<\/p>\n","protected":false},"author":2,"featured_media":2203,"comment_status":"open","ping_status":"open","sticky":false,"template":"","format":"standard","meta":{"footnotes":""},"categories":[3],"tags":[],"class_list":["post-2202","post","type-post","status-publish","format-standard","has-post-thumbnail","hentry","category-berazategui"],"featured_image_src":"https:\/\/diarioprincipios.com\/wp-content\/uploads\/2020\/05\/LA-MUNICIPALIDAD-DE-BERAZATEGUI-INFORMA-PRECIOS-M\u00c1XIMOS-EN-FRUTAS-Y-VERDURAS-2.jpg","blog_images":{"medium":"https:\/\/diarioprincipios.com\/wp-content\/uploads\/2020\/05\/LA-MUNICIPALIDAD-DE-BERAZATEGUI-INFORMA-PRECIOS-M\u00c1XIMOS-EN-FRUTAS-Y-VERDURAS-2-300x225.jpg","large":"https:\/\/diarioprincipios.com\/wp-content\/uploads\/2020\/05\/LA-MUNICIPALIDAD-DE-BERAZATEGUI-INFORMA-PRECIOS-M\u00c1XIMOS-EN-FRUTAS-Y-VERDURAS-2.jpg"},"ams_acf":[],"yoast_head":"<!-- This site is optimized with the Yoast SEO plugin v27.3 - https:\/\/yoast.com\/product\/yoast-seo-wordpress\/ -->\n<title>Valores m\u00e1ximos para frutas y verduras en Berazategui - Principios<\/title>\n<meta name=\"robots\" content=\"index, follow, max-snippet:-1, max-image-preview:large, max-video-preview:-1\" \/>\n<link rel=\"canonical\" href=\"https:\/\/diarioprincipios.com\/index.php\/2020\/05\/27\/valores-maximos-para-frutas-y-verduras-en-berazategui\/\" \/>\n<meta property=\"og:locale\" content=\"es_ES\" \/>\n<meta property=\"og:type\" content=\"article\" \/>\n<meta property=\"og:title\" content=\"Valores m\u00e1ximos para frutas y verduras en Berazategui - Principios\" \/>\n<meta property=\"og:description\" content=\"Desde que se decret\u00f3 la emergencia sanitaria debido a la pandemia del coronavirus, la Municipalidad de Berazategui, a trav\u00e9s de un acuerdo con el Mercado Central, confecciona un listado semanal de precios sugeridos para la venta minorista de frutas y verduras, con el fin de evitar aumentos indiscriminados.La lista en vigencia hasta el 28 de...\" \/>\n<meta property=\"og:url\" content=\"https:\/\/diarioprincipios.com\/index.php\/2020\/05\/27\/valores-maximos-para-frutas-y-verduras-en-berazategui\/\" \/>\n<meta property=\"og:site_name\" content=\"Principios\" \/>\n<meta property=\"article:published_time\" content=\"2020-05-27T21:17:27+00:00\" \/>\n<meta property=\"article:modified_time\" content=\"2020-05-27T21:17:29+00:00\" \/>\n<meta property=\"og:image\" content=\"https:\/\/diarioprincipios.com\/wp-content\/uploads\/2020\/05\/LA-MUNICIPALIDAD-DE-BERAZATEGUI-INFORMA-PRECIOS-M\u00c1XIMOS-EN-FRUTAS-Y-VERDURAS-2.jpg\" \/>\n\t<meta property=\"og:image:width\" content=\"800\" \/>\n\t<meta property=\"og:image:height\" content=\"600\" \/>\n\t<meta property=\"og:image:type\" content=\"image\/jpeg\" \/>\n<meta name=\"author\" content=\"Hern\u00e1n L\u00f3pez\" \/>\n<meta name=\"twitter:card\" content=\"summary_large_image\" \/>\n<meta name=\"twitter:label1\" content=\"Escrito por\" \/>\n\t<meta name=\"twitter:data1\" content=\"Hern\u00e1n L\u00f3pez\" \/>\n\t<meta name=\"twitter:label2\" content=\"Tiempo de lectura\" \/>\n\t<meta name=\"twitter:data2\" content=\"2 minutos\" \/>\n<script type=\"application\/ld+json\" class=\"yoast-schema-graph\">{\"@context\":\"https:\\\/\\\/schema.org\",\"@graph\":[{\"@type\":\"Article\",\"@id\":\"https:\\\/\\\/diarioprincipios.com\\\/index.php\\\/2020\\\/05\\\/27\\\/valores-maximos-para-frutas-y-verduras-en-berazategui\\\/#article\",\"isPartOf\":{\"@id\":\"https:\\\/\\\/diarioprincipios.com\\\/index.php\\\/2020\\\/05\\\/27\\\/valores-maximos-para-frutas-y-verduras-en-berazategui\\\/\"},\"author\":{\"name\":\"Hern\u00e1n L\u00f3pez\",\"@id\":\"https:\\\/\\\/diarioprincipios.com\\\/#\\\/schema\\\/person\\\/436d5a1fd41a5e250e23ff5a6a7cb080\"},\"headline\":\"Valores m\u00e1ximos para frutas y verduras en Berazategui\",\"datePublished\":\"2020-05-27T21:17:27+00:00\",\"dateModified\":\"2020-05-27T21:17:29+00:00\",\"mainEntityOfPage\":{\"@id\":\"https:\\\/\\\/diarioprincipios.com\\\/index.php\\\/2020\\\/05\\\/27\\\/valores-maximos-para-frutas-y-verduras-en-berazategui\\\/\"},\"wordCount\":333,\"commentCount\":0,\"publisher\":{\"@id\":\"https:\\\/\\\/diarioprincipios.com\\\/#organization\"},\"image\":{\"@id\":\"https:\\\/\\\/diarioprincipios.com\\\/index.php\\\/2020\\\/05\\\/27\\\/valores-maximos-para-frutas-y-verduras-en-berazategui\\\/#primaryimage\"},\"thumbnailUrl\":\"https:\\\/\\\/diarioprincipios.com\\\/wp-content\\\/uploads\\\/2020\\\/05\\\/LA-MUNICIPALIDAD-DE-BERAZATEGUI-INFORMA-PRECIOS-M\u00c1XIMOS-EN-FRUTAS-Y-VERDURAS-2.jpg\",\"articleSection\":[\"Berazategui\"],\"inLanguage\":\"es\",\"potentialAction\":[{\"@type\":\"CommentAction\",\"name\":\"Comment\",\"target\":[\"https:\\\/\\\/diarioprincipios.com\\\/index.php\\\/2020\\\/05\\\/27\\\/valores-maximos-para-frutas-y-verduras-en-berazategui\\\/#respond\"]}]},{\"@type\":\"WebPage\",\"@id\":\"https:\\\/\\\/diarioprincipios.com\\\/index.php\\\/2020\\\/05\\\/27\\\/valores-maximos-para-frutas-y-verduras-en-berazategui\\\/\",\"url\":\"https:\\\/\\\/diarioprincipios.com\\\/index.php\\\/2020\\\/05\\\/27\\\/valores-maximos-para-frutas-y-verduras-en-berazategui\\\/\",\"name\":\"Valores m\u00e1ximos para frutas y verduras en Berazategui - Principios\",\"isPartOf\":{\"@id\":\"https:\\\/\\\/diarioprincipios.com\\\/#website\"},\"primaryImageOfPage\":{\"@id\":\"https:\\\/\\\/diarioprincipios.com\\\/index.php\\\/2020\\\/05\\\/27\\\/valores-maximos-para-frutas-y-verduras-en-berazategui\\\/#primaryimage\"},\"image\":{\"@id\":\"https:\\\/\\\/diarioprincipios.com\\\/index.php\\\/2020\\\/05\\\/27\\\/valores-maximos-para-frutas-y-verduras-en-berazategui\\\/#primaryimage\"},\"thumbnailUrl\":\"https:\\\/\\\/diarioprincipios.com\\\/wp-content\\\/uploads\\\/2020\\\/05\\\/LA-MUNICIPALIDAD-DE-BERAZATEGUI-INFORMA-PRECIOS-M\u00c1XIMOS-EN-FRUTAS-Y-VERDURAS-2.jpg\",\"datePublished\":\"2020-05-27T21:17:27+00:00\",\"dateModified\":\"2020-05-27T21:17:29+00:00\",\"breadcrumb\":{\"@id\":\"https:\\\/\\\/diarioprincipios.com\\\/index.php\\\/2020\\\/05\\\/27\\\/valores-maximos-para-frutas-y-verduras-en-berazategui\\\/#breadcrumb\"},\"inLanguage\":\"es\",\"potentialAction\":[{\"@type\":\"ReadAction\",\"target\":[\"https:\\\/\\\/diarioprincipios.com\\\/index.php\\\/2020\\\/05\\\/27\\\/valores-maximos-para-frutas-y-verduras-en-berazategui\\\/\"]}]},{\"@type\":\"ImageObject\",\"inLanguage\":\"es\",\"@id\":\"https:\\\/\\\/diarioprincipios.com\\\/index.php\\\/2020\\\/05\\\/27\\\/valores-maximos-para-frutas-y-verduras-en-berazategui\\\/#primaryimage\",\"url\":\"https:\\\/\\\/diarioprincipios.com\\\/wp-content\\\/uploads\\\/2020\\\/05\\\/LA-MUNICIPALIDAD-DE-BERAZATEGUI-INFORMA-PRECIOS-M\u00c1XIMOS-EN-FRUTAS-Y-VERDURAS-2.jpg\",\"contentUrl\":\"https:\\\/\\\/diarioprincipios.com\\\/wp-content\\\/uploads\\\/2020\\\/05\\\/LA-MUNICIPALIDAD-DE-BERAZATEGUI-INFORMA-PRECIOS-M\u00c1XIMOS-EN-FRUTAS-Y-VERDURAS-2.jpg\",\"width\":800,\"height\":600},{\"@type\":\"BreadcrumbList\",\"@id\":\"https:\\\/\\\/diarioprincipios.com\\\/index.php\\\/2020\\\/05\\\/27\\\/valores-maximos-para-frutas-y-verduras-en-berazategui\\\/#breadcrumb\",\"itemListElement\":[{\"@type\":\"ListItem\",\"position\":1,\"name\":\"Portada\",\"item\":\"https:\\\/\\\/diarioprincipios.com\\\/\"},{\"@type\":\"ListItem\",\"position\":2,\"name\":\"Valores m\u00e1ximos para frutas y verduras en Berazategui\"}]},{\"@type\":\"WebSite\",\"@id\":\"https:\\\/\\\/diarioprincipios.com\\\/#website\",\"url\":\"https:\\\/\\\/diarioprincipios.com\\\/\",\"name\":\"Principios\",\"description\":\"Principios Diario\",\"publisher\":{\"@id\":\"https:\\\/\\\/diarioprincipios.com\\\/#organization\"},\"potentialAction\":[{\"@type\":\"SearchAction\",\"target\":{\"@type\":\"EntryPoint\",\"urlTemplate\":\"https:\\\/\\\/diarioprincipios.com\\\/?s={search_term_string}\"},\"query-input\":{\"@type\":\"PropertyValueSpecification\",\"valueRequired\":true,\"valueName\":\"search_term_string\"}}],\"inLanguage\":\"es\"},{\"@type\":\"Organization\",\"@id\":\"https:\\\/\\\/diarioprincipios.com\\\/#organization\",\"name\":\"Principios\",\"url\":\"https:\\\/\\\/diarioprincipios.com\\\/\",\"logo\":{\"@type\":\"ImageObject\",\"inLanguage\":\"es\",\"@id\":\"https:\\\/\\\/diarioprincipios.com\\\/#\\\/schema\\\/logo\\\/image\\\/\",\"url\":\"https:\\\/\\\/diarioprincipios.com\\\/wp-content\\\/uploads\\\/2024\\\/04\\\/cropped-www.diarioprincipios.com_-1.png\",\"contentUrl\":\"https:\\\/\\\/diarioprincipios.com\\\/wp-content\\\/uploads\\\/2024\\\/04\\\/cropped-www.diarioprincipios.com_-1.png\",\"width\":5325,\"height\":1454,\"caption\":\"Principios\"},\"image\":{\"@id\":\"https:\\\/\\\/diarioprincipios.com\\\/#\\\/schema\\\/logo\\\/image\\\/\"}},{\"@type\":\"Person\",\"@id\":\"https:\\\/\\\/diarioprincipios.com\\\/#\\\/schema\\\/person\\\/436d5a1fd41a5e250e23ff5a6a7cb080\",\"name\":\"Hern\u00e1n L\u00f3pez\",\"image\":{\"@type\":\"ImageObject\",\"inLanguage\":\"es\",\"@id\":\"https:\\\/\\\/diarioprincipios.com\\\/wp-content\\\/litespeed\\\/avatar\\\/11ddfe5610ff3bd100522525b2571f48.jpg?ver=1777048341\",\"url\":\"https:\\\/\\\/diarioprincipios.com\\\/wp-content\\\/litespeed\\\/avatar\\\/11ddfe5610ff3bd100522525b2571f48.jpg?ver=1777048341\",\"contentUrl\":\"https:\\\/\\\/diarioprincipios.com\\\/wp-content\\\/litespeed\\\/avatar\\\/11ddfe5610ff3bd100522525b2571f48.jpg?ver=1777048341\",\"caption\":\"Hern\u00e1n L\u00f3pez\"},\"url\":\"https:\\\/\\\/diarioprincipios.com\\\/index.php\\\/author\\\/hernan\\\/\"}]}<\/script>\n<!-- \/ Yoast SEO plugin. -->","yoast_head_json":{"title":"Valores m\u00e1ximos para frutas y verduras en Berazategui - Principios","robots":{"index":"index","follow":"follow","max-snippet":"max-snippet:-1","max-image-preview":"max-image-preview:large","max-video-preview":"max-video-preview:-1"},"canonical":"https:\/\/diarioprincipios.com\/index.php\/2020\/05\/27\/valores-maximos-para-frutas-y-verduras-en-berazategui\/","og_locale":"es_ES","og_type":"article","og_title":"Valores m\u00e1ximos para frutas y verduras en Berazategui - Principios","og_description":"Desde que se decret\u00f3 la emergencia sanitaria debido a la pandemia del coronavirus, la Municipalidad de Berazategui, a trav\u00e9s de un acuerdo con el Mercado Central, confecciona un listado semanal de precios sugeridos para la venta minorista de frutas y verduras, con el fin de evitar aumentos indiscriminados.La lista en vigencia hasta el 28 de...","og_url":"https:\/\/diarioprincipios.com\/index.php\/2020\/05\/27\/valores-maximos-para-frutas-y-verduras-en-berazategui\/","og_site_name":"Principios","article_published_time":"2020-05-27T21:17:27+00:00","article_modified_time":"2020-05-27T21:17:29+00:00","og_image":[{"width":800,"height":600,"url":"https:\/\/diarioprincipios.com\/wp-content\/uploads\/2020\/05\/LA-MUNICIPALIDAD-DE-BERAZATEGUI-INFORMA-PRECIOS-M\u00c1XIMOS-EN-FRUTAS-Y-VERDURAS-2.jpg","type":"image\/jpeg"}],"author":"Hern\u00e1n L\u00f3pez","twitter_card":"summary_large_image","twitter_misc":{"Escrito por":"Hern\u00e1n L\u00f3pez","Tiempo de lectura":"2 minutos"},"schema":{"@context":"https:\/\/schema.org","@graph":[{"@type":"Article","@id":"https:\/\/diarioprincipios.com\/index.php\/2020\/05\/27\/valores-maximos-para-frutas-y-verduras-en-berazategui\/#article","isPartOf":{"@id":"https:\/\/diarioprincipios.com\/index.php\/2020\/05\/27\/valores-maximos-para-frutas-y-verduras-en-berazategui\/"},"author":{"name":"Hern\u00e1n L\u00f3pez","@id":"https:\/\/diarioprincipios.com\/#\/schema\/person\/436d5a1fd41a5e250e23ff5a6a7cb080"},"headline":"Valores m\u00e1ximos para frutas y verduras en Berazategui","datePublished":"2020-05-27T21:17:27+00:00","dateModified":"2020-05-27T21:17:29+00:00","mainEntityOfPage":{"@id":"https:\/\/diarioprincipios.com\/index.php\/2020\/05\/27\/valores-maximos-para-frutas-y-verduras-en-berazategui\/"},"wordCount":333,"commentCount":0,"publisher":{"@id":"https:\/\/diarioprincipios.com\/#organization"},"image":{"@id":"https:\/\/diarioprincipios.com\/index.php\/2020\/05\/27\/valores-maximos-para-frutas-y-verduras-en-berazategui\/#primaryimage"},"thumbnailUrl":"https:\/\/diarioprincipios.com\/wp-content\/uploads\/2020\/05\/LA-MUNICIPALIDAD-DE-BERAZATEGUI-INFORMA-PRECIOS-M\u00c1XIMOS-EN-FRUTAS-Y-VERDURAS-2.jpg","articleSection":["Berazategui"],"inLanguage":"es","potentialAction":[{"@type":"CommentAction","name":"Comment","target":["https:\/\/diarioprincipios.com\/index.php\/2020\/05\/27\/valores-maximos-para-frutas-y-verduras-en-berazategui\/#respond"]}]},{"@type":"WebPage","@id":"https:\/\/diarioprincipios.com\/index.php\/2020\/05\/27\/valores-maximos-para-frutas-y-verduras-en-berazategui\/","url":"https:\/\/diarioprincipios.com\/index.php\/2020\/05\/27\/valores-maximos-para-frutas-y-verduras-en-berazategui\/","name":"Valores m\u00e1ximos para frutas y verduras en Berazategui - Principios","isPartOf":{"@id":"https:\/\/diarioprincipios.com\/#website"},"primaryImageOfPage":{"@id":"https:\/\/diarioprincipios.com\/index.php\/2020\/05\/27\/valores-maximos-para-frutas-y-verduras-en-berazategui\/#primaryimage"},"image":{"@id":"https:\/\/diarioprincipios.com\/index.php\/2020\/05\/27\/valores-maximos-para-frutas-y-verduras-en-berazategui\/#primaryimage"},"thumbnailUrl":"https:\/\/diarioprincipios.com\/wp-content\/uploads\/2020\/05\/LA-MUNICIPALIDAD-DE-BERAZATEGUI-INFORMA-PRECIOS-M\u00c1XIMOS-EN-FRUTAS-Y-VERDURAS-2.jpg","datePublished":"2020-05-27T21:17:27+00:00","dateModified":"2020-05-27T21:17:29+00:00","breadcrumb":{"@id":"https:\/\/diarioprincipios.com\/index.php\/2020\/05\/27\/valores-maximos-para-frutas-y-verduras-en-berazategui\/#breadcrumb"},"inLanguage":"es","potentialAction":[{"@type":"ReadAction","target":["https:\/\/diarioprincipios.com\/index.php\/2020\/05\/27\/valores-maximos-para-frutas-y-verduras-en-berazategui\/"]}]},{"@type":"ImageObject","inLanguage":"es","@id":"https:\/\/diarioprincipios.com\/index.php\/2020\/05\/27\/valores-maximos-para-frutas-y-verduras-en-berazategui\/#primaryimage","url":"https:\/\/diarioprincipios.com\/wp-content\/uploads\/2020\/05\/LA-MUNICIPALIDAD-DE-BERAZATEGUI-INFORMA-PRECIOS-M\u00c1XIMOS-EN-FRUTAS-Y-VERDURAS-2.jpg","contentUrl":"https:\/\/diarioprincipios.com\/wp-content\/uploads\/2020\/05\/LA-MUNICIPALIDAD-DE-BERAZATEGUI-INFORMA-PRECIOS-M\u00c1XIMOS-EN-FRUTAS-Y-VERDURAS-2.jpg","width":800,"height":600},{"@type":"BreadcrumbList","@id":"https:\/\/diarioprincipios.com\/index.php\/2020\/05\/27\/valores-maximos-para-frutas-y-verduras-en-berazategui\/#breadcrumb","itemListElement":[{"@type":"ListItem","position":1,"name":"Portada","item":"https:\/\/diarioprincipios.com\/"},{"@type":"ListItem","position":2,"name":"Valores m\u00e1ximos para frutas y verduras en Berazategui"}]},{"@type":"WebSite","@id":"https:\/\/diarioprincipios.com\/#website","url":"https:\/\/diarioprincipios.com\/","name":"Principios","description":"Principios Diario","publisher":{"@id":"https:\/\/diarioprincipios.com\/#organization"},"potentialAction":[{"@type":"SearchAction","target":{"@type":"EntryPoint","urlTemplate":"https:\/\/diarioprincipios.com\/?s={search_term_string}"},"query-input":{"@type":"PropertyValueSpecification","valueRequired":true,"valueName":"search_term_string"}}],"inLanguage":"es"},{"@type":"Organization","@id":"https:\/\/diarioprincipios.com\/#organization","name":"Principios","url":"https:\/\/diarioprincipios.com\/","logo":{"@type":"ImageObject","inLanguage":"es","@id":"https:\/\/diarioprincipios.com\/#\/schema\/logo\/image\/","url":"https:\/\/diarioprincipios.com\/wp-content\/uploads\/2024\/04\/cropped-www.diarioprincipios.com_-1.png","contentUrl":"https:\/\/diarioprincipios.com\/wp-content\/uploads\/2024\/04\/cropped-www.diarioprincipios.com_-1.png","width":5325,"height":1454,"caption":"Principios"},"image":{"@id":"https:\/\/diarioprincipios.com\/#\/schema\/logo\/image\/"}},{"@type":"Person","@id":"https:\/\/diarioprincipios.com\/#\/schema\/person\/436d5a1fd41a5e250e23ff5a6a7cb080","name":"Hern\u00e1n L\u00f3pez","image":{"@type":"ImageObject","inLanguage":"es","@id":"https:\/\/diarioprincipios.com\/wp-content\/litespeed\/avatar\/11ddfe5610ff3bd100522525b2571f48.jpg?ver=1777048341","url":"https:\/\/diarioprincipios.com\/wp-content\/litespeed\/avatar\/11ddfe5610ff3bd100522525b2571f48.jpg?ver=1777048341","contentUrl":"https:\/\/diarioprincipios.com\/wp-content\/litespeed\/avatar\/11ddfe5610ff3bd100522525b2571f48.jpg?ver=1777048341","caption":"Hern\u00e1n L\u00f3pez"},"url":"https:\/\/diarioprincipios.com\/index.php\/author\/hernan\/"}]}},"jetpack_featured_media_url":"https:\/\/diarioprincipios.com\/wp-content\/uploads\/2020\/05\/LA-MUNICIPALIDAD-DE-BERAZATEGUI-INFORMA-PRECIOS-M\u00c1XIMOS-EN-FRUTAS-Y-VERDURAS-2.jpg","_links":{"self":[{"href":"https:\/\/diarioprincipios.com\/index.php\/wp-json\/wp\/v2\/posts\/2202","targetHints":{"allow":["GET"]}}],"collection":[{"href":"https:\/\/diarioprincipios.com\/index.php\/wp-json\/wp\/v2\/posts"}],"about":[{"href":"https:\/\/diarioprincipios.com\/index.php\/wp-json\/wp\/v2\/types\/post"}],"author":[{"embeddable":true,"href":"https:\/\/diarioprincipios.com\/index.php\/wp-json\/wp\/v2\/users\/2"}],"replies":[{"embeddable":true,"href":"https:\/\/diarioprincipios.com\/index.php\/wp-json\/wp\/v2\/comments?post=2202"}],"version-history":[{"count":1,"href":"https:\/\/diarioprincipios.com\/index.php\/wp-json\/wp\/v2\/posts\/2202\/revisions"}],"predecessor-version":[{"id":2204,"href":"https:\/\/diarioprincipios.com\/index.php\/wp-json\/wp\/v2\/posts\/2202\/revisions\/2204"}],"wp:featuredmedia":[{"embeddable":true,"href":"https:\/\/diarioprincipios.com\/index.php\/wp-json\/wp\/v2\/media\/2203"}],"wp:attachment":[{"href":"https:\/\/diarioprincipios.com\/index.php\/wp-json\/wp\/v2\/media?parent=2202"}],"wp:term":[{"taxonomy":"category","embeddable":true,"href":"https:\/\/diarioprincipios.com\/index.php\/wp-json\/wp\/v2\/categories?post=2202"},{"taxonomy":"post_tag","embeddable":true,"href":"https:\/\/diarioprincipios.com\/index.php\/wp-json\/wp\/v2\/tags?post=2202"}],"curies":[{"name":"wp","href":"https:\/\/api.w.org\/{rel}","templated":true}]}}