{"id":22003,"date":"2024-05-28T10:36:24","date_gmt":"2024-05-28T13:36:24","guid":{"rendered":"http:\/\/diarioprincipios.com\/?p=22003"},"modified":"2024-05-28T10:36:26","modified_gmt":"2024-05-28T13:36:26","slug":"berazategui-festejo-el-214-aniversario-de-la-revolucion-de-mayo-con-un-gran-encuentro-patrio","status":"publish","type":"post","link":"https:\/\/diarioprincipios.com\/index.php\/2024\/05\/28\/berazategui-festejo-el-214-aniversario-de-la-revolucion-de-mayo-con-un-gran-encuentro-patrio\/","title":{"rendered":"Berazategui festej\u00f3 el 214\u00b0 aniversario de la Revoluci\u00f3n de Mayo con un Gran Encuentro Patrio"},"content":{"rendered":"\n<p><strong>Berazategui festej\u00f3 el 214\u00b0 aniversario de la Revoluci\u00f3n de Mayo con una pe\u00f1a folcl\u00f3rica que reuni\u00f3 a cientos de vecinos y vecinas en el Centro Municipal de Actividades Roberto De Vicenzo. El intendente, Juan Jos\u00e9 Mussi, se sum\u00f3 a la celebraci\u00f3n que incluy\u00f3 shows en vivo, exhibici\u00f3n de ballets folcl\u00f3ricos y stands con comidas regionales.<\/strong><br>Durante la jornada patria, Mussi se\u00f1al\u00f3: \u201cEste es un encuentro de la argentinidad, es un gran orgullo compartirlo con los vecinos y vecinas de Berazategui. Estos eventos nos acercan, que es lo que necesitamos: amar m\u00e1s a nuestra bandera y abrazarnos como argentinos y argentinas\u201d.<br>En el mismo sentido, el secretario de Cultura y Educaci\u00f3n, Federico L\u00f3pez, destac\u00f3: \u201cEn estos espacios construimos identidad y patria. No es casualidad que tengamos 18 grupos folcl\u00f3ricos en Berazategui, no es casualidad que hagamos un encuentro comunitario como esta pe\u00f1a. Quiero agradecer a Juan Jos\u00e9 Mussi porque todo esto es producto de las pol\u00edticas p\u00fablicas que \u00e9l lleva adelante\u201d.<\/p>\n\n\n\n<figure class=\"wp-block-image size-large\"><img loading=\"lazy\" decoding=\"async\" width=\"1024\" height=\"683\" src=\"https:\/\/diarioprincipios.com\/wp-content\/uploads\/2024\/05\/BERAZATEGUI-FESTEJO-EL-25-DE-MAYO-CON-UN-GRAN-ENCUENTRO-PATRIO-6-1024x683.jpg\" alt=\"\" class=\"wp-image-22004\" srcset=\"https:\/\/diarioprincipios.com\/wp-content\/uploads\/2024\/05\/BERAZATEGUI-FESTEJO-EL-25-DE-MAYO-CON-UN-GRAN-ENCUENTRO-PATRIO-6-1024x683.jpg 1024w, https:\/\/diarioprincipios.com\/wp-content\/uploads\/2024\/05\/BERAZATEGUI-FESTEJO-EL-25-DE-MAYO-CON-UN-GRAN-ENCUENTRO-PATRIO-6-300x200.jpg 300w, https:\/\/diarioprincipios.com\/wp-content\/uploads\/2024\/05\/BERAZATEGUI-FESTEJO-EL-25-DE-MAYO-CON-UN-GRAN-ENCUENTRO-PATRIO-6-768x512.jpg 768w, https:\/\/diarioprincipios.com\/wp-content\/uploads\/2024\/05\/BERAZATEGUI-FESTEJO-EL-25-DE-MAYO-CON-UN-GRAN-ENCUENTRO-PATRIO-6-1536x1024.jpg 1536w, https:\/\/diarioprincipios.com\/wp-content\/uploads\/2024\/05\/BERAZATEGUI-FESTEJO-EL-25-DE-MAYO-CON-UN-GRAN-ENCUENTRO-PATRIO-6-600x400.jpg 600w, https:\/\/diarioprincipios.com\/wp-content\/uploads\/2024\/05\/BERAZATEGUI-FESTEJO-EL-25-DE-MAYO-CON-UN-GRAN-ENCUENTRO-PATRIO-6.jpg 1920w\" sizes=\"auto, (max-width: 1024px) 100vw, 1024px\" \/><\/figure>\n\n\n\n<p><br>Por su parte, uno de los asistentes, Pablo Coronel, asegur\u00f3: \u201cEs un orgullo que tengamos una fiesta como esta. Reivindica nuestras fechas patrias y tradiciones. En Berazategui festejamos el 25 de Mayo entre todos\u201d.<br><strong>Nuevo homenaje a los H\u00e9roes de Malvinas<\/strong><br>En el acto oficial de la pe\u00f1a, el intendente Juan Jos\u00e9 Mussi reconoci\u00f3 a los veteranos de Malvinas con la entrega de la primera se\u00f1al\u00e9tica que identifica sus viviendas. Es que el Municipio de Berazategui -mediante la Ordenanza N\u00b0 5800- declara identificar con una placa aleg\u00f3rica los hogares de los h\u00e9roes.<\/p>\n\n\n\n<figure class=\"wp-block-image size-large\"><img loading=\"lazy\" decoding=\"async\" width=\"1024\" height=\"683\" src=\"https:\/\/diarioprincipios.com\/wp-content\/uploads\/2024\/05\/BERAZATEGUI-FESTEJO-EL-25-DE-MAYO-CON-UN-GRAN-ENCUENTRO-PATRIO-8-1024x683.jpg\" alt=\"\" class=\"wp-image-22005\" srcset=\"https:\/\/diarioprincipios.com\/wp-content\/uploads\/2024\/05\/BERAZATEGUI-FESTEJO-EL-25-DE-MAYO-CON-UN-GRAN-ENCUENTRO-PATRIO-8-1024x683.jpg 1024w, https:\/\/diarioprincipios.com\/wp-content\/uploads\/2024\/05\/BERAZATEGUI-FESTEJO-EL-25-DE-MAYO-CON-UN-GRAN-ENCUENTRO-PATRIO-8-300x200.jpg 300w, https:\/\/diarioprincipios.com\/wp-content\/uploads\/2024\/05\/BERAZATEGUI-FESTEJO-EL-25-DE-MAYO-CON-UN-GRAN-ENCUENTRO-PATRIO-8-768x512.jpg 768w, https:\/\/diarioprincipios.com\/wp-content\/uploads\/2024\/05\/BERAZATEGUI-FESTEJO-EL-25-DE-MAYO-CON-UN-GRAN-ENCUENTRO-PATRIO-8-1536x1024.jpg 1536w, https:\/\/diarioprincipios.com\/wp-content\/uploads\/2024\/05\/BERAZATEGUI-FESTEJO-EL-25-DE-MAYO-CON-UN-GRAN-ENCUENTRO-PATRIO-8-600x400.jpg 600w, https:\/\/diarioprincipios.com\/wp-content\/uploads\/2024\/05\/BERAZATEGUI-FESTEJO-EL-25-DE-MAYO-CON-UN-GRAN-ENCUENTRO-PATRIO-8.jpg 1920w\" sizes=\"auto, (max-width: 1024px) 100vw, 1024px\" \/><\/figure>\n\n\n\n<p><br>El primero de ellos en recibirla fue Alejandro P\u00e9rez, sobreviviente del hundimiento del Crucero ARA General Belgrano e integrante de la Agrupaci\u00f3n H\u00e9roes de Malvinas, quien expres\u00f3: \u201cGracias al Intendente que siempre nos dio una mano amiga y entiende que la celeste y blanca es identidad. Por eso siempre est\u00e1 malvinizando, como a trav\u00e9s de estas se\u00f1al\u00e9ticas. Soy orgullosamente berazateguense\u201d.<\/p>\n","protected":false},"excerpt":{"rendered":"<p>Berazategui festej\u00f3 el 214\u00b0 aniversario de la Revoluci\u00f3n de Mayo con una pe\u00f1a folcl\u00f3rica que reuni\u00f3 a cientos de vecinos y vecinas en el Centro Municipal de Actividades Roberto De Vicenzo. El intendente, Juan Jos\u00e9 Mussi, se sum\u00f3 a la celebraci\u00f3n que incluy\u00f3 shows en vivo, exhibici\u00f3n de ballets folcl\u00f3ricos y stands con comidas regionales.Durante&#8230;<\/p>\n","protected":false},"author":2,"featured_media":22006,"comment_status":"open","ping_status":"open","sticky":false,"template":"","format":"standard","meta":{"footnotes":""},"categories":[3],"tags":[],"class_list":["post-22003","post","type-post","status-publish","format-standard","has-post-thumbnail","hentry","category-berazategui"],"featured_image_src":"https:\/\/diarioprincipios.com\/wp-content\/uploads\/2024\/05\/BERAZATEGUI-FESTEJO-EL-25-DE-MAYO-CON-UN-GRAN-ENCUENTRO-PATRIO-4-1024x683.jpg","blog_images":{"medium":"https:\/\/diarioprincipios.com\/wp-content\/uploads\/2024\/05\/BERAZATEGUI-FESTEJO-EL-25-DE-MAYO-CON-UN-GRAN-ENCUENTRO-PATRIO-4-300x200.jpg","large":"https:\/\/diarioprincipios.com\/wp-content\/uploads\/2024\/05\/BERAZATEGUI-FESTEJO-EL-25-DE-MAYO-CON-UN-GRAN-ENCUENTRO-PATRIO-4-1024x683.jpg"},"ams_acf":[],"yoast_head":"<!-- This site is optimized with the Yoast SEO plugin v27.3 - https:\/\/yoast.com\/product\/yoast-seo-wordpress\/ -->\n<title>Berazategui festej\u00f3 el 214\u00b0 aniversario de la Revoluci\u00f3n de Mayo con un Gran Encuentro Patrio - Principios<\/title>\n<meta name=\"robots\" content=\"index, follow, max-snippet:-1, max-image-preview:large, max-video-preview:-1\" \/>\n<link rel=\"canonical\" href=\"https:\/\/diarioprincipios.com\/index.php\/2024\/05\/28\/berazategui-festejo-el-214-aniversario-de-la-revolucion-de-mayo-con-un-gran-encuentro-patrio\/\" \/>\n<meta property=\"og:locale\" content=\"es_ES\" \/>\n<meta property=\"og:type\" content=\"article\" \/>\n<meta property=\"og:title\" content=\"Berazategui festej\u00f3 el 214\u00b0 aniversario de la Revoluci\u00f3n de Mayo con un Gran Encuentro Patrio - Principios\" \/>\n<meta property=\"og:description\" content=\"Berazategui festej\u00f3 el 214\u00b0 aniversario de la Revoluci\u00f3n de Mayo con una pe\u00f1a folcl\u00f3rica que reuni\u00f3 a cientos de vecinos y vecinas en el Centro Municipal de Actividades Roberto De Vicenzo. El intendente, Juan Jos\u00e9 Mussi, se sum\u00f3 a la celebraci\u00f3n que incluy\u00f3 shows en vivo, exhibici\u00f3n de ballets folcl\u00f3ricos y stands con comidas regionales.Durante...\" \/>\n<meta property=\"og:url\" content=\"https:\/\/diarioprincipios.com\/index.php\/2024\/05\/28\/berazategui-festejo-el-214-aniversario-de-la-revolucion-de-mayo-con-un-gran-encuentro-patrio\/\" \/>\n<meta property=\"og:site_name\" content=\"Principios\" \/>\n<meta property=\"article:published_time\" content=\"2024-05-28T13:36:24+00:00\" \/>\n<meta property=\"article:modified_time\" content=\"2024-05-28T13:36:26+00:00\" \/>\n<meta property=\"og:image\" content=\"https:\/\/diarioprincipios.com\/wp-content\/uploads\/2024\/05\/BERAZATEGUI-FESTEJO-EL-25-DE-MAYO-CON-UN-GRAN-ENCUENTRO-PATRIO-4.jpg\" \/>\n\t<meta property=\"og:image:width\" content=\"1920\" \/>\n\t<meta property=\"og:image:height\" content=\"1280\" \/>\n\t<meta property=\"og:image:type\" content=\"image\/jpeg\" \/>\n<meta name=\"author\" content=\"Hern\u00e1n L\u00f3pez\" \/>\n<meta name=\"twitter:card\" content=\"summary_large_image\" \/>\n<meta name=\"twitter:label1\" content=\"Escrito por\" \/>\n\t<meta name=\"twitter:data1\" content=\"Hern\u00e1n L\u00f3pez\" \/>\n\t<meta name=\"twitter:label2\" content=\"Tiempo de lectura\" \/>\n\t<meta name=\"twitter:data2\" content=\"3 minutos\" \/>\n<script type=\"application\/ld+json\" class=\"yoast-schema-graph\">{\"@context\":\"https:\\\/\\\/schema.org\",\"@graph\":[{\"@type\":\"Article\",\"@id\":\"https:\\\/\\\/diarioprincipios.com\\\/index.php\\\/2024\\\/05\\\/28\\\/berazategui-festejo-el-214-aniversario-de-la-revolucion-de-mayo-con-un-gran-encuentro-patrio\\\/#article\",\"isPartOf\":{\"@id\":\"https:\\\/\\\/diarioprincipios.com\\\/index.php\\\/2024\\\/05\\\/28\\\/berazategui-festejo-el-214-aniversario-de-la-revolucion-de-mayo-con-un-gran-encuentro-patrio\\\/\"},\"author\":{\"name\":\"Hern\u00e1n L\u00f3pez\",\"@id\":\"https:\\\/\\\/diarioprincipios.com\\\/#\\\/schema\\\/person\\\/436d5a1fd41a5e250e23ff5a6a7cb080\"},\"headline\":\"Berazategui festej\u00f3 el 214\u00b0 aniversario de la Revoluci\u00f3n de Mayo con un Gran Encuentro Patrio\",\"datePublished\":\"2024-05-28T13:36:24+00:00\",\"dateModified\":\"2024-05-28T13:36:26+00:00\",\"mainEntityOfPage\":{\"@id\":\"https:\\\/\\\/diarioprincipios.com\\\/index.php\\\/2024\\\/05\\\/28\\\/berazategui-festejo-el-214-aniversario-de-la-revolucion-de-mayo-con-un-gran-encuentro-patrio\\\/\"},\"wordCount\":350,\"commentCount\":0,\"publisher\":{\"@id\":\"https:\\\/\\\/diarioprincipios.com\\\/#organization\"},\"image\":{\"@id\":\"https:\\\/\\\/diarioprincipios.com\\\/index.php\\\/2024\\\/05\\\/28\\\/berazategui-festejo-el-214-aniversario-de-la-revolucion-de-mayo-con-un-gran-encuentro-patrio\\\/#primaryimage\"},\"thumbnailUrl\":\"https:\\\/\\\/diarioprincipios.com\\\/wp-content\\\/uploads\\\/2024\\\/05\\\/BERAZATEGUI-FESTEJO-EL-25-DE-MAYO-CON-UN-GRAN-ENCUENTRO-PATRIO-4.jpg\",\"articleSection\":[\"Berazategui\"],\"inLanguage\":\"es\",\"potentialAction\":[{\"@type\":\"CommentAction\",\"name\":\"Comment\",\"target\":[\"https:\\\/\\\/diarioprincipios.com\\\/index.php\\\/2024\\\/05\\\/28\\\/berazategui-festejo-el-214-aniversario-de-la-revolucion-de-mayo-con-un-gran-encuentro-patrio\\\/#respond\"]}]},{\"@type\":\"WebPage\",\"@id\":\"https:\\\/\\\/diarioprincipios.com\\\/index.php\\\/2024\\\/05\\\/28\\\/berazategui-festejo-el-214-aniversario-de-la-revolucion-de-mayo-con-un-gran-encuentro-patrio\\\/\",\"url\":\"https:\\\/\\\/diarioprincipios.com\\\/index.php\\\/2024\\\/05\\\/28\\\/berazategui-festejo-el-214-aniversario-de-la-revolucion-de-mayo-con-un-gran-encuentro-patrio\\\/\",\"name\":\"Berazategui festej\u00f3 el 214\u00b0 aniversario de la Revoluci\u00f3n de Mayo con un Gran Encuentro Patrio - Principios\",\"isPartOf\":{\"@id\":\"https:\\\/\\\/diarioprincipios.com\\\/#website\"},\"primaryImageOfPage\":{\"@id\":\"https:\\\/\\\/diarioprincipios.com\\\/index.php\\\/2024\\\/05\\\/28\\\/berazategui-festejo-el-214-aniversario-de-la-revolucion-de-mayo-con-un-gran-encuentro-patrio\\\/#primaryimage\"},\"image\":{\"@id\":\"https:\\\/\\\/diarioprincipios.com\\\/index.php\\\/2024\\\/05\\\/28\\\/berazategui-festejo-el-214-aniversario-de-la-revolucion-de-mayo-con-un-gran-encuentro-patrio\\\/#primaryimage\"},\"thumbnailUrl\":\"https:\\\/\\\/diarioprincipios.com\\\/wp-content\\\/uploads\\\/2024\\\/05\\\/BERAZATEGUI-FESTEJO-EL-25-DE-MAYO-CON-UN-GRAN-ENCUENTRO-PATRIO-4.jpg\",\"datePublished\":\"2024-05-28T13:36:24+00:00\",\"dateModified\":\"2024-05-28T13:36:26+00:00\",\"breadcrumb\":{\"@id\":\"https:\\\/\\\/diarioprincipios.com\\\/index.php\\\/2024\\\/05\\\/28\\\/berazategui-festejo-el-214-aniversario-de-la-revolucion-de-mayo-con-un-gran-encuentro-patrio\\\/#breadcrumb\"},\"inLanguage\":\"es\",\"potentialAction\":[{\"@type\":\"ReadAction\",\"target\":[\"https:\\\/\\\/diarioprincipios.com\\\/index.php\\\/2024\\\/05\\\/28\\\/berazategui-festejo-el-214-aniversario-de-la-revolucion-de-mayo-con-un-gran-encuentro-patrio\\\/\"]}]},{\"@type\":\"ImageObject\",\"inLanguage\":\"es\",\"@id\":\"https:\\\/\\\/diarioprincipios.com\\\/index.php\\\/2024\\\/05\\\/28\\\/berazategui-festejo-el-214-aniversario-de-la-revolucion-de-mayo-con-un-gran-encuentro-patrio\\\/#primaryimage\",\"url\":\"https:\\\/\\\/diarioprincipios.com\\\/wp-content\\\/uploads\\\/2024\\\/05\\\/BERAZATEGUI-FESTEJO-EL-25-DE-MAYO-CON-UN-GRAN-ENCUENTRO-PATRIO-4.jpg\",\"contentUrl\":\"https:\\\/\\\/diarioprincipios.com\\\/wp-content\\\/uploads\\\/2024\\\/05\\\/BERAZATEGUI-FESTEJO-EL-25-DE-MAYO-CON-UN-GRAN-ENCUENTRO-PATRIO-4.jpg\",\"width\":1920,\"height\":1280},{\"@type\":\"BreadcrumbList\",\"@id\":\"https:\\\/\\\/diarioprincipios.com\\\/index.php\\\/2024\\\/05\\\/28\\\/berazategui-festejo-el-214-aniversario-de-la-revolucion-de-mayo-con-un-gran-encuentro-patrio\\\/#breadcrumb\",\"itemListElement\":[{\"@type\":\"ListItem\",\"position\":1,\"name\":\"Portada\",\"item\":\"https:\\\/\\\/diarioprincipios.com\\\/\"},{\"@type\":\"ListItem\",\"position\":2,\"name\":\"Berazategui festej\u00f3 el 214\u00b0 aniversario de la Revoluci\u00f3n de Mayo con un Gran Encuentro Patrio\"}]},{\"@type\":\"WebSite\",\"@id\":\"https:\\\/\\\/diarioprincipios.com\\\/#website\",\"url\":\"https:\\\/\\\/diarioprincipios.com\\\/\",\"name\":\"Principios\",\"description\":\"Principios Diario\",\"publisher\":{\"@id\":\"https:\\\/\\\/diarioprincipios.com\\\/#organization\"},\"potentialAction\":[{\"@type\":\"SearchAction\",\"target\":{\"@type\":\"EntryPoint\",\"urlTemplate\":\"https:\\\/\\\/diarioprincipios.com\\\/?s={search_term_string}\"},\"query-input\":{\"@type\":\"PropertyValueSpecification\",\"valueRequired\":true,\"valueName\":\"search_term_string\"}}],\"inLanguage\":\"es\"},{\"@type\":\"Organization\",\"@id\":\"https:\\\/\\\/diarioprincipios.com\\\/#organization\",\"name\":\"Principios\",\"url\":\"https:\\\/\\\/diarioprincipios.com\\\/\",\"logo\":{\"@type\":\"ImageObject\",\"inLanguage\":\"es\",\"@id\":\"https:\\\/\\\/diarioprincipios.com\\\/#\\\/schema\\\/logo\\\/image\\\/\",\"url\":\"https:\\\/\\\/diarioprincipios.com\\\/wp-content\\\/uploads\\\/2024\\\/04\\\/cropped-www.diarioprincipios.com_-1.png\",\"contentUrl\":\"https:\\\/\\\/diarioprincipios.com\\\/wp-content\\\/uploads\\\/2024\\\/04\\\/cropped-www.diarioprincipios.com_-1.png\",\"width\":5325,\"height\":1454,\"caption\":\"Principios\"},\"image\":{\"@id\":\"https:\\\/\\\/diarioprincipios.com\\\/#\\\/schema\\\/logo\\\/image\\\/\"}},{\"@type\":\"Person\",\"@id\":\"https:\\\/\\\/diarioprincipios.com\\\/#\\\/schema\\\/person\\\/436d5a1fd41a5e250e23ff5a6a7cb080\",\"name\":\"Hern\u00e1n L\u00f3pez\",\"image\":{\"@type\":\"ImageObject\",\"inLanguage\":\"es\",\"@id\":\"https:\\\/\\\/diarioprincipios.com\\\/wp-content\\\/litespeed\\\/avatar\\\/11ddfe5610ff3bd100522525b2571f48.jpg?ver=1777653193\",\"url\":\"https:\\\/\\\/diarioprincipios.com\\\/wp-content\\\/litespeed\\\/avatar\\\/11ddfe5610ff3bd100522525b2571f48.jpg?ver=1777653193\",\"contentUrl\":\"https:\\\/\\\/diarioprincipios.com\\\/wp-content\\\/litespeed\\\/avatar\\\/11ddfe5610ff3bd100522525b2571f48.jpg?ver=1777653193\",\"caption\":\"Hern\u00e1n L\u00f3pez\"},\"url\":\"https:\\\/\\\/diarioprincipios.com\\\/index.php\\\/author\\\/hernan\\\/\"}]}<\/script>\n<!-- \/ Yoast SEO plugin. -->","yoast_head_json":{"title":"Berazategui festej\u00f3 el 214\u00b0 aniversario de la Revoluci\u00f3n de Mayo con un Gran Encuentro Patrio - Principios","robots":{"index":"index","follow":"follow","max-snippet":"max-snippet:-1","max-image-preview":"max-image-preview:large","max-video-preview":"max-video-preview:-1"},"canonical":"https:\/\/diarioprincipios.com\/index.php\/2024\/05\/28\/berazategui-festejo-el-214-aniversario-de-la-revolucion-de-mayo-con-un-gran-encuentro-patrio\/","og_locale":"es_ES","og_type":"article","og_title":"Berazategui festej\u00f3 el 214\u00b0 aniversario de la Revoluci\u00f3n de Mayo con un Gran Encuentro Patrio - Principios","og_description":"Berazategui festej\u00f3 el 214\u00b0 aniversario de la Revoluci\u00f3n de Mayo con una pe\u00f1a folcl\u00f3rica que reuni\u00f3 a cientos de vecinos y vecinas en el Centro Municipal de Actividades Roberto De Vicenzo. El intendente, Juan Jos\u00e9 Mussi, se sum\u00f3 a la celebraci\u00f3n que incluy\u00f3 shows en vivo, exhibici\u00f3n de ballets folcl\u00f3ricos y stands con comidas regionales.Durante...","og_url":"https:\/\/diarioprincipios.com\/index.php\/2024\/05\/28\/berazategui-festejo-el-214-aniversario-de-la-revolucion-de-mayo-con-un-gran-encuentro-patrio\/","og_site_name":"Principios","article_published_time":"2024-05-28T13:36:24+00:00","article_modified_time":"2024-05-28T13:36:26+00:00","og_image":[{"width":1920,"height":1280,"url":"https:\/\/diarioprincipios.com\/wp-content\/uploads\/2024\/05\/BERAZATEGUI-FESTEJO-EL-25-DE-MAYO-CON-UN-GRAN-ENCUENTRO-PATRIO-4.jpg","type":"image\/jpeg"}],"author":"Hern\u00e1n L\u00f3pez","twitter_card":"summary_large_image","twitter_misc":{"Escrito por":"Hern\u00e1n L\u00f3pez","Tiempo de lectura":"3 minutos"},"schema":{"@context":"https:\/\/schema.org","@graph":[{"@type":"Article","@id":"https:\/\/diarioprincipios.com\/index.php\/2024\/05\/28\/berazategui-festejo-el-214-aniversario-de-la-revolucion-de-mayo-con-un-gran-encuentro-patrio\/#article","isPartOf":{"@id":"https:\/\/diarioprincipios.com\/index.php\/2024\/05\/28\/berazategui-festejo-el-214-aniversario-de-la-revolucion-de-mayo-con-un-gran-encuentro-patrio\/"},"author":{"name":"Hern\u00e1n L\u00f3pez","@id":"https:\/\/diarioprincipios.com\/#\/schema\/person\/436d5a1fd41a5e250e23ff5a6a7cb080"},"headline":"Berazategui festej\u00f3 el 214\u00b0 aniversario de la Revoluci\u00f3n de Mayo con un Gran Encuentro Patrio","datePublished":"2024-05-28T13:36:24+00:00","dateModified":"2024-05-28T13:36:26+00:00","mainEntityOfPage":{"@id":"https:\/\/diarioprincipios.com\/index.php\/2024\/05\/28\/berazategui-festejo-el-214-aniversario-de-la-revolucion-de-mayo-con-un-gran-encuentro-patrio\/"},"wordCount":350,"commentCount":0,"publisher":{"@id":"https:\/\/diarioprincipios.com\/#organization"},"image":{"@id":"https:\/\/diarioprincipios.com\/index.php\/2024\/05\/28\/berazategui-festejo-el-214-aniversario-de-la-revolucion-de-mayo-con-un-gran-encuentro-patrio\/#primaryimage"},"thumbnailUrl":"https:\/\/diarioprincipios.com\/wp-content\/uploads\/2024\/05\/BERAZATEGUI-FESTEJO-EL-25-DE-MAYO-CON-UN-GRAN-ENCUENTRO-PATRIO-4.jpg","articleSection":["Berazategui"],"inLanguage":"es","potentialAction":[{"@type":"CommentAction","name":"Comment","target":["https:\/\/diarioprincipios.com\/index.php\/2024\/05\/28\/berazategui-festejo-el-214-aniversario-de-la-revolucion-de-mayo-con-un-gran-encuentro-patrio\/#respond"]}]},{"@type":"WebPage","@id":"https:\/\/diarioprincipios.com\/index.php\/2024\/05\/28\/berazategui-festejo-el-214-aniversario-de-la-revolucion-de-mayo-con-un-gran-encuentro-patrio\/","url":"https:\/\/diarioprincipios.com\/index.php\/2024\/05\/28\/berazategui-festejo-el-214-aniversario-de-la-revolucion-de-mayo-con-un-gran-encuentro-patrio\/","name":"Berazategui festej\u00f3 el 214\u00b0 aniversario de la Revoluci\u00f3n de Mayo con un Gran Encuentro Patrio - Principios","isPartOf":{"@id":"https:\/\/diarioprincipios.com\/#website"},"primaryImageOfPage":{"@id":"https:\/\/diarioprincipios.com\/index.php\/2024\/05\/28\/berazategui-festejo-el-214-aniversario-de-la-revolucion-de-mayo-con-un-gran-encuentro-patrio\/#primaryimage"},"image":{"@id":"https:\/\/diarioprincipios.com\/index.php\/2024\/05\/28\/berazategui-festejo-el-214-aniversario-de-la-revolucion-de-mayo-con-un-gran-encuentro-patrio\/#primaryimage"},"thumbnailUrl":"https:\/\/diarioprincipios.com\/wp-content\/uploads\/2024\/05\/BERAZATEGUI-FESTEJO-EL-25-DE-MAYO-CON-UN-GRAN-ENCUENTRO-PATRIO-4.jpg","datePublished":"2024-05-28T13:36:24+00:00","dateModified":"2024-05-28T13:36:26+00:00","breadcrumb":{"@id":"https:\/\/diarioprincipios.com\/index.php\/2024\/05\/28\/berazategui-festejo-el-214-aniversario-de-la-revolucion-de-mayo-con-un-gran-encuentro-patrio\/#breadcrumb"},"inLanguage":"es","potentialAction":[{"@type":"ReadAction","target":["https:\/\/diarioprincipios.com\/index.php\/2024\/05\/28\/berazategui-festejo-el-214-aniversario-de-la-revolucion-de-mayo-con-un-gran-encuentro-patrio\/"]}]},{"@type":"ImageObject","inLanguage":"es","@id":"https:\/\/diarioprincipios.com\/index.php\/2024\/05\/28\/berazategui-festejo-el-214-aniversario-de-la-revolucion-de-mayo-con-un-gran-encuentro-patrio\/#primaryimage","url":"https:\/\/diarioprincipios.com\/wp-content\/uploads\/2024\/05\/BERAZATEGUI-FESTEJO-EL-25-DE-MAYO-CON-UN-GRAN-ENCUENTRO-PATRIO-4.jpg","contentUrl":"https:\/\/diarioprincipios.com\/wp-content\/uploads\/2024\/05\/BERAZATEGUI-FESTEJO-EL-25-DE-MAYO-CON-UN-GRAN-ENCUENTRO-PATRIO-4.jpg","width":1920,"height":1280},{"@type":"BreadcrumbList","@id":"https:\/\/diarioprincipios.com\/index.php\/2024\/05\/28\/berazategui-festejo-el-214-aniversario-de-la-revolucion-de-mayo-con-un-gran-encuentro-patrio\/#breadcrumb","itemListElement":[{"@type":"ListItem","position":1,"name":"Portada","item":"https:\/\/diarioprincipios.com\/"},{"@type":"ListItem","position":2,"name":"Berazategui festej\u00f3 el 214\u00b0 aniversario de la Revoluci\u00f3n de Mayo con un Gran Encuentro Patrio"}]},{"@type":"WebSite","@id":"https:\/\/diarioprincipios.com\/#website","url":"https:\/\/diarioprincipios.com\/","name":"Principios","description":"Principios Diario","publisher":{"@id":"https:\/\/diarioprincipios.com\/#organization"},"potentialAction":[{"@type":"SearchAction","target":{"@type":"EntryPoint","urlTemplate":"https:\/\/diarioprincipios.com\/?s={search_term_string}"},"query-input":{"@type":"PropertyValueSpecification","valueRequired":true,"valueName":"search_term_string"}}],"inLanguage":"es"},{"@type":"Organization","@id":"https:\/\/diarioprincipios.com\/#organization","name":"Principios","url":"https:\/\/diarioprincipios.com\/","logo":{"@type":"ImageObject","inLanguage":"es","@id":"https:\/\/diarioprincipios.com\/#\/schema\/logo\/image\/","url":"https:\/\/diarioprincipios.com\/wp-content\/uploads\/2024\/04\/cropped-www.diarioprincipios.com_-1.png","contentUrl":"https:\/\/diarioprincipios.com\/wp-content\/uploads\/2024\/04\/cropped-www.diarioprincipios.com_-1.png","width":5325,"height":1454,"caption":"Principios"},"image":{"@id":"https:\/\/diarioprincipios.com\/#\/schema\/logo\/image\/"}},{"@type":"Person","@id":"https:\/\/diarioprincipios.com\/#\/schema\/person\/436d5a1fd41a5e250e23ff5a6a7cb080","name":"Hern\u00e1n L\u00f3pez","image":{"@type":"ImageObject","inLanguage":"es","@id":"https:\/\/diarioprincipios.com\/wp-content\/litespeed\/avatar\/11ddfe5610ff3bd100522525b2571f48.jpg?ver=1777653193","url":"https:\/\/diarioprincipios.com\/wp-content\/litespeed\/avatar\/11ddfe5610ff3bd100522525b2571f48.jpg?ver=1777653193","contentUrl":"https:\/\/diarioprincipios.com\/wp-content\/litespeed\/avatar\/11ddfe5610ff3bd100522525b2571f48.jpg?ver=1777653193","caption":"Hern\u00e1n L\u00f3pez"},"url":"https:\/\/diarioprincipios.com\/index.php\/author\/hernan\/"}]}},"jetpack_featured_media_url":"https:\/\/diarioprincipios.com\/wp-content\/uploads\/2024\/05\/BERAZATEGUI-FESTEJO-EL-25-DE-MAYO-CON-UN-GRAN-ENCUENTRO-PATRIO-4.jpg","_links":{"self":[{"href":"https:\/\/diarioprincipios.com\/index.php\/wp-json\/wp\/v2\/posts\/22003","targetHints":{"allow":["GET"]}}],"collection":[{"href":"https:\/\/diarioprincipios.com\/index.php\/wp-json\/wp\/v2\/posts"}],"about":[{"href":"https:\/\/diarioprincipios.com\/index.php\/wp-json\/wp\/v2\/types\/post"}],"author":[{"embeddable":true,"href":"https:\/\/diarioprincipios.com\/index.php\/wp-json\/wp\/v2\/users\/2"}],"replies":[{"embeddable":true,"href":"https:\/\/diarioprincipios.com\/index.php\/wp-json\/wp\/v2\/comments?post=22003"}],"version-history":[{"count":1,"href":"https:\/\/diarioprincipios.com\/index.php\/wp-json\/wp\/v2\/posts\/22003\/revisions"}],"predecessor-version":[{"id":22007,"href":"https:\/\/diarioprincipios.com\/index.php\/wp-json\/wp\/v2\/posts\/22003\/revisions\/22007"}],"wp:featuredmedia":[{"embeddable":true,"href":"https:\/\/diarioprincipios.com\/index.php\/wp-json\/wp\/v2\/media\/22006"}],"wp:attachment":[{"href":"https:\/\/diarioprincipios.com\/index.php\/wp-json\/wp\/v2\/media?parent=22003"}],"wp:term":[{"taxonomy":"category","embeddable":true,"href":"https:\/\/diarioprincipios.com\/index.php\/wp-json\/wp\/v2\/categories?post=22003"},{"taxonomy":"post_tag","embeddable":true,"href":"https:\/\/diarioprincipios.com\/index.php\/wp-json\/wp\/v2\/tags?post=22003"}],"curies":[{"name":"wp","href":"https:\/\/api.w.org\/{rel}","templated":true}]}}