{"id":21999,"date":"2024-05-27T14:32:13","date_gmt":"2024-05-27T17:32:13","guid":{"rendered":"http:\/\/diarioprincipios.com\/?p=21999"},"modified":"2024-05-27T14:32:15","modified_gmt":"2024-05-27T17:32:15","slug":"desde-hoy-se-abre-la-inscripcion-para-la-35-prueba-atletica-dia-del-vidriero","status":"publish","type":"post","link":"https:\/\/diarioprincipios.com\/index.php\/2024\/05\/27\/desde-hoy-se-abre-la-inscripcion-para-la-35-prueba-atletica-dia-del-vidriero\/","title":{"rendered":"Desde hoy se abre la inscripci\u00f3n para la 35\u00b0 Prueba Atl\u00e9tica D\u00eda del Vidriero"},"content":{"rendered":"\n<p><strong><em>De manera online, a trav\u00e9s de la web\u00a0<a href=\"http:\/\/berazategui.gob.ar\/\" target=\"_blank\" rel=\"noreferrer noopener\">berazategui.gob.ar<\/a><\/em><br><br>El s\u00e1bado 8 de junio, los y las amantes del running tendr\u00e1n una cita ineludible en Berazategui. Se viene la 35\u00b0 edici\u00f3n de la Prueba Atl\u00e9tica 10K D\u00eda del Vidriero \u00abSaverio Terminiello\u00bb, un evento tradicional en la ciudad, impulsado por el intendente Juan Jos\u00e9 Mussi.<\/strong><br>Para aquellos interesados en ser parte de esta experiencia, la inscripci\u00f3n -como cada a\u00f1o- ser\u00e1 gratuita y a trav\u00e9s de la web\u00a0<a href=\"http:\/\/berazategui.gob.ar\/\" target=\"_blank\" rel=\"noreferrer noopener\">berazategui.gob.ar<\/a>, desde el 27 de mayo al 5 de junio.<\/p>\n\n\n\n<figure class=\"wp-block-image size-large\"><img loading=\"lazy\" decoding=\"async\" width=\"819\" height=\"1024\" src=\"https:\/\/diarioprincipios.com\/wp-content\/uploads\/2024\/05\/35\u00b0-PRUEBA-ATLETICA-10K-DIA-DEL-VIDRIERO-LAS-INSCRIPCIONES-COMIENZAN-EL-27-DE-MAYO-4-819x1024.jpg\" alt=\"\" class=\"wp-image-22000\" srcset=\"https:\/\/diarioprincipios.com\/wp-content\/uploads\/2024\/05\/35\u00b0-PRUEBA-ATLETICA-10K-DIA-DEL-VIDRIERO-LAS-INSCRIPCIONES-COMIENZAN-EL-27-DE-MAYO-4-819x1024.jpg 819w, https:\/\/diarioprincipios.com\/wp-content\/uploads\/2024\/05\/35\u00b0-PRUEBA-ATLETICA-10K-DIA-DEL-VIDRIERO-LAS-INSCRIPCIONES-COMIENZAN-EL-27-DE-MAYO-4-240x300.jpg 240w, https:\/\/diarioprincipios.com\/wp-content\/uploads\/2024\/05\/35\u00b0-PRUEBA-ATLETICA-10K-DIA-DEL-VIDRIERO-LAS-INSCRIPCIONES-COMIENZAN-EL-27-DE-MAYO-4-768x960.jpg 768w, https:\/\/diarioprincipios.com\/wp-content\/uploads\/2024\/05\/35\u00b0-PRUEBA-ATLETICA-10K-DIA-DEL-VIDRIERO-LAS-INSCRIPCIONES-COMIENZAN-EL-27-DE-MAYO-4-1229x1536.jpg 1229w, https:\/\/diarioprincipios.com\/wp-content\/uploads\/2024\/05\/35\u00b0-PRUEBA-ATLETICA-10K-DIA-DEL-VIDRIERO-LAS-INSCRIPCIONES-COMIENZAN-EL-27-DE-MAYO-4-1638x2048.jpg 1638w, https:\/\/diarioprincipios.com\/wp-content\/uploads\/2024\/05\/35\u00b0-PRUEBA-ATLETICA-10K-DIA-DEL-VIDRIERO-LAS-INSCRIPCIONES-COMIENZAN-EL-27-DE-MAYO-4-scaled.jpg 2048w\" sizes=\"auto, (max-width: 819px) 100vw, 819px\" \/><\/figure>\n\n\n\n<p><br>Se trata de una de las carreras m\u00e1s convocantes de la regi\u00f3n, emblem\u00e1tica en Berazategui y de renombre a nivel nacional. Cada a\u00f1o atrae a corredores locales, de todo el pa\u00eds e internacionales. Es organizada por la Secretar\u00eda de Desarrollo Social y Comunitario, Recreaci\u00f3n, Turismo y Deportes -a cargo de Mar\u00eda Laura Lacava-, y est\u00e1 abierta a la participaci\u00f3n de toda la familia, con 10 categor\u00edas de hombres y 10 de mujeres, as\u00ed como para personas con discapacidad visual, motora e intelectual. La distancia de los 10K es certificada y fiscalizada por jueces de la Federaci\u00f3n Atl\u00e9tica Metropolitana.<br>Para m\u00e1s informaci\u00f3n, quienes lo requieran pueden comunicarse con la Direcci\u00f3n General de Deportes del Municipio, llamando al 4356-9200 Int. 2120; o enviando un mail a\u00a0<a href=\"mailto:deportesberazategui@gmail.com\" target=\"_blank\" rel=\"noreferrer noopener\">deportesberazategui@gmail.com<\/a><\/p>\n","protected":false},"excerpt":{"rendered":"<p>De manera online, a trav\u00e9s de la web\u00a0berazategui.gob.ar El s\u00e1bado 8 de junio, los y las amantes del running tendr\u00e1n una cita ineludible en Berazategui. Se viene la 35\u00b0 edici\u00f3n de la Prueba Atl\u00e9tica 10K D\u00eda del Vidriero \u00abSaverio Terminiello\u00bb, un evento tradicional en la ciudad, impulsado por el intendente Juan Jos\u00e9 Mussi.Para aquellos interesados&#8230;<\/p>\n","protected":false},"author":2,"featured_media":22001,"comment_status":"open","ping_status":"open","sticky":false,"template":"","format":"standard","meta":{"footnotes":""},"categories":[3,6],"tags":[],"class_list":["post-21999","post","type-post","status-publish","format-standard","has-post-thumbnail","hentry","category-berazategui","category-deportes"],"featured_image_src":"https:\/\/diarioprincipios.com\/wp-content\/uploads\/2024\/05\/35\u00b0-PRUEBA-ATLETICA-10K-DIA-DEL-VIDRIERO-LAS-INSCRIPCIONES-COMIENZAN-EL-27-DE-MAYO-3-1024x683.jpg","blog_images":{"medium":"https:\/\/diarioprincipios.com\/wp-content\/uploads\/2024\/05\/35\u00b0-PRUEBA-ATLETICA-10K-DIA-DEL-VIDRIERO-LAS-INSCRIPCIONES-COMIENZAN-EL-27-DE-MAYO-3-300x200.jpg","large":"https:\/\/diarioprincipios.com\/wp-content\/uploads\/2024\/05\/35\u00b0-PRUEBA-ATLETICA-10K-DIA-DEL-VIDRIERO-LAS-INSCRIPCIONES-COMIENZAN-EL-27-DE-MAYO-3-1024x683.jpg"},"ams_acf":[],"yoast_head":"<!-- This site is optimized with the Yoast SEO plugin v27.3 - https:\/\/yoast.com\/product\/yoast-seo-wordpress\/ -->\n<title>Desde hoy se abre la inscripci\u00f3n para la 35\u00b0 Prueba Atl\u00e9tica D\u00eda del Vidriero - Principios<\/title>\n<meta name=\"robots\" content=\"index, follow, max-snippet:-1, max-image-preview:large, max-video-preview:-1\" \/>\n<link rel=\"canonical\" href=\"https:\/\/diarioprincipios.com\/index.php\/2024\/05\/27\/desde-hoy-se-abre-la-inscripcion-para-la-35-prueba-atletica-dia-del-vidriero\/\" \/>\n<meta property=\"og:locale\" content=\"es_ES\" \/>\n<meta property=\"og:type\" content=\"article\" \/>\n<meta property=\"og:title\" content=\"Desde hoy se abre la inscripci\u00f3n para la 35\u00b0 Prueba Atl\u00e9tica D\u00eda del Vidriero - Principios\" \/>\n<meta property=\"og:description\" content=\"De manera online, a trav\u00e9s de la web\u00a0berazategui.gob.ar El s\u00e1bado 8 de junio, los y las amantes del running tendr\u00e1n una cita ineludible en Berazategui. Se viene la 35\u00b0 edici\u00f3n de la Prueba Atl\u00e9tica 10K D\u00eda del Vidriero \u00abSaverio Terminiello\u00bb, un evento tradicional en la ciudad, impulsado por el intendente Juan Jos\u00e9 Mussi.Para aquellos interesados...\" \/>\n<meta property=\"og:url\" content=\"https:\/\/diarioprincipios.com\/index.php\/2024\/05\/27\/desde-hoy-se-abre-la-inscripcion-para-la-35-prueba-atletica-dia-del-vidriero\/\" \/>\n<meta property=\"og:site_name\" content=\"Principios\" \/>\n<meta property=\"article:published_time\" content=\"2024-05-27T17:32:13+00:00\" \/>\n<meta property=\"article:modified_time\" content=\"2024-05-27T17:32:15+00:00\" \/>\n<meta property=\"og:image\" content=\"https:\/\/diarioprincipios.com\/wp-content\/uploads\/2024\/05\/35\u00b0-PRUEBA-ATLETICA-10K-DIA-DEL-VIDRIERO-LAS-INSCRIPCIONES-COMIENZAN-EL-27-DE-MAYO-3.jpg\" \/>\n\t<meta property=\"og:image:width\" content=\"1920\" \/>\n\t<meta property=\"og:image:height\" content=\"1280\" \/>\n\t<meta property=\"og:image:type\" content=\"image\/jpeg\" \/>\n<meta name=\"author\" content=\"Hern\u00e1n L\u00f3pez\" \/>\n<meta name=\"twitter:card\" content=\"summary_large_image\" \/>\n<meta name=\"twitter:label1\" content=\"Escrito por\" \/>\n\t<meta name=\"twitter:data1\" content=\"Hern\u00e1n L\u00f3pez\" \/>\n\t<meta name=\"twitter:label2\" content=\"Tiempo de lectura\" \/>\n\t<meta name=\"twitter:data2\" content=\"2 minutos\" \/>\n<script type=\"application\/ld+json\" class=\"yoast-schema-graph\">{\"@context\":\"https:\\\/\\\/schema.org\",\"@graph\":[{\"@type\":\"Article\",\"@id\":\"https:\\\/\\\/diarioprincipios.com\\\/index.php\\\/2024\\\/05\\\/27\\\/desde-hoy-se-abre-la-inscripcion-para-la-35-prueba-atletica-dia-del-vidriero\\\/#article\",\"isPartOf\":{\"@id\":\"https:\\\/\\\/diarioprincipios.com\\\/index.php\\\/2024\\\/05\\\/27\\\/desde-hoy-se-abre-la-inscripcion-para-la-35-prueba-atletica-dia-del-vidriero\\\/\"},\"author\":{\"name\":\"Hern\u00e1n L\u00f3pez\",\"@id\":\"https:\\\/\\\/diarioprincipios.com\\\/#\\\/schema\\\/person\\\/436d5a1fd41a5e250e23ff5a6a7cb080\"},\"headline\":\"Desde hoy se abre la inscripci\u00f3n para la 35\u00b0 Prueba Atl\u00e9tica D\u00eda del Vidriero\",\"datePublished\":\"2024-05-27T17:32:13+00:00\",\"dateModified\":\"2024-05-27T17:32:15+00:00\",\"mainEntityOfPage\":{\"@id\":\"https:\\\/\\\/diarioprincipios.com\\\/index.php\\\/2024\\\/05\\\/27\\\/desde-hoy-se-abre-la-inscripcion-para-la-35-prueba-atletica-dia-del-vidriero\\\/\"},\"wordCount\":250,\"commentCount\":0,\"publisher\":{\"@id\":\"https:\\\/\\\/diarioprincipios.com\\\/#organization\"},\"image\":{\"@id\":\"https:\\\/\\\/diarioprincipios.com\\\/index.php\\\/2024\\\/05\\\/27\\\/desde-hoy-se-abre-la-inscripcion-para-la-35-prueba-atletica-dia-del-vidriero\\\/#primaryimage\"},\"thumbnailUrl\":\"https:\\\/\\\/diarioprincipios.com\\\/wp-content\\\/uploads\\\/2024\\\/05\\\/35\u00b0-PRUEBA-ATLETICA-10K-DIA-DEL-VIDRIERO-LAS-INSCRIPCIONES-COMIENZAN-EL-27-DE-MAYO-3.jpg\",\"articleSection\":[\"Berazategui\",\"Deportes\"],\"inLanguage\":\"es\",\"potentialAction\":[{\"@type\":\"CommentAction\",\"name\":\"Comment\",\"target\":[\"https:\\\/\\\/diarioprincipios.com\\\/index.php\\\/2024\\\/05\\\/27\\\/desde-hoy-se-abre-la-inscripcion-para-la-35-prueba-atletica-dia-del-vidriero\\\/#respond\"]}]},{\"@type\":\"WebPage\",\"@id\":\"https:\\\/\\\/diarioprincipios.com\\\/index.php\\\/2024\\\/05\\\/27\\\/desde-hoy-se-abre-la-inscripcion-para-la-35-prueba-atletica-dia-del-vidriero\\\/\",\"url\":\"https:\\\/\\\/diarioprincipios.com\\\/index.php\\\/2024\\\/05\\\/27\\\/desde-hoy-se-abre-la-inscripcion-para-la-35-prueba-atletica-dia-del-vidriero\\\/\",\"name\":\"Desde hoy se abre la inscripci\u00f3n para la 35\u00b0 Prueba Atl\u00e9tica D\u00eda del Vidriero - Principios\",\"isPartOf\":{\"@id\":\"https:\\\/\\\/diarioprincipios.com\\\/#website\"},\"primaryImageOfPage\":{\"@id\":\"https:\\\/\\\/diarioprincipios.com\\\/index.php\\\/2024\\\/05\\\/27\\\/desde-hoy-se-abre-la-inscripcion-para-la-35-prueba-atletica-dia-del-vidriero\\\/#primaryimage\"},\"image\":{\"@id\":\"https:\\\/\\\/diarioprincipios.com\\\/index.php\\\/2024\\\/05\\\/27\\\/desde-hoy-se-abre-la-inscripcion-para-la-35-prueba-atletica-dia-del-vidriero\\\/#primaryimage\"},\"thumbnailUrl\":\"https:\\\/\\\/diarioprincipios.com\\\/wp-content\\\/uploads\\\/2024\\\/05\\\/35\u00b0-PRUEBA-ATLETICA-10K-DIA-DEL-VIDRIERO-LAS-INSCRIPCIONES-COMIENZAN-EL-27-DE-MAYO-3.jpg\",\"datePublished\":\"2024-05-27T17:32:13+00:00\",\"dateModified\":\"2024-05-27T17:32:15+00:00\",\"breadcrumb\":{\"@id\":\"https:\\\/\\\/diarioprincipios.com\\\/index.php\\\/2024\\\/05\\\/27\\\/desde-hoy-se-abre-la-inscripcion-para-la-35-prueba-atletica-dia-del-vidriero\\\/#breadcrumb\"},\"inLanguage\":\"es\",\"potentialAction\":[{\"@type\":\"ReadAction\",\"target\":[\"https:\\\/\\\/diarioprincipios.com\\\/index.php\\\/2024\\\/05\\\/27\\\/desde-hoy-se-abre-la-inscripcion-para-la-35-prueba-atletica-dia-del-vidriero\\\/\"]}]},{\"@type\":\"ImageObject\",\"inLanguage\":\"es\",\"@id\":\"https:\\\/\\\/diarioprincipios.com\\\/index.php\\\/2024\\\/05\\\/27\\\/desde-hoy-se-abre-la-inscripcion-para-la-35-prueba-atletica-dia-del-vidriero\\\/#primaryimage\",\"url\":\"https:\\\/\\\/diarioprincipios.com\\\/wp-content\\\/uploads\\\/2024\\\/05\\\/35\u00b0-PRUEBA-ATLETICA-10K-DIA-DEL-VIDRIERO-LAS-INSCRIPCIONES-COMIENZAN-EL-27-DE-MAYO-3.jpg\",\"contentUrl\":\"https:\\\/\\\/diarioprincipios.com\\\/wp-content\\\/uploads\\\/2024\\\/05\\\/35\u00b0-PRUEBA-ATLETICA-10K-DIA-DEL-VIDRIERO-LAS-INSCRIPCIONES-COMIENZAN-EL-27-DE-MAYO-3.jpg\",\"width\":1920,\"height\":1280},{\"@type\":\"BreadcrumbList\",\"@id\":\"https:\\\/\\\/diarioprincipios.com\\\/index.php\\\/2024\\\/05\\\/27\\\/desde-hoy-se-abre-la-inscripcion-para-la-35-prueba-atletica-dia-del-vidriero\\\/#breadcrumb\",\"itemListElement\":[{\"@type\":\"ListItem\",\"position\":1,\"name\":\"Portada\",\"item\":\"https:\\\/\\\/diarioprincipios.com\\\/\"},{\"@type\":\"ListItem\",\"position\":2,\"name\":\"Desde hoy se abre la inscripci\u00f3n para la 35\u00b0 Prueba Atl\u00e9tica D\u00eda del Vidriero\"}]},{\"@type\":\"WebSite\",\"@id\":\"https:\\\/\\\/diarioprincipios.com\\\/#website\",\"url\":\"https:\\\/\\\/diarioprincipios.com\\\/\",\"name\":\"Principios\",\"description\":\"Principios Diario\",\"publisher\":{\"@id\":\"https:\\\/\\\/diarioprincipios.com\\\/#organization\"},\"potentialAction\":[{\"@type\":\"SearchAction\",\"target\":{\"@type\":\"EntryPoint\",\"urlTemplate\":\"https:\\\/\\\/diarioprincipios.com\\\/?s={search_term_string}\"},\"query-input\":{\"@type\":\"PropertyValueSpecification\",\"valueRequired\":true,\"valueName\":\"search_term_string\"}}],\"inLanguage\":\"es\"},{\"@type\":\"Organization\",\"@id\":\"https:\\\/\\\/diarioprincipios.com\\\/#organization\",\"name\":\"Principios\",\"url\":\"https:\\\/\\\/diarioprincipios.com\\\/\",\"logo\":{\"@type\":\"ImageObject\",\"inLanguage\":\"es\",\"@id\":\"https:\\\/\\\/diarioprincipios.com\\\/#\\\/schema\\\/logo\\\/image\\\/\",\"url\":\"https:\\\/\\\/diarioprincipios.com\\\/wp-content\\\/uploads\\\/2024\\\/04\\\/cropped-www.diarioprincipios.com_-1.png\",\"contentUrl\":\"https:\\\/\\\/diarioprincipios.com\\\/wp-content\\\/uploads\\\/2024\\\/04\\\/cropped-www.diarioprincipios.com_-1.png\",\"width\":5325,\"height\":1454,\"caption\":\"Principios\"},\"image\":{\"@id\":\"https:\\\/\\\/diarioprincipios.com\\\/#\\\/schema\\\/logo\\\/image\\\/\"}},{\"@type\":\"Person\",\"@id\":\"https:\\\/\\\/diarioprincipios.com\\\/#\\\/schema\\\/person\\\/436d5a1fd41a5e250e23ff5a6a7cb080\",\"name\":\"Hern\u00e1n L\u00f3pez\",\"image\":{\"@type\":\"ImageObject\",\"inLanguage\":\"es\",\"@id\":\"https:\\\/\\\/diarioprincipios.com\\\/wp-content\\\/litespeed\\\/avatar\\\/11ddfe5610ff3bd100522525b2571f48.jpg?ver=1777653193\",\"url\":\"https:\\\/\\\/diarioprincipios.com\\\/wp-content\\\/litespeed\\\/avatar\\\/11ddfe5610ff3bd100522525b2571f48.jpg?ver=1777653193\",\"contentUrl\":\"https:\\\/\\\/diarioprincipios.com\\\/wp-content\\\/litespeed\\\/avatar\\\/11ddfe5610ff3bd100522525b2571f48.jpg?ver=1777653193\",\"caption\":\"Hern\u00e1n L\u00f3pez\"},\"url\":\"https:\\\/\\\/diarioprincipios.com\\\/index.php\\\/author\\\/hernan\\\/\"}]}<\/script>\n<!-- \/ Yoast SEO plugin. -->","yoast_head_json":{"title":"Desde hoy se abre la inscripci\u00f3n para la 35\u00b0 Prueba Atl\u00e9tica D\u00eda del Vidriero - Principios","robots":{"index":"index","follow":"follow","max-snippet":"max-snippet:-1","max-image-preview":"max-image-preview:large","max-video-preview":"max-video-preview:-1"},"canonical":"https:\/\/diarioprincipios.com\/index.php\/2024\/05\/27\/desde-hoy-se-abre-la-inscripcion-para-la-35-prueba-atletica-dia-del-vidriero\/","og_locale":"es_ES","og_type":"article","og_title":"Desde hoy se abre la inscripci\u00f3n para la 35\u00b0 Prueba Atl\u00e9tica D\u00eda del Vidriero - Principios","og_description":"De manera online, a trav\u00e9s de la web\u00a0berazategui.gob.ar El s\u00e1bado 8 de junio, los y las amantes del running tendr\u00e1n una cita ineludible en Berazategui. Se viene la 35\u00b0 edici\u00f3n de la Prueba Atl\u00e9tica 10K D\u00eda del Vidriero \u00abSaverio Terminiello\u00bb, un evento tradicional en la ciudad, impulsado por el intendente Juan Jos\u00e9 Mussi.Para aquellos interesados...","og_url":"https:\/\/diarioprincipios.com\/index.php\/2024\/05\/27\/desde-hoy-se-abre-la-inscripcion-para-la-35-prueba-atletica-dia-del-vidriero\/","og_site_name":"Principios","article_published_time":"2024-05-27T17:32:13+00:00","article_modified_time":"2024-05-27T17:32:15+00:00","og_image":[{"width":1920,"height":1280,"url":"https:\/\/diarioprincipios.com\/wp-content\/uploads\/2024\/05\/35\u00b0-PRUEBA-ATLETICA-10K-DIA-DEL-VIDRIERO-LAS-INSCRIPCIONES-COMIENZAN-EL-27-DE-MAYO-3.jpg","type":"image\/jpeg"}],"author":"Hern\u00e1n L\u00f3pez","twitter_card":"summary_large_image","twitter_misc":{"Escrito por":"Hern\u00e1n L\u00f3pez","Tiempo de lectura":"2 minutos"},"schema":{"@context":"https:\/\/schema.org","@graph":[{"@type":"Article","@id":"https:\/\/diarioprincipios.com\/index.php\/2024\/05\/27\/desde-hoy-se-abre-la-inscripcion-para-la-35-prueba-atletica-dia-del-vidriero\/#article","isPartOf":{"@id":"https:\/\/diarioprincipios.com\/index.php\/2024\/05\/27\/desde-hoy-se-abre-la-inscripcion-para-la-35-prueba-atletica-dia-del-vidriero\/"},"author":{"name":"Hern\u00e1n L\u00f3pez","@id":"https:\/\/diarioprincipios.com\/#\/schema\/person\/436d5a1fd41a5e250e23ff5a6a7cb080"},"headline":"Desde hoy se abre la inscripci\u00f3n para la 35\u00b0 Prueba Atl\u00e9tica D\u00eda del Vidriero","datePublished":"2024-05-27T17:32:13+00:00","dateModified":"2024-05-27T17:32:15+00:00","mainEntityOfPage":{"@id":"https:\/\/diarioprincipios.com\/index.php\/2024\/05\/27\/desde-hoy-se-abre-la-inscripcion-para-la-35-prueba-atletica-dia-del-vidriero\/"},"wordCount":250,"commentCount":0,"publisher":{"@id":"https:\/\/diarioprincipios.com\/#organization"},"image":{"@id":"https:\/\/diarioprincipios.com\/index.php\/2024\/05\/27\/desde-hoy-se-abre-la-inscripcion-para-la-35-prueba-atletica-dia-del-vidriero\/#primaryimage"},"thumbnailUrl":"https:\/\/diarioprincipios.com\/wp-content\/uploads\/2024\/05\/35\u00b0-PRUEBA-ATLETICA-10K-DIA-DEL-VIDRIERO-LAS-INSCRIPCIONES-COMIENZAN-EL-27-DE-MAYO-3.jpg","articleSection":["Berazategui","Deportes"],"inLanguage":"es","potentialAction":[{"@type":"CommentAction","name":"Comment","target":["https:\/\/diarioprincipios.com\/index.php\/2024\/05\/27\/desde-hoy-se-abre-la-inscripcion-para-la-35-prueba-atletica-dia-del-vidriero\/#respond"]}]},{"@type":"WebPage","@id":"https:\/\/diarioprincipios.com\/index.php\/2024\/05\/27\/desde-hoy-se-abre-la-inscripcion-para-la-35-prueba-atletica-dia-del-vidriero\/","url":"https:\/\/diarioprincipios.com\/index.php\/2024\/05\/27\/desde-hoy-se-abre-la-inscripcion-para-la-35-prueba-atletica-dia-del-vidriero\/","name":"Desde hoy se abre la inscripci\u00f3n para la 35\u00b0 Prueba Atl\u00e9tica D\u00eda del Vidriero - Principios","isPartOf":{"@id":"https:\/\/diarioprincipios.com\/#website"},"primaryImageOfPage":{"@id":"https:\/\/diarioprincipios.com\/index.php\/2024\/05\/27\/desde-hoy-se-abre-la-inscripcion-para-la-35-prueba-atletica-dia-del-vidriero\/#primaryimage"},"image":{"@id":"https:\/\/diarioprincipios.com\/index.php\/2024\/05\/27\/desde-hoy-se-abre-la-inscripcion-para-la-35-prueba-atletica-dia-del-vidriero\/#primaryimage"},"thumbnailUrl":"https:\/\/diarioprincipios.com\/wp-content\/uploads\/2024\/05\/35\u00b0-PRUEBA-ATLETICA-10K-DIA-DEL-VIDRIERO-LAS-INSCRIPCIONES-COMIENZAN-EL-27-DE-MAYO-3.jpg","datePublished":"2024-05-27T17:32:13+00:00","dateModified":"2024-05-27T17:32:15+00:00","breadcrumb":{"@id":"https:\/\/diarioprincipios.com\/index.php\/2024\/05\/27\/desde-hoy-se-abre-la-inscripcion-para-la-35-prueba-atletica-dia-del-vidriero\/#breadcrumb"},"inLanguage":"es","potentialAction":[{"@type":"ReadAction","target":["https:\/\/diarioprincipios.com\/index.php\/2024\/05\/27\/desde-hoy-se-abre-la-inscripcion-para-la-35-prueba-atletica-dia-del-vidriero\/"]}]},{"@type":"ImageObject","inLanguage":"es","@id":"https:\/\/diarioprincipios.com\/index.php\/2024\/05\/27\/desde-hoy-se-abre-la-inscripcion-para-la-35-prueba-atletica-dia-del-vidriero\/#primaryimage","url":"https:\/\/diarioprincipios.com\/wp-content\/uploads\/2024\/05\/35\u00b0-PRUEBA-ATLETICA-10K-DIA-DEL-VIDRIERO-LAS-INSCRIPCIONES-COMIENZAN-EL-27-DE-MAYO-3.jpg","contentUrl":"https:\/\/diarioprincipios.com\/wp-content\/uploads\/2024\/05\/35\u00b0-PRUEBA-ATLETICA-10K-DIA-DEL-VIDRIERO-LAS-INSCRIPCIONES-COMIENZAN-EL-27-DE-MAYO-3.jpg","width":1920,"height":1280},{"@type":"BreadcrumbList","@id":"https:\/\/diarioprincipios.com\/index.php\/2024\/05\/27\/desde-hoy-se-abre-la-inscripcion-para-la-35-prueba-atletica-dia-del-vidriero\/#breadcrumb","itemListElement":[{"@type":"ListItem","position":1,"name":"Portada","item":"https:\/\/diarioprincipios.com\/"},{"@type":"ListItem","position":2,"name":"Desde hoy se abre la inscripci\u00f3n para la 35\u00b0 Prueba Atl\u00e9tica D\u00eda del Vidriero"}]},{"@type":"WebSite","@id":"https:\/\/diarioprincipios.com\/#website","url":"https:\/\/diarioprincipios.com\/","name":"Principios","description":"Principios Diario","publisher":{"@id":"https:\/\/diarioprincipios.com\/#organization"},"potentialAction":[{"@type":"SearchAction","target":{"@type":"EntryPoint","urlTemplate":"https:\/\/diarioprincipios.com\/?s={search_term_string}"},"query-input":{"@type":"PropertyValueSpecification","valueRequired":true,"valueName":"search_term_string"}}],"inLanguage":"es"},{"@type":"Organization","@id":"https:\/\/diarioprincipios.com\/#organization","name":"Principios","url":"https:\/\/diarioprincipios.com\/","logo":{"@type":"ImageObject","inLanguage":"es","@id":"https:\/\/diarioprincipios.com\/#\/schema\/logo\/image\/","url":"https:\/\/diarioprincipios.com\/wp-content\/uploads\/2024\/04\/cropped-www.diarioprincipios.com_-1.png","contentUrl":"https:\/\/diarioprincipios.com\/wp-content\/uploads\/2024\/04\/cropped-www.diarioprincipios.com_-1.png","width":5325,"height":1454,"caption":"Principios"},"image":{"@id":"https:\/\/diarioprincipios.com\/#\/schema\/logo\/image\/"}},{"@type":"Person","@id":"https:\/\/diarioprincipios.com\/#\/schema\/person\/436d5a1fd41a5e250e23ff5a6a7cb080","name":"Hern\u00e1n L\u00f3pez","image":{"@type":"ImageObject","inLanguage":"es","@id":"https:\/\/diarioprincipios.com\/wp-content\/litespeed\/avatar\/11ddfe5610ff3bd100522525b2571f48.jpg?ver=1777653193","url":"https:\/\/diarioprincipios.com\/wp-content\/litespeed\/avatar\/11ddfe5610ff3bd100522525b2571f48.jpg?ver=1777653193","contentUrl":"https:\/\/diarioprincipios.com\/wp-content\/litespeed\/avatar\/11ddfe5610ff3bd100522525b2571f48.jpg?ver=1777653193","caption":"Hern\u00e1n L\u00f3pez"},"url":"https:\/\/diarioprincipios.com\/index.php\/author\/hernan\/"}]}},"jetpack_featured_media_url":"https:\/\/diarioprincipios.com\/wp-content\/uploads\/2024\/05\/35\u00b0-PRUEBA-ATLETICA-10K-DIA-DEL-VIDRIERO-LAS-INSCRIPCIONES-COMIENZAN-EL-27-DE-MAYO-3.jpg","_links":{"self":[{"href":"https:\/\/diarioprincipios.com\/index.php\/wp-json\/wp\/v2\/posts\/21999","targetHints":{"allow":["GET"]}}],"collection":[{"href":"https:\/\/diarioprincipios.com\/index.php\/wp-json\/wp\/v2\/posts"}],"about":[{"href":"https:\/\/diarioprincipios.com\/index.php\/wp-json\/wp\/v2\/types\/post"}],"author":[{"embeddable":true,"href":"https:\/\/diarioprincipios.com\/index.php\/wp-json\/wp\/v2\/users\/2"}],"replies":[{"embeddable":true,"href":"https:\/\/diarioprincipios.com\/index.php\/wp-json\/wp\/v2\/comments?post=21999"}],"version-history":[{"count":1,"href":"https:\/\/diarioprincipios.com\/index.php\/wp-json\/wp\/v2\/posts\/21999\/revisions"}],"predecessor-version":[{"id":22002,"href":"https:\/\/diarioprincipios.com\/index.php\/wp-json\/wp\/v2\/posts\/21999\/revisions\/22002"}],"wp:featuredmedia":[{"embeddable":true,"href":"https:\/\/diarioprincipios.com\/index.php\/wp-json\/wp\/v2\/media\/22001"}],"wp:attachment":[{"href":"https:\/\/diarioprincipios.com\/index.php\/wp-json\/wp\/v2\/media?parent=21999"}],"wp:term":[{"taxonomy":"category","embeddable":true,"href":"https:\/\/diarioprincipios.com\/index.php\/wp-json\/wp\/v2\/categories?post=21999"},{"taxonomy":"post_tag","embeddable":true,"href":"https:\/\/diarioprincipios.com\/index.php\/wp-json\/wp\/v2\/tags?post=21999"}],"curies":[{"name":"wp","href":"https:\/\/api.w.org\/{rel}","templated":true}]}}