{"id":21995,"date":"2024-05-27T14:26:35","date_gmt":"2024-05-27T17:26:35","guid":{"rendered":"http:\/\/diarioprincipios.com\/?p=21995"},"modified":"2024-05-27T14:26:37","modified_gmt":"2024-05-27T17:26:37","slug":"la-liga-nacional-de-futbol-inclusivo-disputo-su-fecha-en-el-gatica","status":"publish","type":"post","link":"https:\/\/diarioprincipios.com\/index.php\/2024\/05\/27\/la-liga-nacional-de-futbol-inclusivo-disputo-su-fecha-en-el-gatica\/","title":{"rendered":"La Liga Nacional de F\u00fatbol Inclusivo disput\u00f3 su fecha en el Gatica"},"content":{"rendered":"\n<p>Ante la presencia del intendente Jorge Ferraresi y Magdalena Sierra, tambi\u00e9n se present\u00f3 el Seleccionado de Avellaneda.<\/p>\n\n\n\n<p>El s\u00e1bado, el microestadio Gatica de Villa Dom\u00ednico fue escenario de la tercera fecha de la Liga Nacional de F\u00fatbol Inclusivo, una iniciativa impulsada por la Federaci\u00f3n Argentina de Deportes para personas con Discapacidad Intelectual, S\u00edndrome de Down y Autismo.<\/p>\n\n\n\n<figure class=\"wp-block-image size-large\"><img loading=\"lazy\" decoding=\"async\" width=\"1024\" height=\"681\" src=\"https:\/\/diarioprincipios.com\/wp-content\/uploads\/2024\/05\/442494204_1000110334808368_6417348739941772634_n-1024x681.jpg\" alt=\"\" class=\"wp-image-21996\" srcset=\"https:\/\/diarioprincipios.com\/wp-content\/uploads\/2024\/05\/442494204_1000110334808368_6417348739941772634_n-1024x681.jpg 1024w, https:\/\/diarioprincipios.com\/wp-content\/uploads\/2024\/05\/442494204_1000110334808368_6417348739941772634_n-300x200.jpg 300w, https:\/\/diarioprincipios.com\/wp-content\/uploads\/2024\/05\/442494204_1000110334808368_6417348739941772634_n-768x511.jpg 768w, https:\/\/diarioprincipios.com\/wp-content\/uploads\/2024\/05\/442494204_1000110334808368_6417348739941772634_n-1536x1022.jpg 1536w, https:\/\/diarioprincipios.com\/wp-content\/uploads\/2024\/05\/442494204_1000110334808368_6417348739941772634_n-820x545.jpg 820w, https:\/\/diarioprincipios.com\/wp-content\/uploads\/2024\/05\/442494204_1000110334808368_6417348739941772634_n-600x400.jpg 600w, https:\/\/diarioprincipios.com\/wp-content\/uploads\/2024\/05\/442494204_1000110334808368_6417348739941772634_n.jpg 1599w\" sizes=\"auto, (max-width: 1024px) 100vw, 1024px\" \/><\/figure>\n\n\n\n<p>En compa\u00f1\u00eda del intendente Jorge Ferraresi y la jefa de Gabinete, Magdalena Sierra se present\u00f3 el Seleccionado de Avellaneda que, durante la jornada, jug\u00f3 tres partidos amistosos contra Independiente, Racing Club y Argentinos Jr.<\/p>\n\n\n\n<p>De la actividad tambi\u00e9n participaron el director provincial de Deportes social, Marcos Cianni; el presidente de FADDIM, Franco Petta; el secretario de Deportes local, Sebasti\u00e1n Vidal; y el subsecretario de Deporte Inclusivo, Mart\u00edn Battisti.<\/p>\n\n\n\n<p>Durante la visita, las autoridades tambi\u00e9n visitaron el DAR para ver la selecci\u00f3n de Handball de Avellaneda.<\/p>\n","protected":false},"excerpt":{"rendered":"<p>Ante la presencia del intendente Jorge Ferraresi y Magdalena Sierra, tambi\u00e9n se present\u00f3 el Seleccionado de Avellaneda. El s\u00e1bado, el microestadio Gatica de Villa Dom\u00ednico fue escenario de la tercera fecha de la Liga Nacional de F\u00fatbol Inclusivo, una iniciativa impulsada por la Federaci\u00f3n Argentina de Deportes para personas con Discapacidad Intelectual, S\u00edndrome de Down&#8230;<\/p>\n","protected":false},"author":2,"featured_media":21997,"comment_status":"open","ping_status":"open","sticky":false,"template":"","format":"standard","meta":{"footnotes":""},"categories":[5,6],"tags":[],"class_list":["post-21995","post","type-post","status-publish","format-standard","has-post-thumbnail","hentry","category-avellaneda","category-deportes"],"featured_image_src":"https:\/\/diarioprincipios.com\/wp-content\/uploads\/2024\/05\/442439600_1000110364808365_5764733938139962307_n-1024x681.jpg","blog_images":{"medium":"https:\/\/diarioprincipios.com\/wp-content\/uploads\/2024\/05\/442439600_1000110364808365_5764733938139962307_n-300x200.jpg","large":"https:\/\/diarioprincipios.com\/wp-content\/uploads\/2024\/05\/442439600_1000110364808365_5764733938139962307_n-1024x681.jpg"},"ams_acf":[],"yoast_head":"<!-- This site is optimized with the Yoast SEO plugin v27.3 - https:\/\/yoast.com\/product\/yoast-seo-wordpress\/ -->\n<title>La Liga Nacional de F\u00fatbol Inclusivo disput\u00f3 su fecha en el Gatica - Principios<\/title>\n<meta name=\"robots\" content=\"index, follow, max-snippet:-1, max-image-preview:large, max-video-preview:-1\" \/>\n<link rel=\"canonical\" href=\"https:\/\/diarioprincipios.com\/index.php\/2024\/05\/27\/la-liga-nacional-de-futbol-inclusivo-disputo-su-fecha-en-el-gatica\/\" \/>\n<meta property=\"og:locale\" content=\"es_ES\" \/>\n<meta property=\"og:type\" content=\"article\" \/>\n<meta property=\"og:title\" content=\"La Liga Nacional de F\u00fatbol Inclusivo disput\u00f3 su fecha en el Gatica - Principios\" \/>\n<meta property=\"og:description\" content=\"Ante la presencia del intendente Jorge Ferraresi y Magdalena Sierra, tambi\u00e9n se present\u00f3 el Seleccionado de Avellaneda. El s\u00e1bado, el microestadio Gatica de Villa Dom\u00ednico fue escenario de la tercera fecha de la Liga Nacional de F\u00fatbol Inclusivo, una iniciativa impulsada por la Federaci\u00f3n Argentina de Deportes para personas con Discapacidad Intelectual, S\u00edndrome de Down...\" \/>\n<meta property=\"og:url\" content=\"https:\/\/diarioprincipios.com\/index.php\/2024\/05\/27\/la-liga-nacional-de-futbol-inclusivo-disputo-su-fecha-en-el-gatica\/\" \/>\n<meta property=\"og:site_name\" content=\"Principios\" \/>\n<meta property=\"article:published_time\" content=\"2024-05-27T17:26:35+00:00\" \/>\n<meta property=\"article:modified_time\" content=\"2024-05-27T17:26:37+00:00\" \/>\n<meta property=\"og:image\" content=\"https:\/\/diarioprincipios.com\/wp-content\/uploads\/2024\/05\/442439600_1000110364808365_5764733938139962307_n.jpg\" \/>\n\t<meta property=\"og:image:width\" content=\"1600\" \/>\n\t<meta property=\"og:image:height\" content=\"1064\" \/>\n\t<meta property=\"og:image:type\" content=\"image\/jpeg\" \/>\n<meta name=\"author\" content=\"Hern\u00e1n L\u00f3pez\" \/>\n<meta name=\"twitter:card\" content=\"summary_large_image\" \/>\n<meta name=\"twitter:label1\" content=\"Escrito por\" \/>\n\t<meta name=\"twitter:data1\" content=\"Hern\u00e1n L\u00f3pez\" \/>\n\t<meta name=\"twitter:label2\" content=\"Tiempo de lectura\" \/>\n\t<meta name=\"twitter:data2\" content=\"2 minutos\" \/>\n<script type=\"application\/ld+json\" class=\"yoast-schema-graph\">{\"@context\":\"https:\\\/\\\/schema.org\",\"@graph\":[{\"@type\":\"Article\",\"@id\":\"https:\\\/\\\/diarioprincipios.com\\\/index.php\\\/2024\\\/05\\\/27\\\/la-liga-nacional-de-futbol-inclusivo-disputo-su-fecha-en-el-gatica\\\/#article\",\"isPartOf\":{\"@id\":\"https:\\\/\\\/diarioprincipios.com\\\/index.php\\\/2024\\\/05\\\/27\\\/la-liga-nacional-de-futbol-inclusivo-disputo-su-fecha-en-el-gatica\\\/\"},\"author\":{\"name\":\"Hern\u00e1n L\u00f3pez\",\"@id\":\"https:\\\/\\\/diarioprincipios.com\\\/#\\\/schema\\\/person\\\/436d5a1fd41a5e250e23ff5a6a7cb080\"},\"headline\":\"La Liga Nacional de F\u00fatbol Inclusivo disput\u00f3 su fecha en el Gatica\",\"datePublished\":\"2024-05-27T17:26:35+00:00\",\"dateModified\":\"2024-05-27T17:26:37+00:00\",\"mainEntityOfPage\":{\"@id\":\"https:\\\/\\\/diarioprincipios.com\\\/index.php\\\/2024\\\/05\\\/27\\\/la-liga-nacional-de-futbol-inclusivo-disputo-su-fecha-en-el-gatica\\\/\"},\"wordCount\":167,\"commentCount\":0,\"publisher\":{\"@id\":\"https:\\\/\\\/diarioprincipios.com\\\/#organization\"},\"image\":{\"@id\":\"https:\\\/\\\/diarioprincipios.com\\\/index.php\\\/2024\\\/05\\\/27\\\/la-liga-nacional-de-futbol-inclusivo-disputo-su-fecha-en-el-gatica\\\/#primaryimage\"},\"thumbnailUrl\":\"https:\\\/\\\/diarioprincipios.com\\\/wp-content\\\/uploads\\\/2024\\\/05\\\/442439600_1000110364808365_5764733938139962307_n.jpg\",\"articleSection\":[\"Avellaneda\",\"Deportes\"],\"inLanguage\":\"es\",\"potentialAction\":[{\"@type\":\"CommentAction\",\"name\":\"Comment\",\"target\":[\"https:\\\/\\\/diarioprincipios.com\\\/index.php\\\/2024\\\/05\\\/27\\\/la-liga-nacional-de-futbol-inclusivo-disputo-su-fecha-en-el-gatica\\\/#respond\"]}]},{\"@type\":\"WebPage\",\"@id\":\"https:\\\/\\\/diarioprincipios.com\\\/index.php\\\/2024\\\/05\\\/27\\\/la-liga-nacional-de-futbol-inclusivo-disputo-su-fecha-en-el-gatica\\\/\",\"url\":\"https:\\\/\\\/diarioprincipios.com\\\/index.php\\\/2024\\\/05\\\/27\\\/la-liga-nacional-de-futbol-inclusivo-disputo-su-fecha-en-el-gatica\\\/\",\"name\":\"La Liga Nacional de F\u00fatbol Inclusivo disput\u00f3 su fecha en el Gatica - Principios\",\"isPartOf\":{\"@id\":\"https:\\\/\\\/diarioprincipios.com\\\/#website\"},\"primaryImageOfPage\":{\"@id\":\"https:\\\/\\\/diarioprincipios.com\\\/index.php\\\/2024\\\/05\\\/27\\\/la-liga-nacional-de-futbol-inclusivo-disputo-su-fecha-en-el-gatica\\\/#primaryimage\"},\"image\":{\"@id\":\"https:\\\/\\\/diarioprincipios.com\\\/index.php\\\/2024\\\/05\\\/27\\\/la-liga-nacional-de-futbol-inclusivo-disputo-su-fecha-en-el-gatica\\\/#primaryimage\"},\"thumbnailUrl\":\"https:\\\/\\\/diarioprincipios.com\\\/wp-content\\\/uploads\\\/2024\\\/05\\\/442439600_1000110364808365_5764733938139962307_n.jpg\",\"datePublished\":\"2024-05-27T17:26:35+00:00\",\"dateModified\":\"2024-05-27T17:26:37+00:00\",\"breadcrumb\":{\"@id\":\"https:\\\/\\\/diarioprincipios.com\\\/index.php\\\/2024\\\/05\\\/27\\\/la-liga-nacional-de-futbol-inclusivo-disputo-su-fecha-en-el-gatica\\\/#breadcrumb\"},\"inLanguage\":\"es\",\"potentialAction\":[{\"@type\":\"ReadAction\",\"target\":[\"https:\\\/\\\/diarioprincipios.com\\\/index.php\\\/2024\\\/05\\\/27\\\/la-liga-nacional-de-futbol-inclusivo-disputo-su-fecha-en-el-gatica\\\/\"]}]},{\"@type\":\"ImageObject\",\"inLanguage\":\"es\",\"@id\":\"https:\\\/\\\/diarioprincipios.com\\\/index.php\\\/2024\\\/05\\\/27\\\/la-liga-nacional-de-futbol-inclusivo-disputo-su-fecha-en-el-gatica\\\/#primaryimage\",\"url\":\"https:\\\/\\\/diarioprincipios.com\\\/wp-content\\\/uploads\\\/2024\\\/05\\\/442439600_1000110364808365_5764733938139962307_n.jpg\",\"contentUrl\":\"https:\\\/\\\/diarioprincipios.com\\\/wp-content\\\/uploads\\\/2024\\\/05\\\/442439600_1000110364808365_5764733938139962307_n.jpg\",\"width\":1600,\"height\":1064},{\"@type\":\"BreadcrumbList\",\"@id\":\"https:\\\/\\\/diarioprincipios.com\\\/index.php\\\/2024\\\/05\\\/27\\\/la-liga-nacional-de-futbol-inclusivo-disputo-su-fecha-en-el-gatica\\\/#breadcrumb\",\"itemListElement\":[{\"@type\":\"ListItem\",\"position\":1,\"name\":\"Portada\",\"item\":\"https:\\\/\\\/diarioprincipios.com\\\/\"},{\"@type\":\"ListItem\",\"position\":2,\"name\":\"La Liga Nacional de F\u00fatbol Inclusivo disput\u00f3 su fecha en el Gatica\"}]},{\"@type\":\"WebSite\",\"@id\":\"https:\\\/\\\/diarioprincipios.com\\\/#website\",\"url\":\"https:\\\/\\\/diarioprincipios.com\\\/\",\"name\":\"Principios\",\"description\":\"Principios Diario\",\"publisher\":{\"@id\":\"https:\\\/\\\/diarioprincipios.com\\\/#organization\"},\"potentialAction\":[{\"@type\":\"SearchAction\",\"target\":{\"@type\":\"EntryPoint\",\"urlTemplate\":\"https:\\\/\\\/diarioprincipios.com\\\/?s={search_term_string}\"},\"query-input\":{\"@type\":\"PropertyValueSpecification\",\"valueRequired\":true,\"valueName\":\"search_term_string\"}}],\"inLanguage\":\"es\"},{\"@type\":\"Organization\",\"@id\":\"https:\\\/\\\/diarioprincipios.com\\\/#organization\",\"name\":\"Principios\",\"url\":\"https:\\\/\\\/diarioprincipios.com\\\/\",\"logo\":{\"@type\":\"ImageObject\",\"inLanguage\":\"es\",\"@id\":\"https:\\\/\\\/diarioprincipios.com\\\/#\\\/schema\\\/logo\\\/image\\\/\",\"url\":\"https:\\\/\\\/diarioprincipios.com\\\/wp-content\\\/uploads\\\/2024\\\/04\\\/cropped-www.diarioprincipios.com_-1.png\",\"contentUrl\":\"https:\\\/\\\/diarioprincipios.com\\\/wp-content\\\/uploads\\\/2024\\\/04\\\/cropped-www.diarioprincipios.com_-1.png\",\"width\":5325,\"height\":1454,\"caption\":\"Principios\"},\"image\":{\"@id\":\"https:\\\/\\\/diarioprincipios.com\\\/#\\\/schema\\\/logo\\\/image\\\/\"}},{\"@type\":\"Person\",\"@id\":\"https:\\\/\\\/diarioprincipios.com\\\/#\\\/schema\\\/person\\\/436d5a1fd41a5e250e23ff5a6a7cb080\",\"name\":\"Hern\u00e1n L\u00f3pez\",\"image\":{\"@type\":\"ImageObject\",\"inLanguage\":\"es\",\"@id\":\"https:\\\/\\\/diarioprincipios.com\\\/wp-content\\\/litespeed\\\/avatar\\\/11ddfe5610ff3bd100522525b2571f48.jpg?ver=1777653193\",\"url\":\"https:\\\/\\\/diarioprincipios.com\\\/wp-content\\\/litespeed\\\/avatar\\\/11ddfe5610ff3bd100522525b2571f48.jpg?ver=1777653193\",\"contentUrl\":\"https:\\\/\\\/diarioprincipios.com\\\/wp-content\\\/litespeed\\\/avatar\\\/11ddfe5610ff3bd100522525b2571f48.jpg?ver=1777653193\",\"caption\":\"Hern\u00e1n L\u00f3pez\"},\"url\":\"https:\\\/\\\/diarioprincipios.com\\\/index.php\\\/author\\\/hernan\\\/\"}]}<\/script>\n<!-- \/ Yoast SEO plugin. -->","yoast_head_json":{"title":"La Liga Nacional de F\u00fatbol Inclusivo disput\u00f3 su fecha en el Gatica - Principios","robots":{"index":"index","follow":"follow","max-snippet":"max-snippet:-1","max-image-preview":"max-image-preview:large","max-video-preview":"max-video-preview:-1"},"canonical":"https:\/\/diarioprincipios.com\/index.php\/2024\/05\/27\/la-liga-nacional-de-futbol-inclusivo-disputo-su-fecha-en-el-gatica\/","og_locale":"es_ES","og_type":"article","og_title":"La Liga Nacional de F\u00fatbol Inclusivo disput\u00f3 su fecha en el Gatica - Principios","og_description":"Ante la presencia del intendente Jorge Ferraresi y Magdalena Sierra, tambi\u00e9n se present\u00f3 el Seleccionado de Avellaneda. El s\u00e1bado, el microestadio Gatica de Villa Dom\u00ednico fue escenario de la tercera fecha de la Liga Nacional de F\u00fatbol Inclusivo, una iniciativa impulsada por la Federaci\u00f3n Argentina de Deportes para personas con Discapacidad Intelectual, S\u00edndrome de Down...","og_url":"https:\/\/diarioprincipios.com\/index.php\/2024\/05\/27\/la-liga-nacional-de-futbol-inclusivo-disputo-su-fecha-en-el-gatica\/","og_site_name":"Principios","article_published_time":"2024-05-27T17:26:35+00:00","article_modified_time":"2024-05-27T17:26:37+00:00","og_image":[{"width":1600,"height":1064,"url":"https:\/\/diarioprincipios.com\/wp-content\/uploads\/2024\/05\/442439600_1000110364808365_5764733938139962307_n.jpg","type":"image\/jpeg"}],"author":"Hern\u00e1n L\u00f3pez","twitter_card":"summary_large_image","twitter_misc":{"Escrito por":"Hern\u00e1n L\u00f3pez","Tiempo de lectura":"2 minutos"},"schema":{"@context":"https:\/\/schema.org","@graph":[{"@type":"Article","@id":"https:\/\/diarioprincipios.com\/index.php\/2024\/05\/27\/la-liga-nacional-de-futbol-inclusivo-disputo-su-fecha-en-el-gatica\/#article","isPartOf":{"@id":"https:\/\/diarioprincipios.com\/index.php\/2024\/05\/27\/la-liga-nacional-de-futbol-inclusivo-disputo-su-fecha-en-el-gatica\/"},"author":{"name":"Hern\u00e1n L\u00f3pez","@id":"https:\/\/diarioprincipios.com\/#\/schema\/person\/436d5a1fd41a5e250e23ff5a6a7cb080"},"headline":"La Liga Nacional de F\u00fatbol Inclusivo disput\u00f3 su fecha en el Gatica","datePublished":"2024-05-27T17:26:35+00:00","dateModified":"2024-05-27T17:26:37+00:00","mainEntityOfPage":{"@id":"https:\/\/diarioprincipios.com\/index.php\/2024\/05\/27\/la-liga-nacional-de-futbol-inclusivo-disputo-su-fecha-en-el-gatica\/"},"wordCount":167,"commentCount":0,"publisher":{"@id":"https:\/\/diarioprincipios.com\/#organization"},"image":{"@id":"https:\/\/diarioprincipios.com\/index.php\/2024\/05\/27\/la-liga-nacional-de-futbol-inclusivo-disputo-su-fecha-en-el-gatica\/#primaryimage"},"thumbnailUrl":"https:\/\/diarioprincipios.com\/wp-content\/uploads\/2024\/05\/442439600_1000110364808365_5764733938139962307_n.jpg","articleSection":["Avellaneda","Deportes"],"inLanguage":"es","potentialAction":[{"@type":"CommentAction","name":"Comment","target":["https:\/\/diarioprincipios.com\/index.php\/2024\/05\/27\/la-liga-nacional-de-futbol-inclusivo-disputo-su-fecha-en-el-gatica\/#respond"]}]},{"@type":"WebPage","@id":"https:\/\/diarioprincipios.com\/index.php\/2024\/05\/27\/la-liga-nacional-de-futbol-inclusivo-disputo-su-fecha-en-el-gatica\/","url":"https:\/\/diarioprincipios.com\/index.php\/2024\/05\/27\/la-liga-nacional-de-futbol-inclusivo-disputo-su-fecha-en-el-gatica\/","name":"La Liga Nacional de F\u00fatbol Inclusivo disput\u00f3 su fecha en el Gatica - Principios","isPartOf":{"@id":"https:\/\/diarioprincipios.com\/#website"},"primaryImageOfPage":{"@id":"https:\/\/diarioprincipios.com\/index.php\/2024\/05\/27\/la-liga-nacional-de-futbol-inclusivo-disputo-su-fecha-en-el-gatica\/#primaryimage"},"image":{"@id":"https:\/\/diarioprincipios.com\/index.php\/2024\/05\/27\/la-liga-nacional-de-futbol-inclusivo-disputo-su-fecha-en-el-gatica\/#primaryimage"},"thumbnailUrl":"https:\/\/diarioprincipios.com\/wp-content\/uploads\/2024\/05\/442439600_1000110364808365_5764733938139962307_n.jpg","datePublished":"2024-05-27T17:26:35+00:00","dateModified":"2024-05-27T17:26:37+00:00","breadcrumb":{"@id":"https:\/\/diarioprincipios.com\/index.php\/2024\/05\/27\/la-liga-nacional-de-futbol-inclusivo-disputo-su-fecha-en-el-gatica\/#breadcrumb"},"inLanguage":"es","potentialAction":[{"@type":"ReadAction","target":["https:\/\/diarioprincipios.com\/index.php\/2024\/05\/27\/la-liga-nacional-de-futbol-inclusivo-disputo-su-fecha-en-el-gatica\/"]}]},{"@type":"ImageObject","inLanguage":"es","@id":"https:\/\/diarioprincipios.com\/index.php\/2024\/05\/27\/la-liga-nacional-de-futbol-inclusivo-disputo-su-fecha-en-el-gatica\/#primaryimage","url":"https:\/\/diarioprincipios.com\/wp-content\/uploads\/2024\/05\/442439600_1000110364808365_5764733938139962307_n.jpg","contentUrl":"https:\/\/diarioprincipios.com\/wp-content\/uploads\/2024\/05\/442439600_1000110364808365_5764733938139962307_n.jpg","width":1600,"height":1064},{"@type":"BreadcrumbList","@id":"https:\/\/diarioprincipios.com\/index.php\/2024\/05\/27\/la-liga-nacional-de-futbol-inclusivo-disputo-su-fecha-en-el-gatica\/#breadcrumb","itemListElement":[{"@type":"ListItem","position":1,"name":"Portada","item":"https:\/\/diarioprincipios.com\/"},{"@type":"ListItem","position":2,"name":"La Liga Nacional de F\u00fatbol Inclusivo disput\u00f3 su fecha en el Gatica"}]},{"@type":"WebSite","@id":"https:\/\/diarioprincipios.com\/#website","url":"https:\/\/diarioprincipios.com\/","name":"Principios","description":"Principios Diario","publisher":{"@id":"https:\/\/diarioprincipios.com\/#organization"},"potentialAction":[{"@type":"SearchAction","target":{"@type":"EntryPoint","urlTemplate":"https:\/\/diarioprincipios.com\/?s={search_term_string}"},"query-input":{"@type":"PropertyValueSpecification","valueRequired":true,"valueName":"search_term_string"}}],"inLanguage":"es"},{"@type":"Organization","@id":"https:\/\/diarioprincipios.com\/#organization","name":"Principios","url":"https:\/\/diarioprincipios.com\/","logo":{"@type":"ImageObject","inLanguage":"es","@id":"https:\/\/diarioprincipios.com\/#\/schema\/logo\/image\/","url":"https:\/\/diarioprincipios.com\/wp-content\/uploads\/2024\/04\/cropped-www.diarioprincipios.com_-1.png","contentUrl":"https:\/\/diarioprincipios.com\/wp-content\/uploads\/2024\/04\/cropped-www.diarioprincipios.com_-1.png","width":5325,"height":1454,"caption":"Principios"},"image":{"@id":"https:\/\/diarioprincipios.com\/#\/schema\/logo\/image\/"}},{"@type":"Person","@id":"https:\/\/diarioprincipios.com\/#\/schema\/person\/436d5a1fd41a5e250e23ff5a6a7cb080","name":"Hern\u00e1n L\u00f3pez","image":{"@type":"ImageObject","inLanguage":"es","@id":"https:\/\/diarioprincipios.com\/wp-content\/litespeed\/avatar\/11ddfe5610ff3bd100522525b2571f48.jpg?ver=1777653193","url":"https:\/\/diarioprincipios.com\/wp-content\/litespeed\/avatar\/11ddfe5610ff3bd100522525b2571f48.jpg?ver=1777653193","contentUrl":"https:\/\/diarioprincipios.com\/wp-content\/litespeed\/avatar\/11ddfe5610ff3bd100522525b2571f48.jpg?ver=1777653193","caption":"Hern\u00e1n L\u00f3pez"},"url":"https:\/\/diarioprincipios.com\/index.php\/author\/hernan\/"}]}},"jetpack_featured_media_url":"https:\/\/diarioprincipios.com\/wp-content\/uploads\/2024\/05\/442439600_1000110364808365_5764733938139962307_n.jpg","_links":{"self":[{"href":"https:\/\/diarioprincipios.com\/index.php\/wp-json\/wp\/v2\/posts\/21995","targetHints":{"allow":["GET"]}}],"collection":[{"href":"https:\/\/diarioprincipios.com\/index.php\/wp-json\/wp\/v2\/posts"}],"about":[{"href":"https:\/\/diarioprincipios.com\/index.php\/wp-json\/wp\/v2\/types\/post"}],"author":[{"embeddable":true,"href":"https:\/\/diarioprincipios.com\/index.php\/wp-json\/wp\/v2\/users\/2"}],"replies":[{"embeddable":true,"href":"https:\/\/diarioprincipios.com\/index.php\/wp-json\/wp\/v2\/comments?post=21995"}],"version-history":[{"count":1,"href":"https:\/\/diarioprincipios.com\/index.php\/wp-json\/wp\/v2\/posts\/21995\/revisions"}],"predecessor-version":[{"id":21998,"href":"https:\/\/diarioprincipios.com\/index.php\/wp-json\/wp\/v2\/posts\/21995\/revisions\/21998"}],"wp:featuredmedia":[{"embeddable":true,"href":"https:\/\/diarioprincipios.com\/index.php\/wp-json\/wp\/v2\/media\/21997"}],"wp:attachment":[{"href":"https:\/\/diarioprincipios.com\/index.php\/wp-json\/wp\/v2\/media?parent=21995"}],"wp:term":[{"taxonomy":"category","embeddable":true,"href":"https:\/\/diarioprincipios.com\/index.php\/wp-json\/wp\/v2\/categories?post=21995"},{"taxonomy":"post_tag","embeddable":true,"href":"https:\/\/diarioprincipios.com\/index.php\/wp-json\/wp\/v2\/tags?post=21995"}],"curies":[{"name":"wp","href":"https:\/\/api.w.org\/{rel}","templated":true}]}}