{"id":21991,"date":"2024-05-26T14:42:20","date_gmt":"2024-05-26T17:42:20","guid":{"rendered":"http:\/\/diarioprincipios.com\/?p=21991"},"modified":"2024-05-26T14:42:22","modified_gmt":"2024-05-26T17:42:22","slug":"gran-jornada-integral-de-salud-en-barrio-sarmiento","status":"publish","type":"post","link":"https:\/\/diarioprincipios.com\/index.php\/2024\/05\/26\/gran-jornada-integral-de-salud-en-barrio-sarmiento\/","title":{"rendered":"Gran Jornada Integral de Salud en Barrio Sarmiento"},"content":{"rendered":"\n<p><strong>Se realiz\u00f3 una jornada integral de salud en el Centro de Jubilados Barrio Sarmiento, de la localidad de Hudson. Estuvo a cargo de la Municipalidad de Berazategui y cont\u00f3 con la asistencia de cientos de vecinos y vecinas de la zona, que accedieron de manera gratuita a prestaciones esenciales de salud.<\/strong><\/p>\n\n\n\n<p>Los servicios brindados incluyeron la detecci\u00f3n de pacientes con factores de riesgo y toma de tensi\u00f3n arterial, peso, talla e \u00edndice de masa corporal; atenci\u00f3n cl\u00ednica y pedi\u00e1trica; consejer\u00eda de alimentaci\u00f3n saludable, salud mental, sexual y reproductiva; vacunaci\u00f3n de Calendario Nacional y COVID-19; firma de libretas de la Asignaci\u00f3n Universal por Hijo; test r\u00e1pido de VIH \/ S\u00edfilis; control de salud bucal, con entrega de certificado para el inicio escolar; capacitaci\u00f3n en RCP y uso de DEA; entre otros.<\/p>\n\n\n\n<figure class=\"wp-block-image size-large\"><img loading=\"lazy\" decoding=\"async\" width=\"1024\" height=\"683\" src=\"https:\/\/diarioprincipios.com\/wp-content\/uploads\/2024\/05\/GRAN-JORNADA-INTEGRAL-DE-SALUD-EN-EL-BARRIO-SARMIENTO-5-1024x683.jpg\" alt=\"\" class=\"wp-image-21992\" srcset=\"https:\/\/diarioprincipios.com\/wp-content\/uploads\/2024\/05\/GRAN-JORNADA-INTEGRAL-DE-SALUD-EN-EL-BARRIO-SARMIENTO-5-1024x683.jpg 1024w, https:\/\/diarioprincipios.com\/wp-content\/uploads\/2024\/05\/GRAN-JORNADA-INTEGRAL-DE-SALUD-EN-EL-BARRIO-SARMIENTO-5-300x200.jpg 300w, https:\/\/diarioprincipios.com\/wp-content\/uploads\/2024\/05\/GRAN-JORNADA-INTEGRAL-DE-SALUD-EN-EL-BARRIO-SARMIENTO-5-768x512.jpg 768w, https:\/\/diarioprincipios.com\/wp-content\/uploads\/2024\/05\/GRAN-JORNADA-INTEGRAL-DE-SALUD-EN-EL-BARRIO-SARMIENTO-5-1536x1024.jpg 1536w, https:\/\/diarioprincipios.com\/wp-content\/uploads\/2024\/05\/GRAN-JORNADA-INTEGRAL-DE-SALUD-EN-EL-BARRIO-SARMIENTO-5-600x400.jpg 600w, https:\/\/diarioprincipios.com\/wp-content\/uploads\/2024\/05\/GRAN-JORNADA-INTEGRAL-DE-SALUD-EN-EL-BARRIO-SARMIENTO-5.jpg 1920w\" sizes=\"auto, (max-width: 1024px) 100vw, 1024px\" \/><\/figure>\n\n\n\n<p>Una de las vecinas que particip\u00f3, Violeta Rajoy, expres\u00f3: \u201cEstamos muy agradecidos con el intendente Juan Jos\u00e9 Mussi por las jornadas de salud que se organizan en nuestro barrio, ya que es la tercera vez que las realizan en los \u00faltimos meses. Son muy importantes\u201d.<\/p>\n\n\n\n<p>Para m\u00e1s informaci\u00f3n acerca de las pol\u00edticas sanitarias de Berazategui, se puede ingresar en&nbsp;<a rel=\"noreferrer noopener\" target=\"_blank\" href=\"http:\/\/berazategui.gob.ar\/salud\">berazategui.gob.ar\/salud<\/a>.<\/p>\n","protected":false},"excerpt":{"rendered":"<p>Se realiz\u00f3 una jornada integral de salud en el Centro de Jubilados Barrio Sarmiento, de la localidad de Hudson. Estuvo a cargo de la Municipalidad de Berazategui y cont\u00f3 con la asistencia de cientos de vecinos y vecinas de la zona, que accedieron de manera gratuita a prestaciones esenciales de salud. Los servicios brindados incluyeron&#8230;<\/p>\n","protected":false},"author":2,"featured_media":21993,"comment_status":"open","ping_status":"open","sticky":false,"template":"","format":"standard","meta":{"footnotes":""},"categories":[3,20],"tags":[],"class_list":["post-21991","post","type-post","status-publish","format-standard","has-post-thumbnail","hentry","category-berazategui","category-salud-ambiente"],"featured_image_src":"https:\/\/diarioprincipios.com\/wp-content\/uploads\/2024\/05\/GRAN-JORNADA-INTEGRAL-DE-SALUD-EN-EL-BARRIO-SARMIENTO-2-1024x683.jpg","blog_images":{"medium":"https:\/\/diarioprincipios.com\/wp-content\/uploads\/2024\/05\/GRAN-JORNADA-INTEGRAL-DE-SALUD-EN-EL-BARRIO-SARMIENTO-2-300x200.jpg","large":"https:\/\/diarioprincipios.com\/wp-content\/uploads\/2024\/05\/GRAN-JORNADA-INTEGRAL-DE-SALUD-EN-EL-BARRIO-SARMIENTO-2-1024x683.jpg"},"ams_acf":[],"yoast_head":"<!-- This site is optimized with the Yoast SEO plugin v27.3 - https:\/\/yoast.com\/product\/yoast-seo-wordpress\/ -->\n<title>Gran Jornada Integral de Salud en Barrio Sarmiento - Principios<\/title>\n<meta name=\"robots\" content=\"index, follow, max-snippet:-1, max-image-preview:large, max-video-preview:-1\" \/>\n<link rel=\"canonical\" href=\"https:\/\/diarioprincipios.com\/index.php\/2024\/05\/26\/gran-jornada-integral-de-salud-en-barrio-sarmiento\/\" \/>\n<meta property=\"og:locale\" content=\"es_ES\" \/>\n<meta property=\"og:type\" content=\"article\" \/>\n<meta property=\"og:title\" content=\"Gran Jornada Integral de Salud en Barrio Sarmiento - Principios\" \/>\n<meta property=\"og:description\" content=\"Se realiz\u00f3 una jornada integral de salud en el Centro de Jubilados Barrio Sarmiento, de la localidad de Hudson. Estuvo a cargo de la Municipalidad de Berazategui y cont\u00f3 con la asistencia de cientos de vecinos y vecinas de la zona, que accedieron de manera gratuita a prestaciones esenciales de salud. Los servicios brindados incluyeron...\" \/>\n<meta property=\"og:url\" content=\"https:\/\/diarioprincipios.com\/index.php\/2024\/05\/26\/gran-jornada-integral-de-salud-en-barrio-sarmiento\/\" \/>\n<meta property=\"og:site_name\" content=\"Principios\" \/>\n<meta property=\"article:published_time\" content=\"2024-05-26T17:42:20+00:00\" \/>\n<meta property=\"article:modified_time\" content=\"2024-05-26T17:42:22+00:00\" \/>\n<meta property=\"og:image\" content=\"https:\/\/diarioprincipios.com\/wp-content\/uploads\/2024\/05\/GRAN-JORNADA-INTEGRAL-DE-SALUD-EN-EL-BARRIO-SARMIENTO-2.jpg\" \/>\n\t<meta property=\"og:image:width\" content=\"1920\" \/>\n\t<meta property=\"og:image:height\" content=\"1280\" \/>\n\t<meta property=\"og:image:type\" content=\"image\/jpeg\" \/>\n<meta name=\"author\" content=\"Hern\u00e1n L\u00f3pez\" \/>\n<meta name=\"twitter:card\" content=\"summary_large_image\" \/>\n<meta name=\"twitter:label1\" content=\"Escrito por\" \/>\n\t<meta name=\"twitter:data1\" content=\"Hern\u00e1n L\u00f3pez\" \/>\n\t<meta name=\"twitter:label2\" content=\"Tiempo de lectura\" \/>\n\t<meta name=\"twitter:data2\" content=\"2 minutos\" \/>\n<script type=\"application\/ld+json\" class=\"yoast-schema-graph\">{\"@context\":\"https:\\\/\\\/schema.org\",\"@graph\":[{\"@type\":\"Article\",\"@id\":\"https:\\\/\\\/diarioprincipios.com\\\/index.php\\\/2024\\\/05\\\/26\\\/gran-jornada-integral-de-salud-en-barrio-sarmiento\\\/#article\",\"isPartOf\":{\"@id\":\"https:\\\/\\\/diarioprincipios.com\\\/index.php\\\/2024\\\/05\\\/26\\\/gran-jornada-integral-de-salud-en-barrio-sarmiento\\\/\"},\"author\":{\"name\":\"Hern\u00e1n L\u00f3pez\",\"@id\":\"https:\\\/\\\/diarioprincipios.com\\\/#\\\/schema\\\/person\\\/436d5a1fd41a5e250e23ff5a6a7cb080\"},\"headline\":\"Gran Jornada Integral de Salud en Barrio Sarmiento\",\"datePublished\":\"2024-05-26T17:42:20+00:00\",\"dateModified\":\"2024-05-26T17:42:22+00:00\",\"mainEntityOfPage\":{\"@id\":\"https:\\\/\\\/diarioprincipios.com\\\/index.php\\\/2024\\\/05\\\/26\\\/gran-jornada-integral-de-salud-en-barrio-sarmiento\\\/\"},\"wordCount\":216,\"commentCount\":0,\"publisher\":{\"@id\":\"https:\\\/\\\/diarioprincipios.com\\\/#organization\"},\"image\":{\"@id\":\"https:\\\/\\\/diarioprincipios.com\\\/index.php\\\/2024\\\/05\\\/26\\\/gran-jornada-integral-de-salud-en-barrio-sarmiento\\\/#primaryimage\"},\"thumbnailUrl\":\"https:\\\/\\\/diarioprincipios.com\\\/wp-content\\\/uploads\\\/2024\\\/05\\\/GRAN-JORNADA-INTEGRAL-DE-SALUD-EN-EL-BARRIO-SARMIENTO-2.jpg\",\"articleSection\":[\"Berazategui\",\"Salud y Ambiente\"],\"inLanguage\":\"es\",\"potentialAction\":[{\"@type\":\"CommentAction\",\"name\":\"Comment\",\"target\":[\"https:\\\/\\\/diarioprincipios.com\\\/index.php\\\/2024\\\/05\\\/26\\\/gran-jornada-integral-de-salud-en-barrio-sarmiento\\\/#respond\"]}]},{\"@type\":\"WebPage\",\"@id\":\"https:\\\/\\\/diarioprincipios.com\\\/index.php\\\/2024\\\/05\\\/26\\\/gran-jornada-integral-de-salud-en-barrio-sarmiento\\\/\",\"url\":\"https:\\\/\\\/diarioprincipios.com\\\/index.php\\\/2024\\\/05\\\/26\\\/gran-jornada-integral-de-salud-en-barrio-sarmiento\\\/\",\"name\":\"Gran Jornada Integral de Salud en Barrio Sarmiento - Principios\",\"isPartOf\":{\"@id\":\"https:\\\/\\\/diarioprincipios.com\\\/#website\"},\"primaryImageOfPage\":{\"@id\":\"https:\\\/\\\/diarioprincipios.com\\\/index.php\\\/2024\\\/05\\\/26\\\/gran-jornada-integral-de-salud-en-barrio-sarmiento\\\/#primaryimage\"},\"image\":{\"@id\":\"https:\\\/\\\/diarioprincipios.com\\\/index.php\\\/2024\\\/05\\\/26\\\/gran-jornada-integral-de-salud-en-barrio-sarmiento\\\/#primaryimage\"},\"thumbnailUrl\":\"https:\\\/\\\/diarioprincipios.com\\\/wp-content\\\/uploads\\\/2024\\\/05\\\/GRAN-JORNADA-INTEGRAL-DE-SALUD-EN-EL-BARRIO-SARMIENTO-2.jpg\",\"datePublished\":\"2024-05-26T17:42:20+00:00\",\"dateModified\":\"2024-05-26T17:42:22+00:00\",\"breadcrumb\":{\"@id\":\"https:\\\/\\\/diarioprincipios.com\\\/index.php\\\/2024\\\/05\\\/26\\\/gran-jornada-integral-de-salud-en-barrio-sarmiento\\\/#breadcrumb\"},\"inLanguage\":\"es\",\"potentialAction\":[{\"@type\":\"ReadAction\",\"target\":[\"https:\\\/\\\/diarioprincipios.com\\\/index.php\\\/2024\\\/05\\\/26\\\/gran-jornada-integral-de-salud-en-barrio-sarmiento\\\/\"]}]},{\"@type\":\"ImageObject\",\"inLanguage\":\"es\",\"@id\":\"https:\\\/\\\/diarioprincipios.com\\\/index.php\\\/2024\\\/05\\\/26\\\/gran-jornada-integral-de-salud-en-barrio-sarmiento\\\/#primaryimage\",\"url\":\"https:\\\/\\\/diarioprincipios.com\\\/wp-content\\\/uploads\\\/2024\\\/05\\\/GRAN-JORNADA-INTEGRAL-DE-SALUD-EN-EL-BARRIO-SARMIENTO-2.jpg\",\"contentUrl\":\"https:\\\/\\\/diarioprincipios.com\\\/wp-content\\\/uploads\\\/2024\\\/05\\\/GRAN-JORNADA-INTEGRAL-DE-SALUD-EN-EL-BARRIO-SARMIENTO-2.jpg\",\"width\":1920,\"height\":1280},{\"@type\":\"BreadcrumbList\",\"@id\":\"https:\\\/\\\/diarioprincipios.com\\\/index.php\\\/2024\\\/05\\\/26\\\/gran-jornada-integral-de-salud-en-barrio-sarmiento\\\/#breadcrumb\",\"itemListElement\":[{\"@type\":\"ListItem\",\"position\":1,\"name\":\"Portada\",\"item\":\"https:\\\/\\\/diarioprincipios.com\\\/\"},{\"@type\":\"ListItem\",\"position\":2,\"name\":\"Gran Jornada Integral de Salud en Barrio Sarmiento\"}]},{\"@type\":\"WebSite\",\"@id\":\"https:\\\/\\\/diarioprincipios.com\\\/#website\",\"url\":\"https:\\\/\\\/diarioprincipios.com\\\/\",\"name\":\"Principios\",\"description\":\"Principios Diario\",\"publisher\":{\"@id\":\"https:\\\/\\\/diarioprincipios.com\\\/#organization\"},\"potentialAction\":[{\"@type\":\"SearchAction\",\"target\":{\"@type\":\"EntryPoint\",\"urlTemplate\":\"https:\\\/\\\/diarioprincipios.com\\\/?s={search_term_string}\"},\"query-input\":{\"@type\":\"PropertyValueSpecification\",\"valueRequired\":true,\"valueName\":\"search_term_string\"}}],\"inLanguage\":\"es\"},{\"@type\":\"Organization\",\"@id\":\"https:\\\/\\\/diarioprincipios.com\\\/#organization\",\"name\":\"Principios\",\"url\":\"https:\\\/\\\/diarioprincipios.com\\\/\",\"logo\":{\"@type\":\"ImageObject\",\"inLanguage\":\"es\",\"@id\":\"https:\\\/\\\/diarioprincipios.com\\\/#\\\/schema\\\/logo\\\/image\\\/\",\"url\":\"https:\\\/\\\/diarioprincipios.com\\\/wp-content\\\/uploads\\\/2024\\\/04\\\/cropped-www.diarioprincipios.com_-1.png\",\"contentUrl\":\"https:\\\/\\\/diarioprincipios.com\\\/wp-content\\\/uploads\\\/2024\\\/04\\\/cropped-www.diarioprincipios.com_-1.png\",\"width\":5325,\"height\":1454,\"caption\":\"Principios\"},\"image\":{\"@id\":\"https:\\\/\\\/diarioprincipios.com\\\/#\\\/schema\\\/logo\\\/image\\\/\"}},{\"@type\":\"Person\",\"@id\":\"https:\\\/\\\/diarioprincipios.com\\\/#\\\/schema\\\/person\\\/436d5a1fd41a5e250e23ff5a6a7cb080\",\"name\":\"Hern\u00e1n L\u00f3pez\",\"image\":{\"@type\":\"ImageObject\",\"inLanguage\":\"es\",\"@id\":\"https:\\\/\\\/diarioprincipios.com\\\/wp-content\\\/litespeed\\\/avatar\\\/11ddfe5610ff3bd100522525b2571f48.jpg?ver=1777653193\",\"url\":\"https:\\\/\\\/diarioprincipios.com\\\/wp-content\\\/litespeed\\\/avatar\\\/11ddfe5610ff3bd100522525b2571f48.jpg?ver=1777653193\",\"contentUrl\":\"https:\\\/\\\/diarioprincipios.com\\\/wp-content\\\/litespeed\\\/avatar\\\/11ddfe5610ff3bd100522525b2571f48.jpg?ver=1777653193\",\"caption\":\"Hern\u00e1n L\u00f3pez\"},\"url\":\"https:\\\/\\\/diarioprincipios.com\\\/index.php\\\/author\\\/hernan\\\/\"}]}<\/script>\n<!-- \/ Yoast SEO plugin. -->","yoast_head_json":{"title":"Gran Jornada Integral de Salud en Barrio Sarmiento - Principios","robots":{"index":"index","follow":"follow","max-snippet":"max-snippet:-1","max-image-preview":"max-image-preview:large","max-video-preview":"max-video-preview:-1"},"canonical":"https:\/\/diarioprincipios.com\/index.php\/2024\/05\/26\/gran-jornada-integral-de-salud-en-barrio-sarmiento\/","og_locale":"es_ES","og_type":"article","og_title":"Gran Jornada Integral de Salud en Barrio Sarmiento - Principios","og_description":"Se realiz\u00f3 una jornada integral de salud en el Centro de Jubilados Barrio Sarmiento, de la localidad de Hudson. Estuvo a cargo de la Municipalidad de Berazategui y cont\u00f3 con la asistencia de cientos de vecinos y vecinas de la zona, que accedieron de manera gratuita a prestaciones esenciales de salud. Los servicios brindados incluyeron...","og_url":"https:\/\/diarioprincipios.com\/index.php\/2024\/05\/26\/gran-jornada-integral-de-salud-en-barrio-sarmiento\/","og_site_name":"Principios","article_published_time":"2024-05-26T17:42:20+00:00","article_modified_time":"2024-05-26T17:42:22+00:00","og_image":[{"width":1920,"height":1280,"url":"https:\/\/diarioprincipios.com\/wp-content\/uploads\/2024\/05\/GRAN-JORNADA-INTEGRAL-DE-SALUD-EN-EL-BARRIO-SARMIENTO-2.jpg","type":"image\/jpeg"}],"author":"Hern\u00e1n L\u00f3pez","twitter_card":"summary_large_image","twitter_misc":{"Escrito por":"Hern\u00e1n L\u00f3pez","Tiempo de lectura":"2 minutos"},"schema":{"@context":"https:\/\/schema.org","@graph":[{"@type":"Article","@id":"https:\/\/diarioprincipios.com\/index.php\/2024\/05\/26\/gran-jornada-integral-de-salud-en-barrio-sarmiento\/#article","isPartOf":{"@id":"https:\/\/diarioprincipios.com\/index.php\/2024\/05\/26\/gran-jornada-integral-de-salud-en-barrio-sarmiento\/"},"author":{"name":"Hern\u00e1n L\u00f3pez","@id":"https:\/\/diarioprincipios.com\/#\/schema\/person\/436d5a1fd41a5e250e23ff5a6a7cb080"},"headline":"Gran Jornada Integral de Salud en Barrio Sarmiento","datePublished":"2024-05-26T17:42:20+00:00","dateModified":"2024-05-26T17:42:22+00:00","mainEntityOfPage":{"@id":"https:\/\/diarioprincipios.com\/index.php\/2024\/05\/26\/gran-jornada-integral-de-salud-en-barrio-sarmiento\/"},"wordCount":216,"commentCount":0,"publisher":{"@id":"https:\/\/diarioprincipios.com\/#organization"},"image":{"@id":"https:\/\/diarioprincipios.com\/index.php\/2024\/05\/26\/gran-jornada-integral-de-salud-en-barrio-sarmiento\/#primaryimage"},"thumbnailUrl":"https:\/\/diarioprincipios.com\/wp-content\/uploads\/2024\/05\/GRAN-JORNADA-INTEGRAL-DE-SALUD-EN-EL-BARRIO-SARMIENTO-2.jpg","articleSection":["Berazategui","Salud y Ambiente"],"inLanguage":"es","potentialAction":[{"@type":"CommentAction","name":"Comment","target":["https:\/\/diarioprincipios.com\/index.php\/2024\/05\/26\/gran-jornada-integral-de-salud-en-barrio-sarmiento\/#respond"]}]},{"@type":"WebPage","@id":"https:\/\/diarioprincipios.com\/index.php\/2024\/05\/26\/gran-jornada-integral-de-salud-en-barrio-sarmiento\/","url":"https:\/\/diarioprincipios.com\/index.php\/2024\/05\/26\/gran-jornada-integral-de-salud-en-barrio-sarmiento\/","name":"Gran Jornada Integral de Salud en Barrio Sarmiento - Principios","isPartOf":{"@id":"https:\/\/diarioprincipios.com\/#website"},"primaryImageOfPage":{"@id":"https:\/\/diarioprincipios.com\/index.php\/2024\/05\/26\/gran-jornada-integral-de-salud-en-barrio-sarmiento\/#primaryimage"},"image":{"@id":"https:\/\/diarioprincipios.com\/index.php\/2024\/05\/26\/gran-jornada-integral-de-salud-en-barrio-sarmiento\/#primaryimage"},"thumbnailUrl":"https:\/\/diarioprincipios.com\/wp-content\/uploads\/2024\/05\/GRAN-JORNADA-INTEGRAL-DE-SALUD-EN-EL-BARRIO-SARMIENTO-2.jpg","datePublished":"2024-05-26T17:42:20+00:00","dateModified":"2024-05-26T17:42:22+00:00","breadcrumb":{"@id":"https:\/\/diarioprincipios.com\/index.php\/2024\/05\/26\/gran-jornada-integral-de-salud-en-barrio-sarmiento\/#breadcrumb"},"inLanguage":"es","potentialAction":[{"@type":"ReadAction","target":["https:\/\/diarioprincipios.com\/index.php\/2024\/05\/26\/gran-jornada-integral-de-salud-en-barrio-sarmiento\/"]}]},{"@type":"ImageObject","inLanguage":"es","@id":"https:\/\/diarioprincipios.com\/index.php\/2024\/05\/26\/gran-jornada-integral-de-salud-en-barrio-sarmiento\/#primaryimage","url":"https:\/\/diarioprincipios.com\/wp-content\/uploads\/2024\/05\/GRAN-JORNADA-INTEGRAL-DE-SALUD-EN-EL-BARRIO-SARMIENTO-2.jpg","contentUrl":"https:\/\/diarioprincipios.com\/wp-content\/uploads\/2024\/05\/GRAN-JORNADA-INTEGRAL-DE-SALUD-EN-EL-BARRIO-SARMIENTO-2.jpg","width":1920,"height":1280},{"@type":"BreadcrumbList","@id":"https:\/\/diarioprincipios.com\/index.php\/2024\/05\/26\/gran-jornada-integral-de-salud-en-barrio-sarmiento\/#breadcrumb","itemListElement":[{"@type":"ListItem","position":1,"name":"Portada","item":"https:\/\/diarioprincipios.com\/"},{"@type":"ListItem","position":2,"name":"Gran Jornada Integral de Salud en Barrio Sarmiento"}]},{"@type":"WebSite","@id":"https:\/\/diarioprincipios.com\/#website","url":"https:\/\/diarioprincipios.com\/","name":"Principios","description":"Principios Diario","publisher":{"@id":"https:\/\/diarioprincipios.com\/#organization"},"potentialAction":[{"@type":"SearchAction","target":{"@type":"EntryPoint","urlTemplate":"https:\/\/diarioprincipios.com\/?s={search_term_string}"},"query-input":{"@type":"PropertyValueSpecification","valueRequired":true,"valueName":"search_term_string"}}],"inLanguage":"es"},{"@type":"Organization","@id":"https:\/\/diarioprincipios.com\/#organization","name":"Principios","url":"https:\/\/diarioprincipios.com\/","logo":{"@type":"ImageObject","inLanguage":"es","@id":"https:\/\/diarioprincipios.com\/#\/schema\/logo\/image\/","url":"https:\/\/diarioprincipios.com\/wp-content\/uploads\/2024\/04\/cropped-www.diarioprincipios.com_-1.png","contentUrl":"https:\/\/diarioprincipios.com\/wp-content\/uploads\/2024\/04\/cropped-www.diarioprincipios.com_-1.png","width":5325,"height":1454,"caption":"Principios"},"image":{"@id":"https:\/\/diarioprincipios.com\/#\/schema\/logo\/image\/"}},{"@type":"Person","@id":"https:\/\/diarioprincipios.com\/#\/schema\/person\/436d5a1fd41a5e250e23ff5a6a7cb080","name":"Hern\u00e1n L\u00f3pez","image":{"@type":"ImageObject","inLanguage":"es","@id":"https:\/\/diarioprincipios.com\/wp-content\/litespeed\/avatar\/11ddfe5610ff3bd100522525b2571f48.jpg?ver=1777653193","url":"https:\/\/diarioprincipios.com\/wp-content\/litespeed\/avatar\/11ddfe5610ff3bd100522525b2571f48.jpg?ver=1777653193","contentUrl":"https:\/\/diarioprincipios.com\/wp-content\/litespeed\/avatar\/11ddfe5610ff3bd100522525b2571f48.jpg?ver=1777653193","caption":"Hern\u00e1n L\u00f3pez"},"url":"https:\/\/diarioprincipios.com\/index.php\/author\/hernan\/"}]}},"jetpack_featured_media_url":"https:\/\/diarioprincipios.com\/wp-content\/uploads\/2024\/05\/GRAN-JORNADA-INTEGRAL-DE-SALUD-EN-EL-BARRIO-SARMIENTO-2.jpg","_links":{"self":[{"href":"https:\/\/diarioprincipios.com\/index.php\/wp-json\/wp\/v2\/posts\/21991","targetHints":{"allow":["GET"]}}],"collection":[{"href":"https:\/\/diarioprincipios.com\/index.php\/wp-json\/wp\/v2\/posts"}],"about":[{"href":"https:\/\/diarioprincipios.com\/index.php\/wp-json\/wp\/v2\/types\/post"}],"author":[{"embeddable":true,"href":"https:\/\/diarioprincipios.com\/index.php\/wp-json\/wp\/v2\/users\/2"}],"replies":[{"embeddable":true,"href":"https:\/\/diarioprincipios.com\/index.php\/wp-json\/wp\/v2\/comments?post=21991"}],"version-history":[{"count":1,"href":"https:\/\/diarioprincipios.com\/index.php\/wp-json\/wp\/v2\/posts\/21991\/revisions"}],"predecessor-version":[{"id":21994,"href":"https:\/\/diarioprincipios.com\/index.php\/wp-json\/wp\/v2\/posts\/21991\/revisions\/21994"}],"wp:featuredmedia":[{"embeddable":true,"href":"https:\/\/diarioprincipios.com\/index.php\/wp-json\/wp\/v2\/media\/21993"}],"wp:attachment":[{"href":"https:\/\/diarioprincipios.com\/index.php\/wp-json\/wp\/v2\/media?parent=21991"}],"wp:term":[{"taxonomy":"category","embeddable":true,"href":"https:\/\/diarioprincipios.com\/index.php\/wp-json\/wp\/v2\/categories?post=21991"},{"taxonomy":"post_tag","embeddable":true,"href":"https:\/\/diarioprincipios.com\/index.php\/wp-json\/wp\/v2\/tags?post=21991"}],"curies":[{"name":"wp","href":"https:\/\/api.w.org\/{rel}","templated":true}]}}