{"id":2199,"date":"2020-05-27T16:58:26","date_gmt":"2020-05-27T19:58:26","guid":{"rendered":"http:\/\/diarioprincipios.com\/?p=2199"},"modified":"2020-05-27T16:58:27","modified_gmt":"2020-05-27T19:58:27","slug":"dos-librerias-de-berazategui-comercializan-libros-de-la-editorial-municipal-y-de-escritores-locales","status":"publish","type":"post","link":"https:\/\/diarioprincipios.com\/index.php\/2020\/05\/27\/dos-librerias-de-berazategui-comercializan-libros-de-la-editorial-municipal-y-de-escritores-locales\/","title":{"rendered":"Dos librer\u00edas de Berazategui comercializan libros de la editorial municipal y de escritores locales"},"content":{"rendered":"\n<p><strong>Dos librer\u00edas berazateguenses, El Aleph y Factotum, comercializan libros de la Editorial Municipal de Berazategui (Ediber) y de diferentes escritores locales independientes, sin obtener ganancia y haciendo el env\u00edo gratuito para todos los vecinos que lo soliciten desde su casa.<br><\/strong><br>La iniciativa est\u00e1 enmarcada como una primera acci\u00f3n de lo que se denomina \u201cBerazategui Creativa\u201d y pertenece a la Secretar\u00eda de Cultura y Educaci\u00f3n municipal, que la ide\u00f3 con el objetivo de servir de nexo entre los diferentes productores y el Estado para la distribuci\u00f3n de bienes culturales. Adem\u00e1s, la campa\u00f1a pretende que la medida de distanciamiento social, preventivo y obligatorio para evitar la propagaci\u00f3n del Coronavirus (COVID-19) no sea un impedimento para seguir promoviendo el consumo de bienes culturales de identidad local y fortaleciendo los lazos entre el sector p\u00fablico y el privado.<\/p>\n\n\n\n<p>La encargada de El Aleph, Consuelo Nieva, se\u00f1al\u00f3: \u201cEs una gran satisfacci\u00f3n para nosotros que hayamos sido elegidos para participar de la iniciativa. En este contexto, en todo lo que nos podamos ayudar mutuamente, lo tenemos que hacer\u201d.<\/p>\n\n\n\n<p>En tanto, el encargado de Factotum, Leandro Mart\u00ednez, destac\u00f3: \u201cEs muy interesante la propuesta porque tiene en cuenta a comercios locales y tambi\u00e9n es una forma de hacer llegar libros berazateguenses a todos y todas\u201d.<\/p>\n\n\n\n<p>Quienes est\u00e9n interesados, podr\u00e1n acceder a la lista de t\u00edtulos y realizar su pedido a estos locales de la siguiente manera: por tel\u00e9fono y redes sociales a \u201cEl Aleph\u201d (4226-9984 y Facebook: Aleph Berazategui), y por WhatsApp y redes sociales a \u201cFactotum\u201d (15-5035-1143 y Facebook\/Instagram: Librer\u00eda Factotum).<\/p>\n\n\n\n<p>De esta manera, aquella librer\u00eda donde se realice la compra ser\u00e1 la encargada de la distribuci\u00f3n gratuita del material, para que todo aquel que desee disfrutar de una obra literaria de escritores locales pueda hacerlo, respetando la consigna \u201cQuedate en casa\u201d.<\/p>\n","protected":false},"excerpt":{"rendered":"<p>Dos librer\u00edas berazateguenses, El Aleph y Factotum, comercializan libros de la Editorial Municipal de Berazategui (Ediber) y de diferentes escritores locales independientes, sin obtener ganancia y haciendo el env\u00edo gratuito para todos los vecinos que lo soliciten desde su casa.La iniciativa est\u00e1 enmarcada como una primera acci\u00f3n de lo que se denomina \u201cBerazategui Creativa\u201d y&#8230;<\/p>\n","protected":false},"author":2,"featured_media":2200,"comment_status":"open","ping_status":"open","sticky":false,"template":"","format":"standard","meta":{"footnotes":""},"categories":[3],"tags":[],"class_list":["post-2199","post","type-post","status-publish","format-standard","has-post-thumbnail","hentry","category-berazategui"],"featured_image_src":"https:\/\/diarioprincipios.com\/wp-content\/uploads\/2020\/05\/LIBRER\u00cdAS-DE-BERAZATEGUI-ACERCAN-AUTORES-LOCALES.jpeg","blog_images":{"medium":"https:\/\/diarioprincipios.com\/wp-content\/uploads\/2020\/05\/LIBRER\u00cdAS-DE-BERAZATEGUI-ACERCAN-AUTORES-LOCALES-300x190.jpeg","large":"https:\/\/diarioprincipios.com\/wp-content\/uploads\/2020\/05\/LIBRER\u00cdAS-DE-BERAZATEGUI-ACERCAN-AUTORES-LOCALES.jpeg"},"ams_acf":[],"yoast_head":"<!-- This site is optimized with the Yoast SEO plugin v27.3 - https:\/\/yoast.com\/product\/yoast-seo-wordpress\/ -->\n<title>Dos librer\u00edas de Berazategui comercializan libros de la editorial municipal y de escritores locales - Principios<\/title>\n<meta name=\"robots\" content=\"index, follow, max-snippet:-1, max-image-preview:large, max-video-preview:-1\" \/>\n<link rel=\"canonical\" href=\"https:\/\/diarioprincipios.com\/index.php\/2020\/05\/27\/dos-librerias-de-berazategui-comercializan-libros-de-la-editorial-municipal-y-de-escritores-locales\/\" \/>\n<meta property=\"og:locale\" content=\"es_ES\" \/>\n<meta property=\"og:type\" content=\"article\" \/>\n<meta property=\"og:title\" content=\"Dos librer\u00edas de Berazategui comercializan libros de la editorial municipal y de escritores locales - Principios\" \/>\n<meta property=\"og:description\" content=\"Dos librer\u00edas berazateguenses, El Aleph y Factotum, comercializan libros de la Editorial Municipal de Berazategui (Ediber) y de diferentes escritores locales independientes, sin obtener ganancia y haciendo el env\u00edo gratuito para todos los vecinos que lo soliciten desde su casa.La iniciativa est\u00e1 enmarcada como una primera acci\u00f3n de lo que se denomina \u201cBerazategui Creativa\u201d y...\" \/>\n<meta property=\"og:url\" content=\"https:\/\/diarioprincipios.com\/index.php\/2020\/05\/27\/dos-librerias-de-berazategui-comercializan-libros-de-la-editorial-municipal-y-de-escritores-locales\/\" \/>\n<meta property=\"og:site_name\" content=\"Principios\" \/>\n<meta property=\"article:published_time\" content=\"2020-05-27T19:58:26+00:00\" \/>\n<meta property=\"article:modified_time\" content=\"2020-05-27T19:58:27+00:00\" \/>\n<meta property=\"og:image\" content=\"https:\/\/diarioprincipios.com\/wp-content\/uploads\/2020\/05\/LIBRER\u00cdAS-DE-BERAZATEGUI-ACERCAN-AUTORES-LOCALES.jpeg\" \/>\n\t<meta property=\"og:image:width\" content=\"848\" \/>\n\t<meta property=\"og:image:height\" content=\"536\" \/>\n\t<meta property=\"og:image:type\" content=\"image\/jpeg\" \/>\n<meta name=\"author\" content=\"Hern\u00e1n L\u00f3pez\" \/>\n<meta name=\"twitter:card\" content=\"summary_large_image\" \/>\n<meta name=\"twitter:label1\" content=\"Escrito por\" \/>\n\t<meta name=\"twitter:data1\" content=\"Hern\u00e1n L\u00f3pez\" \/>\n\t<meta name=\"twitter:label2\" content=\"Tiempo de lectura\" \/>\n\t<meta name=\"twitter:data2\" content=\"2 minutos\" \/>\n<script type=\"application\/ld+json\" class=\"yoast-schema-graph\">{\"@context\":\"https:\\\/\\\/schema.org\",\"@graph\":[{\"@type\":\"Article\",\"@id\":\"https:\\\/\\\/diarioprincipios.com\\\/index.php\\\/2020\\\/05\\\/27\\\/dos-librerias-de-berazategui-comercializan-libros-de-la-editorial-municipal-y-de-escritores-locales\\\/#article\",\"isPartOf\":{\"@id\":\"https:\\\/\\\/diarioprincipios.com\\\/index.php\\\/2020\\\/05\\\/27\\\/dos-librerias-de-berazategui-comercializan-libros-de-la-editorial-municipal-y-de-escritores-locales\\\/\"},\"author\":{\"name\":\"Hern\u00e1n L\u00f3pez\",\"@id\":\"https:\\\/\\\/diarioprincipios.com\\\/#\\\/schema\\\/person\\\/436d5a1fd41a5e250e23ff5a6a7cb080\"},\"headline\":\"Dos librer\u00edas de Berazategui comercializan libros de la editorial municipal y de escritores locales\",\"datePublished\":\"2020-05-27T19:58:26+00:00\",\"dateModified\":\"2020-05-27T19:58:27+00:00\",\"mainEntityOfPage\":{\"@id\":\"https:\\\/\\\/diarioprincipios.com\\\/index.php\\\/2020\\\/05\\\/27\\\/dos-librerias-de-berazategui-comercializan-libros-de-la-editorial-municipal-y-de-escritores-locales\\\/\"},\"wordCount\":333,\"commentCount\":0,\"publisher\":{\"@id\":\"https:\\\/\\\/diarioprincipios.com\\\/#organization\"},\"image\":{\"@id\":\"https:\\\/\\\/diarioprincipios.com\\\/index.php\\\/2020\\\/05\\\/27\\\/dos-librerias-de-berazategui-comercializan-libros-de-la-editorial-municipal-y-de-escritores-locales\\\/#primaryimage\"},\"thumbnailUrl\":\"https:\\\/\\\/diarioprincipios.com\\\/wp-content\\\/uploads\\\/2020\\\/05\\\/LIBRER\u00cdAS-DE-BERAZATEGUI-ACERCAN-AUTORES-LOCALES.jpeg\",\"articleSection\":[\"Berazategui\"],\"inLanguage\":\"es\",\"potentialAction\":[{\"@type\":\"CommentAction\",\"name\":\"Comment\",\"target\":[\"https:\\\/\\\/diarioprincipios.com\\\/index.php\\\/2020\\\/05\\\/27\\\/dos-librerias-de-berazategui-comercializan-libros-de-la-editorial-municipal-y-de-escritores-locales\\\/#respond\"]}]},{\"@type\":\"WebPage\",\"@id\":\"https:\\\/\\\/diarioprincipios.com\\\/index.php\\\/2020\\\/05\\\/27\\\/dos-librerias-de-berazategui-comercializan-libros-de-la-editorial-municipal-y-de-escritores-locales\\\/\",\"url\":\"https:\\\/\\\/diarioprincipios.com\\\/index.php\\\/2020\\\/05\\\/27\\\/dos-librerias-de-berazategui-comercializan-libros-de-la-editorial-municipal-y-de-escritores-locales\\\/\",\"name\":\"Dos librer\u00edas de Berazategui comercializan libros de la editorial municipal y de escritores locales - Principios\",\"isPartOf\":{\"@id\":\"https:\\\/\\\/diarioprincipios.com\\\/#website\"},\"primaryImageOfPage\":{\"@id\":\"https:\\\/\\\/diarioprincipios.com\\\/index.php\\\/2020\\\/05\\\/27\\\/dos-librerias-de-berazategui-comercializan-libros-de-la-editorial-municipal-y-de-escritores-locales\\\/#primaryimage\"},\"image\":{\"@id\":\"https:\\\/\\\/diarioprincipios.com\\\/index.php\\\/2020\\\/05\\\/27\\\/dos-librerias-de-berazategui-comercializan-libros-de-la-editorial-municipal-y-de-escritores-locales\\\/#primaryimage\"},\"thumbnailUrl\":\"https:\\\/\\\/diarioprincipios.com\\\/wp-content\\\/uploads\\\/2020\\\/05\\\/LIBRER\u00cdAS-DE-BERAZATEGUI-ACERCAN-AUTORES-LOCALES.jpeg\",\"datePublished\":\"2020-05-27T19:58:26+00:00\",\"dateModified\":\"2020-05-27T19:58:27+00:00\",\"breadcrumb\":{\"@id\":\"https:\\\/\\\/diarioprincipios.com\\\/index.php\\\/2020\\\/05\\\/27\\\/dos-librerias-de-berazategui-comercializan-libros-de-la-editorial-municipal-y-de-escritores-locales\\\/#breadcrumb\"},\"inLanguage\":\"es\",\"potentialAction\":[{\"@type\":\"ReadAction\",\"target\":[\"https:\\\/\\\/diarioprincipios.com\\\/index.php\\\/2020\\\/05\\\/27\\\/dos-librerias-de-berazategui-comercializan-libros-de-la-editorial-municipal-y-de-escritores-locales\\\/\"]}]},{\"@type\":\"ImageObject\",\"inLanguage\":\"es\",\"@id\":\"https:\\\/\\\/diarioprincipios.com\\\/index.php\\\/2020\\\/05\\\/27\\\/dos-librerias-de-berazategui-comercializan-libros-de-la-editorial-municipal-y-de-escritores-locales\\\/#primaryimage\",\"url\":\"https:\\\/\\\/diarioprincipios.com\\\/wp-content\\\/uploads\\\/2020\\\/05\\\/LIBRER\u00cdAS-DE-BERAZATEGUI-ACERCAN-AUTORES-LOCALES.jpeg\",\"contentUrl\":\"https:\\\/\\\/diarioprincipios.com\\\/wp-content\\\/uploads\\\/2020\\\/05\\\/LIBRER\u00cdAS-DE-BERAZATEGUI-ACERCAN-AUTORES-LOCALES.jpeg\",\"width\":848,\"height\":536},{\"@type\":\"BreadcrumbList\",\"@id\":\"https:\\\/\\\/diarioprincipios.com\\\/index.php\\\/2020\\\/05\\\/27\\\/dos-librerias-de-berazategui-comercializan-libros-de-la-editorial-municipal-y-de-escritores-locales\\\/#breadcrumb\",\"itemListElement\":[{\"@type\":\"ListItem\",\"position\":1,\"name\":\"Portada\",\"item\":\"https:\\\/\\\/diarioprincipios.com\\\/\"},{\"@type\":\"ListItem\",\"position\":2,\"name\":\"Dos librer\u00edas de Berazategui comercializan libros de la editorial municipal y de escritores locales\"}]},{\"@type\":\"WebSite\",\"@id\":\"https:\\\/\\\/diarioprincipios.com\\\/#website\",\"url\":\"https:\\\/\\\/diarioprincipios.com\\\/\",\"name\":\"Principios\",\"description\":\"Principios Diario\",\"publisher\":{\"@id\":\"https:\\\/\\\/diarioprincipios.com\\\/#organization\"},\"potentialAction\":[{\"@type\":\"SearchAction\",\"target\":{\"@type\":\"EntryPoint\",\"urlTemplate\":\"https:\\\/\\\/diarioprincipios.com\\\/?s={search_term_string}\"},\"query-input\":{\"@type\":\"PropertyValueSpecification\",\"valueRequired\":true,\"valueName\":\"search_term_string\"}}],\"inLanguage\":\"es\"},{\"@type\":\"Organization\",\"@id\":\"https:\\\/\\\/diarioprincipios.com\\\/#organization\",\"name\":\"Principios\",\"url\":\"https:\\\/\\\/diarioprincipios.com\\\/\",\"logo\":{\"@type\":\"ImageObject\",\"inLanguage\":\"es\",\"@id\":\"https:\\\/\\\/diarioprincipios.com\\\/#\\\/schema\\\/logo\\\/image\\\/\",\"url\":\"https:\\\/\\\/diarioprincipios.com\\\/wp-content\\\/uploads\\\/2024\\\/04\\\/cropped-www.diarioprincipios.com_-1.png\",\"contentUrl\":\"https:\\\/\\\/diarioprincipios.com\\\/wp-content\\\/uploads\\\/2024\\\/04\\\/cropped-www.diarioprincipios.com_-1.png\",\"width\":5325,\"height\":1454,\"caption\":\"Principios\"},\"image\":{\"@id\":\"https:\\\/\\\/diarioprincipios.com\\\/#\\\/schema\\\/logo\\\/image\\\/\"}},{\"@type\":\"Person\",\"@id\":\"https:\\\/\\\/diarioprincipios.com\\\/#\\\/schema\\\/person\\\/436d5a1fd41a5e250e23ff5a6a7cb080\",\"name\":\"Hern\u00e1n L\u00f3pez\",\"image\":{\"@type\":\"ImageObject\",\"inLanguage\":\"es\",\"@id\":\"https:\\\/\\\/diarioprincipios.com\\\/wp-content\\\/litespeed\\\/avatar\\\/11ddfe5610ff3bd100522525b2571f48.jpg?ver=1777048341\",\"url\":\"https:\\\/\\\/diarioprincipios.com\\\/wp-content\\\/litespeed\\\/avatar\\\/11ddfe5610ff3bd100522525b2571f48.jpg?ver=1777048341\",\"contentUrl\":\"https:\\\/\\\/diarioprincipios.com\\\/wp-content\\\/litespeed\\\/avatar\\\/11ddfe5610ff3bd100522525b2571f48.jpg?ver=1777048341\",\"caption\":\"Hern\u00e1n L\u00f3pez\"},\"url\":\"https:\\\/\\\/diarioprincipios.com\\\/index.php\\\/author\\\/hernan\\\/\"}]}<\/script>\n<!-- \/ Yoast SEO plugin. -->","yoast_head_json":{"title":"Dos librer\u00edas de Berazategui comercializan libros de la editorial municipal y de escritores locales - Principios","robots":{"index":"index","follow":"follow","max-snippet":"max-snippet:-1","max-image-preview":"max-image-preview:large","max-video-preview":"max-video-preview:-1"},"canonical":"https:\/\/diarioprincipios.com\/index.php\/2020\/05\/27\/dos-librerias-de-berazategui-comercializan-libros-de-la-editorial-municipal-y-de-escritores-locales\/","og_locale":"es_ES","og_type":"article","og_title":"Dos librer\u00edas de Berazategui comercializan libros de la editorial municipal y de escritores locales - Principios","og_description":"Dos librer\u00edas berazateguenses, El Aleph y Factotum, comercializan libros de la Editorial Municipal de Berazategui (Ediber) y de diferentes escritores locales independientes, sin obtener ganancia y haciendo el env\u00edo gratuito para todos los vecinos que lo soliciten desde su casa.La iniciativa est\u00e1 enmarcada como una primera acci\u00f3n de lo que se denomina \u201cBerazategui Creativa\u201d y...","og_url":"https:\/\/diarioprincipios.com\/index.php\/2020\/05\/27\/dos-librerias-de-berazategui-comercializan-libros-de-la-editorial-municipal-y-de-escritores-locales\/","og_site_name":"Principios","article_published_time":"2020-05-27T19:58:26+00:00","article_modified_time":"2020-05-27T19:58:27+00:00","og_image":[{"width":848,"height":536,"url":"https:\/\/diarioprincipios.com\/wp-content\/uploads\/2020\/05\/LIBRER\u00cdAS-DE-BERAZATEGUI-ACERCAN-AUTORES-LOCALES.jpeg","type":"image\/jpeg"}],"author":"Hern\u00e1n L\u00f3pez","twitter_card":"summary_large_image","twitter_misc":{"Escrito por":"Hern\u00e1n L\u00f3pez","Tiempo de lectura":"2 minutos"},"schema":{"@context":"https:\/\/schema.org","@graph":[{"@type":"Article","@id":"https:\/\/diarioprincipios.com\/index.php\/2020\/05\/27\/dos-librerias-de-berazategui-comercializan-libros-de-la-editorial-municipal-y-de-escritores-locales\/#article","isPartOf":{"@id":"https:\/\/diarioprincipios.com\/index.php\/2020\/05\/27\/dos-librerias-de-berazategui-comercializan-libros-de-la-editorial-municipal-y-de-escritores-locales\/"},"author":{"name":"Hern\u00e1n L\u00f3pez","@id":"https:\/\/diarioprincipios.com\/#\/schema\/person\/436d5a1fd41a5e250e23ff5a6a7cb080"},"headline":"Dos librer\u00edas de Berazategui comercializan libros de la editorial municipal y de escritores locales","datePublished":"2020-05-27T19:58:26+00:00","dateModified":"2020-05-27T19:58:27+00:00","mainEntityOfPage":{"@id":"https:\/\/diarioprincipios.com\/index.php\/2020\/05\/27\/dos-librerias-de-berazategui-comercializan-libros-de-la-editorial-municipal-y-de-escritores-locales\/"},"wordCount":333,"commentCount":0,"publisher":{"@id":"https:\/\/diarioprincipios.com\/#organization"},"image":{"@id":"https:\/\/diarioprincipios.com\/index.php\/2020\/05\/27\/dos-librerias-de-berazategui-comercializan-libros-de-la-editorial-municipal-y-de-escritores-locales\/#primaryimage"},"thumbnailUrl":"https:\/\/diarioprincipios.com\/wp-content\/uploads\/2020\/05\/LIBRER\u00cdAS-DE-BERAZATEGUI-ACERCAN-AUTORES-LOCALES.jpeg","articleSection":["Berazategui"],"inLanguage":"es","potentialAction":[{"@type":"CommentAction","name":"Comment","target":["https:\/\/diarioprincipios.com\/index.php\/2020\/05\/27\/dos-librerias-de-berazategui-comercializan-libros-de-la-editorial-municipal-y-de-escritores-locales\/#respond"]}]},{"@type":"WebPage","@id":"https:\/\/diarioprincipios.com\/index.php\/2020\/05\/27\/dos-librerias-de-berazategui-comercializan-libros-de-la-editorial-municipal-y-de-escritores-locales\/","url":"https:\/\/diarioprincipios.com\/index.php\/2020\/05\/27\/dos-librerias-de-berazategui-comercializan-libros-de-la-editorial-municipal-y-de-escritores-locales\/","name":"Dos librer\u00edas de Berazategui comercializan libros de la editorial municipal y de escritores locales - Principios","isPartOf":{"@id":"https:\/\/diarioprincipios.com\/#website"},"primaryImageOfPage":{"@id":"https:\/\/diarioprincipios.com\/index.php\/2020\/05\/27\/dos-librerias-de-berazategui-comercializan-libros-de-la-editorial-municipal-y-de-escritores-locales\/#primaryimage"},"image":{"@id":"https:\/\/diarioprincipios.com\/index.php\/2020\/05\/27\/dos-librerias-de-berazategui-comercializan-libros-de-la-editorial-municipal-y-de-escritores-locales\/#primaryimage"},"thumbnailUrl":"https:\/\/diarioprincipios.com\/wp-content\/uploads\/2020\/05\/LIBRER\u00cdAS-DE-BERAZATEGUI-ACERCAN-AUTORES-LOCALES.jpeg","datePublished":"2020-05-27T19:58:26+00:00","dateModified":"2020-05-27T19:58:27+00:00","breadcrumb":{"@id":"https:\/\/diarioprincipios.com\/index.php\/2020\/05\/27\/dos-librerias-de-berazategui-comercializan-libros-de-la-editorial-municipal-y-de-escritores-locales\/#breadcrumb"},"inLanguage":"es","potentialAction":[{"@type":"ReadAction","target":["https:\/\/diarioprincipios.com\/index.php\/2020\/05\/27\/dos-librerias-de-berazategui-comercializan-libros-de-la-editorial-municipal-y-de-escritores-locales\/"]}]},{"@type":"ImageObject","inLanguage":"es","@id":"https:\/\/diarioprincipios.com\/index.php\/2020\/05\/27\/dos-librerias-de-berazategui-comercializan-libros-de-la-editorial-municipal-y-de-escritores-locales\/#primaryimage","url":"https:\/\/diarioprincipios.com\/wp-content\/uploads\/2020\/05\/LIBRER\u00cdAS-DE-BERAZATEGUI-ACERCAN-AUTORES-LOCALES.jpeg","contentUrl":"https:\/\/diarioprincipios.com\/wp-content\/uploads\/2020\/05\/LIBRER\u00cdAS-DE-BERAZATEGUI-ACERCAN-AUTORES-LOCALES.jpeg","width":848,"height":536},{"@type":"BreadcrumbList","@id":"https:\/\/diarioprincipios.com\/index.php\/2020\/05\/27\/dos-librerias-de-berazategui-comercializan-libros-de-la-editorial-municipal-y-de-escritores-locales\/#breadcrumb","itemListElement":[{"@type":"ListItem","position":1,"name":"Portada","item":"https:\/\/diarioprincipios.com\/"},{"@type":"ListItem","position":2,"name":"Dos librer\u00edas de Berazategui comercializan libros de la editorial municipal y de escritores locales"}]},{"@type":"WebSite","@id":"https:\/\/diarioprincipios.com\/#website","url":"https:\/\/diarioprincipios.com\/","name":"Principios","description":"Principios Diario","publisher":{"@id":"https:\/\/diarioprincipios.com\/#organization"},"potentialAction":[{"@type":"SearchAction","target":{"@type":"EntryPoint","urlTemplate":"https:\/\/diarioprincipios.com\/?s={search_term_string}"},"query-input":{"@type":"PropertyValueSpecification","valueRequired":true,"valueName":"search_term_string"}}],"inLanguage":"es"},{"@type":"Organization","@id":"https:\/\/diarioprincipios.com\/#organization","name":"Principios","url":"https:\/\/diarioprincipios.com\/","logo":{"@type":"ImageObject","inLanguage":"es","@id":"https:\/\/diarioprincipios.com\/#\/schema\/logo\/image\/","url":"https:\/\/diarioprincipios.com\/wp-content\/uploads\/2024\/04\/cropped-www.diarioprincipios.com_-1.png","contentUrl":"https:\/\/diarioprincipios.com\/wp-content\/uploads\/2024\/04\/cropped-www.diarioprincipios.com_-1.png","width":5325,"height":1454,"caption":"Principios"},"image":{"@id":"https:\/\/diarioprincipios.com\/#\/schema\/logo\/image\/"}},{"@type":"Person","@id":"https:\/\/diarioprincipios.com\/#\/schema\/person\/436d5a1fd41a5e250e23ff5a6a7cb080","name":"Hern\u00e1n L\u00f3pez","image":{"@type":"ImageObject","inLanguage":"es","@id":"https:\/\/diarioprincipios.com\/wp-content\/litespeed\/avatar\/11ddfe5610ff3bd100522525b2571f48.jpg?ver=1777048341","url":"https:\/\/diarioprincipios.com\/wp-content\/litespeed\/avatar\/11ddfe5610ff3bd100522525b2571f48.jpg?ver=1777048341","contentUrl":"https:\/\/diarioprincipios.com\/wp-content\/litespeed\/avatar\/11ddfe5610ff3bd100522525b2571f48.jpg?ver=1777048341","caption":"Hern\u00e1n L\u00f3pez"},"url":"https:\/\/diarioprincipios.com\/index.php\/author\/hernan\/"}]}},"jetpack_featured_media_url":"https:\/\/diarioprincipios.com\/wp-content\/uploads\/2020\/05\/LIBRER\u00cdAS-DE-BERAZATEGUI-ACERCAN-AUTORES-LOCALES.jpeg","_links":{"self":[{"href":"https:\/\/diarioprincipios.com\/index.php\/wp-json\/wp\/v2\/posts\/2199","targetHints":{"allow":["GET"]}}],"collection":[{"href":"https:\/\/diarioprincipios.com\/index.php\/wp-json\/wp\/v2\/posts"}],"about":[{"href":"https:\/\/diarioprincipios.com\/index.php\/wp-json\/wp\/v2\/types\/post"}],"author":[{"embeddable":true,"href":"https:\/\/diarioprincipios.com\/index.php\/wp-json\/wp\/v2\/users\/2"}],"replies":[{"embeddable":true,"href":"https:\/\/diarioprincipios.com\/index.php\/wp-json\/wp\/v2\/comments?post=2199"}],"version-history":[{"count":1,"href":"https:\/\/diarioprincipios.com\/index.php\/wp-json\/wp\/v2\/posts\/2199\/revisions"}],"predecessor-version":[{"id":2201,"href":"https:\/\/diarioprincipios.com\/index.php\/wp-json\/wp\/v2\/posts\/2199\/revisions\/2201"}],"wp:featuredmedia":[{"embeddable":true,"href":"https:\/\/diarioprincipios.com\/index.php\/wp-json\/wp\/v2\/media\/2200"}],"wp:attachment":[{"href":"https:\/\/diarioprincipios.com\/index.php\/wp-json\/wp\/v2\/media?parent=2199"}],"wp:term":[{"taxonomy":"category","embeddable":true,"href":"https:\/\/diarioprincipios.com\/index.php\/wp-json\/wp\/v2\/categories?post=2199"},{"taxonomy":"post_tag","embeddable":true,"href":"https:\/\/diarioprincipios.com\/index.php\/wp-json\/wp\/v2\/tags?post=2199"}],"curies":[{"name":"wp","href":"https:\/\/api.w.org\/{rel}","templated":true}]}}