{"id":21988,"date":"2024-05-26T14:38:57","date_gmt":"2024-05-26T17:38:57","guid":{"rendered":"http:\/\/diarioprincipios.com\/?p=21988"},"modified":"2024-05-26T14:38:59","modified_gmt":"2024-05-26T17:38:59","slug":"se-inauguraron-asfaltos-en-ezpeleta","status":"publish","type":"post","link":"https:\/\/diarioprincipios.com\/index.php\/2024\/05\/26\/se-inauguraron-asfaltos-en-ezpeleta\/","title":{"rendered":"Se inauguraron asfaltos en Ezpeleta"},"content":{"rendered":"\n<p>La intendenta de Quilmes, Mayra Mendoza, inaugur\u00f3 una nueva obra de asfaltos en la calle R\u00edo Gualeguay, en el barrio Cooperativa, de Ezpeleta, que forma parte del plan de pavimentaci\u00f3n que lleva adelante el Municipio. Adem\u00e1s, recorri\u00f3 la zona con vecinas y vecinos, con quienes luego particip\u00f3 de una mateada en la casa de una lugare\u00f1a.<\/p>\n\n\n\n<p>\u201cEstoy contenta porque pudimos finalizar este trabajo que forma parte de un paquete de 40 cuadras ac\u00e1 en la zona de Ezpeleta, pero preocupada porque no vamos a poder continuar con este avance, estas mejoras que se evidencian en la calidad de vida de cada uno de los vecinos. Todo esto que es el progreso y la mejora de cada barrio de Quilmes lamentablemente, se ve obstaculizado porque no hay ayuda del Gobierno Nacional. No est\u00e1n cumpliendo con una obligaci\u00f3n que es cooperar con cada uno de los municipios para lograr la igualdad de condiciones de vida de los diferentes habitantes del conurbano, por la decisi\u00f3n del Presidente de cortar la obra p\u00fablica\u201d, resalt\u00f3 Mayra.<\/p>\n\n\n\n<p>\u201cSe trata de poner la cara, sentarte con los vecinos y explicar el contexto. Nosotros cuando tuvimos posibilidades de mostrar nuestro dise\u00f1o y planificaci\u00f3n de gesti\u00f3n con ayuda del Gobierno Nacional y Provincial mejoramos much\u00edsimo. La verdad es que est\u00e1 dif\u00edcil en todo el pa\u00eds, vemos lo que est\u00e1 pasando en Misiones y la no respuesta del Gobierno Nacional en algo que es su responsabilidad, una obligaci\u00f3n que est\u00e1n incumpliendo. El Presidente est\u00e1 de viaje, hace un show en el Luna Park, baila y no s\u00e9 qu\u00e9 festeja\u201d, sostuvo la Jefa Comunal, que calific\u00f3 como \u201cda\u00f1o irreparable\u201d que se apruebe la Ley de Bases, e inst\u00f3 a la comunidad a movilizarse y acompa\u00f1ar desde la calle.<\/p>\n\n\n\n<p>La obra, esperada por el barrio hace m\u00e1s de 20 a\u00f1os, consisti\u00f3 en el desmonte, adecuaci\u00f3n de la base de asiento y repavimentaci\u00f3n de la calzada entre cordones existentes. A su vez, previ\u00f3 la reconstrucci\u00f3n de cordones cuneta que se encontraban en mal estado o que en caso de encontrarse anteriormente desnivelados, y la obra hidr\u00e1ulica para el correcto escurrimiento del agua de lluvia.<\/p>\n\n\n\n<p><\/p>\n","protected":false},"excerpt":{"rendered":"<p>La intendenta de Quilmes, Mayra Mendoza, inaugur\u00f3 una nueva obra de asfaltos en la calle R\u00edo Gualeguay, en el barrio Cooperativa, de Ezpeleta, que forma parte del plan de pavimentaci\u00f3n que lleva adelante el Municipio. Adem\u00e1s, recorri\u00f3 la zona con vecinas y vecinos, con quienes luego particip\u00f3 de una mateada en la casa de una&#8230;<\/p>\n","protected":false},"author":2,"featured_media":21989,"comment_status":"open","ping_status":"open","sticky":false,"template":"","format":"standard","meta":{"footnotes":""},"categories":[4,17],"tags":[],"class_list":["post-21988","post","type-post","status-publish","format-standard","has-post-thumbnail","hentry","category-quilmes","category-zona-sur"],"featured_image_src":"https:\/\/diarioprincipios.com\/wp-content\/uploads\/2024\/05\/MAYRA-INAUGURO-MAS-ASFALTOS-EN-EZPELETA-2.jpg","blog_images":{"medium":"https:\/\/diarioprincipios.com\/wp-content\/uploads\/2024\/05\/MAYRA-INAUGURO-MAS-ASFALTOS-EN-EZPELETA-2-300x200.jpg","large":"https:\/\/diarioprincipios.com\/wp-content\/uploads\/2024\/05\/MAYRA-INAUGURO-MAS-ASFALTOS-EN-EZPELETA-2.jpg"},"ams_acf":[],"yoast_head":"<!-- This site is optimized with the Yoast SEO plugin v27.3 - https:\/\/yoast.com\/product\/yoast-seo-wordpress\/ -->\n<title>Se inauguraron asfaltos en Ezpeleta - Principios<\/title>\n<meta name=\"robots\" content=\"index, follow, max-snippet:-1, max-image-preview:large, max-video-preview:-1\" \/>\n<link rel=\"canonical\" href=\"https:\/\/diarioprincipios.com\/index.php\/2024\/05\/26\/se-inauguraron-asfaltos-en-ezpeleta\/\" \/>\n<meta property=\"og:locale\" content=\"es_ES\" \/>\n<meta property=\"og:type\" content=\"article\" \/>\n<meta property=\"og:title\" content=\"Se inauguraron asfaltos en Ezpeleta - Principios\" \/>\n<meta property=\"og:description\" content=\"La intendenta de Quilmes, Mayra Mendoza, inaugur\u00f3 una nueva obra de asfaltos en la calle R\u00edo Gualeguay, en el barrio Cooperativa, de Ezpeleta, que forma parte del plan de pavimentaci\u00f3n que lleva adelante el Municipio. Adem\u00e1s, recorri\u00f3 la zona con vecinas y vecinos, con quienes luego particip\u00f3 de una mateada en la casa de una...\" \/>\n<meta property=\"og:url\" content=\"https:\/\/diarioprincipios.com\/index.php\/2024\/05\/26\/se-inauguraron-asfaltos-en-ezpeleta\/\" \/>\n<meta property=\"og:site_name\" content=\"Principios\" \/>\n<meta property=\"article:published_time\" content=\"2024-05-26T17:38:57+00:00\" \/>\n<meta property=\"article:modified_time\" content=\"2024-05-26T17:38:59+00:00\" \/>\n<meta property=\"og:image\" content=\"https:\/\/diarioprincipios.com\/wp-content\/uploads\/2024\/05\/MAYRA-INAUGURO-MAS-ASFALTOS-EN-EZPELETA-2.jpg\" \/>\n\t<meta property=\"og:image:width\" content=\"720\" \/>\n\t<meta property=\"og:image:height\" content=\"479\" \/>\n\t<meta property=\"og:image:type\" content=\"image\/jpeg\" \/>\n<meta name=\"author\" content=\"Hern\u00e1n L\u00f3pez\" \/>\n<meta name=\"twitter:card\" content=\"summary_large_image\" \/>\n<meta name=\"twitter:label1\" content=\"Escrito por\" \/>\n\t<meta name=\"twitter:data1\" content=\"Hern\u00e1n L\u00f3pez\" \/>\n\t<meta name=\"twitter:label2\" content=\"Tiempo de lectura\" \/>\n\t<meta name=\"twitter:data2\" content=\"2 minutos\" \/>\n<script type=\"application\/ld+json\" class=\"yoast-schema-graph\">{\"@context\":\"https:\\\/\\\/schema.org\",\"@graph\":[{\"@type\":\"Article\",\"@id\":\"https:\\\/\\\/diarioprincipios.com\\\/index.php\\\/2024\\\/05\\\/26\\\/se-inauguraron-asfaltos-en-ezpeleta\\\/#article\",\"isPartOf\":{\"@id\":\"https:\\\/\\\/diarioprincipios.com\\\/index.php\\\/2024\\\/05\\\/26\\\/se-inauguraron-asfaltos-en-ezpeleta\\\/\"},\"author\":{\"name\":\"Hern\u00e1n L\u00f3pez\",\"@id\":\"https:\\\/\\\/diarioprincipios.com\\\/#\\\/schema\\\/person\\\/436d5a1fd41a5e250e23ff5a6a7cb080\"},\"headline\":\"Se inauguraron asfaltos en Ezpeleta\",\"datePublished\":\"2024-05-26T17:38:57+00:00\",\"dateModified\":\"2024-05-26T17:38:59+00:00\",\"mainEntityOfPage\":{\"@id\":\"https:\\\/\\\/diarioprincipios.com\\\/index.php\\\/2024\\\/05\\\/26\\\/se-inauguraron-asfaltos-en-ezpeleta\\\/\"},\"wordCount\":378,\"commentCount\":0,\"publisher\":{\"@id\":\"https:\\\/\\\/diarioprincipios.com\\\/#organization\"},\"image\":{\"@id\":\"https:\\\/\\\/diarioprincipios.com\\\/index.php\\\/2024\\\/05\\\/26\\\/se-inauguraron-asfaltos-en-ezpeleta\\\/#primaryimage\"},\"thumbnailUrl\":\"https:\\\/\\\/diarioprincipios.com\\\/wp-content\\\/uploads\\\/2024\\\/05\\\/MAYRA-INAUGURO-MAS-ASFALTOS-EN-EZPELETA-2.jpg\",\"articleSection\":[\"Quilmes\",\"Zonar Sur\"],\"inLanguage\":\"es\",\"potentialAction\":[{\"@type\":\"CommentAction\",\"name\":\"Comment\",\"target\":[\"https:\\\/\\\/diarioprincipios.com\\\/index.php\\\/2024\\\/05\\\/26\\\/se-inauguraron-asfaltos-en-ezpeleta\\\/#respond\"]}]},{\"@type\":\"WebPage\",\"@id\":\"https:\\\/\\\/diarioprincipios.com\\\/index.php\\\/2024\\\/05\\\/26\\\/se-inauguraron-asfaltos-en-ezpeleta\\\/\",\"url\":\"https:\\\/\\\/diarioprincipios.com\\\/index.php\\\/2024\\\/05\\\/26\\\/se-inauguraron-asfaltos-en-ezpeleta\\\/\",\"name\":\"Se inauguraron asfaltos en Ezpeleta - Principios\",\"isPartOf\":{\"@id\":\"https:\\\/\\\/diarioprincipios.com\\\/#website\"},\"primaryImageOfPage\":{\"@id\":\"https:\\\/\\\/diarioprincipios.com\\\/index.php\\\/2024\\\/05\\\/26\\\/se-inauguraron-asfaltos-en-ezpeleta\\\/#primaryimage\"},\"image\":{\"@id\":\"https:\\\/\\\/diarioprincipios.com\\\/index.php\\\/2024\\\/05\\\/26\\\/se-inauguraron-asfaltos-en-ezpeleta\\\/#primaryimage\"},\"thumbnailUrl\":\"https:\\\/\\\/diarioprincipios.com\\\/wp-content\\\/uploads\\\/2024\\\/05\\\/MAYRA-INAUGURO-MAS-ASFALTOS-EN-EZPELETA-2.jpg\",\"datePublished\":\"2024-05-26T17:38:57+00:00\",\"dateModified\":\"2024-05-26T17:38:59+00:00\",\"breadcrumb\":{\"@id\":\"https:\\\/\\\/diarioprincipios.com\\\/index.php\\\/2024\\\/05\\\/26\\\/se-inauguraron-asfaltos-en-ezpeleta\\\/#breadcrumb\"},\"inLanguage\":\"es\",\"potentialAction\":[{\"@type\":\"ReadAction\",\"target\":[\"https:\\\/\\\/diarioprincipios.com\\\/index.php\\\/2024\\\/05\\\/26\\\/se-inauguraron-asfaltos-en-ezpeleta\\\/\"]}]},{\"@type\":\"ImageObject\",\"inLanguage\":\"es\",\"@id\":\"https:\\\/\\\/diarioprincipios.com\\\/index.php\\\/2024\\\/05\\\/26\\\/se-inauguraron-asfaltos-en-ezpeleta\\\/#primaryimage\",\"url\":\"https:\\\/\\\/diarioprincipios.com\\\/wp-content\\\/uploads\\\/2024\\\/05\\\/MAYRA-INAUGURO-MAS-ASFALTOS-EN-EZPELETA-2.jpg\",\"contentUrl\":\"https:\\\/\\\/diarioprincipios.com\\\/wp-content\\\/uploads\\\/2024\\\/05\\\/MAYRA-INAUGURO-MAS-ASFALTOS-EN-EZPELETA-2.jpg\",\"width\":720,\"height\":479},{\"@type\":\"BreadcrumbList\",\"@id\":\"https:\\\/\\\/diarioprincipios.com\\\/index.php\\\/2024\\\/05\\\/26\\\/se-inauguraron-asfaltos-en-ezpeleta\\\/#breadcrumb\",\"itemListElement\":[{\"@type\":\"ListItem\",\"position\":1,\"name\":\"Portada\",\"item\":\"https:\\\/\\\/diarioprincipios.com\\\/\"},{\"@type\":\"ListItem\",\"position\":2,\"name\":\"Se inauguraron asfaltos en Ezpeleta\"}]},{\"@type\":\"WebSite\",\"@id\":\"https:\\\/\\\/diarioprincipios.com\\\/#website\",\"url\":\"https:\\\/\\\/diarioprincipios.com\\\/\",\"name\":\"Principios\",\"description\":\"Principios Diario\",\"publisher\":{\"@id\":\"https:\\\/\\\/diarioprincipios.com\\\/#organization\"},\"potentialAction\":[{\"@type\":\"SearchAction\",\"target\":{\"@type\":\"EntryPoint\",\"urlTemplate\":\"https:\\\/\\\/diarioprincipios.com\\\/?s={search_term_string}\"},\"query-input\":{\"@type\":\"PropertyValueSpecification\",\"valueRequired\":true,\"valueName\":\"search_term_string\"}}],\"inLanguage\":\"es\"},{\"@type\":\"Organization\",\"@id\":\"https:\\\/\\\/diarioprincipios.com\\\/#organization\",\"name\":\"Principios\",\"url\":\"https:\\\/\\\/diarioprincipios.com\\\/\",\"logo\":{\"@type\":\"ImageObject\",\"inLanguage\":\"es\",\"@id\":\"https:\\\/\\\/diarioprincipios.com\\\/#\\\/schema\\\/logo\\\/image\\\/\",\"url\":\"https:\\\/\\\/diarioprincipios.com\\\/wp-content\\\/uploads\\\/2024\\\/04\\\/cropped-www.diarioprincipios.com_-1.png\",\"contentUrl\":\"https:\\\/\\\/diarioprincipios.com\\\/wp-content\\\/uploads\\\/2024\\\/04\\\/cropped-www.diarioprincipios.com_-1.png\",\"width\":5325,\"height\":1454,\"caption\":\"Principios\"},\"image\":{\"@id\":\"https:\\\/\\\/diarioprincipios.com\\\/#\\\/schema\\\/logo\\\/image\\\/\"}},{\"@type\":\"Person\",\"@id\":\"https:\\\/\\\/diarioprincipios.com\\\/#\\\/schema\\\/person\\\/436d5a1fd41a5e250e23ff5a6a7cb080\",\"name\":\"Hern\u00e1n L\u00f3pez\",\"image\":{\"@type\":\"ImageObject\",\"inLanguage\":\"es\",\"@id\":\"https:\\\/\\\/diarioprincipios.com\\\/wp-content\\\/litespeed\\\/avatar\\\/11ddfe5610ff3bd100522525b2571f48.jpg?ver=1777653193\",\"url\":\"https:\\\/\\\/diarioprincipios.com\\\/wp-content\\\/litespeed\\\/avatar\\\/11ddfe5610ff3bd100522525b2571f48.jpg?ver=1777653193\",\"contentUrl\":\"https:\\\/\\\/diarioprincipios.com\\\/wp-content\\\/litespeed\\\/avatar\\\/11ddfe5610ff3bd100522525b2571f48.jpg?ver=1777653193\",\"caption\":\"Hern\u00e1n L\u00f3pez\"},\"url\":\"https:\\\/\\\/diarioprincipios.com\\\/index.php\\\/author\\\/hernan\\\/\"}]}<\/script>\n<!-- \/ Yoast SEO plugin. -->","yoast_head_json":{"title":"Se inauguraron asfaltos en Ezpeleta - Principios","robots":{"index":"index","follow":"follow","max-snippet":"max-snippet:-1","max-image-preview":"max-image-preview:large","max-video-preview":"max-video-preview:-1"},"canonical":"https:\/\/diarioprincipios.com\/index.php\/2024\/05\/26\/se-inauguraron-asfaltos-en-ezpeleta\/","og_locale":"es_ES","og_type":"article","og_title":"Se inauguraron asfaltos en Ezpeleta - Principios","og_description":"La intendenta de Quilmes, Mayra Mendoza, inaugur\u00f3 una nueva obra de asfaltos en la calle R\u00edo Gualeguay, en el barrio Cooperativa, de Ezpeleta, que forma parte del plan de pavimentaci\u00f3n que lleva adelante el Municipio. Adem\u00e1s, recorri\u00f3 la zona con vecinas y vecinos, con quienes luego particip\u00f3 de una mateada en la casa de una...","og_url":"https:\/\/diarioprincipios.com\/index.php\/2024\/05\/26\/se-inauguraron-asfaltos-en-ezpeleta\/","og_site_name":"Principios","article_published_time":"2024-05-26T17:38:57+00:00","article_modified_time":"2024-05-26T17:38:59+00:00","og_image":[{"width":720,"height":479,"url":"https:\/\/diarioprincipios.com\/wp-content\/uploads\/2024\/05\/MAYRA-INAUGURO-MAS-ASFALTOS-EN-EZPELETA-2.jpg","type":"image\/jpeg"}],"author":"Hern\u00e1n L\u00f3pez","twitter_card":"summary_large_image","twitter_misc":{"Escrito por":"Hern\u00e1n L\u00f3pez","Tiempo de lectura":"2 minutos"},"schema":{"@context":"https:\/\/schema.org","@graph":[{"@type":"Article","@id":"https:\/\/diarioprincipios.com\/index.php\/2024\/05\/26\/se-inauguraron-asfaltos-en-ezpeleta\/#article","isPartOf":{"@id":"https:\/\/diarioprincipios.com\/index.php\/2024\/05\/26\/se-inauguraron-asfaltos-en-ezpeleta\/"},"author":{"name":"Hern\u00e1n L\u00f3pez","@id":"https:\/\/diarioprincipios.com\/#\/schema\/person\/436d5a1fd41a5e250e23ff5a6a7cb080"},"headline":"Se inauguraron asfaltos en Ezpeleta","datePublished":"2024-05-26T17:38:57+00:00","dateModified":"2024-05-26T17:38:59+00:00","mainEntityOfPage":{"@id":"https:\/\/diarioprincipios.com\/index.php\/2024\/05\/26\/se-inauguraron-asfaltos-en-ezpeleta\/"},"wordCount":378,"commentCount":0,"publisher":{"@id":"https:\/\/diarioprincipios.com\/#organization"},"image":{"@id":"https:\/\/diarioprincipios.com\/index.php\/2024\/05\/26\/se-inauguraron-asfaltos-en-ezpeleta\/#primaryimage"},"thumbnailUrl":"https:\/\/diarioprincipios.com\/wp-content\/uploads\/2024\/05\/MAYRA-INAUGURO-MAS-ASFALTOS-EN-EZPELETA-2.jpg","articleSection":["Quilmes","Zonar Sur"],"inLanguage":"es","potentialAction":[{"@type":"CommentAction","name":"Comment","target":["https:\/\/diarioprincipios.com\/index.php\/2024\/05\/26\/se-inauguraron-asfaltos-en-ezpeleta\/#respond"]}]},{"@type":"WebPage","@id":"https:\/\/diarioprincipios.com\/index.php\/2024\/05\/26\/se-inauguraron-asfaltos-en-ezpeleta\/","url":"https:\/\/diarioprincipios.com\/index.php\/2024\/05\/26\/se-inauguraron-asfaltos-en-ezpeleta\/","name":"Se inauguraron asfaltos en Ezpeleta - Principios","isPartOf":{"@id":"https:\/\/diarioprincipios.com\/#website"},"primaryImageOfPage":{"@id":"https:\/\/diarioprincipios.com\/index.php\/2024\/05\/26\/se-inauguraron-asfaltos-en-ezpeleta\/#primaryimage"},"image":{"@id":"https:\/\/diarioprincipios.com\/index.php\/2024\/05\/26\/se-inauguraron-asfaltos-en-ezpeleta\/#primaryimage"},"thumbnailUrl":"https:\/\/diarioprincipios.com\/wp-content\/uploads\/2024\/05\/MAYRA-INAUGURO-MAS-ASFALTOS-EN-EZPELETA-2.jpg","datePublished":"2024-05-26T17:38:57+00:00","dateModified":"2024-05-26T17:38:59+00:00","breadcrumb":{"@id":"https:\/\/diarioprincipios.com\/index.php\/2024\/05\/26\/se-inauguraron-asfaltos-en-ezpeleta\/#breadcrumb"},"inLanguage":"es","potentialAction":[{"@type":"ReadAction","target":["https:\/\/diarioprincipios.com\/index.php\/2024\/05\/26\/se-inauguraron-asfaltos-en-ezpeleta\/"]}]},{"@type":"ImageObject","inLanguage":"es","@id":"https:\/\/diarioprincipios.com\/index.php\/2024\/05\/26\/se-inauguraron-asfaltos-en-ezpeleta\/#primaryimage","url":"https:\/\/diarioprincipios.com\/wp-content\/uploads\/2024\/05\/MAYRA-INAUGURO-MAS-ASFALTOS-EN-EZPELETA-2.jpg","contentUrl":"https:\/\/diarioprincipios.com\/wp-content\/uploads\/2024\/05\/MAYRA-INAUGURO-MAS-ASFALTOS-EN-EZPELETA-2.jpg","width":720,"height":479},{"@type":"BreadcrumbList","@id":"https:\/\/diarioprincipios.com\/index.php\/2024\/05\/26\/se-inauguraron-asfaltos-en-ezpeleta\/#breadcrumb","itemListElement":[{"@type":"ListItem","position":1,"name":"Portada","item":"https:\/\/diarioprincipios.com\/"},{"@type":"ListItem","position":2,"name":"Se inauguraron asfaltos en Ezpeleta"}]},{"@type":"WebSite","@id":"https:\/\/diarioprincipios.com\/#website","url":"https:\/\/diarioprincipios.com\/","name":"Principios","description":"Principios Diario","publisher":{"@id":"https:\/\/diarioprincipios.com\/#organization"},"potentialAction":[{"@type":"SearchAction","target":{"@type":"EntryPoint","urlTemplate":"https:\/\/diarioprincipios.com\/?s={search_term_string}"},"query-input":{"@type":"PropertyValueSpecification","valueRequired":true,"valueName":"search_term_string"}}],"inLanguage":"es"},{"@type":"Organization","@id":"https:\/\/diarioprincipios.com\/#organization","name":"Principios","url":"https:\/\/diarioprincipios.com\/","logo":{"@type":"ImageObject","inLanguage":"es","@id":"https:\/\/diarioprincipios.com\/#\/schema\/logo\/image\/","url":"https:\/\/diarioprincipios.com\/wp-content\/uploads\/2024\/04\/cropped-www.diarioprincipios.com_-1.png","contentUrl":"https:\/\/diarioprincipios.com\/wp-content\/uploads\/2024\/04\/cropped-www.diarioprincipios.com_-1.png","width":5325,"height":1454,"caption":"Principios"},"image":{"@id":"https:\/\/diarioprincipios.com\/#\/schema\/logo\/image\/"}},{"@type":"Person","@id":"https:\/\/diarioprincipios.com\/#\/schema\/person\/436d5a1fd41a5e250e23ff5a6a7cb080","name":"Hern\u00e1n L\u00f3pez","image":{"@type":"ImageObject","inLanguage":"es","@id":"https:\/\/diarioprincipios.com\/wp-content\/litespeed\/avatar\/11ddfe5610ff3bd100522525b2571f48.jpg?ver=1777653193","url":"https:\/\/diarioprincipios.com\/wp-content\/litespeed\/avatar\/11ddfe5610ff3bd100522525b2571f48.jpg?ver=1777653193","contentUrl":"https:\/\/diarioprincipios.com\/wp-content\/litespeed\/avatar\/11ddfe5610ff3bd100522525b2571f48.jpg?ver=1777653193","caption":"Hern\u00e1n L\u00f3pez"},"url":"https:\/\/diarioprincipios.com\/index.php\/author\/hernan\/"}]}},"jetpack_featured_media_url":"https:\/\/diarioprincipios.com\/wp-content\/uploads\/2024\/05\/MAYRA-INAUGURO-MAS-ASFALTOS-EN-EZPELETA-2.jpg","_links":{"self":[{"href":"https:\/\/diarioprincipios.com\/index.php\/wp-json\/wp\/v2\/posts\/21988","targetHints":{"allow":["GET"]}}],"collection":[{"href":"https:\/\/diarioprincipios.com\/index.php\/wp-json\/wp\/v2\/posts"}],"about":[{"href":"https:\/\/diarioprincipios.com\/index.php\/wp-json\/wp\/v2\/types\/post"}],"author":[{"embeddable":true,"href":"https:\/\/diarioprincipios.com\/index.php\/wp-json\/wp\/v2\/users\/2"}],"replies":[{"embeddable":true,"href":"https:\/\/diarioprincipios.com\/index.php\/wp-json\/wp\/v2\/comments?post=21988"}],"version-history":[{"count":1,"href":"https:\/\/diarioprincipios.com\/index.php\/wp-json\/wp\/v2\/posts\/21988\/revisions"}],"predecessor-version":[{"id":21990,"href":"https:\/\/diarioprincipios.com\/index.php\/wp-json\/wp\/v2\/posts\/21988\/revisions\/21990"}],"wp:featuredmedia":[{"embeddable":true,"href":"https:\/\/diarioprincipios.com\/index.php\/wp-json\/wp\/v2\/media\/21989"}],"wp:attachment":[{"href":"https:\/\/diarioprincipios.com\/index.php\/wp-json\/wp\/v2\/media?parent=21988"}],"wp:term":[{"taxonomy":"category","embeddable":true,"href":"https:\/\/diarioprincipios.com\/index.php\/wp-json\/wp\/v2\/categories?post=21988"},{"taxonomy":"post_tag","embeddable":true,"href":"https:\/\/diarioprincipios.com\/index.php\/wp-json\/wp\/v2\/tags?post=21988"}],"curies":[{"name":"wp","href":"https:\/\/api.w.org\/{rel}","templated":true}]}}