{"id":21978,"date":"2024-05-24T09:55:11","date_gmt":"2024-05-24T12:55:11","guid":{"rendered":"http:\/\/diarioprincipios.com\/?p=21978"},"modified":"2024-05-24T09:55:13","modified_gmt":"2024-05-24T12:55:13","slug":"gran-pena-folclorica-para-festejar-el-25-de-mayo","status":"publish","type":"post","link":"https:\/\/diarioprincipios.com\/index.php\/2024\/05\/24\/gran-pena-folclorica-para-festejar-el-25-de-mayo\/","title":{"rendered":"Gran Pe\u00f1a Folcl\u00f3rica para festejar el 25 de Mayo"},"content":{"rendered":"\n<p>La Municipalidad de Berazategui invita a todos los vecinos y las vecinas a la celebraci\u00f3n por los 214 a\u00f1os de la Revoluci\u00f3n de Mayo, que se desarrollar\u00e1 este s\u00e1bado 25, desde las 11.00, en el Centro Municipal de Actividades Roberto De Vicenzo (calle 148 y 18).<\/p>\n\n\n\n<figure class=\"wp-block-image size-large\"><img loading=\"lazy\" decoding=\"async\" width=\"819\" height=\"1024\" src=\"https:\/\/diarioprincipios.com\/wp-content\/uploads\/2024\/05\/BERAZATEGUI-FESTEJA-EL-25-DE-MAYO-CON-UNA-GRAN-PENA-FOLCLORICA-819x1024.jpg\" alt=\"\" class=\"wp-image-21979\" srcset=\"https:\/\/diarioprincipios.com\/wp-content\/uploads\/2024\/05\/BERAZATEGUI-FESTEJA-EL-25-DE-MAYO-CON-UNA-GRAN-PENA-FOLCLORICA-819x1024.jpg 819w, https:\/\/diarioprincipios.com\/wp-content\/uploads\/2024\/05\/BERAZATEGUI-FESTEJA-EL-25-DE-MAYO-CON-UNA-GRAN-PENA-FOLCLORICA-240x300.jpg 240w, https:\/\/diarioprincipios.com\/wp-content\/uploads\/2024\/05\/BERAZATEGUI-FESTEJA-EL-25-DE-MAYO-CON-UNA-GRAN-PENA-FOLCLORICA-768x960.jpg 768w, https:\/\/diarioprincipios.com\/wp-content\/uploads\/2024\/05\/BERAZATEGUI-FESTEJA-EL-25-DE-MAYO-CON-UNA-GRAN-PENA-FOLCLORICA.jpg 1080w\" sizes=\"auto, (max-width: 819px) 100vw, 819px\" \/><\/figure>\n\n\n\n<p>De esta manera, la gran fiesta folcl\u00f3rica contar\u00e1 con shows en vivo, exhibici\u00f3n de ballets y stands con comidas regionales a la venta. La participaci\u00f3n en este tradicional encuentro es libre y gratuita.<\/p>\n\n\n\n<figure class=\"wp-block-image size-large\"><img loading=\"lazy\" decoding=\"async\" width=\"1024\" height=\"683\" src=\"https:\/\/diarioprincipios.com\/wp-content\/uploads\/2024\/05\/BERAZATEGUI-FESTEJA-EL-25-DE-MAYO-CON-UNA-GRAN-PENA-FOLCLORICA-3-1024x683.jpg\" alt=\"\" class=\"wp-image-21980\" srcset=\"https:\/\/diarioprincipios.com\/wp-content\/uploads\/2024\/05\/BERAZATEGUI-FESTEJA-EL-25-DE-MAYO-CON-UNA-GRAN-PENA-FOLCLORICA-3-1024x683.jpg 1024w, https:\/\/diarioprincipios.com\/wp-content\/uploads\/2024\/05\/BERAZATEGUI-FESTEJA-EL-25-DE-MAYO-CON-UNA-GRAN-PENA-FOLCLORICA-3-300x200.jpg 300w, https:\/\/diarioprincipios.com\/wp-content\/uploads\/2024\/05\/BERAZATEGUI-FESTEJA-EL-25-DE-MAYO-CON-UNA-GRAN-PENA-FOLCLORICA-3-768x512.jpg 768w, https:\/\/diarioprincipios.com\/wp-content\/uploads\/2024\/05\/BERAZATEGUI-FESTEJA-EL-25-DE-MAYO-CON-UNA-GRAN-PENA-FOLCLORICA-3-1536x1024.jpg 1536w, https:\/\/diarioprincipios.com\/wp-content\/uploads\/2024\/05\/BERAZATEGUI-FESTEJA-EL-25-DE-MAYO-CON-UNA-GRAN-PENA-FOLCLORICA-3-600x400.jpg 600w, https:\/\/diarioprincipios.com\/wp-content\/uploads\/2024\/05\/BERAZATEGUI-FESTEJA-EL-25-DE-MAYO-CON-UNA-GRAN-PENA-FOLCLORICA-3.jpg 1920w\" sizes=\"auto, (max-width: 1024px) 100vw, 1024px\" \/><\/figure>\n\n\n\n<p>Las actividades incluir\u00e1n una pe\u00f1a musical y bailable con conjuntos, artistas en vivo y representantes de ballets y Centros Tradicionalistas locales. Habr\u00e1 comidas t\u00edpicas y espect\u00e1culos en esta tradicional fiesta popular para celebrar con todo el D\u00eda de la Patria. Quienes lo deseen pueden asistir con su equipo de mate.<\/p>\n","protected":false},"excerpt":{"rendered":"<p>La Municipalidad de Berazategui invita a todos los vecinos y las vecinas a la celebraci\u00f3n por los 214 a\u00f1os de la Revoluci\u00f3n de Mayo, que se desarrollar\u00e1 este s\u00e1bado 25, desde las 11.00, en el Centro Municipal de Actividades Roberto De Vicenzo (calle 148 y 18). De esta manera, la gran fiesta folcl\u00f3rica contar\u00e1 con&#8230;<\/p>\n","protected":false},"author":2,"featured_media":21981,"comment_status":"open","ping_status":"open","sticky":false,"template":"","format":"standard","meta":{"footnotes":""},"categories":[3],"tags":[],"class_list":["post-21978","post","type-post","status-publish","format-standard","has-post-thumbnail","hentry","category-berazategui"],"featured_image_src":"https:\/\/diarioprincipios.com\/wp-content\/uploads\/2024\/05\/BERAZATEGUI-FESTEJA-EL-25-DE-MAYO-CON-UNA-GRAN-PENA-FOLCLORICA-4-1024x683.jpg","blog_images":{"medium":"https:\/\/diarioprincipios.com\/wp-content\/uploads\/2024\/05\/BERAZATEGUI-FESTEJA-EL-25-DE-MAYO-CON-UNA-GRAN-PENA-FOLCLORICA-4-300x200.jpg","large":"https:\/\/diarioprincipios.com\/wp-content\/uploads\/2024\/05\/BERAZATEGUI-FESTEJA-EL-25-DE-MAYO-CON-UNA-GRAN-PENA-FOLCLORICA-4-1024x683.jpg"},"ams_acf":[],"yoast_head":"<!-- This site is optimized with the Yoast SEO plugin v27.3 - https:\/\/yoast.com\/product\/yoast-seo-wordpress\/ -->\n<title>Gran Pe\u00f1a Folcl\u00f3rica para festejar el 25 de Mayo - Principios<\/title>\n<meta name=\"robots\" content=\"index, follow, max-snippet:-1, max-image-preview:large, max-video-preview:-1\" \/>\n<link rel=\"canonical\" href=\"https:\/\/diarioprincipios.com\/index.php\/2024\/05\/24\/gran-pena-folclorica-para-festejar-el-25-de-mayo\/\" \/>\n<meta property=\"og:locale\" content=\"es_ES\" \/>\n<meta property=\"og:type\" content=\"article\" \/>\n<meta property=\"og:title\" content=\"Gran Pe\u00f1a Folcl\u00f3rica para festejar el 25 de Mayo - Principios\" \/>\n<meta property=\"og:description\" content=\"La Municipalidad de Berazategui invita a todos los vecinos y las vecinas a la celebraci\u00f3n por los 214 a\u00f1os de la Revoluci\u00f3n de Mayo, que se desarrollar\u00e1 este s\u00e1bado 25, desde las 11.00, en el Centro Municipal de Actividades Roberto De Vicenzo (calle 148 y 18). De esta manera, la gran fiesta folcl\u00f3rica contar\u00e1 con...\" \/>\n<meta property=\"og:url\" content=\"https:\/\/diarioprincipios.com\/index.php\/2024\/05\/24\/gran-pena-folclorica-para-festejar-el-25-de-mayo\/\" \/>\n<meta property=\"og:site_name\" content=\"Principios\" \/>\n<meta property=\"article:published_time\" content=\"2024-05-24T12:55:11+00:00\" \/>\n<meta property=\"article:modified_time\" content=\"2024-05-24T12:55:13+00:00\" \/>\n<meta property=\"og:image\" content=\"https:\/\/diarioprincipios.com\/wp-content\/uploads\/2024\/05\/BERAZATEGUI-FESTEJA-EL-25-DE-MAYO-CON-UNA-GRAN-PENA-FOLCLORICA-4.jpg\" \/>\n\t<meta property=\"og:image:width\" content=\"1920\" \/>\n\t<meta property=\"og:image:height\" content=\"1280\" \/>\n\t<meta property=\"og:image:type\" content=\"image\/jpeg\" \/>\n<meta name=\"author\" content=\"Hern\u00e1n L\u00f3pez\" \/>\n<meta name=\"twitter:card\" content=\"summary_large_image\" \/>\n<meta name=\"twitter:label1\" content=\"Escrito por\" \/>\n\t<meta name=\"twitter:data1\" content=\"Hern\u00e1n L\u00f3pez\" \/>\n\t<meta name=\"twitter:label2\" content=\"Tiempo de lectura\" \/>\n\t<meta name=\"twitter:data2\" content=\"2 minutos\" \/>\n<script type=\"application\/ld+json\" class=\"yoast-schema-graph\">{\"@context\":\"https:\\\/\\\/schema.org\",\"@graph\":[{\"@type\":\"Article\",\"@id\":\"https:\\\/\\\/diarioprincipios.com\\\/index.php\\\/2024\\\/05\\\/24\\\/gran-pena-folclorica-para-festejar-el-25-de-mayo\\\/#article\",\"isPartOf\":{\"@id\":\"https:\\\/\\\/diarioprincipios.com\\\/index.php\\\/2024\\\/05\\\/24\\\/gran-pena-folclorica-para-festejar-el-25-de-mayo\\\/\"},\"author\":{\"name\":\"Hern\u00e1n L\u00f3pez\",\"@id\":\"https:\\\/\\\/diarioprincipios.com\\\/#\\\/schema\\\/person\\\/436d5a1fd41a5e250e23ff5a6a7cb080\"},\"headline\":\"Gran Pe\u00f1a Folcl\u00f3rica para festejar el 25 de Mayo\",\"datePublished\":\"2024-05-24T12:55:11+00:00\",\"dateModified\":\"2024-05-24T12:55:13+00:00\",\"mainEntityOfPage\":{\"@id\":\"https:\\\/\\\/diarioprincipios.com\\\/index.php\\\/2024\\\/05\\\/24\\\/gran-pena-folclorica-para-festejar-el-25-de-mayo\\\/\"},\"wordCount\":146,\"commentCount\":0,\"publisher\":{\"@id\":\"https:\\\/\\\/diarioprincipios.com\\\/#organization\"},\"image\":{\"@id\":\"https:\\\/\\\/diarioprincipios.com\\\/index.php\\\/2024\\\/05\\\/24\\\/gran-pena-folclorica-para-festejar-el-25-de-mayo\\\/#primaryimage\"},\"thumbnailUrl\":\"https:\\\/\\\/diarioprincipios.com\\\/wp-content\\\/uploads\\\/2024\\\/05\\\/BERAZATEGUI-FESTEJA-EL-25-DE-MAYO-CON-UNA-GRAN-PENA-FOLCLORICA-4.jpg\",\"articleSection\":[\"Berazategui\"],\"inLanguage\":\"es\",\"potentialAction\":[{\"@type\":\"CommentAction\",\"name\":\"Comment\",\"target\":[\"https:\\\/\\\/diarioprincipios.com\\\/index.php\\\/2024\\\/05\\\/24\\\/gran-pena-folclorica-para-festejar-el-25-de-mayo\\\/#respond\"]}]},{\"@type\":\"WebPage\",\"@id\":\"https:\\\/\\\/diarioprincipios.com\\\/index.php\\\/2024\\\/05\\\/24\\\/gran-pena-folclorica-para-festejar-el-25-de-mayo\\\/\",\"url\":\"https:\\\/\\\/diarioprincipios.com\\\/index.php\\\/2024\\\/05\\\/24\\\/gran-pena-folclorica-para-festejar-el-25-de-mayo\\\/\",\"name\":\"Gran Pe\u00f1a Folcl\u00f3rica para festejar el 25 de Mayo - Principios\",\"isPartOf\":{\"@id\":\"https:\\\/\\\/diarioprincipios.com\\\/#website\"},\"primaryImageOfPage\":{\"@id\":\"https:\\\/\\\/diarioprincipios.com\\\/index.php\\\/2024\\\/05\\\/24\\\/gran-pena-folclorica-para-festejar-el-25-de-mayo\\\/#primaryimage\"},\"image\":{\"@id\":\"https:\\\/\\\/diarioprincipios.com\\\/index.php\\\/2024\\\/05\\\/24\\\/gran-pena-folclorica-para-festejar-el-25-de-mayo\\\/#primaryimage\"},\"thumbnailUrl\":\"https:\\\/\\\/diarioprincipios.com\\\/wp-content\\\/uploads\\\/2024\\\/05\\\/BERAZATEGUI-FESTEJA-EL-25-DE-MAYO-CON-UNA-GRAN-PENA-FOLCLORICA-4.jpg\",\"datePublished\":\"2024-05-24T12:55:11+00:00\",\"dateModified\":\"2024-05-24T12:55:13+00:00\",\"breadcrumb\":{\"@id\":\"https:\\\/\\\/diarioprincipios.com\\\/index.php\\\/2024\\\/05\\\/24\\\/gran-pena-folclorica-para-festejar-el-25-de-mayo\\\/#breadcrumb\"},\"inLanguage\":\"es\",\"potentialAction\":[{\"@type\":\"ReadAction\",\"target\":[\"https:\\\/\\\/diarioprincipios.com\\\/index.php\\\/2024\\\/05\\\/24\\\/gran-pena-folclorica-para-festejar-el-25-de-mayo\\\/\"]}]},{\"@type\":\"ImageObject\",\"inLanguage\":\"es\",\"@id\":\"https:\\\/\\\/diarioprincipios.com\\\/index.php\\\/2024\\\/05\\\/24\\\/gran-pena-folclorica-para-festejar-el-25-de-mayo\\\/#primaryimage\",\"url\":\"https:\\\/\\\/diarioprincipios.com\\\/wp-content\\\/uploads\\\/2024\\\/05\\\/BERAZATEGUI-FESTEJA-EL-25-DE-MAYO-CON-UNA-GRAN-PENA-FOLCLORICA-4.jpg\",\"contentUrl\":\"https:\\\/\\\/diarioprincipios.com\\\/wp-content\\\/uploads\\\/2024\\\/05\\\/BERAZATEGUI-FESTEJA-EL-25-DE-MAYO-CON-UNA-GRAN-PENA-FOLCLORICA-4.jpg\",\"width\":1920,\"height\":1280},{\"@type\":\"BreadcrumbList\",\"@id\":\"https:\\\/\\\/diarioprincipios.com\\\/index.php\\\/2024\\\/05\\\/24\\\/gran-pena-folclorica-para-festejar-el-25-de-mayo\\\/#breadcrumb\",\"itemListElement\":[{\"@type\":\"ListItem\",\"position\":1,\"name\":\"Portada\",\"item\":\"https:\\\/\\\/diarioprincipios.com\\\/\"},{\"@type\":\"ListItem\",\"position\":2,\"name\":\"Gran Pe\u00f1a Folcl\u00f3rica para festejar el 25 de Mayo\"}]},{\"@type\":\"WebSite\",\"@id\":\"https:\\\/\\\/diarioprincipios.com\\\/#website\",\"url\":\"https:\\\/\\\/diarioprincipios.com\\\/\",\"name\":\"Principios\",\"description\":\"Principios Diario\",\"publisher\":{\"@id\":\"https:\\\/\\\/diarioprincipios.com\\\/#organization\"},\"potentialAction\":[{\"@type\":\"SearchAction\",\"target\":{\"@type\":\"EntryPoint\",\"urlTemplate\":\"https:\\\/\\\/diarioprincipios.com\\\/?s={search_term_string}\"},\"query-input\":{\"@type\":\"PropertyValueSpecification\",\"valueRequired\":true,\"valueName\":\"search_term_string\"}}],\"inLanguage\":\"es\"},{\"@type\":\"Organization\",\"@id\":\"https:\\\/\\\/diarioprincipios.com\\\/#organization\",\"name\":\"Principios\",\"url\":\"https:\\\/\\\/diarioprincipios.com\\\/\",\"logo\":{\"@type\":\"ImageObject\",\"inLanguage\":\"es\",\"@id\":\"https:\\\/\\\/diarioprincipios.com\\\/#\\\/schema\\\/logo\\\/image\\\/\",\"url\":\"https:\\\/\\\/diarioprincipios.com\\\/wp-content\\\/uploads\\\/2024\\\/04\\\/cropped-www.diarioprincipios.com_-1.png\",\"contentUrl\":\"https:\\\/\\\/diarioprincipios.com\\\/wp-content\\\/uploads\\\/2024\\\/04\\\/cropped-www.diarioprincipios.com_-1.png\",\"width\":5325,\"height\":1454,\"caption\":\"Principios\"},\"image\":{\"@id\":\"https:\\\/\\\/diarioprincipios.com\\\/#\\\/schema\\\/logo\\\/image\\\/\"}},{\"@type\":\"Person\",\"@id\":\"https:\\\/\\\/diarioprincipios.com\\\/#\\\/schema\\\/person\\\/436d5a1fd41a5e250e23ff5a6a7cb080\",\"name\":\"Hern\u00e1n L\u00f3pez\",\"image\":{\"@type\":\"ImageObject\",\"inLanguage\":\"es\",\"@id\":\"https:\\\/\\\/diarioprincipios.com\\\/wp-content\\\/litespeed\\\/avatar\\\/11ddfe5610ff3bd100522525b2571f48.jpg?ver=1777653193\",\"url\":\"https:\\\/\\\/diarioprincipios.com\\\/wp-content\\\/litespeed\\\/avatar\\\/11ddfe5610ff3bd100522525b2571f48.jpg?ver=1777653193\",\"contentUrl\":\"https:\\\/\\\/diarioprincipios.com\\\/wp-content\\\/litespeed\\\/avatar\\\/11ddfe5610ff3bd100522525b2571f48.jpg?ver=1777653193\",\"caption\":\"Hern\u00e1n L\u00f3pez\"},\"url\":\"https:\\\/\\\/diarioprincipios.com\\\/index.php\\\/author\\\/hernan\\\/\"}]}<\/script>\n<!-- \/ Yoast SEO plugin. -->","yoast_head_json":{"title":"Gran Pe\u00f1a Folcl\u00f3rica para festejar el 25 de Mayo - Principios","robots":{"index":"index","follow":"follow","max-snippet":"max-snippet:-1","max-image-preview":"max-image-preview:large","max-video-preview":"max-video-preview:-1"},"canonical":"https:\/\/diarioprincipios.com\/index.php\/2024\/05\/24\/gran-pena-folclorica-para-festejar-el-25-de-mayo\/","og_locale":"es_ES","og_type":"article","og_title":"Gran Pe\u00f1a Folcl\u00f3rica para festejar el 25 de Mayo - Principios","og_description":"La Municipalidad de Berazategui invita a todos los vecinos y las vecinas a la celebraci\u00f3n por los 214 a\u00f1os de la Revoluci\u00f3n de Mayo, que se desarrollar\u00e1 este s\u00e1bado 25, desde las 11.00, en el Centro Municipal de Actividades Roberto De Vicenzo (calle 148 y 18). De esta manera, la gran fiesta folcl\u00f3rica contar\u00e1 con...","og_url":"https:\/\/diarioprincipios.com\/index.php\/2024\/05\/24\/gran-pena-folclorica-para-festejar-el-25-de-mayo\/","og_site_name":"Principios","article_published_time":"2024-05-24T12:55:11+00:00","article_modified_time":"2024-05-24T12:55:13+00:00","og_image":[{"width":1920,"height":1280,"url":"https:\/\/diarioprincipios.com\/wp-content\/uploads\/2024\/05\/BERAZATEGUI-FESTEJA-EL-25-DE-MAYO-CON-UNA-GRAN-PENA-FOLCLORICA-4.jpg","type":"image\/jpeg"}],"author":"Hern\u00e1n L\u00f3pez","twitter_card":"summary_large_image","twitter_misc":{"Escrito por":"Hern\u00e1n L\u00f3pez","Tiempo de lectura":"2 minutos"},"schema":{"@context":"https:\/\/schema.org","@graph":[{"@type":"Article","@id":"https:\/\/diarioprincipios.com\/index.php\/2024\/05\/24\/gran-pena-folclorica-para-festejar-el-25-de-mayo\/#article","isPartOf":{"@id":"https:\/\/diarioprincipios.com\/index.php\/2024\/05\/24\/gran-pena-folclorica-para-festejar-el-25-de-mayo\/"},"author":{"name":"Hern\u00e1n L\u00f3pez","@id":"https:\/\/diarioprincipios.com\/#\/schema\/person\/436d5a1fd41a5e250e23ff5a6a7cb080"},"headline":"Gran Pe\u00f1a Folcl\u00f3rica para festejar el 25 de Mayo","datePublished":"2024-05-24T12:55:11+00:00","dateModified":"2024-05-24T12:55:13+00:00","mainEntityOfPage":{"@id":"https:\/\/diarioprincipios.com\/index.php\/2024\/05\/24\/gran-pena-folclorica-para-festejar-el-25-de-mayo\/"},"wordCount":146,"commentCount":0,"publisher":{"@id":"https:\/\/diarioprincipios.com\/#organization"},"image":{"@id":"https:\/\/diarioprincipios.com\/index.php\/2024\/05\/24\/gran-pena-folclorica-para-festejar-el-25-de-mayo\/#primaryimage"},"thumbnailUrl":"https:\/\/diarioprincipios.com\/wp-content\/uploads\/2024\/05\/BERAZATEGUI-FESTEJA-EL-25-DE-MAYO-CON-UNA-GRAN-PENA-FOLCLORICA-4.jpg","articleSection":["Berazategui"],"inLanguage":"es","potentialAction":[{"@type":"CommentAction","name":"Comment","target":["https:\/\/diarioprincipios.com\/index.php\/2024\/05\/24\/gran-pena-folclorica-para-festejar-el-25-de-mayo\/#respond"]}]},{"@type":"WebPage","@id":"https:\/\/diarioprincipios.com\/index.php\/2024\/05\/24\/gran-pena-folclorica-para-festejar-el-25-de-mayo\/","url":"https:\/\/diarioprincipios.com\/index.php\/2024\/05\/24\/gran-pena-folclorica-para-festejar-el-25-de-mayo\/","name":"Gran Pe\u00f1a Folcl\u00f3rica para festejar el 25 de Mayo - Principios","isPartOf":{"@id":"https:\/\/diarioprincipios.com\/#website"},"primaryImageOfPage":{"@id":"https:\/\/diarioprincipios.com\/index.php\/2024\/05\/24\/gran-pena-folclorica-para-festejar-el-25-de-mayo\/#primaryimage"},"image":{"@id":"https:\/\/diarioprincipios.com\/index.php\/2024\/05\/24\/gran-pena-folclorica-para-festejar-el-25-de-mayo\/#primaryimage"},"thumbnailUrl":"https:\/\/diarioprincipios.com\/wp-content\/uploads\/2024\/05\/BERAZATEGUI-FESTEJA-EL-25-DE-MAYO-CON-UNA-GRAN-PENA-FOLCLORICA-4.jpg","datePublished":"2024-05-24T12:55:11+00:00","dateModified":"2024-05-24T12:55:13+00:00","breadcrumb":{"@id":"https:\/\/diarioprincipios.com\/index.php\/2024\/05\/24\/gran-pena-folclorica-para-festejar-el-25-de-mayo\/#breadcrumb"},"inLanguage":"es","potentialAction":[{"@type":"ReadAction","target":["https:\/\/diarioprincipios.com\/index.php\/2024\/05\/24\/gran-pena-folclorica-para-festejar-el-25-de-mayo\/"]}]},{"@type":"ImageObject","inLanguage":"es","@id":"https:\/\/diarioprincipios.com\/index.php\/2024\/05\/24\/gran-pena-folclorica-para-festejar-el-25-de-mayo\/#primaryimage","url":"https:\/\/diarioprincipios.com\/wp-content\/uploads\/2024\/05\/BERAZATEGUI-FESTEJA-EL-25-DE-MAYO-CON-UNA-GRAN-PENA-FOLCLORICA-4.jpg","contentUrl":"https:\/\/diarioprincipios.com\/wp-content\/uploads\/2024\/05\/BERAZATEGUI-FESTEJA-EL-25-DE-MAYO-CON-UNA-GRAN-PENA-FOLCLORICA-4.jpg","width":1920,"height":1280},{"@type":"BreadcrumbList","@id":"https:\/\/diarioprincipios.com\/index.php\/2024\/05\/24\/gran-pena-folclorica-para-festejar-el-25-de-mayo\/#breadcrumb","itemListElement":[{"@type":"ListItem","position":1,"name":"Portada","item":"https:\/\/diarioprincipios.com\/"},{"@type":"ListItem","position":2,"name":"Gran Pe\u00f1a Folcl\u00f3rica para festejar el 25 de Mayo"}]},{"@type":"WebSite","@id":"https:\/\/diarioprincipios.com\/#website","url":"https:\/\/diarioprincipios.com\/","name":"Principios","description":"Principios Diario","publisher":{"@id":"https:\/\/diarioprincipios.com\/#organization"},"potentialAction":[{"@type":"SearchAction","target":{"@type":"EntryPoint","urlTemplate":"https:\/\/diarioprincipios.com\/?s={search_term_string}"},"query-input":{"@type":"PropertyValueSpecification","valueRequired":true,"valueName":"search_term_string"}}],"inLanguage":"es"},{"@type":"Organization","@id":"https:\/\/diarioprincipios.com\/#organization","name":"Principios","url":"https:\/\/diarioprincipios.com\/","logo":{"@type":"ImageObject","inLanguage":"es","@id":"https:\/\/diarioprincipios.com\/#\/schema\/logo\/image\/","url":"https:\/\/diarioprincipios.com\/wp-content\/uploads\/2024\/04\/cropped-www.diarioprincipios.com_-1.png","contentUrl":"https:\/\/diarioprincipios.com\/wp-content\/uploads\/2024\/04\/cropped-www.diarioprincipios.com_-1.png","width":5325,"height":1454,"caption":"Principios"},"image":{"@id":"https:\/\/diarioprincipios.com\/#\/schema\/logo\/image\/"}},{"@type":"Person","@id":"https:\/\/diarioprincipios.com\/#\/schema\/person\/436d5a1fd41a5e250e23ff5a6a7cb080","name":"Hern\u00e1n L\u00f3pez","image":{"@type":"ImageObject","inLanguage":"es","@id":"https:\/\/diarioprincipios.com\/wp-content\/litespeed\/avatar\/11ddfe5610ff3bd100522525b2571f48.jpg?ver=1777653193","url":"https:\/\/diarioprincipios.com\/wp-content\/litespeed\/avatar\/11ddfe5610ff3bd100522525b2571f48.jpg?ver=1777653193","contentUrl":"https:\/\/diarioprincipios.com\/wp-content\/litespeed\/avatar\/11ddfe5610ff3bd100522525b2571f48.jpg?ver=1777653193","caption":"Hern\u00e1n L\u00f3pez"},"url":"https:\/\/diarioprincipios.com\/index.php\/author\/hernan\/"}]}},"jetpack_featured_media_url":"https:\/\/diarioprincipios.com\/wp-content\/uploads\/2024\/05\/BERAZATEGUI-FESTEJA-EL-25-DE-MAYO-CON-UNA-GRAN-PENA-FOLCLORICA-4.jpg","_links":{"self":[{"href":"https:\/\/diarioprincipios.com\/index.php\/wp-json\/wp\/v2\/posts\/21978","targetHints":{"allow":["GET"]}}],"collection":[{"href":"https:\/\/diarioprincipios.com\/index.php\/wp-json\/wp\/v2\/posts"}],"about":[{"href":"https:\/\/diarioprincipios.com\/index.php\/wp-json\/wp\/v2\/types\/post"}],"author":[{"embeddable":true,"href":"https:\/\/diarioprincipios.com\/index.php\/wp-json\/wp\/v2\/users\/2"}],"replies":[{"embeddable":true,"href":"https:\/\/diarioprincipios.com\/index.php\/wp-json\/wp\/v2\/comments?post=21978"}],"version-history":[{"count":1,"href":"https:\/\/diarioprincipios.com\/index.php\/wp-json\/wp\/v2\/posts\/21978\/revisions"}],"predecessor-version":[{"id":21982,"href":"https:\/\/diarioprincipios.com\/index.php\/wp-json\/wp\/v2\/posts\/21978\/revisions\/21982"}],"wp:featuredmedia":[{"embeddable":true,"href":"https:\/\/diarioprincipios.com\/index.php\/wp-json\/wp\/v2\/media\/21981"}],"wp:attachment":[{"href":"https:\/\/diarioprincipios.com\/index.php\/wp-json\/wp\/v2\/media?parent=21978"}],"wp:term":[{"taxonomy":"category","embeddable":true,"href":"https:\/\/diarioprincipios.com\/index.php\/wp-json\/wp\/v2\/categories?post=21978"},{"taxonomy":"post_tag","embeddable":true,"href":"https:\/\/diarioprincipios.com\/index.php\/wp-json\/wp\/v2\/tags?post=21978"}],"curies":[{"name":"wp","href":"https:\/\/api.w.org\/{rel}","templated":true}]}}