{"id":21967,"date":"2024-05-23T12:07:51","date_gmt":"2024-05-23T15:07:51","guid":{"rendered":"http:\/\/diarioprincipios.com\/?p=21967"},"modified":"2024-05-23T12:24:58","modified_gmt":"2024-05-23T15:24:58","slug":"senalan-al-macrismo-detras-de-la-creacion-de-los-comedores-fantasmas","status":"publish","type":"post","link":"https:\/\/diarioprincipios.com\/index.php\/2024\/05\/23\/senalan-al-macrismo-detras-de-la-creacion-de-los-comedores-fantasmas\/","title":{"rendered":"Se\u00f1alan al macrismo detr\u00e1s de la creaci\u00f3n de los comedores fantasmas"},"content":{"rendered":"\n<p>Seg\u00fan la denuncia de una exconcejal de Cambiemos de Berazategui, los pol\u00e9micos comedores y merenderos allanados en las \u00faltimas semanas en la provincia de Buenos Aires, habr\u00edan sido un invento perge\u00f1ado en momentos en que el macrismo gobernaba la provincia de Buenos Aires y la Naci\u00f3n.<br>As\u00ed lo dej\u00f3 en claro la Concejal (mandato cumplido) Alicia Lorenzo, quien form\u00f3 parte del bloque de ese partido en el Honorable Concejo Deliberante de Berazategui.<\/p>\n\n\n\n<p>\u201cFui Concejal de Berazategui en 2015, por el bloque Propuesta Republicana (PRO). Los comedores, \u00b4supuestos comedores\u00b4, que realmente yo no los vi, se empezaron a crear en esa \u00e9poca, como se cre\u00f3 tambi\u00e9n el programa \u201cEl Estado en tu Barrio\u201d, comienza relatando Lorenzo. \u201cAh\u00ed empez\u00f3 a funcionar todo. Supuestamente, estos comedores se armaron para recibir mercader\u00eda que ven\u00eda de la Provincia. Habr\u00eda que preguntarle a la Gobernadora o a Macri ad\u00f3nde iban, \u00bfc\u00f3mo era que hab\u00eda tanta mercader\u00eda y bajaban camiones, y no sab\u00edan d\u00f3nde iban?\u201d, agreg\u00f3.<\/p>\n\n\n\n<p>Seg\u00fan se desprende del relato de la Concejal que form\u00f3 parte del bloque PRO, estas movidas territoriales de ayuda a comedores no se armaron con un fin social sino con la posibilidad de hacer pie pol\u00edticamente en Berazategui y otros territorios esquivos al voto en favor del macrismo. \u201cTanto \u201cEl Estado en tu Barrio\u201d, como los comedores -sin militancia- eran para poder entrar en Berazategui y convencer a la gente de que ellos eran los mejores. Todo eso era estrategia pura de toda la gente del PRO que estaba en el Concejo Deliberante en esos momentos. Al no haber militancia, decime vos \u00bfd\u00f3nde hab\u00eda comedores?, \u00bfqui\u00e9n pod\u00eda prestar una casa o alquilar una casa y de d\u00f3nde ven\u00edan todas las mercader\u00edas?. Si yo puedo decir qui\u00e9nes son los culpables\u2026 y bueno, todos los que vinieron por el Cambio\u201d, asegura.<br>Hicieron un cambio, pero en vez de hacerlo para bien lo hicieron para mal\u201d.<\/p>\n","protected":false},"excerpt":{"rendered":"<p>Seg\u00fan la denuncia de una exconcejal de Cambiemos de Berazategui, los pol\u00e9micos comedores y merenderos allanados en las \u00faltimas semanas en la provincia de Buenos Aires, habr\u00edan sido un invento perge\u00f1ado en momentos en que el macrismo gobernaba la provincia de Buenos Aires y la Naci\u00f3n.As\u00ed lo dej\u00f3 en claro la Concejal (mandato cumplido) Alicia&#8230;<\/p>\n","protected":false},"author":2,"featured_media":21970,"comment_status":"open","ping_status":"open","sticky":false,"template":"","format":"standard","meta":{"footnotes":""},"categories":[3],"tags":[],"class_list":["post-21967","post","type-post","status-publish","format-standard","has-post-thumbnail","hentry","category-berazategui"],"featured_image_src":"https:\/\/diarioprincipios.com\/wp-content\/uploads\/2024\/05\/Screenshot_20240523_120519_Gallery-1-950x1024.jpg","blog_images":{"medium":"https:\/\/diarioprincipios.com\/wp-content\/uploads\/2024\/05\/Screenshot_20240523_120519_Gallery-1-278x300.jpg","large":"https:\/\/diarioprincipios.com\/wp-content\/uploads\/2024\/05\/Screenshot_20240523_120519_Gallery-1-950x1024.jpg"},"ams_acf":[],"yoast_head":"<!-- This site is optimized with the Yoast SEO plugin v27.3 - https:\/\/yoast.com\/product\/yoast-seo-wordpress\/ -->\n<title>Se\u00f1alan al macrismo detr\u00e1s de la creaci\u00f3n de los comedores fantasmas - Principios<\/title>\n<meta name=\"robots\" content=\"index, follow, max-snippet:-1, max-image-preview:large, max-video-preview:-1\" \/>\n<link rel=\"canonical\" href=\"https:\/\/diarioprincipios.com\/index.php\/2024\/05\/23\/senalan-al-macrismo-detras-de-la-creacion-de-los-comedores-fantasmas\/\" \/>\n<meta property=\"og:locale\" content=\"es_ES\" \/>\n<meta property=\"og:type\" content=\"article\" \/>\n<meta property=\"og:title\" content=\"Se\u00f1alan al macrismo detr\u00e1s de la creaci\u00f3n de los comedores fantasmas - Principios\" \/>\n<meta property=\"og:description\" content=\"Seg\u00fan la denuncia de una exconcejal de Cambiemos de Berazategui, los pol\u00e9micos comedores y merenderos allanados en las \u00faltimas semanas en la provincia de Buenos Aires, habr\u00edan sido un invento perge\u00f1ado en momentos en que el macrismo gobernaba la provincia de Buenos Aires y la Naci\u00f3n.As\u00ed lo dej\u00f3 en claro la Concejal (mandato cumplido) Alicia...\" \/>\n<meta property=\"og:url\" content=\"https:\/\/diarioprincipios.com\/index.php\/2024\/05\/23\/senalan-al-macrismo-detras-de-la-creacion-de-los-comedores-fantasmas\/\" \/>\n<meta property=\"og:site_name\" content=\"Principios\" \/>\n<meta property=\"article:published_time\" content=\"2024-05-23T15:07:51+00:00\" \/>\n<meta property=\"article:modified_time\" content=\"2024-05-23T15:24:58+00:00\" \/>\n<meta property=\"og:image\" content=\"https:\/\/diarioprincipios.com\/wp-content\/uploads\/2024\/05\/Screenshot_20240523_120519_Gallery-1-scaled.jpg\" \/>\n\t<meta property=\"og:image:width\" content=\"2375\" \/>\n\t<meta property=\"og:image:height\" content=\"2560\" \/>\n\t<meta property=\"og:image:type\" content=\"image\/jpeg\" \/>\n<meta name=\"author\" content=\"Hern\u00e1n L\u00f3pez\" \/>\n<meta name=\"twitter:card\" content=\"summary_large_image\" \/>\n<meta name=\"twitter:label1\" content=\"Escrito por\" \/>\n\t<meta name=\"twitter:data1\" content=\"Hern\u00e1n L\u00f3pez\" \/>\n\t<meta name=\"twitter:label2\" content=\"Tiempo de lectura\" \/>\n\t<meta name=\"twitter:data2\" content=\"2 minutos\" \/>\n<script type=\"application\/ld+json\" class=\"yoast-schema-graph\">{\"@context\":\"https:\\\/\\\/schema.org\",\"@graph\":[{\"@type\":\"Article\",\"@id\":\"https:\\\/\\\/diarioprincipios.com\\\/index.php\\\/2024\\\/05\\\/23\\\/senalan-al-macrismo-detras-de-la-creacion-de-los-comedores-fantasmas\\\/#article\",\"isPartOf\":{\"@id\":\"https:\\\/\\\/diarioprincipios.com\\\/index.php\\\/2024\\\/05\\\/23\\\/senalan-al-macrismo-detras-de-la-creacion-de-los-comedores-fantasmas\\\/\"},\"author\":{\"name\":\"Hern\u00e1n L\u00f3pez\",\"@id\":\"https:\\\/\\\/diarioprincipios.com\\\/#\\\/schema\\\/person\\\/436d5a1fd41a5e250e23ff5a6a7cb080\"},\"headline\":\"Se\u00f1alan al macrismo detr\u00e1s de la creaci\u00f3n de los comedores fantasmas\",\"datePublished\":\"2024-05-23T15:07:51+00:00\",\"dateModified\":\"2024-05-23T15:24:58+00:00\",\"mainEntityOfPage\":{\"@id\":\"https:\\\/\\\/diarioprincipios.com\\\/index.php\\\/2024\\\/05\\\/23\\\/senalan-al-macrismo-detras-de-la-creacion-de-los-comedores-fantasmas\\\/\"},\"wordCount\":350,\"commentCount\":0,\"publisher\":{\"@id\":\"https:\\\/\\\/diarioprincipios.com\\\/#organization\"},\"image\":{\"@id\":\"https:\\\/\\\/diarioprincipios.com\\\/index.php\\\/2024\\\/05\\\/23\\\/senalan-al-macrismo-detras-de-la-creacion-de-los-comedores-fantasmas\\\/#primaryimage\"},\"thumbnailUrl\":\"https:\\\/\\\/diarioprincipios.com\\\/wp-content\\\/uploads\\\/2024\\\/05\\\/Screenshot_20240523_120519_Gallery-1-scaled.jpg\",\"articleSection\":[\"Berazategui\"],\"inLanguage\":\"es\",\"potentialAction\":[{\"@type\":\"CommentAction\",\"name\":\"Comment\",\"target\":[\"https:\\\/\\\/diarioprincipios.com\\\/index.php\\\/2024\\\/05\\\/23\\\/senalan-al-macrismo-detras-de-la-creacion-de-los-comedores-fantasmas\\\/#respond\"]}]},{\"@type\":\"WebPage\",\"@id\":\"https:\\\/\\\/diarioprincipios.com\\\/index.php\\\/2024\\\/05\\\/23\\\/senalan-al-macrismo-detras-de-la-creacion-de-los-comedores-fantasmas\\\/\",\"url\":\"https:\\\/\\\/diarioprincipios.com\\\/index.php\\\/2024\\\/05\\\/23\\\/senalan-al-macrismo-detras-de-la-creacion-de-los-comedores-fantasmas\\\/\",\"name\":\"Se\u00f1alan al macrismo detr\u00e1s de la creaci\u00f3n de los comedores fantasmas - Principios\",\"isPartOf\":{\"@id\":\"https:\\\/\\\/diarioprincipios.com\\\/#website\"},\"primaryImageOfPage\":{\"@id\":\"https:\\\/\\\/diarioprincipios.com\\\/index.php\\\/2024\\\/05\\\/23\\\/senalan-al-macrismo-detras-de-la-creacion-de-los-comedores-fantasmas\\\/#primaryimage\"},\"image\":{\"@id\":\"https:\\\/\\\/diarioprincipios.com\\\/index.php\\\/2024\\\/05\\\/23\\\/senalan-al-macrismo-detras-de-la-creacion-de-los-comedores-fantasmas\\\/#primaryimage\"},\"thumbnailUrl\":\"https:\\\/\\\/diarioprincipios.com\\\/wp-content\\\/uploads\\\/2024\\\/05\\\/Screenshot_20240523_120519_Gallery-1-scaled.jpg\",\"datePublished\":\"2024-05-23T15:07:51+00:00\",\"dateModified\":\"2024-05-23T15:24:58+00:00\",\"breadcrumb\":{\"@id\":\"https:\\\/\\\/diarioprincipios.com\\\/index.php\\\/2024\\\/05\\\/23\\\/senalan-al-macrismo-detras-de-la-creacion-de-los-comedores-fantasmas\\\/#breadcrumb\"},\"inLanguage\":\"es\",\"potentialAction\":[{\"@type\":\"ReadAction\",\"target\":[\"https:\\\/\\\/diarioprincipios.com\\\/index.php\\\/2024\\\/05\\\/23\\\/senalan-al-macrismo-detras-de-la-creacion-de-los-comedores-fantasmas\\\/\"]}]},{\"@type\":\"ImageObject\",\"inLanguage\":\"es\",\"@id\":\"https:\\\/\\\/diarioprincipios.com\\\/index.php\\\/2024\\\/05\\\/23\\\/senalan-al-macrismo-detras-de-la-creacion-de-los-comedores-fantasmas\\\/#primaryimage\",\"url\":\"https:\\\/\\\/diarioprincipios.com\\\/wp-content\\\/uploads\\\/2024\\\/05\\\/Screenshot_20240523_120519_Gallery-1-scaled.jpg\",\"contentUrl\":\"https:\\\/\\\/diarioprincipios.com\\\/wp-content\\\/uploads\\\/2024\\\/05\\\/Screenshot_20240523_120519_Gallery-1-scaled.jpg\",\"width\":2375,\"height\":2560},{\"@type\":\"BreadcrumbList\",\"@id\":\"https:\\\/\\\/diarioprincipios.com\\\/index.php\\\/2024\\\/05\\\/23\\\/senalan-al-macrismo-detras-de-la-creacion-de-los-comedores-fantasmas\\\/#breadcrumb\",\"itemListElement\":[{\"@type\":\"ListItem\",\"position\":1,\"name\":\"Portada\",\"item\":\"https:\\\/\\\/diarioprincipios.com\\\/\"},{\"@type\":\"ListItem\",\"position\":2,\"name\":\"Se\u00f1alan al macrismo detr\u00e1s de la creaci\u00f3n de los comedores fantasmas\"}]},{\"@type\":\"WebSite\",\"@id\":\"https:\\\/\\\/diarioprincipios.com\\\/#website\",\"url\":\"https:\\\/\\\/diarioprincipios.com\\\/\",\"name\":\"Principios\",\"description\":\"Principios Diario\",\"publisher\":{\"@id\":\"https:\\\/\\\/diarioprincipios.com\\\/#organization\"},\"potentialAction\":[{\"@type\":\"SearchAction\",\"target\":{\"@type\":\"EntryPoint\",\"urlTemplate\":\"https:\\\/\\\/diarioprincipios.com\\\/?s={search_term_string}\"},\"query-input\":{\"@type\":\"PropertyValueSpecification\",\"valueRequired\":true,\"valueName\":\"search_term_string\"}}],\"inLanguage\":\"es\"},{\"@type\":\"Organization\",\"@id\":\"https:\\\/\\\/diarioprincipios.com\\\/#organization\",\"name\":\"Principios\",\"url\":\"https:\\\/\\\/diarioprincipios.com\\\/\",\"logo\":{\"@type\":\"ImageObject\",\"inLanguage\":\"es\",\"@id\":\"https:\\\/\\\/diarioprincipios.com\\\/#\\\/schema\\\/logo\\\/image\\\/\",\"url\":\"https:\\\/\\\/diarioprincipios.com\\\/wp-content\\\/uploads\\\/2024\\\/04\\\/cropped-www.diarioprincipios.com_-1.png\",\"contentUrl\":\"https:\\\/\\\/diarioprincipios.com\\\/wp-content\\\/uploads\\\/2024\\\/04\\\/cropped-www.diarioprincipios.com_-1.png\",\"width\":5325,\"height\":1454,\"caption\":\"Principios\"},\"image\":{\"@id\":\"https:\\\/\\\/diarioprincipios.com\\\/#\\\/schema\\\/logo\\\/image\\\/\"}},{\"@type\":\"Person\",\"@id\":\"https:\\\/\\\/diarioprincipios.com\\\/#\\\/schema\\\/person\\\/436d5a1fd41a5e250e23ff5a6a7cb080\",\"name\":\"Hern\u00e1n L\u00f3pez\",\"image\":{\"@type\":\"ImageObject\",\"inLanguage\":\"es\",\"@id\":\"https:\\\/\\\/diarioprincipios.com\\\/wp-content\\\/litespeed\\\/avatar\\\/11ddfe5610ff3bd100522525b2571f48.jpg?ver=1777653193\",\"url\":\"https:\\\/\\\/diarioprincipios.com\\\/wp-content\\\/litespeed\\\/avatar\\\/11ddfe5610ff3bd100522525b2571f48.jpg?ver=1777653193\",\"contentUrl\":\"https:\\\/\\\/diarioprincipios.com\\\/wp-content\\\/litespeed\\\/avatar\\\/11ddfe5610ff3bd100522525b2571f48.jpg?ver=1777653193\",\"caption\":\"Hern\u00e1n L\u00f3pez\"},\"url\":\"https:\\\/\\\/diarioprincipios.com\\\/index.php\\\/author\\\/hernan\\\/\"}]}<\/script>\n<!-- \/ Yoast SEO plugin. -->","yoast_head_json":{"title":"Se\u00f1alan al macrismo detr\u00e1s de la creaci\u00f3n de los comedores fantasmas - Principios","robots":{"index":"index","follow":"follow","max-snippet":"max-snippet:-1","max-image-preview":"max-image-preview:large","max-video-preview":"max-video-preview:-1"},"canonical":"https:\/\/diarioprincipios.com\/index.php\/2024\/05\/23\/senalan-al-macrismo-detras-de-la-creacion-de-los-comedores-fantasmas\/","og_locale":"es_ES","og_type":"article","og_title":"Se\u00f1alan al macrismo detr\u00e1s de la creaci\u00f3n de los comedores fantasmas - Principios","og_description":"Seg\u00fan la denuncia de una exconcejal de Cambiemos de Berazategui, los pol\u00e9micos comedores y merenderos allanados en las \u00faltimas semanas en la provincia de Buenos Aires, habr\u00edan sido un invento perge\u00f1ado en momentos en que el macrismo gobernaba la provincia de Buenos Aires y la Naci\u00f3n.As\u00ed lo dej\u00f3 en claro la Concejal (mandato cumplido) Alicia...","og_url":"https:\/\/diarioprincipios.com\/index.php\/2024\/05\/23\/senalan-al-macrismo-detras-de-la-creacion-de-los-comedores-fantasmas\/","og_site_name":"Principios","article_published_time":"2024-05-23T15:07:51+00:00","article_modified_time":"2024-05-23T15:24:58+00:00","og_image":[{"width":2375,"height":2560,"url":"https:\/\/diarioprincipios.com\/wp-content\/uploads\/2024\/05\/Screenshot_20240523_120519_Gallery-1-scaled.jpg","type":"image\/jpeg"}],"author":"Hern\u00e1n L\u00f3pez","twitter_card":"summary_large_image","twitter_misc":{"Escrito por":"Hern\u00e1n L\u00f3pez","Tiempo de lectura":"2 minutos"},"schema":{"@context":"https:\/\/schema.org","@graph":[{"@type":"Article","@id":"https:\/\/diarioprincipios.com\/index.php\/2024\/05\/23\/senalan-al-macrismo-detras-de-la-creacion-de-los-comedores-fantasmas\/#article","isPartOf":{"@id":"https:\/\/diarioprincipios.com\/index.php\/2024\/05\/23\/senalan-al-macrismo-detras-de-la-creacion-de-los-comedores-fantasmas\/"},"author":{"name":"Hern\u00e1n L\u00f3pez","@id":"https:\/\/diarioprincipios.com\/#\/schema\/person\/436d5a1fd41a5e250e23ff5a6a7cb080"},"headline":"Se\u00f1alan al macrismo detr\u00e1s de la creaci\u00f3n de los comedores fantasmas","datePublished":"2024-05-23T15:07:51+00:00","dateModified":"2024-05-23T15:24:58+00:00","mainEntityOfPage":{"@id":"https:\/\/diarioprincipios.com\/index.php\/2024\/05\/23\/senalan-al-macrismo-detras-de-la-creacion-de-los-comedores-fantasmas\/"},"wordCount":350,"commentCount":0,"publisher":{"@id":"https:\/\/diarioprincipios.com\/#organization"},"image":{"@id":"https:\/\/diarioprincipios.com\/index.php\/2024\/05\/23\/senalan-al-macrismo-detras-de-la-creacion-de-los-comedores-fantasmas\/#primaryimage"},"thumbnailUrl":"https:\/\/diarioprincipios.com\/wp-content\/uploads\/2024\/05\/Screenshot_20240523_120519_Gallery-1-scaled.jpg","articleSection":["Berazategui"],"inLanguage":"es","potentialAction":[{"@type":"CommentAction","name":"Comment","target":["https:\/\/diarioprincipios.com\/index.php\/2024\/05\/23\/senalan-al-macrismo-detras-de-la-creacion-de-los-comedores-fantasmas\/#respond"]}]},{"@type":"WebPage","@id":"https:\/\/diarioprincipios.com\/index.php\/2024\/05\/23\/senalan-al-macrismo-detras-de-la-creacion-de-los-comedores-fantasmas\/","url":"https:\/\/diarioprincipios.com\/index.php\/2024\/05\/23\/senalan-al-macrismo-detras-de-la-creacion-de-los-comedores-fantasmas\/","name":"Se\u00f1alan al macrismo detr\u00e1s de la creaci\u00f3n de los comedores fantasmas - Principios","isPartOf":{"@id":"https:\/\/diarioprincipios.com\/#website"},"primaryImageOfPage":{"@id":"https:\/\/diarioprincipios.com\/index.php\/2024\/05\/23\/senalan-al-macrismo-detras-de-la-creacion-de-los-comedores-fantasmas\/#primaryimage"},"image":{"@id":"https:\/\/diarioprincipios.com\/index.php\/2024\/05\/23\/senalan-al-macrismo-detras-de-la-creacion-de-los-comedores-fantasmas\/#primaryimage"},"thumbnailUrl":"https:\/\/diarioprincipios.com\/wp-content\/uploads\/2024\/05\/Screenshot_20240523_120519_Gallery-1-scaled.jpg","datePublished":"2024-05-23T15:07:51+00:00","dateModified":"2024-05-23T15:24:58+00:00","breadcrumb":{"@id":"https:\/\/diarioprincipios.com\/index.php\/2024\/05\/23\/senalan-al-macrismo-detras-de-la-creacion-de-los-comedores-fantasmas\/#breadcrumb"},"inLanguage":"es","potentialAction":[{"@type":"ReadAction","target":["https:\/\/diarioprincipios.com\/index.php\/2024\/05\/23\/senalan-al-macrismo-detras-de-la-creacion-de-los-comedores-fantasmas\/"]}]},{"@type":"ImageObject","inLanguage":"es","@id":"https:\/\/diarioprincipios.com\/index.php\/2024\/05\/23\/senalan-al-macrismo-detras-de-la-creacion-de-los-comedores-fantasmas\/#primaryimage","url":"https:\/\/diarioprincipios.com\/wp-content\/uploads\/2024\/05\/Screenshot_20240523_120519_Gallery-1-scaled.jpg","contentUrl":"https:\/\/diarioprincipios.com\/wp-content\/uploads\/2024\/05\/Screenshot_20240523_120519_Gallery-1-scaled.jpg","width":2375,"height":2560},{"@type":"BreadcrumbList","@id":"https:\/\/diarioprincipios.com\/index.php\/2024\/05\/23\/senalan-al-macrismo-detras-de-la-creacion-de-los-comedores-fantasmas\/#breadcrumb","itemListElement":[{"@type":"ListItem","position":1,"name":"Portada","item":"https:\/\/diarioprincipios.com\/"},{"@type":"ListItem","position":2,"name":"Se\u00f1alan al macrismo detr\u00e1s de la creaci\u00f3n de los comedores fantasmas"}]},{"@type":"WebSite","@id":"https:\/\/diarioprincipios.com\/#website","url":"https:\/\/diarioprincipios.com\/","name":"Principios","description":"Principios Diario","publisher":{"@id":"https:\/\/diarioprincipios.com\/#organization"},"potentialAction":[{"@type":"SearchAction","target":{"@type":"EntryPoint","urlTemplate":"https:\/\/diarioprincipios.com\/?s={search_term_string}"},"query-input":{"@type":"PropertyValueSpecification","valueRequired":true,"valueName":"search_term_string"}}],"inLanguage":"es"},{"@type":"Organization","@id":"https:\/\/diarioprincipios.com\/#organization","name":"Principios","url":"https:\/\/diarioprincipios.com\/","logo":{"@type":"ImageObject","inLanguage":"es","@id":"https:\/\/diarioprincipios.com\/#\/schema\/logo\/image\/","url":"https:\/\/diarioprincipios.com\/wp-content\/uploads\/2024\/04\/cropped-www.diarioprincipios.com_-1.png","contentUrl":"https:\/\/diarioprincipios.com\/wp-content\/uploads\/2024\/04\/cropped-www.diarioprincipios.com_-1.png","width":5325,"height":1454,"caption":"Principios"},"image":{"@id":"https:\/\/diarioprincipios.com\/#\/schema\/logo\/image\/"}},{"@type":"Person","@id":"https:\/\/diarioprincipios.com\/#\/schema\/person\/436d5a1fd41a5e250e23ff5a6a7cb080","name":"Hern\u00e1n L\u00f3pez","image":{"@type":"ImageObject","inLanguage":"es","@id":"https:\/\/diarioprincipios.com\/wp-content\/litespeed\/avatar\/11ddfe5610ff3bd100522525b2571f48.jpg?ver=1777653193","url":"https:\/\/diarioprincipios.com\/wp-content\/litespeed\/avatar\/11ddfe5610ff3bd100522525b2571f48.jpg?ver=1777653193","contentUrl":"https:\/\/diarioprincipios.com\/wp-content\/litespeed\/avatar\/11ddfe5610ff3bd100522525b2571f48.jpg?ver=1777653193","caption":"Hern\u00e1n L\u00f3pez"},"url":"https:\/\/diarioprincipios.com\/index.php\/author\/hernan\/"}]}},"jetpack_featured_media_url":"https:\/\/diarioprincipios.com\/wp-content\/uploads\/2024\/05\/Screenshot_20240523_120519_Gallery-1-scaled.jpg","_links":{"self":[{"href":"https:\/\/diarioprincipios.com\/index.php\/wp-json\/wp\/v2\/posts\/21967","targetHints":{"allow":["GET"]}}],"collection":[{"href":"https:\/\/diarioprincipios.com\/index.php\/wp-json\/wp\/v2\/posts"}],"about":[{"href":"https:\/\/diarioprincipios.com\/index.php\/wp-json\/wp\/v2\/types\/post"}],"author":[{"embeddable":true,"href":"https:\/\/diarioprincipios.com\/index.php\/wp-json\/wp\/v2\/users\/2"}],"replies":[{"embeddable":true,"href":"https:\/\/diarioprincipios.com\/index.php\/wp-json\/wp\/v2\/comments?post=21967"}],"version-history":[{"count":1,"href":"https:\/\/diarioprincipios.com\/index.php\/wp-json\/wp\/v2\/posts\/21967\/revisions"}],"predecessor-version":[{"id":21969,"href":"https:\/\/diarioprincipios.com\/index.php\/wp-json\/wp\/v2\/posts\/21967\/revisions\/21969"}],"wp:featuredmedia":[{"embeddable":true,"href":"https:\/\/diarioprincipios.com\/index.php\/wp-json\/wp\/v2\/media\/21970"}],"wp:attachment":[{"href":"https:\/\/diarioprincipios.com\/index.php\/wp-json\/wp\/v2\/media?parent=21967"}],"wp:term":[{"taxonomy":"category","embeddable":true,"href":"https:\/\/diarioprincipios.com\/index.php\/wp-json\/wp\/v2\/categories?post=21967"},{"taxonomy":"post_tag","embeddable":true,"href":"https:\/\/diarioprincipios.com\/index.php\/wp-json\/wp\/v2\/tags?post=21967"}],"curies":[{"name":"wp","href":"https:\/\/api.w.org\/{rel}","templated":true}]}}