{"id":21956,"date":"2024-05-22T11:02:24","date_gmt":"2024-05-22T14:02:24","guid":{"rendered":"http:\/\/diarioprincipios.com\/?p=21956"},"modified":"2024-05-22T11:03:05","modified_gmt":"2024-05-22T14:03:05","slug":"marcha-de-antorchas-en-defensa-de-la-universidad-publica","status":"publish","type":"post","link":"https:\/\/diarioprincipios.com\/index.php\/2024\/05\/22\/marcha-de-antorchas-en-defensa-de-la-universidad-publica\/","title":{"rendered":"Marcha de Antorchas en Defensa de la Universidad P\u00fablica"},"content":{"rendered":"\n<p>Este mi\u00e9rcoles 22 de mayo a las 18 horas se realizar\u00e1 una Marcha de Antorchas en defensa de la Educaci\u00f3n P\u00fablica partiendo de la Rotonda de ingreso a la UNAJ, sobre Avenida Calchaqu\u00ed.<br>Esta actividad se realizar\u00e1 en simult\u00e1neo en la puerta de las universidades del pa\u00eds.<\/p>\n\n\n\n<p>Durante todo el d\u00eda, docentes, No docentes, graduados y estudiantes estar\u00e1n difundiendo esta importante jornada.<\/p>\n\n\n\n<p>Ma\u00f1ana, jueves 23 de mayo habr\u00e1 Paro Nacional Universitario Docente y No docente, con cese total de actividades en defensa de la educaci\u00f3n p\u00fablica.<\/p>\n\n\n\n<p>\u00abExigimos mayor presupuesto para el sistema universitario, aumento salarial y m\u00e1s becas para estudiantes\u00bb, sostuvieron desde la comunidad educativa de la UNAJ.<\/p>\n","protected":false},"excerpt":{"rendered":"<p>Este mi\u00e9rcoles 22 de mayo a las 18 horas se realizar\u00e1 una Marcha de Antorchas en defensa de la Educaci\u00f3n P\u00fablica partiendo de la Rotonda de ingreso a la UNAJ, sobre Avenida Calchaqu\u00ed.Esta actividad se realizar\u00e1 en simult\u00e1neo en la puerta de las universidades del pa\u00eds. Durante todo el d\u00eda, docentes, No docentes, graduados y&#8230;<\/p>\n","protected":false},"author":2,"featured_media":21957,"comment_status":"open","ping_status":"open","sticky":false,"template":"","format":"standard","meta":{"footnotes":""},"categories":[17],"tags":[],"class_list":["post-21956","post","type-post","status-publish","format-standard","has-post-thumbnail","hentry","category-zona-sur"],"featured_image_src":"https:\/\/diarioprincipios.com\/wp-content\/uploads\/2024\/05\/FB_IMG_1716386493403-819x1024.jpg","blog_images":{"medium":"https:\/\/diarioprincipios.com\/wp-content\/uploads\/2024\/05\/FB_IMG_1716386493403-240x300.jpg","large":"https:\/\/diarioprincipios.com\/wp-content\/uploads\/2024\/05\/FB_IMG_1716386493403-819x1024.jpg"},"ams_acf":[],"yoast_head":"<!-- This site is optimized with the Yoast SEO plugin v27.3 - https:\/\/yoast.com\/product\/yoast-seo-wordpress\/ -->\n<title>Marcha de Antorchas en Defensa de la Universidad P\u00fablica - Principios<\/title>\n<meta name=\"robots\" content=\"index, follow, max-snippet:-1, max-image-preview:large, max-video-preview:-1\" \/>\n<link rel=\"canonical\" href=\"https:\/\/diarioprincipios.com\/index.php\/2024\/05\/22\/marcha-de-antorchas-en-defensa-de-la-universidad-publica\/\" \/>\n<meta property=\"og:locale\" content=\"es_ES\" \/>\n<meta property=\"og:type\" content=\"article\" \/>\n<meta property=\"og:title\" content=\"Marcha de Antorchas en Defensa de la Universidad P\u00fablica - Principios\" \/>\n<meta property=\"og:description\" content=\"Este mi\u00e9rcoles 22 de mayo a las 18 horas se realizar\u00e1 una Marcha de Antorchas en defensa de la Educaci\u00f3n P\u00fablica partiendo de la Rotonda de ingreso a la UNAJ, sobre Avenida Calchaqu\u00ed.Esta actividad se realizar\u00e1 en simult\u00e1neo en la puerta de las universidades del pa\u00eds. Durante todo el d\u00eda, docentes, No docentes, graduados y...\" \/>\n<meta property=\"og:url\" content=\"https:\/\/diarioprincipios.com\/index.php\/2024\/05\/22\/marcha-de-antorchas-en-defensa-de-la-universidad-publica\/\" \/>\n<meta property=\"og:site_name\" content=\"Principios\" \/>\n<meta property=\"article:published_time\" content=\"2024-05-22T14:02:24+00:00\" \/>\n<meta property=\"article:modified_time\" content=\"2024-05-22T14:03:05+00:00\" \/>\n<meta property=\"og:image\" content=\"https:\/\/diarioprincipios.com\/wp-content\/uploads\/2024\/05\/FB_IMG_1716386493403.jpg\" \/>\n\t<meta property=\"og:image:width\" content=\"1080\" \/>\n\t<meta property=\"og:image:height\" content=\"1350\" \/>\n\t<meta property=\"og:image:type\" content=\"image\/jpeg\" \/>\n<meta name=\"author\" content=\"Hern\u00e1n L\u00f3pez\" \/>\n<meta name=\"twitter:card\" content=\"summary_large_image\" \/>\n<meta name=\"twitter:label1\" content=\"Escrito por\" \/>\n\t<meta name=\"twitter:data1\" content=\"Hern\u00e1n L\u00f3pez\" \/>\n\t<meta name=\"twitter:label2\" content=\"Tiempo de lectura\" \/>\n\t<meta name=\"twitter:data2\" content=\"1 minuto\" \/>\n<script type=\"application\/ld+json\" class=\"yoast-schema-graph\">{\"@context\":\"https:\\\/\\\/schema.org\",\"@graph\":[{\"@type\":\"Article\",\"@id\":\"https:\\\/\\\/diarioprincipios.com\\\/index.php\\\/2024\\\/05\\\/22\\\/marcha-de-antorchas-en-defensa-de-la-universidad-publica\\\/#article\",\"isPartOf\":{\"@id\":\"https:\\\/\\\/diarioprincipios.com\\\/index.php\\\/2024\\\/05\\\/22\\\/marcha-de-antorchas-en-defensa-de-la-universidad-publica\\\/\"},\"author\":{\"name\":\"Hern\u00e1n L\u00f3pez\",\"@id\":\"https:\\\/\\\/diarioprincipios.com\\\/#\\\/schema\\\/person\\\/436d5a1fd41a5e250e23ff5a6a7cb080\"},\"headline\":\"Marcha de Antorchas en Defensa de la Universidad P\u00fablica\",\"datePublished\":\"2024-05-22T14:02:24+00:00\",\"dateModified\":\"2024-05-22T14:03:05+00:00\",\"mainEntityOfPage\":{\"@id\":\"https:\\\/\\\/diarioprincipios.com\\\/index.php\\\/2024\\\/05\\\/22\\\/marcha-de-antorchas-en-defensa-de-la-universidad-publica\\\/\"},\"wordCount\":126,\"commentCount\":0,\"publisher\":{\"@id\":\"https:\\\/\\\/diarioprincipios.com\\\/#organization\"},\"image\":{\"@id\":\"https:\\\/\\\/diarioprincipios.com\\\/index.php\\\/2024\\\/05\\\/22\\\/marcha-de-antorchas-en-defensa-de-la-universidad-publica\\\/#primaryimage\"},\"thumbnailUrl\":\"https:\\\/\\\/diarioprincipios.com\\\/wp-content\\\/uploads\\\/2024\\\/05\\\/FB_IMG_1716386493403.jpg\",\"articleSection\":[\"Zonar Sur\"],\"inLanguage\":\"es\",\"potentialAction\":[{\"@type\":\"CommentAction\",\"name\":\"Comment\",\"target\":[\"https:\\\/\\\/diarioprincipios.com\\\/index.php\\\/2024\\\/05\\\/22\\\/marcha-de-antorchas-en-defensa-de-la-universidad-publica\\\/#respond\"]}]},{\"@type\":\"WebPage\",\"@id\":\"https:\\\/\\\/diarioprincipios.com\\\/index.php\\\/2024\\\/05\\\/22\\\/marcha-de-antorchas-en-defensa-de-la-universidad-publica\\\/\",\"url\":\"https:\\\/\\\/diarioprincipios.com\\\/index.php\\\/2024\\\/05\\\/22\\\/marcha-de-antorchas-en-defensa-de-la-universidad-publica\\\/\",\"name\":\"Marcha de Antorchas en Defensa de la Universidad P\u00fablica - Principios\",\"isPartOf\":{\"@id\":\"https:\\\/\\\/diarioprincipios.com\\\/#website\"},\"primaryImageOfPage\":{\"@id\":\"https:\\\/\\\/diarioprincipios.com\\\/index.php\\\/2024\\\/05\\\/22\\\/marcha-de-antorchas-en-defensa-de-la-universidad-publica\\\/#primaryimage\"},\"image\":{\"@id\":\"https:\\\/\\\/diarioprincipios.com\\\/index.php\\\/2024\\\/05\\\/22\\\/marcha-de-antorchas-en-defensa-de-la-universidad-publica\\\/#primaryimage\"},\"thumbnailUrl\":\"https:\\\/\\\/diarioprincipios.com\\\/wp-content\\\/uploads\\\/2024\\\/05\\\/FB_IMG_1716386493403.jpg\",\"datePublished\":\"2024-05-22T14:02:24+00:00\",\"dateModified\":\"2024-05-22T14:03:05+00:00\",\"breadcrumb\":{\"@id\":\"https:\\\/\\\/diarioprincipios.com\\\/index.php\\\/2024\\\/05\\\/22\\\/marcha-de-antorchas-en-defensa-de-la-universidad-publica\\\/#breadcrumb\"},\"inLanguage\":\"es\",\"potentialAction\":[{\"@type\":\"ReadAction\",\"target\":[\"https:\\\/\\\/diarioprincipios.com\\\/index.php\\\/2024\\\/05\\\/22\\\/marcha-de-antorchas-en-defensa-de-la-universidad-publica\\\/\"]}]},{\"@type\":\"ImageObject\",\"inLanguage\":\"es\",\"@id\":\"https:\\\/\\\/diarioprincipios.com\\\/index.php\\\/2024\\\/05\\\/22\\\/marcha-de-antorchas-en-defensa-de-la-universidad-publica\\\/#primaryimage\",\"url\":\"https:\\\/\\\/diarioprincipios.com\\\/wp-content\\\/uploads\\\/2024\\\/05\\\/FB_IMG_1716386493403.jpg\",\"contentUrl\":\"https:\\\/\\\/diarioprincipios.com\\\/wp-content\\\/uploads\\\/2024\\\/05\\\/FB_IMG_1716386493403.jpg\",\"width\":1080,\"height\":1350},{\"@type\":\"BreadcrumbList\",\"@id\":\"https:\\\/\\\/diarioprincipios.com\\\/index.php\\\/2024\\\/05\\\/22\\\/marcha-de-antorchas-en-defensa-de-la-universidad-publica\\\/#breadcrumb\",\"itemListElement\":[{\"@type\":\"ListItem\",\"position\":1,\"name\":\"Portada\",\"item\":\"https:\\\/\\\/diarioprincipios.com\\\/\"},{\"@type\":\"ListItem\",\"position\":2,\"name\":\"Marcha de Antorchas en Defensa de la Universidad P\u00fablica\"}]},{\"@type\":\"WebSite\",\"@id\":\"https:\\\/\\\/diarioprincipios.com\\\/#website\",\"url\":\"https:\\\/\\\/diarioprincipios.com\\\/\",\"name\":\"Principios\",\"description\":\"Principios Diario\",\"publisher\":{\"@id\":\"https:\\\/\\\/diarioprincipios.com\\\/#organization\"},\"potentialAction\":[{\"@type\":\"SearchAction\",\"target\":{\"@type\":\"EntryPoint\",\"urlTemplate\":\"https:\\\/\\\/diarioprincipios.com\\\/?s={search_term_string}\"},\"query-input\":{\"@type\":\"PropertyValueSpecification\",\"valueRequired\":true,\"valueName\":\"search_term_string\"}}],\"inLanguage\":\"es\"},{\"@type\":\"Organization\",\"@id\":\"https:\\\/\\\/diarioprincipios.com\\\/#organization\",\"name\":\"Principios\",\"url\":\"https:\\\/\\\/diarioprincipios.com\\\/\",\"logo\":{\"@type\":\"ImageObject\",\"inLanguage\":\"es\",\"@id\":\"https:\\\/\\\/diarioprincipios.com\\\/#\\\/schema\\\/logo\\\/image\\\/\",\"url\":\"https:\\\/\\\/diarioprincipios.com\\\/wp-content\\\/uploads\\\/2024\\\/04\\\/cropped-www.diarioprincipios.com_-1.png\",\"contentUrl\":\"https:\\\/\\\/diarioprincipios.com\\\/wp-content\\\/uploads\\\/2024\\\/04\\\/cropped-www.diarioprincipios.com_-1.png\",\"width\":5325,\"height\":1454,\"caption\":\"Principios\"},\"image\":{\"@id\":\"https:\\\/\\\/diarioprincipios.com\\\/#\\\/schema\\\/logo\\\/image\\\/\"}},{\"@type\":\"Person\",\"@id\":\"https:\\\/\\\/diarioprincipios.com\\\/#\\\/schema\\\/person\\\/436d5a1fd41a5e250e23ff5a6a7cb080\",\"name\":\"Hern\u00e1n L\u00f3pez\",\"image\":{\"@type\":\"ImageObject\",\"inLanguage\":\"es\",\"@id\":\"https:\\\/\\\/diarioprincipios.com\\\/wp-content\\\/litespeed\\\/avatar\\\/11ddfe5610ff3bd100522525b2571f48.jpg?ver=1777653193\",\"url\":\"https:\\\/\\\/diarioprincipios.com\\\/wp-content\\\/litespeed\\\/avatar\\\/11ddfe5610ff3bd100522525b2571f48.jpg?ver=1777653193\",\"contentUrl\":\"https:\\\/\\\/diarioprincipios.com\\\/wp-content\\\/litespeed\\\/avatar\\\/11ddfe5610ff3bd100522525b2571f48.jpg?ver=1777653193\",\"caption\":\"Hern\u00e1n L\u00f3pez\"},\"url\":\"https:\\\/\\\/diarioprincipios.com\\\/index.php\\\/author\\\/hernan\\\/\"}]}<\/script>\n<!-- \/ Yoast SEO plugin. -->","yoast_head_json":{"title":"Marcha de Antorchas en Defensa de la Universidad P\u00fablica - Principios","robots":{"index":"index","follow":"follow","max-snippet":"max-snippet:-1","max-image-preview":"max-image-preview:large","max-video-preview":"max-video-preview:-1"},"canonical":"https:\/\/diarioprincipios.com\/index.php\/2024\/05\/22\/marcha-de-antorchas-en-defensa-de-la-universidad-publica\/","og_locale":"es_ES","og_type":"article","og_title":"Marcha de Antorchas en Defensa de la Universidad P\u00fablica - Principios","og_description":"Este mi\u00e9rcoles 22 de mayo a las 18 horas se realizar\u00e1 una Marcha de Antorchas en defensa de la Educaci\u00f3n P\u00fablica partiendo de la Rotonda de ingreso a la UNAJ, sobre Avenida Calchaqu\u00ed.Esta actividad se realizar\u00e1 en simult\u00e1neo en la puerta de las universidades del pa\u00eds. Durante todo el d\u00eda, docentes, No docentes, graduados y...","og_url":"https:\/\/diarioprincipios.com\/index.php\/2024\/05\/22\/marcha-de-antorchas-en-defensa-de-la-universidad-publica\/","og_site_name":"Principios","article_published_time":"2024-05-22T14:02:24+00:00","article_modified_time":"2024-05-22T14:03:05+00:00","og_image":[{"width":1080,"height":1350,"url":"https:\/\/diarioprincipios.com\/wp-content\/uploads\/2024\/05\/FB_IMG_1716386493403.jpg","type":"image\/jpeg"}],"author":"Hern\u00e1n L\u00f3pez","twitter_card":"summary_large_image","twitter_misc":{"Escrito por":"Hern\u00e1n L\u00f3pez","Tiempo de lectura":"1 minuto"},"schema":{"@context":"https:\/\/schema.org","@graph":[{"@type":"Article","@id":"https:\/\/diarioprincipios.com\/index.php\/2024\/05\/22\/marcha-de-antorchas-en-defensa-de-la-universidad-publica\/#article","isPartOf":{"@id":"https:\/\/diarioprincipios.com\/index.php\/2024\/05\/22\/marcha-de-antorchas-en-defensa-de-la-universidad-publica\/"},"author":{"name":"Hern\u00e1n L\u00f3pez","@id":"https:\/\/diarioprincipios.com\/#\/schema\/person\/436d5a1fd41a5e250e23ff5a6a7cb080"},"headline":"Marcha de Antorchas en Defensa de la Universidad P\u00fablica","datePublished":"2024-05-22T14:02:24+00:00","dateModified":"2024-05-22T14:03:05+00:00","mainEntityOfPage":{"@id":"https:\/\/diarioprincipios.com\/index.php\/2024\/05\/22\/marcha-de-antorchas-en-defensa-de-la-universidad-publica\/"},"wordCount":126,"commentCount":0,"publisher":{"@id":"https:\/\/diarioprincipios.com\/#organization"},"image":{"@id":"https:\/\/diarioprincipios.com\/index.php\/2024\/05\/22\/marcha-de-antorchas-en-defensa-de-la-universidad-publica\/#primaryimage"},"thumbnailUrl":"https:\/\/diarioprincipios.com\/wp-content\/uploads\/2024\/05\/FB_IMG_1716386493403.jpg","articleSection":["Zonar Sur"],"inLanguage":"es","potentialAction":[{"@type":"CommentAction","name":"Comment","target":["https:\/\/diarioprincipios.com\/index.php\/2024\/05\/22\/marcha-de-antorchas-en-defensa-de-la-universidad-publica\/#respond"]}]},{"@type":"WebPage","@id":"https:\/\/diarioprincipios.com\/index.php\/2024\/05\/22\/marcha-de-antorchas-en-defensa-de-la-universidad-publica\/","url":"https:\/\/diarioprincipios.com\/index.php\/2024\/05\/22\/marcha-de-antorchas-en-defensa-de-la-universidad-publica\/","name":"Marcha de Antorchas en Defensa de la Universidad P\u00fablica - Principios","isPartOf":{"@id":"https:\/\/diarioprincipios.com\/#website"},"primaryImageOfPage":{"@id":"https:\/\/diarioprincipios.com\/index.php\/2024\/05\/22\/marcha-de-antorchas-en-defensa-de-la-universidad-publica\/#primaryimage"},"image":{"@id":"https:\/\/diarioprincipios.com\/index.php\/2024\/05\/22\/marcha-de-antorchas-en-defensa-de-la-universidad-publica\/#primaryimage"},"thumbnailUrl":"https:\/\/diarioprincipios.com\/wp-content\/uploads\/2024\/05\/FB_IMG_1716386493403.jpg","datePublished":"2024-05-22T14:02:24+00:00","dateModified":"2024-05-22T14:03:05+00:00","breadcrumb":{"@id":"https:\/\/diarioprincipios.com\/index.php\/2024\/05\/22\/marcha-de-antorchas-en-defensa-de-la-universidad-publica\/#breadcrumb"},"inLanguage":"es","potentialAction":[{"@type":"ReadAction","target":["https:\/\/diarioprincipios.com\/index.php\/2024\/05\/22\/marcha-de-antorchas-en-defensa-de-la-universidad-publica\/"]}]},{"@type":"ImageObject","inLanguage":"es","@id":"https:\/\/diarioprincipios.com\/index.php\/2024\/05\/22\/marcha-de-antorchas-en-defensa-de-la-universidad-publica\/#primaryimage","url":"https:\/\/diarioprincipios.com\/wp-content\/uploads\/2024\/05\/FB_IMG_1716386493403.jpg","contentUrl":"https:\/\/diarioprincipios.com\/wp-content\/uploads\/2024\/05\/FB_IMG_1716386493403.jpg","width":1080,"height":1350},{"@type":"BreadcrumbList","@id":"https:\/\/diarioprincipios.com\/index.php\/2024\/05\/22\/marcha-de-antorchas-en-defensa-de-la-universidad-publica\/#breadcrumb","itemListElement":[{"@type":"ListItem","position":1,"name":"Portada","item":"https:\/\/diarioprincipios.com\/"},{"@type":"ListItem","position":2,"name":"Marcha de Antorchas en Defensa de la Universidad P\u00fablica"}]},{"@type":"WebSite","@id":"https:\/\/diarioprincipios.com\/#website","url":"https:\/\/diarioprincipios.com\/","name":"Principios","description":"Principios Diario","publisher":{"@id":"https:\/\/diarioprincipios.com\/#organization"},"potentialAction":[{"@type":"SearchAction","target":{"@type":"EntryPoint","urlTemplate":"https:\/\/diarioprincipios.com\/?s={search_term_string}"},"query-input":{"@type":"PropertyValueSpecification","valueRequired":true,"valueName":"search_term_string"}}],"inLanguage":"es"},{"@type":"Organization","@id":"https:\/\/diarioprincipios.com\/#organization","name":"Principios","url":"https:\/\/diarioprincipios.com\/","logo":{"@type":"ImageObject","inLanguage":"es","@id":"https:\/\/diarioprincipios.com\/#\/schema\/logo\/image\/","url":"https:\/\/diarioprincipios.com\/wp-content\/uploads\/2024\/04\/cropped-www.diarioprincipios.com_-1.png","contentUrl":"https:\/\/diarioprincipios.com\/wp-content\/uploads\/2024\/04\/cropped-www.diarioprincipios.com_-1.png","width":5325,"height":1454,"caption":"Principios"},"image":{"@id":"https:\/\/diarioprincipios.com\/#\/schema\/logo\/image\/"}},{"@type":"Person","@id":"https:\/\/diarioprincipios.com\/#\/schema\/person\/436d5a1fd41a5e250e23ff5a6a7cb080","name":"Hern\u00e1n L\u00f3pez","image":{"@type":"ImageObject","inLanguage":"es","@id":"https:\/\/diarioprincipios.com\/wp-content\/litespeed\/avatar\/11ddfe5610ff3bd100522525b2571f48.jpg?ver=1777653193","url":"https:\/\/diarioprincipios.com\/wp-content\/litespeed\/avatar\/11ddfe5610ff3bd100522525b2571f48.jpg?ver=1777653193","contentUrl":"https:\/\/diarioprincipios.com\/wp-content\/litespeed\/avatar\/11ddfe5610ff3bd100522525b2571f48.jpg?ver=1777653193","caption":"Hern\u00e1n L\u00f3pez"},"url":"https:\/\/diarioprincipios.com\/index.php\/author\/hernan\/"}]}},"jetpack_featured_media_url":"https:\/\/diarioprincipios.com\/wp-content\/uploads\/2024\/05\/FB_IMG_1716386493403.jpg","_links":{"self":[{"href":"https:\/\/diarioprincipios.com\/index.php\/wp-json\/wp\/v2\/posts\/21956","targetHints":{"allow":["GET"]}}],"collection":[{"href":"https:\/\/diarioprincipios.com\/index.php\/wp-json\/wp\/v2\/posts"}],"about":[{"href":"https:\/\/diarioprincipios.com\/index.php\/wp-json\/wp\/v2\/types\/post"}],"author":[{"embeddable":true,"href":"https:\/\/diarioprincipios.com\/index.php\/wp-json\/wp\/v2\/users\/2"}],"replies":[{"embeddable":true,"href":"https:\/\/diarioprincipios.com\/index.php\/wp-json\/wp\/v2\/comments?post=21956"}],"version-history":[{"count":1,"href":"https:\/\/diarioprincipios.com\/index.php\/wp-json\/wp\/v2\/posts\/21956\/revisions"}],"predecessor-version":[{"id":21958,"href":"https:\/\/diarioprincipios.com\/index.php\/wp-json\/wp\/v2\/posts\/21956\/revisions\/21958"}],"wp:featuredmedia":[{"embeddable":true,"href":"https:\/\/diarioprincipios.com\/index.php\/wp-json\/wp\/v2\/media\/21957"}],"wp:attachment":[{"href":"https:\/\/diarioprincipios.com\/index.php\/wp-json\/wp\/v2\/media?parent=21956"}],"wp:term":[{"taxonomy":"category","embeddable":true,"href":"https:\/\/diarioprincipios.com\/index.php\/wp-json\/wp\/v2\/categories?post=21956"},{"taxonomy":"post_tag","embeddable":true,"href":"https:\/\/diarioprincipios.com\/index.php\/wp-json\/wp\/v2\/tags?post=21956"}],"curies":[{"name":"wp","href":"https:\/\/api.w.org\/{rel}","templated":true}]}}