{"id":21944,"date":"2024-05-21T15:29:10","date_gmt":"2024-05-21T18:29:10","guid":{"rendered":"http:\/\/diarioprincipios.com\/?p=21944"},"modified":"2024-05-21T16:17:56","modified_gmt":"2024-05-21T19:17:56","slug":"instituciones-de-gutierrez-reclaman-que-no-se-cierre-la-sucursal-local-del-correo","status":"publish","type":"post","link":"https:\/\/diarioprincipios.com\/index.php\/2024\/05\/21\/instituciones-de-gutierrez-reclaman-que-no-se-cierre-la-sucursal-local-del-correo\/","title":{"rendered":"Instituciones de J.M. Guti\u00e9rrez autoconvocadas tras el cierre de Correo Argentino"},"content":{"rendered":"\n<p>El Gobierno nacional cerr\u00f3 repentinamente un servicio esencial para la comunidad<\/p>\n\n\n\n<p>Sectores representativos de la localidad de Juan Mar\u00eda Guti\u00e9rrez manifestaron su preocupaci\u00f3n tras el cierre repentino de la sucursal de Correo Argentino que se encontraba en la calle 455 y 413 y que fue desmantelada por el actual Gobierno nacional. En este sentido, tambi\u00e9n elevaron un petitorio a los concejales del Partido Justicialista, que se acercaron por directivas del intendente Juan Jos\u00e9 Mussi, para ponerse a disposici\u00f3n de la comunidad y que el Honorable Concejo Deliberante local trate el tema en la pr\u00f3xima sesi\u00f3n. Aunando as\u00ed fuerzas para que se restituya este espacio ic\u00f3nico de la localidad y que brindaba un servicio esencial para los vecinos de la zona.<\/p>\n\n\n\n<figure class=\"wp-block-image size-large\"><img loading=\"lazy\" decoding=\"async\" width=\"1024\" height=\"682\" src=\"https:\/\/diarioprincipios.com\/wp-content\/uploads\/2024\/05\/IMG-20240521-WA0037-1024x682.jpg\" alt=\"\" class=\"wp-image-21951\" srcset=\"https:\/\/diarioprincipios.com\/wp-content\/uploads\/2024\/05\/IMG-20240521-WA0037-1024x682.jpg 1024w, https:\/\/diarioprincipios.com\/wp-content\/uploads\/2024\/05\/IMG-20240521-WA0037-300x200.jpg 300w, https:\/\/diarioprincipios.com\/wp-content\/uploads\/2024\/05\/IMG-20240521-WA0037-768x512.jpg 768w, https:\/\/diarioprincipios.com\/wp-content\/uploads\/2024\/05\/IMG-20240521-WA0037-1536x1023.jpg 1536w, https:\/\/diarioprincipios.com\/wp-content\/uploads\/2024\/05\/IMG-20240521-WA0037-820x545.jpg 820w, https:\/\/diarioprincipios.com\/wp-content\/uploads\/2024\/05\/IMG-20240521-WA0037-600x400.jpg 600w, https:\/\/diarioprincipios.com\/wp-content\/uploads\/2024\/05\/IMG-20240521-WA0037.jpg 1600w\" sizes=\"auto, (max-width: 1024px) 100vw, 1024px\" \/><\/figure>\n\n\n\n<p>Entre las instituciones firmantes se encuentran: el Centro Comercial, Industrial y Profesional de Guti\u00e9rrez; el Polideportivo N\u00b0 3; la Asociaci\u00f3n Deportiva Juan Mar\u00eda Guti\u00e9rrez; el Club Social, Deportivo y Cultural 1\u00b0 de Septiembre; la Sociedad de Fomento Barrio Las Hermanas; la Asociaci\u00f3n El Porvenir y los establecimientos educativos de la zona. Asimismo, desde el Bloque Justicialista del Concejo Deliberante afirmaron que van a organizar una sesi\u00f3n especial para que se trate exclusivamente este tema a la brevedad.<\/p>\n\n\n\n<figure class=\"wp-block-image size-large\"><img loading=\"lazy\" decoding=\"async\" width=\"1024\" height=\"682\" src=\"https:\/\/diarioprincipios.com\/wp-content\/uploads\/2024\/05\/IMG-20240521-WA0028-1-1024x682.jpg\" alt=\"\" class=\"wp-image-21952\" srcset=\"https:\/\/diarioprincipios.com\/wp-content\/uploads\/2024\/05\/IMG-20240521-WA0028-1-1024x682.jpg 1024w, https:\/\/diarioprincipios.com\/wp-content\/uploads\/2024\/05\/IMG-20240521-WA0028-1-300x200.jpg 300w, https:\/\/diarioprincipios.com\/wp-content\/uploads\/2024\/05\/IMG-20240521-WA0028-1-768x512.jpg 768w, https:\/\/diarioprincipios.com\/wp-content\/uploads\/2024\/05\/IMG-20240521-WA0028-1-1536x1023.jpg 1536w, https:\/\/diarioprincipios.com\/wp-content\/uploads\/2024\/05\/IMG-20240521-WA0028-1-820x545.jpg 820w, https:\/\/diarioprincipios.com\/wp-content\/uploads\/2024\/05\/IMG-20240521-WA0028-1-600x400.jpg 600w, https:\/\/diarioprincipios.com\/wp-content\/uploads\/2024\/05\/IMG-20240521-WA0028-1.jpg 1600w\" sizes=\"auto, (max-width: 1024px) 100vw, 1024px\" \/><\/figure>\n\n\n\n<p>Al respecto, la presidenta del Centro Comercial, Industrial y Profesional de Guti\u00e9rrez, Mariel Mazza, indic\u00f3: \u201cEn el \u00faltimo tiempo ven\u00edamos observando que le iban sacando cada vez m\u00e1s recursos y servicios, y que la prestaci\u00f3n ya no era la misma. Es una p\u00e9rdida grande no tener el Correo, un espacio por el que hab\u00edamos luchado durante mucho tiempo y que utilizaba una gran cantidad de vecinos. Para colmo, nos comunicaron que las encomiendas tenemos que ir a buscarlas a El Pato o Florencio Varela, lo que representa un gran perjuicio. Estoy convencida de que tenemos que concientizar a la mayor cantidad de vecinos sobre este tema, porque el Gobierno est\u00e1 desmereciendo todo el trabajo que hacemos las instituciones\u201d<\/p>\n","protected":false},"excerpt":{"rendered":"<p>El Gobierno nacional cerr\u00f3 repentinamente un servicio esencial para la comunidad Sectores representativos de la localidad de Juan Mar\u00eda Guti\u00e9rrez manifestaron su preocupaci\u00f3n tras el cierre repentino de la sucursal de Correo Argentino que se encontraba en la calle 455 y 413 y que fue desmantelada por el actual Gobierno nacional. En este sentido, tambi\u00e9n&#8230;<\/p>\n","protected":false},"author":2,"featured_media":21948,"comment_status":"open","ping_status":"open","sticky":false,"template":"","format":"standard","meta":{"footnotes":""},"categories":[3],"tags":[],"class_list":["post-21944","post","type-post","status-publish","format-standard","has-post-thumbnail","hentry","category-berazategui"],"featured_image_src":"https:\/\/diarioprincipios.com\/wp-content\/uploads\/2024\/05\/IMG-20240521-WA0027-1024x683.jpg","blog_images":{"medium":"https:\/\/diarioprincipios.com\/wp-content\/uploads\/2024\/05\/IMG-20240521-WA0027-300x200.jpg","large":"https:\/\/diarioprincipios.com\/wp-content\/uploads\/2024\/05\/IMG-20240521-WA0027-1024x683.jpg"},"ams_acf":[],"yoast_head":"<!-- This site is optimized with the Yoast SEO plugin v27.3 - https:\/\/yoast.com\/product\/yoast-seo-wordpress\/ -->\n<title>Instituciones de J.M. Guti\u00e9rrez autoconvocadas tras el cierre de Correo Argentino - Principios<\/title>\n<meta name=\"robots\" content=\"index, follow, max-snippet:-1, max-image-preview:large, max-video-preview:-1\" \/>\n<link rel=\"canonical\" href=\"https:\/\/diarioprincipios.com\/index.php\/2024\/05\/21\/instituciones-de-gutierrez-reclaman-que-no-se-cierre-la-sucursal-local-del-correo\/\" \/>\n<meta property=\"og:locale\" content=\"es_ES\" \/>\n<meta property=\"og:type\" content=\"article\" \/>\n<meta property=\"og:title\" content=\"Instituciones de J.M. Guti\u00e9rrez autoconvocadas tras el cierre de Correo Argentino - Principios\" \/>\n<meta property=\"og:description\" content=\"El Gobierno nacional cerr\u00f3 repentinamente un servicio esencial para la comunidad Sectores representativos de la localidad de Juan Mar\u00eda Guti\u00e9rrez manifestaron su preocupaci\u00f3n tras el cierre repentino de la sucursal de Correo Argentino que se encontraba en la calle 455 y 413 y que fue desmantelada por el actual Gobierno nacional. En este sentido, tambi\u00e9n...\" \/>\n<meta property=\"og:url\" content=\"https:\/\/diarioprincipios.com\/index.php\/2024\/05\/21\/instituciones-de-gutierrez-reclaman-que-no-se-cierre-la-sucursal-local-del-correo\/\" \/>\n<meta property=\"og:site_name\" content=\"Principios\" \/>\n<meta property=\"article:published_time\" content=\"2024-05-21T18:29:10+00:00\" \/>\n<meta property=\"article:modified_time\" content=\"2024-05-21T19:17:56+00:00\" \/>\n<meta property=\"og:image\" content=\"https:\/\/diarioprincipios.com\/wp-content\/uploads\/2024\/05\/IMG-20240521-WA0027.jpg\" \/>\n\t<meta property=\"og:image:width\" content=\"1600\" \/>\n\t<meta property=\"og:image:height\" content=\"1067\" \/>\n\t<meta property=\"og:image:type\" content=\"image\/jpeg\" \/>\n<meta name=\"author\" content=\"Hern\u00e1n L\u00f3pez\" \/>\n<meta name=\"twitter:card\" content=\"summary_large_image\" \/>\n<meta name=\"twitter:label1\" content=\"Escrito por\" \/>\n\t<meta name=\"twitter:data1\" content=\"Hern\u00e1n L\u00f3pez\" \/>\n\t<meta name=\"twitter:label2\" content=\"Tiempo de lectura\" \/>\n\t<meta name=\"twitter:data2\" content=\"3 minutos\" \/>\n<script type=\"application\/ld+json\" class=\"yoast-schema-graph\">{\"@context\":\"https:\\\/\\\/schema.org\",\"@graph\":[{\"@type\":\"Article\",\"@id\":\"https:\\\/\\\/diarioprincipios.com\\\/index.php\\\/2024\\\/05\\\/21\\\/instituciones-de-gutierrez-reclaman-que-no-se-cierre-la-sucursal-local-del-correo\\\/#article\",\"isPartOf\":{\"@id\":\"https:\\\/\\\/diarioprincipios.com\\\/index.php\\\/2024\\\/05\\\/21\\\/instituciones-de-gutierrez-reclaman-que-no-se-cierre-la-sucursal-local-del-correo\\\/\"},\"author\":{\"name\":\"Hern\u00e1n L\u00f3pez\",\"@id\":\"https:\\\/\\\/diarioprincipios.com\\\/#\\\/schema\\\/person\\\/436d5a1fd41a5e250e23ff5a6a7cb080\"},\"headline\":\"Instituciones de J.M. Guti\u00e9rrez autoconvocadas tras el cierre de Correo Argentino\",\"datePublished\":\"2024-05-21T18:29:10+00:00\",\"dateModified\":\"2024-05-21T19:17:56+00:00\",\"mainEntityOfPage\":{\"@id\":\"https:\\\/\\\/diarioprincipios.com\\\/index.php\\\/2024\\\/05\\\/21\\\/instituciones-de-gutierrez-reclaman-que-no-se-cierre-la-sucursal-local-del-correo\\\/\"},\"wordCount\":344,\"commentCount\":0,\"publisher\":{\"@id\":\"https:\\\/\\\/diarioprincipios.com\\\/#organization\"},\"image\":{\"@id\":\"https:\\\/\\\/diarioprincipios.com\\\/index.php\\\/2024\\\/05\\\/21\\\/instituciones-de-gutierrez-reclaman-que-no-se-cierre-la-sucursal-local-del-correo\\\/#primaryimage\"},\"thumbnailUrl\":\"https:\\\/\\\/diarioprincipios.com\\\/wp-content\\\/uploads\\\/2024\\\/05\\\/IMG-20240521-WA0027.jpg\",\"articleSection\":[\"Berazategui\"],\"inLanguage\":\"es\",\"potentialAction\":[{\"@type\":\"CommentAction\",\"name\":\"Comment\",\"target\":[\"https:\\\/\\\/diarioprincipios.com\\\/index.php\\\/2024\\\/05\\\/21\\\/instituciones-de-gutierrez-reclaman-que-no-se-cierre-la-sucursal-local-del-correo\\\/#respond\"]}]},{\"@type\":\"WebPage\",\"@id\":\"https:\\\/\\\/diarioprincipios.com\\\/index.php\\\/2024\\\/05\\\/21\\\/instituciones-de-gutierrez-reclaman-que-no-se-cierre-la-sucursal-local-del-correo\\\/\",\"url\":\"https:\\\/\\\/diarioprincipios.com\\\/index.php\\\/2024\\\/05\\\/21\\\/instituciones-de-gutierrez-reclaman-que-no-se-cierre-la-sucursal-local-del-correo\\\/\",\"name\":\"Instituciones de J.M. Guti\u00e9rrez autoconvocadas tras el cierre de Correo Argentino - Principios\",\"isPartOf\":{\"@id\":\"https:\\\/\\\/diarioprincipios.com\\\/#website\"},\"primaryImageOfPage\":{\"@id\":\"https:\\\/\\\/diarioprincipios.com\\\/index.php\\\/2024\\\/05\\\/21\\\/instituciones-de-gutierrez-reclaman-que-no-se-cierre-la-sucursal-local-del-correo\\\/#primaryimage\"},\"image\":{\"@id\":\"https:\\\/\\\/diarioprincipios.com\\\/index.php\\\/2024\\\/05\\\/21\\\/instituciones-de-gutierrez-reclaman-que-no-se-cierre-la-sucursal-local-del-correo\\\/#primaryimage\"},\"thumbnailUrl\":\"https:\\\/\\\/diarioprincipios.com\\\/wp-content\\\/uploads\\\/2024\\\/05\\\/IMG-20240521-WA0027.jpg\",\"datePublished\":\"2024-05-21T18:29:10+00:00\",\"dateModified\":\"2024-05-21T19:17:56+00:00\",\"breadcrumb\":{\"@id\":\"https:\\\/\\\/diarioprincipios.com\\\/index.php\\\/2024\\\/05\\\/21\\\/instituciones-de-gutierrez-reclaman-que-no-se-cierre-la-sucursal-local-del-correo\\\/#breadcrumb\"},\"inLanguage\":\"es\",\"potentialAction\":[{\"@type\":\"ReadAction\",\"target\":[\"https:\\\/\\\/diarioprincipios.com\\\/index.php\\\/2024\\\/05\\\/21\\\/instituciones-de-gutierrez-reclaman-que-no-se-cierre-la-sucursal-local-del-correo\\\/\"]}]},{\"@type\":\"ImageObject\",\"inLanguage\":\"es\",\"@id\":\"https:\\\/\\\/diarioprincipios.com\\\/index.php\\\/2024\\\/05\\\/21\\\/instituciones-de-gutierrez-reclaman-que-no-se-cierre-la-sucursal-local-del-correo\\\/#primaryimage\",\"url\":\"https:\\\/\\\/diarioprincipios.com\\\/wp-content\\\/uploads\\\/2024\\\/05\\\/IMG-20240521-WA0027.jpg\",\"contentUrl\":\"https:\\\/\\\/diarioprincipios.com\\\/wp-content\\\/uploads\\\/2024\\\/05\\\/IMG-20240521-WA0027.jpg\",\"width\":1600,\"height\":1067},{\"@type\":\"BreadcrumbList\",\"@id\":\"https:\\\/\\\/diarioprincipios.com\\\/index.php\\\/2024\\\/05\\\/21\\\/instituciones-de-gutierrez-reclaman-que-no-se-cierre-la-sucursal-local-del-correo\\\/#breadcrumb\",\"itemListElement\":[{\"@type\":\"ListItem\",\"position\":1,\"name\":\"Portada\",\"item\":\"https:\\\/\\\/diarioprincipios.com\\\/\"},{\"@type\":\"ListItem\",\"position\":2,\"name\":\"Instituciones de J.M. Guti\u00e9rrez autoconvocadas tras el cierre de Correo Argentino\"}]},{\"@type\":\"WebSite\",\"@id\":\"https:\\\/\\\/diarioprincipios.com\\\/#website\",\"url\":\"https:\\\/\\\/diarioprincipios.com\\\/\",\"name\":\"Principios\",\"description\":\"Principios Diario\",\"publisher\":{\"@id\":\"https:\\\/\\\/diarioprincipios.com\\\/#organization\"},\"potentialAction\":[{\"@type\":\"SearchAction\",\"target\":{\"@type\":\"EntryPoint\",\"urlTemplate\":\"https:\\\/\\\/diarioprincipios.com\\\/?s={search_term_string}\"},\"query-input\":{\"@type\":\"PropertyValueSpecification\",\"valueRequired\":true,\"valueName\":\"search_term_string\"}}],\"inLanguage\":\"es\"},{\"@type\":\"Organization\",\"@id\":\"https:\\\/\\\/diarioprincipios.com\\\/#organization\",\"name\":\"Principios\",\"url\":\"https:\\\/\\\/diarioprincipios.com\\\/\",\"logo\":{\"@type\":\"ImageObject\",\"inLanguage\":\"es\",\"@id\":\"https:\\\/\\\/diarioprincipios.com\\\/#\\\/schema\\\/logo\\\/image\\\/\",\"url\":\"https:\\\/\\\/diarioprincipios.com\\\/wp-content\\\/uploads\\\/2024\\\/04\\\/cropped-www.diarioprincipios.com_-1.png\",\"contentUrl\":\"https:\\\/\\\/diarioprincipios.com\\\/wp-content\\\/uploads\\\/2024\\\/04\\\/cropped-www.diarioprincipios.com_-1.png\",\"width\":5325,\"height\":1454,\"caption\":\"Principios\"},\"image\":{\"@id\":\"https:\\\/\\\/diarioprincipios.com\\\/#\\\/schema\\\/logo\\\/image\\\/\"}},{\"@type\":\"Person\",\"@id\":\"https:\\\/\\\/diarioprincipios.com\\\/#\\\/schema\\\/person\\\/436d5a1fd41a5e250e23ff5a6a7cb080\",\"name\":\"Hern\u00e1n L\u00f3pez\",\"image\":{\"@type\":\"ImageObject\",\"inLanguage\":\"es\",\"@id\":\"https:\\\/\\\/diarioprincipios.com\\\/wp-content\\\/litespeed\\\/avatar\\\/11ddfe5610ff3bd100522525b2571f48.jpg?ver=1777653193\",\"url\":\"https:\\\/\\\/diarioprincipios.com\\\/wp-content\\\/litespeed\\\/avatar\\\/11ddfe5610ff3bd100522525b2571f48.jpg?ver=1777653193\",\"contentUrl\":\"https:\\\/\\\/diarioprincipios.com\\\/wp-content\\\/litespeed\\\/avatar\\\/11ddfe5610ff3bd100522525b2571f48.jpg?ver=1777653193\",\"caption\":\"Hern\u00e1n L\u00f3pez\"},\"url\":\"https:\\\/\\\/diarioprincipios.com\\\/index.php\\\/author\\\/hernan\\\/\"}]}<\/script>\n<!-- \/ Yoast SEO plugin. -->","yoast_head_json":{"title":"Instituciones de J.M. Guti\u00e9rrez autoconvocadas tras el cierre de Correo Argentino - Principios","robots":{"index":"index","follow":"follow","max-snippet":"max-snippet:-1","max-image-preview":"max-image-preview:large","max-video-preview":"max-video-preview:-1"},"canonical":"https:\/\/diarioprincipios.com\/index.php\/2024\/05\/21\/instituciones-de-gutierrez-reclaman-que-no-se-cierre-la-sucursal-local-del-correo\/","og_locale":"es_ES","og_type":"article","og_title":"Instituciones de J.M. Guti\u00e9rrez autoconvocadas tras el cierre de Correo Argentino - Principios","og_description":"El Gobierno nacional cerr\u00f3 repentinamente un servicio esencial para la comunidad Sectores representativos de la localidad de Juan Mar\u00eda Guti\u00e9rrez manifestaron su preocupaci\u00f3n tras el cierre repentino de la sucursal de Correo Argentino que se encontraba en la calle 455 y 413 y que fue desmantelada por el actual Gobierno nacional. En este sentido, tambi\u00e9n...","og_url":"https:\/\/diarioprincipios.com\/index.php\/2024\/05\/21\/instituciones-de-gutierrez-reclaman-que-no-se-cierre-la-sucursal-local-del-correo\/","og_site_name":"Principios","article_published_time":"2024-05-21T18:29:10+00:00","article_modified_time":"2024-05-21T19:17:56+00:00","og_image":[{"width":1600,"height":1067,"url":"https:\/\/diarioprincipios.com\/wp-content\/uploads\/2024\/05\/IMG-20240521-WA0027.jpg","type":"image\/jpeg"}],"author":"Hern\u00e1n L\u00f3pez","twitter_card":"summary_large_image","twitter_misc":{"Escrito por":"Hern\u00e1n L\u00f3pez","Tiempo de lectura":"3 minutos"},"schema":{"@context":"https:\/\/schema.org","@graph":[{"@type":"Article","@id":"https:\/\/diarioprincipios.com\/index.php\/2024\/05\/21\/instituciones-de-gutierrez-reclaman-que-no-se-cierre-la-sucursal-local-del-correo\/#article","isPartOf":{"@id":"https:\/\/diarioprincipios.com\/index.php\/2024\/05\/21\/instituciones-de-gutierrez-reclaman-que-no-se-cierre-la-sucursal-local-del-correo\/"},"author":{"name":"Hern\u00e1n L\u00f3pez","@id":"https:\/\/diarioprincipios.com\/#\/schema\/person\/436d5a1fd41a5e250e23ff5a6a7cb080"},"headline":"Instituciones de J.M. Guti\u00e9rrez autoconvocadas tras el cierre de Correo Argentino","datePublished":"2024-05-21T18:29:10+00:00","dateModified":"2024-05-21T19:17:56+00:00","mainEntityOfPage":{"@id":"https:\/\/diarioprincipios.com\/index.php\/2024\/05\/21\/instituciones-de-gutierrez-reclaman-que-no-se-cierre-la-sucursal-local-del-correo\/"},"wordCount":344,"commentCount":0,"publisher":{"@id":"https:\/\/diarioprincipios.com\/#organization"},"image":{"@id":"https:\/\/diarioprincipios.com\/index.php\/2024\/05\/21\/instituciones-de-gutierrez-reclaman-que-no-se-cierre-la-sucursal-local-del-correo\/#primaryimage"},"thumbnailUrl":"https:\/\/diarioprincipios.com\/wp-content\/uploads\/2024\/05\/IMG-20240521-WA0027.jpg","articleSection":["Berazategui"],"inLanguage":"es","potentialAction":[{"@type":"CommentAction","name":"Comment","target":["https:\/\/diarioprincipios.com\/index.php\/2024\/05\/21\/instituciones-de-gutierrez-reclaman-que-no-se-cierre-la-sucursal-local-del-correo\/#respond"]}]},{"@type":"WebPage","@id":"https:\/\/diarioprincipios.com\/index.php\/2024\/05\/21\/instituciones-de-gutierrez-reclaman-que-no-se-cierre-la-sucursal-local-del-correo\/","url":"https:\/\/diarioprincipios.com\/index.php\/2024\/05\/21\/instituciones-de-gutierrez-reclaman-que-no-se-cierre-la-sucursal-local-del-correo\/","name":"Instituciones de J.M. Guti\u00e9rrez autoconvocadas tras el cierre de Correo Argentino - Principios","isPartOf":{"@id":"https:\/\/diarioprincipios.com\/#website"},"primaryImageOfPage":{"@id":"https:\/\/diarioprincipios.com\/index.php\/2024\/05\/21\/instituciones-de-gutierrez-reclaman-que-no-se-cierre-la-sucursal-local-del-correo\/#primaryimage"},"image":{"@id":"https:\/\/diarioprincipios.com\/index.php\/2024\/05\/21\/instituciones-de-gutierrez-reclaman-que-no-se-cierre-la-sucursal-local-del-correo\/#primaryimage"},"thumbnailUrl":"https:\/\/diarioprincipios.com\/wp-content\/uploads\/2024\/05\/IMG-20240521-WA0027.jpg","datePublished":"2024-05-21T18:29:10+00:00","dateModified":"2024-05-21T19:17:56+00:00","breadcrumb":{"@id":"https:\/\/diarioprincipios.com\/index.php\/2024\/05\/21\/instituciones-de-gutierrez-reclaman-que-no-se-cierre-la-sucursal-local-del-correo\/#breadcrumb"},"inLanguage":"es","potentialAction":[{"@type":"ReadAction","target":["https:\/\/diarioprincipios.com\/index.php\/2024\/05\/21\/instituciones-de-gutierrez-reclaman-que-no-se-cierre-la-sucursal-local-del-correo\/"]}]},{"@type":"ImageObject","inLanguage":"es","@id":"https:\/\/diarioprincipios.com\/index.php\/2024\/05\/21\/instituciones-de-gutierrez-reclaman-que-no-se-cierre-la-sucursal-local-del-correo\/#primaryimage","url":"https:\/\/diarioprincipios.com\/wp-content\/uploads\/2024\/05\/IMG-20240521-WA0027.jpg","contentUrl":"https:\/\/diarioprincipios.com\/wp-content\/uploads\/2024\/05\/IMG-20240521-WA0027.jpg","width":1600,"height":1067},{"@type":"BreadcrumbList","@id":"https:\/\/diarioprincipios.com\/index.php\/2024\/05\/21\/instituciones-de-gutierrez-reclaman-que-no-se-cierre-la-sucursal-local-del-correo\/#breadcrumb","itemListElement":[{"@type":"ListItem","position":1,"name":"Portada","item":"https:\/\/diarioprincipios.com\/"},{"@type":"ListItem","position":2,"name":"Instituciones de J.M. Guti\u00e9rrez autoconvocadas tras el cierre de Correo Argentino"}]},{"@type":"WebSite","@id":"https:\/\/diarioprincipios.com\/#website","url":"https:\/\/diarioprincipios.com\/","name":"Principios","description":"Principios Diario","publisher":{"@id":"https:\/\/diarioprincipios.com\/#organization"},"potentialAction":[{"@type":"SearchAction","target":{"@type":"EntryPoint","urlTemplate":"https:\/\/diarioprincipios.com\/?s={search_term_string}"},"query-input":{"@type":"PropertyValueSpecification","valueRequired":true,"valueName":"search_term_string"}}],"inLanguage":"es"},{"@type":"Organization","@id":"https:\/\/diarioprincipios.com\/#organization","name":"Principios","url":"https:\/\/diarioprincipios.com\/","logo":{"@type":"ImageObject","inLanguage":"es","@id":"https:\/\/diarioprincipios.com\/#\/schema\/logo\/image\/","url":"https:\/\/diarioprincipios.com\/wp-content\/uploads\/2024\/04\/cropped-www.diarioprincipios.com_-1.png","contentUrl":"https:\/\/diarioprincipios.com\/wp-content\/uploads\/2024\/04\/cropped-www.diarioprincipios.com_-1.png","width":5325,"height":1454,"caption":"Principios"},"image":{"@id":"https:\/\/diarioprincipios.com\/#\/schema\/logo\/image\/"}},{"@type":"Person","@id":"https:\/\/diarioprincipios.com\/#\/schema\/person\/436d5a1fd41a5e250e23ff5a6a7cb080","name":"Hern\u00e1n L\u00f3pez","image":{"@type":"ImageObject","inLanguage":"es","@id":"https:\/\/diarioprincipios.com\/wp-content\/litespeed\/avatar\/11ddfe5610ff3bd100522525b2571f48.jpg?ver=1777653193","url":"https:\/\/diarioprincipios.com\/wp-content\/litespeed\/avatar\/11ddfe5610ff3bd100522525b2571f48.jpg?ver=1777653193","contentUrl":"https:\/\/diarioprincipios.com\/wp-content\/litespeed\/avatar\/11ddfe5610ff3bd100522525b2571f48.jpg?ver=1777653193","caption":"Hern\u00e1n L\u00f3pez"},"url":"https:\/\/diarioprincipios.com\/index.php\/author\/hernan\/"}]}},"jetpack_featured_media_url":"https:\/\/diarioprincipios.com\/wp-content\/uploads\/2024\/05\/IMG-20240521-WA0027.jpg","_links":{"self":[{"href":"https:\/\/diarioprincipios.com\/index.php\/wp-json\/wp\/v2\/posts\/21944","targetHints":{"allow":["GET"]}}],"collection":[{"href":"https:\/\/diarioprincipios.com\/index.php\/wp-json\/wp\/v2\/posts"}],"about":[{"href":"https:\/\/diarioprincipios.com\/index.php\/wp-json\/wp\/v2\/types\/post"}],"author":[{"embeddable":true,"href":"https:\/\/diarioprincipios.com\/index.php\/wp-json\/wp\/v2\/users\/2"}],"replies":[{"embeddable":true,"href":"https:\/\/diarioprincipios.com\/index.php\/wp-json\/wp\/v2\/comments?post=21944"}],"version-history":[{"count":3,"href":"https:\/\/diarioprincipios.com\/index.php\/wp-json\/wp\/v2\/posts\/21944\/revisions"}],"predecessor-version":[{"id":21955,"href":"https:\/\/diarioprincipios.com\/index.php\/wp-json\/wp\/v2\/posts\/21944\/revisions\/21955"}],"wp:featuredmedia":[{"embeddable":true,"href":"https:\/\/diarioprincipios.com\/index.php\/wp-json\/wp\/v2\/media\/21948"}],"wp:attachment":[{"href":"https:\/\/diarioprincipios.com\/index.php\/wp-json\/wp\/v2\/media?parent=21944"}],"wp:term":[{"taxonomy":"category","embeddable":true,"href":"https:\/\/diarioprincipios.com\/index.php\/wp-json\/wp\/v2\/categories?post=21944"},{"taxonomy":"post_tag","embeddable":true,"href":"https:\/\/diarioprincipios.com\/index.php\/wp-json\/wp\/v2\/tags?post=21944"}],"curies":[{"name":"wp","href":"https:\/\/api.w.org\/{rel}","templated":true}]}}